{"id":34895,"date":"2024-06-03T08:43:34","date_gmt":"2024-06-03T06:43:34","guid":{"rendered":"https:\/\/permakultur-landwirtschaft.org\/?p=34895"},"modified":"2024-06-03T08:46:06","modified_gmt":"2024-06-03T06:46:06","slug":"austausch-und-inspirationstag-im-bachsermaert-in-bachs-zh-anlass-am-14-juni-2024","status":"publish","type":"post","link":"https:\/\/permakultur-landwirtschaft.org\/fr\/austausch-und-inspirationstag-im-bachsermaert-in-bachs-zh-anlass-am-14-juni-2024\/","title":{"rendered":"Austausch und Inspirationstag im Bachserm\u00e4rt in Bachs ZH &#8211; Anlass am 14. Juni 2024"},"content":{"rendered":"<div data-elementor-type=\"wp-post\" data-elementor-id=\"34895\" class=\"elementor elementor-34895\" data-elementor-post-type=\"post\">\n\t\t\t\t<div class=\"elementor-element elementor-element-408c0f27 e-flex e-con-boxed e-con e-parent\" data-id=\"408c0f27\" data-element_type=\"container\" data-e-type=\"container\">\n\t\t\t\t\t<div class=\"e-con-inner\">\n\t\t\t\t<div class=\"elementor-element elementor-element-3819c178 elementor-widget elementor-widget-text-editor\" data-id=\"3819c178\" data-element_type=\"widget\" data-e-type=\"widget\" data-widget_type=\"text-editor.default\">\n\t\t\t\t<div class=\"elementor-widget-container\">\n\t\t\t\t\t\t\t\t\t\n<p>Text von www.planofuturo.ch:<\/p>\n\n<p id=\"viewer-y38gy1116\"><a href=\"https:\/\/www.bachsermaert.ch\" target=\"_blank\" rel=\"noreferrer noopener\"><u>BachserM\u00e4rt<\/u><\/a> ist Drehscheibe eines regionalen Lebensmittelnetzwerks mit Ursprung im landwirtschaftlich gepr\u00e4gten Bachsertal im Z\u00fcrcher Unterland. Seit der Gr\u00fcndung 2008 ist das Netzwerk stets gewachsen und umfasst nun mehr als hundert Produzent*innen in und um Z\u00fcrich: Bauernh\u00f6fe, Imker, Getreidem\u00fchlen, B\u00e4ckereien, Brauereien, K\u00e4sereien, Wurstereien, Schokolademanufakturen und kleine urbane Produktionsk\u00fcchen.<\/p>\n\n<p id=\"viewer-hgtf01066\">Isabelle Egender, die bei Planofuturo im Lernfeld unterwegs ist zur Permakultur-Designerin, bietet am Freitag, 14. Juni im Bachserm\u00e4rt in Bachs (ZH) einen vielf\u00e4ltigen Inspirations- und Austauschtag an. Auf dem Programm stehen unter anderem ein vielf\u00e4ltiger Einblick in das Konzept und ins Netzwerk des Bachserm\u00e4rt, die BesucherInnen lernen den Laden in Bachs kennen und besuchen den Demeterhof R\u00fcebisberg, welcher den Bachserm\u00e4rt mit hochwertigen Lebensmitteln versorgt.<\/p>\n\n<p id=\"viewer-th8913438\">Der Anlass ist kostenlose, einzig f\u00fcr das Mittagessen wird ein Unkostenbeitrag erhoben. Isabelle Egender freut sich auf zahlreiche Anmeldungen bis am 7. Juni auf <a href=\"mailto:isa.egender@gmail.com\" target=\"_blank\" rel=\"noreferrer noopener\"><u>isa.egender@gmail.com<\/u><\/a><\/p>\n\n<figure class=\"wp-block-image size-medium\"><a href=\"https:\/\/permakultur-landwirtschaft.org\/wp-content\/uploads\/2024\/06\/af82f2_9953c24ac17340e59db9e9d0a733abecmv2.webp\"><img fetchpriority=\"high\" decoding=\"async\" width=\"212\" height=\"300\" class=\"wp-image-34896\" src=\"https:\/\/permakultur-landwirtschaft.org\/wp-content\/uploads\/2024\/06\/af82f2_9953c24ac17340e59db9e9d0a733abecmv2-212x300.webp\" alt=\"\" srcset=\"https:\/\/permakultur-landwirtschaft.org\/wp-content\/uploads\/2024\/06\/af82f2_9953c24ac17340e59db9e9d0a733abecmv2-212x300.webp 212w, https:\/\/permakultur-landwirtschaft.org\/wp-content\/uploads\/2024\/06\/af82f2_9953c24ac17340e59db9e9d0a733abecmv2-724x1024.webp 724w, https:\/\/permakultur-landwirtschaft.org\/wp-content\/uploads\/2024\/06\/af82f2_9953c24ac17340e59db9e9d0a733abecmv2.webp 740w\" sizes=\"(max-width: 212px) 100vw, 212px\" \/><\/a><\/figure>\n\t\t\t\t\t\t\t\t<\/div>\n\t\t\t\t<\/div>\n\t\t\t\t<div class=\"elementor-element elementor-element-d040ce1 elementor-position-inline-start elementor-view-default elementor-mobile-position-block-start elementor-widget elementor-widget-icon-box\" data-id=\"d040ce1\" data-element_type=\"widget\" data-e-type=\"widget\" data-widget_type=\"icon-box.default\">\n\t\t\t\t<div class=\"elementor-widget-container\">\n\t\t\t\t\t\t\t<div class=\"elementor-icon-box-wrapper\">\n\n\t\t\t\t\t\t<div class=\"elementor-icon-box-icon\">\n\t\t\t\t<a href=\"https:\/\/www.planofuturo.ch\/post\/austausch-und-inspirationstag-im-bachserm%C3%A4rt-zh-am-freitag-14-juni-2024\" target=\"_blank\" class=\"elementor-icon\" tabindex=\"-1\" aria-label=\"Link zum Anlass\">\n\t\t\t\t<svg aria-hidden=\"true\" class=\"e-font-icon-svg e-fas-link\" viewbox=\"0 0 512 512\" xmlns=\"http:\/\/www.w3.org\/2000\/svg\"><path d=\"M326.612 185.391c59.747 59.809 58.927 155.698.36 214.59-.11.12-.24.25-.36.37l-67.2 67.2c-59.27 59.27-155.699 59.262-214.96 0-59.27-59.26-59.27-155.7 0-214.96l37.106-37.106c9.84-9.84 26.786-3.3 27.294 10.606.648 17.722 3.826 35.527 9.69 52.721 1.986 5.822.567 12.262-3.783 16.612l-13.087 13.087c-28.026 28.026-28.905 73.66-1.155 101.96 28.024 28.579 74.086 28.749 102.325.51l67.2-67.19c28.191-28.191 28.073-73.757 0-101.83-3.701-3.694-7.429-6.564-10.341-8.569a16.037 16.037 0 0 1-6.947-12.606c-.396-10.567 3.348-21.456 11.698-29.806l21.054-21.055c5.521-5.521 14.182-6.199 20.584-1.731a152.482 152.482 0 0 1 20.522 17.197zM467.547 44.449c-59.261-59.262-155.69-59.27-214.96 0l-67.2 67.2c-.12.12-.25.25-.36.37-58.566 58.892-59.387 154.781.36 214.59a152.454 152.454 0 0 0 20.521 17.196c6.402 4.468 15.064 3.789 20.584-1.731l21.054-21.055c8.35-8.35 12.094-19.239 11.698-29.806a16.037 16.037 0 0 0-6.947-12.606c-2.912-2.005-6.64-4.875-10.341-8.569-28.073-28.073-28.191-73.639 0-101.83l67.2-67.19c28.239-28.239 74.3-28.069 102.325.51 27.75 28.3 26.872 73.934-1.155 101.96l-13.087 13.087c-4.35 4.35-5.769 10.79-3.783 16.612 5.864 17.194 9.042 34.999 9.69 52.721.509 13.906 17.454 20.446 27.294 10.606l37.106-37.106c59.271-59.259 59.271-155.699.001-214.959z\"><\/path><\/svg>\t\t\t\t<\/a>\n\t\t\t<\/div>\n\t\t\t\n\t\t\t\t\t\t<div class=\"elementor-icon-box-content\">\n\n\t\t\t\t\t\t\t\t\t<span class=\"elementor-icon-box-title\">\n\t\t\t\t\t\t<a href=\"https:\/\/www.planofuturo.ch\/post\/austausch-und-inspirationstag-im-bachserm%C3%A4rt-zh-am-freitag-14-juni-2024\" target=\"_blank\" >\n\t\t\t\t\t\t\tLink zum Anlass\t\t\t\t\t\t<\/a>\n\t\t\t\t\t<\/span>\n\t\t\t\t\n\t\t\t\t\n\t\t\t<\/div>\n\t\t\t\n\t\t<\/div>\n\t\t\t\t\t\t<\/div>\n\t\t\t\t<\/div>\n\t\t\t\t<div class=\"elementor-element elementor-element-eba5636 elementor-widget elementor-widget-spacer\" data-id=\"eba5636\" data-element_type=\"widget\" data-e-type=\"widget\" data-widget_type=\"spacer.default\">\n\t\t\t\t<div class=\"elementor-widget-container\">\n\t\t\t\t\t\t\t<div class=\"elementor-spacer\">\n\t\t\t<div class=\"elementor-spacer-inner\"><\/div>\n\t\t<\/div>\n\t\t\t\t\t\t<\/div>\n\t\t\t\t<\/div>\n\t\t\t\t\t<\/div>\n\t\t\t\t<\/div>\n\t\t\t\t<\/div>","protected":false},"excerpt":{"rendered":"<p>Text von www.planofuturo.ch: BachserM\u00e4rt ist Drehscheibe eines regionalen Lebensmittelnetzwerks mit Ursprung im landwirtschaftlich gepr\u00e4gten Bachsertal im Z\u00fcrcher Unterland. Seit der Gr\u00fcndung 2008 ist das Netzwerk stets gewachsen und umfasst nun mehr als hundert Produzent*innen in und um Z\u00fcrich: Bauernh\u00f6fe, Imker, Getreidem\u00fchlen, B\u00e4ckereien, Brauereien, K\u00e4sereien, Wurstereien, Schokolademanufakturen und kleine urbane Produktionsk\u00fcchen. Isabelle Egender, die bei Planofuturo [&hellip;]<\/p>\n","protected":false},"author":2,"featured_media":34898,"comment_status":"closed","ping_status":"closed","sticky":false,"template":"elementor_theme","format":"standard","meta":{"_acf_changed":false,"site-sidebar-layout":"default","site-content-layout":"","ast-site-content-layout":"default","site-content-style":"default","site-sidebar-style":"default","ast-global-header-display":"","ast-banner-title-visibility":"","ast-main-header-display":"","ast-hfb-above-header-display":"","ast-hfb-below-header-display":"","ast-hfb-mobile-header-display":"","site-post-title":"","ast-breadcrumbs-content":"","ast-featured-img":"","footer-sml-layout":"","ast-disable-related-posts":"","theme-transparent-header-meta":"","adv-header-id-meta":"","stick-header-meta":"","header-above-stick-meta":"","header-main-stick-meta":"","header-below-stick-meta":"","astra-migrate-meta-layouts":"set","ast-page-background-enabled":"default","ast-page-background-meta":{"desktop":{"background-color":"var(--ast-global-color-4)","background-image":"","background-repeat":"repeat","background-position":"center center","background-size":"auto","background-attachment":"scroll","background-type":"","background-media":"","overlay-type":"","overlay-color":"","overlay-opacity":"","overlay-gradient":""},"tablet":{"background-color":"","background-image":"","background-repeat":"repeat","background-position":"center center","background-size":"auto","background-attachment":"scroll","background-type":"","background-media":"","overlay-type":"","overlay-color":"","overlay-opacity":"","overlay-gradient":""},"mobile":{"background-color":"","background-image":"","background-repeat":"repeat","background-position":"center center","background-size":"auto","background-attachment":"scroll","background-type":"","background-media":"","overlay-type":"","overlay-color":"","overlay-opacity":"","overlay-gradient":""}},"ast-content-background-meta":{"desktop":{"background-color":"var(--ast-global-color-5)","background-image":"","background-repeat":"repeat","background-position":"center center","background-size":"auto","background-attachment":"scroll","background-type":"","background-media":"","overlay-type":"","overlay-color":"","overlay-opacity":"","overlay-gradient":""},"tablet":{"background-color":"var(--ast-global-color-5)","background-image":"","background-repeat":"repeat","background-position":"center center","background-size":"auto","background-attachment":"scroll","background-type":"","background-media":"","overlay-type":"","overlay-color":"","overlay-opacity":"","overlay-gradient":""},"mobile":{"background-color":"var(--ast-global-color-5)","background-image":"","background-repeat":"repeat","background-position":"center center","background-size":"auto","background-attachment":"scroll","background-type":"","background-media":"","overlay-type":"","overlay-color":"","overlay-opacity":"","overlay-gradient":""}},"footnotes":""},"categories":[14],"tags":[145,346,268,347,17],"class_list":["post-34895","post","type-post","status-publish","format-standard","has-post-thumbnail","hentry","category-veranstaltung","tag-austausch","tag-bachsermaert","tag-demeter","tag-isabelle-egender","tag-permakultur"],"acf":[],"yoast_head":"<!-- This site is optimized with the Yoast SEO plugin v27.5 - https:\/\/yoast.com\/product\/yoast-seo-wordpress\/ -->\n<title>Austausch und Inspirationstag im Bachserm\u00e4rt in Bachs ZH - Anlass am 14. Juni 2024 - Permakultur-Landwirtschaft<\/title>\n<meta name=\"description\" content=\"Isabelle Egender, Permakultur-Designerin i.A., bietet einen vielf\u00e4ltigen Inspirations- und Austauschtag an\" \/>\n<meta name=\"robots\" content=\"index, follow, max-snippet:-1, max-image-preview:large, max-video-preview:-1\" \/>\n<link rel=\"canonical\" href=\"https:\/\/permakultur-landwirtschaft.org\/fr\/austausch-und-inspirationstag-im-bachsermaert-in-bachs-zh-anlass-am-14-juni-2024\/\" \/>\n<meta property=\"og:locale\" content=\"fr_FR\" \/>\n<meta property=\"og:type\" content=\"article\" \/>\n<meta property=\"og:title\" content=\"Austausch und Inspirationstag im Bachserm\u00e4rt in Bachs ZH - Anlass am 14. Juni 2024 - Permakultur-Landwirtschaft\" \/>\n<meta property=\"og:description\" content=\"Isabelle Egender, Permakultur-Designerin i.A., bietet einen vielf\u00e4ltigen Inspirations- und Austauschtag an\" \/>\n<meta property=\"og:url\" content=\"https:\/\/permakultur-landwirtschaft.org\/fr\/austausch-und-inspirationstag-im-bachsermaert-in-bachs-zh-anlass-am-14-juni-2024\/\" \/>\n<meta property=\"og:site_name\" content=\"Permakultur-Landwirtschaft\" \/>\n<meta property=\"article:publisher\" content=\"https:\/\/www.facebook.com\/PermakulturLandwirtschaft\" \/>\n<meta property=\"article:published_time\" content=\"2024-06-03T06:43:34+00:00\" \/>\n<meta property=\"article:modified_time\" content=\"2024-06-03T06:46:06+00:00\" \/>\n<meta property=\"og:image\" content=\"https:\/\/permakultur-landwirtschaft.org\/wp-content\/uploads\/2024\/06\/20240607_bachsermarkt_anlass.jpg\" \/>\n\t<meta property=\"og:image:width\" content=\"696\" \/>\n\t<meta property=\"og:image:height\" content=\"422\" \/>\n\t<meta property=\"og:image:type\" content=\"image\/jpeg\" \/>\n<meta name=\"author\" content=\"adrian reutimann\" \/>\n<meta name=\"twitter:card\" content=\"summary_large_image\" \/>\n<meta name=\"twitter:label1\" content=\"\u00c9crit par\" \/>\n\t<meta name=\"twitter:data1\" content=\"adrian reutimann\" \/>\n\t<meta name=\"twitter:label2\" content=\"Dur\u00e9e de lecture estim\u00e9e\" \/>\n\t<meta name=\"twitter:data2\" content=\"2 minutes\" \/>\n<script type=\"application\/ld+json\" class=\"yoast-schema-graph\">{\"@context\":\"https:\\\/\\\/schema.org\",\"@graph\":[{\"@type\":\"Article\",\"@id\":\"https:\\\/\\\/permakultur-landwirtschaft.org\\\/austausch-und-inspirationstag-im-bachsermaert-in-bachs-zh-anlass-am-14-juni-2024\\\/#article\",\"isPartOf\":{\"@id\":\"https:\\\/\\\/permakultur-landwirtschaft.org\\\/austausch-und-inspirationstag-im-bachsermaert-in-bachs-zh-anlass-am-14-juni-2024\\\/\"},\"author\":{\"name\":\"adrian reutimann\",\"@id\":\"https:\\\/\\\/permakultur-landwirtschaft.org\\\/#\\\/schema\\\/person\\\/6b0467872f75aed3e144093f9bf4f0b0\"},\"headline\":\"Austausch und Inspirationstag im Bachserm\u00e4rt in Bachs ZH &#8211; Anlass am 14. Juni 2024\",\"datePublished\":\"2024-06-03T06:43:34+00:00\",\"dateModified\":\"2024-06-03T06:46:06+00:00\",\"mainEntityOfPage\":{\"@id\":\"https:\\\/\\\/permakultur-landwirtschaft.org\\\/austausch-und-inspirationstag-im-bachsermaert-in-bachs-zh-anlass-am-14-juni-2024\\\/\"},\"wordCount\":175,\"publisher\":{\"@id\":\"https:\\\/\\\/permakultur-landwirtschaft.org\\\/#organization\"},\"image\":{\"@id\":\"https:\\\/\\\/permakultur-landwirtschaft.org\\\/austausch-und-inspirationstag-im-bachsermaert-in-bachs-zh-anlass-am-14-juni-2024\\\/#primaryimage\"},\"thumbnailUrl\":\"https:\\\/\\\/permakultur-landwirtschaft.org\\\/wp-content\\\/uploads\\\/2024\\\/06\\\/20240607_bachsermarkt_anlass.jpg\",\"keywords\":[\"Austausch\",\"Bachserm\u00e4rt\",\"Demeter\",\"Isabelle Egender\",\"Permakultur\"],\"articleSection\":[\"Veranstaltung\"],\"inLanguage\":\"fr-FR\"},{\"@type\":\"WebPage\",\"@id\":\"https:\\\/\\\/permakultur-landwirtschaft.org\\\/austausch-und-inspirationstag-im-bachsermaert-in-bachs-zh-anlass-am-14-juni-2024\\\/\",\"url\":\"https:\\\/\\\/permakultur-landwirtschaft.org\\\/austausch-und-inspirationstag-im-bachsermaert-in-bachs-zh-anlass-am-14-juni-2024\\\/\",\"name\":\"Austausch und Inspirationstag im Bachserm\u00e4rt in Bachs ZH - Anlass am 14. Juni 2024 - Permakultur-Landwirtschaft\",\"isPartOf\":{\"@id\":\"https:\\\/\\\/permakultur-landwirtschaft.org\\\/#website\"},\"primaryImageOfPage\":{\"@id\":\"https:\\\/\\\/permakultur-landwirtschaft.org\\\/austausch-und-inspirationstag-im-bachsermaert-in-bachs-zh-anlass-am-14-juni-2024\\\/#primaryimage\"},\"image\":{\"@id\":\"https:\\\/\\\/permakultur-landwirtschaft.org\\\/austausch-und-inspirationstag-im-bachsermaert-in-bachs-zh-anlass-am-14-juni-2024\\\/#primaryimage\"},\"thumbnailUrl\":\"https:\\\/\\\/permakultur-landwirtschaft.org\\\/wp-content\\\/uploads\\\/2024\\\/06\\\/20240607_bachsermarkt_anlass.jpg\",\"datePublished\":\"2024-06-03T06:43:34+00:00\",\"dateModified\":\"2024-06-03T06:46:06+00:00\",\"description\":\"Isabelle Egender, Permakultur-Designerin i.A., bietet einen vielf\u00e4ltigen Inspirations- und Austauschtag an\",\"breadcrumb\":{\"@id\":\"https:\\\/\\\/permakultur-landwirtschaft.org\\\/austausch-und-inspirationstag-im-bachsermaert-in-bachs-zh-anlass-am-14-juni-2024\\\/#breadcrumb\"},\"inLanguage\":\"fr-FR\",\"potentialAction\":[{\"@type\":\"ReadAction\",\"target\":[\"https:\\\/\\\/permakultur-landwirtschaft.org\\\/austausch-und-inspirationstag-im-bachsermaert-in-bachs-zh-anlass-am-14-juni-2024\\\/\"]}]},{\"@type\":\"ImageObject\",\"inLanguage\":\"fr-FR\",\"@id\":\"https:\\\/\\\/permakultur-landwirtschaft.org\\\/austausch-und-inspirationstag-im-bachsermaert-in-bachs-zh-anlass-am-14-juni-2024\\\/#primaryimage\",\"url\":\"https:\\\/\\\/permakultur-landwirtschaft.org\\\/wp-content\\\/uploads\\\/2024\\\/06\\\/20240607_bachsermarkt_anlass.jpg\",\"contentUrl\":\"https:\\\/\\\/permakultur-landwirtschaft.org\\\/wp-content\\\/uploads\\\/2024\\\/06\\\/20240607_bachsermarkt_anlass.jpg\",\"width\":696,\"height\":422,\"caption\":\"Flyer Austausch und Inspirationstag im Bachserm\u00e4rt\"},{\"@type\":\"BreadcrumbList\",\"@id\":\"https:\\\/\\\/permakultur-landwirtschaft.org\\\/austausch-und-inspirationstag-im-bachsermaert-in-bachs-zh-anlass-am-14-juni-2024\\\/#breadcrumb\",\"itemListElement\":[{\"@type\":\"ListItem\",\"position\":1,\"name\":\"Startseite\",\"item\":\"https:\\\/\\\/permakultur-landwirtschaft.org\\\/\"},{\"@type\":\"ListItem\",\"position\":2,\"name\":\"Austausch und Inspirationstag im Bachserm\u00e4rt in Bachs ZH &#8211; Anlass am 14. Juni 2024\"}]},{\"@type\":\"WebSite\",\"@id\":\"https:\\\/\\\/permakultur-landwirtschaft.org\\\/#website\",\"url\":\"https:\\\/\\\/permakultur-landwirtschaft.org\\\/\",\"name\":\"Permakultur-Landwirtschaft\",\"description\":\"F\u00f6rderung der Permakultur in der Landwirtschaft\",\"publisher\":{\"@id\":\"https:\\\/\\\/permakultur-landwirtschaft.org\\\/#organization\"},\"potentialAction\":[{\"@type\":\"SearchAction\",\"target\":{\"@type\":\"EntryPoint\",\"urlTemplate\":\"https:\\\/\\\/permakultur-landwirtschaft.org\\\/?s={search_term_string}\"},\"query-input\":{\"@type\":\"PropertyValueSpecification\",\"valueRequired\":true,\"valueName\":\"search_term_string\"}}],\"inLanguage\":\"fr-FR\"},{\"@type\":\"Organization\",\"@id\":\"https:\\\/\\\/permakultur-landwirtschaft.org\\\/#organization\",\"name\":\"Permakultur-Landwirtschaft\",\"alternateName\":\"Verein Permakultur-Landwirtschaft\",\"url\":\"https:\\\/\\\/permakultur-landwirtschaft.org\\\/\",\"logo\":{\"@type\":\"ImageObject\",\"inLanguage\":\"fr-FR\",\"@id\":\"https:\\\/\\\/permakultur-landwirtschaft.org\\\/#\\\/schema\\\/logo\\\/image\\\/\",\"url\":\"https:\\\/\\\/permakultur-landwirtschaft.org\\\/wp-content\\\/uploads\\\/2021\\\/11\\\/pela_1268x1269.png\",\"contentUrl\":\"https:\\\/\\\/permakultur-landwirtschaft.org\\\/wp-content\\\/uploads\\\/2021\\\/11\\\/pela_1268x1269.png\",\"width\":1298,\"height\":1269,\"caption\":\"Permakultur-Landwirtschaft\"},\"image\":{\"@id\":\"https:\\\/\\\/permakultur-landwirtschaft.org\\\/#\\\/schema\\\/logo\\\/image\\\/\"},\"sameAs\":[\"https:\\\/\\\/www.facebook.com\\\/PermakulturLandwirtschaft\",\"https:\\\/\\\/www.instagram.com\\\/permakultur_landwirtschaft\\\/\",\"https:\\\/\\\/www.flickr.com\\\/photos\\\/permakultur-landwirtschaft\",\"https:\\\/\\\/www.youtube.com\\\/@PermakulturLandwirtschaft\"]},{\"@type\":\"Person\",\"@id\":\"https:\\\/\\\/permakultur-landwirtschaft.org\\\/#\\\/schema\\\/person\\\/6b0467872f75aed3e144093f9bf4f0b0\",\"name\":\"adrian reutimann\",\"url\":\"https:\\\/\\\/permakultur-landwirtschaft.org\\\/fr\\\/author\\\/reutiadr\\\/\"}]}<\/script>\n<!-- \/ Yoast SEO plugin. -->","yoast_head_json":{"title":"Austausch und Inspirationstag im Bachserm\u00e4rt in Bachs ZH - Anlass am 14. Juni 2024 - Permakultur-Landwirtschaft","description":"Isabelle Egender, Permakultur-Designerin i.A., bietet einen vielf\u00e4ltigen Inspirations- und Austauschtag an","robots":{"index":"index","follow":"follow","max-snippet":"max-snippet:-1","max-image-preview":"max-image-preview:large","max-video-preview":"max-video-preview:-1"},"canonical":"https:\/\/permakultur-landwirtschaft.org\/fr\/austausch-und-inspirationstag-im-bachsermaert-in-bachs-zh-anlass-am-14-juni-2024\/","og_locale":"fr_FR","og_type":"article","og_title":"Austausch und Inspirationstag im Bachserm\u00e4rt in Bachs ZH - Anlass am 14. Juni 2024 - Permakultur-Landwirtschaft","og_description":"Isabelle Egender, Permakultur-Designerin i.A., bietet einen vielf\u00e4ltigen Inspirations- und Austauschtag an","og_url":"https:\/\/permakultur-landwirtschaft.org\/fr\/austausch-und-inspirationstag-im-bachsermaert-in-bachs-zh-anlass-am-14-juni-2024\/","og_site_name":"Permakultur-Landwirtschaft","article_publisher":"https:\/\/www.facebook.com\/PermakulturLandwirtschaft","article_published_time":"2024-06-03T06:43:34+00:00","article_modified_time":"2024-06-03T06:46:06+00:00","og_image":[{"width":696,"height":422,"url":"https:\/\/permakultur-landwirtschaft.org\/wp-content\/uploads\/2024\/06\/20240607_bachsermarkt_anlass.jpg","type":"image\/jpeg"}],"author":"adrian reutimann","twitter_card":"summary_large_image","twitter_misc":{"\u00c9crit par":"adrian reutimann","Dur\u00e9e de lecture estim\u00e9e":"2 minutes"},"schema":{"@context":"https:\/\/schema.org","@graph":[{"@type":"Article","@id":"https:\/\/permakultur-landwirtschaft.org\/austausch-und-inspirationstag-im-bachsermaert-in-bachs-zh-anlass-am-14-juni-2024\/#article","isPartOf":{"@id":"https:\/\/permakultur-landwirtschaft.org\/austausch-und-inspirationstag-im-bachsermaert-in-bachs-zh-anlass-am-14-juni-2024\/"},"author":{"name":"adrian reutimann","@id":"https:\/\/permakultur-landwirtschaft.org\/#\/schema\/person\/6b0467872f75aed3e144093f9bf4f0b0"},"headline":"Austausch und Inspirationstag im Bachserm\u00e4rt in Bachs ZH &#8211; Anlass am 14. Juni 2024","datePublished":"2024-06-03T06:43:34+00:00","dateModified":"2024-06-03T06:46:06+00:00","mainEntityOfPage":{"@id":"https:\/\/permakultur-landwirtschaft.org\/austausch-und-inspirationstag-im-bachsermaert-in-bachs-zh-anlass-am-14-juni-2024\/"},"wordCount":175,"publisher":{"@id":"https:\/\/permakultur-landwirtschaft.org\/#organization"},"image":{"@id":"https:\/\/permakultur-landwirtschaft.org\/austausch-und-inspirationstag-im-bachsermaert-in-bachs-zh-anlass-am-14-juni-2024\/#primaryimage"},"thumbnailUrl":"https:\/\/permakultur-landwirtschaft.org\/wp-content\/uploads\/2024\/06\/20240607_bachsermarkt_anlass.jpg","keywords":["Austausch","Bachserm\u00e4rt","Demeter","Isabelle Egender","Permakultur"],"articleSection":["Veranstaltung"],"inLanguage":"fr-FR"},{"@type":"WebPage","@id":"https:\/\/permakultur-landwirtschaft.org\/austausch-und-inspirationstag-im-bachsermaert-in-bachs-zh-anlass-am-14-juni-2024\/","url":"https:\/\/permakultur-landwirtschaft.org\/austausch-und-inspirationstag-im-bachsermaert-in-bachs-zh-anlass-am-14-juni-2024\/","name":"Austausch und Inspirationstag im Bachserm\u00e4rt in Bachs ZH - Anlass am 14. Juni 2024 - Permakultur-Landwirtschaft","isPartOf":{"@id":"https:\/\/permakultur-landwirtschaft.org\/#website"},"primaryImageOfPage":{"@id":"https:\/\/permakultur-landwirtschaft.org\/austausch-und-inspirationstag-im-bachsermaert-in-bachs-zh-anlass-am-14-juni-2024\/#primaryimage"},"image":{"@id":"https:\/\/permakultur-landwirtschaft.org\/austausch-und-inspirationstag-im-bachsermaert-in-bachs-zh-anlass-am-14-juni-2024\/#primaryimage"},"thumbnailUrl":"https:\/\/permakultur-landwirtschaft.org\/wp-content\/uploads\/2024\/06\/20240607_bachsermarkt_anlass.jpg","datePublished":"2024-06-03T06:43:34+00:00","dateModified":"2024-06-03T06:46:06+00:00","description":"Isabelle Egender, Permakultur-Designerin i.A., bietet einen vielf\u00e4ltigen Inspirations- und Austauschtag an","breadcrumb":{"@id":"https:\/\/permakultur-landwirtschaft.org\/austausch-und-inspirationstag-im-bachsermaert-in-bachs-zh-anlass-am-14-juni-2024\/#breadcrumb"},"inLanguage":"fr-FR","potentialAction":[{"@type":"ReadAction","target":["https:\/\/permakultur-landwirtschaft.org\/austausch-und-inspirationstag-im-bachsermaert-in-bachs-zh-anlass-am-14-juni-2024\/"]}]},{"@type":"ImageObject","inLanguage":"fr-FR","@id":"https:\/\/permakultur-landwirtschaft.org\/austausch-und-inspirationstag-im-bachsermaert-in-bachs-zh-anlass-am-14-juni-2024\/#primaryimage","url":"https:\/\/permakultur-landwirtschaft.org\/wp-content\/uploads\/2024\/06\/20240607_bachsermarkt_anlass.jpg","contentUrl":"https:\/\/permakultur-landwirtschaft.org\/wp-content\/uploads\/2024\/06\/20240607_bachsermarkt_anlass.jpg","width":696,"height":422,"caption":"Flyer Austausch und Inspirationstag im Bachserm\u00e4rt"},{"@type":"BreadcrumbList","@id":"https:\/\/permakultur-landwirtschaft.org\/austausch-und-inspirationstag-im-bachsermaert-in-bachs-zh-anlass-am-14-juni-2024\/#breadcrumb","itemListElement":[{"@type":"ListItem","position":1,"name":"Startseite","item":"https:\/\/permakultur-landwirtschaft.org\/"},{"@type":"ListItem","position":2,"name":"Austausch und Inspirationstag im Bachserm\u00e4rt in Bachs ZH &#8211; Anlass am 14. Juni 2024"}]},{"@type":"WebSite","@id":"https:\/\/permakultur-landwirtschaft.org\/#website","url":"https:\/\/permakultur-landwirtschaft.org\/","name":"Permakultur-Landwirtschaft","description":"F\u00f6rderung der Permakultur in der Landwirtschaft","publisher":{"@id":"https:\/\/permakultur-landwirtschaft.org\/#organization"},"potentialAction":[{"@type":"SearchAction","target":{"@type":"EntryPoint","urlTemplate":"https:\/\/permakultur-landwirtschaft.org\/?s={search_term_string}"},"query-input":{"@type":"PropertyValueSpecification","valueRequired":true,"valueName":"search_term_string"}}],"inLanguage":"fr-FR"},{"@type":"Organization","@id":"https:\/\/permakultur-landwirtschaft.org\/#organization","name":"Permakultur-Landwirtschaft","alternateName":"Verein Permakultur-Landwirtschaft","url":"https:\/\/permakultur-landwirtschaft.org\/","logo":{"@type":"ImageObject","inLanguage":"fr-FR","@id":"https:\/\/permakultur-landwirtschaft.org\/#\/schema\/logo\/image\/","url":"https:\/\/permakultur-landwirtschaft.org\/wp-content\/uploads\/2021\/11\/pela_1268x1269.png","contentUrl":"https:\/\/permakultur-landwirtschaft.org\/wp-content\/uploads\/2021\/11\/pela_1268x1269.png","width":1298,"height":1269,"caption":"Permakultur-Landwirtschaft"},"image":{"@id":"https:\/\/permakultur-landwirtschaft.org\/#\/schema\/logo\/image\/"},"sameAs":["https:\/\/www.facebook.com\/PermakulturLandwirtschaft","https:\/\/www.instagram.com\/permakultur_landwirtschaft\/","https:\/\/www.flickr.com\/photos\/permakultur-landwirtschaft","https:\/\/www.youtube.com\/@PermakulturLandwirtschaft"]},{"@type":"Person","@id":"https:\/\/permakultur-landwirtschaft.org\/#\/schema\/person\/6b0467872f75aed3e144093f9bf4f0b0","name":"adrian reutimann","url":"https:\/\/permakultur-landwirtschaft.org\/fr\/author\/reutiadr\/"}]}},"_links":{"self":[{"href":"https:\/\/permakultur-landwirtschaft.org\/fr\/wp-json\/wp\/v2\/posts\/34895","targetHints":{"allow":["GET"]}}],"collection":[{"href":"https:\/\/permakultur-landwirtschaft.org\/fr\/wp-json\/wp\/v2\/posts"}],"about":[{"href":"https:\/\/permakultur-landwirtschaft.org\/fr\/wp-json\/wp\/v2\/types\/post"}],"author":[{"embeddable":true,"href":"https:\/\/permakultur-landwirtschaft.org\/fr\/wp-json\/wp\/v2\/users\/2"}],"replies":[{"embeddable":true,"href":"https:\/\/permakultur-landwirtschaft.org\/fr\/wp-json\/wp\/v2\/comments?post=34895"}],"version-history":[{"count":7,"href":"https:\/\/permakultur-landwirtschaft.org\/fr\/wp-json\/wp\/v2\/posts\/34895\/revisions"}],"predecessor-version":[{"id":34905,"href":"https:\/\/permakultur-landwirtschaft.org\/fr\/wp-json\/wp\/v2\/posts\/34895\/revisions\/34905"}],"wp:featuredmedia":[{"embeddable":true,"href":"https:\/\/permakultur-landwirtschaft.org\/fr\/wp-json\/wp\/v2\/media\/34898"}],"wp:attachment":[{"href":"https:\/\/permakultur-landwirtschaft.org\/fr\/wp-json\/wp\/v2\/media?parent=34895"}],"wp:term":[{"taxonomy":"category","embeddable":true,"href":"https:\/\/permakultur-landwirtschaft.org\/fr\/wp-json\/wp\/v2\/categories?post=34895"},{"taxonomy":"post_tag","embeddable":true,"href":"https:\/\/permakultur-landwirtschaft.org\/fr\/wp-json\/wp\/v2\/tags?post=34895"}],"curies":[{"name":"wp","href":"https:\/\/api.w.org\/{rel}","templated":true}]}}