{"id":34392,"date":"2024-04-03T10:00:11","date_gmt":"2024-04-03T08:00:11","guid":{"rendered":"https:\/\/permakultur-landwirtschaft.org\/?p=34392"},"modified":"2024-04-04T10:02:48","modified_gmt":"2024-04-04T08:02:48","slug":"ihr-eigener-waldgarten-so-funktioniert-es-mit-dem-naturnahen-paradies-artikel-vom-03-april-2024","status":"publish","type":"post","link":"https:\/\/permakultur-landwirtschaft.org\/fr\/ihr-eigener-waldgarten-so-funktioniert-es-mit-dem-naturnahen-paradies-artikel-vom-03-april-2024\/","title":{"rendered":"Ihr eigener Waldgarten: So funktioniert es mit dem naturnahen Paradies &#8211; Artikel vom 03. April 2024"},"content":{"rendered":"<p>Text von www.24garten.de:<\/p>\n\n\n\n<p>Wer sich schon immer einen Garten \u00e4hnlich einem Wald gew\u00fcnscht hat, der kann sich bei der Gestaltung am lichten Waldrand orientieren.<\/p>\n\n\n\n<p>Einen Garten nach den Richtlinien der Permakultur zu gestalten bedeutet, ihn m\u00f6glichst naturnah aufzubauen. Und zwar sowohl was die Pflanzenauswahl betrifft als auch deren Anordnung im Garten. Beim Waldgarten, einer Nische innerhalb der Permakultur, nehmen Sie sich daf\u00fcr den lichten Waldrand zum Vorbild und versuchen, ihn im eigenen Garten nachzubilden. Allerdings mit einer \u00c4nderung: Sie ersetzen einige Elemente durch solche, von denen Sie mehr profitieren. Statt einer Buche wachsen dann zum Beispiel Obstb\u00e4ume im Garten, erkl\u00e4rt der Permakulturblog.<\/p>\n\n\n\n<p><a href=\"https:\/\/www.24garten.de\/mein-garten\/gaertnern\/obstbaeume-stauden-bodendecker-waldgarten-permakultur-garten-schichten-baeume-straeucher-92902565.html\" target=\"_blank\" rel=\"noreferrer noopener\">Link zum Artikel<\/a><\/p>","protected":false},"excerpt":{"rendered":"<p>Text von www.24garten.de: Wer sich schon immer einen Garten \u00e4hnlich einem Wald gew\u00fcnscht hat, der kann sich bei der Gestaltung am lichten Waldrand orientieren. Einen Garten nach den Richtlinien der Permakultur zu gestalten bedeutet, ihn m\u00f6glichst naturnah aufzubauen. Und zwar sowohl was die Pflanzenauswahl betrifft als auch deren Anordnung im Garten. Beim Waldgarten, einer Nische [&hellip;]<\/p>\n","protected":false},"author":2,"featured_media":34393,"comment_status":"closed","ping_status":"closed","sticky":false,"template":"","format":"standard","meta":{"_acf_changed":false,"site-sidebar-layout":"default","site-content-layout":"","ast-site-content-layout":"default","site-content-style":"default","site-sidebar-style":"default","ast-global-header-display":"","ast-banner-title-visibility":"","ast-main-header-display":"","ast-hfb-above-header-display":"","ast-hfb-below-header-display":"","ast-hfb-mobile-header-display":"","site-post-title":"","ast-breadcrumbs-content":"","ast-featured-img":"","footer-sml-layout":"","ast-disable-related-posts":"","theme-transparent-header-meta":"","adv-header-id-meta":"","stick-header-meta":"","header-above-stick-meta":"","header-main-stick-meta":"","header-below-stick-meta":"","astra-migrate-meta-layouts":"set","ast-page-background-enabled":"default","ast-page-background-meta":{"desktop":{"background-color":"var(--ast-global-color-4)","background-image":"","background-repeat":"repeat","background-position":"center center","background-size":"auto","background-attachment":"scroll","background-type":"","background-media":"","overlay-type":"","overlay-color":"","overlay-opacity":"","overlay-gradient":""},"tablet":{"background-color":"","background-image":"","background-repeat":"repeat","background-position":"center center","background-size":"auto","background-attachment":"scroll","background-type":"","background-media":"","overlay-type":"","overlay-color":"","overlay-opacity":"","overlay-gradient":""},"mobile":{"background-color":"","background-image":"","background-repeat":"repeat","background-position":"center center","background-size":"auto","background-attachment":"scroll","background-type":"","background-media":"","overlay-type":"","overlay-color":"","overlay-opacity":"","overlay-gradient":""}},"ast-content-background-meta":{"desktop":{"background-color":"var(--ast-global-color-5)","background-image":"","background-repeat":"repeat","background-position":"center center","background-size":"auto","background-attachment":"scroll","background-type":"","background-media":"","overlay-type":"","overlay-color":"","overlay-opacity":"","overlay-gradient":""},"tablet":{"background-color":"var(--ast-global-color-5)","background-image":"","background-repeat":"repeat","background-position":"center center","background-size":"auto","background-attachment":"scroll","background-type":"","background-media":"","overlay-type":"","overlay-color":"","overlay-opacity":"","overlay-gradient":""},"mobile":{"background-color":"var(--ast-global-color-5)","background-image":"","background-repeat":"repeat","background-position":"center center","background-size":"auto","background-attachment":"scroll","background-type":"","background-media":"","overlay-type":"","overlay-color":"","overlay-opacity":"","overlay-gradient":""}},"footnotes":""},"categories":[22],"tags":[312,17,77],"class_list":["post-34392","post","type-post","status-publish","format-standard","has-post-thumbnail","hentry","category-neuigkeit","tag-garten","tag-permakultur","tag-waldgarten"],"acf":[],"yoast_head":"<!-- This site is optimized with the Yoast SEO plugin v27.5 - https:\/\/yoast.com\/product\/yoast-seo-wordpress\/ -->\n<title>Ihr eigener Waldgarten: So funktioniert es mit dem naturnahen Paradies - Artikel vom 03. April 2024 - Permakultur-Landwirtschaft<\/title>\n<meta name=\"description\" content=\"Ihr eigener Waldgarten: So funktioniert es mit dem naturnahen Paradies\" \/>\n<meta name=\"robots\" content=\"index, follow, max-snippet:-1, max-image-preview:large, max-video-preview:-1\" \/>\n<link rel=\"canonical\" href=\"https:\/\/permakultur-landwirtschaft.org\/fr\/ihr-eigener-waldgarten-so-funktioniert-es-mit-dem-naturnahen-paradies-artikel-vom-03-april-2024\/\" \/>\n<meta property=\"og:locale\" content=\"fr_FR\" \/>\n<meta property=\"og:type\" content=\"article\" \/>\n<meta property=\"og:title\" content=\"Ihr eigener Waldgarten: So funktioniert es mit dem naturnahen Paradies - Artikel vom 03. April 2024 - Permakultur-Landwirtschaft\" \/>\n<meta property=\"og:description\" content=\"Ihr eigener Waldgarten: So funktioniert es mit dem naturnahen Paradies\" \/>\n<meta property=\"og:url\" content=\"https:\/\/permakultur-landwirtschaft.org\/fr\/ihr-eigener-waldgarten-so-funktioniert-es-mit-dem-naturnahen-paradies-artikel-vom-03-april-2024\/\" \/>\n<meta property=\"og:site_name\" content=\"Permakultur-Landwirtschaft\" \/>\n<meta property=\"article:publisher\" content=\"https:\/\/www.facebook.com\/PermakulturLandwirtschaft\" \/>\n<meta property=\"article:published_time\" content=\"2024-04-03T08:00:11+00:00\" \/>\n<meta property=\"article:modified_time\" content=\"2024-04-04T08:02:48+00:00\" \/>\n<meta property=\"og:image\" content=\"https:\/\/permakultur-landwirtschaft.org\/wp-content\/uploads\/2024\/04\/2024_34043385-waldgarten-permakultur-garten-anbau-planung-pflanzen-35bYsaDOI170.jpg\" \/>\n\t<meta property=\"og:image:width\" content=\"700\" \/>\n\t<meta property=\"og:image:height\" content=\"394\" \/>\n\t<meta property=\"og:image:type\" content=\"image\/jpeg\" \/>\n<meta name=\"author\" content=\"adrian reutimann\" \/>\n<meta name=\"twitter:card\" content=\"summary_large_image\" \/>\n<meta name=\"twitter:label1\" content=\"\u00c9crit par\" \/>\n\t<meta name=\"twitter:data1\" content=\"adrian reutimann\" \/>\n\t<meta name=\"twitter:label2\" content=\"Dur\u00e9e de lecture estim\u00e9e\" \/>\n\t<meta name=\"twitter:data2\" content=\"1 minute\" \/>\n<script type=\"application\/ld+json\" class=\"yoast-schema-graph\">{\"@context\":\"https:\\\/\\\/schema.org\",\"@graph\":[{\"@type\":\"Article\",\"@id\":\"https:\\\/\\\/permakultur-landwirtschaft.org\\\/ihr-eigener-waldgarten-so-funktioniert-es-mit-dem-naturnahen-paradies-artikel-vom-03-april-2024\\\/#article\",\"isPartOf\":{\"@id\":\"https:\\\/\\\/permakultur-landwirtschaft.org\\\/ihr-eigener-waldgarten-so-funktioniert-es-mit-dem-naturnahen-paradies-artikel-vom-03-april-2024\\\/\"},\"author\":{\"name\":\"adrian reutimann\",\"@id\":\"https:\\\/\\\/permakultur-landwirtschaft.org\\\/#\\\/schema\\\/person\\\/6b0467872f75aed3e144093f9bf4f0b0\"},\"headline\":\"Ihr eigener Waldgarten: So funktioniert es mit dem naturnahen Paradies &#8211; Artikel vom 03. April 2024\",\"datePublished\":\"2024-04-03T08:00:11+00:00\",\"dateModified\":\"2024-04-04T08:02:48+00:00\",\"mainEntityOfPage\":{\"@id\":\"https:\\\/\\\/permakultur-landwirtschaft.org\\\/ihr-eigener-waldgarten-so-funktioniert-es-mit-dem-naturnahen-paradies-artikel-vom-03-april-2024\\\/\"},\"wordCount\":126,\"publisher\":{\"@id\":\"https:\\\/\\\/permakultur-landwirtschaft.org\\\/#organization\"},\"image\":{\"@id\":\"https:\\\/\\\/permakultur-landwirtschaft.org\\\/ihr-eigener-waldgarten-so-funktioniert-es-mit-dem-naturnahen-paradies-artikel-vom-03-april-2024\\\/#primaryimage\"},\"thumbnailUrl\":\"https:\\\/\\\/permakultur-landwirtschaft.org\\\/wp-content\\\/uploads\\\/2024\\\/04\\\/2024_34043385-waldgarten-permakultur-garten-anbau-planung-pflanzen-35bYsaDOI170.jpg\",\"keywords\":[\"Garten\",\"Permakultur\",\"Waldgarten\"],\"articleSection\":[\"Neuigkeit\"],\"inLanguage\":\"fr-FR\"},{\"@type\":\"WebPage\",\"@id\":\"https:\\\/\\\/permakultur-landwirtschaft.org\\\/ihr-eigener-waldgarten-so-funktioniert-es-mit-dem-naturnahen-paradies-artikel-vom-03-april-2024\\\/\",\"url\":\"https:\\\/\\\/permakultur-landwirtschaft.org\\\/ihr-eigener-waldgarten-so-funktioniert-es-mit-dem-naturnahen-paradies-artikel-vom-03-april-2024\\\/\",\"name\":\"Ihr eigener Waldgarten: So funktioniert es mit dem naturnahen Paradies - Artikel vom 03. April 2024 - Permakultur-Landwirtschaft\",\"isPartOf\":{\"@id\":\"https:\\\/\\\/permakultur-landwirtschaft.org\\\/#website\"},\"primaryImageOfPage\":{\"@id\":\"https:\\\/\\\/permakultur-landwirtschaft.org\\\/ihr-eigener-waldgarten-so-funktioniert-es-mit-dem-naturnahen-paradies-artikel-vom-03-april-2024\\\/#primaryimage\"},\"image\":{\"@id\":\"https:\\\/\\\/permakultur-landwirtschaft.org\\\/ihr-eigener-waldgarten-so-funktioniert-es-mit-dem-naturnahen-paradies-artikel-vom-03-april-2024\\\/#primaryimage\"},\"thumbnailUrl\":\"https:\\\/\\\/permakultur-landwirtschaft.org\\\/wp-content\\\/uploads\\\/2024\\\/04\\\/2024_34043385-waldgarten-permakultur-garten-anbau-planung-pflanzen-35bYsaDOI170.jpg\",\"datePublished\":\"2024-04-03T08:00:11+00:00\",\"dateModified\":\"2024-04-04T08:02:48+00:00\",\"description\":\"Ihr eigener Waldgarten: So funktioniert es mit dem naturnahen Paradies\",\"breadcrumb\":{\"@id\":\"https:\\\/\\\/permakultur-landwirtschaft.org\\\/ihr-eigener-waldgarten-so-funktioniert-es-mit-dem-naturnahen-paradies-artikel-vom-03-april-2024\\\/#breadcrumb\"},\"inLanguage\":\"fr-FR\",\"potentialAction\":[{\"@type\":\"ReadAction\",\"target\":[\"https:\\\/\\\/permakultur-landwirtschaft.org\\\/ihr-eigener-waldgarten-so-funktioniert-es-mit-dem-naturnahen-paradies-artikel-vom-03-april-2024\\\/\"]}]},{\"@type\":\"ImageObject\",\"inLanguage\":\"fr-FR\",\"@id\":\"https:\\\/\\\/permakultur-landwirtschaft.org\\\/ihr-eigener-waldgarten-so-funktioniert-es-mit-dem-naturnahen-paradies-artikel-vom-03-april-2024\\\/#primaryimage\",\"url\":\"https:\\\/\\\/permakultur-landwirtschaft.org\\\/wp-content\\\/uploads\\\/2024\\\/04\\\/2024_34043385-waldgarten-permakultur-garten-anbau-planung-pflanzen-35bYsaDOI170.jpg\",\"contentUrl\":\"https:\\\/\\\/permakultur-landwirtschaft.org\\\/wp-content\\\/uploads\\\/2024\\\/04\\\/2024_34043385-waldgarten-permakultur-garten-anbau-planung-pflanzen-35bYsaDOI170.jpg\",\"width\":700,\"height\":394,\"caption\":\"Bild: Lightpoet\\\/Imago\"},{\"@type\":\"BreadcrumbList\",\"@id\":\"https:\\\/\\\/permakultur-landwirtschaft.org\\\/ihr-eigener-waldgarten-so-funktioniert-es-mit-dem-naturnahen-paradies-artikel-vom-03-april-2024\\\/#breadcrumb\",\"itemListElement\":[{\"@type\":\"ListItem\",\"position\":1,\"name\":\"Startseite\",\"item\":\"https:\\\/\\\/permakultur-landwirtschaft.org\\\/\"},{\"@type\":\"ListItem\",\"position\":2,\"name\":\"Ihr eigener Waldgarten: So funktioniert es mit dem naturnahen Paradies &#8211; Artikel vom 03. April 2024\"}]},{\"@type\":\"WebSite\",\"@id\":\"https:\\\/\\\/permakultur-landwirtschaft.org\\\/#website\",\"url\":\"https:\\\/\\\/permakultur-landwirtschaft.org\\\/\",\"name\":\"Permakultur-Landwirtschaft\",\"description\":\"F\u00f6rderung der Permakultur in der Landwirtschaft\",\"publisher\":{\"@id\":\"https:\\\/\\\/permakultur-landwirtschaft.org\\\/#organization\"},\"potentialAction\":[{\"@type\":\"SearchAction\",\"target\":{\"@type\":\"EntryPoint\",\"urlTemplate\":\"https:\\\/\\\/permakultur-landwirtschaft.org\\\/?s={search_term_string}\"},\"query-input\":{\"@type\":\"PropertyValueSpecification\",\"valueRequired\":true,\"valueName\":\"search_term_string\"}}],\"inLanguage\":\"fr-FR\"},{\"@type\":\"Organization\",\"@id\":\"https:\\\/\\\/permakultur-landwirtschaft.org\\\/#organization\",\"name\":\"Permakultur-Landwirtschaft\",\"alternateName\":\"Verein Permakultur-Landwirtschaft\",\"url\":\"https:\\\/\\\/permakultur-landwirtschaft.org\\\/\",\"logo\":{\"@type\":\"ImageObject\",\"inLanguage\":\"fr-FR\",\"@id\":\"https:\\\/\\\/permakultur-landwirtschaft.org\\\/#\\\/schema\\\/logo\\\/image\\\/\",\"url\":\"https:\\\/\\\/permakultur-landwirtschaft.org\\\/wp-content\\\/uploads\\\/2021\\\/11\\\/pela_1268x1269.png\",\"contentUrl\":\"https:\\\/\\\/permakultur-landwirtschaft.org\\\/wp-content\\\/uploads\\\/2021\\\/11\\\/pela_1268x1269.png\",\"width\":1298,\"height\":1269,\"caption\":\"Permakultur-Landwirtschaft\"},\"image\":{\"@id\":\"https:\\\/\\\/permakultur-landwirtschaft.org\\\/#\\\/schema\\\/logo\\\/image\\\/\"},\"sameAs\":[\"https:\\\/\\\/www.facebook.com\\\/PermakulturLandwirtschaft\",\"https:\\\/\\\/www.instagram.com\\\/permakultur_landwirtschaft\\\/\",\"https:\\\/\\\/www.flickr.com\\\/photos\\\/permakultur-landwirtschaft\",\"https:\\\/\\\/www.youtube.com\\\/@PermakulturLandwirtschaft\"]},{\"@type\":\"Person\",\"@id\":\"https:\\\/\\\/permakultur-landwirtschaft.org\\\/#\\\/schema\\\/person\\\/6b0467872f75aed3e144093f9bf4f0b0\",\"name\":\"adrian reutimann\",\"url\":\"https:\\\/\\\/permakultur-landwirtschaft.org\\\/fr\\\/author\\\/reutiadr\\\/\"}]}<\/script>\n<!-- \/ Yoast SEO plugin. -->","yoast_head_json":{"title":"Ihr eigener Waldgarten: So funktioniert es mit dem naturnahen Paradies - Artikel vom 03. April 2024 - Permakultur-Landwirtschaft","description":"Ihr eigener Waldgarten: So funktioniert es mit dem naturnahen Paradies","robots":{"index":"index","follow":"follow","max-snippet":"max-snippet:-1","max-image-preview":"max-image-preview:large","max-video-preview":"max-video-preview:-1"},"canonical":"https:\/\/permakultur-landwirtschaft.org\/fr\/ihr-eigener-waldgarten-so-funktioniert-es-mit-dem-naturnahen-paradies-artikel-vom-03-april-2024\/","og_locale":"fr_FR","og_type":"article","og_title":"Ihr eigener Waldgarten: So funktioniert es mit dem naturnahen Paradies - Artikel vom 03. April 2024 - Permakultur-Landwirtschaft","og_description":"Ihr eigener Waldgarten: So funktioniert es mit dem naturnahen Paradies","og_url":"https:\/\/permakultur-landwirtschaft.org\/fr\/ihr-eigener-waldgarten-so-funktioniert-es-mit-dem-naturnahen-paradies-artikel-vom-03-april-2024\/","og_site_name":"Permakultur-Landwirtschaft","article_publisher":"https:\/\/www.facebook.com\/PermakulturLandwirtschaft","article_published_time":"2024-04-03T08:00:11+00:00","article_modified_time":"2024-04-04T08:02:48+00:00","og_image":[{"width":700,"height":394,"url":"https:\/\/permakultur-landwirtschaft.org\/wp-content\/uploads\/2024\/04\/2024_34043385-waldgarten-permakultur-garten-anbau-planung-pflanzen-35bYsaDOI170.jpg","type":"image\/jpeg"}],"author":"adrian reutimann","twitter_card":"summary_large_image","twitter_misc":{"\u00c9crit par":"adrian reutimann","Dur\u00e9e de lecture estim\u00e9e":"1 minute"},"schema":{"@context":"https:\/\/schema.org","@graph":[{"@type":"Article","@id":"https:\/\/permakultur-landwirtschaft.org\/ihr-eigener-waldgarten-so-funktioniert-es-mit-dem-naturnahen-paradies-artikel-vom-03-april-2024\/#article","isPartOf":{"@id":"https:\/\/permakultur-landwirtschaft.org\/ihr-eigener-waldgarten-so-funktioniert-es-mit-dem-naturnahen-paradies-artikel-vom-03-april-2024\/"},"author":{"name":"adrian reutimann","@id":"https:\/\/permakultur-landwirtschaft.org\/#\/schema\/person\/6b0467872f75aed3e144093f9bf4f0b0"},"headline":"Ihr eigener Waldgarten: So funktioniert es mit dem naturnahen Paradies &#8211; Artikel vom 03. April 2024","datePublished":"2024-04-03T08:00:11+00:00","dateModified":"2024-04-04T08:02:48+00:00","mainEntityOfPage":{"@id":"https:\/\/permakultur-landwirtschaft.org\/ihr-eigener-waldgarten-so-funktioniert-es-mit-dem-naturnahen-paradies-artikel-vom-03-april-2024\/"},"wordCount":126,"publisher":{"@id":"https:\/\/permakultur-landwirtschaft.org\/#organization"},"image":{"@id":"https:\/\/permakultur-landwirtschaft.org\/ihr-eigener-waldgarten-so-funktioniert-es-mit-dem-naturnahen-paradies-artikel-vom-03-april-2024\/#primaryimage"},"thumbnailUrl":"https:\/\/permakultur-landwirtschaft.org\/wp-content\/uploads\/2024\/04\/2024_34043385-waldgarten-permakultur-garten-anbau-planung-pflanzen-35bYsaDOI170.jpg","keywords":["Garten","Permakultur","Waldgarten"],"articleSection":["Neuigkeit"],"inLanguage":"fr-FR"},{"@type":"WebPage","@id":"https:\/\/permakultur-landwirtschaft.org\/ihr-eigener-waldgarten-so-funktioniert-es-mit-dem-naturnahen-paradies-artikel-vom-03-april-2024\/","url":"https:\/\/permakultur-landwirtschaft.org\/ihr-eigener-waldgarten-so-funktioniert-es-mit-dem-naturnahen-paradies-artikel-vom-03-april-2024\/","name":"Ihr eigener Waldgarten: So funktioniert es mit dem naturnahen Paradies - Artikel vom 03. April 2024 - Permakultur-Landwirtschaft","isPartOf":{"@id":"https:\/\/permakultur-landwirtschaft.org\/#website"},"primaryImageOfPage":{"@id":"https:\/\/permakultur-landwirtschaft.org\/ihr-eigener-waldgarten-so-funktioniert-es-mit-dem-naturnahen-paradies-artikel-vom-03-april-2024\/#primaryimage"},"image":{"@id":"https:\/\/permakultur-landwirtschaft.org\/ihr-eigener-waldgarten-so-funktioniert-es-mit-dem-naturnahen-paradies-artikel-vom-03-april-2024\/#primaryimage"},"thumbnailUrl":"https:\/\/permakultur-landwirtschaft.org\/wp-content\/uploads\/2024\/04\/2024_34043385-waldgarten-permakultur-garten-anbau-planung-pflanzen-35bYsaDOI170.jpg","datePublished":"2024-04-03T08:00:11+00:00","dateModified":"2024-04-04T08:02:48+00:00","description":"Ihr eigener Waldgarten: So funktioniert es mit dem naturnahen Paradies","breadcrumb":{"@id":"https:\/\/permakultur-landwirtschaft.org\/ihr-eigener-waldgarten-so-funktioniert-es-mit-dem-naturnahen-paradies-artikel-vom-03-april-2024\/#breadcrumb"},"inLanguage":"fr-FR","potentialAction":[{"@type":"ReadAction","target":["https:\/\/permakultur-landwirtschaft.org\/ihr-eigener-waldgarten-so-funktioniert-es-mit-dem-naturnahen-paradies-artikel-vom-03-april-2024\/"]}]},{"@type":"ImageObject","inLanguage":"fr-FR","@id":"https:\/\/permakultur-landwirtschaft.org\/ihr-eigener-waldgarten-so-funktioniert-es-mit-dem-naturnahen-paradies-artikel-vom-03-april-2024\/#primaryimage","url":"https:\/\/permakultur-landwirtschaft.org\/wp-content\/uploads\/2024\/04\/2024_34043385-waldgarten-permakultur-garten-anbau-planung-pflanzen-35bYsaDOI170.jpg","contentUrl":"https:\/\/permakultur-landwirtschaft.org\/wp-content\/uploads\/2024\/04\/2024_34043385-waldgarten-permakultur-garten-anbau-planung-pflanzen-35bYsaDOI170.jpg","width":700,"height":394,"caption":"Bild: Lightpoet\/Imago"},{"@type":"BreadcrumbList","@id":"https:\/\/permakultur-landwirtschaft.org\/ihr-eigener-waldgarten-so-funktioniert-es-mit-dem-naturnahen-paradies-artikel-vom-03-april-2024\/#breadcrumb","itemListElement":[{"@type":"ListItem","position":1,"name":"Startseite","item":"https:\/\/permakultur-landwirtschaft.org\/"},{"@type":"ListItem","position":2,"name":"Ihr eigener Waldgarten: So funktioniert es mit dem naturnahen Paradies &#8211; Artikel vom 03. April 2024"}]},{"@type":"WebSite","@id":"https:\/\/permakultur-landwirtschaft.org\/#website","url":"https:\/\/permakultur-landwirtschaft.org\/","name":"Permakultur-Landwirtschaft","description":"F\u00f6rderung der Permakultur in der Landwirtschaft","publisher":{"@id":"https:\/\/permakultur-landwirtschaft.org\/#organization"},"potentialAction":[{"@type":"SearchAction","target":{"@type":"EntryPoint","urlTemplate":"https:\/\/permakultur-landwirtschaft.org\/?s={search_term_string}"},"query-input":{"@type":"PropertyValueSpecification","valueRequired":true,"valueName":"search_term_string"}}],"inLanguage":"fr-FR"},{"@type":"Organization","@id":"https:\/\/permakultur-landwirtschaft.org\/#organization","name":"Permakultur-Landwirtschaft","alternateName":"Verein Permakultur-Landwirtschaft","url":"https:\/\/permakultur-landwirtschaft.org\/","logo":{"@type":"ImageObject","inLanguage":"fr-FR","@id":"https:\/\/permakultur-landwirtschaft.org\/#\/schema\/logo\/image\/","url":"https:\/\/permakultur-landwirtschaft.org\/wp-content\/uploads\/2021\/11\/pela_1268x1269.png","contentUrl":"https:\/\/permakultur-landwirtschaft.org\/wp-content\/uploads\/2021\/11\/pela_1268x1269.png","width":1298,"height":1269,"caption":"Permakultur-Landwirtschaft"},"image":{"@id":"https:\/\/permakultur-landwirtschaft.org\/#\/schema\/logo\/image\/"},"sameAs":["https:\/\/www.facebook.com\/PermakulturLandwirtschaft","https:\/\/www.instagram.com\/permakultur_landwirtschaft\/","https:\/\/www.flickr.com\/photos\/permakultur-landwirtschaft","https:\/\/www.youtube.com\/@PermakulturLandwirtschaft"]},{"@type":"Person","@id":"https:\/\/permakultur-landwirtschaft.org\/#\/schema\/person\/6b0467872f75aed3e144093f9bf4f0b0","name":"adrian reutimann","url":"https:\/\/permakultur-landwirtschaft.org\/fr\/author\/reutiadr\/"}]}},"_links":{"self":[{"href":"https:\/\/permakultur-landwirtschaft.org\/fr\/wp-json\/wp\/v2\/posts\/34392","targetHints":{"allow":["GET"]}}],"collection":[{"href":"https:\/\/permakultur-landwirtschaft.org\/fr\/wp-json\/wp\/v2\/posts"}],"about":[{"href":"https:\/\/permakultur-landwirtschaft.org\/fr\/wp-json\/wp\/v2\/types\/post"}],"author":[{"embeddable":true,"href":"https:\/\/permakultur-landwirtschaft.org\/fr\/wp-json\/wp\/v2\/users\/2"}],"replies":[{"embeddable":true,"href":"https:\/\/permakultur-landwirtschaft.org\/fr\/wp-json\/wp\/v2\/comments?post=34392"}],"version-history":[{"count":1,"href":"https:\/\/permakultur-landwirtschaft.org\/fr\/wp-json\/wp\/v2\/posts\/34392\/revisions"}],"predecessor-version":[{"id":34394,"href":"https:\/\/permakultur-landwirtschaft.org\/fr\/wp-json\/wp\/v2\/posts\/34392\/revisions\/34394"}],"wp:featuredmedia":[{"embeddable":true,"href":"https:\/\/permakultur-landwirtschaft.org\/fr\/wp-json\/wp\/v2\/media\/34393"}],"wp:attachment":[{"href":"https:\/\/permakultur-landwirtschaft.org\/fr\/wp-json\/wp\/v2\/media?parent=34392"}],"wp:term":[{"taxonomy":"category","embeddable":true,"href":"https:\/\/permakultur-landwirtschaft.org\/fr\/wp-json\/wp\/v2\/categories?post=34392"},{"taxonomy":"post_tag","embeddable":true,"href":"https:\/\/permakultur-landwirtschaft.org\/fr\/wp-json\/wp\/v2\/tags?post=34392"}],"curies":[{"name":"wp","href":"https:\/\/api.w.org\/{rel}","templated":true}]}}