{"id":34162,"date":"2024-03-27T12:17:02","date_gmt":"2024-03-27T11:17:02","guid":{"rendered":"https:\/\/permakultur-landwirtschaft.org\/?p=34162"},"modified":"2024-04-26T09:00:08","modified_gmt":"2024-04-26T07:00:08","slug":"gv2024","status":"publish","type":"post","link":"https:\/\/permakultur-landwirtschaft.org\/fr\/gv2024\/","title":{"rendered":"Mitgliederversammlung des Vereins Permakultur-Landwirtschaft am 20. April 2024"},"content":{"rendered":"<div data-elementor-type=\"wp-post\" data-elementor-id=\"34162\" class=\"elementor elementor-34162\" data-elementor-post-type=\"post\">\n\t\t\t\t<div class=\"elementor-element elementor-element-39cc8249 e-flex e-con-boxed e-con e-parent\" data-id=\"39cc8249\" data-element_type=\"container\" data-e-type=\"container\">\n\t\t\t\t\t<div class=\"e-con-inner\">\n\t\t\t\t<div class=\"elementor-element elementor-element-b87c5ec elementor-widget elementor-widget-heading\" data-id=\"b87c5ec\" data-element_type=\"widget\" data-e-type=\"widget\" data-widget_type=\"heading.default\">\n\t\t\t\t<div class=\"elementor-widget-container\">\n\t\t\t\t\t<h2 class=\"elementor-heading-title elementor-size-default\">Mitgliederversammlung des Vereins Permakultur-Landwirtschaft am 20. April 2024<\/h2>\t\t\t\t<\/div>\n\t\t\t\t<\/div>\n\t\t\t\t<div class=\"elementor-element elementor-element-5041b86 elementor-widget elementor-widget-text-editor\" data-id=\"5041b86\" data-element_type=\"widget\" data-e-type=\"widget\" data-widget_type=\"text-editor.default\">\n\t\t\t\t<div class=\"elementor-widget-container\">\n\t\t\t\t\t\t\t\t\t\n<p>Dieses Jahr treffen wir uns auf dem <a href=\"https:\/\/horbermatt.ch\/\" target=\"_blank\" rel=\"noreferrer noopener\">Hof Horbermatt<\/a> in Oberbalm bei Bern. Der Betrieb wird von Familie Ramser belebt und bewirtschaftet und bietet neben den hochwertigen Hofprodukten einiges an Innovation und Aktivit\u00e4t. Im Anschluss an die Mitgliederversammlung haben wir die Gelegenheit, mit Philipp Ramser Einblick in den Hof und das frisch umgesetzte Projekt \u201cBiberd\u00e4mme\u201d zu erhalten. Mehr zum Hof Horbermatt: <a href=\"https:\/\/horbermatt.ch\/\" target=\"_blank\" rel=\"noreferrer noopener\">horbermatt.ch<\/a><\/p>\n\n<p><strong>Date<\/strong><br \/>20. April 2024, 10:00 &#8211; 16:00<\/p>\n\n<p><strong>Lieu<\/strong><br \/>Hof Horbermatt<br \/>3096 Oberbalm BE<br \/><a href=\"https:\/\/horbermatt.ch\/\" target=\"_blank\" rel=\"noopener\">horbermatt.ch<\/a><\/p>\n\n<p><strong>Arriv\u00e9e<\/strong><br \/>Mit dem \u00f6ffentlichen Verkehr:<br \/>Postautolinie Nr. 631 K\u00f6niz\u2013Niedermuhlern\u2013Riggisberg oder Nr. 621 Oberbalm\u2013Oberscherli\u2013Niederscherli<br \/>Ankunft Haltestelle Oberscherli, Leimen, f\u00fcnf min\u00fctiger Fussmarsch zum Hof (<a href=\"https:\/\/horbermatt.ch\/kontakt.html#karte\" target=\"_blank\" rel=\"noreferrer noopener\">Link zur Karte<\/a>) <br \/>oder mit dem Auto.<\/p>\n\n<p><strong>Programme<\/strong><br \/>10:00 \u2013 12:00 Uhr Mitgliederversammlung des Vereins Permakultur-Landwirtschaft<br \/>12:30 \u2013 14:00 Uhr Pizza-Plausch \u00e0 discretion<br \/>14:00 \u2013 15:00 Uhr Hoff\u00fchrung von Philipp Ramser, Dauer 1h \u00fcber Biberd\u00e4mme<br \/>16:00 Uhr Verabschiedung<\/p>\n\n<p><strong>Co\u00fbts<\/strong><br \/>Kostenlos f\u00fcr Mitglieder des Vereins. <br \/>CHF 50.- f\u00fcr Nichtmitglieder (Unkostenbeitrag f\u00fcr Essen und Hoff\u00fchrung)<\/p>\n<p><strong>Traktanden<\/strong><\/p>\n\n<ul class=\"wp-block-list\">\n<li>Willkommen auf dem Hof Horbermatt<\/li>\n\n<li>Jahresr\u00fcckblick 2023<\/li>\n\n<li>Genehmigung des Protokolls der letzten Mitgliederversammlung vom 16. M\u00e4rz 2023<\/li>\n\n<li>Genehmigung des Jahresberichts 2023<\/li>\n\n<li>Entgegennahme des Revisionsberichts und Genehmigung der Jahresrechnung 2023 und Entlastung des Vorstands<\/li>\n\n<li>Genehmigung des Jahresbudgets 2024<\/li>\n\n<li>Vorstellung des T\u00e4tigkeitsprogramms 2024<\/li>\n\n<li>Wahl Vorstand<br \/>Vorschlag: Isabel Schl\u00e4ppi (bisher), Etel Keller (bisher), Melanie Alder (bisher), Hans Ramseier (neu)<br \/>R\u00fccktritte: Martin Lichtenegger, Margrit Paradis, Sabrina Furrer<\/li>\n\n<li>Wahl Revisionsstelle<\/li>\n\n<li>Beschlussfassung \u00fcber Antr\u00e4ge des Vorstands\n<ul class=\"wp-block-list\">\n<li>Studenten Kategorie aufl\u00f6sen (nicht in den Statuten)<\/li>\n\n<li>Ausschluss von Mitgliedern nach dem 1. Jahr nicht bezahlens (bisher nicht in den Statuten)<\/li>\n\n<li>Gegen einen h\u00f6heren Mitgliedsbeitrag wird neu auch das Permakultur Magazin an Mitglieder versendet.<\/li>\n\n<li>Zuk\u00fcnftige Einladungen zur Mitgliederversammlung\n<ul class=\"wp-block-list\">\n<li>Variante 1 : Alle per Mail, auf Wunsch per Post<\/li>\n\n<li>Variante 2 : Alle per Post, auf Wunsch per Mail<\/li>\n<\/ul>\n<\/li>\n<\/ul>\n<\/li>\n\n<li>Beschlussfassung \u00fcber Antr\u00e4ge der Mitglieder<\/li>\n\n<li>Abschluss und Dank<\/li>\n<\/ul>\n\n<p>Antr\u00e4ge von Mitgliedern bitte bis zum 10. April 2024 an untenstehende E-Mail-Adresse senden.<br \/>melanie.alder@permakultur-landwirtschaft.org<\/p>\n\n<p>Die Anmeldung f\u00fcr die Mitgliederversammlung und das Mittagessen bis sp\u00e4testens 12. April 2024.<\/p>\n\t\t\t\t\t\t\t\t<\/div>\n\t\t\t\t<\/div>\n\t\t\t\t<div class=\"elementor-element elementor-element-8372cce elementor-widget elementor-widget-text-editor\" data-id=\"8372cce\" data-element_type=\"widget\" data-e-type=\"widget\" data-widget_type=\"text-editor.default\">\n\t\t\t\t<div class=\"elementor-widget-container\">\n\t\t\t\t\t\t\t\t\t<p><a href=\"https:\/\/www.flickr.com\/photos\/permakultur-landwirtschaft\/albums\/72177720316479401\/\" target=\"_blank\" rel=\"noopener\">Link zu den Fotos der Veranstaltung<\/a><\/p>\t\t\t\t\t\t\t\t<\/div>\n\t\t\t\t<\/div>\n\t\t\t\t\t<\/div>\n\t\t\t\t<\/div>\n\t\t\t\t<\/div>","protected":false},"excerpt":{"rendered":"<p>Mitgliederversammlung des Vereins Permakultur-Landwirtschaft am 20. April 2024 Dieses Jahr treffen wir uns auf dem Hof Horbermatt in Oberbalm bei Bern. Der Betrieb wird von Familie Ramser belebt und bewirtschaftet und bietet neben den hochwertigen Hofprodukten einiges an Innovation und Aktivit\u00e4t. Im Anschluss an die Mitgliederversammlung haben wir die Gelegenheit, mit Philipp Ramser Einblick in [&hellip;]<\/p>\n","protected":false},"author":2,"featured_media":34164,"comment_status":"closed","ping_status":"closed","sticky":false,"template":"elementor_theme","format":"standard","meta":{"_acf_changed":false,"site-sidebar-layout":"default","site-content-layout":"","ast-site-content-layout":"default","site-content-style":"default","site-sidebar-style":"default","ast-global-header-display":"","ast-banner-title-visibility":"","ast-main-header-display":"","ast-hfb-above-header-display":"","ast-hfb-below-header-display":"","ast-hfb-mobile-header-display":"","site-post-title":"","ast-breadcrumbs-content":"","ast-featured-img":"","footer-sml-layout":"","ast-disable-related-posts":"","theme-transparent-header-meta":"","adv-header-id-meta":"","stick-header-meta":"","header-above-stick-meta":"","header-main-stick-meta":"","header-below-stick-meta":"","astra-migrate-meta-layouts":"set","ast-page-background-enabled":"default","ast-page-background-meta":{"desktop":{"background-color":"var(--ast-global-color-4)","background-image":"","background-repeat":"repeat","background-position":"center center","background-size":"auto","background-attachment":"scroll","background-type":"","background-media":"","overlay-type":"","overlay-color":"","overlay-opacity":"","overlay-gradient":""},"tablet":{"background-color":"","background-image":"","background-repeat":"repeat","background-position":"center center","background-size":"auto","background-attachment":"scroll","background-type":"","background-media":"","overlay-type":"","overlay-color":"","overlay-opacity":"","overlay-gradient":""},"mobile":{"background-color":"","background-image":"","background-repeat":"repeat","background-position":"center center","background-size":"auto","background-attachment":"scroll","background-type":"","background-media":"","overlay-type":"","overlay-color":"","overlay-opacity":"","overlay-gradient":""}},"ast-content-background-meta":{"desktop":{"background-color":"var(--ast-global-color-5)","background-image":"","background-repeat":"repeat","background-position":"center center","background-size":"auto","background-attachment":"scroll","background-type":"","background-media":"","overlay-type":"","overlay-color":"","overlay-opacity":"","overlay-gradient":""},"tablet":{"background-color":"var(--ast-global-color-5)","background-image":"","background-repeat":"repeat","background-position":"center center","background-size":"auto","background-attachment":"scroll","background-type":"","background-media":"","overlay-type":"","overlay-color":"","overlay-opacity":"","overlay-gradient":""},"mobile":{"background-color":"var(--ast-global-color-5)","background-image":"","background-repeat":"repeat","background-position":"center center","background-size":"auto","background-attachment":"scroll","background-type":"","background-media":"","overlay-type":"","overlay-color":"","overlay-opacity":"","overlay-gradient":""}},"footnotes":""},"categories":[14],"tags":[305,217,304,306,303],"class_list":["post-34162","post","type-post","status-publish","format-standard","has-post-thumbnail","hentry","category-veranstaltung","tag-einladung","tag-horbermatt","tag-mitgliederversammlung","tag-pizza","tag-verein-permakultur-landwirtschaft"],"acf":[],"yoast_head":"<!-- This site is optimized with the Yoast SEO plugin v27.5 - https:\/\/yoast.com\/product\/yoast-seo-wordpress\/ -->\n<title>Mitgliederversammlung des Vereins Permakultur-Landwirtschaft am 20. April 2024 - Permakultur-Landwirtschaft<\/title>\n<meta name=\"robots\" content=\"index, follow, max-snippet:-1, max-image-preview:large, max-video-preview:-1\" \/>\n<link rel=\"canonical\" href=\"https:\/\/permakultur-landwirtschaft.org\/fr\/gv2024\/\" \/>\n<meta property=\"og:locale\" content=\"fr_FR\" \/>\n<meta property=\"og:type\" content=\"article\" \/>\n<meta property=\"og:title\" content=\"Mitgliederversammlung des Vereins Permakultur-Landwirtschaft am 20. April 2024 - Permakultur-Landwirtschaft\" \/>\n<meta property=\"og:description\" content=\"Mitgliederversammlung des Vereins Permakultur-Landwirtschaft am 20. April 2024 Dieses Jahr treffen wir uns auf dem Hof Horbermatt in Oberbalm bei Bern. Der Betrieb wird von Familie Ramser belebt und bewirtschaftet und bietet neben den hochwertigen Hofprodukten einiges an Innovation und Aktivit\u00e4t. Im Anschluss an die Mitgliederversammlung haben wir die Gelegenheit, mit Philipp Ramser Einblick in [&hellip;]\" \/>\n<meta property=\"og:url\" content=\"https:\/\/permakultur-landwirtschaft.org\/fr\/gv2024\/\" \/>\n<meta property=\"og:site_name\" content=\"Permakultur-Landwirtschaft\" \/>\n<meta property=\"article:publisher\" content=\"https:\/\/www.facebook.com\/PermakulturLandwirtschaft\" \/>\n<meta property=\"article:published_time\" content=\"2024-03-27T11:17:02+00:00\" \/>\n<meta property=\"article:modified_time\" content=\"2024-04-26T07:00:08+00:00\" \/>\n<meta property=\"og:image\" content=\"https:\/\/permakultur-landwirtschaft.org\/wp-content\/uploads\/2024\/03\/Horbermatt_HUG1237_mit_pela_logo.jpg\" \/>\n\t<meta property=\"og:image:width\" content=\"700\" \/>\n\t<meta property=\"og:image:height\" content=\"466\" \/>\n\t<meta property=\"og:image:type\" content=\"image\/jpeg\" \/>\n<meta name=\"author\" content=\"adrian reutimann\" \/>\n<meta name=\"twitter:card\" content=\"summary_large_image\" \/>\n<meta name=\"twitter:label1\" content=\"\u00c9crit par\" \/>\n\t<meta name=\"twitter:data1\" content=\"adrian reutimann\" \/>\n\t<meta name=\"twitter:label2\" content=\"Dur\u00e9e de lecture estim\u00e9e\" \/>\n\t<meta name=\"twitter:data2\" content=\"2 minutes\" \/>\n<script type=\"application\/ld+json\" class=\"yoast-schema-graph\">{\"@context\":\"https:\\\/\\\/schema.org\",\"@graph\":[{\"@type\":\"Article\",\"@id\":\"https:\\\/\\\/permakultur-landwirtschaft.org\\\/gv2024\\\/#article\",\"isPartOf\":{\"@id\":\"https:\\\/\\\/permakultur-landwirtschaft.org\\\/gv2024\\\/\"},\"author\":{\"name\":\"adrian reutimann\",\"@id\":\"https:\\\/\\\/permakultur-landwirtschaft.org\\\/#\\\/schema\\\/person\\\/6b0467872f75aed3e144093f9bf4f0b0\"},\"headline\":\"Mitgliederversammlung des Vereins Permakultur-Landwirtschaft am 20. April 2024\",\"datePublished\":\"2024-03-27T11:17:02+00:00\",\"dateModified\":\"2024-04-26T07:00:08+00:00\",\"mainEntityOfPage\":{\"@id\":\"https:\\\/\\\/permakultur-landwirtschaft.org\\\/gv2024\\\/\"},\"wordCount\":330,\"publisher\":{\"@id\":\"https:\\\/\\\/permakultur-landwirtschaft.org\\\/#organization\"},\"image\":{\"@id\":\"https:\\\/\\\/permakultur-landwirtschaft.org\\\/gv2024\\\/#primaryimage\"},\"thumbnailUrl\":\"https:\\\/\\\/permakultur-landwirtschaft.org\\\/wp-content\\\/uploads\\\/2024\\\/03\\\/Horbermatt_HUG1237_mit_pela_logo.jpg\",\"keywords\":[\"Einladung\",\"Horbermatt\",\"Mitgliederversammlung\",\"Pizza\",\"Verein Permakultur-Landwirtschaft\"],\"articleSection\":[\"Veranstaltung\"],\"inLanguage\":\"fr-FR\"},{\"@type\":\"WebPage\",\"@id\":\"https:\\\/\\\/permakultur-landwirtschaft.org\\\/gv2024\\\/\",\"url\":\"https:\\\/\\\/permakultur-landwirtschaft.org\\\/gv2024\\\/\",\"name\":\"Mitgliederversammlung des Vereins Permakultur-Landwirtschaft am 20. April 2024 - Permakultur-Landwirtschaft\",\"isPartOf\":{\"@id\":\"https:\\\/\\\/permakultur-landwirtschaft.org\\\/#website\"},\"primaryImageOfPage\":{\"@id\":\"https:\\\/\\\/permakultur-landwirtschaft.org\\\/gv2024\\\/#primaryimage\"},\"image\":{\"@id\":\"https:\\\/\\\/permakultur-landwirtschaft.org\\\/gv2024\\\/#primaryimage\"},\"thumbnailUrl\":\"https:\\\/\\\/permakultur-landwirtschaft.org\\\/wp-content\\\/uploads\\\/2024\\\/03\\\/Horbermatt_HUG1237_mit_pela_logo.jpg\",\"datePublished\":\"2024-03-27T11:17:02+00:00\",\"dateModified\":\"2024-04-26T07:00:08+00:00\",\"breadcrumb\":{\"@id\":\"https:\\\/\\\/permakultur-landwirtschaft.org\\\/gv2024\\\/#breadcrumb\"},\"inLanguage\":\"fr-FR\",\"potentialAction\":[{\"@type\":\"ReadAction\",\"target\":[\"https:\\\/\\\/permakultur-landwirtschaft.org\\\/gv2024\\\/\"]}]},{\"@type\":\"ImageObject\",\"inLanguage\":\"fr-FR\",\"@id\":\"https:\\\/\\\/permakultur-landwirtschaft.org\\\/gv2024\\\/#primaryimage\",\"url\":\"https:\\\/\\\/permakultur-landwirtschaft.org\\\/wp-content\\\/uploads\\\/2024\\\/03\\\/Horbermatt_HUG1237_mit_pela_logo.jpg\",\"contentUrl\":\"https:\\\/\\\/permakultur-landwirtschaft.org\\\/wp-content\\\/uploads\\\/2024\\\/03\\\/Horbermatt_HUG1237_mit_pela_logo.jpg\",\"width\":700,\"height\":466},{\"@type\":\"BreadcrumbList\",\"@id\":\"https:\\\/\\\/permakultur-landwirtschaft.org\\\/gv2024\\\/#breadcrumb\",\"itemListElement\":[{\"@type\":\"ListItem\",\"position\":1,\"name\":\"Startseite\",\"item\":\"https:\\\/\\\/permakultur-landwirtschaft.org\\\/\"},{\"@type\":\"ListItem\",\"position\":2,\"name\":\"Mitgliederversammlung des Vereins Permakultur-Landwirtschaft am 20. April 2024\"}]},{\"@type\":\"WebSite\",\"@id\":\"https:\\\/\\\/permakultur-landwirtschaft.org\\\/#website\",\"url\":\"https:\\\/\\\/permakultur-landwirtschaft.org\\\/\",\"name\":\"Permakultur-Landwirtschaft\",\"description\":\"F\u00f6rderung der Permakultur in der Landwirtschaft\",\"publisher\":{\"@id\":\"https:\\\/\\\/permakultur-landwirtschaft.org\\\/#organization\"},\"potentialAction\":[{\"@type\":\"SearchAction\",\"target\":{\"@type\":\"EntryPoint\",\"urlTemplate\":\"https:\\\/\\\/permakultur-landwirtschaft.org\\\/?s={search_term_string}\"},\"query-input\":{\"@type\":\"PropertyValueSpecification\",\"valueRequired\":true,\"valueName\":\"search_term_string\"}}],\"inLanguage\":\"fr-FR\"},{\"@type\":\"Organization\",\"@id\":\"https:\\\/\\\/permakultur-landwirtschaft.org\\\/#organization\",\"name\":\"Permakultur-Landwirtschaft\",\"alternateName\":\"Verein Permakultur-Landwirtschaft\",\"url\":\"https:\\\/\\\/permakultur-landwirtschaft.org\\\/\",\"logo\":{\"@type\":\"ImageObject\",\"inLanguage\":\"fr-FR\",\"@id\":\"https:\\\/\\\/permakultur-landwirtschaft.org\\\/#\\\/schema\\\/logo\\\/image\\\/\",\"url\":\"https:\\\/\\\/permakultur-landwirtschaft.org\\\/wp-content\\\/uploads\\\/2021\\\/11\\\/pela_1268x1269.png\",\"contentUrl\":\"https:\\\/\\\/permakultur-landwirtschaft.org\\\/wp-content\\\/uploads\\\/2021\\\/11\\\/pela_1268x1269.png\",\"width\":1298,\"height\":1269,\"caption\":\"Permakultur-Landwirtschaft\"},\"image\":{\"@id\":\"https:\\\/\\\/permakultur-landwirtschaft.org\\\/#\\\/schema\\\/logo\\\/image\\\/\"},\"sameAs\":[\"https:\\\/\\\/www.facebook.com\\\/PermakulturLandwirtschaft\",\"https:\\\/\\\/www.instagram.com\\\/permakultur_landwirtschaft\\\/\",\"https:\\\/\\\/www.flickr.com\\\/photos\\\/permakultur-landwirtschaft\",\"https:\\\/\\\/www.youtube.com\\\/@PermakulturLandwirtschaft\"]},{\"@type\":\"Person\",\"@id\":\"https:\\\/\\\/permakultur-landwirtschaft.org\\\/#\\\/schema\\\/person\\\/6b0467872f75aed3e144093f9bf4f0b0\",\"name\":\"adrian reutimann\",\"url\":\"https:\\\/\\\/permakultur-landwirtschaft.org\\\/fr\\\/author\\\/reutiadr\\\/\"}]}<\/script>\n<!-- \/ Yoast SEO plugin. -->","yoast_head_json":{"title":"Mitgliederversammlung des Vereins Permakultur-Landwirtschaft am 20. April 2024 - Permakultur-Landwirtschaft","robots":{"index":"index","follow":"follow","max-snippet":"max-snippet:-1","max-image-preview":"max-image-preview:large","max-video-preview":"max-video-preview:-1"},"canonical":"https:\/\/permakultur-landwirtschaft.org\/fr\/gv2024\/","og_locale":"fr_FR","og_type":"article","og_title":"Mitgliederversammlung des Vereins Permakultur-Landwirtschaft am 20. April 2024 - Permakultur-Landwirtschaft","og_description":"Mitgliederversammlung des Vereins Permakultur-Landwirtschaft am 20. April 2024 Dieses Jahr treffen wir uns auf dem Hof Horbermatt in Oberbalm bei Bern. Der Betrieb wird von Familie Ramser belebt und bewirtschaftet und bietet neben den hochwertigen Hofprodukten einiges an Innovation und Aktivit\u00e4t. Im Anschluss an die Mitgliederversammlung haben wir die Gelegenheit, mit Philipp Ramser Einblick in [&hellip;]","og_url":"https:\/\/permakultur-landwirtschaft.org\/fr\/gv2024\/","og_site_name":"Permakultur-Landwirtschaft","article_publisher":"https:\/\/www.facebook.com\/PermakulturLandwirtschaft","article_published_time":"2024-03-27T11:17:02+00:00","article_modified_time":"2024-04-26T07:00:08+00:00","og_image":[{"width":700,"height":466,"url":"https:\/\/permakultur-landwirtschaft.org\/wp-content\/uploads\/2024\/03\/Horbermatt_HUG1237_mit_pela_logo.jpg","type":"image\/jpeg"}],"author":"adrian reutimann","twitter_card":"summary_large_image","twitter_misc":{"\u00c9crit par":"adrian reutimann","Dur\u00e9e de lecture estim\u00e9e":"2 minutes"},"schema":{"@context":"https:\/\/schema.org","@graph":[{"@type":"Article","@id":"https:\/\/permakultur-landwirtschaft.org\/gv2024\/#article","isPartOf":{"@id":"https:\/\/permakultur-landwirtschaft.org\/gv2024\/"},"author":{"name":"adrian reutimann","@id":"https:\/\/permakultur-landwirtschaft.org\/#\/schema\/person\/6b0467872f75aed3e144093f9bf4f0b0"},"headline":"Mitgliederversammlung des Vereins Permakultur-Landwirtschaft am 20. April 2024","datePublished":"2024-03-27T11:17:02+00:00","dateModified":"2024-04-26T07:00:08+00:00","mainEntityOfPage":{"@id":"https:\/\/permakultur-landwirtschaft.org\/gv2024\/"},"wordCount":330,"publisher":{"@id":"https:\/\/permakultur-landwirtschaft.org\/#organization"},"image":{"@id":"https:\/\/permakultur-landwirtschaft.org\/gv2024\/#primaryimage"},"thumbnailUrl":"https:\/\/permakultur-landwirtschaft.org\/wp-content\/uploads\/2024\/03\/Horbermatt_HUG1237_mit_pela_logo.jpg","keywords":["Einladung","Horbermatt","Mitgliederversammlung","Pizza","Verein Permakultur-Landwirtschaft"],"articleSection":["Veranstaltung"],"inLanguage":"fr-FR"},{"@type":"WebPage","@id":"https:\/\/permakultur-landwirtschaft.org\/gv2024\/","url":"https:\/\/permakultur-landwirtschaft.org\/gv2024\/","name":"Mitgliederversammlung des Vereins Permakultur-Landwirtschaft am 20. April 2024 - Permakultur-Landwirtschaft","isPartOf":{"@id":"https:\/\/permakultur-landwirtschaft.org\/#website"},"primaryImageOfPage":{"@id":"https:\/\/permakultur-landwirtschaft.org\/gv2024\/#primaryimage"},"image":{"@id":"https:\/\/permakultur-landwirtschaft.org\/gv2024\/#primaryimage"},"thumbnailUrl":"https:\/\/permakultur-landwirtschaft.org\/wp-content\/uploads\/2024\/03\/Horbermatt_HUG1237_mit_pela_logo.jpg","datePublished":"2024-03-27T11:17:02+00:00","dateModified":"2024-04-26T07:00:08+00:00","breadcrumb":{"@id":"https:\/\/permakultur-landwirtschaft.org\/gv2024\/#breadcrumb"},"inLanguage":"fr-FR","potentialAction":[{"@type":"ReadAction","target":["https:\/\/permakultur-landwirtschaft.org\/gv2024\/"]}]},{"@type":"ImageObject","inLanguage":"fr-FR","@id":"https:\/\/permakultur-landwirtschaft.org\/gv2024\/#primaryimage","url":"https:\/\/permakultur-landwirtschaft.org\/wp-content\/uploads\/2024\/03\/Horbermatt_HUG1237_mit_pela_logo.jpg","contentUrl":"https:\/\/permakultur-landwirtschaft.org\/wp-content\/uploads\/2024\/03\/Horbermatt_HUG1237_mit_pela_logo.jpg","width":700,"height":466},{"@type":"BreadcrumbList","@id":"https:\/\/permakultur-landwirtschaft.org\/gv2024\/#breadcrumb","itemListElement":[{"@type":"ListItem","position":1,"name":"Startseite","item":"https:\/\/permakultur-landwirtschaft.org\/"},{"@type":"ListItem","position":2,"name":"Mitgliederversammlung des Vereins Permakultur-Landwirtschaft am 20. April 2024"}]},{"@type":"WebSite","@id":"https:\/\/permakultur-landwirtschaft.org\/#website","url":"https:\/\/permakultur-landwirtschaft.org\/","name":"Permakultur-Landwirtschaft","description":"F\u00f6rderung der Permakultur in der Landwirtschaft","publisher":{"@id":"https:\/\/permakultur-landwirtschaft.org\/#organization"},"potentialAction":[{"@type":"SearchAction","target":{"@type":"EntryPoint","urlTemplate":"https:\/\/permakultur-landwirtschaft.org\/?s={search_term_string}"},"query-input":{"@type":"PropertyValueSpecification","valueRequired":true,"valueName":"search_term_string"}}],"inLanguage":"fr-FR"},{"@type":"Organization","@id":"https:\/\/permakultur-landwirtschaft.org\/#organization","name":"Permakultur-Landwirtschaft","alternateName":"Verein Permakultur-Landwirtschaft","url":"https:\/\/permakultur-landwirtschaft.org\/","logo":{"@type":"ImageObject","inLanguage":"fr-FR","@id":"https:\/\/permakultur-landwirtschaft.org\/#\/schema\/logo\/image\/","url":"https:\/\/permakultur-landwirtschaft.org\/wp-content\/uploads\/2021\/11\/pela_1268x1269.png","contentUrl":"https:\/\/permakultur-landwirtschaft.org\/wp-content\/uploads\/2021\/11\/pela_1268x1269.png","width":1298,"height":1269,"caption":"Permakultur-Landwirtschaft"},"image":{"@id":"https:\/\/permakultur-landwirtschaft.org\/#\/schema\/logo\/image\/"},"sameAs":["https:\/\/www.facebook.com\/PermakulturLandwirtschaft","https:\/\/www.instagram.com\/permakultur_landwirtschaft\/","https:\/\/www.flickr.com\/photos\/permakultur-landwirtschaft","https:\/\/www.youtube.com\/@PermakulturLandwirtschaft"]},{"@type":"Person","@id":"https:\/\/permakultur-landwirtschaft.org\/#\/schema\/person\/6b0467872f75aed3e144093f9bf4f0b0","name":"adrian reutimann","url":"https:\/\/permakultur-landwirtschaft.org\/fr\/author\/reutiadr\/"}]}},"_links":{"self":[{"href":"https:\/\/permakultur-landwirtschaft.org\/fr\/wp-json\/wp\/v2\/posts\/34162","targetHints":{"allow":["GET"]}}],"collection":[{"href":"https:\/\/permakultur-landwirtschaft.org\/fr\/wp-json\/wp\/v2\/posts"}],"about":[{"href":"https:\/\/permakultur-landwirtschaft.org\/fr\/wp-json\/wp\/v2\/types\/post"}],"author":[{"embeddable":true,"href":"https:\/\/permakultur-landwirtschaft.org\/fr\/wp-json\/wp\/v2\/users\/2"}],"replies":[{"embeddable":true,"href":"https:\/\/permakultur-landwirtschaft.org\/fr\/wp-json\/wp\/v2\/comments?post=34162"}],"version-history":[{"count":41,"href":"https:\/\/permakultur-landwirtschaft.org\/fr\/wp-json\/wp\/v2\/posts\/34162\/revisions"}],"predecessor-version":[{"id":36002,"href":"https:\/\/permakultur-landwirtschaft.org\/fr\/wp-json\/wp\/v2\/posts\/34162\/revisions\/36002"}],"wp:featuredmedia":[{"embeddable":true,"href":"https:\/\/permakultur-landwirtschaft.org\/fr\/wp-json\/wp\/v2\/media\/34164"}],"wp:attachment":[{"href":"https:\/\/permakultur-landwirtschaft.org\/fr\/wp-json\/wp\/v2\/media?parent=34162"}],"wp:term":[{"taxonomy":"category","embeddable":true,"href":"https:\/\/permakultur-landwirtschaft.org\/fr\/wp-json\/wp\/v2\/categories?post=34162"},{"taxonomy":"post_tag","embeddable":true,"href":"https:\/\/permakultur-landwirtschaft.org\/fr\/wp-json\/wp\/v2\/tags?post=34162"}],"curies":[{"name":"wp","href":"https:\/\/api.w.org\/{rel}","templated":true}]}}