{"id":34152,"date":"2024-03-27T10:50:50","date_gmt":"2024-03-27T09:50:50","guid":{"rendered":"https:\/\/permakultur-landwirtschaft.org\/?p=34152"},"modified":"2024-03-27T10:51:52","modified_gmt":"2024-03-27T09:51:52","slug":"agroforst-und-vitiforstsysteme-probio-fachanlass-am-24-april-2024","status":"publish","type":"post","link":"https:\/\/permakultur-landwirtschaft.org\/fr\/agroforst-und-vitiforstsysteme-probio-fachanlass-am-24-april-2024\/","title":{"rendered":"Agroforst- und Vitiforstsysteme &#8211; ProBio-Fachanlass am 24. April 2024"},"content":{"rendered":"<p>Text von ProBio:<\/p>\n\n\n\n<p>Agroforstsysteme vereinen Geh\u00f6lze und landwirtschaftliche Kulturen auf der gleichen Fl\u00e4che. Diese Kombination bietet zahlreiche \u00d6kosystemleistungen, wie verbesserte Bodenfruchtbarkeit, Wasserspeicherung oder Erosionsschutz. Gleichzeitig entziehen die Geh\u00f6lze C02 aus der Atmosph\u00e4re und stellen so eine der wichtigsten Kohlenstoffsenken in der Landwirtschaft dar.<br>W\u00e4hrend dem Fachanlass k\u00f6nnen verschiedene Agroforstsystem in der Praxis besichtigt und diskutiert werden. Der Anlass bietet Basis zur Inspiration und zum Austausch. Informiert wird ebenfalls \u00fcber m\u00f6gliche F\u00f6rderprogramme. Es besteht zudem die M\u00f6glichkeit anschliessend an einem weiterf\u00fchrenden Arbeitskreis teilzunehmen, um sich vertieft mit dem Thema Agroforst zu befassen und damit den eigenen Betrieb klimaresilienter und nachhaltiger zu gestalten.<\/p>\n\n\n\n<p><strong>Date<\/strong><br>24. April 2024, 13:30 \u2013 ca.16:00 Uhr<\/p>\n\n\n\n<p><strong>Lieu<\/strong><br>Hof STRAUSS BIOAGRIKULTUR<br>Familie Strauss<br>Hinter Gr\u00fct 12<br>8545 Rickenbach ZH<br><a href=\"https:\/\/www.bioagrikultur.bio\" target=\"_blank\" rel=\"noreferrer noopener\">www.bioagrikultur.bio<\/a><\/p>\n\n\n\n<p><a href=\"https:\/\/permakultur-landwirtschaft.org\/documents\/events\/20240424_Probio_Ausschreibung_Anlass_Agroforst.pdf\" target=\"_blank\" rel=\"noreferrer noopener\">Link zu mehr Infos<\/a><\/p>\n\n\n\n<p><a href=\"https:\/\/online2.superoffice.com\/Cust24140\/CS\/scripts\/customer.fcgi?action=formFrame&amp;formId=F-0p9g2Ipp\" target=\"_blank\" rel=\"noreferrer noopener\">Link zur Anmeldung<\/a><\/p>","protected":false},"excerpt":{"rendered":"<p>Text von ProBio: Agroforstsysteme vereinen Geh\u00f6lze und landwirtschaftliche Kulturen auf der gleichen Fl\u00e4che. Diese Kombination bietet zahlreiche \u00d6kosystemleistungen, wie verbesserte Bodenfruchtbarkeit, Wasserspeicherung oder Erosionsschutz. Gleichzeitig entziehen die Geh\u00f6lze C02 aus der Atmosph\u00e4re und stellen so eine der wichtigsten Kohlenstoffsenken in der Landwirtschaft dar.W\u00e4hrend dem Fachanlass k\u00f6nnen verschiedene Agroforstsystem in der Praxis besichtigt und diskutiert werden. [&hellip;]<\/p>\n","protected":false},"author":2,"featured_media":34153,"comment_status":"closed","ping_status":"closed","sticky":false,"template":"","format":"standard","meta":{"_acf_changed":false,"site-sidebar-layout":"default","site-content-layout":"","ast-site-content-layout":"default","site-content-style":"default","site-sidebar-style":"default","ast-global-header-display":"","ast-banner-title-visibility":"","ast-main-header-display":"","ast-hfb-above-header-display":"","ast-hfb-below-header-display":"","ast-hfb-mobile-header-display":"","site-post-title":"","ast-breadcrumbs-content":"","ast-featured-img":"","footer-sml-layout":"","ast-disable-related-posts":"","theme-transparent-header-meta":"","adv-header-id-meta":"","stick-header-meta":"","header-above-stick-meta":"","header-main-stick-meta":"","header-below-stick-meta":"","astra-migrate-meta-layouts":"set","ast-page-background-enabled":"default","ast-page-background-meta":{"desktop":{"background-color":"var(--ast-global-color-4)","background-image":"","background-repeat":"repeat","background-position":"center center","background-size":"auto","background-attachment":"scroll","background-type":"","background-media":"","overlay-type":"","overlay-color":"","overlay-opacity":"","overlay-gradient":""},"tablet":{"background-color":"","background-image":"","background-repeat":"repeat","background-position":"center center","background-size":"auto","background-attachment":"scroll","background-type":"","background-media":"","overlay-type":"","overlay-color":"","overlay-opacity":"","overlay-gradient":""},"mobile":{"background-color":"","background-image":"","background-repeat":"repeat","background-position":"center center","background-size":"auto","background-attachment":"scroll","background-type":"","background-media":"","overlay-type":"","overlay-color":"","overlay-opacity":"","overlay-gradient":""}},"ast-content-background-meta":{"desktop":{"background-color":"var(--ast-global-color-5)","background-image":"","background-repeat":"repeat","background-position":"center center","background-size":"auto","background-attachment":"scroll","background-type":"","background-media":"","overlay-type":"","overlay-color":"","overlay-opacity":"","overlay-gradient":""},"tablet":{"background-color":"var(--ast-global-color-5)","background-image":"","background-repeat":"repeat","background-position":"center center","background-size":"auto","background-attachment":"scroll","background-type":"","background-media":"","overlay-type":"","overlay-color":"","overlay-opacity":"","overlay-gradient":""},"mobile":{"background-color":"var(--ast-global-color-5)","background-image":"","background-repeat":"repeat","background-position":"center center","background-size":"auto","background-attachment":"scroll","background-type":"","background-media":"","overlay-type":"","overlay-color":"","overlay-opacity":"","overlay-gradient":""}},"footnotes":""},"categories":[14],"tags":[31,111,110,231,298],"class_list":["post-34152","post","type-post","status-publish","format-standard","has-post-thumbnail","hentry","category-veranstaltung","tag-agroforst","tag-fachanlass","tag-probio","tag-strauss-bioagrikultur","tag-vitiforst"],"acf":[],"yoast_head":"<!-- This site is optimized with the Yoast SEO plugin v27.5 - https:\/\/yoast.com\/product\/yoast-seo-wordpress\/ -->\n<title>Agroforst- und Vitiforstsysteme - ProBio-Fachanlass am 24. April 2024 - Permakultur-Landwirtschaft<\/title>\n<meta name=\"robots\" content=\"index, follow, max-snippet:-1, max-image-preview:large, max-video-preview:-1\" \/>\n<link rel=\"canonical\" href=\"https:\/\/permakultur-landwirtschaft.org\/fr\/agroforst-und-vitiforstsysteme-probio-fachanlass-am-24-april-2024\/\" \/>\n<meta property=\"og:locale\" content=\"fr_FR\" \/>\n<meta property=\"og:type\" content=\"article\" \/>\n<meta property=\"og:title\" content=\"Agroforst- und Vitiforstsysteme - ProBio-Fachanlass am 24. April 2024 - Permakultur-Landwirtschaft\" \/>\n<meta property=\"og:description\" content=\"Text von ProBio: Agroforstsysteme vereinen Geh\u00f6lze und landwirtschaftliche Kulturen auf der gleichen Fl\u00e4che. Diese Kombination bietet zahlreiche \u00d6kosystemleistungen, wie verbesserte Bodenfruchtbarkeit, Wasserspeicherung oder Erosionsschutz. Gleichzeitig entziehen die Geh\u00f6lze C02 aus der Atmosph\u00e4re und stellen so eine der wichtigsten Kohlenstoffsenken in der Landwirtschaft dar.W\u00e4hrend dem Fachanlass k\u00f6nnen verschiedene Agroforstsystem in der Praxis besichtigt und diskutiert werden. [&hellip;]\" \/>\n<meta property=\"og:url\" content=\"https:\/\/permakultur-landwirtschaft.org\/fr\/agroforst-und-vitiforstsysteme-probio-fachanlass-am-24-april-2024\/\" \/>\n<meta property=\"og:site_name\" content=\"Permakultur-Landwirtschaft\" \/>\n<meta property=\"article:publisher\" content=\"https:\/\/www.facebook.com\/PermakulturLandwirtschaft\" \/>\n<meta property=\"article:published_time\" content=\"2024-03-27T09:50:50+00:00\" \/>\n<meta property=\"article:modified_time\" content=\"2024-03-27T09:51:52+00:00\" \/>\n<meta property=\"og:image\" content=\"https:\/\/permakultur-landwirtschaft.org\/wp-content\/uploads\/2024\/03\/20240424_probio_agroforst_viticulture_2024-03-27_10-47-35.jpg\" \/>\n\t<meta property=\"og:image:width\" content=\"700\" \/>\n\t<meta property=\"og:image:height\" content=\"301\" \/>\n\t<meta property=\"og:image:type\" content=\"image\/jpeg\" \/>\n<meta name=\"author\" content=\"adrian reutimann\" \/>\n<meta name=\"twitter:card\" content=\"summary_large_image\" \/>\n<meta name=\"twitter:label1\" content=\"\u00c9crit par\" \/>\n\t<meta name=\"twitter:data1\" content=\"adrian reutimann\" \/>\n\t<meta name=\"twitter:label2\" content=\"Dur\u00e9e de lecture estim\u00e9e\" \/>\n\t<meta name=\"twitter:data2\" content=\"1 minute\" \/>\n<script type=\"application\/ld+json\" class=\"yoast-schema-graph\">{\"@context\":\"https:\\\/\\\/schema.org\",\"@graph\":[{\"@type\":\"Article\",\"@id\":\"https:\\\/\\\/permakultur-landwirtschaft.org\\\/agroforst-und-vitiforstsysteme-probio-fachanlass-am-24-april-2024\\\/#article\",\"isPartOf\":{\"@id\":\"https:\\\/\\\/permakultur-landwirtschaft.org\\\/agroforst-und-vitiforstsysteme-probio-fachanlass-am-24-april-2024\\\/\"},\"author\":{\"name\":\"adrian reutimann\",\"@id\":\"https:\\\/\\\/permakultur-landwirtschaft.org\\\/#\\\/schema\\\/person\\\/6b0467872f75aed3e144093f9bf4f0b0\"},\"headline\":\"Agroforst- und Vitiforstsysteme &#8211; ProBio-Fachanlass am 24. April 2024\",\"datePublished\":\"2024-03-27T09:50:50+00:00\",\"dateModified\":\"2024-03-27T09:51:52+00:00\",\"mainEntityOfPage\":{\"@id\":\"https:\\\/\\\/permakultur-landwirtschaft.org\\\/agroforst-und-vitiforstsysteme-probio-fachanlass-am-24-april-2024\\\/\"},\"wordCount\":141,\"publisher\":{\"@id\":\"https:\\\/\\\/permakultur-landwirtschaft.org\\\/#organization\"},\"image\":{\"@id\":\"https:\\\/\\\/permakultur-landwirtschaft.org\\\/agroforst-und-vitiforstsysteme-probio-fachanlass-am-24-april-2024\\\/#primaryimage\"},\"thumbnailUrl\":\"https:\\\/\\\/permakultur-landwirtschaft.org\\\/wp-content\\\/uploads\\\/2024\\\/03\\\/20240424_probio_agroforst_viticulture_2024-03-27_10-47-35.jpg\",\"keywords\":[\"Agroforst\",\"Fachanlass\",\"ProBio\",\"Strauss Bioagrikultur\",\"Vitiforst\"],\"articleSection\":[\"Veranstaltung\"],\"inLanguage\":\"fr-FR\"},{\"@type\":\"WebPage\",\"@id\":\"https:\\\/\\\/permakultur-landwirtschaft.org\\\/agroforst-und-vitiforstsysteme-probio-fachanlass-am-24-april-2024\\\/\",\"url\":\"https:\\\/\\\/permakultur-landwirtschaft.org\\\/agroforst-und-vitiforstsysteme-probio-fachanlass-am-24-april-2024\\\/\",\"name\":\"Agroforst- und Vitiforstsysteme - ProBio-Fachanlass am 24. April 2024 - Permakultur-Landwirtschaft\",\"isPartOf\":{\"@id\":\"https:\\\/\\\/permakultur-landwirtschaft.org\\\/#website\"},\"primaryImageOfPage\":{\"@id\":\"https:\\\/\\\/permakultur-landwirtschaft.org\\\/agroforst-und-vitiforstsysteme-probio-fachanlass-am-24-april-2024\\\/#primaryimage\"},\"image\":{\"@id\":\"https:\\\/\\\/permakultur-landwirtschaft.org\\\/agroforst-und-vitiforstsysteme-probio-fachanlass-am-24-april-2024\\\/#primaryimage\"},\"thumbnailUrl\":\"https:\\\/\\\/permakultur-landwirtschaft.org\\\/wp-content\\\/uploads\\\/2024\\\/03\\\/20240424_probio_agroforst_viticulture_2024-03-27_10-47-35.jpg\",\"datePublished\":\"2024-03-27T09:50:50+00:00\",\"dateModified\":\"2024-03-27T09:51:52+00:00\",\"breadcrumb\":{\"@id\":\"https:\\\/\\\/permakultur-landwirtschaft.org\\\/agroforst-und-vitiforstsysteme-probio-fachanlass-am-24-april-2024\\\/#breadcrumb\"},\"inLanguage\":\"fr-FR\",\"potentialAction\":[{\"@type\":\"ReadAction\",\"target\":[\"https:\\\/\\\/permakultur-landwirtschaft.org\\\/agroforst-und-vitiforstsysteme-probio-fachanlass-am-24-april-2024\\\/\"]}]},{\"@type\":\"ImageObject\",\"inLanguage\":\"fr-FR\",\"@id\":\"https:\\\/\\\/permakultur-landwirtschaft.org\\\/agroforst-und-vitiforstsysteme-probio-fachanlass-am-24-april-2024\\\/#primaryimage\",\"url\":\"https:\\\/\\\/permakultur-landwirtschaft.org\\\/wp-content\\\/uploads\\\/2024\\\/03\\\/20240424_probio_agroforst_viticulture_2024-03-27_10-47-35.jpg\",\"contentUrl\":\"https:\\\/\\\/permakultur-landwirtschaft.org\\\/wp-content\\\/uploads\\\/2024\\\/03\\\/20240424_probio_agroforst_viticulture_2024-03-27_10-47-35.jpg\",\"width\":700,\"height\":301},{\"@type\":\"BreadcrumbList\",\"@id\":\"https:\\\/\\\/permakultur-landwirtschaft.org\\\/agroforst-und-vitiforstsysteme-probio-fachanlass-am-24-april-2024\\\/#breadcrumb\",\"itemListElement\":[{\"@type\":\"ListItem\",\"position\":1,\"name\":\"Startseite\",\"item\":\"https:\\\/\\\/permakultur-landwirtschaft.org\\\/\"},{\"@type\":\"ListItem\",\"position\":2,\"name\":\"Agroforst- und Vitiforstsysteme &#8211; ProBio-Fachanlass am 24. April 2024\"}]},{\"@type\":\"WebSite\",\"@id\":\"https:\\\/\\\/permakultur-landwirtschaft.org\\\/#website\",\"url\":\"https:\\\/\\\/permakultur-landwirtschaft.org\\\/\",\"name\":\"Permakultur-Landwirtschaft\",\"description\":\"F\u00f6rderung der Permakultur in der Landwirtschaft\",\"publisher\":{\"@id\":\"https:\\\/\\\/permakultur-landwirtschaft.org\\\/#organization\"},\"potentialAction\":[{\"@type\":\"SearchAction\",\"target\":{\"@type\":\"EntryPoint\",\"urlTemplate\":\"https:\\\/\\\/permakultur-landwirtschaft.org\\\/?s={search_term_string}\"},\"query-input\":{\"@type\":\"PropertyValueSpecification\",\"valueRequired\":true,\"valueName\":\"search_term_string\"}}],\"inLanguage\":\"fr-FR\"},{\"@type\":\"Organization\",\"@id\":\"https:\\\/\\\/permakultur-landwirtschaft.org\\\/#organization\",\"name\":\"Permakultur-Landwirtschaft\",\"alternateName\":\"Verein Permakultur-Landwirtschaft\",\"url\":\"https:\\\/\\\/permakultur-landwirtschaft.org\\\/\",\"logo\":{\"@type\":\"ImageObject\",\"inLanguage\":\"fr-FR\",\"@id\":\"https:\\\/\\\/permakultur-landwirtschaft.org\\\/#\\\/schema\\\/logo\\\/image\\\/\",\"url\":\"https:\\\/\\\/permakultur-landwirtschaft.org\\\/wp-content\\\/uploads\\\/2021\\\/11\\\/pela_1268x1269.png\",\"contentUrl\":\"https:\\\/\\\/permakultur-landwirtschaft.org\\\/wp-content\\\/uploads\\\/2021\\\/11\\\/pela_1268x1269.png\",\"width\":1298,\"height\":1269,\"caption\":\"Permakultur-Landwirtschaft\"},\"image\":{\"@id\":\"https:\\\/\\\/permakultur-landwirtschaft.org\\\/#\\\/schema\\\/logo\\\/image\\\/\"},\"sameAs\":[\"https:\\\/\\\/www.facebook.com\\\/PermakulturLandwirtschaft\",\"https:\\\/\\\/www.instagram.com\\\/permakultur_landwirtschaft\\\/\",\"https:\\\/\\\/www.flickr.com\\\/photos\\\/permakultur-landwirtschaft\",\"https:\\\/\\\/www.youtube.com\\\/@PermakulturLandwirtschaft\"]},{\"@type\":\"Person\",\"@id\":\"https:\\\/\\\/permakultur-landwirtschaft.org\\\/#\\\/schema\\\/person\\\/6b0467872f75aed3e144093f9bf4f0b0\",\"name\":\"adrian reutimann\",\"url\":\"https:\\\/\\\/permakultur-landwirtschaft.org\\\/fr\\\/author\\\/reutiadr\\\/\"}]}<\/script>\n<!-- \/ Yoast SEO plugin. -->","yoast_head_json":{"title":"Agroforst- und Vitiforstsysteme - ProBio-Fachanlass am 24. April 2024 - Permakultur-Landwirtschaft","robots":{"index":"index","follow":"follow","max-snippet":"max-snippet:-1","max-image-preview":"max-image-preview:large","max-video-preview":"max-video-preview:-1"},"canonical":"https:\/\/permakultur-landwirtschaft.org\/fr\/agroforst-und-vitiforstsysteme-probio-fachanlass-am-24-april-2024\/","og_locale":"fr_FR","og_type":"article","og_title":"Agroforst- und Vitiforstsysteme - ProBio-Fachanlass am 24. April 2024 - Permakultur-Landwirtschaft","og_description":"Text von ProBio: Agroforstsysteme vereinen Geh\u00f6lze und landwirtschaftliche Kulturen auf der gleichen Fl\u00e4che. Diese Kombination bietet zahlreiche \u00d6kosystemleistungen, wie verbesserte Bodenfruchtbarkeit, Wasserspeicherung oder Erosionsschutz. Gleichzeitig entziehen die Geh\u00f6lze C02 aus der Atmosph\u00e4re und stellen so eine der wichtigsten Kohlenstoffsenken in der Landwirtschaft dar.W\u00e4hrend dem Fachanlass k\u00f6nnen verschiedene Agroforstsystem in der Praxis besichtigt und diskutiert werden. [&hellip;]","og_url":"https:\/\/permakultur-landwirtschaft.org\/fr\/agroforst-und-vitiforstsysteme-probio-fachanlass-am-24-april-2024\/","og_site_name":"Permakultur-Landwirtschaft","article_publisher":"https:\/\/www.facebook.com\/PermakulturLandwirtschaft","article_published_time":"2024-03-27T09:50:50+00:00","article_modified_time":"2024-03-27T09:51:52+00:00","og_image":[{"width":700,"height":301,"url":"https:\/\/permakultur-landwirtschaft.org\/wp-content\/uploads\/2024\/03\/20240424_probio_agroforst_viticulture_2024-03-27_10-47-35.jpg","type":"image\/jpeg"}],"author":"adrian reutimann","twitter_card":"summary_large_image","twitter_misc":{"\u00c9crit par":"adrian reutimann","Dur\u00e9e de lecture estim\u00e9e":"1 minute"},"schema":{"@context":"https:\/\/schema.org","@graph":[{"@type":"Article","@id":"https:\/\/permakultur-landwirtschaft.org\/agroforst-und-vitiforstsysteme-probio-fachanlass-am-24-april-2024\/#article","isPartOf":{"@id":"https:\/\/permakultur-landwirtschaft.org\/agroforst-und-vitiforstsysteme-probio-fachanlass-am-24-april-2024\/"},"author":{"name":"adrian reutimann","@id":"https:\/\/permakultur-landwirtschaft.org\/#\/schema\/person\/6b0467872f75aed3e144093f9bf4f0b0"},"headline":"Agroforst- und Vitiforstsysteme &#8211; ProBio-Fachanlass am 24. April 2024","datePublished":"2024-03-27T09:50:50+00:00","dateModified":"2024-03-27T09:51:52+00:00","mainEntityOfPage":{"@id":"https:\/\/permakultur-landwirtschaft.org\/agroforst-und-vitiforstsysteme-probio-fachanlass-am-24-april-2024\/"},"wordCount":141,"publisher":{"@id":"https:\/\/permakultur-landwirtschaft.org\/#organization"},"image":{"@id":"https:\/\/permakultur-landwirtschaft.org\/agroforst-und-vitiforstsysteme-probio-fachanlass-am-24-april-2024\/#primaryimage"},"thumbnailUrl":"https:\/\/permakultur-landwirtschaft.org\/wp-content\/uploads\/2024\/03\/20240424_probio_agroforst_viticulture_2024-03-27_10-47-35.jpg","keywords":["Agroforst","Fachanlass","ProBio","Strauss Bioagrikultur","Vitiforst"],"articleSection":["Veranstaltung"],"inLanguage":"fr-FR"},{"@type":"WebPage","@id":"https:\/\/permakultur-landwirtschaft.org\/agroforst-und-vitiforstsysteme-probio-fachanlass-am-24-april-2024\/","url":"https:\/\/permakultur-landwirtschaft.org\/agroforst-und-vitiforstsysteme-probio-fachanlass-am-24-april-2024\/","name":"Agroforst- und Vitiforstsysteme - ProBio-Fachanlass am 24. April 2024 - Permakultur-Landwirtschaft","isPartOf":{"@id":"https:\/\/permakultur-landwirtschaft.org\/#website"},"primaryImageOfPage":{"@id":"https:\/\/permakultur-landwirtschaft.org\/agroforst-und-vitiforstsysteme-probio-fachanlass-am-24-april-2024\/#primaryimage"},"image":{"@id":"https:\/\/permakultur-landwirtschaft.org\/agroforst-und-vitiforstsysteme-probio-fachanlass-am-24-april-2024\/#primaryimage"},"thumbnailUrl":"https:\/\/permakultur-landwirtschaft.org\/wp-content\/uploads\/2024\/03\/20240424_probio_agroforst_viticulture_2024-03-27_10-47-35.jpg","datePublished":"2024-03-27T09:50:50+00:00","dateModified":"2024-03-27T09:51:52+00:00","breadcrumb":{"@id":"https:\/\/permakultur-landwirtschaft.org\/agroforst-und-vitiforstsysteme-probio-fachanlass-am-24-april-2024\/#breadcrumb"},"inLanguage":"fr-FR","potentialAction":[{"@type":"ReadAction","target":["https:\/\/permakultur-landwirtschaft.org\/agroforst-und-vitiforstsysteme-probio-fachanlass-am-24-april-2024\/"]}]},{"@type":"ImageObject","inLanguage":"fr-FR","@id":"https:\/\/permakultur-landwirtschaft.org\/agroforst-und-vitiforstsysteme-probio-fachanlass-am-24-april-2024\/#primaryimage","url":"https:\/\/permakultur-landwirtschaft.org\/wp-content\/uploads\/2024\/03\/20240424_probio_agroforst_viticulture_2024-03-27_10-47-35.jpg","contentUrl":"https:\/\/permakultur-landwirtschaft.org\/wp-content\/uploads\/2024\/03\/20240424_probio_agroforst_viticulture_2024-03-27_10-47-35.jpg","width":700,"height":301},{"@type":"BreadcrumbList","@id":"https:\/\/permakultur-landwirtschaft.org\/agroforst-und-vitiforstsysteme-probio-fachanlass-am-24-april-2024\/#breadcrumb","itemListElement":[{"@type":"ListItem","position":1,"name":"Startseite","item":"https:\/\/permakultur-landwirtschaft.org\/"},{"@type":"ListItem","position":2,"name":"Agroforst- und Vitiforstsysteme &#8211; ProBio-Fachanlass am 24. April 2024"}]},{"@type":"WebSite","@id":"https:\/\/permakultur-landwirtschaft.org\/#website","url":"https:\/\/permakultur-landwirtschaft.org\/","name":"Permakultur-Landwirtschaft","description":"F\u00f6rderung der Permakultur in der Landwirtschaft","publisher":{"@id":"https:\/\/permakultur-landwirtschaft.org\/#organization"},"potentialAction":[{"@type":"SearchAction","target":{"@type":"EntryPoint","urlTemplate":"https:\/\/permakultur-landwirtschaft.org\/?s={search_term_string}"},"query-input":{"@type":"PropertyValueSpecification","valueRequired":true,"valueName":"search_term_string"}}],"inLanguage":"fr-FR"},{"@type":"Organization","@id":"https:\/\/permakultur-landwirtschaft.org\/#organization","name":"Permakultur-Landwirtschaft","alternateName":"Verein Permakultur-Landwirtschaft","url":"https:\/\/permakultur-landwirtschaft.org\/","logo":{"@type":"ImageObject","inLanguage":"fr-FR","@id":"https:\/\/permakultur-landwirtschaft.org\/#\/schema\/logo\/image\/","url":"https:\/\/permakultur-landwirtschaft.org\/wp-content\/uploads\/2021\/11\/pela_1268x1269.png","contentUrl":"https:\/\/permakultur-landwirtschaft.org\/wp-content\/uploads\/2021\/11\/pela_1268x1269.png","width":1298,"height":1269,"caption":"Permakultur-Landwirtschaft"},"image":{"@id":"https:\/\/permakultur-landwirtschaft.org\/#\/schema\/logo\/image\/"},"sameAs":["https:\/\/www.facebook.com\/PermakulturLandwirtschaft","https:\/\/www.instagram.com\/permakultur_landwirtschaft\/","https:\/\/www.flickr.com\/photos\/permakultur-landwirtschaft","https:\/\/www.youtube.com\/@PermakulturLandwirtschaft"]},{"@type":"Person","@id":"https:\/\/permakultur-landwirtschaft.org\/#\/schema\/person\/6b0467872f75aed3e144093f9bf4f0b0","name":"adrian reutimann","url":"https:\/\/permakultur-landwirtschaft.org\/fr\/author\/reutiadr\/"}]}},"_links":{"self":[{"href":"https:\/\/permakultur-landwirtschaft.org\/fr\/wp-json\/wp\/v2\/posts\/34152","targetHints":{"allow":["GET"]}}],"collection":[{"href":"https:\/\/permakultur-landwirtschaft.org\/fr\/wp-json\/wp\/v2\/posts"}],"about":[{"href":"https:\/\/permakultur-landwirtschaft.org\/fr\/wp-json\/wp\/v2\/types\/post"}],"author":[{"embeddable":true,"href":"https:\/\/permakultur-landwirtschaft.org\/fr\/wp-json\/wp\/v2\/users\/2"}],"replies":[{"embeddable":true,"href":"https:\/\/permakultur-landwirtschaft.org\/fr\/wp-json\/wp\/v2\/comments?post=34152"}],"version-history":[{"count":2,"href":"https:\/\/permakultur-landwirtschaft.org\/fr\/wp-json\/wp\/v2\/posts\/34152\/revisions"}],"predecessor-version":[{"id":34155,"href":"https:\/\/permakultur-landwirtschaft.org\/fr\/wp-json\/wp\/v2\/posts\/34152\/revisions\/34155"}],"wp:featuredmedia":[{"embeddable":true,"href":"https:\/\/permakultur-landwirtschaft.org\/fr\/wp-json\/wp\/v2\/media\/34153"}],"wp:attachment":[{"href":"https:\/\/permakultur-landwirtschaft.org\/fr\/wp-json\/wp\/v2\/media?parent=34152"}],"wp:term":[{"taxonomy":"category","embeddable":true,"href":"https:\/\/permakultur-landwirtschaft.org\/fr\/wp-json\/wp\/v2\/categories?post=34152"},{"taxonomy":"post_tag","embeddable":true,"href":"https:\/\/permakultur-landwirtschaft.org\/fr\/wp-json\/wp\/v2\/tags?post=34152"}],"curies":[{"name":"wp","href":"https:\/\/api.w.org\/{rel}","templated":true}]}}