{"id":34114,"date":"2023-12-22T13:17:00","date_gmt":"2023-12-22T12:17:00","guid":{"rendered":"https:\/\/permakultur-landwirtschaft.org\/?p=34114"},"modified":"2024-03-26T13:23:57","modified_gmt":"2024-03-26T12:23:57","slug":"wie-sich-landwirte-auf-den-klimawandel-einstellen-artikel-vom-22-dezember-2023","status":"publish","type":"post","link":"https:\/\/permakultur-landwirtschaft.org\/fr\/wie-sich-landwirte-auf-den-klimawandel-einstellen-artikel-vom-22-dezember-2023\/","title":{"rendered":"Wie sich Landwirte auf den Klimawandel einstellen &#8211; Artikel vom 22. Dezember 2023"},"content":{"rendered":"<p>Text von www.swr.de:<\/p>\n\n\n\n<p>Landwirte haben immer mehr mit Extremwetter zu k\u00e4mpfen. Geh\u00f6lze entlang von \u00c4ckern sollen den Boden ertragreicher machen. Das Zauberwort in Seewald lautet: Agroforst-System.<\/p>\n\n\n\n<blockquote class=\"wp-block-quote is-layout-flow wp-block-quote-is-layout-flow\">\n<p>B\u00e4ume bzw. deren Wurzeln bilden eine Art Sicherheits- und Versorgungsnetz unter dem Acker.<\/p>\n<cite>Paul Hofmann, Landwirt Hof Sonnenwald<\/cite><\/blockquote>\n\n\n\n<p>Landwirte stehen vor immer gr\u00f6\u00dferen Herausforderungen. Hitzeperioden und starke Regenf\u00e4lle mit Hagel k\u00f6nnen innerhalb von Stunden eine komplette Ernte vernichten. Eine L\u00f6sung k\u00f6nnten Agroforst-Systeme sein. Ob die sich in der Praxis bew\u00e4hren, will der Naturpark Schwarzwald Mitte\/Nord in der Gemeinde Seewald-Schernbach (Kreis Freudenstadt) herausfinden. Auf dem Hof Sonnenwald startete ein Agroforst-Projekt, das wissenschaftlich von der Universit\u00e4t Hohenheim begleitet wird.<\/p>\n\n\n\n<p>Bei der <a href=\"https:\/\/www.landwirtschaft.de\/landwirtschaft-verstehen\/wie-funktioniert-landwirtschaft-heute\/was-ist-agroforstwirtschaft\" target=\"_blank\" rel=\"noreferrer noopener\">Agroforstwirtschaft<\/a> werden B\u00e4ume und Landwirtschaft miteinander kombiniert. Auf einer Fl\u00e4che werden B\u00e4ume und Ackerkulturen, Wiesen oder Weiden so angelegt, dass es f\u00fcr Landwirtschaft, Natur und Klima gleicherma\u00dfen vorteilhaft ist. Je nach Standort und Klimabedingungen werden B\u00e4ume mit Acker- und Gem\u00fcsekulturen kombiniert.<\/p>\n\n\n\n<blockquote class=\"wp-block-quote is-layout-flow wp-block-quote-is-layout-flow\">\n<p>Jedes Prozent mehr Humus auf Acker bedeuten 230.000 Liter mehr Wasser, die wir pro Hektar haben.<\/p>\n<cite>Paul Hofmann, Humus-Projektmanager des Naturparks Schwarzwald Mitte\/Nord<\/cite><\/blockquote>\n\n\n\n<p><a href=\"https:\/\/www.swr.de\/swraktuell\/baden-wuerttemberg\/tuebingen\/nachhaltige-landwirtschaft-mit-agroforstsystem-ist-modellprojekt-in-seewald-100.html\" target=\"_blank\" rel=\"noreferrer noopener\">Link zum Artikel<\/a><\/p>","protected":false},"excerpt":{"rendered":"<p>Text von www.swr.de: Landwirte haben immer mehr mit Extremwetter zu k\u00e4mpfen. Geh\u00f6lze entlang von \u00c4ckern sollen den Boden ertragreicher machen. Das Zauberwort in Seewald lautet: Agroforst-System. B\u00e4ume bzw. deren Wurzeln bilden eine Art Sicherheits- und Versorgungsnetz unter dem Acker. Paul Hofmann, Landwirt Hof Sonnenwald Landwirte stehen vor immer gr\u00f6\u00dferen Herausforderungen. Hitzeperioden und starke Regenf\u00e4lle mit [&hellip;]<\/p>\n","protected":false},"author":2,"featured_media":34115,"comment_status":"closed","ping_status":"closed","sticky":false,"template":"","format":"standard","meta":{"_acf_changed":false,"site-sidebar-layout":"default","site-content-layout":"","ast-site-content-layout":"default","site-content-style":"default","site-sidebar-style":"default","ast-global-header-display":"","ast-banner-title-visibility":"","ast-main-header-display":"","ast-hfb-above-header-display":"","ast-hfb-below-header-display":"","ast-hfb-mobile-header-display":"","site-post-title":"","ast-breadcrumbs-content":"","ast-featured-img":"","footer-sml-layout":"","ast-disable-related-posts":"","theme-transparent-header-meta":"","adv-header-id-meta":"","stick-header-meta":"","header-above-stick-meta":"","header-main-stick-meta":"","header-below-stick-meta":"","astra-migrate-meta-layouts":"set","ast-page-background-enabled":"default","ast-page-background-meta":{"desktop":{"background-color":"var(--ast-global-color-4)","background-image":"","background-repeat":"repeat","background-position":"center center","background-size":"auto","background-attachment":"scroll","background-type":"","background-media":"","overlay-type":"","overlay-color":"","overlay-opacity":"","overlay-gradient":""},"tablet":{"background-color":"","background-image":"","background-repeat":"repeat","background-position":"center center","background-size":"auto","background-attachment":"scroll","background-type":"","background-media":"","overlay-type":"","overlay-color":"","overlay-opacity":"","overlay-gradient":""},"mobile":{"background-color":"","background-image":"","background-repeat":"repeat","background-position":"center center","background-size":"auto","background-attachment":"scroll","background-type":"","background-media":"","overlay-type":"","overlay-color":"","overlay-opacity":"","overlay-gradient":""}},"ast-content-background-meta":{"desktop":{"background-color":"var(--ast-global-color-5)","background-image":"","background-repeat":"repeat","background-position":"center center","background-size":"auto","background-attachment":"scroll","background-type":"","background-media":"","overlay-type":"","overlay-color":"","overlay-opacity":"","overlay-gradient":""},"tablet":{"background-color":"var(--ast-global-color-5)","background-image":"","background-repeat":"repeat","background-position":"center center","background-size":"auto","background-attachment":"scroll","background-type":"","background-media":"","overlay-type":"","overlay-color":"","overlay-opacity":"","overlay-gradient":""},"mobile":{"background-color":"var(--ast-global-color-5)","background-image":"","background-repeat":"repeat","background-position":"center center","background-size":"auto","background-attachment":"scroll","background-type":"","background-media":"","overlay-type":"","overlay-color":"","overlay-opacity":"","overlay-gradient":""}},"footnotes":""},"categories":[22],"tags":[31,26,203,280,281],"class_list":["post-34114","post","type-post","status-publish","format-standard","has-post-thumbnail","hentry","category-neuigkeit","tag-agroforst","tag-humus","tag-klimawandel","tag-versorgungsnetz","tag-wasserspeicher"],"acf":[],"yoast_head":"<!-- This site is optimized with the Yoast SEO plugin v27.5 - https:\/\/yoast.com\/product\/yoast-seo-wordpress\/ -->\n<title>Wie sich Landwirte auf den Klimawandel einstellen - Artikel vom 22. Dezember 2023 - Permakultur-Landwirtschaft<\/title>\n<meta name=\"robots\" content=\"index, follow, max-snippet:-1, max-image-preview:large, max-video-preview:-1\" \/>\n<link rel=\"canonical\" href=\"https:\/\/permakultur-landwirtschaft.org\/fr\/wie-sich-landwirte-auf-den-klimawandel-einstellen-artikel-vom-22-dezember-2023\/\" \/>\n<meta property=\"og:locale\" content=\"fr_FR\" \/>\n<meta property=\"og:type\" content=\"article\" \/>\n<meta property=\"og:title\" content=\"Wie sich Landwirte auf den Klimawandel einstellen - Artikel vom 22. Dezember 2023 - Permakultur-Landwirtschaft\" \/>\n<meta property=\"og:description\" content=\"Text von www.swr.de: Landwirte haben immer mehr mit Extremwetter zu k\u00e4mpfen. Geh\u00f6lze entlang von \u00c4ckern sollen den Boden ertragreicher machen. Das Zauberwort in Seewald lautet: Agroforst-System. B\u00e4ume bzw. deren Wurzeln bilden eine Art Sicherheits- und Versorgungsnetz unter dem Acker. Paul Hofmann, Landwirt Hof Sonnenwald Landwirte stehen vor immer gr\u00f6\u00dferen Herausforderungen. Hitzeperioden und starke Regenf\u00e4lle mit [&hellip;]\" \/>\n<meta property=\"og:url\" content=\"https:\/\/permakultur-landwirtschaft.org\/fr\/wie-sich-landwirte-auf-den-klimawandel-einstellen-artikel-vom-22-dezember-2023\/\" \/>\n<meta property=\"og:site_name\" content=\"Permakultur-Landwirtschaft\" \/>\n<meta property=\"article:publisher\" content=\"https:\/\/www.facebook.com\/PermakulturLandwirtschaft\" \/>\n<meta property=\"article:published_time\" content=\"2023-12-22T12:17:00+00:00\" \/>\n<meta property=\"article:modified_time\" content=\"2024-03-26T12:23:57+00:00\" \/>\n<meta property=\"og:image\" content=\"https:\/\/permakultur-landwirtschaft.org\/wp-content\/uploads\/2024\/03\/2023_swr_agroforstprojekt-seewald-kreis-freudenstadt-104_v-16x7@2dL_-594eb175bf96444e7f86c89c3d9f78feed295e4a.jpg\" \/>\n\t<meta property=\"og:image:width\" content=\"700\" \/>\n\t<meta property=\"og:image:height\" content=\"306\" \/>\n\t<meta property=\"og:image:type\" content=\"image\/jpeg\" \/>\n<meta name=\"author\" content=\"adrian reutimann\" \/>\n<meta name=\"twitter:card\" content=\"summary_large_image\" \/>\n<meta name=\"twitter:label1\" content=\"\u00c9crit par\" \/>\n\t<meta name=\"twitter:data1\" content=\"adrian reutimann\" \/>\n\t<meta name=\"twitter:label2\" content=\"Dur\u00e9e de lecture estim\u00e9e\" \/>\n\t<meta name=\"twitter:data2\" content=\"1 minute\" \/>\n<script type=\"application\/ld+json\" class=\"yoast-schema-graph\">{\"@context\":\"https:\\\/\\\/schema.org\",\"@graph\":[{\"@type\":\"Article\",\"@id\":\"https:\\\/\\\/permakultur-landwirtschaft.org\\\/wie-sich-landwirte-auf-den-klimawandel-einstellen-artikel-vom-22-dezember-2023\\\/#article\",\"isPartOf\":{\"@id\":\"https:\\\/\\\/permakultur-landwirtschaft.org\\\/wie-sich-landwirte-auf-den-klimawandel-einstellen-artikel-vom-22-dezember-2023\\\/\"},\"author\":{\"name\":\"adrian reutimann\",\"@id\":\"https:\\\/\\\/permakultur-landwirtschaft.org\\\/#\\\/schema\\\/person\\\/6b0467872f75aed3e144093f9bf4f0b0\"},\"headline\":\"Wie sich Landwirte auf den Klimawandel einstellen &#8211; Artikel vom 22. Dezember 2023\",\"datePublished\":\"2023-12-22T12:17:00+00:00\",\"dateModified\":\"2024-03-26T12:23:57+00:00\",\"mainEntityOfPage\":{\"@id\":\"https:\\\/\\\/permakultur-landwirtschaft.org\\\/wie-sich-landwirte-auf-den-klimawandel-einstellen-artikel-vom-22-dezember-2023\\\/\"},\"wordCount\":203,\"publisher\":{\"@id\":\"https:\\\/\\\/permakultur-landwirtschaft.org\\\/#organization\"},\"image\":{\"@id\":\"https:\\\/\\\/permakultur-landwirtschaft.org\\\/wie-sich-landwirte-auf-den-klimawandel-einstellen-artikel-vom-22-dezember-2023\\\/#primaryimage\"},\"thumbnailUrl\":\"https:\\\/\\\/permakultur-landwirtschaft.org\\\/wp-content\\\/uploads\\\/2024\\\/03\\\/2023_swr_agroforstprojekt-seewald-kreis-freudenstadt-104_v-16x7@2dL_-594eb175bf96444e7f86c89c3d9f78feed295e4a.jpg\",\"keywords\":[\"Agroforst\",\"humus\",\"Klimawandel\",\"Versorgungsnetz\",\"Wasserspeicher\"],\"articleSection\":[\"Neuigkeit\"],\"inLanguage\":\"fr-FR\"},{\"@type\":\"WebPage\",\"@id\":\"https:\\\/\\\/permakultur-landwirtschaft.org\\\/wie-sich-landwirte-auf-den-klimawandel-einstellen-artikel-vom-22-dezember-2023\\\/\",\"url\":\"https:\\\/\\\/permakultur-landwirtschaft.org\\\/wie-sich-landwirte-auf-den-klimawandel-einstellen-artikel-vom-22-dezember-2023\\\/\",\"name\":\"Wie sich Landwirte auf den Klimawandel einstellen - Artikel vom 22. Dezember 2023 - Permakultur-Landwirtschaft\",\"isPartOf\":{\"@id\":\"https:\\\/\\\/permakultur-landwirtschaft.org\\\/#website\"},\"primaryImageOfPage\":{\"@id\":\"https:\\\/\\\/permakultur-landwirtschaft.org\\\/wie-sich-landwirte-auf-den-klimawandel-einstellen-artikel-vom-22-dezember-2023\\\/#primaryimage\"},\"image\":{\"@id\":\"https:\\\/\\\/permakultur-landwirtschaft.org\\\/wie-sich-landwirte-auf-den-klimawandel-einstellen-artikel-vom-22-dezember-2023\\\/#primaryimage\"},\"thumbnailUrl\":\"https:\\\/\\\/permakultur-landwirtschaft.org\\\/wp-content\\\/uploads\\\/2024\\\/03\\\/2023_swr_agroforstprojekt-seewald-kreis-freudenstadt-104_v-16x7@2dL_-594eb175bf96444e7f86c89c3d9f78feed295e4a.jpg\",\"datePublished\":\"2023-12-22T12:17:00+00:00\",\"dateModified\":\"2024-03-26T12:23:57+00:00\",\"breadcrumb\":{\"@id\":\"https:\\\/\\\/permakultur-landwirtschaft.org\\\/wie-sich-landwirte-auf-den-klimawandel-einstellen-artikel-vom-22-dezember-2023\\\/#breadcrumb\"},\"inLanguage\":\"fr-FR\",\"potentialAction\":[{\"@type\":\"ReadAction\",\"target\":[\"https:\\\/\\\/permakultur-landwirtschaft.org\\\/wie-sich-landwirte-auf-den-klimawandel-einstellen-artikel-vom-22-dezember-2023\\\/\"]}]},{\"@type\":\"ImageObject\",\"inLanguage\":\"fr-FR\",\"@id\":\"https:\\\/\\\/permakultur-landwirtschaft.org\\\/wie-sich-landwirte-auf-den-klimawandel-einstellen-artikel-vom-22-dezember-2023\\\/#primaryimage\",\"url\":\"https:\\\/\\\/permakultur-landwirtschaft.org\\\/wp-content\\\/uploads\\\/2024\\\/03\\\/2023_swr_agroforstprojekt-seewald-kreis-freudenstadt-104_v-16x7@2dL_-594eb175bf96444e7f86c89c3d9f78feed295e4a.jpg\",\"contentUrl\":\"https:\\\/\\\/permakultur-landwirtschaft.org\\\/wp-content\\\/uploads\\\/2024\\\/03\\\/2023_swr_agroforstprojekt-seewald-kreis-freudenstadt-104_v-16x7@2dL_-594eb175bf96444e7f86c89c3d9f78feed295e4a.jpg\",\"width\":700,\"height\":306,\"caption\":\"Bild: Anne Schmidt\"},{\"@type\":\"BreadcrumbList\",\"@id\":\"https:\\\/\\\/permakultur-landwirtschaft.org\\\/wie-sich-landwirte-auf-den-klimawandel-einstellen-artikel-vom-22-dezember-2023\\\/#breadcrumb\",\"itemListElement\":[{\"@type\":\"ListItem\",\"position\":1,\"name\":\"Startseite\",\"item\":\"https:\\\/\\\/permakultur-landwirtschaft.org\\\/\"},{\"@type\":\"ListItem\",\"position\":2,\"name\":\"Wie sich Landwirte auf den Klimawandel einstellen &#8211; Artikel vom 22. Dezember 2023\"}]},{\"@type\":\"WebSite\",\"@id\":\"https:\\\/\\\/permakultur-landwirtschaft.org\\\/#website\",\"url\":\"https:\\\/\\\/permakultur-landwirtschaft.org\\\/\",\"name\":\"Permakultur-Landwirtschaft\",\"description\":\"F\u00f6rderung der Permakultur in der Landwirtschaft\",\"publisher\":{\"@id\":\"https:\\\/\\\/permakultur-landwirtschaft.org\\\/#organization\"},\"potentialAction\":[{\"@type\":\"SearchAction\",\"target\":{\"@type\":\"EntryPoint\",\"urlTemplate\":\"https:\\\/\\\/permakultur-landwirtschaft.org\\\/?s={search_term_string}\"},\"query-input\":{\"@type\":\"PropertyValueSpecification\",\"valueRequired\":true,\"valueName\":\"search_term_string\"}}],\"inLanguage\":\"fr-FR\"},{\"@type\":\"Organization\",\"@id\":\"https:\\\/\\\/permakultur-landwirtschaft.org\\\/#organization\",\"name\":\"Permakultur-Landwirtschaft\",\"alternateName\":\"Verein Permakultur-Landwirtschaft\",\"url\":\"https:\\\/\\\/permakultur-landwirtschaft.org\\\/\",\"logo\":{\"@type\":\"ImageObject\",\"inLanguage\":\"fr-FR\",\"@id\":\"https:\\\/\\\/permakultur-landwirtschaft.org\\\/#\\\/schema\\\/logo\\\/image\\\/\",\"url\":\"https:\\\/\\\/permakultur-landwirtschaft.org\\\/wp-content\\\/uploads\\\/2021\\\/11\\\/pela_1268x1269.png\",\"contentUrl\":\"https:\\\/\\\/permakultur-landwirtschaft.org\\\/wp-content\\\/uploads\\\/2021\\\/11\\\/pela_1268x1269.png\",\"width\":1298,\"height\":1269,\"caption\":\"Permakultur-Landwirtschaft\"},\"image\":{\"@id\":\"https:\\\/\\\/permakultur-landwirtschaft.org\\\/#\\\/schema\\\/logo\\\/image\\\/\"},\"sameAs\":[\"https:\\\/\\\/www.facebook.com\\\/PermakulturLandwirtschaft\",\"https:\\\/\\\/www.instagram.com\\\/permakultur_landwirtschaft\\\/\",\"https:\\\/\\\/www.flickr.com\\\/photos\\\/permakultur-landwirtschaft\",\"https:\\\/\\\/www.youtube.com\\\/@PermakulturLandwirtschaft\"]},{\"@type\":\"Person\",\"@id\":\"https:\\\/\\\/permakultur-landwirtschaft.org\\\/#\\\/schema\\\/person\\\/6b0467872f75aed3e144093f9bf4f0b0\",\"name\":\"adrian reutimann\",\"url\":\"https:\\\/\\\/permakultur-landwirtschaft.org\\\/fr\\\/author\\\/reutiadr\\\/\"}]}<\/script>\n<!-- \/ Yoast SEO plugin. -->","yoast_head_json":{"title":"Wie sich Landwirte auf den Klimawandel einstellen - Artikel vom 22. Dezember 2023 - Permakultur-Landwirtschaft","robots":{"index":"index","follow":"follow","max-snippet":"max-snippet:-1","max-image-preview":"max-image-preview:large","max-video-preview":"max-video-preview:-1"},"canonical":"https:\/\/permakultur-landwirtschaft.org\/fr\/wie-sich-landwirte-auf-den-klimawandel-einstellen-artikel-vom-22-dezember-2023\/","og_locale":"fr_FR","og_type":"article","og_title":"Wie sich Landwirte auf den Klimawandel einstellen - Artikel vom 22. Dezember 2023 - Permakultur-Landwirtschaft","og_description":"Text von www.swr.de: Landwirte haben immer mehr mit Extremwetter zu k\u00e4mpfen. Geh\u00f6lze entlang von \u00c4ckern sollen den Boden ertragreicher machen. Das Zauberwort in Seewald lautet: Agroforst-System. B\u00e4ume bzw. deren Wurzeln bilden eine Art Sicherheits- und Versorgungsnetz unter dem Acker. Paul Hofmann, Landwirt Hof Sonnenwald Landwirte stehen vor immer gr\u00f6\u00dferen Herausforderungen. Hitzeperioden und starke Regenf\u00e4lle mit [&hellip;]","og_url":"https:\/\/permakultur-landwirtschaft.org\/fr\/wie-sich-landwirte-auf-den-klimawandel-einstellen-artikel-vom-22-dezember-2023\/","og_site_name":"Permakultur-Landwirtschaft","article_publisher":"https:\/\/www.facebook.com\/PermakulturLandwirtschaft","article_published_time":"2023-12-22T12:17:00+00:00","article_modified_time":"2024-03-26T12:23:57+00:00","og_image":[{"width":700,"height":306,"url":"https:\/\/permakultur-landwirtschaft.org\/wp-content\/uploads\/2024\/03\/2023_swr_agroforstprojekt-seewald-kreis-freudenstadt-104_v-16x7@2dL_-594eb175bf96444e7f86c89c3d9f78feed295e4a.jpg","type":"image\/jpeg"}],"author":"adrian reutimann","twitter_card":"summary_large_image","twitter_misc":{"\u00c9crit par":"adrian reutimann","Dur\u00e9e de lecture estim\u00e9e":"1 minute"},"schema":{"@context":"https:\/\/schema.org","@graph":[{"@type":"Article","@id":"https:\/\/permakultur-landwirtschaft.org\/wie-sich-landwirte-auf-den-klimawandel-einstellen-artikel-vom-22-dezember-2023\/#article","isPartOf":{"@id":"https:\/\/permakultur-landwirtschaft.org\/wie-sich-landwirte-auf-den-klimawandel-einstellen-artikel-vom-22-dezember-2023\/"},"author":{"name":"adrian reutimann","@id":"https:\/\/permakultur-landwirtschaft.org\/#\/schema\/person\/6b0467872f75aed3e144093f9bf4f0b0"},"headline":"Wie sich Landwirte auf den Klimawandel einstellen &#8211; Artikel vom 22. Dezember 2023","datePublished":"2023-12-22T12:17:00+00:00","dateModified":"2024-03-26T12:23:57+00:00","mainEntityOfPage":{"@id":"https:\/\/permakultur-landwirtschaft.org\/wie-sich-landwirte-auf-den-klimawandel-einstellen-artikel-vom-22-dezember-2023\/"},"wordCount":203,"publisher":{"@id":"https:\/\/permakultur-landwirtschaft.org\/#organization"},"image":{"@id":"https:\/\/permakultur-landwirtschaft.org\/wie-sich-landwirte-auf-den-klimawandel-einstellen-artikel-vom-22-dezember-2023\/#primaryimage"},"thumbnailUrl":"https:\/\/permakultur-landwirtschaft.org\/wp-content\/uploads\/2024\/03\/2023_swr_agroforstprojekt-seewald-kreis-freudenstadt-104_v-16x7@2dL_-594eb175bf96444e7f86c89c3d9f78feed295e4a.jpg","keywords":["Agroforst","humus","Klimawandel","Versorgungsnetz","Wasserspeicher"],"articleSection":["Neuigkeit"],"inLanguage":"fr-FR"},{"@type":"WebPage","@id":"https:\/\/permakultur-landwirtschaft.org\/wie-sich-landwirte-auf-den-klimawandel-einstellen-artikel-vom-22-dezember-2023\/","url":"https:\/\/permakultur-landwirtschaft.org\/wie-sich-landwirte-auf-den-klimawandel-einstellen-artikel-vom-22-dezember-2023\/","name":"Wie sich Landwirte auf den Klimawandel einstellen - Artikel vom 22. Dezember 2023 - Permakultur-Landwirtschaft","isPartOf":{"@id":"https:\/\/permakultur-landwirtschaft.org\/#website"},"primaryImageOfPage":{"@id":"https:\/\/permakultur-landwirtschaft.org\/wie-sich-landwirte-auf-den-klimawandel-einstellen-artikel-vom-22-dezember-2023\/#primaryimage"},"image":{"@id":"https:\/\/permakultur-landwirtschaft.org\/wie-sich-landwirte-auf-den-klimawandel-einstellen-artikel-vom-22-dezember-2023\/#primaryimage"},"thumbnailUrl":"https:\/\/permakultur-landwirtschaft.org\/wp-content\/uploads\/2024\/03\/2023_swr_agroforstprojekt-seewald-kreis-freudenstadt-104_v-16x7@2dL_-594eb175bf96444e7f86c89c3d9f78feed295e4a.jpg","datePublished":"2023-12-22T12:17:00+00:00","dateModified":"2024-03-26T12:23:57+00:00","breadcrumb":{"@id":"https:\/\/permakultur-landwirtschaft.org\/wie-sich-landwirte-auf-den-klimawandel-einstellen-artikel-vom-22-dezember-2023\/#breadcrumb"},"inLanguage":"fr-FR","potentialAction":[{"@type":"ReadAction","target":["https:\/\/permakultur-landwirtschaft.org\/wie-sich-landwirte-auf-den-klimawandel-einstellen-artikel-vom-22-dezember-2023\/"]}]},{"@type":"ImageObject","inLanguage":"fr-FR","@id":"https:\/\/permakultur-landwirtschaft.org\/wie-sich-landwirte-auf-den-klimawandel-einstellen-artikel-vom-22-dezember-2023\/#primaryimage","url":"https:\/\/permakultur-landwirtschaft.org\/wp-content\/uploads\/2024\/03\/2023_swr_agroforstprojekt-seewald-kreis-freudenstadt-104_v-16x7@2dL_-594eb175bf96444e7f86c89c3d9f78feed295e4a.jpg","contentUrl":"https:\/\/permakultur-landwirtschaft.org\/wp-content\/uploads\/2024\/03\/2023_swr_agroforstprojekt-seewald-kreis-freudenstadt-104_v-16x7@2dL_-594eb175bf96444e7f86c89c3d9f78feed295e4a.jpg","width":700,"height":306,"caption":"Bild: Anne Schmidt"},{"@type":"BreadcrumbList","@id":"https:\/\/permakultur-landwirtschaft.org\/wie-sich-landwirte-auf-den-klimawandel-einstellen-artikel-vom-22-dezember-2023\/#breadcrumb","itemListElement":[{"@type":"ListItem","position":1,"name":"Startseite","item":"https:\/\/permakultur-landwirtschaft.org\/"},{"@type":"ListItem","position":2,"name":"Wie sich Landwirte auf den Klimawandel einstellen &#8211; Artikel vom 22. Dezember 2023"}]},{"@type":"WebSite","@id":"https:\/\/permakultur-landwirtschaft.org\/#website","url":"https:\/\/permakultur-landwirtschaft.org\/","name":"Permakultur-Landwirtschaft","description":"F\u00f6rderung der Permakultur in der Landwirtschaft","publisher":{"@id":"https:\/\/permakultur-landwirtschaft.org\/#organization"},"potentialAction":[{"@type":"SearchAction","target":{"@type":"EntryPoint","urlTemplate":"https:\/\/permakultur-landwirtschaft.org\/?s={search_term_string}"},"query-input":{"@type":"PropertyValueSpecification","valueRequired":true,"valueName":"search_term_string"}}],"inLanguage":"fr-FR"},{"@type":"Organization","@id":"https:\/\/permakultur-landwirtschaft.org\/#organization","name":"Permakultur-Landwirtschaft","alternateName":"Verein Permakultur-Landwirtschaft","url":"https:\/\/permakultur-landwirtschaft.org\/","logo":{"@type":"ImageObject","inLanguage":"fr-FR","@id":"https:\/\/permakultur-landwirtschaft.org\/#\/schema\/logo\/image\/","url":"https:\/\/permakultur-landwirtschaft.org\/wp-content\/uploads\/2021\/11\/pela_1268x1269.png","contentUrl":"https:\/\/permakultur-landwirtschaft.org\/wp-content\/uploads\/2021\/11\/pela_1268x1269.png","width":1298,"height":1269,"caption":"Permakultur-Landwirtschaft"},"image":{"@id":"https:\/\/permakultur-landwirtschaft.org\/#\/schema\/logo\/image\/"},"sameAs":["https:\/\/www.facebook.com\/PermakulturLandwirtschaft","https:\/\/www.instagram.com\/permakultur_landwirtschaft\/","https:\/\/www.flickr.com\/photos\/permakultur-landwirtschaft","https:\/\/www.youtube.com\/@PermakulturLandwirtschaft"]},{"@type":"Person","@id":"https:\/\/permakultur-landwirtschaft.org\/#\/schema\/person\/6b0467872f75aed3e144093f9bf4f0b0","name":"adrian reutimann","url":"https:\/\/permakultur-landwirtschaft.org\/fr\/author\/reutiadr\/"}]}},"_links":{"self":[{"href":"https:\/\/permakultur-landwirtschaft.org\/fr\/wp-json\/wp\/v2\/posts\/34114","targetHints":{"allow":["GET"]}}],"collection":[{"href":"https:\/\/permakultur-landwirtschaft.org\/fr\/wp-json\/wp\/v2\/posts"}],"about":[{"href":"https:\/\/permakultur-landwirtschaft.org\/fr\/wp-json\/wp\/v2\/types\/post"}],"author":[{"embeddable":true,"href":"https:\/\/permakultur-landwirtschaft.org\/fr\/wp-json\/wp\/v2\/users\/2"}],"replies":[{"embeddable":true,"href":"https:\/\/permakultur-landwirtschaft.org\/fr\/wp-json\/wp\/v2\/comments?post=34114"}],"version-history":[{"count":1,"href":"https:\/\/permakultur-landwirtschaft.org\/fr\/wp-json\/wp\/v2\/posts\/34114\/revisions"}],"predecessor-version":[{"id":34116,"href":"https:\/\/permakultur-landwirtschaft.org\/fr\/wp-json\/wp\/v2\/posts\/34114\/revisions\/34116"}],"wp:featuredmedia":[{"embeddable":true,"href":"https:\/\/permakultur-landwirtschaft.org\/fr\/wp-json\/wp\/v2\/media\/34115"}],"wp:attachment":[{"href":"https:\/\/permakultur-landwirtschaft.org\/fr\/wp-json\/wp\/v2\/media?parent=34114"}],"wp:term":[{"taxonomy":"category","embeddable":true,"href":"https:\/\/permakultur-landwirtschaft.org\/fr\/wp-json\/wp\/v2\/categories?post=34114"},{"taxonomy":"post_tag","embeddable":true,"href":"https:\/\/permakultur-landwirtschaft.org\/fr\/wp-json\/wp\/v2\/tags?post=34114"}],"curies":[{"name":"wp","href":"https:\/\/api.w.org\/{rel}","templated":true}]}}