{"id":34110,"date":"2023-12-14T13:06:00","date_gmt":"2023-12-14T12:06:00","guid":{"rendered":"https:\/\/permakultur-landwirtschaft.org\/?p=34110"},"modified":"2024-03-26T13:13:13","modified_gmt":"2024-03-26T12:13:13","slug":"naturpark-schwarzwald-startet-agroforst-projekt-artikel-vom-14-dezember-2023","status":"publish","type":"post","link":"https:\/\/permakultur-landwirtschaft.org\/fr\/naturpark-schwarzwald-startet-agroforst-projekt-artikel-vom-14-dezember-2023\/","title":{"rendered":"Naturpark Schwarzwald startet Agroforst-Projekt &#8211; Artikel vom 14. Dezember 2023"},"content":{"rendered":"<p>Text von naturparkschwarzwald.blog:<\/p>\n\n\n\n<h3 class=\"wp-block-heading\">Der Naturpark unterst\u00fctzt Landwirte k\u00fcnftig dabei, Agroforstsysteme anzulegen. Sie sorgen f\u00fcr eine Anpassung an den Klimawandel.<\/h3>\n\n\n\n<p>Sie sch\u00fctzen vor Bodenerosion, haben eine hohe Kapazit\u00e4t an Wasserspeicherung und CO2-Bindung, sie erh\u00f6hen die Biodiversit\u00e4t und weisen eine Vielfalt an Produkten auf \u2013 all das bieten Agroforstsysteme. Damit sind sie resilienter gegen\u00fcber den Auswirkungen des Klimawandels wie etwa l\u00e4ngeren Trockenperioden oder Starkregen-Ereignissen. Um diesen Ansatz zur Klimaanpassung in der Landwirtschaft im n\u00f6rdlichen und mittleren Schwarzwald zu etablieren, hat der Naturpark Schwarzwald Mitte\/Nord ein Agroforst-Projekt entwickelt.<\/p>\n\n\n\n<p>Der offizielle Auftakt mit einer symbolischen Baumpflanz-Aktion fand am 14. Dezember auf dem Hof Sonnenwald in Seewald (Landkreis Freudenstadt) statt. \u201eMit unserem Modellprojekt unterst\u00fctzen wir bis zu zehn landwirtschaftliche Betriebe dabei, Agroforstsysteme anzulegen. Den Prozess begleiten wir mit individuell zugeschnittenen Bildungsangeboten\u201c, berichtet der Gesch\u00e4ftsf\u00fchrer des Naturparks Schwarzwald Mitte\/Nord, Karl-Heinz Dunker, bei der Auftaktveranstaltung. \u201eEin besonderer Dank geht an die Postcode Lotterie, die das Projekt \u00fcber zwei Jahre f\u00f6rdert.\u201c<\/p>\n\n\n\n<p><a href=\"https:\/\/naturparkschwarzwald.blog\/naturpark-startet-agroforst-projekt\/\" target=\"_blank\" rel=\"noreferrer noopener\">Link zum Artikel<\/a><\/p>","protected":false},"excerpt":{"rendered":"<p>Text von naturparkschwarzwald.blog: Der Naturpark unterst\u00fctzt Landwirte k\u00fcnftig dabei, Agroforstsysteme anzulegen. Sie sorgen f\u00fcr eine Anpassung an den Klimawandel. Sie sch\u00fctzen vor Bodenerosion, haben eine hohe Kapazit\u00e4t an Wasserspeicherung und CO2-Bindung, sie erh\u00f6hen die Biodiversit\u00e4t und weisen eine Vielfalt an Produkten auf \u2013 all das bieten Agroforstsysteme. Damit sind sie resilienter gegen\u00fcber den Auswirkungen des [&hellip;]<\/p>\n","protected":false},"author":2,"featured_media":34111,"comment_status":"closed","ping_status":"closed","sticky":false,"template":"","format":"standard","meta":{"_acf_changed":false,"site-sidebar-layout":"default","site-content-layout":"","ast-site-content-layout":"default","site-content-style":"default","site-sidebar-style":"default","ast-global-header-display":"","ast-banner-title-visibility":"","ast-main-header-display":"","ast-hfb-above-header-display":"","ast-hfb-below-header-display":"","ast-hfb-mobile-header-display":"","site-post-title":"","ast-breadcrumbs-content":"","ast-featured-img":"","footer-sml-layout":"","ast-disable-related-posts":"","theme-transparent-header-meta":"","adv-header-id-meta":"","stick-header-meta":"","header-above-stick-meta":"","header-main-stick-meta":"","header-below-stick-meta":"","astra-migrate-meta-layouts":"set","ast-page-background-enabled":"default","ast-page-background-meta":{"desktop":{"background-color":"var(--ast-global-color-4)","background-image":"","background-repeat":"repeat","background-position":"center center","background-size":"auto","background-attachment":"scroll","background-type":"","background-media":"","overlay-type":"","overlay-color":"","overlay-opacity":"","overlay-gradient":""},"tablet":{"background-color":"","background-image":"","background-repeat":"repeat","background-position":"center center","background-size":"auto","background-attachment":"scroll","background-type":"","background-media":"","overlay-type":"","overlay-color":"","overlay-opacity":"","overlay-gradient":""},"mobile":{"background-color":"","background-image":"","background-repeat":"repeat","background-position":"center center","background-size":"auto","background-attachment":"scroll","background-type":"","background-media":"","overlay-type":"","overlay-color":"","overlay-opacity":"","overlay-gradient":""}},"ast-content-background-meta":{"desktop":{"background-color":"var(--ast-global-color-5)","background-image":"","background-repeat":"repeat","background-position":"center center","background-size":"auto","background-attachment":"scroll","background-type":"","background-media":"","overlay-type":"","overlay-color":"","overlay-opacity":"","overlay-gradient":""},"tablet":{"background-color":"var(--ast-global-color-5)","background-image":"","background-repeat":"repeat","background-position":"center center","background-size":"auto","background-attachment":"scroll","background-type":"","background-media":"","overlay-type":"","overlay-color":"","overlay-opacity":"","overlay-gradient":""},"mobile":{"background-color":"var(--ast-global-color-5)","background-image":"","background-repeat":"repeat","background-position":"center center","background-size":"auto","background-attachment":"scroll","background-type":"","background-media":"","overlay-type":"","overlay-color":"","overlay-opacity":"","overlay-gradient":""}},"footnotes":""},"categories":[22],"tags":[31,279],"class_list":["post-34110","post","type-post","status-publish","format-standard","has-post-thumbnail","hentry","category-neuigkeit","tag-agroforst","tag-naturpark-schwarzwald"],"acf":[],"yoast_head":"<!-- This site is optimized with the Yoast SEO plugin v27.5 - https:\/\/yoast.com\/product\/yoast-seo-wordpress\/ -->\n<title>Naturpark Schwarzwald startet Agroforst-Projekt - Artikel vom 14. Dezember 2023 - Permakultur-Landwirtschaft<\/title>\n<meta name=\"robots\" content=\"index, follow, max-snippet:-1, max-image-preview:large, max-video-preview:-1\" \/>\n<link rel=\"canonical\" href=\"https:\/\/permakultur-landwirtschaft.org\/fr\/naturpark-schwarzwald-startet-agroforst-projekt-artikel-vom-14-dezember-2023\/\" \/>\n<meta property=\"og:locale\" content=\"fr_FR\" \/>\n<meta property=\"og:type\" content=\"article\" \/>\n<meta property=\"og:title\" content=\"Naturpark Schwarzwald startet Agroforst-Projekt - Artikel vom 14. Dezember 2023 - Permakultur-Landwirtschaft\" \/>\n<meta property=\"og:description\" content=\"Text von naturparkschwarzwald.blog: Der Naturpark unterst\u00fctzt Landwirte k\u00fcnftig dabei, Agroforstsysteme anzulegen. Sie sorgen f\u00fcr eine Anpassung an den Klimawandel. Sie sch\u00fctzen vor Bodenerosion, haben eine hohe Kapazit\u00e4t an Wasserspeicherung und CO2-Bindung, sie erh\u00f6hen die Biodiversit\u00e4t und weisen eine Vielfalt an Produkten auf \u2013 all das bieten Agroforstsysteme. Damit sind sie resilienter gegen\u00fcber den Auswirkungen des [&hellip;]\" \/>\n<meta property=\"og:url\" content=\"https:\/\/permakultur-landwirtschaft.org\/fr\/naturpark-schwarzwald-startet-agroforst-projekt-artikel-vom-14-dezember-2023\/\" \/>\n<meta property=\"og:site_name\" content=\"Permakultur-Landwirtschaft\" \/>\n<meta property=\"article:publisher\" content=\"https:\/\/www.facebook.com\/PermakulturLandwirtschaft\" \/>\n<meta property=\"article:published_time\" content=\"2023-12-14T12:06:00+00:00\" \/>\n<meta property=\"article:modified_time\" content=\"2024-03-26T12:13:13+00:00\" \/>\n<meta property=\"og:image\" content=\"https:\/\/permakultur-landwirtschaft.org\/wp-content\/uploads\/2024\/03\/naturpark_schwarzwald_agroforst_IMG_4572-1024x683.jpg.webp\" \/>\n\t<meta property=\"og:image:width\" content=\"1024\" \/>\n\t<meta property=\"og:image:height\" content=\"683\" \/>\n\t<meta property=\"og:image:type\" content=\"image\/webp\" \/>\n<meta name=\"author\" content=\"adrian reutimann\" \/>\n<meta name=\"twitter:card\" content=\"summary_large_image\" \/>\n<meta name=\"twitter:label1\" content=\"\u00c9crit par\" \/>\n\t<meta name=\"twitter:data1\" content=\"adrian reutimann\" \/>\n\t<meta name=\"twitter:label2\" content=\"Dur\u00e9e de lecture estim\u00e9e\" \/>\n\t<meta name=\"twitter:data2\" content=\"2 minutes\" \/>\n<script type=\"application\/ld+json\" class=\"yoast-schema-graph\">{\"@context\":\"https:\\\/\\\/schema.org\",\"@graph\":[{\"@type\":\"Article\",\"@id\":\"https:\\\/\\\/permakultur-landwirtschaft.org\\\/naturpark-schwarzwald-startet-agroforst-projekt-artikel-vom-14-dezember-2023\\\/#article\",\"isPartOf\":{\"@id\":\"https:\\\/\\\/permakultur-landwirtschaft.org\\\/naturpark-schwarzwald-startet-agroforst-projekt-artikel-vom-14-dezember-2023\\\/\"},\"author\":{\"name\":\"adrian reutimann\",\"@id\":\"https:\\\/\\\/permakultur-landwirtschaft.org\\\/#\\\/schema\\\/person\\\/6b0467872f75aed3e144093f9bf4f0b0\"},\"headline\":\"Naturpark Schwarzwald startet Agroforst-Projekt &#8211; Artikel vom 14. Dezember 2023\",\"datePublished\":\"2023-12-14T12:06:00+00:00\",\"dateModified\":\"2024-03-26T12:13:13+00:00\",\"mainEntityOfPage\":{\"@id\":\"https:\\\/\\\/permakultur-landwirtschaft.org\\\/naturpark-schwarzwald-startet-agroforst-projekt-artikel-vom-14-dezember-2023\\\/\"},\"wordCount\":180,\"publisher\":{\"@id\":\"https:\\\/\\\/permakultur-landwirtschaft.org\\\/#organization\"},\"image\":{\"@id\":\"https:\\\/\\\/permakultur-landwirtschaft.org\\\/naturpark-schwarzwald-startet-agroforst-projekt-artikel-vom-14-dezember-2023\\\/#primaryimage\"},\"thumbnailUrl\":\"https:\\\/\\\/permakultur-landwirtschaft.org\\\/wp-content\\\/uploads\\\/2024\\\/03\\\/naturpark_schwarzwald_agroforst_IMG_4572-1024x683.jpg.webp\",\"keywords\":[\"Agroforst\",\"Naturpark Schwarzwald\"],\"articleSection\":[\"Neuigkeit\"],\"inLanguage\":\"fr-FR\"},{\"@type\":\"WebPage\",\"@id\":\"https:\\\/\\\/permakultur-landwirtschaft.org\\\/naturpark-schwarzwald-startet-agroforst-projekt-artikel-vom-14-dezember-2023\\\/\",\"url\":\"https:\\\/\\\/permakultur-landwirtschaft.org\\\/naturpark-schwarzwald-startet-agroforst-projekt-artikel-vom-14-dezember-2023\\\/\",\"name\":\"Naturpark Schwarzwald startet Agroforst-Projekt - Artikel vom 14. Dezember 2023 - Permakultur-Landwirtschaft\",\"isPartOf\":{\"@id\":\"https:\\\/\\\/permakultur-landwirtschaft.org\\\/#website\"},\"primaryImageOfPage\":{\"@id\":\"https:\\\/\\\/permakultur-landwirtschaft.org\\\/naturpark-schwarzwald-startet-agroforst-projekt-artikel-vom-14-dezember-2023\\\/#primaryimage\"},\"image\":{\"@id\":\"https:\\\/\\\/permakultur-landwirtschaft.org\\\/naturpark-schwarzwald-startet-agroforst-projekt-artikel-vom-14-dezember-2023\\\/#primaryimage\"},\"thumbnailUrl\":\"https:\\\/\\\/permakultur-landwirtschaft.org\\\/wp-content\\\/uploads\\\/2024\\\/03\\\/naturpark_schwarzwald_agroforst_IMG_4572-1024x683.jpg.webp\",\"datePublished\":\"2023-12-14T12:06:00+00:00\",\"dateModified\":\"2024-03-26T12:13:13+00:00\",\"breadcrumb\":{\"@id\":\"https:\\\/\\\/permakultur-landwirtschaft.org\\\/naturpark-schwarzwald-startet-agroforst-projekt-artikel-vom-14-dezember-2023\\\/#breadcrumb\"},\"inLanguage\":\"fr-FR\",\"potentialAction\":[{\"@type\":\"ReadAction\",\"target\":[\"https:\\\/\\\/permakultur-landwirtschaft.org\\\/naturpark-schwarzwald-startet-agroforst-projekt-artikel-vom-14-dezember-2023\\\/\"]}]},{\"@type\":\"ImageObject\",\"inLanguage\":\"fr-FR\",\"@id\":\"https:\\\/\\\/permakultur-landwirtschaft.org\\\/naturpark-schwarzwald-startet-agroforst-projekt-artikel-vom-14-dezember-2023\\\/#primaryimage\",\"url\":\"https:\\\/\\\/permakultur-landwirtschaft.org\\\/wp-content\\\/uploads\\\/2024\\\/03\\\/naturpark_schwarzwald_agroforst_IMG_4572-1024x683.jpg.webp\",\"contentUrl\":\"https:\\\/\\\/permakultur-landwirtschaft.org\\\/wp-content\\\/uploads\\\/2024\\\/03\\\/naturpark_schwarzwald_agroforst_IMG_4572-1024x683.jpg.webp\",\"width\":1024,\"height\":683,\"caption\":\"Bild: Gundi Woll\\\/Naturpark Schwarzwald Mitte\\\/Nord\"},{\"@type\":\"BreadcrumbList\",\"@id\":\"https:\\\/\\\/permakultur-landwirtschaft.org\\\/naturpark-schwarzwald-startet-agroforst-projekt-artikel-vom-14-dezember-2023\\\/#breadcrumb\",\"itemListElement\":[{\"@type\":\"ListItem\",\"position\":1,\"name\":\"Startseite\",\"item\":\"https:\\\/\\\/permakultur-landwirtschaft.org\\\/\"},{\"@type\":\"ListItem\",\"position\":2,\"name\":\"Naturpark Schwarzwald startet Agroforst-Projekt &#8211; Artikel vom 14. Dezember 2023\"}]},{\"@type\":\"WebSite\",\"@id\":\"https:\\\/\\\/permakultur-landwirtschaft.org\\\/#website\",\"url\":\"https:\\\/\\\/permakultur-landwirtschaft.org\\\/\",\"name\":\"Permakultur-Landwirtschaft\",\"description\":\"F\u00f6rderung der Permakultur in der Landwirtschaft\",\"publisher\":{\"@id\":\"https:\\\/\\\/permakultur-landwirtschaft.org\\\/#organization\"},\"potentialAction\":[{\"@type\":\"SearchAction\",\"target\":{\"@type\":\"EntryPoint\",\"urlTemplate\":\"https:\\\/\\\/permakultur-landwirtschaft.org\\\/?s={search_term_string}\"},\"query-input\":{\"@type\":\"PropertyValueSpecification\",\"valueRequired\":true,\"valueName\":\"search_term_string\"}}],\"inLanguage\":\"fr-FR\"},{\"@type\":\"Organization\",\"@id\":\"https:\\\/\\\/permakultur-landwirtschaft.org\\\/#organization\",\"name\":\"Permakultur-Landwirtschaft\",\"alternateName\":\"Verein Permakultur-Landwirtschaft\",\"url\":\"https:\\\/\\\/permakultur-landwirtschaft.org\\\/\",\"logo\":{\"@type\":\"ImageObject\",\"inLanguage\":\"fr-FR\",\"@id\":\"https:\\\/\\\/permakultur-landwirtschaft.org\\\/#\\\/schema\\\/logo\\\/image\\\/\",\"url\":\"https:\\\/\\\/permakultur-landwirtschaft.org\\\/wp-content\\\/uploads\\\/2021\\\/11\\\/pela_1268x1269.png\",\"contentUrl\":\"https:\\\/\\\/permakultur-landwirtschaft.org\\\/wp-content\\\/uploads\\\/2021\\\/11\\\/pela_1268x1269.png\",\"width\":1298,\"height\":1269,\"caption\":\"Permakultur-Landwirtschaft\"},\"image\":{\"@id\":\"https:\\\/\\\/permakultur-landwirtschaft.org\\\/#\\\/schema\\\/logo\\\/image\\\/\"},\"sameAs\":[\"https:\\\/\\\/www.facebook.com\\\/PermakulturLandwirtschaft\",\"https:\\\/\\\/www.instagram.com\\\/permakultur_landwirtschaft\\\/\",\"https:\\\/\\\/www.flickr.com\\\/photos\\\/permakultur-landwirtschaft\",\"https:\\\/\\\/www.youtube.com\\\/@PermakulturLandwirtschaft\"]},{\"@type\":\"Person\",\"@id\":\"https:\\\/\\\/permakultur-landwirtschaft.org\\\/#\\\/schema\\\/person\\\/6b0467872f75aed3e144093f9bf4f0b0\",\"name\":\"adrian reutimann\",\"url\":\"https:\\\/\\\/permakultur-landwirtschaft.org\\\/fr\\\/author\\\/reutiadr\\\/\"}]}<\/script>\n<!-- \/ Yoast SEO plugin. -->","yoast_head_json":{"title":"Naturpark Schwarzwald startet Agroforst-Projekt - Artikel vom 14. Dezember 2023 - Permakultur-Landwirtschaft","robots":{"index":"index","follow":"follow","max-snippet":"max-snippet:-1","max-image-preview":"max-image-preview:large","max-video-preview":"max-video-preview:-1"},"canonical":"https:\/\/permakultur-landwirtschaft.org\/fr\/naturpark-schwarzwald-startet-agroforst-projekt-artikel-vom-14-dezember-2023\/","og_locale":"fr_FR","og_type":"article","og_title":"Naturpark Schwarzwald startet Agroforst-Projekt - Artikel vom 14. Dezember 2023 - Permakultur-Landwirtschaft","og_description":"Text von naturparkschwarzwald.blog: Der Naturpark unterst\u00fctzt Landwirte k\u00fcnftig dabei, Agroforstsysteme anzulegen. Sie sorgen f\u00fcr eine Anpassung an den Klimawandel. Sie sch\u00fctzen vor Bodenerosion, haben eine hohe Kapazit\u00e4t an Wasserspeicherung und CO2-Bindung, sie erh\u00f6hen die Biodiversit\u00e4t und weisen eine Vielfalt an Produkten auf \u2013 all das bieten Agroforstsysteme. Damit sind sie resilienter gegen\u00fcber den Auswirkungen des [&hellip;]","og_url":"https:\/\/permakultur-landwirtschaft.org\/fr\/naturpark-schwarzwald-startet-agroforst-projekt-artikel-vom-14-dezember-2023\/","og_site_name":"Permakultur-Landwirtschaft","article_publisher":"https:\/\/www.facebook.com\/PermakulturLandwirtschaft","article_published_time":"2023-12-14T12:06:00+00:00","article_modified_time":"2024-03-26T12:13:13+00:00","og_image":[{"width":1024,"height":683,"url":"https:\/\/permakultur-landwirtschaft.org\/wp-content\/uploads\/2024\/03\/naturpark_schwarzwald_agroforst_IMG_4572-1024x683.jpg.webp","type":"image\/webp"}],"author":"adrian reutimann","twitter_card":"summary_large_image","twitter_misc":{"\u00c9crit par":"adrian reutimann","Dur\u00e9e de lecture estim\u00e9e":"2 minutes"},"schema":{"@context":"https:\/\/schema.org","@graph":[{"@type":"Article","@id":"https:\/\/permakultur-landwirtschaft.org\/naturpark-schwarzwald-startet-agroforst-projekt-artikel-vom-14-dezember-2023\/#article","isPartOf":{"@id":"https:\/\/permakultur-landwirtschaft.org\/naturpark-schwarzwald-startet-agroforst-projekt-artikel-vom-14-dezember-2023\/"},"author":{"name":"adrian reutimann","@id":"https:\/\/permakultur-landwirtschaft.org\/#\/schema\/person\/6b0467872f75aed3e144093f9bf4f0b0"},"headline":"Naturpark Schwarzwald startet Agroforst-Projekt &#8211; Artikel vom 14. Dezember 2023","datePublished":"2023-12-14T12:06:00+00:00","dateModified":"2024-03-26T12:13:13+00:00","mainEntityOfPage":{"@id":"https:\/\/permakultur-landwirtschaft.org\/naturpark-schwarzwald-startet-agroforst-projekt-artikel-vom-14-dezember-2023\/"},"wordCount":180,"publisher":{"@id":"https:\/\/permakultur-landwirtschaft.org\/#organization"},"image":{"@id":"https:\/\/permakultur-landwirtschaft.org\/naturpark-schwarzwald-startet-agroforst-projekt-artikel-vom-14-dezember-2023\/#primaryimage"},"thumbnailUrl":"https:\/\/permakultur-landwirtschaft.org\/wp-content\/uploads\/2024\/03\/naturpark_schwarzwald_agroforst_IMG_4572-1024x683.jpg.webp","keywords":["Agroforst","Naturpark Schwarzwald"],"articleSection":["Neuigkeit"],"inLanguage":"fr-FR"},{"@type":"WebPage","@id":"https:\/\/permakultur-landwirtschaft.org\/naturpark-schwarzwald-startet-agroforst-projekt-artikel-vom-14-dezember-2023\/","url":"https:\/\/permakultur-landwirtschaft.org\/naturpark-schwarzwald-startet-agroforst-projekt-artikel-vom-14-dezember-2023\/","name":"Naturpark Schwarzwald startet Agroforst-Projekt - Artikel vom 14. Dezember 2023 - Permakultur-Landwirtschaft","isPartOf":{"@id":"https:\/\/permakultur-landwirtschaft.org\/#website"},"primaryImageOfPage":{"@id":"https:\/\/permakultur-landwirtschaft.org\/naturpark-schwarzwald-startet-agroforst-projekt-artikel-vom-14-dezember-2023\/#primaryimage"},"image":{"@id":"https:\/\/permakultur-landwirtschaft.org\/naturpark-schwarzwald-startet-agroforst-projekt-artikel-vom-14-dezember-2023\/#primaryimage"},"thumbnailUrl":"https:\/\/permakultur-landwirtschaft.org\/wp-content\/uploads\/2024\/03\/naturpark_schwarzwald_agroforst_IMG_4572-1024x683.jpg.webp","datePublished":"2023-12-14T12:06:00+00:00","dateModified":"2024-03-26T12:13:13+00:00","breadcrumb":{"@id":"https:\/\/permakultur-landwirtschaft.org\/naturpark-schwarzwald-startet-agroforst-projekt-artikel-vom-14-dezember-2023\/#breadcrumb"},"inLanguage":"fr-FR","potentialAction":[{"@type":"ReadAction","target":["https:\/\/permakultur-landwirtschaft.org\/naturpark-schwarzwald-startet-agroforst-projekt-artikel-vom-14-dezember-2023\/"]}]},{"@type":"ImageObject","inLanguage":"fr-FR","@id":"https:\/\/permakultur-landwirtschaft.org\/naturpark-schwarzwald-startet-agroforst-projekt-artikel-vom-14-dezember-2023\/#primaryimage","url":"https:\/\/permakultur-landwirtschaft.org\/wp-content\/uploads\/2024\/03\/naturpark_schwarzwald_agroforst_IMG_4572-1024x683.jpg.webp","contentUrl":"https:\/\/permakultur-landwirtschaft.org\/wp-content\/uploads\/2024\/03\/naturpark_schwarzwald_agroforst_IMG_4572-1024x683.jpg.webp","width":1024,"height":683,"caption":"Bild: Gundi Woll\/Naturpark Schwarzwald Mitte\/Nord"},{"@type":"BreadcrumbList","@id":"https:\/\/permakultur-landwirtschaft.org\/naturpark-schwarzwald-startet-agroforst-projekt-artikel-vom-14-dezember-2023\/#breadcrumb","itemListElement":[{"@type":"ListItem","position":1,"name":"Startseite","item":"https:\/\/permakultur-landwirtschaft.org\/"},{"@type":"ListItem","position":2,"name":"Naturpark Schwarzwald startet Agroforst-Projekt &#8211; Artikel vom 14. Dezember 2023"}]},{"@type":"WebSite","@id":"https:\/\/permakultur-landwirtschaft.org\/#website","url":"https:\/\/permakultur-landwirtschaft.org\/","name":"Permakultur-Landwirtschaft","description":"F\u00f6rderung der Permakultur in der Landwirtschaft","publisher":{"@id":"https:\/\/permakultur-landwirtschaft.org\/#organization"},"potentialAction":[{"@type":"SearchAction","target":{"@type":"EntryPoint","urlTemplate":"https:\/\/permakultur-landwirtschaft.org\/?s={search_term_string}"},"query-input":{"@type":"PropertyValueSpecification","valueRequired":true,"valueName":"search_term_string"}}],"inLanguage":"fr-FR"},{"@type":"Organization","@id":"https:\/\/permakultur-landwirtschaft.org\/#organization","name":"Permakultur-Landwirtschaft","alternateName":"Verein Permakultur-Landwirtschaft","url":"https:\/\/permakultur-landwirtschaft.org\/","logo":{"@type":"ImageObject","inLanguage":"fr-FR","@id":"https:\/\/permakultur-landwirtschaft.org\/#\/schema\/logo\/image\/","url":"https:\/\/permakultur-landwirtschaft.org\/wp-content\/uploads\/2021\/11\/pela_1268x1269.png","contentUrl":"https:\/\/permakultur-landwirtschaft.org\/wp-content\/uploads\/2021\/11\/pela_1268x1269.png","width":1298,"height":1269,"caption":"Permakultur-Landwirtschaft"},"image":{"@id":"https:\/\/permakultur-landwirtschaft.org\/#\/schema\/logo\/image\/"},"sameAs":["https:\/\/www.facebook.com\/PermakulturLandwirtschaft","https:\/\/www.instagram.com\/permakultur_landwirtschaft\/","https:\/\/www.flickr.com\/photos\/permakultur-landwirtschaft","https:\/\/www.youtube.com\/@PermakulturLandwirtschaft"]},{"@type":"Person","@id":"https:\/\/permakultur-landwirtschaft.org\/#\/schema\/person\/6b0467872f75aed3e144093f9bf4f0b0","name":"adrian reutimann","url":"https:\/\/permakultur-landwirtschaft.org\/fr\/author\/reutiadr\/"}]}},"_links":{"self":[{"href":"https:\/\/permakultur-landwirtschaft.org\/fr\/wp-json\/wp\/v2\/posts\/34110","targetHints":{"allow":["GET"]}}],"collection":[{"href":"https:\/\/permakultur-landwirtschaft.org\/fr\/wp-json\/wp\/v2\/posts"}],"about":[{"href":"https:\/\/permakultur-landwirtschaft.org\/fr\/wp-json\/wp\/v2\/types\/post"}],"author":[{"embeddable":true,"href":"https:\/\/permakultur-landwirtschaft.org\/fr\/wp-json\/wp\/v2\/users\/2"}],"replies":[{"embeddable":true,"href":"https:\/\/permakultur-landwirtschaft.org\/fr\/wp-json\/wp\/v2\/comments?post=34110"}],"version-history":[{"count":2,"href":"https:\/\/permakultur-landwirtschaft.org\/fr\/wp-json\/wp\/v2\/posts\/34110\/revisions"}],"predecessor-version":[{"id":34113,"href":"https:\/\/permakultur-landwirtschaft.org\/fr\/wp-json\/wp\/v2\/posts\/34110\/revisions\/34113"}],"wp:featuredmedia":[{"embeddable":true,"href":"https:\/\/permakultur-landwirtschaft.org\/fr\/wp-json\/wp\/v2\/media\/34111"}],"wp:attachment":[{"href":"https:\/\/permakultur-landwirtschaft.org\/fr\/wp-json\/wp\/v2\/media?parent=34110"}],"wp:term":[{"taxonomy":"category","embeddable":true,"href":"https:\/\/permakultur-landwirtschaft.org\/fr\/wp-json\/wp\/v2\/categories?post=34110"},{"taxonomy":"post_tag","embeddable":true,"href":"https:\/\/permakultur-landwirtschaft.org\/fr\/wp-json\/wp\/v2\/tags?post=34110"}],"curies":[{"name":"wp","href":"https:\/\/api.w.org\/{rel}","templated":true}]}}