{"id":33932,"date":"2024-03-12T10:59:50","date_gmt":"2024-03-12T09:59:50","guid":{"rendered":"https:\/\/permakultur-landwirtschaft.org\/?p=33932"},"modified":"2024-03-12T10:59:51","modified_gmt":"2024-03-12T09:59:51","slug":"skalierbare-und-regenerative-mosaiklandwirtschaft-anlass-am-22-april-2024","status":"publish","type":"post","link":"https:\/\/permakultur-landwirtschaft.org\/fr\/skalierbare-und-regenerative-mosaiklandwirtschaft-anlass-am-22-april-2024\/","title":{"rendered":"Skalierbare und regenerative Mosaiklandwirtschaft &#8211; Anlass am 22. April 2024"},"content":{"rendered":"<p>Text von svial.ch:<\/p>\n\n\n\n<p><strong>\u00abDas HofLabor entwickelt innovative Anbaumethoden f\u00fcr eine regenerative Landwirtschaft.\u00bb<\/strong><\/p>\n\n\n\n<p>Regenerative Mosaik-Landwirtschaft ist ein vielversprechender L\u00f6sungsansatz, um Lebensmittel nachhaltig zu produzieren.<\/p>\n\n\n\n<p>Anna Guenat, Founders Associate, wird uns&nbsp;<strong>Einblicke in das HofLabor<\/strong>&nbsp;geben und wichtige Meilensteine mit uns teilen.<\/p>\n\n\n\n<p>Das HofLabor ist aus dem&nbsp;<strong>Pionierhof SlowGrow<\/strong>&nbsp;entstanden. Seit 2015 experimentiert dieser mit L\u00f6sungsans\u00e4tzen und entwickelt <strong>Methoden f\u00fcr eine regenerative Mosaik-Landwirtschaft.<\/strong> Dabei wird unter anderem auf <strong>bodenschonende Bearbeitung<\/strong>, grossfl\u00e4chige <strong>Mulchsysteme <\/strong>und nahtlose <strong>Abl\u00f6seprinzipien im Streifenanbau<\/strong> gesetzt.&nbsp;Zusammen mit dem HofLabor sollen diese Methoden nun <strong>robust und skalierbar<\/strong> gemacht werden. Mit der Entwicklung von <strong>innovativen Maschinen und Managementtools <\/strong>sowie multifunktionalen Anbaumethoden entsteht ein resilientes System, in dem <strong>Produktionsfl\u00e4chen als funktionierende und lebendige \u00d6kosysteme<\/strong> etabliert sind und alle Nachhaltigkeitsziele der Landwirtschaft erf\u00fcllen kann.<\/p>\n\n\n\n<p>Heute werden auf 3 Pionierh\u00f6fen mehr als 800 Streifen bewirtschaftet. Ab April 2024 entsteht ausserdem ein neuer&nbsp;<strong>Demonstrationshof&nbsp;<\/strong>f\u00fcr die regenerative Mosaik-Landwirtschaft auf dem&nbsp;<strong>Z\u00fcricher Adlisberghof.<\/strong><\/p>\n\n\n\n<p>Eure Fragen und Anregungen k\u00f6nnen nach der Pr\u00e4sentation in der Diskussion besprochen werden.<\/p>\n\n\n\n<p><strong>Programm:<\/strong><\/p>\n\n\n\n<p>17:00 Uhr Begr\u00fcssung<\/p>\n\n\n\n<p>17:05 Uhr Vorstellung des HofLabors von Anna Guenat (ca. 25 Minuten)<\/p>\n\n\n\n<p>17:30 Uhr Fragen und Diskussion im Plenum<\/p>\n\n\n\n<p>Anschliessend Diskussion im Plenum<\/p>\n\n\n\n<p><a href=\"https:\/\/eventfrog.ch\/de\/p\/fuehrungen-vortraege\/firmenvortrag\/skalierbare-und-regenerative-mosaiklandwirtschaft-7163478403269477537.html#\" target=\"_blank\" rel=\"noreferrer noopener\">Link zu mehr Infos<\/a><\/p>","protected":false},"excerpt":{"rendered":"<p>Text von svial.ch: \u00abDas HofLabor entwickelt innovative Anbaumethoden f\u00fcr eine regenerative Landwirtschaft.\u00bb Regenerative Mosaik-Landwirtschaft ist ein vielversprechender L\u00f6sungsansatz, um Lebensmittel nachhaltig zu produzieren. Anna Guenat, Founders Associate, wird uns&nbsp;Einblicke in das HofLabor&nbsp;geben und wichtige Meilensteine mit uns teilen. Das HofLabor ist aus dem&nbsp;Pionierhof SlowGrow&nbsp;entstanden. Seit 2015 experimentiert dieser mit L\u00f6sungsans\u00e4tzen und entwickelt Methoden f\u00fcr eine [&hellip;]<\/p>\n","protected":false},"author":2,"featured_media":33933,"comment_status":"closed","ping_status":"closed","sticky":false,"template":"","format":"standard","meta":{"_acf_changed":false,"site-sidebar-layout":"default","site-content-layout":"","ast-site-content-layout":"default","site-content-style":"default","site-sidebar-style":"default","ast-global-header-display":"","ast-banner-title-visibility":"","ast-main-header-display":"","ast-hfb-above-header-display":"","ast-hfb-below-header-display":"","ast-hfb-mobile-header-display":"","site-post-title":"","ast-breadcrumbs-content":"","ast-featured-img":"","footer-sml-layout":"","ast-disable-related-posts":"","theme-transparent-header-meta":"","adv-header-id-meta":"","stick-header-meta":"","header-above-stick-meta":"","header-main-stick-meta":"","header-below-stick-meta":"","astra-migrate-meta-layouts":"set","ast-page-background-enabled":"default","ast-page-background-meta":{"desktop":{"background-color":"var(--ast-global-color-4)","background-image":"","background-repeat":"repeat","background-position":"center center","background-size":"auto","background-attachment":"scroll","background-type":"","background-media":"","overlay-type":"","overlay-color":"","overlay-opacity":"","overlay-gradient":""},"tablet":{"background-color":"","background-image":"","background-repeat":"repeat","background-position":"center center","background-size":"auto","background-attachment":"scroll","background-type":"","background-media":"","overlay-type":"","overlay-color":"","overlay-opacity":"","overlay-gradient":""},"mobile":{"background-color":"","background-image":"","background-repeat":"repeat","background-position":"center center","background-size":"auto","background-attachment":"scroll","background-type":"","background-media":"","overlay-type":"","overlay-color":"","overlay-opacity":"","overlay-gradient":""}},"ast-content-background-meta":{"desktop":{"background-color":"var(--ast-global-color-5)","background-image":"","background-repeat":"repeat","background-position":"center center","background-size":"auto","background-attachment":"scroll","background-type":"","background-media":"","overlay-type":"","overlay-color":"","overlay-opacity":"","overlay-gradient":""},"tablet":{"background-color":"var(--ast-global-color-5)","background-image":"","background-repeat":"repeat","background-position":"center center","background-size":"auto","background-attachment":"scroll","background-type":"","background-media":"","overlay-type":"","overlay-color":"","overlay-opacity":"","overlay-gradient":""},"mobile":{"background-color":"var(--ast-global-color-5)","background-image":"","background-repeat":"repeat","background-position":"center center","background-size":"auto","background-attachment":"scroll","background-type":"","background-media":"","overlay-type":"","overlay-color":"","overlay-opacity":"","overlay-gradient":""}},"footnotes":""},"categories":[14],"tags":[266,263,265,264],"class_list":["post-33932","post","type-post","status-publish","format-standard","has-post-thumbnail","hentry","category-veranstaltung","tag-adlisberghof","tag-hoflabor","tag-mosaik-landwirtschaft","tag-slow-grow"],"acf":[],"yoast_head":"<!-- This site is optimized with the Yoast SEO plugin v27.5 - https:\/\/yoast.com\/product\/yoast-seo-wordpress\/ -->\n<title>Skalierbare und regenerative Mosaiklandwirtschaft - Anlass am 22. April 2024 - Permakultur-Landwirtschaft<\/title>\n<meta name=\"robots\" content=\"index, follow, max-snippet:-1, max-image-preview:large, max-video-preview:-1\" \/>\n<link rel=\"canonical\" href=\"https:\/\/permakultur-landwirtschaft.org\/fr\/skalierbare-und-regenerative-mosaiklandwirtschaft-anlass-am-22-april-2024\/\" \/>\n<meta property=\"og:locale\" content=\"fr_FR\" \/>\n<meta property=\"og:type\" content=\"article\" \/>\n<meta property=\"og:title\" content=\"Skalierbare und regenerative Mosaiklandwirtschaft - Anlass am 22. April 2024 - Permakultur-Landwirtschaft\" \/>\n<meta property=\"og:description\" content=\"Text von svial.ch: \u00abDas HofLabor entwickelt innovative Anbaumethoden f\u00fcr eine regenerative Landwirtschaft.\u00bb Regenerative Mosaik-Landwirtschaft ist ein vielversprechender L\u00f6sungsansatz, um Lebensmittel nachhaltig zu produzieren. Anna Guenat, Founders Associate, wird uns&nbsp;Einblicke in das HofLabor&nbsp;geben und wichtige Meilensteine mit uns teilen. Das HofLabor ist aus dem&nbsp;Pionierhof SlowGrow&nbsp;entstanden. Seit 2015 experimentiert dieser mit L\u00f6sungsans\u00e4tzen und entwickelt Methoden f\u00fcr eine [&hellip;]\" \/>\n<meta property=\"og:url\" content=\"https:\/\/permakultur-landwirtschaft.org\/fr\/skalierbare-und-regenerative-mosaiklandwirtschaft-anlass-am-22-april-2024\/\" \/>\n<meta property=\"og:site_name\" content=\"Permakultur-Landwirtschaft\" \/>\n<meta property=\"article:publisher\" content=\"https:\/\/www.facebook.com\/PermakulturLandwirtschaft\" \/>\n<meta property=\"article:published_time\" content=\"2024-03-12T09:59:50+00:00\" \/>\n<meta property=\"article:modified_time\" content=\"2024-03-12T09:59:51+00:00\" \/>\n<meta property=\"og:image\" content=\"https:\/\/permakultur-landwirtschaft.org\/wp-content\/uploads\/2024\/03\/20240422_mosaik_svial.png\" \/>\n\t<meta property=\"og:image:width\" content=\"700\" \/>\n\t<meta property=\"og:image:height\" content=\"350\" \/>\n\t<meta property=\"og:image:type\" content=\"image\/png\" \/>\n<meta name=\"author\" content=\"adrian reutimann\" \/>\n<meta name=\"twitter:card\" content=\"summary_large_image\" \/>\n<meta name=\"twitter:label1\" content=\"\u00c9crit par\" \/>\n\t<meta name=\"twitter:data1\" content=\"adrian reutimann\" \/>\n\t<meta name=\"twitter:label2\" content=\"Dur\u00e9e de lecture estim\u00e9e\" \/>\n\t<meta name=\"twitter:data2\" content=\"2 minutes\" \/>\n<script type=\"application\/ld+json\" class=\"yoast-schema-graph\">{\"@context\":\"https:\\\/\\\/schema.org\",\"@graph\":[{\"@type\":\"Article\",\"@id\":\"https:\\\/\\\/permakultur-landwirtschaft.org\\\/skalierbare-und-regenerative-mosaiklandwirtschaft-anlass-am-22-april-2024\\\/#article\",\"isPartOf\":{\"@id\":\"https:\\\/\\\/permakultur-landwirtschaft.org\\\/skalierbare-und-regenerative-mosaiklandwirtschaft-anlass-am-22-april-2024\\\/\"},\"author\":{\"name\":\"adrian reutimann\",\"@id\":\"https:\\\/\\\/permakultur-landwirtschaft.org\\\/#\\\/schema\\\/person\\\/6b0467872f75aed3e144093f9bf4f0b0\"},\"headline\":\"Skalierbare und regenerative Mosaiklandwirtschaft &#8211; Anlass am 22. April 2024\",\"datePublished\":\"2024-03-12T09:59:50+00:00\",\"dateModified\":\"2024-03-12T09:59:51+00:00\",\"mainEntityOfPage\":{\"@id\":\"https:\\\/\\\/permakultur-landwirtschaft.org\\\/skalierbare-und-regenerative-mosaiklandwirtschaft-anlass-am-22-april-2024\\\/\"},\"wordCount\":214,\"publisher\":{\"@id\":\"https:\\\/\\\/permakultur-landwirtschaft.org\\\/#organization\"},\"image\":{\"@id\":\"https:\\\/\\\/permakultur-landwirtschaft.org\\\/skalierbare-und-regenerative-mosaiklandwirtschaft-anlass-am-22-april-2024\\\/#primaryimage\"},\"thumbnailUrl\":\"https:\\\/\\\/permakultur-landwirtschaft.org\\\/wp-content\\\/uploads\\\/2024\\\/03\\\/20240422_mosaik_svial.png\",\"keywords\":[\"Adlisberghof\",\"HofLabor\",\"Mosaik-Landwirtschaft\",\"Slow Grow\"],\"articleSection\":[\"Veranstaltung\"],\"inLanguage\":\"fr-FR\"},{\"@type\":\"WebPage\",\"@id\":\"https:\\\/\\\/permakultur-landwirtschaft.org\\\/skalierbare-und-regenerative-mosaiklandwirtschaft-anlass-am-22-april-2024\\\/\",\"url\":\"https:\\\/\\\/permakultur-landwirtschaft.org\\\/skalierbare-und-regenerative-mosaiklandwirtschaft-anlass-am-22-april-2024\\\/\",\"name\":\"Skalierbare und regenerative Mosaiklandwirtschaft - Anlass am 22. April 2024 - Permakultur-Landwirtschaft\",\"isPartOf\":{\"@id\":\"https:\\\/\\\/permakultur-landwirtschaft.org\\\/#website\"},\"primaryImageOfPage\":{\"@id\":\"https:\\\/\\\/permakultur-landwirtschaft.org\\\/skalierbare-und-regenerative-mosaiklandwirtschaft-anlass-am-22-april-2024\\\/#primaryimage\"},\"image\":{\"@id\":\"https:\\\/\\\/permakultur-landwirtschaft.org\\\/skalierbare-und-regenerative-mosaiklandwirtschaft-anlass-am-22-april-2024\\\/#primaryimage\"},\"thumbnailUrl\":\"https:\\\/\\\/permakultur-landwirtschaft.org\\\/wp-content\\\/uploads\\\/2024\\\/03\\\/20240422_mosaik_svial.png\",\"datePublished\":\"2024-03-12T09:59:50+00:00\",\"dateModified\":\"2024-03-12T09:59:51+00:00\",\"breadcrumb\":{\"@id\":\"https:\\\/\\\/permakultur-landwirtschaft.org\\\/skalierbare-und-regenerative-mosaiklandwirtschaft-anlass-am-22-april-2024\\\/#breadcrumb\"},\"inLanguage\":\"fr-FR\",\"potentialAction\":[{\"@type\":\"ReadAction\",\"target\":[\"https:\\\/\\\/permakultur-landwirtschaft.org\\\/skalierbare-und-regenerative-mosaiklandwirtschaft-anlass-am-22-april-2024\\\/\"]}]},{\"@type\":\"ImageObject\",\"inLanguage\":\"fr-FR\",\"@id\":\"https:\\\/\\\/permakultur-landwirtschaft.org\\\/skalierbare-und-regenerative-mosaiklandwirtschaft-anlass-am-22-april-2024\\\/#primaryimage\",\"url\":\"https:\\\/\\\/permakultur-landwirtschaft.org\\\/wp-content\\\/uploads\\\/2024\\\/03\\\/20240422_mosaik_svial.png\",\"contentUrl\":\"https:\\\/\\\/permakultur-landwirtschaft.org\\\/wp-content\\\/uploads\\\/2024\\\/03\\\/20240422_mosaik_svial.png\",\"width\":700,\"height\":350,\"caption\":\"Bild: SVIAL\"},{\"@type\":\"BreadcrumbList\",\"@id\":\"https:\\\/\\\/permakultur-landwirtschaft.org\\\/skalierbare-und-regenerative-mosaiklandwirtschaft-anlass-am-22-april-2024\\\/#breadcrumb\",\"itemListElement\":[{\"@type\":\"ListItem\",\"position\":1,\"name\":\"Startseite\",\"item\":\"https:\\\/\\\/permakultur-landwirtschaft.org\\\/\"},{\"@type\":\"ListItem\",\"position\":2,\"name\":\"Skalierbare und regenerative Mosaiklandwirtschaft &#8211; Anlass am 22. April 2024\"}]},{\"@type\":\"WebSite\",\"@id\":\"https:\\\/\\\/permakultur-landwirtschaft.org\\\/#website\",\"url\":\"https:\\\/\\\/permakultur-landwirtschaft.org\\\/\",\"name\":\"Permakultur-Landwirtschaft\",\"description\":\"F\u00f6rderung der Permakultur in der Landwirtschaft\",\"publisher\":{\"@id\":\"https:\\\/\\\/permakultur-landwirtschaft.org\\\/#organization\"},\"potentialAction\":[{\"@type\":\"SearchAction\",\"target\":{\"@type\":\"EntryPoint\",\"urlTemplate\":\"https:\\\/\\\/permakultur-landwirtschaft.org\\\/?s={search_term_string}\"},\"query-input\":{\"@type\":\"PropertyValueSpecification\",\"valueRequired\":true,\"valueName\":\"search_term_string\"}}],\"inLanguage\":\"fr-FR\"},{\"@type\":\"Organization\",\"@id\":\"https:\\\/\\\/permakultur-landwirtschaft.org\\\/#organization\",\"name\":\"Permakultur-Landwirtschaft\",\"alternateName\":\"Verein Permakultur-Landwirtschaft\",\"url\":\"https:\\\/\\\/permakultur-landwirtschaft.org\\\/\",\"logo\":{\"@type\":\"ImageObject\",\"inLanguage\":\"fr-FR\",\"@id\":\"https:\\\/\\\/permakultur-landwirtschaft.org\\\/#\\\/schema\\\/logo\\\/image\\\/\",\"url\":\"https:\\\/\\\/permakultur-landwirtschaft.org\\\/wp-content\\\/uploads\\\/2021\\\/11\\\/pela_1268x1269.png\",\"contentUrl\":\"https:\\\/\\\/permakultur-landwirtschaft.org\\\/wp-content\\\/uploads\\\/2021\\\/11\\\/pela_1268x1269.png\",\"width\":1298,\"height\":1269,\"caption\":\"Permakultur-Landwirtschaft\"},\"image\":{\"@id\":\"https:\\\/\\\/permakultur-landwirtschaft.org\\\/#\\\/schema\\\/logo\\\/image\\\/\"},\"sameAs\":[\"https:\\\/\\\/www.facebook.com\\\/PermakulturLandwirtschaft\",\"https:\\\/\\\/www.instagram.com\\\/permakultur_landwirtschaft\\\/\",\"https:\\\/\\\/www.flickr.com\\\/photos\\\/permakultur-landwirtschaft\",\"https:\\\/\\\/www.youtube.com\\\/@PermakulturLandwirtschaft\"]},{\"@type\":\"Person\",\"@id\":\"https:\\\/\\\/permakultur-landwirtschaft.org\\\/#\\\/schema\\\/person\\\/6b0467872f75aed3e144093f9bf4f0b0\",\"name\":\"adrian reutimann\",\"url\":\"https:\\\/\\\/permakultur-landwirtschaft.org\\\/fr\\\/author\\\/reutiadr\\\/\"}]}<\/script>\n<!-- \/ Yoast SEO plugin. -->","yoast_head_json":{"title":"Skalierbare und regenerative Mosaiklandwirtschaft - Anlass am 22. April 2024 - Permakultur-Landwirtschaft","robots":{"index":"index","follow":"follow","max-snippet":"max-snippet:-1","max-image-preview":"max-image-preview:large","max-video-preview":"max-video-preview:-1"},"canonical":"https:\/\/permakultur-landwirtschaft.org\/fr\/skalierbare-und-regenerative-mosaiklandwirtschaft-anlass-am-22-april-2024\/","og_locale":"fr_FR","og_type":"article","og_title":"Skalierbare und regenerative Mosaiklandwirtschaft - Anlass am 22. April 2024 - Permakultur-Landwirtschaft","og_description":"Text von svial.ch: \u00abDas HofLabor entwickelt innovative Anbaumethoden f\u00fcr eine regenerative Landwirtschaft.\u00bb Regenerative Mosaik-Landwirtschaft ist ein vielversprechender L\u00f6sungsansatz, um Lebensmittel nachhaltig zu produzieren. Anna Guenat, Founders Associate, wird uns&nbsp;Einblicke in das HofLabor&nbsp;geben und wichtige Meilensteine mit uns teilen. Das HofLabor ist aus dem&nbsp;Pionierhof SlowGrow&nbsp;entstanden. Seit 2015 experimentiert dieser mit L\u00f6sungsans\u00e4tzen und entwickelt Methoden f\u00fcr eine [&hellip;]","og_url":"https:\/\/permakultur-landwirtschaft.org\/fr\/skalierbare-und-regenerative-mosaiklandwirtschaft-anlass-am-22-april-2024\/","og_site_name":"Permakultur-Landwirtschaft","article_publisher":"https:\/\/www.facebook.com\/PermakulturLandwirtschaft","article_published_time":"2024-03-12T09:59:50+00:00","article_modified_time":"2024-03-12T09:59:51+00:00","og_image":[{"width":700,"height":350,"url":"https:\/\/permakultur-landwirtschaft.org\/wp-content\/uploads\/2024\/03\/20240422_mosaik_svial.png","type":"image\/png"}],"author":"adrian reutimann","twitter_card":"summary_large_image","twitter_misc":{"\u00c9crit par":"adrian reutimann","Dur\u00e9e de lecture estim\u00e9e":"2 minutes"},"schema":{"@context":"https:\/\/schema.org","@graph":[{"@type":"Article","@id":"https:\/\/permakultur-landwirtschaft.org\/skalierbare-und-regenerative-mosaiklandwirtschaft-anlass-am-22-april-2024\/#article","isPartOf":{"@id":"https:\/\/permakultur-landwirtschaft.org\/skalierbare-und-regenerative-mosaiklandwirtschaft-anlass-am-22-april-2024\/"},"author":{"name":"adrian reutimann","@id":"https:\/\/permakultur-landwirtschaft.org\/#\/schema\/person\/6b0467872f75aed3e144093f9bf4f0b0"},"headline":"Skalierbare und regenerative Mosaiklandwirtschaft &#8211; Anlass am 22. April 2024","datePublished":"2024-03-12T09:59:50+00:00","dateModified":"2024-03-12T09:59:51+00:00","mainEntityOfPage":{"@id":"https:\/\/permakultur-landwirtschaft.org\/skalierbare-und-regenerative-mosaiklandwirtschaft-anlass-am-22-april-2024\/"},"wordCount":214,"publisher":{"@id":"https:\/\/permakultur-landwirtschaft.org\/#organization"},"image":{"@id":"https:\/\/permakultur-landwirtschaft.org\/skalierbare-und-regenerative-mosaiklandwirtschaft-anlass-am-22-april-2024\/#primaryimage"},"thumbnailUrl":"https:\/\/permakultur-landwirtschaft.org\/wp-content\/uploads\/2024\/03\/20240422_mosaik_svial.png","keywords":["Adlisberghof","HofLabor","Mosaik-Landwirtschaft","Slow Grow"],"articleSection":["Veranstaltung"],"inLanguage":"fr-FR"},{"@type":"WebPage","@id":"https:\/\/permakultur-landwirtschaft.org\/skalierbare-und-regenerative-mosaiklandwirtschaft-anlass-am-22-april-2024\/","url":"https:\/\/permakultur-landwirtschaft.org\/skalierbare-und-regenerative-mosaiklandwirtschaft-anlass-am-22-april-2024\/","name":"Skalierbare und regenerative Mosaiklandwirtschaft - Anlass am 22. April 2024 - Permakultur-Landwirtschaft","isPartOf":{"@id":"https:\/\/permakultur-landwirtschaft.org\/#website"},"primaryImageOfPage":{"@id":"https:\/\/permakultur-landwirtschaft.org\/skalierbare-und-regenerative-mosaiklandwirtschaft-anlass-am-22-april-2024\/#primaryimage"},"image":{"@id":"https:\/\/permakultur-landwirtschaft.org\/skalierbare-und-regenerative-mosaiklandwirtschaft-anlass-am-22-april-2024\/#primaryimage"},"thumbnailUrl":"https:\/\/permakultur-landwirtschaft.org\/wp-content\/uploads\/2024\/03\/20240422_mosaik_svial.png","datePublished":"2024-03-12T09:59:50+00:00","dateModified":"2024-03-12T09:59:51+00:00","breadcrumb":{"@id":"https:\/\/permakultur-landwirtschaft.org\/skalierbare-und-regenerative-mosaiklandwirtschaft-anlass-am-22-april-2024\/#breadcrumb"},"inLanguage":"fr-FR","potentialAction":[{"@type":"ReadAction","target":["https:\/\/permakultur-landwirtschaft.org\/skalierbare-und-regenerative-mosaiklandwirtschaft-anlass-am-22-april-2024\/"]}]},{"@type":"ImageObject","inLanguage":"fr-FR","@id":"https:\/\/permakultur-landwirtschaft.org\/skalierbare-und-regenerative-mosaiklandwirtschaft-anlass-am-22-april-2024\/#primaryimage","url":"https:\/\/permakultur-landwirtschaft.org\/wp-content\/uploads\/2024\/03\/20240422_mosaik_svial.png","contentUrl":"https:\/\/permakultur-landwirtschaft.org\/wp-content\/uploads\/2024\/03\/20240422_mosaik_svial.png","width":700,"height":350,"caption":"Bild: SVIAL"},{"@type":"BreadcrumbList","@id":"https:\/\/permakultur-landwirtschaft.org\/skalierbare-und-regenerative-mosaiklandwirtschaft-anlass-am-22-april-2024\/#breadcrumb","itemListElement":[{"@type":"ListItem","position":1,"name":"Startseite","item":"https:\/\/permakultur-landwirtschaft.org\/"},{"@type":"ListItem","position":2,"name":"Skalierbare und regenerative Mosaiklandwirtschaft &#8211; Anlass am 22. April 2024"}]},{"@type":"WebSite","@id":"https:\/\/permakultur-landwirtschaft.org\/#website","url":"https:\/\/permakultur-landwirtschaft.org\/","name":"Permakultur-Landwirtschaft","description":"F\u00f6rderung der Permakultur in der Landwirtschaft","publisher":{"@id":"https:\/\/permakultur-landwirtschaft.org\/#organization"},"potentialAction":[{"@type":"SearchAction","target":{"@type":"EntryPoint","urlTemplate":"https:\/\/permakultur-landwirtschaft.org\/?s={search_term_string}"},"query-input":{"@type":"PropertyValueSpecification","valueRequired":true,"valueName":"search_term_string"}}],"inLanguage":"fr-FR"},{"@type":"Organization","@id":"https:\/\/permakultur-landwirtschaft.org\/#organization","name":"Permakultur-Landwirtschaft","alternateName":"Verein Permakultur-Landwirtschaft","url":"https:\/\/permakultur-landwirtschaft.org\/","logo":{"@type":"ImageObject","inLanguage":"fr-FR","@id":"https:\/\/permakultur-landwirtschaft.org\/#\/schema\/logo\/image\/","url":"https:\/\/permakultur-landwirtschaft.org\/wp-content\/uploads\/2021\/11\/pela_1268x1269.png","contentUrl":"https:\/\/permakultur-landwirtschaft.org\/wp-content\/uploads\/2021\/11\/pela_1268x1269.png","width":1298,"height":1269,"caption":"Permakultur-Landwirtschaft"},"image":{"@id":"https:\/\/permakultur-landwirtschaft.org\/#\/schema\/logo\/image\/"},"sameAs":["https:\/\/www.facebook.com\/PermakulturLandwirtschaft","https:\/\/www.instagram.com\/permakultur_landwirtschaft\/","https:\/\/www.flickr.com\/photos\/permakultur-landwirtschaft","https:\/\/www.youtube.com\/@PermakulturLandwirtschaft"]},{"@type":"Person","@id":"https:\/\/permakultur-landwirtschaft.org\/#\/schema\/person\/6b0467872f75aed3e144093f9bf4f0b0","name":"adrian reutimann","url":"https:\/\/permakultur-landwirtschaft.org\/fr\/author\/reutiadr\/"}]}},"_links":{"self":[{"href":"https:\/\/permakultur-landwirtschaft.org\/fr\/wp-json\/wp\/v2\/posts\/33932","targetHints":{"allow":["GET"]}}],"collection":[{"href":"https:\/\/permakultur-landwirtschaft.org\/fr\/wp-json\/wp\/v2\/posts"}],"about":[{"href":"https:\/\/permakultur-landwirtschaft.org\/fr\/wp-json\/wp\/v2\/types\/post"}],"author":[{"embeddable":true,"href":"https:\/\/permakultur-landwirtschaft.org\/fr\/wp-json\/wp\/v2\/users\/2"}],"replies":[{"embeddable":true,"href":"https:\/\/permakultur-landwirtschaft.org\/fr\/wp-json\/wp\/v2\/comments?post=33932"}],"version-history":[{"count":1,"href":"https:\/\/permakultur-landwirtschaft.org\/fr\/wp-json\/wp\/v2\/posts\/33932\/revisions"}],"predecessor-version":[{"id":33934,"href":"https:\/\/permakultur-landwirtschaft.org\/fr\/wp-json\/wp\/v2\/posts\/33932\/revisions\/33934"}],"wp:featuredmedia":[{"embeddable":true,"href":"https:\/\/permakultur-landwirtschaft.org\/fr\/wp-json\/wp\/v2\/media\/33933"}],"wp:attachment":[{"href":"https:\/\/permakultur-landwirtschaft.org\/fr\/wp-json\/wp\/v2\/media?parent=33932"}],"wp:term":[{"taxonomy":"category","embeddable":true,"href":"https:\/\/permakultur-landwirtschaft.org\/fr\/wp-json\/wp\/v2\/categories?post=33932"},{"taxonomy":"post_tag","embeddable":true,"href":"https:\/\/permakultur-landwirtschaft.org\/fr\/wp-json\/wp\/v2\/tags?post=33932"}],"curies":[{"name":"wp","href":"https:\/\/api.w.org\/{rel}","templated":true}]}}