{"id":33911,"date":"2022-05-05T09:45:00","date_gmt":"2022-05-05T07:45:00","guid":{"rendered":"https:\/\/permakultur-landwirtschaft.org\/?p=33911"},"modified":"2024-03-12T09:51:32","modified_gmt":"2024-03-12T08:51:32","slug":"keyline-design-auf-dem-waldpferdehof-beitrag-vom-05-mai-2022","status":"publish","type":"post","link":"https:\/\/permakultur-landwirtschaft.org\/fr\/keyline-design-auf-dem-waldpferdehof-beitrag-vom-05-mai-2022\/","title":{"rendered":"Keyline Design auf dem Waldpferdehof &#8211; Beitrag vom 05. Mai 2022"},"content":{"rendered":"<p>Text von youtube:<\/p>\n\n\n\n<h3 class=\"wp-block-heading\">Wasserr\u00fcckhalt in der Landbewirtschaftung &#8211; Keyline Design auf dem Waldpferdehof<\/h3>\n\n\n\n<p>Die Klimapraxis sammelt als Lead-Partnerin des NetzwerkWasserAgri in dieser Serie Methoden des Wasserr\u00fcckhalts in der Landwirtschaft und Landbewirtschaftung.<\/p>\n\n\n\n<p>In der ersten Folge besuchen wir den Waldpferdehof bei M\u00fcncheberg, wo ein Leuchtturmprojekt des NetzwerkWasserAgri entstand. Zur D\u00fcrrepr\u00e4vention wurde ein Agroforstsystem im Keyline Design umgesetzt, geplant von Forstwissenschaftler Dr. Philipp Gerhardt, welches mehr Wasser in der Landschaft verf\u00fcgbar halten soll. Keyline Design ist ein komplexes Gestaltungskonzept, dass die Wasserhaltef\u00e4higkeit und das Mikroklima entlang sogenannter Schl\u00fcssellinien verbessern soll.<\/p>\n\n\n\n<p><\/p>\n\n\n\n<figure class=\"wp-block-embed is-type-video is-provider-youtube wp-block-embed-youtube wp-embed-aspect-16-9 wp-has-aspect-ratio\"><div class=\"wp-block-embed__wrapper\">\n<iframe title=\"Wasserr\u00fcckhalt in der Landbewirtschaftung | Keyline Design auf dem Waldpferdehof\" width=\"500\" height=\"281\" src=\"https:\/\/www.youtube.com\/embed\/vlMyOcssG3s?list=PL3FkfS4Tmt1Z1sXqWvrCajoR_D9Pnng_O\" frameborder=\"0\" allow=\"accelerometer; autoplay; clipboard-write; encrypted-media; gyroscope; picture-in-picture; web-share\" referrerpolicy=\"strict-origin-when-cross-origin\" allowfullscreen><\/iframe>\n<\/div><\/figure>\n\n\n\n<div style=\"height:21px\" aria-hidden=\"true\" class=\"wp-block-spacer\"><\/div>\n\n\n\n<p><a href=\"https:\/\/youtu.be\/vlMyOcssG3s?list=PL3FkfS4Tmt1Z1sXqWvrCajoR_D9Pnng_O\" target=\"_blank\" rel=\"noreferrer noopener\">Link zum Videobeitrag<\/a><\/p>\n\n\n\n<p><a href=\"https:\/\/www.youtube.com\/playlist?list=PL3FkfS4Tmt1Z1sXqWvrCajoR_D9Pnng_O\" target=\"_blank\" rel=\"noreferrer noopener\">Link zu allen Beitr\u00e4gen zu Wasserr\u00fcckhalt in der Landbewirtschaftung<\/a><\/p>\n\n\n\n<p><a href=\"https:\/\/www.wasser-retention.de\/\" target=\"_blank\" rel=\"noreferrer noopener\">Link zu Netzwerk WasserAgri<\/a><\/p>","protected":false},"excerpt":{"rendered":"<p>Text von youtube: Wasserr\u00fcckhalt in der Landbewirtschaftung &#8211; Keyline Design auf dem Waldpferdehof Die Klimapraxis sammelt als Lead-Partnerin des NetzwerkWasserAgri in dieser Serie Methoden des Wasserr\u00fcckhalts in der Landwirtschaft und Landbewirtschaftung. In der ersten Folge besuchen wir den Waldpferdehof bei M\u00fcncheberg, wo ein Leuchtturmprojekt des NetzwerkWasserAgri entstand. Zur D\u00fcrrepr\u00e4vention wurde ein Agroforstsystem im Keyline Design [&hellip;]<\/p>\n","protected":false},"author":2,"featured_media":33912,"comment_status":"closed","ping_status":"closed","sticky":false,"template":"","format":"standard","meta":{"_acf_changed":false,"site-sidebar-layout":"default","site-content-layout":"","ast-site-content-layout":"default","site-content-style":"default","site-sidebar-style":"default","ast-global-header-display":"","ast-banner-title-visibility":"","ast-main-header-display":"","ast-hfb-above-header-display":"","ast-hfb-below-header-display":"","ast-hfb-mobile-header-display":"","site-post-title":"","ast-breadcrumbs-content":"","ast-featured-img":"","footer-sml-layout":"","ast-disable-related-posts":"","theme-transparent-header-meta":"","adv-header-id-meta":"","stick-header-meta":"","header-above-stick-meta":"","header-main-stick-meta":"","header-below-stick-meta":"","astra-migrate-meta-layouts":"set","ast-page-background-enabled":"default","ast-page-background-meta":{"desktop":{"background-color":"var(--ast-global-color-4)","background-image":"","background-repeat":"repeat","background-position":"center center","background-size":"auto","background-attachment":"scroll","background-type":"","background-media":"","overlay-type":"","overlay-color":"","overlay-opacity":"","overlay-gradient":""},"tablet":{"background-color":"","background-image":"","background-repeat":"repeat","background-position":"center center","background-size":"auto","background-attachment":"scroll","background-type":"","background-media":"","overlay-type":"","overlay-color":"","overlay-opacity":"","overlay-gradient":""},"mobile":{"background-color":"","background-image":"","background-repeat":"repeat","background-position":"center center","background-size":"auto","background-attachment":"scroll","background-type":"","background-media":"","overlay-type":"","overlay-color":"","overlay-opacity":"","overlay-gradient":""}},"ast-content-background-meta":{"desktop":{"background-color":"var(--ast-global-color-5)","background-image":"","background-repeat":"repeat","background-position":"center center","background-size":"auto","background-attachment":"scroll","background-type":"","background-media":"","overlay-type":"","overlay-color":"","overlay-opacity":"","overlay-gradient":""},"tablet":{"background-color":"var(--ast-global-color-5)","background-image":"","background-repeat":"repeat","background-position":"center center","background-size":"auto","background-attachment":"scroll","background-type":"","background-media":"","overlay-type":"","overlay-color":"","overlay-opacity":"","overlay-gradient":""},"mobile":{"background-color":"var(--ast-global-color-5)","background-image":"","background-repeat":"repeat","background-position":"center center","background-size":"auto","background-attachment":"scroll","background-type":"","background-media":"","overlay-type":"","overlay-color":"","overlay-opacity":"","overlay-gradient":""}},"footnotes":""},"categories":[45,22],"tags":[31,253,90,105,252,251],"class_list":["post-33911","post","type-post","status-publish","format-standard","has-post-thumbnail","hentry","category-filme","category-neuigkeit","tag-agroforst","tag-brandenburg","tag-keyline","tag-philipp-gerhardt","tag-waldpferdehof","tag-wasserrueckhalt"],"acf":[],"yoast_head":"<!-- This site is optimized with the Yoast SEO plugin v27.5 - https:\/\/yoast.com\/product\/yoast-seo-wordpress\/ -->\n<title>Keyline Design auf dem Waldpferdehof - Beitrag vom 05. Mai 2022 - Permakultur-Landwirtschaft<\/title>\n<meta name=\"robots\" content=\"index, follow, max-snippet:-1, max-image-preview:large, max-video-preview:-1\" \/>\n<link rel=\"canonical\" href=\"https:\/\/permakultur-landwirtschaft.org\/fr\/keyline-design-auf-dem-waldpferdehof-beitrag-vom-05-mai-2022\/\" \/>\n<meta property=\"og:locale\" content=\"fr_FR\" \/>\n<meta property=\"og:type\" content=\"article\" \/>\n<meta property=\"og:title\" content=\"Keyline Design auf dem Waldpferdehof - Beitrag vom 05. Mai 2022 - Permakultur-Landwirtschaft\" \/>\n<meta property=\"og:description\" content=\"Text von youtube: Wasserr\u00fcckhalt in der Landbewirtschaftung &#8211; Keyline Design auf dem Waldpferdehof Die Klimapraxis sammelt als Lead-Partnerin des NetzwerkWasserAgri in dieser Serie Methoden des Wasserr\u00fcckhalts in der Landwirtschaft und Landbewirtschaftung. In der ersten Folge besuchen wir den Waldpferdehof bei M\u00fcncheberg, wo ein Leuchtturmprojekt des NetzwerkWasserAgri entstand. Zur D\u00fcrrepr\u00e4vention wurde ein Agroforstsystem im Keyline Design [&hellip;]\" \/>\n<meta property=\"og:url\" content=\"https:\/\/permakultur-landwirtschaft.org\/fr\/keyline-design-auf-dem-waldpferdehof-beitrag-vom-05-mai-2022\/\" \/>\n<meta property=\"og:site_name\" content=\"Permakultur-Landwirtschaft\" \/>\n<meta property=\"article:publisher\" content=\"https:\/\/www.facebook.com\/PermakulturLandwirtschaft\" \/>\n<meta property=\"article:published_time\" content=\"2022-05-05T07:45:00+00:00\" \/>\n<meta property=\"article:modified_time\" content=\"2024-03-12T08:51:32+00:00\" \/>\n<meta property=\"og:image\" content=\"https:\/\/permakultur-landwirtschaft.org\/wp-content\/uploads\/2024\/03\/2023_keyline_auf_-Waldpferdehof_2024-03-12_09-39-27.jpg\" \/>\n\t<meta property=\"og:image:width\" content=\"700\" \/>\n\t<meta property=\"og:image:height\" content=\"393\" \/>\n\t<meta property=\"og:image:type\" content=\"image\/jpeg\" \/>\n<meta name=\"author\" content=\"adrian reutimann\" \/>\n<meta name=\"twitter:card\" content=\"summary_large_image\" \/>\n<meta name=\"twitter:label1\" content=\"\u00c9crit par\" \/>\n\t<meta name=\"twitter:data1\" content=\"adrian reutimann\" \/>\n\t<meta name=\"twitter:label2\" content=\"Dur\u00e9e de lecture estim\u00e9e\" \/>\n\t<meta name=\"twitter:data2\" content=\"1 minute\" \/>\n<script type=\"application\/ld+json\" class=\"yoast-schema-graph\">{\"@context\":\"https:\\\/\\\/schema.org\",\"@graph\":[{\"@type\":\"Article\",\"@id\":\"https:\\\/\\\/permakultur-landwirtschaft.org\\\/keyline-design-auf-dem-waldpferdehof-beitrag-vom-05-mai-2022\\\/#article\",\"isPartOf\":{\"@id\":\"https:\\\/\\\/permakultur-landwirtschaft.org\\\/keyline-design-auf-dem-waldpferdehof-beitrag-vom-05-mai-2022\\\/\"},\"author\":{\"name\":\"adrian reutimann\",\"@id\":\"https:\\\/\\\/permakultur-landwirtschaft.org\\\/#\\\/schema\\\/person\\\/6b0467872f75aed3e144093f9bf4f0b0\"},\"headline\":\"Keyline Design auf dem Waldpferdehof &#8211; Beitrag vom 05. Mai 2022\",\"datePublished\":\"2022-05-05T07:45:00+00:00\",\"dateModified\":\"2024-03-12T08:51:32+00:00\",\"mainEntityOfPage\":{\"@id\":\"https:\\\/\\\/permakultur-landwirtschaft.org\\\/keyline-design-auf-dem-waldpferdehof-beitrag-vom-05-mai-2022\\\/\"},\"wordCount\":137,\"publisher\":{\"@id\":\"https:\\\/\\\/permakultur-landwirtschaft.org\\\/#organization\"},\"image\":{\"@id\":\"https:\\\/\\\/permakultur-landwirtschaft.org\\\/keyline-design-auf-dem-waldpferdehof-beitrag-vom-05-mai-2022\\\/#primaryimage\"},\"thumbnailUrl\":\"https:\\\/\\\/permakultur-landwirtschaft.org\\\/wp-content\\\/uploads\\\/2024\\\/03\\\/2023_keyline_auf_-Waldpferdehof_2024-03-12_09-39-27.jpg\",\"keywords\":[\"Agroforst\",\"Brandenburg\",\"Keyline\",\"Philipp Gerhardt\",\"Waldpferdehof\",\"Wasserr\u00fcckhalt\"],\"articleSection\":[\"Film\",\"Neuigkeit\"],\"inLanguage\":\"fr-FR\"},{\"@type\":\"WebPage\",\"@id\":\"https:\\\/\\\/permakultur-landwirtschaft.org\\\/keyline-design-auf-dem-waldpferdehof-beitrag-vom-05-mai-2022\\\/\",\"url\":\"https:\\\/\\\/permakultur-landwirtschaft.org\\\/keyline-design-auf-dem-waldpferdehof-beitrag-vom-05-mai-2022\\\/\",\"name\":\"Keyline Design auf dem Waldpferdehof - Beitrag vom 05. Mai 2022 - Permakultur-Landwirtschaft\",\"isPartOf\":{\"@id\":\"https:\\\/\\\/permakultur-landwirtschaft.org\\\/#website\"},\"primaryImageOfPage\":{\"@id\":\"https:\\\/\\\/permakultur-landwirtschaft.org\\\/keyline-design-auf-dem-waldpferdehof-beitrag-vom-05-mai-2022\\\/#primaryimage\"},\"image\":{\"@id\":\"https:\\\/\\\/permakultur-landwirtschaft.org\\\/keyline-design-auf-dem-waldpferdehof-beitrag-vom-05-mai-2022\\\/#primaryimage\"},\"thumbnailUrl\":\"https:\\\/\\\/permakultur-landwirtschaft.org\\\/wp-content\\\/uploads\\\/2024\\\/03\\\/2023_keyline_auf_-Waldpferdehof_2024-03-12_09-39-27.jpg\",\"datePublished\":\"2022-05-05T07:45:00+00:00\",\"dateModified\":\"2024-03-12T08:51:32+00:00\",\"breadcrumb\":{\"@id\":\"https:\\\/\\\/permakultur-landwirtschaft.org\\\/keyline-design-auf-dem-waldpferdehof-beitrag-vom-05-mai-2022\\\/#breadcrumb\"},\"inLanguage\":\"fr-FR\",\"potentialAction\":[{\"@type\":\"ReadAction\",\"target\":[\"https:\\\/\\\/permakultur-landwirtschaft.org\\\/keyline-design-auf-dem-waldpferdehof-beitrag-vom-05-mai-2022\\\/\"]}]},{\"@type\":\"ImageObject\",\"inLanguage\":\"fr-FR\",\"@id\":\"https:\\\/\\\/permakultur-landwirtschaft.org\\\/keyline-design-auf-dem-waldpferdehof-beitrag-vom-05-mai-2022\\\/#primaryimage\",\"url\":\"https:\\\/\\\/permakultur-landwirtschaft.org\\\/wp-content\\\/uploads\\\/2024\\\/03\\\/2023_keyline_auf_-Waldpferdehof_2024-03-12_09-39-27.jpg\",\"contentUrl\":\"https:\\\/\\\/permakultur-landwirtschaft.org\\\/wp-content\\\/uploads\\\/2024\\\/03\\\/2023_keyline_auf_-Waldpferdehof_2024-03-12_09-39-27.jpg\",\"width\":700,\"height\":393,\"caption\":\"Bild: youtube\"},{\"@type\":\"BreadcrumbList\",\"@id\":\"https:\\\/\\\/permakultur-landwirtschaft.org\\\/keyline-design-auf-dem-waldpferdehof-beitrag-vom-05-mai-2022\\\/#breadcrumb\",\"itemListElement\":[{\"@type\":\"ListItem\",\"position\":1,\"name\":\"Startseite\",\"item\":\"https:\\\/\\\/permakultur-landwirtschaft.org\\\/\"},{\"@type\":\"ListItem\",\"position\":2,\"name\":\"Keyline Design auf dem Waldpferdehof &#8211; Beitrag vom 05. Mai 2022\"}]},{\"@type\":\"WebSite\",\"@id\":\"https:\\\/\\\/permakultur-landwirtschaft.org\\\/#website\",\"url\":\"https:\\\/\\\/permakultur-landwirtschaft.org\\\/\",\"name\":\"Permakultur-Landwirtschaft\",\"description\":\"F\u00f6rderung der Permakultur in der Landwirtschaft\",\"publisher\":{\"@id\":\"https:\\\/\\\/permakultur-landwirtschaft.org\\\/#organization\"},\"potentialAction\":[{\"@type\":\"SearchAction\",\"target\":{\"@type\":\"EntryPoint\",\"urlTemplate\":\"https:\\\/\\\/permakultur-landwirtschaft.org\\\/?s={search_term_string}\"},\"query-input\":{\"@type\":\"PropertyValueSpecification\",\"valueRequired\":true,\"valueName\":\"search_term_string\"}}],\"inLanguage\":\"fr-FR\"},{\"@type\":\"Organization\",\"@id\":\"https:\\\/\\\/permakultur-landwirtschaft.org\\\/#organization\",\"name\":\"Permakultur-Landwirtschaft\",\"alternateName\":\"Verein Permakultur-Landwirtschaft\",\"url\":\"https:\\\/\\\/permakultur-landwirtschaft.org\\\/\",\"logo\":{\"@type\":\"ImageObject\",\"inLanguage\":\"fr-FR\",\"@id\":\"https:\\\/\\\/permakultur-landwirtschaft.org\\\/#\\\/schema\\\/logo\\\/image\\\/\",\"url\":\"https:\\\/\\\/permakultur-landwirtschaft.org\\\/wp-content\\\/uploads\\\/2021\\\/11\\\/pela_1268x1269.png\",\"contentUrl\":\"https:\\\/\\\/permakultur-landwirtschaft.org\\\/wp-content\\\/uploads\\\/2021\\\/11\\\/pela_1268x1269.png\",\"width\":1298,\"height\":1269,\"caption\":\"Permakultur-Landwirtschaft\"},\"image\":{\"@id\":\"https:\\\/\\\/permakultur-landwirtschaft.org\\\/#\\\/schema\\\/logo\\\/image\\\/\"},\"sameAs\":[\"https:\\\/\\\/www.facebook.com\\\/PermakulturLandwirtschaft\",\"https:\\\/\\\/www.instagram.com\\\/permakultur_landwirtschaft\\\/\",\"https:\\\/\\\/www.flickr.com\\\/photos\\\/permakultur-landwirtschaft\",\"https:\\\/\\\/www.youtube.com\\\/@PermakulturLandwirtschaft\"]},{\"@type\":\"Person\",\"@id\":\"https:\\\/\\\/permakultur-landwirtschaft.org\\\/#\\\/schema\\\/person\\\/6b0467872f75aed3e144093f9bf4f0b0\",\"name\":\"adrian reutimann\",\"url\":\"https:\\\/\\\/permakultur-landwirtschaft.org\\\/fr\\\/author\\\/reutiadr\\\/\"}]}<\/script>\n<!-- \/ Yoast SEO plugin. -->","yoast_head_json":{"title":"Keyline Design auf dem Waldpferdehof - Beitrag vom 05. Mai 2022 - Permakultur-Landwirtschaft","robots":{"index":"index","follow":"follow","max-snippet":"max-snippet:-1","max-image-preview":"max-image-preview:large","max-video-preview":"max-video-preview:-1"},"canonical":"https:\/\/permakultur-landwirtschaft.org\/fr\/keyline-design-auf-dem-waldpferdehof-beitrag-vom-05-mai-2022\/","og_locale":"fr_FR","og_type":"article","og_title":"Keyline Design auf dem Waldpferdehof - Beitrag vom 05. Mai 2022 - Permakultur-Landwirtschaft","og_description":"Text von youtube: Wasserr\u00fcckhalt in der Landbewirtschaftung &#8211; Keyline Design auf dem Waldpferdehof Die Klimapraxis sammelt als Lead-Partnerin des NetzwerkWasserAgri in dieser Serie Methoden des Wasserr\u00fcckhalts in der Landwirtschaft und Landbewirtschaftung. In der ersten Folge besuchen wir den Waldpferdehof bei M\u00fcncheberg, wo ein Leuchtturmprojekt des NetzwerkWasserAgri entstand. Zur D\u00fcrrepr\u00e4vention wurde ein Agroforstsystem im Keyline Design [&hellip;]","og_url":"https:\/\/permakultur-landwirtschaft.org\/fr\/keyline-design-auf-dem-waldpferdehof-beitrag-vom-05-mai-2022\/","og_site_name":"Permakultur-Landwirtschaft","article_publisher":"https:\/\/www.facebook.com\/PermakulturLandwirtschaft","article_published_time":"2022-05-05T07:45:00+00:00","article_modified_time":"2024-03-12T08:51:32+00:00","og_image":[{"width":700,"height":393,"url":"https:\/\/permakultur-landwirtschaft.org\/wp-content\/uploads\/2024\/03\/2023_keyline_auf_-Waldpferdehof_2024-03-12_09-39-27.jpg","type":"image\/jpeg"}],"author":"adrian reutimann","twitter_card":"summary_large_image","twitter_misc":{"\u00c9crit par":"adrian reutimann","Dur\u00e9e de lecture estim\u00e9e":"1 minute"},"schema":{"@context":"https:\/\/schema.org","@graph":[{"@type":"Article","@id":"https:\/\/permakultur-landwirtschaft.org\/keyline-design-auf-dem-waldpferdehof-beitrag-vom-05-mai-2022\/#article","isPartOf":{"@id":"https:\/\/permakultur-landwirtschaft.org\/keyline-design-auf-dem-waldpferdehof-beitrag-vom-05-mai-2022\/"},"author":{"name":"adrian reutimann","@id":"https:\/\/permakultur-landwirtschaft.org\/#\/schema\/person\/6b0467872f75aed3e144093f9bf4f0b0"},"headline":"Keyline Design auf dem Waldpferdehof &#8211; Beitrag vom 05. Mai 2022","datePublished":"2022-05-05T07:45:00+00:00","dateModified":"2024-03-12T08:51:32+00:00","mainEntityOfPage":{"@id":"https:\/\/permakultur-landwirtschaft.org\/keyline-design-auf-dem-waldpferdehof-beitrag-vom-05-mai-2022\/"},"wordCount":137,"publisher":{"@id":"https:\/\/permakultur-landwirtschaft.org\/#organization"},"image":{"@id":"https:\/\/permakultur-landwirtschaft.org\/keyline-design-auf-dem-waldpferdehof-beitrag-vom-05-mai-2022\/#primaryimage"},"thumbnailUrl":"https:\/\/permakultur-landwirtschaft.org\/wp-content\/uploads\/2024\/03\/2023_keyline_auf_-Waldpferdehof_2024-03-12_09-39-27.jpg","keywords":["Agroforst","Brandenburg","Keyline","Philipp Gerhardt","Waldpferdehof","Wasserr\u00fcckhalt"],"articleSection":["Film","Neuigkeit"],"inLanguage":"fr-FR"},{"@type":"WebPage","@id":"https:\/\/permakultur-landwirtschaft.org\/keyline-design-auf-dem-waldpferdehof-beitrag-vom-05-mai-2022\/","url":"https:\/\/permakultur-landwirtschaft.org\/keyline-design-auf-dem-waldpferdehof-beitrag-vom-05-mai-2022\/","name":"Keyline Design auf dem Waldpferdehof - Beitrag vom 05. Mai 2022 - Permakultur-Landwirtschaft","isPartOf":{"@id":"https:\/\/permakultur-landwirtschaft.org\/#website"},"primaryImageOfPage":{"@id":"https:\/\/permakultur-landwirtschaft.org\/keyline-design-auf-dem-waldpferdehof-beitrag-vom-05-mai-2022\/#primaryimage"},"image":{"@id":"https:\/\/permakultur-landwirtschaft.org\/keyline-design-auf-dem-waldpferdehof-beitrag-vom-05-mai-2022\/#primaryimage"},"thumbnailUrl":"https:\/\/permakultur-landwirtschaft.org\/wp-content\/uploads\/2024\/03\/2023_keyline_auf_-Waldpferdehof_2024-03-12_09-39-27.jpg","datePublished":"2022-05-05T07:45:00+00:00","dateModified":"2024-03-12T08:51:32+00:00","breadcrumb":{"@id":"https:\/\/permakultur-landwirtschaft.org\/keyline-design-auf-dem-waldpferdehof-beitrag-vom-05-mai-2022\/#breadcrumb"},"inLanguage":"fr-FR","potentialAction":[{"@type":"ReadAction","target":["https:\/\/permakultur-landwirtschaft.org\/keyline-design-auf-dem-waldpferdehof-beitrag-vom-05-mai-2022\/"]}]},{"@type":"ImageObject","inLanguage":"fr-FR","@id":"https:\/\/permakultur-landwirtschaft.org\/keyline-design-auf-dem-waldpferdehof-beitrag-vom-05-mai-2022\/#primaryimage","url":"https:\/\/permakultur-landwirtschaft.org\/wp-content\/uploads\/2024\/03\/2023_keyline_auf_-Waldpferdehof_2024-03-12_09-39-27.jpg","contentUrl":"https:\/\/permakultur-landwirtschaft.org\/wp-content\/uploads\/2024\/03\/2023_keyline_auf_-Waldpferdehof_2024-03-12_09-39-27.jpg","width":700,"height":393,"caption":"Bild: youtube"},{"@type":"BreadcrumbList","@id":"https:\/\/permakultur-landwirtschaft.org\/keyline-design-auf-dem-waldpferdehof-beitrag-vom-05-mai-2022\/#breadcrumb","itemListElement":[{"@type":"ListItem","position":1,"name":"Startseite","item":"https:\/\/permakultur-landwirtschaft.org\/"},{"@type":"ListItem","position":2,"name":"Keyline Design auf dem Waldpferdehof &#8211; Beitrag vom 05. Mai 2022"}]},{"@type":"WebSite","@id":"https:\/\/permakultur-landwirtschaft.org\/#website","url":"https:\/\/permakultur-landwirtschaft.org\/","name":"Permakultur-Landwirtschaft","description":"F\u00f6rderung der Permakultur in der Landwirtschaft","publisher":{"@id":"https:\/\/permakultur-landwirtschaft.org\/#organization"},"potentialAction":[{"@type":"SearchAction","target":{"@type":"EntryPoint","urlTemplate":"https:\/\/permakultur-landwirtschaft.org\/?s={search_term_string}"},"query-input":{"@type":"PropertyValueSpecification","valueRequired":true,"valueName":"search_term_string"}}],"inLanguage":"fr-FR"},{"@type":"Organization","@id":"https:\/\/permakultur-landwirtschaft.org\/#organization","name":"Permakultur-Landwirtschaft","alternateName":"Verein Permakultur-Landwirtschaft","url":"https:\/\/permakultur-landwirtschaft.org\/","logo":{"@type":"ImageObject","inLanguage":"fr-FR","@id":"https:\/\/permakultur-landwirtschaft.org\/#\/schema\/logo\/image\/","url":"https:\/\/permakultur-landwirtschaft.org\/wp-content\/uploads\/2021\/11\/pela_1268x1269.png","contentUrl":"https:\/\/permakultur-landwirtschaft.org\/wp-content\/uploads\/2021\/11\/pela_1268x1269.png","width":1298,"height":1269,"caption":"Permakultur-Landwirtschaft"},"image":{"@id":"https:\/\/permakultur-landwirtschaft.org\/#\/schema\/logo\/image\/"},"sameAs":["https:\/\/www.facebook.com\/PermakulturLandwirtschaft","https:\/\/www.instagram.com\/permakultur_landwirtschaft\/","https:\/\/www.flickr.com\/photos\/permakultur-landwirtschaft","https:\/\/www.youtube.com\/@PermakulturLandwirtschaft"]},{"@type":"Person","@id":"https:\/\/permakultur-landwirtschaft.org\/#\/schema\/person\/6b0467872f75aed3e144093f9bf4f0b0","name":"adrian reutimann","url":"https:\/\/permakultur-landwirtschaft.org\/fr\/author\/reutiadr\/"}]}},"_links":{"self":[{"href":"https:\/\/permakultur-landwirtschaft.org\/fr\/wp-json\/wp\/v2\/posts\/33911","targetHints":{"allow":["GET"]}}],"collection":[{"href":"https:\/\/permakultur-landwirtschaft.org\/fr\/wp-json\/wp\/v2\/posts"}],"about":[{"href":"https:\/\/permakultur-landwirtschaft.org\/fr\/wp-json\/wp\/v2\/types\/post"}],"author":[{"embeddable":true,"href":"https:\/\/permakultur-landwirtschaft.org\/fr\/wp-json\/wp\/v2\/users\/2"}],"replies":[{"embeddable":true,"href":"https:\/\/permakultur-landwirtschaft.org\/fr\/wp-json\/wp\/v2\/comments?post=33911"}],"version-history":[{"count":1,"href":"https:\/\/permakultur-landwirtschaft.org\/fr\/wp-json\/wp\/v2\/posts\/33911\/revisions"}],"predecessor-version":[{"id":33913,"href":"https:\/\/permakultur-landwirtschaft.org\/fr\/wp-json\/wp\/v2\/posts\/33911\/revisions\/33913"}],"wp:featuredmedia":[{"embeddable":true,"href":"https:\/\/permakultur-landwirtschaft.org\/fr\/wp-json\/wp\/v2\/media\/33912"}],"wp:attachment":[{"href":"https:\/\/permakultur-landwirtschaft.org\/fr\/wp-json\/wp\/v2\/media?parent=33911"}],"wp:term":[{"taxonomy":"category","embeddable":true,"href":"https:\/\/permakultur-landwirtschaft.org\/fr\/wp-json\/wp\/v2\/categories?post=33911"},{"taxonomy":"post_tag","embeddable":true,"href":"https:\/\/permakultur-landwirtschaft.org\/fr\/wp-json\/wp\/v2\/tags?post=33911"}],"curies":[{"name":"wp","href":"https:\/\/api.w.org\/{rel}","templated":true}]}}