{"id":33894,"date":"2023-12-13T09:09:00","date_gmt":"2023-12-13T08:09:00","guid":{"rendered":"https:\/\/permakultur-landwirtschaft.org\/?p=33894"},"modified":"2024-04-24T15:44:23","modified_gmt":"2024-04-24T13:44:23","slug":"jungbaumpflege-im-agroforst-beitrag-vom-13-dezember-2023","status":"publish","type":"post","link":"https:\/\/permakultur-landwirtschaft.org\/fr\/jungbaumpflege-im-agroforst-beitrag-vom-13-dezember-2023\/","title":{"rendered":"Jungbaumpflege im Agroforst &#8211; Beitrag vom 13. Dezember 2023"},"content":{"rendered":"<p>Text von youtube:<\/p>\n\n\n\n<h3 class=\"wp-block-heading\">Wasserr\u00fcckhalt in der Landbewirtschaftung &#8211; Jungbaumpflege im Agroforst <\/h3>\n\n\n\n<p>In der Serie &#171;Wasserr\u00fcckhalt in der Landbewirtschaftung&#187; zeigen wir Methoden der Wasserretention wie Agroforst und Keyline Design. In unserem dritten Film tauchen wir nun tief in das Thema Jungbaumpflege ein. Bevor ein Agroforstsystem seine positiven Effekte auf den Acker bringt, m\u00fcssen sich die B\u00e4ume zuerst etablieren und \u00fcber viele Jahre gepflegt werden. Wie das geht erkl\u00e4rt uns Philipp Paeslack von der Baumschule Resilia Klimab\u00e4ume. <\/p>\n\n\n\n<p><\/p>\n\n\n\n<figure class=\"wp-block-embed is-type-video is-provider-youtube wp-block-embed-youtube wp-embed-aspect-16-9 wp-has-aspect-ratio\"><div class=\"wp-block-embed__wrapper\">\n<iframe title=\"Wasserr\u00fcckhalt in der Landbewirtschaftung | Jungbaumpflege im Agroforst\" width=\"500\" height=\"281\" src=\"https:\/\/www.youtube.com\/embed\/PDPSUtE3LBA?feature=oembed\" frameborder=\"0\" allow=\"accelerometer; autoplay; clipboard-write; encrypted-media; gyroscope; picture-in-picture; web-share\" referrerpolicy=\"strict-origin-when-cross-origin\" allowfullscreen><\/iframe>\n<\/div><\/figure>\n\n\n\n<div style=\"height:21px\" aria-hidden=\"true\" class=\"wp-block-spacer\"><\/div>\n\n\n\n<p><a href=\"https:\/\/youtu.be\/PDPSUtE3LBA\" target=\"_blank\" rel=\"noreferrer noopener\">Link zum Videobeitrag<\/a><\/p>\n\n\n\n<p><a href=\"https:\/\/www.youtube.com\/playlist?list=PL3FkfS4Tmt1Z1sXqWvrCajoR_D9Pnng_O\" target=\"_blank\" rel=\"noreferrer noopener\">Link zu allen Beitr\u00e4gen zu Wasserr\u00fcckhalt in der Landbewirtschaftung<\/a><\/p>\n\n\n\n<p><a href=\"https:\/\/www.wasser-retention.de\/\" target=\"_blank\" rel=\"noreferrer noopener\">Link zu Netzwerk WasserAgri<\/a><\/p>","protected":false},"excerpt":{"rendered":"<p>Text von youtube: Wasserr\u00fcckhalt in der Landbewirtschaftung &#8211; Jungbaumpflege im Agroforst In der Serie &#171;Wasserr\u00fcckhalt in der Landbewirtschaftung&#187; zeigen wir Methoden der Wasserretention wie Agroforst und Keyline Design. In unserem dritten Film tauchen wir nun tief in das Thema Jungbaumpflege ein. Bevor ein Agroforstsystem seine positiven Effekte auf den Acker bringt, m\u00fcssen sich die B\u00e4ume [&hellip;]<\/p>\n","protected":false},"author":2,"featured_media":33897,"comment_status":"closed","ping_status":"closed","sticky":false,"template":"","format":"standard","meta":{"_acf_changed":false,"site-sidebar-layout":"default","site-content-layout":"","ast-site-content-layout":"default","site-content-style":"default","site-sidebar-style":"default","ast-global-header-display":"","ast-banner-title-visibility":"","ast-main-header-display":"","ast-hfb-above-header-display":"","ast-hfb-below-header-display":"","ast-hfb-mobile-header-display":"","site-post-title":"","ast-breadcrumbs-content":"","ast-featured-img":"","footer-sml-layout":"","ast-disable-related-posts":"","theme-transparent-header-meta":"","adv-header-id-meta":"","stick-header-meta":"","header-above-stick-meta":"","header-main-stick-meta":"","header-below-stick-meta":"","astra-migrate-meta-layouts":"set","ast-page-background-enabled":"default","ast-page-background-meta":{"desktop":{"background-color":"var(--ast-global-color-4)","background-image":"","background-repeat":"repeat","background-position":"center center","background-size":"auto","background-attachment":"scroll","background-type":"","background-media":"","overlay-type":"","overlay-color":"","overlay-opacity":"","overlay-gradient":""},"tablet":{"background-color":"","background-image":"","background-repeat":"repeat","background-position":"center center","background-size":"auto","background-attachment":"scroll","background-type":"","background-media":"","overlay-type":"","overlay-color":"","overlay-opacity":"","overlay-gradient":""},"mobile":{"background-color":"","background-image":"","background-repeat":"repeat","background-position":"center center","background-size":"auto","background-attachment":"scroll","background-type":"","background-media":"","overlay-type":"","overlay-color":"","overlay-opacity":"","overlay-gradient":""}},"ast-content-background-meta":{"desktop":{"background-color":"var(--ast-global-color-5)","background-image":"","background-repeat":"repeat","background-position":"center center","background-size":"auto","background-attachment":"scroll","background-type":"","background-media":"","overlay-type":"","overlay-color":"","overlay-opacity":"","overlay-gradient":""},"tablet":{"background-color":"var(--ast-global-color-5)","background-image":"","background-repeat":"repeat","background-position":"center center","background-size":"auto","background-attachment":"scroll","background-type":"","background-media":"","overlay-type":"","overlay-color":"","overlay-opacity":"","overlay-gradient":""},"mobile":{"background-color":"var(--ast-global-color-5)","background-image":"","background-repeat":"repeat","background-position":"center center","background-size":"auto","background-attachment":"scroll","background-type":"","background-media":"","overlay-type":"","overlay-color":"","overlay-opacity":"","overlay-gradient":""}},"footnotes":""},"categories":[330,45,22],"tags":[31,250,251],"class_list":["post-33894","post","type-post","status-publish","format-standard","has-post-thumbnail","hentry","category-anleitung","category-filme","category-neuigkeit","tag-agroforst","tag-jungbaumpflege","tag-wasserrueckhalt"],"acf":[],"yoast_head":"<!-- This site is optimized with the Yoast SEO plugin v27.5 - https:\/\/yoast.com\/product\/yoast-seo-wordpress\/ -->\n<title>Jungbaumpflege im Agroforst - Beitrag vom 13. Dezember 2023 - Permakultur-Landwirtschaft<\/title>\n<meta name=\"robots\" content=\"index, follow, max-snippet:-1, max-image-preview:large, max-video-preview:-1\" \/>\n<link rel=\"canonical\" href=\"https:\/\/permakultur-landwirtschaft.org\/fr\/jungbaumpflege-im-agroforst-beitrag-vom-13-dezember-2023\/\" \/>\n<meta property=\"og:locale\" content=\"fr_FR\" \/>\n<meta property=\"og:type\" content=\"article\" \/>\n<meta property=\"og:title\" content=\"Jungbaumpflege im Agroforst - Beitrag vom 13. Dezember 2023 - Permakultur-Landwirtschaft\" \/>\n<meta property=\"og:description\" content=\"Text von youtube: Wasserr\u00fcckhalt in der Landbewirtschaftung &#8211; Jungbaumpflege im Agroforst In der Serie &#171;Wasserr\u00fcckhalt in der Landbewirtschaftung&#187; zeigen wir Methoden der Wasserretention wie Agroforst und Keyline Design. In unserem dritten Film tauchen wir nun tief in das Thema Jungbaumpflege ein. Bevor ein Agroforstsystem seine positiven Effekte auf den Acker bringt, m\u00fcssen sich die B\u00e4ume [&hellip;]\" \/>\n<meta property=\"og:url\" content=\"https:\/\/permakultur-landwirtschaft.org\/fr\/jungbaumpflege-im-agroforst-beitrag-vom-13-dezember-2023\/\" \/>\n<meta property=\"og:site_name\" content=\"Permakultur-Landwirtschaft\" \/>\n<meta property=\"article:publisher\" content=\"https:\/\/www.facebook.com\/PermakulturLandwirtschaft\" \/>\n<meta property=\"article:published_time\" content=\"2023-12-13T08:09:00+00:00\" \/>\n<meta property=\"article:modified_time\" content=\"2024-04-24T13:44:23+00:00\" \/>\n<meta property=\"og:image\" content=\"https:\/\/permakultur-landwirtschaft.org\/wp-content\/uploads\/2024\/03\/20231213_jungbaumpflege_2024-03-12_08-57-21.jpg\" \/>\n\t<meta property=\"og:image:width\" content=\"700\" \/>\n\t<meta property=\"og:image:height\" content=\"387\" \/>\n\t<meta property=\"og:image:type\" content=\"image\/jpeg\" \/>\n<meta name=\"author\" content=\"adrian reutimann\" \/>\n<meta name=\"twitter:card\" content=\"summary_large_image\" \/>\n<meta name=\"twitter:label1\" content=\"\u00c9crit par\" \/>\n\t<meta name=\"twitter:data1\" content=\"adrian reutimann\" \/>\n\t<meta name=\"twitter:label2\" content=\"Dur\u00e9e de lecture estim\u00e9e\" \/>\n\t<meta name=\"twitter:data2\" content=\"1 minute\" \/>\n<script type=\"application\/ld+json\" class=\"yoast-schema-graph\">{\"@context\":\"https:\\\/\\\/schema.org\",\"@graph\":[{\"@type\":\"Article\",\"@id\":\"https:\\\/\\\/permakultur-landwirtschaft.org\\\/jungbaumpflege-im-agroforst-beitrag-vom-13-dezember-2023\\\/#article\",\"isPartOf\":{\"@id\":\"https:\\\/\\\/permakultur-landwirtschaft.org\\\/jungbaumpflege-im-agroforst-beitrag-vom-13-dezember-2023\\\/\"},\"author\":{\"name\":\"adrian reutimann\",\"@id\":\"https:\\\/\\\/permakultur-landwirtschaft.org\\\/#\\\/schema\\\/person\\\/6b0467872f75aed3e144093f9bf4f0b0\"},\"headline\":\"Jungbaumpflege im Agroforst &#8211; Beitrag vom 13. Dezember 2023\",\"datePublished\":\"2023-12-13T08:09:00+00:00\",\"dateModified\":\"2024-04-24T13:44:23+00:00\",\"mainEntityOfPage\":{\"@id\":\"https:\\\/\\\/permakultur-landwirtschaft.org\\\/jungbaumpflege-im-agroforst-beitrag-vom-13-dezember-2023\\\/\"},\"wordCount\":111,\"publisher\":{\"@id\":\"https:\\\/\\\/permakultur-landwirtschaft.org\\\/#organization\"},\"image\":{\"@id\":\"https:\\\/\\\/permakultur-landwirtschaft.org\\\/jungbaumpflege-im-agroforst-beitrag-vom-13-dezember-2023\\\/#primaryimage\"},\"thumbnailUrl\":\"https:\\\/\\\/permakultur-landwirtschaft.org\\\/wp-content\\\/uploads\\\/2024\\\/03\\\/20231213_jungbaumpflege_2024-03-12_08-57-21.jpg\",\"keywords\":[\"Agroforst\",\"Jungbaumpflege\",\"Wasserr\u00fcckhalt\"],\"articleSection\":[\"Anleitung\",\"Film\",\"Neuigkeit\"],\"inLanguage\":\"fr-FR\"},{\"@type\":\"WebPage\",\"@id\":\"https:\\\/\\\/permakultur-landwirtschaft.org\\\/jungbaumpflege-im-agroforst-beitrag-vom-13-dezember-2023\\\/\",\"url\":\"https:\\\/\\\/permakultur-landwirtschaft.org\\\/jungbaumpflege-im-agroforst-beitrag-vom-13-dezember-2023\\\/\",\"name\":\"Jungbaumpflege im Agroforst - Beitrag vom 13. Dezember 2023 - Permakultur-Landwirtschaft\",\"isPartOf\":{\"@id\":\"https:\\\/\\\/permakultur-landwirtschaft.org\\\/#website\"},\"primaryImageOfPage\":{\"@id\":\"https:\\\/\\\/permakultur-landwirtschaft.org\\\/jungbaumpflege-im-agroforst-beitrag-vom-13-dezember-2023\\\/#primaryimage\"},\"image\":{\"@id\":\"https:\\\/\\\/permakultur-landwirtschaft.org\\\/jungbaumpflege-im-agroforst-beitrag-vom-13-dezember-2023\\\/#primaryimage\"},\"thumbnailUrl\":\"https:\\\/\\\/permakultur-landwirtschaft.org\\\/wp-content\\\/uploads\\\/2024\\\/03\\\/20231213_jungbaumpflege_2024-03-12_08-57-21.jpg\",\"datePublished\":\"2023-12-13T08:09:00+00:00\",\"dateModified\":\"2024-04-24T13:44:23+00:00\",\"breadcrumb\":{\"@id\":\"https:\\\/\\\/permakultur-landwirtschaft.org\\\/jungbaumpflege-im-agroforst-beitrag-vom-13-dezember-2023\\\/#breadcrumb\"},\"inLanguage\":\"fr-FR\",\"potentialAction\":[{\"@type\":\"ReadAction\",\"target\":[\"https:\\\/\\\/permakultur-landwirtschaft.org\\\/jungbaumpflege-im-agroforst-beitrag-vom-13-dezember-2023\\\/\"]}]},{\"@type\":\"ImageObject\",\"inLanguage\":\"fr-FR\",\"@id\":\"https:\\\/\\\/permakultur-landwirtschaft.org\\\/jungbaumpflege-im-agroforst-beitrag-vom-13-dezember-2023\\\/#primaryimage\",\"url\":\"https:\\\/\\\/permakultur-landwirtschaft.org\\\/wp-content\\\/uploads\\\/2024\\\/03\\\/20231213_jungbaumpflege_2024-03-12_08-57-21.jpg\",\"contentUrl\":\"https:\\\/\\\/permakultur-landwirtschaft.org\\\/wp-content\\\/uploads\\\/2024\\\/03\\\/20231213_jungbaumpflege_2024-03-12_08-57-21.jpg\",\"width\":700,\"height\":387,\"caption\":\"Bild: youtube\"},{\"@type\":\"BreadcrumbList\",\"@id\":\"https:\\\/\\\/permakultur-landwirtschaft.org\\\/jungbaumpflege-im-agroforst-beitrag-vom-13-dezember-2023\\\/#breadcrumb\",\"itemListElement\":[{\"@type\":\"ListItem\",\"position\":1,\"name\":\"Startseite\",\"item\":\"https:\\\/\\\/permakultur-landwirtschaft.org\\\/\"},{\"@type\":\"ListItem\",\"position\":2,\"name\":\"Jungbaumpflege im Agroforst &#8211; Beitrag vom 13. Dezember 2023\"}]},{\"@type\":\"WebSite\",\"@id\":\"https:\\\/\\\/permakultur-landwirtschaft.org\\\/#website\",\"url\":\"https:\\\/\\\/permakultur-landwirtschaft.org\\\/\",\"name\":\"Permakultur-Landwirtschaft\",\"description\":\"F\u00f6rderung der Permakultur in der Landwirtschaft\",\"publisher\":{\"@id\":\"https:\\\/\\\/permakultur-landwirtschaft.org\\\/#organization\"},\"potentialAction\":[{\"@type\":\"SearchAction\",\"target\":{\"@type\":\"EntryPoint\",\"urlTemplate\":\"https:\\\/\\\/permakultur-landwirtschaft.org\\\/?s={search_term_string}\"},\"query-input\":{\"@type\":\"PropertyValueSpecification\",\"valueRequired\":true,\"valueName\":\"search_term_string\"}}],\"inLanguage\":\"fr-FR\"},{\"@type\":\"Organization\",\"@id\":\"https:\\\/\\\/permakultur-landwirtschaft.org\\\/#organization\",\"name\":\"Permakultur-Landwirtschaft\",\"alternateName\":\"Verein Permakultur-Landwirtschaft\",\"url\":\"https:\\\/\\\/permakultur-landwirtschaft.org\\\/\",\"logo\":{\"@type\":\"ImageObject\",\"inLanguage\":\"fr-FR\",\"@id\":\"https:\\\/\\\/permakultur-landwirtschaft.org\\\/#\\\/schema\\\/logo\\\/image\\\/\",\"url\":\"https:\\\/\\\/permakultur-landwirtschaft.org\\\/wp-content\\\/uploads\\\/2021\\\/11\\\/pela_1268x1269.png\",\"contentUrl\":\"https:\\\/\\\/permakultur-landwirtschaft.org\\\/wp-content\\\/uploads\\\/2021\\\/11\\\/pela_1268x1269.png\",\"width\":1298,\"height\":1269,\"caption\":\"Permakultur-Landwirtschaft\"},\"image\":{\"@id\":\"https:\\\/\\\/permakultur-landwirtschaft.org\\\/#\\\/schema\\\/logo\\\/image\\\/\"},\"sameAs\":[\"https:\\\/\\\/www.facebook.com\\\/PermakulturLandwirtschaft\",\"https:\\\/\\\/www.instagram.com\\\/permakultur_landwirtschaft\\\/\",\"https:\\\/\\\/www.flickr.com\\\/photos\\\/permakultur-landwirtschaft\",\"https:\\\/\\\/www.youtube.com\\\/@PermakulturLandwirtschaft\"]},{\"@type\":\"Person\",\"@id\":\"https:\\\/\\\/permakultur-landwirtschaft.org\\\/#\\\/schema\\\/person\\\/6b0467872f75aed3e144093f9bf4f0b0\",\"name\":\"adrian reutimann\",\"url\":\"https:\\\/\\\/permakultur-landwirtschaft.org\\\/fr\\\/author\\\/reutiadr\\\/\"}]}<\/script>\n<!-- \/ Yoast SEO plugin. -->","yoast_head_json":{"title":"Jungbaumpflege im Agroforst - Beitrag vom 13. Dezember 2023 - Permakultur-Landwirtschaft","robots":{"index":"index","follow":"follow","max-snippet":"max-snippet:-1","max-image-preview":"max-image-preview:large","max-video-preview":"max-video-preview:-1"},"canonical":"https:\/\/permakultur-landwirtschaft.org\/fr\/jungbaumpflege-im-agroforst-beitrag-vom-13-dezember-2023\/","og_locale":"fr_FR","og_type":"article","og_title":"Jungbaumpflege im Agroforst - Beitrag vom 13. Dezember 2023 - Permakultur-Landwirtschaft","og_description":"Text von youtube: Wasserr\u00fcckhalt in der Landbewirtschaftung &#8211; Jungbaumpflege im Agroforst In der Serie &#171;Wasserr\u00fcckhalt in der Landbewirtschaftung&#187; zeigen wir Methoden der Wasserretention wie Agroforst und Keyline Design. In unserem dritten Film tauchen wir nun tief in das Thema Jungbaumpflege ein. Bevor ein Agroforstsystem seine positiven Effekte auf den Acker bringt, m\u00fcssen sich die B\u00e4ume [&hellip;]","og_url":"https:\/\/permakultur-landwirtschaft.org\/fr\/jungbaumpflege-im-agroforst-beitrag-vom-13-dezember-2023\/","og_site_name":"Permakultur-Landwirtschaft","article_publisher":"https:\/\/www.facebook.com\/PermakulturLandwirtschaft","article_published_time":"2023-12-13T08:09:00+00:00","article_modified_time":"2024-04-24T13:44:23+00:00","og_image":[{"width":700,"height":387,"url":"https:\/\/permakultur-landwirtschaft.org\/wp-content\/uploads\/2024\/03\/20231213_jungbaumpflege_2024-03-12_08-57-21.jpg","type":"image\/jpeg"}],"author":"adrian reutimann","twitter_card":"summary_large_image","twitter_misc":{"\u00c9crit par":"adrian reutimann","Dur\u00e9e de lecture estim\u00e9e":"1 minute"},"schema":{"@context":"https:\/\/schema.org","@graph":[{"@type":"Article","@id":"https:\/\/permakultur-landwirtschaft.org\/jungbaumpflege-im-agroforst-beitrag-vom-13-dezember-2023\/#article","isPartOf":{"@id":"https:\/\/permakultur-landwirtschaft.org\/jungbaumpflege-im-agroforst-beitrag-vom-13-dezember-2023\/"},"author":{"name":"adrian reutimann","@id":"https:\/\/permakultur-landwirtschaft.org\/#\/schema\/person\/6b0467872f75aed3e144093f9bf4f0b0"},"headline":"Jungbaumpflege im Agroforst &#8211; Beitrag vom 13. Dezember 2023","datePublished":"2023-12-13T08:09:00+00:00","dateModified":"2024-04-24T13:44:23+00:00","mainEntityOfPage":{"@id":"https:\/\/permakultur-landwirtschaft.org\/jungbaumpflege-im-agroforst-beitrag-vom-13-dezember-2023\/"},"wordCount":111,"publisher":{"@id":"https:\/\/permakultur-landwirtschaft.org\/#organization"},"image":{"@id":"https:\/\/permakultur-landwirtschaft.org\/jungbaumpflege-im-agroforst-beitrag-vom-13-dezember-2023\/#primaryimage"},"thumbnailUrl":"https:\/\/permakultur-landwirtschaft.org\/wp-content\/uploads\/2024\/03\/20231213_jungbaumpflege_2024-03-12_08-57-21.jpg","keywords":["Agroforst","Jungbaumpflege","Wasserr\u00fcckhalt"],"articleSection":["Anleitung","Film","Neuigkeit"],"inLanguage":"fr-FR"},{"@type":"WebPage","@id":"https:\/\/permakultur-landwirtschaft.org\/jungbaumpflege-im-agroforst-beitrag-vom-13-dezember-2023\/","url":"https:\/\/permakultur-landwirtschaft.org\/jungbaumpflege-im-agroforst-beitrag-vom-13-dezember-2023\/","name":"Jungbaumpflege im Agroforst - Beitrag vom 13. Dezember 2023 - Permakultur-Landwirtschaft","isPartOf":{"@id":"https:\/\/permakultur-landwirtschaft.org\/#website"},"primaryImageOfPage":{"@id":"https:\/\/permakultur-landwirtschaft.org\/jungbaumpflege-im-agroforst-beitrag-vom-13-dezember-2023\/#primaryimage"},"image":{"@id":"https:\/\/permakultur-landwirtschaft.org\/jungbaumpflege-im-agroforst-beitrag-vom-13-dezember-2023\/#primaryimage"},"thumbnailUrl":"https:\/\/permakultur-landwirtschaft.org\/wp-content\/uploads\/2024\/03\/20231213_jungbaumpflege_2024-03-12_08-57-21.jpg","datePublished":"2023-12-13T08:09:00+00:00","dateModified":"2024-04-24T13:44:23+00:00","breadcrumb":{"@id":"https:\/\/permakultur-landwirtschaft.org\/jungbaumpflege-im-agroforst-beitrag-vom-13-dezember-2023\/#breadcrumb"},"inLanguage":"fr-FR","potentialAction":[{"@type":"ReadAction","target":["https:\/\/permakultur-landwirtschaft.org\/jungbaumpflege-im-agroforst-beitrag-vom-13-dezember-2023\/"]}]},{"@type":"ImageObject","inLanguage":"fr-FR","@id":"https:\/\/permakultur-landwirtschaft.org\/jungbaumpflege-im-agroforst-beitrag-vom-13-dezember-2023\/#primaryimage","url":"https:\/\/permakultur-landwirtschaft.org\/wp-content\/uploads\/2024\/03\/20231213_jungbaumpflege_2024-03-12_08-57-21.jpg","contentUrl":"https:\/\/permakultur-landwirtschaft.org\/wp-content\/uploads\/2024\/03\/20231213_jungbaumpflege_2024-03-12_08-57-21.jpg","width":700,"height":387,"caption":"Bild: youtube"},{"@type":"BreadcrumbList","@id":"https:\/\/permakultur-landwirtschaft.org\/jungbaumpflege-im-agroforst-beitrag-vom-13-dezember-2023\/#breadcrumb","itemListElement":[{"@type":"ListItem","position":1,"name":"Startseite","item":"https:\/\/permakultur-landwirtschaft.org\/"},{"@type":"ListItem","position":2,"name":"Jungbaumpflege im Agroforst &#8211; Beitrag vom 13. Dezember 2023"}]},{"@type":"WebSite","@id":"https:\/\/permakultur-landwirtschaft.org\/#website","url":"https:\/\/permakultur-landwirtschaft.org\/","name":"Permakultur-Landwirtschaft","description":"F\u00f6rderung der Permakultur in der Landwirtschaft","publisher":{"@id":"https:\/\/permakultur-landwirtschaft.org\/#organization"},"potentialAction":[{"@type":"SearchAction","target":{"@type":"EntryPoint","urlTemplate":"https:\/\/permakultur-landwirtschaft.org\/?s={search_term_string}"},"query-input":{"@type":"PropertyValueSpecification","valueRequired":true,"valueName":"search_term_string"}}],"inLanguage":"fr-FR"},{"@type":"Organization","@id":"https:\/\/permakultur-landwirtschaft.org\/#organization","name":"Permakultur-Landwirtschaft","alternateName":"Verein Permakultur-Landwirtschaft","url":"https:\/\/permakultur-landwirtschaft.org\/","logo":{"@type":"ImageObject","inLanguage":"fr-FR","@id":"https:\/\/permakultur-landwirtschaft.org\/#\/schema\/logo\/image\/","url":"https:\/\/permakultur-landwirtschaft.org\/wp-content\/uploads\/2021\/11\/pela_1268x1269.png","contentUrl":"https:\/\/permakultur-landwirtschaft.org\/wp-content\/uploads\/2021\/11\/pela_1268x1269.png","width":1298,"height":1269,"caption":"Permakultur-Landwirtschaft"},"image":{"@id":"https:\/\/permakultur-landwirtschaft.org\/#\/schema\/logo\/image\/"},"sameAs":["https:\/\/www.facebook.com\/PermakulturLandwirtschaft","https:\/\/www.instagram.com\/permakultur_landwirtschaft\/","https:\/\/www.flickr.com\/photos\/permakultur-landwirtschaft","https:\/\/www.youtube.com\/@PermakulturLandwirtschaft"]},{"@type":"Person","@id":"https:\/\/permakultur-landwirtschaft.org\/#\/schema\/person\/6b0467872f75aed3e144093f9bf4f0b0","name":"adrian reutimann","url":"https:\/\/permakultur-landwirtschaft.org\/fr\/author\/reutiadr\/"}]}},"_links":{"self":[{"href":"https:\/\/permakultur-landwirtschaft.org\/fr\/wp-json\/wp\/v2\/posts\/33894","targetHints":{"allow":["GET"]}}],"collection":[{"href":"https:\/\/permakultur-landwirtschaft.org\/fr\/wp-json\/wp\/v2\/posts"}],"about":[{"href":"https:\/\/permakultur-landwirtschaft.org\/fr\/wp-json\/wp\/v2\/types\/post"}],"author":[{"embeddable":true,"href":"https:\/\/permakultur-landwirtschaft.org\/fr\/wp-json\/wp\/v2\/users\/2"}],"replies":[{"embeddable":true,"href":"https:\/\/permakultur-landwirtschaft.org\/fr\/wp-json\/wp\/v2\/comments?post=33894"}],"version-history":[{"count":3,"href":"https:\/\/permakultur-landwirtschaft.org\/fr\/wp-json\/wp\/v2\/posts\/33894\/revisions"}],"predecessor-version":[{"id":33901,"href":"https:\/\/permakultur-landwirtschaft.org\/fr\/wp-json\/wp\/v2\/posts\/33894\/revisions\/33901"}],"wp:featuredmedia":[{"embeddable":true,"href":"https:\/\/permakultur-landwirtschaft.org\/fr\/wp-json\/wp\/v2\/media\/33897"}],"wp:attachment":[{"href":"https:\/\/permakultur-landwirtschaft.org\/fr\/wp-json\/wp\/v2\/media?parent=33894"}],"wp:term":[{"taxonomy":"category","embeddable":true,"href":"https:\/\/permakultur-landwirtschaft.org\/fr\/wp-json\/wp\/v2\/categories?post=33894"},{"taxonomy":"post_tag","embeddable":true,"href":"https:\/\/permakultur-landwirtschaft.org\/fr\/wp-json\/wp\/v2\/tags?post=33894"}],"curies":[{"name":"wp","href":"https:\/\/api.w.org\/{rel}","templated":true}]}}