{"id":33890,"date":"2024-01-17T09:00:00","date_gmt":"2024-01-17T08:00:00","guid":{"rendered":"https:\/\/permakultur-landwirtschaft.org\/?p=33890"},"modified":"2024-03-12T09:08:18","modified_gmt":"2024-03-12T08:08:18","slug":"oekonomie-von-agroforst-waldgaerten-beitrag-vom-17-januar-2024","status":"publish","type":"post","link":"https:\/\/permakultur-landwirtschaft.org\/fr\/oekonomie-von-agroforst-waldgaerten-beitrag-vom-17-januar-2024\/","title":{"rendered":"\u00d6konomie von Agroforst &#038; Waldg\u00e4rten &#8211; Beitrag vom 17. Januar 2024"},"content":{"rendered":"<p>Text von youtube:<\/p>\n\n\n\n<p>In Kooperation mit der Universit\u00e4t G\u00f6ttingen haben wir im Oktober eine Exkursion nach England und in die Niederlande durchgef\u00fchrt, um dort bereits funktionierende und entwickelte Waldg\u00e4rten und Agroforstsysteme zu besuchen. Dabei ist diese Videoreihe entstanden.<\/p>\n\n\n\n<figure class=\"wp-block-embed is-type-video is-provider-youtube wp-block-embed-youtube wp-embed-aspect-16-9 wp-has-aspect-ratio\"><div class=\"wp-block-embed__wrapper\">\n<iframe title=\"Agroforst &amp; Waldg\u00e4rten Teil 6: Agroforstsysteme \u00d6konomie\" width=\"500\" height=\"281\" src=\"https:\/\/www.youtube.com\/embed\/ipCCWXyIK9Y?list=UULFmoCB6eEIxBd6JtLqToqhQQ\" frameborder=\"0\" allow=\"accelerometer; autoplay; clipboard-write; encrypted-media; gyroscope; picture-in-picture; web-share\" referrerpolicy=\"strict-origin-when-cross-origin\" allowfullscreen><\/iframe>\n<\/div><\/figure>\n\n\n\n<p><a href=\"https:\/\/youtu.be\/ipCCWXyIK9Y?list=UULFmoCB6eEIxBd6JtLqToqhQQ\" target=\"_blank\" rel=\"noreferrer noopener\">Link zum Videobeitrag<\/a><\/p>\n\n\n\n<p><a href=\"https:\/\/www.youtube.com\/playlist?list=PL-wfHYv8x5kjm0ClW349_cepQk4ELchlM\" target=\"_blank\" rel=\"noreferrer noopener\">Link zur gesamten Videoreihe zu Agroforst &amp; Waldg\u00e4rten von Janun.de<\/a><\/p>","protected":false},"excerpt":{"rendered":"<p>Text von youtube: In Kooperation mit der Universit\u00e4t G\u00f6ttingen haben wir im Oktober eine Exkursion nach England und in die Niederlande durchgef\u00fchrt, um dort bereits funktionierende und entwickelte Waldg\u00e4rten und Agroforstsysteme zu besuchen. Dabei ist diese Videoreihe entstanden. Link zum Videobeitrag Link zur gesamten Videoreihe zu Agroforst &amp; Waldg\u00e4rten von Janun.de<\/p>","protected":false},"author":2,"featured_media":33892,"comment_status":"closed","ping_status":"closed","sticky":false,"template":"","format":"standard","meta":{"_acf_changed":false,"site-sidebar-layout":"default","site-content-layout":"","ast-site-content-layout":"default","site-content-style":"default","site-sidebar-style":"default","ast-global-header-display":"","ast-banner-title-visibility":"","ast-main-header-display":"","ast-hfb-above-header-display":"","ast-hfb-below-header-display":"","ast-hfb-mobile-header-display":"","site-post-title":"","ast-breadcrumbs-content":"","ast-featured-img":"","footer-sml-layout":"","ast-disable-related-posts":"","theme-transparent-header-meta":"","adv-header-id-meta":"","stick-header-meta":"","header-above-stick-meta":"","header-main-stick-meta":"","header-below-stick-meta":"","astra-migrate-meta-layouts":"set","ast-page-background-enabled":"default","ast-page-background-meta":{"desktop":{"background-color":"var(--ast-global-color-4)","background-image":"","background-repeat":"repeat","background-position":"center center","background-size":"auto","background-attachment":"scroll","background-type":"","background-media":"","overlay-type":"","overlay-color":"","overlay-opacity":"","overlay-gradient":""},"tablet":{"background-color":"","background-image":"","background-repeat":"repeat","background-position":"center center","background-size":"auto","background-attachment":"scroll","background-type":"","background-media":"","overlay-type":"","overlay-color":"","overlay-opacity":"","overlay-gradient":""},"mobile":{"background-color":"","background-image":"","background-repeat":"repeat","background-position":"center center","background-size":"auto","background-attachment":"scroll","background-type":"","background-media":"","overlay-type":"","overlay-color":"","overlay-opacity":"","overlay-gradient":""}},"ast-content-background-meta":{"desktop":{"background-color":"var(--ast-global-color-5)","background-image":"","background-repeat":"repeat","background-position":"center center","background-size":"auto","background-attachment":"scroll","background-type":"","background-media":"","overlay-type":"","overlay-color":"","overlay-opacity":"","overlay-gradient":""},"tablet":{"background-color":"var(--ast-global-color-5)","background-image":"","background-repeat":"repeat","background-position":"center center","background-size":"auto","background-attachment":"scroll","background-type":"","background-media":"","overlay-type":"","overlay-color":"","overlay-opacity":"","overlay-gradient":""},"mobile":{"background-color":"var(--ast-global-color-5)","background-image":"","background-repeat":"repeat","background-position":"center center","background-size":"auto","background-attachment":"scroll","background-type":"","background-media":"","overlay-type":"","overlay-color":"","overlay-opacity":"","overlay-gradient":""}},"footnotes":""},"categories":[45,22],"tags":[31,248,249,77],"class_list":["post-33890","post","type-post","status-publish","format-standard","has-post-thumbnail","hentry","category-filme","category-neuigkeit","tag-agroforst","tag-martin-crawford","tag-oekonomie","tag-waldgarten"],"acf":[],"yoast_head":"<!-- This site is optimized with the Yoast SEO plugin v27.5 - https:\/\/yoast.com\/product\/yoast-seo-wordpress\/ -->\n<title>\u00d6konomie von Agroforst &amp; Waldg\u00e4rten - Beitrag vom 17. Januar 2024 - Permakultur-Landwirtschaft<\/title>\n<meta name=\"robots\" content=\"index, follow, max-snippet:-1, max-image-preview:large, max-video-preview:-1\" \/>\n<link rel=\"canonical\" href=\"https:\/\/permakultur-landwirtschaft.org\/fr\/oekonomie-von-agroforst-waldgaerten-beitrag-vom-17-januar-2024\/\" \/>\n<meta property=\"og:locale\" content=\"fr_FR\" \/>\n<meta property=\"og:type\" content=\"article\" \/>\n<meta property=\"og:title\" content=\"\u00d6konomie von Agroforst &amp; Waldg\u00e4rten - Beitrag vom 17. Januar 2024 - Permakultur-Landwirtschaft\" \/>\n<meta property=\"og:description\" content=\"Text von youtube: In Kooperation mit der Universit\u00e4t G\u00f6ttingen haben wir im Oktober eine Exkursion nach England und in die Niederlande durchgef\u00fchrt, um dort bereits funktionierende und entwickelte Waldg\u00e4rten und Agroforstsysteme zu besuchen. Dabei ist diese Videoreihe entstanden. Link zum Videobeitrag Link zur gesamten Videoreihe zu Agroforst &amp; Waldg\u00e4rten von Janun.de\" \/>\n<meta property=\"og:url\" content=\"https:\/\/permakultur-landwirtschaft.org\/fr\/oekonomie-von-agroforst-waldgaerten-beitrag-vom-17-januar-2024\/\" \/>\n<meta property=\"og:site_name\" content=\"Permakultur-Landwirtschaft\" \/>\n<meta property=\"article:publisher\" content=\"https:\/\/www.facebook.com\/PermakulturLandwirtschaft\" \/>\n<meta property=\"article:published_time\" content=\"2024-01-17T08:00:00+00:00\" \/>\n<meta property=\"article:modified_time\" content=\"2024-03-12T08:08:18+00:00\" \/>\n<meta property=\"og:image\" content=\"https:\/\/permakultur-landwirtschaft.org\/wp-content\/uploads\/2024\/03\/20240310_agroforst_oekonomie_2024-03-12_08-58-39.jpg\" \/>\n\t<meta property=\"og:image:width\" content=\"701\" \/>\n\t<meta property=\"og:image:height\" content=\"379\" \/>\n\t<meta property=\"og:image:type\" content=\"image\/jpeg\" \/>\n<meta name=\"author\" content=\"adrian reutimann\" \/>\n<meta name=\"twitter:card\" content=\"summary_large_image\" \/>\n<meta name=\"twitter:label1\" content=\"\u00c9crit par\" \/>\n\t<meta name=\"twitter:data1\" content=\"adrian reutimann\" \/>\n\t<meta name=\"twitter:label2\" content=\"Dur\u00e9e de lecture estim\u00e9e\" \/>\n\t<meta name=\"twitter:data2\" content=\"1 minute\" \/>\n<script type=\"application\/ld+json\" class=\"yoast-schema-graph\">{\"@context\":\"https:\\\/\\\/schema.org\",\"@graph\":[{\"@type\":\"Article\",\"@id\":\"https:\\\/\\\/permakultur-landwirtschaft.org\\\/oekonomie-von-agroforst-waldgaerten-beitrag-vom-17-januar-2024\\\/#article\",\"isPartOf\":{\"@id\":\"https:\\\/\\\/permakultur-landwirtschaft.org\\\/oekonomie-von-agroforst-waldgaerten-beitrag-vom-17-januar-2024\\\/\"},\"author\":{\"name\":\"adrian reutimann\",\"@id\":\"https:\\\/\\\/permakultur-landwirtschaft.org\\\/#\\\/schema\\\/person\\\/6b0467872f75aed3e144093f9bf4f0b0\"},\"headline\":\"\u00d6konomie von Agroforst &#038; Waldg\u00e4rten &#8211; Beitrag vom 17. Januar 2024\",\"datePublished\":\"2024-01-17T08:00:00+00:00\",\"dateModified\":\"2024-03-12T08:08:18+00:00\",\"mainEntityOfPage\":{\"@id\":\"https:\\\/\\\/permakultur-landwirtschaft.org\\\/oekonomie-von-agroforst-waldgaerten-beitrag-vom-17-januar-2024\\\/\"},\"wordCount\":75,\"publisher\":{\"@id\":\"https:\\\/\\\/permakultur-landwirtschaft.org\\\/#organization\"},\"image\":{\"@id\":\"https:\\\/\\\/permakultur-landwirtschaft.org\\\/oekonomie-von-agroforst-waldgaerten-beitrag-vom-17-januar-2024\\\/#primaryimage\"},\"thumbnailUrl\":\"https:\\\/\\\/permakultur-landwirtschaft.org\\\/wp-content\\\/uploads\\\/2024\\\/03\\\/20240310_agroforst_oekonomie_2024-03-12_08-58-39.jpg\",\"keywords\":[\"Agroforst\",\"Martin Crawford\",\"\u00d6konomie\",\"Waldgarten\"],\"articleSection\":[\"Film\",\"Neuigkeit\"],\"inLanguage\":\"fr-FR\"},{\"@type\":\"WebPage\",\"@id\":\"https:\\\/\\\/permakultur-landwirtschaft.org\\\/oekonomie-von-agroforst-waldgaerten-beitrag-vom-17-januar-2024\\\/\",\"url\":\"https:\\\/\\\/permakultur-landwirtschaft.org\\\/oekonomie-von-agroforst-waldgaerten-beitrag-vom-17-januar-2024\\\/\",\"name\":\"\u00d6konomie von Agroforst & Waldg\u00e4rten - Beitrag vom 17. Januar 2024 - Permakultur-Landwirtschaft\",\"isPartOf\":{\"@id\":\"https:\\\/\\\/permakultur-landwirtschaft.org\\\/#website\"},\"primaryImageOfPage\":{\"@id\":\"https:\\\/\\\/permakultur-landwirtschaft.org\\\/oekonomie-von-agroforst-waldgaerten-beitrag-vom-17-januar-2024\\\/#primaryimage\"},\"image\":{\"@id\":\"https:\\\/\\\/permakultur-landwirtschaft.org\\\/oekonomie-von-agroforst-waldgaerten-beitrag-vom-17-januar-2024\\\/#primaryimage\"},\"thumbnailUrl\":\"https:\\\/\\\/permakultur-landwirtschaft.org\\\/wp-content\\\/uploads\\\/2024\\\/03\\\/20240310_agroforst_oekonomie_2024-03-12_08-58-39.jpg\",\"datePublished\":\"2024-01-17T08:00:00+00:00\",\"dateModified\":\"2024-03-12T08:08:18+00:00\",\"breadcrumb\":{\"@id\":\"https:\\\/\\\/permakultur-landwirtschaft.org\\\/oekonomie-von-agroforst-waldgaerten-beitrag-vom-17-januar-2024\\\/#breadcrumb\"},\"inLanguage\":\"fr-FR\",\"potentialAction\":[{\"@type\":\"ReadAction\",\"target\":[\"https:\\\/\\\/permakultur-landwirtschaft.org\\\/oekonomie-von-agroforst-waldgaerten-beitrag-vom-17-januar-2024\\\/\"]}]},{\"@type\":\"ImageObject\",\"inLanguage\":\"fr-FR\",\"@id\":\"https:\\\/\\\/permakultur-landwirtschaft.org\\\/oekonomie-von-agroforst-waldgaerten-beitrag-vom-17-januar-2024\\\/#primaryimage\",\"url\":\"https:\\\/\\\/permakultur-landwirtschaft.org\\\/wp-content\\\/uploads\\\/2024\\\/03\\\/20240310_agroforst_oekonomie_2024-03-12_08-58-39.jpg\",\"contentUrl\":\"https:\\\/\\\/permakultur-landwirtschaft.org\\\/wp-content\\\/uploads\\\/2024\\\/03\\\/20240310_agroforst_oekonomie_2024-03-12_08-58-39.jpg\",\"width\":701,\"height\":379,\"caption\":\"Bild: youtube\"},{\"@type\":\"BreadcrumbList\",\"@id\":\"https:\\\/\\\/permakultur-landwirtschaft.org\\\/oekonomie-von-agroforst-waldgaerten-beitrag-vom-17-januar-2024\\\/#breadcrumb\",\"itemListElement\":[{\"@type\":\"ListItem\",\"position\":1,\"name\":\"Startseite\",\"item\":\"https:\\\/\\\/permakultur-landwirtschaft.org\\\/\"},{\"@type\":\"ListItem\",\"position\":2,\"name\":\"\u00d6konomie von Agroforst &#038; Waldg\u00e4rten &#8211; Beitrag vom 17. Januar 2024\"}]},{\"@type\":\"WebSite\",\"@id\":\"https:\\\/\\\/permakultur-landwirtschaft.org\\\/#website\",\"url\":\"https:\\\/\\\/permakultur-landwirtschaft.org\\\/\",\"name\":\"Permakultur-Landwirtschaft\",\"description\":\"F\u00f6rderung der Permakultur in der Landwirtschaft\",\"publisher\":{\"@id\":\"https:\\\/\\\/permakultur-landwirtschaft.org\\\/#organization\"},\"potentialAction\":[{\"@type\":\"SearchAction\",\"target\":{\"@type\":\"EntryPoint\",\"urlTemplate\":\"https:\\\/\\\/permakultur-landwirtschaft.org\\\/?s={search_term_string}\"},\"query-input\":{\"@type\":\"PropertyValueSpecification\",\"valueRequired\":true,\"valueName\":\"search_term_string\"}}],\"inLanguage\":\"fr-FR\"},{\"@type\":\"Organization\",\"@id\":\"https:\\\/\\\/permakultur-landwirtschaft.org\\\/#organization\",\"name\":\"Permakultur-Landwirtschaft\",\"alternateName\":\"Verein Permakultur-Landwirtschaft\",\"url\":\"https:\\\/\\\/permakultur-landwirtschaft.org\\\/\",\"logo\":{\"@type\":\"ImageObject\",\"inLanguage\":\"fr-FR\",\"@id\":\"https:\\\/\\\/permakultur-landwirtschaft.org\\\/#\\\/schema\\\/logo\\\/image\\\/\",\"url\":\"https:\\\/\\\/permakultur-landwirtschaft.org\\\/wp-content\\\/uploads\\\/2021\\\/11\\\/pela_1268x1269.png\",\"contentUrl\":\"https:\\\/\\\/permakultur-landwirtschaft.org\\\/wp-content\\\/uploads\\\/2021\\\/11\\\/pela_1268x1269.png\",\"width\":1298,\"height\":1269,\"caption\":\"Permakultur-Landwirtschaft\"},\"image\":{\"@id\":\"https:\\\/\\\/permakultur-landwirtschaft.org\\\/#\\\/schema\\\/logo\\\/image\\\/\"},\"sameAs\":[\"https:\\\/\\\/www.facebook.com\\\/PermakulturLandwirtschaft\",\"https:\\\/\\\/www.instagram.com\\\/permakultur_landwirtschaft\\\/\",\"https:\\\/\\\/www.flickr.com\\\/photos\\\/permakultur-landwirtschaft\",\"https:\\\/\\\/www.youtube.com\\\/@PermakulturLandwirtschaft\"]},{\"@type\":\"Person\",\"@id\":\"https:\\\/\\\/permakultur-landwirtschaft.org\\\/#\\\/schema\\\/person\\\/6b0467872f75aed3e144093f9bf4f0b0\",\"name\":\"adrian reutimann\",\"url\":\"https:\\\/\\\/permakultur-landwirtschaft.org\\\/fr\\\/author\\\/reutiadr\\\/\"}]}<\/script>\n<!-- \/ Yoast SEO plugin. -->","yoast_head_json":{"title":"\u00d6konomie von Agroforst & Waldg\u00e4rten - Beitrag vom 17. Januar 2024 - Permakultur-Landwirtschaft","robots":{"index":"index","follow":"follow","max-snippet":"max-snippet:-1","max-image-preview":"max-image-preview:large","max-video-preview":"max-video-preview:-1"},"canonical":"https:\/\/permakultur-landwirtschaft.org\/fr\/oekonomie-von-agroforst-waldgaerten-beitrag-vom-17-januar-2024\/","og_locale":"fr_FR","og_type":"article","og_title":"\u00d6konomie von Agroforst & Waldg\u00e4rten - Beitrag vom 17. Januar 2024 - Permakultur-Landwirtschaft","og_description":"Text von youtube: In Kooperation mit der Universit\u00e4t G\u00f6ttingen haben wir im Oktober eine Exkursion nach England und in die Niederlande durchgef\u00fchrt, um dort bereits funktionierende und entwickelte Waldg\u00e4rten und Agroforstsysteme zu besuchen. Dabei ist diese Videoreihe entstanden. Link zum Videobeitrag Link zur gesamten Videoreihe zu Agroforst &amp; Waldg\u00e4rten von Janun.de","og_url":"https:\/\/permakultur-landwirtschaft.org\/fr\/oekonomie-von-agroforst-waldgaerten-beitrag-vom-17-januar-2024\/","og_site_name":"Permakultur-Landwirtschaft","article_publisher":"https:\/\/www.facebook.com\/PermakulturLandwirtschaft","article_published_time":"2024-01-17T08:00:00+00:00","article_modified_time":"2024-03-12T08:08:18+00:00","og_image":[{"width":701,"height":379,"url":"https:\/\/permakultur-landwirtschaft.org\/wp-content\/uploads\/2024\/03\/20240310_agroforst_oekonomie_2024-03-12_08-58-39.jpg","type":"image\/jpeg"}],"author":"adrian reutimann","twitter_card":"summary_large_image","twitter_misc":{"\u00c9crit par":"adrian reutimann","Dur\u00e9e de lecture estim\u00e9e":"1 minute"},"schema":{"@context":"https:\/\/schema.org","@graph":[{"@type":"Article","@id":"https:\/\/permakultur-landwirtschaft.org\/oekonomie-von-agroforst-waldgaerten-beitrag-vom-17-januar-2024\/#article","isPartOf":{"@id":"https:\/\/permakultur-landwirtschaft.org\/oekonomie-von-agroforst-waldgaerten-beitrag-vom-17-januar-2024\/"},"author":{"name":"adrian reutimann","@id":"https:\/\/permakultur-landwirtschaft.org\/#\/schema\/person\/6b0467872f75aed3e144093f9bf4f0b0"},"headline":"\u00d6konomie von Agroforst &#038; Waldg\u00e4rten &#8211; Beitrag vom 17. Januar 2024","datePublished":"2024-01-17T08:00:00+00:00","dateModified":"2024-03-12T08:08:18+00:00","mainEntityOfPage":{"@id":"https:\/\/permakultur-landwirtschaft.org\/oekonomie-von-agroforst-waldgaerten-beitrag-vom-17-januar-2024\/"},"wordCount":75,"publisher":{"@id":"https:\/\/permakultur-landwirtschaft.org\/#organization"},"image":{"@id":"https:\/\/permakultur-landwirtschaft.org\/oekonomie-von-agroforst-waldgaerten-beitrag-vom-17-januar-2024\/#primaryimage"},"thumbnailUrl":"https:\/\/permakultur-landwirtschaft.org\/wp-content\/uploads\/2024\/03\/20240310_agroforst_oekonomie_2024-03-12_08-58-39.jpg","keywords":["Agroforst","Martin Crawford","\u00d6konomie","Waldgarten"],"articleSection":["Film","Neuigkeit"],"inLanguage":"fr-FR"},{"@type":"WebPage","@id":"https:\/\/permakultur-landwirtschaft.org\/oekonomie-von-agroforst-waldgaerten-beitrag-vom-17-januar-2024\/","url":"https:\/\/permakultur-landwirtschaft.org\/oekonomie-von-agroforst-waldgaerten-beitrag-vom-17-januar-2024\/","name":"\u00d6konomie von Agroforst & Waldg\u00e4rten - Beitrag vom 17. Januar 2024 - Permakultur-Landwirtschaft","isPartOf":{"@id":"https:\/\/permakultur-landwirtschaft.org\/#website"},"primaryImageOfPage":{"@id":"https:\/\/permakultur-landwirtschaft.org\/oekonomie-von-agroforst-waldgaerten-beitrag-vom-17-januar-2024\/#primaryimage"},"image":{"@id":"https:\/\/permakultur-landwirtschaft.org\/oekonomie-von-agroforst-waldgaerten-beitrag-vom-17-januar-2024\/#primaryimage"},"thumbnailUrl":"https:\/\/permakultur-landwirtschaft.org\/wp-content\/uploads\/2024\/03\/20240310_agroforst_oekonomie_2024-03-12_08-58-39.jpg","datePublished":"2024-01-17T08:00:00+00:00","dateModified":"2024-03-12T08:08:18+00:00","breadcrumb":{"@id":"https:\/\/permakultur-landwirtschaft.org\/oekonomie-von-agroforst-waldgaerten-beitrag-vom-17-januar-2024\/#breadcrumb"},"inLanguage":"fr-FR","potentialAction":[{"@type":"ReadAction","target":["https:\/\/permakultur-landwirtschaft.org\/oekonomie-von-agroforst-waldgaerten-beitrag-vom-17-januar-2024\/"]}]},{"@type":"ImageObject","inLanguage":"fr-FR","@id":"https:\/\/permakultur-landwirtschaft.org\/oekonomie-von-agroforst-waldgaerten-beitrag-vom-17-januar-2024\/#primaryimage","url":"https:\/\/permakultur-landwirtschaft.org\/wp-content\/uploads\/2024\/03\/20240310_agroforst_oekonomie_2024-03-12_08-58-39.jpg","contentUrl":"https:\/\/permakultur-landwirtschaft.org\/wp-content\/uploads\/2024\/03\/20240310_agroforst_oekonomie_2024-03-12_08-58-39.jpg","width":701,"height":379,"caption":"Bild: youtube"},{"@type":"BreadcrumbList","@id":"https:\/\/permakultur-landwirtschaft.org\/oekonomie-von-agroforst-waldgaerten-beitrag-vom-17-januar-2024\/#breadcrumb","itemListElement":[{"@type":"ListItem","position":1,"name":"Startseite","item":"https:\/\/permakultur-landwirtschaft.org\/"},{"@type":"ListItem","position":2,"name":"\u00d6konomie von Agroforst &#038; Waldg\u00e4rten &#8211; Beitrag vom 17. Januar 2024"}]},{"@type":"WebSite","@id":"https:\/\/permakultur-landwirtschaft.org\/#website","url":"https:\/\/permakultur-landwirtschaft.org\/","name":"Permakultur-Landwirtschaft","description":"F\u00f6rderung der Permakultur in der Landwirtschaft","publisher":{"@id":"https:\/\/permakultur-landwirtschaft.org\/#organization"},"potentialAction":[{"@type":"SearchAction","target":{"@type":"EntryPoint","urlTemplate":"https:\/\/permakultur-landwirtschaft.org\/?s={search_term_string}"},"query-input":{"@type":"PropertyValueSpecification","valueRequired":true,"valueName":"search_term_string"}}],"inLanguage":"fr-FR"},{"@type":"Organization","@id":"https:\/\/permakultur-landwirtschaft.org\/#organization","name":"Permakultur-Landwirtschaft","alternateName":"Verein Permakultur-Landwirtschaft","url":"https:\/\/permakultur-landwirtschaft.org\/","logo":{"@type":"ImageObject","inLanguage":"fr-FR","@id":"https:\/\/permakultur-landwirtschaft.org\/#\/schema\/logo\/image\/","url":"https:\/\/permakultur-landwirtschaft.org\/wp-content\/uploads\/2021\/11\/pela_1268x1269.png","contentUrl":"https:\/\/permakultur-landwirtschaft.org\/wp-content\/uploads\/2021\/11\/pela_1268x1269.png","width":1298,"height":1269,"caption":"Permakultur-Landwirtschaft"},"image":{"@id":"https:\/\/permakultur-landwirtschaft.org\/#\/schema\/logo\/image\/"},"sameAs":["https:\/\/www.facebook.com\/PermakulturLandwirtschaft","https:\/\/www.instagram.com\/permakultur_landwirtschaft\/","https:\/\/www.flickr.com\/photos\/permakultur-landwirtschaft","https:\/\/www.youtube.com\/@PermakulturLandwirtschaft"]},{"@type":"Person","@id":"https:\/\/permakultur-landwirtschaft.org\/#\/schema\/person\/6b0467872f75aed3e144093f9bf4f0b0","name":"adrian reutimann","url":"https:\/\/permakultur-landwirtschaft.org\/fr\/author\/reutiadr\/"}]}},"_links":{"self":[{"href":"https:\/\/permakultur-landwirtschaft.org\/fr\/wp-json\/wp\/v2\/posts\/33890","targetHints":{"allow":["GET"]}}],"collection":[{"href":"https:\/\/permakultur-landwirtschaft.org\/fr\/wp-json\/wp\/v2\/posts"}],"about":[{"href":"https:\/\/permakultur-landwirtschaft.org\/fr\/wp-json\/wp\/v2\/types\/post"}],"author":[{"embeddable":true,"href":"https:\/\/permakultur-landwirtschaft.org\/fr\/wp-json\/wp\/v2\/users\/2"}],"replies":[{"embeddable":true,"href":"https:\/\/permakultur-landwirtschaft.org\/fr\/wp-json\/wp\/v2\/comments?post=33890"}],"version-history":[{"count":1,"href":"https:\/\/permakultur-landwirtschaft.org\/fr\/wp-json\/wp\/v2\/posts\/33890\/revisions"}],"predecessor-version":[{"id":33893,"href":"https:\/\/permakultur-landwirtschaft.org\/fr\/wp-json\/wp\/v2\/posts\/33890\/revisions\/33893"}],"wp:featuredmedia":[{"embeddable":true,"href":"https:\/\/permakultur-landwirtschaft.org\/fr\/wp-json\/wp\/v2\/media\/33892"}],"wp:attachment":[{"href":"https:\/\/permakultur-landwirtschaft.org\/fr\/wp-json\/wp\/v2\/media?parent=33890"}],"wp:term":[{"taxonomy":"category","embeddable":true,"href":"https:\/\/permakultur-landwirtschaft.org\/fr\/wp-json\/wp\/v2\/categories?post=33890"},{"taxonomy":"post_tag","embeddable":true,"href":"https:\/\/permakultur-landwirtschaft.org\/fr\/wp-json\/wp\/v2\/tags?post=33890"}],"curies":[{"name":"wp","href":"https:\/\/api.w.org\/{rel}","templated":true}]}}