{"id":33870,"date":"2024-03-06T10:47:25","date_gmt":"2024-03-06T09:47:25","guid":{"rendered":"https:\/\/permakultur-landwirtschaft.org\/?p=33870"},"modified":"2024-03-06T10:47:26","modified_gmt":"2024-03-06T09:47:26","slug":"agraroekologie-in-der-schweiz-momentaner-stand-und-transformatives-potential-anlass-am-15-maerz-2024","status":"publish","type":"post","link":"https:\/\/permakultur-landwirtschaft.org\/fr\/agraroekologie-in-der-schweiz-momentaner-stand-und-transformatives-potential-anlass-am-15-maerz-2024\/","title":{"rendered":"Agrar\u00f6kologie in der Schweiz \u2013 momentaner Stand und transformatives Potential &#8211; Anlass am 15. M\u00e4rz 2024"},"content":{"rendered":"<p>Text von nachhaltigkeitswoche.ch:<\/p>\n\n\n\n<p>Die Agrar\u00f6kologie gilt als ganzheitlicher Ansatz f\u00fcr die Neugestaltung des Ern\u00e4hrungssystems. Aber Agrar\u00f6kologie in der Schweiz \u2013 wie sieht das eigentlich aus? In mehreren Kurzvortr\u00e4gen stellen wir den jetzigen Stand der Agrar\u00f6kologie in der Schweiz vor. Ausserdem erz\u00e4hlen verschiedene agrar\u00f6kologische Projekte aus der Region von ihrer Aktivit\u00e4t. Mit dabei sind die Solawi meh als gm\u00fces, die Kooperative rampe 5 und das Ausbildungsprogramm F.A.M.E. Anschliessend diskutieren wir zusammen in gem\u00fctlicher Atmosph\u00e4re in einem World Caf\u00e9 offene Fragen zur Agrar\u00f6kologie. Egal, ob du das Wort Agrar\u00f6kologie gerade zum ersten Mal h\u00f6rst oder dich bereits aktiv daf\u00fcr einsetzt \u2013 nutze die Chance, dich hier mit Gleichgesinnten auszutauschen und lass dich von uns f\u00fcr die Agrar\u00f6kologie begeistern.<\/p>\n\n\n\n<p><a href=\"https:\/\/nachhaltigkeitswoche.ch\/en\/event\/agroecology-in-switzerland-current-state-and-transformative-potential\/\" target=\"_blank\" rel=\"noreferrer noopener\">Link zu mehr Infos<\/a><\/p>","protected":false},"excerpt":{"rendered":"<p>Text von nachhaltigkeitswoche.ch: Die Agrar\u00f6kologie gilt als ganzheitlicher Ansatz f\u00fcr die Neugestaltung des Ern\u00e4hrungssystems. Aber Agrar\u00f6kologie in der Schweiz \u2013 wie sieht das eigentlich aus? In mehreren Kurzvortr\u00e4gen stellen wir den jetzigen Stand der Agrar\u00f6kologie in der Schweiz vor. Ausserdem erz\u00e4hlen verschiedene agrar\u00f6kologische Projekte aus der Region von ihrer Aktivit\u00e4t. Mit dabei sind die Solawi [&hellip;]<\/p>\n","protected":false},"author":2,"featured_media":33871,"comment_status":"closed","ping_status":"closed","sticky":false,"template":"","format":"standard","meta":{"_acf_changed":false,"site-sidebar-layout":"default","site-content-layout":"","ast-site-content-layout":"default","site-content-style":"default","site-sidebar-style":"default","ast-global-header-display":"","ast-banner-title-visibility":"","ast-main-header-display":"","ast-hfb-above-header-display":"","ast-hfb-below-header-display":"","ast-hfb-mobile-header-display":"","site-post-title":"","ast-breadcrumbs-content":"","ast-featured-img":"","footer-sml-layout":"","ast-disable-related-posts":"","theme-transparent-header-meta":"","adv-header-id-meta":"","stick-header-meta":"","header-above-stick-meta":"","header-main-stick-meta":"","header-below-stick-meta":"","astra-migrate-meta-layouts":"set","ast-page-background-enabled":"default","ast-page-background-meta":{"desktop":{"background-color":"var(--ast-global-color-4)","background-image":"","background-repeat":"repeat","background-position":"center center","background-size":"auto","background-attachment":"scroll","background-type":"","background-media":"","overlay-type":"","overlay-color":"","overlay-opacity":"","overlay-gradient":""},"tablet":{"background-color":"","background-image":"","background-repeat":"repeat","background-position":"center center","background-size":"auto","background-attachment":"scroll","background-type":"","background-media":"","overlay-type":"","overlay-color":"","overlay-opacity":"","overlay-gradient":""},"mobile":{"background-color":"","background-image":"","background-repeat":"repeat","background-position":"center center","background-size":"auto","background-attachment":"scroll","background-type":"","background-media":"","overlay-type":"","overlay-color":"","overlay-opacity":"","overlay-gradient":""}},"ast-content-background-meta":{"desktop":{"background-color":"var(--ast-global-color-5)","background-image":"","background-repeat":"repeat","background-position":"center center","background-size":"auto","background-attachment":"scroll","background-type":"","background-media":"","overlay-type":"","overlay-color":"","overlay-opacity":"","overlay-gradient":""},"tablet":{"background-color":"var(--ast-global-color-5)","background-image":"","background-repeat":"repeat","background-position":"center center","background-size":"auto","background-attachment":"scroll","background-type":"","background-media":"","overlay-type":"","overlay-color":"","overlay-opacity":"","overlay-gradient":""},"mobile":{"background-color":"var(--ast-global-color-5)","background-image":"","background-repeat":"repeat","background-position":"center center","background-size":"auto","background-attachment":"scroll","background-type":"","background-media":"","overlay-type":"","overlay-color":"","overlay-opacity":"","overlay-gradient":""}},"footnotes":""},"categories":[14],"tags":[55,247],"class_list":["post-33870","post","type-post","status-publish","format-standard","has-post-thumbnail","hentry","category-veranstaltung","tag-agraroekologie","tag-agroecology"],"acf":[],"yoast_head":"<!-- This site is optimized with the Yoast SEO plugin v27.5 - https:\/\/yoast.com\/product\/yoast-seo-wordpress\/ -->\n<title>Agrar\u00f6kologie in der Schweiz \u2013 momentaner Stand und transformatives Potential - Anlass am 15. M\u00e4rz 2024 - Permakultur-Landwirtschaft<\/title>\n<meta name=\"robots\" content=\"index, follow, max-snippet:-1, max-image-preview:large, max-video-preview:-1\" \/>\n<link rel=\"canonical\" href=\"https:\/\/permakultur-landwirtschaft.org\/fr\/agraroekologie-in-der-schweiz-momentaner-stand-und-transformatives-potential-anlass-am-15-maerz-2024\/\" \/>\n<meta property=\"og:locale\" content=\"fr_FR\" \/>\n<meta property=\"og:type\" content=\"article\" \/>\n<meta property=\"og:title\" content=\"Agrar\u00f6kologie in der Schweiz \u2013 momentaner Stand und transformatives Potential - Anlass am 15. M\u00e4rz 2024 - Permakultur-Landwirtschaft\" \/>\n<meta property=\"og:description\" content=\"Text von nachhaltigkeitswoche.ch: Die Agrar\u00f6kologie gilt als ganzheitlicher Ansatz f\u00fcr die Neugestaltung des Ern\u00e4hrungssystems. Aber Agrar\u00f6kologie in der Schweiz \u2013 wie sieht das eigentlich aus? In mehreren Kurzvortr\u00e4gen stellen wir den jetzigen Stand der Agrar\u00f6kologie in der Schweiz vor. Ausserdem erz\u00e4hlen verschiedene agrar\u00f6kologische Projekte aus der Region von ihrer Aktivit\u00e4t. Mit dabei sind die Solawi [&hellip;]\" \/>\n<meta property=\"og:url\" content=\"https:\/\/permakultur-landwirtschaft.org\/fr\/agraroekologie-in-der-schweiz-momentaner-stand-und-transformatives-potential-anlass-am-15-maerz-2024\/\" \/>\n<meta property=\"og:site_name\" content=\"Permakultur-Landwirtschaft\" \/>\n<meta property=\"article:publisher\" content=\"https:\/\/www.facebook.com\/PermakulturLandwirtschaft\" \/>\n<meta property=\"article:published_time\" content=\"2024-03-06T09:47:25+00:00\" \/>\n<meta property=\"article:modified_time\" content=\"2024-03-06T09:47:26+00:00\" \/>\n<meta property=\"og:image\" content=\"https:\/\/permakultur-landwirtschaft.org\/wp-content\/uploads\/2024\/03\/20240315_stand_Agro-ecology-in-Switzerland_.jpg\" \/>\n\t<meta property=\"og:image:width\" content=\"701\" \/>\n\t<meta property=\"og:image:height\" content=\"260\" \/>\n\t<meta property=\"og:image:type\" content=\"image\/jpeg\" \/>\n<meta name=\"author\" content=\"adrian reutimann\" \/>\n<meta name=\"twitter:card\" content=\"summary_large_image\" \/>\n<meta name=\"twitter:label1\" content=\"\u00c9crit par\" \/>\n\t<meta name=\"twitter:data1\" content=\"adrian reutimann\" \/>\n\t<meta name=\"twitter:label2\" content=\"Dur\u00e9e de lecture estim\u00e9e\" \/>\n\t<meta name=\"twitter:data2\" content=\"1 minute\" \/>\n<script type=\"application\/ld+json\" class=\"yoast-schema-graph\">{\"@context\":\"https:\\\/\\\/schema.org\",\"@graph\":[{\"@type\":\"Article\",\"@id\":\"https:\\\/\\\/permakultur-landwirtschaft.org\\\/agraroekologie-in-der-schweiz-momentaner-stand-und-transformatives-potential-anlass-am-15-maerz-2024\\\/#article\",\"isPartOf\":{\"@id\":\"https:\\\/\\\/permakultur-landwirtschaft.org\\\/agraroekologie-in-der-schweiz-momentaner-stand-und-transformatives-potential-anlass-am-15-maerz-2024\\\/\"},\"author\":{\"name\":\"adrian reutimann\",\"@id\":\"https:\\\/\\\/permakultur-landwirtschaft.org\\\/#\\\/schema\\\/person\\\/6b0467872f75aed3e144093f9bf4f0b0\"},\"headline\":\"Agrar\u00f6kologie in der Schweiz \u2013 momentaner Stand und transformatives Potential &#8211; Anlass am 15. M\u00e4rz 2024\",\"datePublished\":\"2024-03-06T09:47:25+00:00\",\"dateModified\":\"2024-03-06T09:47:26+00:00\",\"mainEntityOfPage\":{\"@id\":\"https:\\\/\\\/permakultur-landwirtschaft.org\\\/agraroekologie-in-der-schweiz-momentaner-stand-und-transformatives-potential-anlass-am-15-maerz-2024\\\/\"},\"wordCount\":154,\"publisher\":{\"@id\":\"https:\\\/\\\/permakultur-landwirtschaft.org\\\/#organization\"},\"image\":{\"@id\":\"https:\\\/\\\/permakultur-landwirtschaft.org\\\/agraroekologie-in-der-schweiz-momentaner-stand-und-transformatives-potential-anlass-am-15-maerz-2024\\\/#primaryimage\"},\"thumbnailUrl\":\"https:\\\/\\\/permakultur-landwirtschaft.org\\\/wp-content\\\/uploads\\\/2024\\\/03\\\/20240315_stand_Agro-ecology-in-Switzerland_.jpg\",\"keywords\":[\"Agrar\u00f6kologie\",\"Agroecology\"],\"articleSection\":[\"Veranstaltung\"],\"inLanguage\":\"fr-FR\"},{\"@type\":\"WebPage\",\"@id\":\"https:\\\/\\\/permakultur-landwirtschaft.org\\\/agraroekologie-in-der-schweiz-momentaner-stand-und-transformatives-potential-anlass-am-15-maerz-2024\\\/\",\"url\":\"https:\\\/\\\/permakultur-landwirtschaft.org\\\/agraroekologie-in-der-schweiz-momentaner-stand-und-transformatives-potential-anlass-am-15-maerz-2024\\\/\",\"name\":\"Agrar\u00f6kologie in der Schweiz \u2013 momentaner Stand und transformatives Potential - Anlass am 15. M\u00e4rz 2024 - Permakultur-Landwirtschaft\",\"isPartOf\":{\"@id\":\"https:\\\/\\\/permakultur-landwirtschaft.org\\\/#website\"},\"primaryImageOfPage\":{\"@id\":\"https:\\\/\\\/permakultur-landwirtschaft.org\\\/agraroekologie-in-der-schweiz-momentaner-stand-und-transformatives-potential-anlass-am-15-maerz-2024\\\/#primaryimage\"},\"image\":{\"@id\":\"https:\\\/\\\/permakultur-landwirtschaft.org\\\/agraroekologie-in-der-schweiz-momentaner-stand-und-transformatives-potential-anlass-am-15-maerz-2024\\\/#primaryimage\"},\"thumbnailUrl\":\"https:\\\/\\\/permakultur-landwirtschaft.org\\\/wp-content\\\/uploads\\\/2024\\\/03\\\/20240315_stand_Agro-ecology-in-Switzerland_.jpg\",\"datePublished\":\"2024-03-06T09:47:25+00:00\",\"dateModified\":\"2024-03-06T09:47:26+00:00\",\"breadcrumb\":{\"@id\":\"https:\\\/\\\/permakultur-landwirtschaft.org\\\/agraroekologie-in-der-schweiz-momentaner-stand-und-transformatives-potential-anlass-am-15-maerz-2024\\\/#breadcrumb\"},\"inLanguage\":\"fr-FR\",\"potentialAction\":[{\"@type\":\"ReadAction\",\"target\":[\"https:\\\/\\\/permakultur-landwirtschaft.org\\\/agraroekologie-in-der-schweiz-momentaner-stand-und-transformatives-potential-anlass-am-15-maerz-2024\\\/\"]}]},{\"@type\":\"ImageObject\",\"inLanguage\":\"fr-FR\",\"@id\":\"https:\\\/\\\/permakultur-landwirtschaft.org\\\/agraroekologie-in-der-schweiz-momentaner-stand-und-transformatives-potential-anlass-am-15-maerz-2024\\\/#primaryimage\",\"url\":\"https:\\\/\\\/permakultur-landwirtschaft.org\\\/wp-content\\\/uploads\\\/2024\\\/03\\\/20240315_stand_Agro-ecology-in-Switzerland_.jpg\",\"contentUrl\":\"https:\\\/\\\/permakultur-landwirtschaft.org\\\/wp-content\\\/uploads\\\/2024\\\/03\\\/20240315_stand_Agro-ecology-in-Switzerland_.jpg\",\"width\":701,\"height\":260,\"caption\":\"Bild: nachhaltigkeitswoche.ch\"},{\"@type\":\"BreadcrumbList\",\"@id\":\"https:\\\/\\\/permakultur-landwirtschaft.org\\\/agraroekologie-in-der-schweiz-momentaner-stand-und-transformatives-potential-anlass-am-15-maerz-2024\\\/#breadcrumb\",\"itemListElement\":[{\"@type\":\"ListItem\",\"position\":1,\"name\":\"Startseite\",\"item\":\"https:\\\/\\\/permakultur-landwirtschaft.org\\\/\"},{\"@type\":\"ListItem\",\"position\":2,\"name\":\"Agrar\u00f6kologie in der Schweiz \u2013 momentaner Stand und transformatives Potential &#8211; Anlass am 15. M\u00e4rz 2024\"}]},{\"@type\":\"WebSite\",\"@id\":\"https:\\\/\\\/permakultur-landwirtschaft.org\\\/#website\",\"url\":\"https:\\\/\\\/permakultur-landwirtschaft.org\\\/\",\"name\":\"Permakultur-Landwirtschaft\",\"description\":\"F\u00f6rderung der Permakultur in der Landwirtschaft\",\"publisher\":{\"@id\":\"https:\\\/\\\/permakultur-landwirtschaft.org\\\/#organization\"},\"potentialAction\":[{\"@type\":\"SearchAction\",\"target\":{\"@type\":\"EntryPoint\",\"urlTemplate\":\"https:\\\/\\\/permakultur-landwirtschaft.org\\\/?s={search_term_string}\"},\"query-input\":{\"@type\":\"PropertyValueSpecification\",\"valueRequired\":true,\"valueName\":\"search_term_string\"}}],\"inLanguage\":\"fr-FR\"},{\"@type\":\"Organization\",\"@id\":\"https:\\\/\\\/permakultur-landwirtschaft.org\\\/#organization\",\"name\":\"Permakultur-Landwirtschaft\",\"alternateName\":\"Verein Permakultur-Landwirtschaft\",\"url\":\"https:\\\/\\\/permakultur-landwirtschaft.org\\\/\",\"logo\":{\"@type\":\"ImageObject\",\"inLanguage\":\"fr-FR\",\"@id\":\"https:\\\/\\\/permakultur-landwirtschaft.org\\\/#\\\/schema\\\/logo\\\/image\\\/\",\"url\":\"https:\\\/\\\/permakultur-landwirtschaft.org\\\/wp-content\\\/uploads\\\/2021\\\/11\\\/pela_1268x1269.png\",\"contentUrl\":\"https:\\\/\\\/permakultur-landwirtschaft.org\\\/wp-content\\\/uploads\\\/2021\\\/11\\\/pela_1268x1269.png\",\"width\":1298,\"height\":1269,\"caption\":\"Permakultur-Landwirtschaft\"},\"image\":{\"@id\":\"https:\\\/\\\/permakultur-landwirtschaft.org\\\/#\\\/schema\\\/logo\\\/image\\\/\"},\"sameAs\":[\"https:\\\/\\\/www.facebook.com\\\/PermakulturLandwirtschaft\",\"https:\\\/\\\/www.instagram.com\\\/permakultur_landwirtschaft\\\/\",\"https:\\\/\\\/www.flickr.com\\\/photos\\\/permakultur-landwirtschaft\",\"https:\\\/\\\/www.youtube.com\\\/@PermakulturLandwirtschaft\"]},{\"@type\":\"Person\",\"@id\":\"https:\\\/\\\/permakultur-landwirtschaft.org\\\/#\\\/schema\\\/person\\\/6b0467872f75aed3e144093f9bf4f0b0\",\"name\":\"adrian reutimann\",\"url\":\"https:\\\/\\\/permakultur-landwirtschaft.org\\\/fr\\\/author\\\/reutiadr\\\/\"}]}<\/script>\n<!-- \/ Yoast SEO plugin. -->","yoast_head_json":{"title":"Agrar\u00f6kologie in der Schweiz \u2013 momentaner Stand und transformatives Potential - Anlass am 15. M\u00e4rz 2024 - Permakultur-Landwirtschaft","robots":{"index":"index","follow":"follow","max-snippet":"max-snippet:-1","max-image-preview":"max-image-preview:large","max-video-preview":"max-video-preview:-1"},"canonical":"https:\/\/permakultur-landwirtschaft.org\/fr\/agraroekologie-in-der-schweiz-momentaner-stand-und-transformatives-potential-anlass-am-15-maerz-2024\/","og_locale":"fr_FR","og_type":"article","og_title":"Agrar\u00f6kologie in der Schweiz \u2013 momentaner Stand und transformatives Potential - Anlass am 15. M\u00e4rz 2024 - Permakultur-Landwirtschaft","og_description":"Text von nachhaltigkeitswoche.ch: Die Agrar\u00f6kologie gilt als ganzheitlicher Ansatz f\u00fcr die Neugestaltung des Ern\u00e4hrungssystems. Aber Agrar\u00f6kologie in der Schweiz \u2013 wie sieht das eigentlich aus? In mehreren Kurzvortr\u00e4gen stellen wir den jetzigen Stand der Agrar\u00f6kologie in der Schweiz vor. Ausserdem erz\u00e4hlen verschiedene agrar\u00f6kologische Projekte aus der Region von ihrer Aktivit\u00e4t. Mit dabei sind die Solawi [&hellip;]","og_url":"https:\/\/permakultur-landwirtschaft.org\/fr\/agraroekologie-in-der-schweiz-momentaner-stand-und-transformatives-potential-anlass-am-15-maerz-2024\/","og_site_name":"Permakultur-Landwirtschaft","article_publisher":"https:\/\/www.facebook.com\/PermakulturLandwirtschaft","article_published_time":"2024-03-06T09:47:25+00:00","article_modified_time":"2024-03-06T09:47:26+00:00","og_image":[{"width":701,"height":260,"url":"https:\/\/permakultur-landwirtschaft.org\/wp-content\/uploads\/2024\/03\/20240315_stand_Agro-ecology-in-Switzerland_.jpg","type":"image\/jpeg"}],"author":"adrian reutimann","twitter_card":"summary_large_image","twitter_misc":{"\u00c9crit par":"adrian reutimann","Dur\u00e9e de lecture estim\u00e9e":"1 minute"},"schema":{"@context":"https:\/\/schema.org","@graph":[{"@type":"Article","@id":"https:\/\/permakultur-landwirtschaft.org\/agraroekologie-in-der-schweiz-momentaner-stand-und-transformatives-potential-anlass-am-15-maerz-2024\/#article","isPartOf":{"@id":"https:\/\/permakultur-landwirtschaft.org\/agraroekologie-in-der-schweiz-momentaner-stand-und-transformatives-potential-anlass-am-15-maerz-2024\/"},"author":{"name":"adrian reutimann","@id":"https:\/\/permakultur-landwirtschaft.org\/#\/schema\/person\/6b0467872f75aed3e144093f9bf4f0b0"},"headline":"Agrar\u00f6kologie in der Schweiz \u2013 momentaner Stand und transformatives Potential &#8211; Anlass am 15. M\u00e4rz 2024","datePublished":"2024-03-06T09:47:25+00:00","dateModified":"2024-03-06T09:47:26+00:00","mainEntityOfPage":{"@id":"https:\/\/permakultur-landwirtschaft.org\/agraroekologie-in-der-schweiz-momentaner-stand-und-transformatives-potential-anlass-am-15-maerz-2024\/"},"wordCount":154,"publisher":{"@id":"https:\/\/permakultur-landwirtschaft.org\/#organization"},"image":{"@id":"https:\/\/permakultur-landwirtschaft.org\/agraroekologie-in-der-schweiz-momentaner-stand-und-transformatives-potential-anlass-am-15-maerz-2024\/#primaryimage"},"thumbnailUrl":"https:\/\/permakultur-landwirtschaft.org\/wp-content\/uploads\/2024\/03\/20240315_stand_Agro-ecology-in-Switzerland_.jpg","keywords":["Agrar\u00f6kologie","Agroecology"],"articleSection":["Veranstaltung"],"inLanguage":"fr-FR"},{"@type":"WebPage","@id":"https:\/\/permakultur-landwirtschaft.org\/agraroekologie-in-der-schweiz-momentaner-stand-und-transformatives-potential-anlass-am-15-maerz-2024\/","url":"https:\/\/permakultur-landwirtschaft.org\/agraroekologie-in-der-schweiz-momentaner-stand-und-transformatives-potential-anlass-am-15-maerz-2024\/","name":"Agrar\u00f6kologie in der Schweiz \u2013 momentaner Stand und transformatives Potential - Anlass am 15. M\u00e4rz 2024 - Permakultur-Landwirtschaft","isPartOf":{"@id":"https:\/\/permakultur-landwirtschaft.org\/#website"},"primaryImageOfPage":{"@id":"https:\/\/permakultur-landwirtschaft.org\/agraroekologie-in-der-schweiz-momentaner-stand-und-transformatives-potential-anlass-am-15-maerz-2024\/#primaryimage"},"image":{"@id":"https:\/\/permakultur-landwirtschaft.org\/agraroekologie-in-der-schweiz-momentaner-stand-und-transformatives-potential-anlass-am-15-maerz-2024\/#primaryimage"},"thumbnailUrl":"https:\/\/permakultur-landwirtschaft.org\/wp-content\/uploads\/2024\/03\/20240315_stand_Agro-ecology-in-Switzerland_.jpg","datePublished":"2024-03-06T09:47:25+00:00","dateModified":"2024-03-06T09:47:26+00:00","breadcrumb":{"@id":"https:\/\/permakultur-landwirtschaft.org\/agraroekologie-in-der-schweiz-momentaner-stand-und-transformatives-potential-anlass-am-15-maerz-2024\/#breadcrumb"},"inLanguage":"fr-FR","potentialAction":[{"@type":"ReadAction","target":["https:\/\/permakultur-landwirtschaft.org\/agraroekologie-in-der-schweiz-momentaner-stand-und-transformatives-potential-anlass-am-15-maerz-2024\/"]}]},{"@type":"ImageObject","inLanguage":"fr-FR","@id":"https:\/\/permakultur-landwirtschaft.org\/agraroekologie-in-der-schweiz-momentaner-stand-und-transformatives-potential-anlass-am-15-maerz-2024\/#primaryimage","url":"https:\/\/permakultur-landwirtschaft.org\/wp-content\/uploads\/2024\/03\/20240315_stand_Agro-ecology-in-Switzerland_.jpg","contentUrl":"https:\/\/permakultur-landwirtschaft.org\/wp-content\/uploads\/2024\/03\/20240315_stand_Agro-ecology-in-Switzerland_.jpg","width":701,"height":260,"caption":"Bild: nachhaltigkeitswoche.ch"},{"@type":"BreadcrumbList","@id":"https:\/\/permakultur-landwirtschaft.org\/agraroekologie-in-der-schweiz-momentaner-stand-und-transformatives-potential-anlass-am-15-maerz-2024\/#breadcrumb","itemListElement":[{"@type":"ListItem","position":1,"name":"Startseite","item":"https:\/\/permakultur-landwirtschaft.org\/"},{"@type":"ListItem","position":2,"name":"Agrar\u00f6kologie in der Schweiz \u2013 momentaner Stand und transformatives Potential &#8211; Anlass am 15. M\u00e4rz 2024"}]},{"@type":"WebSite","@id":"https:\/\/permakultur-landwirtschaft.org\/#website","url":"https:\/\/permakultur-landwirtschaft.org\/","name":"Permakultur-Landwirtschaft","description":"F\u00f6rderung der Permakultur in der Landwirtschaft","publisher":{"@id":"https:\/\/permakultur-landwirtschaft.org\/#organization"},"potentialAction":[{"@type":"SearchAction","target":{"@type":"EntryPoint","urlTemplate":"https:\/\/permakultur-landwirtschaft.org\/?s={search_term_string}"},"query-input":{"@type":"PropertyValueSpecification","valueRequired":true,"valueName":"search_term_string"}}],"inLanguage":"fr-FR"},{"@type":"Organization","@id":"https:\/\/permakultur-landwirtschaft.org\/#organization","name":"Permakultur-Landwirtschaft","alternateName":"Verein Permakultur-Landwirtschaft","url":"https:\/\/permakultur-landwirtschaft.org\/","logo":{"@type":"ImageObject","inLanguage":"fr-FR","@id":"https:\/\/permakultur-landwirtschaft.org\/#\/schema\/logo\/image\/","url":"https:\/\/permakultur-landwirtschaft.org\/wp-content\/uploads\/2021\/11\/pela_1268x1269.png","contentUrl":"https:\/\/permakultur-landwirtschaft.org\/wp-content\/uploads\/2021\/11\/pela_1268x1269.png","width":1298,"height":1269,"caption":"Permakultur-Landwirtschaft"},"image":{"@id":"https:\/\/permakultur-landwirtschaft.org\/#\/schema\/logo\/image\/"},"sameAs":["https:\/\/www.facebook.com\/PermakulturLandwirtschaft","https:\/\/www.instagram.com\/permakultur_landwirtschaft\/","https:\/\/www.flickr.com\/photos\/permakultur-landwirtschaft","https:\/\/www.youtube.com\/@PermakulturLandwirtschaft"]},{"@type":"Person","@id":"https:\/\/permakultur-landwirtschaft.org\/#\/schema\/person\/6b0467872f75aed3e144093f9bf4f0b0","name":"adrian reutimann","url":"https:\/\/permakultur-landwirtschaft.org\/fr\/author\/reutiadr\/"}]}},"_links":{"self":[{"href":"https:\/\/permakultur-landwirtschaft.org\/fr\/wp-json\/wp\/v2\/posts\/33870","targetHints":{"allow":["GET"]}}],"collection":[{"href":"https:\/\/permakultur-landwirtschaft.org\/fr\/wp-json\/wp\/v2\/posts"}],"about":[{"href":"https:\/\/permakultur-landwirtschaft.org\/fr\/wp-json\/wp\/v2\/types\/post"}],"author":[{"embeddable":true,"href":"https:\/\/permakultur-landwirtschaft.org\/fr\/wp-json\/wp\/v2\/users\/2"}],"replies":[{"embeddable":true,"href":"https:\/\/permakultur-landwirtschaft.org\/fr\/wp-json\/wp\/v2\/comments?post=33870"}],"version-history":[{"count":1,"href":"https:\/\/permakultur-landwirtschaft.org\/fr\/wp-json\/wp\/v2\/posts\/33870\/revisions"}],"predecessor-version":[{"id":33872,"href":"https:\/\/permakultur-landwirtschaft.org\/fr\/wp-json\/wp\/v2\/posts\/33870\/revisions\/33872"}],"wp:featuredmedia":[{"embeddable":true,"href":"https:\/\/permakultur-landwirtschaft.org\/fr\/wp-json\/wp\/v2\/media\/33871"}],"wp:attachment":[{"href":"https:\/\/permakultur-landwirtschaft.org\/fr\/wp-json\/wp\/v2\/media?parent=33870"}],"wp:term":[{"taxonomy":"category","embeddable":true,"href":"https:\/\/permakultur-landwirtschaft.org\/fr\/wp-json\/wp\/v2\/categories?post=33870"},{"taxonomy":"post_tag","embeddable":true,"href":"https:\/\/permakultur-landwirtschaft.org\/fr\/wp-json\/wp\/v2\/tags?post=33870"}],"curies":[{"name":"wp","href":"https:\/\/api.w.org\/{rel}","templated":true}]}}