{"id":33784,"date":"2024-02-27T11:29:05","date_gmt":"2024-02-27T10:29:05","guid":{"rendered":"https:\/\/permakultur-landwirtschaft.org\/?p=33784"},"modified":"2024-08-29T09:35:16","modified_gmt":"2024-08-29T07:35:16","slug":"kurs-fuer-landwirtschaft-mit-zukunft-bodenkurs-regenerative-landwirtschaft","status":"publish","type":"post","link":"https:\/\/permakultur-landwirtschaft.org\/fr\/kurs-fuer-landwirtschaft-mit-zukunft-bodenkurs-regenerative-landwirtschaft\/","title":{"rendered":"Kurs f\u00fcr Landwirtschaft mit Zukunft &#8211; Bodenkurs regenerative Landwirtschaft &#8211; 13. M\u00e4rz bis 31. Oktober 2024"},"content":{"rendered":"<p>Text von juckerfarm.ch:<\/p>\n\n\n\n<p>Dieses Angebot wendet sich an alle, die sich f\u00fcr eine zukunftsf\u00e4hige Form der Landwirtschaft interessieren.<\/p>\n\n\n\n<p>Seit einigen Jahren besch\u00e4ftigen wir uns mit der regenerativen Landwirtschaft. Und je l\u00e4nger wir das tun, desto \u00fcberzeugter sind wir, den richtigen Weg eingeschlagen zu haben. Und dass dies die Landwirtschaft der Zukunft sein wird, denn die regenerative Landwirtschaft ist die einzige Form, welche Ursachen und Folgen des Klimawandels gleichzeitig bearbeitet. Deshalb m\u00f6chten wir euch daran teilhaben lassen. Nach einer erfolgreichen ersten Durchf\u00fchrung im 2023 m\u00f6chten wir den Kurs ein weiteres Mal in Angriff nehmen.<\/p>\n\n\n\n<p>Nutze die Gelegenheit, um von ausgewiesenen Praktikern aus ganz Europa (inkl. Dietmar N\u00e4ser!) zu lernen. Sie teilen ihr Wissen um die regenerative Landwirtschaft und zeigen dir, wie sich diese in der Praxis umsetzen l\u00e4sst.<br>Was lernst du in dem Kurs?<\/p>\n\n\n\n<ul class=\"wp-block-list\">\n<li>Einf\u00fchrung in die regenerative Landwirtschaft<\/li>\n\n\n\n<li>Grundlagen Bodenaufbau, Bodendreieck sowie Bodenansprache und Verdichtungen<\/li>\n\n\n\n<li>F\u00e4ulnis verhindern<\/li>\n\n\n\n<li>Pflanzengesundheit<\/li>\n\n\n\n<li>Bodenchemie, -biologie und -physik<\/li>\n\n\n\n<li>Gr\u00fcnd\u00fcngungen<\/li>\n\n\n\n<li>Tiefenlockern und Vitalisieren<\/li>\n\n\n\n<li>Fl\u00e4chenrotte<\/li>\n\n\n\n<li>Fermente, Komposttee, Terra Preta und Bokashi<\/li>\n\n\n\n<li>und vieles mehr\u2026<\/li>\n<\/ul>\n\n\n\n<p><a href=\"https:\/\/www.juckerfarm.ch\/ueber-uns\/unsere-produktion\/kurs-landwirtschaft-mit-zukunft\/\" target=\"_blank\" rel=\"noreferrer noopener\">Link zu mehr Infos<\/a><\/p>","protected":false},"excerpt":{"rendered":"<p>Text von juckerfarm.ch: Dieses Angebot wendet sich an alle, die sich f\u00fcr eine zukunftsf\u00e4hige Form der Landwirtschaft interessieren. Seit einigen Jahren besch\u00e4ftigen wir uns mit der regenerativen Landwirtschaft. Und je l\u00e4nger wir das tun, desto \u00fcberzeugter sind wir, den richtigen Weg eingeschlagen zu haben. Und dass dies die Landwirtschaft der Zukunft sein wird, denn die [&hellip;]<\/p>\n","protected":false},"author":2,"featured_media":33785,"comment_status":"closed","ping_status":"closed","sticky":false,"template":"","format":"standard","meta":{"_acf_changed":false,"site-sidebar-layout":"default","site-content-layout":"","ast-site-content-layout":"default","site-content-style":"default","site-sidebar-style":"default","ast-global-header-display":"","ast-banner-title-visibility":"","ast-main-header-display":"","ast-hfb-above-header-display":"","ast-hfb-below-header-display":"","ast-hfb-mobile-header-display":"","site-post-title":"","ast-breadcrumbs-content":"","ast-featured-img":"","footer-sml-layout":"","ast-disable-related-posts":"","theme-transparent-header-meta":"","adv-header-id-meta":"","stick-header-meta":"","header-above-stick-meta":"","header-main-stick-meta":"","header-below-stick-meta":"","astra-migrate-meta-layouts":"set","ast-page-background-enabled":"default","ast-page-background-meta":{"desktop":{"background-color":"var(--ast-global-color-4)","background-image":"","background-repeat":"repeat","background-position":"center center","background-size":"auto","background-attachment":"scroll","background-type":"","background-media":"","overlay-type":"","overlay-color":"","overlay-opacity":"","overlay-gradient":""},"tablet":{"background-color":"","background-image":"","background-repeat":"repeat","background-position":"center center","background-size":"auto","background-attachment":"scroll","background-type":"","background-media":"","overlay-type":"","overlay-color":"","overlay-opacity":"","overlay-gradient":""},"mobile":{"background-color":"","background-image":"","background-repeat":"repeat","background-position":"center center","background-size":"auto","background-attachment":"scroll","background-type":"","background-media":"","overlay-type":"","overlay-color":"","overlay-opacity":"","overlay-gradient":""}},"ast-content-background-meta":{"desktop":{"background-color":"var(--ast-global-color-5)","background-image":"","background-repeat":"repeat","background-position":"center center","background-size":"auto","background-attachment":"scroll","background-type":"","background-media":"","overlay-type":"","overlay-color":"","overlay-opacity":"","overlay-gradient":""},"tablet":{"background-color":"var(--ast-global-color-5)","background-image":"","background-repeat":"repeat","background-position":"center center","background-size":"auto","background-attachment":"scroll","background-type":"","background-media":"","overlay-type":"","overlay-color":"","overlay-opacity":"","overlay-gradient":""},"mobile":{"background-color":"var(--ast-global-color-5)","background-image":"","background-repeat":"repeat","background-position":"center center","background-size":"auto","background-attachment":"scroll","background-type":"","background-media":"","overlay-type":"","overlay-color":"","overlay-opacity":"","overlay-gradient":""}},"footnotes":""},"categories":[14],"tags":[239,36,88],"class_list":["post-33784","post","type-post","status-publish","format-standard","has-post-thumbnail","hentry","category-veranstaltung","tag-juckerfarm","tag-kurs","tag-regenerativ"],"acf":[],"yoast_head":"<!-- This site is optimized with the Yoast SEO plugin v27.5 - https:\/\/yoast.com\/product\/yoast-seo-wordpress\/ -->\n<title>Kurs f\u00fcr Landwirtschaft mit Zukunft - Bodenkurs regenerative Landwirtschaft - 13. M\u00e4rz bis 31. Oktober 2024 - Permakultur-Landwirtschaft<\/title>\n<meta name=\"description\" content=\"Landwirtschaftlicher Kurs f\u00fcr alle, die sich f\u00fcr eine zukunftsf\u00e4hige Form der Landwirtschaft interessieren.\" \/>\n<meta name=\"robots\" content=\"index, follow, max-snippet:-1, max-image-preview:large, max-video-preview:-1\" \/>\n<link rel=\"canonical\" href=\"https:\/\/permakultur-landwirtschaft.org\/fr\/kurs-fuer-landwirtschaft-mit-zukunft-bodenkurs-regenerative-landwirtschaft\/\" \/>\n<meta property=\"og:locale\" content=\"fr_FR\" \/>\n<meta property=\"og:type\" content=\"article\" \/>\n<meta property=\"og:title\" content=\"Kurs f\u00fcr Landwirtschaft mit Zukunft - Bodenkurs regenerative Landwirtschaft - 13. M\u00e4rz bis 31. Oktober 2024 - Permakultur-Landwirtschaft\" \/>\n<meta property=\"og:description\" content=\"Landwirtschaftlicher Kurs f\u00fcr alle, die sich f\u00fcr eine zukunftsf\u00e4hige Form der Landwirtschaft interessieren.\" \/>\n<meta property=\"og:url\" content=\"https:\/\/permakultur-landwirtschaft.org\/fr\/kurs-fuer-landwirtschaft-mit-zukunft-bodenkurs-regenerative-landwirtschaft\/\" \/>\n<meta property=\"og:site_name\" content=\"Permakultur-Landwirtschaft\" \/>\n<meta property=\"article:publisher\" content=\"https:\/\/www.facebook.com\/PermakulturLandwirtschaft\" \/>\n<meta property=\"article:published_time\" content=\"2024-02-27T10:29:05+00:00\" \/>\n<meta property=\"article:modified_time\" content=\"2024-08-29T07:35:16+00:00\" \/>\n<meta property=\"og:image\" content=\"https:\/\/permakultur-landwirtschaft.org\/wp-content\/uploads\/2024\/02\/2024_regenerativ_juckerfarm_2024-02-27_11-21-53.jpg\" \/>\n\t<meta property=\"og:image:width\" content=\"700\" \/>\n\t<meta property=\"og:image:height\" content=\"275\" \/>\n\t<meta property=\"og:image:type\" content=\"image\/jpeg\" \/>\n<meta name=\"author\" content=\"adrian reutimann\" \/>\n<meta name=\"twitter:card\" content=\"summary_large_image\" \/>\n<meta name=\"twitter:label1\" content=\"\u00c9crit par\" \/>\n\t<meta name=\"twitter:data1\" content=\"adrian reutimann\" \/>\n\t<meta name=\"twitter:label2\" content=\"Dur\u00e9e de lecture estim\u00e9e\" \/>\n\t<meta name=\"twitter:data2\" content=\"2 minutes\" \/>\n<script type=\"application\/ld+json\" class=\"yoast-schema-graph\">{\"@context\":\"https:\\\/\\\/schema.org\",\"@graph\":[{\"@type\":\"Article\",\"@id\":\"https:\\\/\\\/permakultur-landwirtschaft.org\\\/kurs-fuer-landwirtschaft-mit-zukunft-bodenkurs-regenerative-landwirtschaft\\\/#article\",\"isPartOf\":{\"@id\":\"https:\\\/\\\/permakultur-landwirtschaft.org\\\/kurs-fuer-landwirtschaft-mit-zukunft-bodenkurs-regenerative-landwirtschaft\\\/\"},\"author\":{\"name\":\"adrian reutimann\",\"@id\":\"https:\\\/\\\/permakultur-landwirtschaft.org\\\/#\\\/schema\\\/person\\\/6b0467872f75aed3e144093f9bf4f0b0\"},\"headline\":\"Kurs f\u00fcr Landwirtschaft mit Zukunft &#8211; Bodenkurs regenerative Landwirtschaft &#8211; 13. M\u00e4rz bis 31. Oktober 2024\",\"datePublished\":\"2024-02-27T10:29:05+00:00\",\"dateModified\":\"2024-08-29T07:35:16+00:00\",\"mainEntityOfPage\":{\"@id\":\"https:\\\/\\\/permakultur-landwirtschaft.org\\\/kurs-fuer-landwirtschaft-mit-zukunft-bodenkurs-regenerative-landwirtschaft\\\/\"},\"wordCount\":199,\"publisher\":{\"@id\":\"https:\\\/\\\/permakultur-landwirtschaft.org\\\/#organization\"},\"image\":{\"@id\":\"https:\\\/\\\/permakultur-landwirtschaft.org\\\/kurs-fuer-landwirtschaft-mit-zukunft-bodenkurs-regenerative-landwirtschaft\\\/#primaryimage\"},\"thumbnailUrl\":\"https:\\\/\\\/permakultur-landwirtschaft.org\\\/wp-content\\\/uploads\\\/2024\\\/02\\\/2024_regenerativ_juckerfarm_2024-02-27_11-21-53.jpg\",\"keywords\":[\"Juckerfarm\",\"Kurs\",\"Regenerativ\"],\"articleSection\":[\"Veranstaltung\"],\"inLanguage\":\"fr-FR\"},{\"@type\":\"WebPage\",\"@id\":\"https:\\\/\\\/permakultur-landwirtschaft.org\\\/kurs-fuer-landwirtschaft-mit-zukunft-bodenkurs-regenerative-landwirtschaft\\\/\",\"url\":\"https:\\\/\\\/permakultur-landwirtschaft.org\\\/kurs-fuer-landwirtschaft-mit-zukunft-bodenkurs-regenerative-landwirtschaft\\\/\",\"name\":\"Kurs f\u00fcr Landwirtschaft mit Zukunft - Bodenkurs regenerative Landwirtschaft - 13. M\u00e4rz bis 31. Oktober 2024 - Permakultur-Landwirtschaft\",\"isPartOf\":{\"@id\":\"https:\\\/\\\/permakultur-landwirtschaft.org\\\/#website\"},\"primaryImageOfPage\":{\"@id\":\"https:\\\/\\\/permakultur-landwirtschaft.org\\\/kurs-fuer-landwirtschaft-mit-zukunft-bodenkurs-regenerative-landwirtschaft\\\/#primaryimage\"},\"image\":{\"@id\":\"https:\\\/\\\/permakultur-landwirtschaft.org\\\/kurs-fuer-landwirtschaft-mit-zukunft-bodenkurs-regenerative-landwirtschaft\\\/#primaryimage\"},\"thumbnailUrl\":\"https:\\\/\\\/permakultur-landwirtschaft.org\\\/wp-content\\\/uploads\\\/2024\\\/02\\\/2024_regenerativ_juckerfarm_2024-02-27_11-21-53.jpg\",\"datePublished\":\"2024-02-27T10:29:05+00:00\",\"dateModified\":\"2024-08-29T07:35:16+00:00\",\"description\":\"Landwirtschaftlicher Kurs f\u00fcr alle, die sich f\u00fcr eine zukunftsf\u00e4hige Form der Landwirtschaft interessieren.\",\"breadcrumb\":{\"@id\":\"https:\\\/\\\/permakultur-landwirtschaft.org\\\/kurs-fuer-landwirtschaft-mit-zukunft-bodenkurs-regenerative-landwirtschaft\\\/#breadcrumb\"},\"inLanguage\":\"fr-FR\",\"potentialAction\":[{\"@type\":\"ReadAction\",\"target\":[\"https:\\\/\\\/permakultur-landwirtschaft.org\\\/kurs-fuer-landwirtschaft-mit-zukunft-bodenkurs-regenerative-landwirtschaft\\\/\"]}]},{\"@type\":\"ImageObject\",\"inLanguage\":\"fr-FR\",\"@id\":\"https:\\\/\\\/permakultur-landwirtschaft.org\\\/kurs-fuer-landwirtschaft-mit-zukunft-bodenkurs-regenerative-landwirtschaft\\\/#primaryimage\",\"url\":\"https:\\\/\\\/permakultur-landwirtschaft.org\\\/wp-content\\\/uploads\\\/2024\\\/02\\\/2024_regenerativ_juckerfarm_2024-02-27_11-21-53.jpg\",\"contentUrl\":\"https:\\\/\\\/permakultur-landwirtschaft.org\\\/wp-content\\\/uploads\\\/2024\\\/02\\\/2024_regenerativ_juckerfarm_2024-02-27_11-21-53.jpg\",\"width\":700,\"height\":275,\"caption\":\"Bild: juckerfarm.ch\"},{\"@type\":\"BreadcrumbList\",\"@id\":\"https:\\\/\\\/permakultur-landwirtschaft.org\\\/kurs-fuer-landwirtschaft-mit-zukunft-bodenkurs-regenerative-landwirtschaft\\\/#breadcrumb\",\"itemListElement\":[{\"@type\":\"ListItem\",\"position\":1,\"name\":\"Startseite\",\"item\":\"https:\\\/\\\/permakultur-landwirtschaft.org\\\/\"},{\"@type\":\"ListItem\",\"position\":2,\"name\":\"Kurs f\u00fcr Landwirtschaft mit Zukunft &#8211; Bodenkurs regenerative Landwirtschaft &#8211; 13. M\u00e4rz bis 31. Oktober 2024\"}]},{\"@type\":\"WebSite\",\"@id\":\"https:\\\/\\\/permakultur-landwirtschaft.org\\\/#website\",\"url\":\"https:\\\/\\\/permakultur-landwirtschaft.org\\\/\",\"name\":\"Permakultur-Landwirtschaft\",\"description\":\"F\u00f6rderung der Permakultur in der Landwirtschaft\",\"publisher\":{\"@id\":\"https:\\\/\\\/permakultur-landwirtschaft.org\\\/#organization\"},\"potentialAction\":[{\"@type\":\"SearchAction\",\"target\":{\"@type\":\"EntryPoint\",\"urlTemplate\":\"https:\\\/\\\/permakultur-landwirtschaft.org\\\/?s={search_term_string}\"},\"query-input\":{\"@type\":\"PropertyValueSpecification\",\"valueRequired\":true,\"valueName\":\"search_term_string\"}}],\"inLanguage\":\"fr-FR\"},{\"@type\":\"Organization\",\"@id\":\"https:\\\/\\\/permakultur-landwirtschaft.org\\\/#organization\",\"name\":\"Permakultur-Landwirtschaft\",\"alternateName\":\"Verein Permakultur-Landwirtschaft\",\"url\":\"https:\\\/\\\/permakultur-landwirtschaft.org\\\/\",\"logo\":{\"@type\":\"ImageObject\",\"inLanguage\":\"fr-FR\",\"@id\":\"https:\\\/\\\/permakultur-landwirtschaft.org\\\/#\\\/schema\\\/logo\\\/image\\\/\",\"url\":\"https:\\\/\\\/permakultur-landwirtschaft.org\\\/wp-content\\\/uploads\\\/2021\\\/11\\\/pela_1268x1269.png\",\"contentUrl\":\"https:\\\/\\\/permakultur-landwirtschaft.org\\\/wp-content\\\/uploads\\\/2021\\\/11\\\/pela_1268x1269.png\",\"width\":1298,\"height\":1269,\"caption\":\"Permakultur-Landwirtschaft\"},\"image\":{\"@id\":\"https:\\\/\\\/permakultur-landwirtschaft.org\\\/#\\\/schema\\\/logo\\\/image\\\/\"},\"sameAs\":[\"https:\\\/\\\/www.facebook.com\\\/PermakulturLandwirtschaft\",\"https:\\\/\\\/www.instagram.com\\\/permakultur_landwirtschaft\\\/\",\"https:\\\/\\\/www.flickr.com\\\/photos\\\/permakultur-landwirtschaft\",\"https:\\\/\\\/www.youtube.com\\\/@PermakulturLandwirtschaft\"]},{\"@type\":\"Person\",\"@id\":\"https:\\\/\\\/permakultur-landwirtschaft.org\\\/#\\\/schema\\\/person\\\/6b0467872f75aed3e144093f9bf4f0b0\",\"name\":\"adrian reutimann\",\"url\":\"https:\\\/\\\/permakultur-landwirtschaft.org\\\/fr\\\/author\\\/reutiadr\\\/\"}]}<\/script>\n<!-- \/ Yoast SEO plugin. -->","yoast_head_json":{"title":"Kurs f\u00fcr Landwirtschaft mit Zukunft - Bodenkurs regenerative Landwirtschaft - 13. M\u00e4rz bis 31. Oktober 2024 - Permakultur-Landwirtschaft","description":"Landwirtschaftlicher Kurs f\u00fcr alle, die sich f\u00fcr eine zukunftsf\u00e4hige Form der Landwirtschaft interessieren.","robots":{"index":"index","follow":"follow","max-snippet":"max-snippet:-1","max-image-preview":"max-image-preview:large","max-video-preview":"max-video-preview:-1"},"canonical":"https:\/\/permakultur-landwirtschaft.org\/fr\/kurs-fuer-landwirtschaft-mit-zukunft-bodenkurs-regenerative-landwirtschaft\/","og_locale":"fr_FR","og_type":"article","og_title":"Kurs f\u00fcr Landwirtschaft mit Zukunft - Bodenkurs regenerative Landwirtschaft - 13. M\u00e4rz bis 31. Oktober 2024 - Permakultur-Landwirtschaft","og_description":"Landwirtschaftlicher Kurs f\u00fcr alle, die sich f\u00fcr eine zukunftsf\u00e4hige Form der Landwirtschaft interessieren.","og_url":"https:\/\/permakultur-landwirtschaft.org\/fr\/kurs-fuer-landwirtschaft-mit-zukunft-bodenkurs-regenerative-landwirtschaft\/","og_site_name":"Permakultur-Landwirtschaft","article_publisher":"https:\/\/www.facebook.com\/PermakulturLandwirtschaft","article_published_time":"2024-02-27T10:29:05+00:00","article_modified_time":"2024-08-29T07:35:16+00:00","og_image":[{"width":700,"height":275,"url":"https:\/\/permakultur-landwirtschaft.org\/wp-content\/uploads\/2024\/02\/2024_regenerativ_juckerfarm_2024-02-27_11-21-53.jpg","type":"image\/jpeg"}],"author":"adrian reutimann","twitter_card":"summary_large_image","twitter_misc":{"\u00c9crit par":"adrian reutimann","Dur\u00e9e de lecture estim\u00e9e":"2 minutes"},"schema":{"@context":"https:\/\/schema.org","@graph":[{"@type":"Article","@id":"https:\/\/permakultur-landwirtschaft.org\/kurs-fuer-landwirtschaft-mit-zukunft-bodenkurs-regenerative-landwirtschaft\/#article","isPartOf":{"@id":"https:\/\/permakultur-landwirtschaft.org\/kurs-fuer-landwirtschaft-mit-zukunft-bodenkurs-regenerative-landwirtschaft\/"},"author":{"name":"adrian reutimann","@id":"https:\/\/permakultur-landwirtschaft.org\/#\/schema\/person\/6b0467872f75aed3e144093f9bf4f0b0"},"headline":"Kurs f\u00fcr Landwirtschaft mit Zukunft &#8211; Bodenkurs regenerative Landwirtschaft &#8211; 13. M\u00e4rz bis 31. Oktober 2024","datePublished":"2024-02-27T10:29:05+00:00","dateModified":"2024-08-29T07:35:16+00:00","mainEntityOfPage":{"@id":"https:\/\/permakultur-landwirtschaft.org\/kurs-fuer-landwirtschaft-mit-zukunft-bodenkurs-regenerative-landwirtschaft\/"},"wordCount":199,"publisher":{"@id":"https:\/\/permakultur-landwirtschaft.org\/#organization"},"image":{"@id":"https:\/\/permakultur-landwirtschaft.org\/kurs-fuer-landwirtschaft-mit-zukunft-bodenkurs-regenerative-landwirtschaft\/#primaryimage"},"thumbnailUrl":"https:\/\/permakultur-landwirtschaft.org\/wp-content\/uploads\/2024\/02\/2024_regenerativ_juckerfarm_2024-02-27_11-21-53.jpg","keywords":["Juckerfarm","Kurs","Regenerativ"],"articleSection":["Veranstaltung"],"inLanguage":"fr-FR"},{"@type":"WebPage","@id":"https:\/\/permakultur-landwirtschaft.org\/kurs-fuer-landwirtschaft-mit-zukunft-bodenkurs-regenerative-landwirtschaft\/","url":"https:\/\/permakultur-landwirtschaft.org\/kurs-fuer-landwirtschaft-mit-zukunft-bodenkurs-regenerative-landwirtschaft\/","name":"Kurs f\u00fcr Landwirtschaft mit Zukunft - Bodenkurs regenerative Landwirtschaft - 13. M\u00e4rz bis 31. Oktober 2024 - Permakultur-Landwirtschaft","isPartOf":{"@id":"https:\/\/permakultur-landwirtschaft.org\/#website"},"primaryImageOfPage":{"@id":"https:\/\/permakultur-landwirtschaft.org\/kurs-fuer-landwirtschaft-mit-zukunft-bodenkurs-regenerative-landwirtschaft\/#primaryimage"},"image":{"@id":"https:\/\/permakultur-landwirtschaft.org\/kurs-fuer-landwirtschaft-mit-zukunft-bodenkurs-regenerative-landwirtschaft\/#primaryimage"},"thumbnailUrl":"https:\/\/permakultur-landwirtschaft.org\/wp-content\/uploads\/2024\/02\/2024_regenerativ_juckerfarm_2024-02-27_11-21-53.jpg","datePublished":"2024-02-27T10:29:05+00:00","dateModified":"2024-08-29T07:35:16+00:00","description":"Landwirtschaftlicher Kurs f\u00fcr alle, die sich f\u00fcr eine zukunftsf\u00e4hige Form der Landwirtschaft interessieren.","breadcrumb":{"@id":"https:\/\/permakultur-landwirtschaft.org\/kurs-fuer-landwirtschaft-mit-zukunft-bodenkurs-regenerative-landwirtschaft\/#breadcrumb"},"inLanguage":"fr-FR","potentialAction":[{"@type":"ReadAction","target":["https:\/\/permakultur-landwirtschaft.org\/kurs-fuer-landwirtschaft-mit-zukunft-bodenkurs-regenerative-landwirtschaft\/"]}]},{"@type":"ImageObject","inLanguage":"fr-FR","@id":"https:\/\/permakultur-landwirtschaft.org\/kurs-fuer-landwirtschaft-mit-zukunft-bodenkurs-regenerative-landwirtschaft\/#primaryimage","url":"https:\/\/permakultur-landwirtschaft.org\/wp-content\/uploads\/2024\/02\/2024_regenerativ_juckerfarm_2024-02-27_11-21-53.jpg","contentUrl":"https:\/\/permakultur-landwirtschaft.org\/wp-content\/uploads\/2024\/02\/2024_regenerativ_juckerfarm_2024-02-27_11-21-53.jpg","width":700,"height":275,"caption":"Bild: juckerfarm.ch"},{"@type":"BreadcrumbList","@id":"https:\/\/permakultur-landwirtschaft.org\/kurs-fuer-landwirtschaft-mit-zukunft-bodenkurs-regenerative-landwirtschaft\/#breadcrumb","itemListElement":[{"@type":"ListItem","position":1,"name":"Startseite","item":"https:\/\/permakultur-landwirtschaft.org\/"},{"@type":"ListItem","position":2,"name":"Kurs f\u00fcr Landwirtschaft mit Zukunft &#8211; Bodenkurs regenerative Landwirtschaft &#8211; 13. M\u00e4rz bis 31. Oktober 2024"}]},{"@type":"WebSite","@id":"https:\/\/permakultur-landwirtschaft.org\/#website","url":"https:\/\/permakultur-landwirtschaft.org\/","name":"Permakultur-Landwirtschaft","description":"F\u00f6rderung der Permakultur in der Landwirtschaft","publisher":{"@id":"https:\/\/permakultur-landwirtschaft.org\/#organization"},"potentialAction":[{"@type":"SearchAction","target":{"@type":"EntryPoint","urlTemplate":"https:\/\/permakultur-landwirtschaft.org\/?s={search_term_string}"},"query-input":{"@type":"PropertyValueSpecification","valueRequired":true,"valueName":"search_term_string"}}],"inLanguage":"fr-FR"},{"@type":"Organization","@id":"https:\/\/permakultur-landwirtschaft.org\/#organization","name":"Permakultur-Landwirtschaft","alternateName":"Verein Permakultur-Landwirtschaft","url":"https:\/\/permakultur-landwirtschaft.org\/","logo":{"@type":"ImageObject","inLanguage":"fr-FR","@id":"https:\/\/permakultur-landwirtschaft.org\/#\/schema\/logo\/image\/","url":"https:\/\/permakultur-landwirtschaft.org\/wp-content\/uploads\/2021\/11\/pela_1268x1269.png","contentUrl":"https:\/\/permakultur-landwirtschaft.org\/wp-content\/uploads\/2021\/11\/pela_1268x1269.png","width":1298,"height":1269,"caption":"Permakultur-Landwirtschaft"},"image":{"@id":"https:\/\/permakultur-landwirtschaft.org\/#\/schema\/logo\/image\/"},"sameAs":["https:\/\/www.facebook.com\/PermakulturLandwirtschaft","https:\/\/www.instagram.com\/permakultur_landwirtschaft\/","https:\/\/www.flickr.com\/photos\/permakultur-landwirtschaft","https:\/\/www.youtube.com\/@PermakulturLandwirtschaft"]},{"@type":"Person","@id":"https:\/\/permakultur-landwirtschaft.org\/#\/schema\/person\/6b0467872f75aed3e144093f9bf4f0b0","name":"adrian reutimann","url":"https:\/\/permakultur-landwirtschaft.org\/fr\/author\/reutiadr\/"}]}},"_links":{"self":[{"href":"https:\/\/permakultur-landwirtschaft.org\/fr\/wp-json\/wp\/v2\/posts\/33784","targetHints":{"allow":["GET"]}}],"collection":[{"href":"https:\/\/permakultur-landwirtschaft.org\/fr\/wp-json\/wp\/v2\/posts"}],"about":[{"href":"https:\/\/permakultur-landwirtschaft.org\/fr\/wp-json\/wp\/v2\/types\/post"}],"author":[{"embeddable":true,"href":"https:\/\/permakultur-landwirtschaft.org\/fr\/wp-json\/wp\/v2\/users\/2"}],"replies":[{"embeddable":true,"href":"https:\/\/permakultur-landwirtschaft.org\/fr\/wp-json\/wp\/v2\/comments?post=33784"}],"version-history":[{"count":4,"href":"https:\/\/permakultur-landwirtschaft.org\/fr\/wp-json\/wp\/v2\/posts\/33784\/revisions"}],"predecessor-version":[{"id":35165,"href":"https:\/\/permakultur-landwirtschaft.org\/fr\/wp-json\/wp\/v2\/posts\/33784\/revisions\/35165"}],"wp:featuredmedia":[{"embeddable":true,"href":"https:\/\/permakultur-landwirtschaft.org\/fr\/wp-json\/wp\/v2\/media\/33785"}],"wp:attachment":[{"href":"https:\/\/permakultur-landwirtschaft.org\/fr\/wp-json\/wp\/v2\/media?parent=33784"}],"wp:term":[{"taxonomy":"category","embeddable":true,"href":"https:\/\/permakultur-landwirtschaft.org\/fr\/wp-json\/wp\/v2\/categories?post=33784"},{"taxonomy":"post_tag","embeddable":true,"href":"https:\/\/permakultur-landwirtschaft.org\/fr\/wp-json\/wp\/v2\/tags?post=33784"}],"curies":[{"name":"wp","href":"https:\/\/api.w.org\/{rel}","templated":true}]}}