{"id":33749,"date":"2024-02-02T17:50:00","date_gmt":"2024-02-02T16:50:00","guid":{"rendered":"https:\/\/permakultur-landwirtschaft.org\/?p=33749"},"modified":"2024-02-21T17:53:43","modified_gmt":"2024-02-21T16:53:43","slug":"einfuehrung-in-die-agroforstwirtschaft-artikel-vom-02-februar-2024","status":"publish","type":"post","link":"https:\/\/permakultur-landwirtschaft.org\/fr\/einfuehrung-in-die-agroforstwirtschaft-artikel-vom-02-februar-2024\/","title":{"rendered":"Einf\u00fchrung in die Agroforstwirtschaft &#8211; Artikel vom 02. Februar 2024"},"content":{"rendered":"<p>Text von soilify.org:<\/p>\n\n\n\n<p>Die Agroforstwirtschaft ist keine neuartige Erfindung, es gab sie schon immer, z.B. in Form von Streuobstwiesen \u2013 in dem Fall stehen B\u00e4ume auf einer Wiese, die als Gr\u00fcnland genutzt wird. Die gr\u00fcne Revolution hat es in den 50er und 60er Jahren mit Flurbereinigung, Traktor und Kunstd\u00fcnger geschafft diese althergebrachte und sehr sinnvolle Landnutzung fast auszumerzen.<\/p>\n\n\n\n<p><strong>Agroforstwirtschaft \u2013 die eierlegende Wollmilchsau f\u00fcr Landwirtschaft und Gesellschaft<\/strong><\/p>\n\n\n\n<p>Agro = Landwirtschaft, Forst = Waldwirtschaft; die Verbindung aus beiden nennt sich AGROFORST.<\/p>\n\n\n\n<p>Die Agroforstwirtschaft ist keine neuartige Erfindung, es gab sie schon immer, z.B. in Form von Streuobstwiesen \u2013 in dem Fall stehen B\u00e4ume auf einer Wiese, die als Gr\u00fcnland genutzt wird. Die gr\u00fcne Revolution hat es in den 50er und 60er Jahren mit Flurbereinigung, Traktor und Kunstd\u00fcnger geschafft diese althergebrachte und sehr sinnvolle Landnutzung fast auszumerzen. Nun m\u00fcssen wir uns wieder m\u00fchsam das umfassende Wissen aneignen, wie die Agroforstwirtschaft anzuwenden ist.<\/p>\n\n\n\n<p><a href=\"https:\/\/soilify.org\/magazin\/einfuehrung-in-die-agroforstwirtschaft\" target=\"_blank\" rel=\"noreferrer noopener\">Link zum Artikel<\/a><\/p>","protected":false},"excerpt":{"rendered":"<p>Text von soilify.org: Die Agroforstwirtschaft ist keine neuartige Erfindung, es gab sie schon immer, z.B. in Form von Streuobstwiesen \u2013 in dem Fall stehen B\u00e4ume auf einer Wiese, die als Gr\u00fcnland genutzt wird. Die gr\u00fcne Revolution hat es in den 50er und 60er Jahren mit Flurbereinigung, Traktor und Kunstd\u00fcnger geschafft diese althergebrachte und sehr sinnvolle [&hellip;]<\/p>\n","protected":false},"author":2,"featured_media":33750,"comment_status":"closed","ping_status":"closed","sticky":false,"template":"","format":"standard","meta":{"_acf_changed":false,"site-sidebar-layout":"default","site-content-layout":"","ast-site-content-layout":"default","site-content-style":"default","site-sidebar-style":"default","ast-global-header-display":"","ast-banner-title-visibility":"","ast-main-header-display":"","ast-hfb-above-header-display":"","ast-hfb-below-header-display":"","ast-hfb-mobile-header-display":"","site-post-title":"","ast-breadcrumbs-content":"","ast-featured-img":"","footer-sml-layout":"","ast-disable-related-posts":"","theme-transparent-header-meta":"","adv-header-id-meta":"","stick-header-meta":"","header-above-stick-meta":"","header-main-stick-meta":"","header-below-stick-meta":"","astra-migrate-meta-layouts":"set","ast-page-background-enabled":"default","ast-page-background-meta":{"desktop":{"background-color":"var(--ast-global-color-4)","background-image":"","background-repeat":"repeat","background-position":"center center","background-size":"auto","background-attachment":"scroll","background-type":"","background-media":"","overlay-type":"","overlay-color":"","overlay-opacity":"","overlay-gradient":""},"tablet":{"background-color":"","background-image":"","background-repeat":"repeat","background-position":"center center","background-size":"auto","background-attachment":"scroll","background-type":"","background-media":"","overlay-type":"","overlay-color":"","overlay-opacity":"","overlay-gradient":""},"mobile":{"background-color":"","background-image":"","background-repeat":"repeat","background-position":"center center","background-size":"auto","background-attachment":"scroll","background-type":"","background-media":"","overlay-type":"","overlay-color":"","overlay-opacity":"","overlay-gradient":""}},"ast-content-background-meta":{"desktop":{"background-color":"var(--ast-global-color-5)","background-image":"","background-repeat":"repeat","background-position":"center center","background-size":"auto","background-attachment":"scroll","background-type":"","background-media":"","overlay-type":"","overlay-color":"","overlay-opacity":"","overlay-gradient":""},"tablet":{"background-color":"var(--ast-global-color-5)","background-image":"","background-repeat":"repeat","background-position":"center center","background-size":"auto","background-attachment":"scroll","background-type":"","background-media":"","overlay-type":"","overlay-color":"","overlay-opacity":"","overlay-gradient":""},"mobile":{"background-color":"var(--ast-global-color-5)","background-image":"","background-repeat":"repeat","background-position":"center center","background-size":"auto","background-attachment":"scroll","background-type":"","background-media":"","overlay-type":"","overlay-color":"","overlay-opacity":"","overlay-gradient":""}},"footnotes":""},"categories":[22],"tags":[31,207,17],"class_list":["post-33749","post","type-post","status-publish","format-standard","has-post-thumbnail","hentry","category-neuigkeit","tag-agroforst","tag-noemi-stadler-kaulich","tag-permakultur"],"acf":[],"yoast_head":"<!-- This site is optimized with the Yoast SEO plugin v27.5 - https:\/\/yoast.com\/product\/yoast-seo-wordpress\/ -->\n<title>Einf\u00fchrung in die Agroforstwirtschaft - Artikel vom 02. Februar 2024 - Permakultur-Landwirtschaft<\/title>\n<meta name=\"robots\" content=\"index, follow, max-snippet:-1, max-image-preview:large, max-video-preview:-1\" \/>\n<link rel=\"canonical\" href=\"https:\/\/permakultur-landwirtschaft.org\/fr\/einfuehrung-in-die-agroforstwirtschaft-artikel-vom-02-februar-2024\/\" \/>\n<meta property=\"og:locale\" content=\"fr_FR\" \/>\n<meta property=\"og:type\" content=\"article\" \/>\n<meta property=\"og:title\" content=\"Einf\u00fchrung in die Agroforstwirtschaft - Artikel vom 02. Februar 2024 - Permakultur-Landwirtschaft\" \/>\n<meta property=\"og:description\" content=\"Text von soilify.org: Die Agroforstwirtschaft ist keine neuartige Erfindung, es gab sie schon immer, z.B. in Form von Streuobstwiesen \u2013 in dem Fall stehen B\u00e4ume auf einer Wiese, die als Gr\u00fcnland genutzt wird. Die gr\u00fcne Revolution hat es in den 50er und 60er Jahren mit Flurbereinigung, Traktor und Kunstd\u00fcnger geschafft diese althergebrachte und sehr sinnvolle [&hellip;]\" \/>\n<meta property=\"og:url\" content=\"https:\/\/permakultur-landwirtschaft.org\/fr\/einfuehrung-in-die-agroforstwirtschaft-artikel-vom-02-februar-2024\/\" \/>\n<meta property=\"og:site_name\" content=\"Permakultur-Landwirtschaft\" \/>\n<meta property=\"article:publisher\" content=\"https:\/\/www.facebook.com\/PermakulturLandwirtschaft\" \/>\n<meta property=\"article:published_time\" content=\"2024-02-02T16:50:00+00:00\" \/>\n<meta property=\"article:modified_time\" content=\"2024-02-21T16:53:43+00:00\" \/>\n<meta property=\"og:image\" content=\"https:\/\/permakultur-landwirtschaft.org\/wp-content\/uploads\/2024\/02\/2024_soilify_Agroforststreifen.jpg\" \/>\n\t<meta property=\"og:image:width\" content=\"700\" \/>\n\t<meta property=\"og:image:height\" content=\"525\" \/>\n\t<meta property=\"og:image:type\" content=\"image\/jpeg\" \/>\n<meta name=\"author\" content=\"adrian reutimann\" \/>\n<meta name=\"twitter:card\" content=\"summary_large_image\" \/>\n<meta name=\"twitter:label1\" content=\"\u00c9crit par\" \/>\n\t<meta name=\"twitter:data1\" content=\"adrian reutimann\" \/>\n\t<meta name=\"twitter:label2\" content=\"Dur\u00e9e de lecture estim\u00e9e\" \/>\n\t<meta name=\"twitter:data2\" content=\"2 minutes\" \/>\n<script type=\"application\/ld+json\" class=\"yoast-schema-graph\">{\"@context\":\"https:\\\/\\\/schema.org\",\"@graph\":[{\"@type\":\"Article\",\"@id\":\"https:\\\/\\\/permakultur-landwirtschaft.org\\\/einfuehrung-in-die-agroforstwirtschaft-artikel-vom-02-februar-2024\\\/#article\",\"isPartOf\":{\"@id\":\"https:\\\/\\\/permakultur-landwirtschaft.org\\\/einfuehrung-in-die-agroforstwirtschaft-artikel-vom-02-februar-2024\\\/\"},\"author\":{\"name\":\"adrian reutimann\",\"@id\":\"https:\\\/\\\/permakultur-landwirtschaft.org\\\/#\\\/schema\\\/person\\\/6b0467872f75aed3e144093f9bf4f0b0\"},\"headline\":\"Einf\u00fchrung in die Agroforstwirtschaft &#8211; Artikel vom 02. Februar 2024\",\"datePublished\":\"2024-02-02T16:50:00+00:00\",\"dateModified\":\"2024-02-21T16:53:43+00:00\",\"mainEntityOfPage\":{\"@id\":\"https:\\\/\\\/permakultur-landwirtschaft.org\\\/einfuehrung-in-die-agroforstwirtschaft-artikel-vom-02-februar-2024\\\/\"},\"wordCount\":171,\"publisher\":{\"@id\":\"https:\\\/\\\/permakultur-landwirtschaft.org\\\/#organization\"},\"image\":{\"@id\":\"https:\\\/\\\/permakultur-landwirtschaft.org\\\/einfuehrung-in-die-agroforstwirtschaft-artikel-vom-02-februar-2024\\\/#primaryimage\"},\"thumbnailUrl\":\"https:\\\/\\\/permakultur-landwirtschaft.org\\\/wp-content\\\/uploads\\\/2024\\\/02\\\/2024_soilify_Agroforststreifen.jpg\",\"keywords\":[\"Agroforst\",\"Noemi Stadler-Kaulich\",\"Permakultur\"],\"articleSection\":[\"Neuigkeit\"],\"inLanguage\":\"fr-FR\"},{\"@type\":\"WebPage\",\"@id\":\"https:\\\/\\\/permakultur-landwirtschaft.org\\\/einfuehrung-in-die-agroforstwirtschaft-artikel-vom-02-februar-2024\\\/\",\"url\":\"https:\\\/\\\/permakultur-landwirtschaft.org\\\/einfuehrung-in-die-agroforstwirtschaft-artikel-vom-02-februar-2024\\\/\",\"name\":\"Einf\u00fchrung in die Agroforstwirtschaft - Artikel vom 02. Februar 2024 - Permakultur-Landwirtschaft\",\"isPartOf\":{\"@id\":\"https:\\\/\\\/permakultur-landwirtschaft.org\\\/#website\"},\"primaryImageOfPage\":{\"@id\":\"https:\\\/\\\/permakultur-landwirtschaft.org\\\/einfuehrung-in-die-agroforstwirtschaft-artikel-vom-02-februar-2024\\\/#primaryimage\"},\"image\":{\"@id\":\"https:\\\/\\\/permakultur-landwirtschaft.org\\\/einfuehrung-in-die-agroforstwirtschaft-artikel-vom-02-februar-2024\\\/#primaryimage\"},\"thumbnailUrl\":\"https:\\\/\\\/permakultur-landwirtschaft.org\\\/wp-content\\\/uploads\\\/2024\\\/02\\\/2024_soilify_Agroforststreifen.jpg\",\"datePublished\":\"2024-02-02T16:50:00+00:00\",\"dateModified\":\"2024-02-21T16:53:43+00:00\",\"breadcrumb\":{\"@id\":\"https:\\\/\\\/permakultur-landwirtschaft.org\\\/einfuehrung-in-die-agroforstwirtschaft-artikel-vom-02-februar-2024\\\/#breadcrumb\"},\"inLanguage\":\"fr-FR\",\"potentialAction\":[{\"@type\":\"ReadAction\",\"target\":[\"https:\\\/\\\/permakultur-landwirtschaft.org\\\/einfuehrung-in-die-agroforstwirtschaft-artikel-vom-02-februar-2024\\\/\"]}]},{\"@type\":\"ImageObject\",\"inLanguage\":\"fr-FR\",\"@id\":\"https:\\\/\\\/permakultur-landwirtschaft.org\\\/einfuehrung-in-die-agroforstwirtschaft-artikel-vom-02-februar-2024\\\/#primaryimage\",\"url\":\"https:\\\/\\\/permakultur-landwirtschaft.org\\\/wp-content\\\/uploads\\\/2024\\\/02\\\/2024_soilify_Agroforststreifen.jpg\",\"contentUrl\":\"https:\\\/\\\/permakultur-landwirtschaft.org\\\/wp-content\\\/uploads\\\/2024\\\/02\\\/2024_soilify_Agroforststreifen.jpg\",\"width\":700,\"height\":525,\"caption\":\"Bild: soilify.org\"},{\"@type\":\"BreadcrumbList\",\"@id\":\"https:\\\/\\\/permakultur-landwirtschaft.org\\\/einfuehrung-in-die-agroforstwirtschaft-artikel-vom-02-februar-2024\\\/#breadcrumb\",\"itemListElement\":[{\"@type\":\"ListItem\",\"position\":1,\"name\":\"Startseite\",\"item\":\"https:\\\/\\\/permakultur-landwirtschaft.org\\\/\"},{\"@type\":\"ListItem\",\"position\":2,\"name\":\"Einf\u00fchrung in die Agroforstwirtschaft &#8211; Artikel vom 02. Februar 2024\"}]},{\"@type\":\"WebSite\",\"@id\":\"https:\\\/\\\/permakultur-landwirtschaft.org\\\/#website\",\"url\":\"https:\\\/\\\/permakultur-landwirtschaft.org\\\/\",\"name\":\"Permakultur-Landwirtschaft\",\"description\":\"F\u00f6rderung der Permakultur in der Landwirtschaft\",\"publisher\":{\"@id\":\"https:\\\/\\\/permakultur-landwirtschaft.org\\\/#organization\"},\"potentialAction\":[{\"@type\":\"SearchAction\",\"target\":{\"@type\":\"EntryPoint\",\"urlTemplate\":\"https:\\\/\\\/permakultur-landwirtschaft.org\\\/?s={search_term_string}\"},\"query-input\":{\"@type\":\"PropertyValueSpecification\",\"valueRequired\":true,\"valueName\":\"search_term_string\"}}],\"inLanguage\":\"fr-FR\"},{\"@type\":\"Organization\",\"@id\":\"https:\\\/\\\/permakultur-landwirtschaft.org\\\/#organization\",\"name\":\"Permakultur-Landwirtschaft\",\"alternateName\":\"Verein Permakultur-Landwirtschaft\",\"url\":\"https:\\\/\\\/permakultur-landwirtschaft.org\\\/\",\"logo\":{\"@type\":\"ImageObject\",\"inLanguage\":\"fr-FR\",\"@id\":\"https:\\\/\\\/permakultur-landwirtschaft.org\\\/#\\\/schema\\\/logo\\\/image\\\/\",\"url\":\"https:\\\/\\\/permakultur-landwirtschaft.org\\\/wp-content\\\/uploads\\\/2021\\\/11\\\/pela_1268x1269.png\",\"contentUrl\":\"https:\\\/\\\/permakultur-landwirtschaft.org\\\/wp-content\\\/uploads\\\/2021\\\/11\\\/pela_1268x1269.png\",\"width\":1298,\"height\":1269,\"caption\":\"Permakultur-Landwirtschaft\"},\"image\":{\"@id\":\"https:\\\/\\\/permakultur-landwirtschaft.org\\\/#\\\/schema\\\/logo\\\/image\\\/\"},\"sameAs\":[\"https:\\\/\\\/www.facebook.com\\\/PermakulturLandwirtschaft\",\"https:\\\/\\\/www.instagram.com\\\/permakultur_landwirtschaft\\\/\",\"https:\\\/\\\/www.flickr.com\\\/photos\\\/permakultur-landwirtschaft\",\"https:\\\/\\\/www.youtube.com\\\/@PermakulturLandwirtschaft\"]},{\"@type\":\"Person\",\"@id\":\"https:\\\/\\\/permakultur-landwirtschaft.org\\\/#\\\/schema\\\/person\\\/6b0467872f75aed3e144093f9bf4f0b0\",\"name\":\"adrian reutimann\",\"url\":\"https:\\\/\\\/permakultur-landwirtschaft.org\\\/fr\\\/author\\\/reutiadr\\\/\"}]}<\/script>\n<!-- \/ Yoast SEO plugin. -->","yoast_head_json":{"title":"Einf\u00fchrung in die Agroforstwirtschaft - Artikel vom 02. Februar 2024 - Permakultur-Landwirtschaft","robots":{"index":"index","follow":"follow","max-snippet":"max-snippet:-1","max-image-preview":"max-image-preview:large","max-video-preview":"max-video-preview:-1"},"canonical":"https:\/\/permakultur-landwirtschaft.org\/fr\/einfuehrung-in-die-agroforstwirtschaft-artikel-vom-02-februar-2024\/","og_locale":"fr_FR","og_type":"article","og_title":"Einf\u00fchrung in die Agroforstwirtschaft - Artikel vom 02. Februar 2024 - Permakultur-Landwirtschaft","og_description":"Text von soilify.org: Die Agroforstwirtschaft ist keine neuartige Erfindung, es gab sie schon immer, z.B. in Form von Streuobstwiesen \u2013 in dem Fall stehen B\u00e4ume auf einer Wiese, die als Gr\u00fcnland genutzt wird. Die gr\u00fcne Revolution hat es in den 50er und 60er Jahren mit Flurbereinigung, Traktor und Kunstd\u00fcnger geschafft diese althergebrachte und sehr sinnvolle [&hellip;]","og_url":"https:\/\/permakultur-landwirtschaft.org\/fr\/einfuehrung-in-die-agroforstwirtschaft-artikel-vom-02-februar-2024\/","og_site_name":"Permakultur-Landwirtschaft","article_publisher":"https:\/\/www.facebook.com\/PermakulturLandwirtschaft","article_published_time":"2024-02-02T16:50:00+00:00","article_modified_time":"2024-02-21T16:53:43+00:00","og_image":[{"width":700,"height":525,"url":"https:\/\/permakultur-landwirtschaft.org\/wp-content\/uploads\/2024\/02\/2024_soilify_Agroforststreifen.jpg","type":"image\/jpeg"}],"author":"adrian reutimann","twitter_card":"summary_large_image","twitter_misc":{"\u00c9crit par":"adrian reutimann","Dur\u00e9e de lecture estim\u00e9e":"2 minutes"},"schema":{"@context":"https:\/\/schema.org","@graph":[{"@type":"Article","@id":"https:\/\/permakultur-landwirtschaft.org\/einfuehrung-in-die-agroforstwirtschaft-artikel-vom-02-februar-2024\/#article","isPartOf":{"@id":"https:\/\/permakultur-landwirtschaft.org\/einfuehrung-in-die-agroforstwirtschaft-artikel-vom-02-februar-2024\/"},"author":{"name":"adrian reutimann","@id":"https:\/\/permakultur-landwirtschaft.org\/#\/schema\/person\/6b0467872f75aed3e144093f9bf4f0b0"},"headline":"Einf\u00fchrung in die Agroforstwirtschaft &#8211; Artikel vom 02. Februar 2024","datePublished":"2024-02-02T16:50:00+00:00","dateModified":"2024-02-21T16:53:43+00:00","mainEntityOfPage":{"@id":"https:\/\/permakultur-landwirtschaft.org\/einfuehrung-in-die-agroforstwirtschaft-artikel-vom-02-februar-2024\/"},"wordCount":171,"publisher":{"@id":"https:\/\/permakultur-landwirtschaft.org\/#organization"},"image":{"@id":"https:\/\/permakultur-landwirtschaft.org\/einfuehrung-in-die-agroforstwirtschaft-artikel-vom-02-februar-2024\/#primaryimage"},"thumbnailUrl":"https:\/\/permakultur-landwirtschaft.org\/wp-content\/uploads\/2024\/02\/2024_soilify_Agroforststreifen.jpg","keywords":["Agroforst","Noemi Stadler-Kaulich","Permakultur"],"articleSection":["Neuigkeit"],"inLanguage":"fr-FR"},{"@type":"WebPage","@id":"https:\/\/permakultur-landwirtschaft.org\/einfuehrung-in-die-agroforstwirtschaft-artikel-vom-02-februar-2024\/","url":"https:\/\/permakultur-landwirtschaft.org\/einfuehrung-in-die-agroforstwirtschaft-artikel-vom-02-februar-2024\/","name":"Einf\u00fchrung in die Agroforstwirtschaft - Artikel vom 02. Februar 2024 - Permakultur-Landwirtschaft","isPartOf":{"@id":"https:\/\/permakultur-landwirtschaft.org\/#website"},"primaryImageOfPage":{"@id":"https:\/\/permakultur-landwirtschaft.org\/einfuehrung-in-die-agroforstwirtschaft-artikel-vom-02-februar-2024\/#primaryimage"},"image":{"@id":"https:\/\/permakultur-landwirtschaft.org\/einfuehrung-in-die-agroforstwirtschaft-artikel-vom-02-februar-2024\/#primaryimage"},"thumbnailUrl":"https:\/\/permakultur-landwirtschaft.org\/wp-content\/uploads\/2024\/02\/2024_soilify_Agroforststreifen.jpg","datePublished":"2024-02-02T16:50:00+00:00","dateModified":"2024-02-21T16:53:43+00:00","breadcrumb":{"@id":"https:\/\/permakultur-landwirtschaft.org\/einfuehrung-in-die-agroforstwirtschaft-artikel-vom-02-februar-2024\/#breadcrumb"},"inLanguage":"fr-FR","potentialAction":[{"@type":"ReadAction","target":["https:\/\/permakultur-landwirtschaft.org\/einfuehrung-in-die-agroforstwirtschaft-artikel-vom-02-februar-2024\/"]}]},{"@type":"ImageObject","inLanguage":"fr-FR","@id":"https:\/\/permakultur-landwirtschaft.org\/einfuehrung-in-die-agroforstwirtschaft-artikel-vom-02-februar-2024\/#primaryimage","url":"https:\/\/permakultur-landwirtschaft.org\/wp-content\/uploads\/2024\/02\/2024_soilify_Agroforststreifen.jpg","contentUrl":"https:\/\/permakultur-landwirtschaft.org\/wp-content\/uploads\/2024\/02\/2024_soilify_Agroforststreifen.jpg","width":700,"height":525,"caption":"Bild: soilify.org"},{"@type":"BreadcrumbList","@id":"https:\/\/permakultur-landwirtschaft.org\/einfuehrung-in-die-agroforstwirtschaft-artikel-vom-02-februar-2024\/#breadcrumb","itemListElement":[{"@type":"ListItem","position":1,"name":"Startseite","item":"https:\/\/permakultur-landwirtschaft.org\/"},{"@type":"ListItem","position":2,"name":"Einf\u00fchrung in die Agroforstwirtschaft &#8211; Artikel vom 02. Februar 2024"}]},{"@type":"WebSite","@id":"https:\/\/permakultur-landwirtschaft.org\/#website","url":"https:\/\/permakultur-landwirtschaft.org\/","name":"Permakultur-Landwirtschaft","description":"F\u00f6rderung der Permakultur in der Landwirtschaft","publisher":{"@id":"https:\/\/permakultur-landwirtschaft.org\/#organization"},"potentialAction":[{"@type":"SearchAction","target":{"@type":"EntryPoint","urlTemplate":"https:\/\/permakultur-landwirtschaft.org\/?s={search_term_string}"},"query-input":{"@type":"PropertyValueSpecification","valueRequired":true,"valueName":"search_term_string"}}],"inLanguage":"fr-FR"},{"@type":"Organization","@id":"https:\/\/permakultur-landwirtschaft.org\/#organization","name":"Permakultur-Landwirtschaft","alternateName":"Verein Permakultur-Landwirtschaft","url":"https:\/\/permakultur-landwirtschaft.org\/","logo":{"@type":"ImageObject","inLanguage":"fr-FR","@id":"https:\/\/permakultur-landwirtschaft.org\/#\/schema\/logo\/image\/","url":"https:\/\/permakultur-landwirtschaft.org\/wp-content\/uploads\/2021\/11\/pela_1268x1269.png","contentUrl":"https:\/\/permakultur-landwirtschaft.org\/wp-content\/uploads\/2021\/11\/pela_1268x1269.png","width":1298,"height":1269,"caption":"Permakultur-Landwirtschaft"},"image":{"@id":"https:\/\/permakultur-landwirtschaft.org\/#\/schema\/logo\/image\/"},"sameAs":["https:\/\/www.facebook.com\/PermakulturLandwirtschaft","https:\/\/www.instagram.com\/permakultur_landwirtschaft\/","https:\/\/www.flickr.com\/photos\/permakultur-landwirtschaft","https:\/\/www.youtube.com\/@PermakulturLandwirtschaft"]},{"@type":"Person","@id":"https:\/\/permakultur-landwirtschaft.org\/#\/schema\/person\/6b0467872f75aed3e144093f9bf4f0b0","name":"adrian reutimann","url":"https:\/\/permakultur-landwirtschaft.org\/fr\/author\/reutiadr\/"}]}},"_links":{"self":[{"href":"https:\/\/permakultur-landwirtschaft.org\/fr\/wp-json\/wp\/v2\/posts\/33749","targetHints":{"allow":["GET"]}}],"collection":[{"href":"https:\/\/permakultur-landwirtschaft.org\/fr\/wp-json\/wp\/v2\/posts"}],"about":[{"href":"https:\/\/permakultur-landwirtschaft.org\/fr\/wp-json\/wp\/v2\/types\/post"}],"author":[{"embeddable":true,"href":"https:\/\/permakultur-landwirtschaft.org\/fr\/wp-json\/wp\/v2\/users\/2"}],"replies":[{"embeddable":true,"href":"https:\/\/permakultur-landwirtschaft.org\/fr\/wp-json\/wp\/v2\/comments?post=33749"}],"version-history":[{"count":1,"href":"https:\/\/permakultur-landwirtschaft.org\/fr\/wp-json\/wp\/v2\/posts\/33749\/revisions"}],"predecessor-version":[{"id":33751,"href":"https:\/\/permakultur-landwirtschaft.org\/fr\/wp-json\/wp\/v2\/posts\/33749\/revisions\/33751"}],"wp:featuredmedia":[{"embeddable":true,"href":"https:\/\/permakultur-landwirtschaft.org\/fr\/wp-json\/wp\/v2\/media\/33750"}],"wp:attachment":[{"href":"https:\/\/permakultur-landwirtschaft.org\/fr\/wp-json\/wp\/v2\/media?parent=33749"}],"wp:term":[{"taxonomy":"category","embeddable":true,"href":"https:\/\/permakultur-landwirtschaft.org\/fr\/wp-json\/wp\/v2\/categories?post=33749"},{"taxonomy":"post_tag","embeddable":true,"href":"https:\/\/permakultur-landwirtschaft.org\/fr\/wp-json\/wp\/v2\/tags?post=33749"}],"curies":[{"name":"wp","href":"https:\/\/api.w.org\/{rel}","templated":true}]}}