{"id":33741,"date":"2024-01-21T16:17:35","date_gmt":"2024-01-21T15:17:35","guid":{"rendered":"https:\/\/permakultur-landwirtschaft.org\/?p=33741"},"modified":"2024-02-15T16:21:40","modified_gmt":"2024-02-15T15:21:40","slug":"bio-diversifiees-locales-les-microfermes-veulent-revolutionner-lagriculture-suisse-article-du-26-janvier-2024","status":"publish","type":"post","link":"https:\/\/permakultur-landwirtschaft.org\/fr\/bio-diversifiees-locales-les-microfermes-veulent-revolutionner-lagriculture-suisse-article-du-26-janvier-2024\/","title":{"rendered":"Bio, diversifi\u00e9es, locales: les microfermes veulent r\u00e9volutionner l&#8217;agriculture suisse &#8211; Article du 26 janvier 2024"},"content":{"rendered":"<p>Texte de heidi.news:<\/p>\n\n\n\n<p>Elles se veulent le symbole d\u2019une agriculture \u00e0 taille humaine, plus respectueuses de la nature et d\u2019une forme de sobri\u00e9t\u00e9: les microfermes explosent en Suisse. Ils sont d\u00e9j\u00e0 quelques centaines d\u2019agriculteurs en Suisse \u00e0 incarner ce mod\u00e8le, pl\u00e9biscit\u00e9 des consommateurs, qui prend le contrepied des grandes exploitations modernes. Et les microfermiers sont en train de s\u2019organiser pour peser dans le paysage.<\/p>\n\n\n\n<p>Rapha\u00ebl, Ya\u00eblle et le trio genevois incarnent et r\u00e9sument bien la nouvelle g\u00e9n\u00e9ration \u00e0 l\u2019origine des microfermes dans notre pays. Parce qu\u2019ils sont souvent issus d\u2019autres horizons, venus du tertiaire ou dipl\u00f4m\u00e9s de hautes \u00e9coles, \u00abn\u00e9o-ruraux\u00a0\u00bb pour certains. Parce qu\u2019ils sont p\u00e9tris de convictions et d\u2019\u00e9thique, motiv\u00e9s \u00e0 r\u00e9volutionner l\u2019agriculture gr\u00e2ce \u00e0 des pratiques vertueuses, biologiques, biodynamiques, inspir\u00e9es de la permaculture, d\u2019un zeste d\u2019agroforesterie. Le tout sur des microsurfaces, dont ils ne sont que tr\u00e8s rarement propri\u00e9taires, avec un minimum de m\u00e9canisation pour un maximum de travail manuel et de valeur ajout\u00e9e\u2026<\/p>\n\n\n\n<p>Et c\u2019est quoi, une microferme?<\/p>\n\n\n\n<p><a href=\"https:\/\/www.heidi.news\/explorations\/qui-nourrira-la-suisse-demain\/bio-diversifiees-locales-les-microfermes-veulent-revolutionner-l-agriculture-suisse\" target=\"_blank\" rel=\"noreferrer noopener\">Lien vers l&#8217;article<\/a><\/p>","protected":false},"excerpt":{"rendered":"<p>Texte de heidi.news: Elles se veulent le symbole d\u2019une agriculture \u00e0 taille humaine, plus respectueuses de la nature et d\u2019une forme de sobri\u00e9t\u00e9: les microfermes explosent en Suisse. Ils sont d\u00e9j\u00e0 quelques centaines d\u2019agriculteurs en Suisse \u00e0 incarner ce mod\u00e8le, pl\u00e9biscit\u00e9 des consommateurs, qui prend le contrepied des grandes exploitations modernes. Et les microfermiers sont [&hellip;]<\/p>\n","protected":false},"author":2,"featured_media":33742,"comment_status":"closed","ping_status":"closed","sticky":false,"template":"","format":"standard","meta":{"_acf_changed":false,"site-sidebar-layout":"default","site-content-layout":"","ast-site-content-layout":"default","site-content-style":"default","site-sidebar-style":"default","ast-global-header-display":"","ast-banner-title-visibility":"","ast-main-header-display":"","ast-hfb-above-header-display":"","ast-hfb-below-header-display":"","ast-hfb-mobile-header-display":"","site-post-title":"","ast-breadcrumbs-content":"","ast-featured-img":"","footer-sml-layout":"","ast-disable-related-posts":"","theme-transparent-header-meta":"","adv-header-id-meta":"","stick-header-meta":"","header-above-stick-meta":"","header-main-stick-meta":"","header-below-stick-meta":"","astra-migrate-meta-layouts":"set","ast-page-background-enabled":"default","ast-page-background-meta":{"desktop":{"background-color":"var(--ast-global-color-4)","background-image":"","background-repeat":"repeat","background-position":"center center","background-size":"auto","background-attachment":"scroll","background-type":"","background-media":"","overlay-type":"","overlay-color":"","overlay-opacity":"","overlay-gradient":""},"tablet":{"background-color":"","background-image":"","background-repeat":"repeat","background-position":"center center","background-size":"auto","background-attachment":"scroll","background-type":"","background-media":"","overlay-type":"","overlay-color":"","overlay-opacity":"","overlay-gradient":""},"mobile":{"background-color":"","background-image":"","background-repeat":"repeat","background-position":"center center","background-size":"auto","background-attachment":"scroll","background-type":"","background-media":"","overlay-type":"","overlay-color":"","overlay-opacity":"","overlay-gradient":""}},"ast-content-background-meta":{"desktop":{"background-color":"var(--ast-global-color-5)","background-image":"","background-repeat":"repeat","background-position":"center center","background-size":"auto","background-attachment":"scroll","background-type":"","background-media":"","overlay-type":"","overlay-color":"","overlay-opacity":"","overlay-gradient":""},"tablet":{"background-color":"var(--ast-global-color-5)","background-image":"","background-repeat":"repeat","background-position":"center center","background-size":"auto","background-attachment":"scroll","background-type":"","background-media":"","overlay-type":"","overlay-color":"","overlay-opacity":"","overlay-gradient":""},"mobile":{"background-color":"var(--ast-global-color-5)","background-image":"","background-repeat":"repeat","background-position":"center center","background-size":"auto","background-attachment":"scroll","background-type":"","background-media":"","overlay-type":"","overlay-color":"","overlay-opacity":"","overlay-gradient":""}},"footnotes":""},"categories":[22],"tags":[113],"class_list":["post-33741","post","type-post","status-publish","format-standard","has-post-thumbnail","hentry","category-neuigkeit","tag-microfermes"],"acf":[],"yoast_head":"<!-- This site is optimized with the Yoast SEO plugin v27.5 - https:\/\/yoast.com\/product\/yoast-seo-wordpress\/ -->\n<title>Bio, diversifi\u00e9es, locales: les microfermes veulent r\u00e9volutionner l&#039;agriculture suisse - Article du 26 janvier 2024 - Permakultur-Landwirtschaft<\/title>\n<meta name=\"robots\" content=\"index, follow, max-snippet:-1, max-image-preview:large, max-video-preview:-1\" \/>\n<link rel=\"canonical\" href=\"https:\/\/permakultur-landwirtschaft.org\/fr\/bio-diversifiees-locales-les-microfermes-veulent-revolutionner-lagriculture-suisse-article-du-26-janvier-2024\/\" \/>\n<meta property=\"og:locale\" content=\"fr_FR\" \/>\n<meta property=\"og:type\" content=\"article\" \/>\n<meta property=\"og:title\" content=\"Bio, diversifi\u00e9es, locales: les microfermes veulent r\u00e9volutionner l&#039;agriculture suisse - Article du 26 janvier 2024 - Permakultur-Landwirtschaft\" \/>\n<meta property=\"og:description\" content=\"Texte de heidi.news: Elles se veulent le symbole d\u2019une agriculture \u00e0 taille humaine, plus respectueuses de la nature et d\u2019une forme de sobri\u00e9t\u00e9: les microfermes explosent en Suisse. Ils sont d\u00e9j\u00e0 quelques centaines d\u2019agriculteurs en Suisse \u00e0 incarner ce mod\u00e8le, pl\u00e9biscit\u00e9 des consommateurs, qui prend le contrepied des grandes exploitations modernes. Et les microfermiers sont [&hellip;]\" \/>\n<meta property=\"og:url\" content=\"https:\/\/permakultur-landwirtschaft.org\/fr\/bio-diversifiees-locales-les-microfermes-veulent-revolutionner-lagriculture-suisse-article-du-26-janvier-2024\/\" \/>\n<meta property=\"og:site_name\" content=\"Permakultur-Landwirtschaft\" \/>\n<meta property=\"article:publisher\" content=\"https:\/\/www.facebook.com\/PermakulturLandwirtschaft\" \/>\n<meta property=\"article:published_time\" content=\"2024-01-21T15:17:35+00:00\" \/>\n<meta property=\"article:modified_time\" content=\"2024-02-15T15:21:40+00:00\" \/>\n<meta property=\"og:image\" content=\"https:\/\/permakultur-landwirtschaft.org\/wp-content\/uploads\/2024\/02\/2024_Ferme_de_Bude.jpg\" \/>\n\t<meta property=\"og:image:width\" content=\"700\" \/>\n\t<meta property=\"og:image:height\" content=\"466\" \/>\n\t<meta property=\"og:image:type\" content=\"image\/jpeg\" \/>\n<meta name=\"author\" content=\"adrian reutimann\" \/>\n<meta name=\"twitter:card\" content=\"summary_large_image\" \/>\n<meta name=\"twitter:label1\" content=\"\u00c9crit par\" \/>\n\t<meta name=\"twitter:data1\" content=\"adrian reutimann\" \/>\n\t<meta name=\"twitter:label2\" content=\"Dur\u00e9e de lecture estim\u00e9e\" \/>\n\t<meta name=\"twitter:data2\" content=\"2 minutes\" \/>\n<script type=\"application\/ld+json\" class=\"yoast-schema-graph\">{\"@context\":\"https:\\\/\\\/schema.org\",\"@graph\":[{\"@type\":\"Article\",\"@id\":\"https:\\\/\\\/permakultur-landwirtschaft.org\\\/bio-diversifiees-locales-les-microfermes-veulent-revolutionner-lagriculture-suisse-article-du-26-janvier-2024\\\/#article\",\"isPartOf\":{\"@id\":\"https:\\\/\\\/permakultur-landwirtschaft.org\\\/bio-diversifiees-locales-les-microfermes-veulent-revolutionner-lagriculture-suisse-article-du-26-janvier-2024\\\/\"},\"author\":{\"name\":\"adrian reutimann\",\"@id\":\"https:\\\/\\\/permakultur-landwirtschaft.org\\\/#\\\/schema\\\/person\\\/6b0467872f75aed3e144093f9bf4f0b0\"},\"headline\":\"Bio, diversifi\u00e9es, locales: les microfermes veulent r\u00e9volutionner l&#8217;agriculture suisse &#8211; Article du 26 janvier 2024\",\"datePublished\":\"2024-01-21T15:17:35+00:00\",\"dateModified\":\"2024-02-15T15:21:40+00:00\",\"mainEntityOfPage\":{\"@id\":\"https:\\\/\\\/permakultur-landwirtschaft.org\\\/bio-diversifiees-locales-les-microfermes-veulent-revolutionner-lagriculture-suisse-article-du-26-janvier-2024\\\/\"},\"wordCount\":211,\"publisher\":{\"@id\":\"https:\\\/\\\/permakultur-landwirtschaft.org\\\/#organization\"},\"image\":{\"@id\":\"https:\\\/\\\/permakultur-landwirtschaft.org\\\/bio-diversifiees-locales-les-microfermes-veulent-revolutionner-lagriculture-suisse-article-du-26-janvier-2024\\\/#primaryimage\"},\"thumbnailUrl\":\"https:\\\/\\\/permakultur-landwirtschaft.org\\\/wp-content\\\/uploads\\\/2024\\\/02\\\/2024_Ferme_de_Bude.jpg\",\"keywords\":[\"Microfermes\"],\"articleSection\":[\"Neuigkeit\"],\"inLanguage\":\"fr-FR\"},{\"@type\":\"WebPage\",\"@id\":\"https:\\\/\\\/permakultur-landwirtschaft.org\\\/bio-diversifiees-locales-les-microfermes-veulent-revolutionner-lagriculture-suisse-article-du-26-janvier-2024\\\/\",\"url\":\"https:\\\/\\\/permakultur-landwirtschaft.org\\\/bio-diversifiees-locales-les-microfermes-veulent-revolutionner-lagriculture-suisse-article-du-26-janvier-2024\\\/\",\"name\":\"Bio, diversifi\u00e9es, locales: les microfermes veulent r\u00e9volutionner l'agriculture suisse - Article du 26 janvier 2024 - Permakultur-Landwirtschaft\",\"isPartOf\":{\"@id\":\"https:\\\/\\\/permakultur-landwirtschaft.org\\\/#website\"},\"primaryImageOfPage\":{\"@id\":\"https:\\\/\\\/permakultur-landwirtschaft.org\\\/bio-diversifiees-locales-les-microfermes-veulent-revolutionner-lagriculture-suisse-article-du-26-janvier-2024\\\/#primaryimage\"},\"image\":{\"@id\":\"https:\\\/\\\/permakultur-landwirtschaft.org\\\/bio-diversifiees-locales-les-microfermes-veulent-revolutionner-lagriculture-suisse-article-du-26-janvier-2024\\\/#primaryimage\"},\"thumbnailUrl\":\"https:\\\/\\\/permakultur-landwirtschaft.org\\\/wp-content\\\/uploads\\\/2024\\\/02\\\/2024_Ferme_de_Bude.jpg\",\"datePublished\":\"2024-01-21T15:17:35+00:00\",\"dateModified\":\"2024-02-15T15:21:40+00:00\",\"breadcrumb\":{\"@id\":\"https:\\\/\\\/permakultur-landwirtschaft.org\\\/bio-diversifiees-locales-les-microfermes-veulent-revolutionner-lagriculture-suisse-article-du-26-janvier-2024\\\/#breadcrumb\"},\"inLanguage\":\"fr-FR\",\"potentialAction\":[{\"@type\":\"ReadAction\",\"target\":[\"https:\\\/\\\/permakultur-landwirtschaft.org\\\/bio-diversifiees-locales-les-microfermes-veulent-revolutionner-lagriculture-suisse-article-du-26-janvier-2024\\\/\"]}]},{\"@type\":\"ImageObject\",\"inLanguage\":\"fr-FR\",\"@id\":\"https:\\\/\\\/permakultur-landwirtschaft.org\\\/bio-diversifiees-locales-les-microfermes-veulent-revolutionner-lagriculture-suisse-article-du-26-janvier-2024\\\/#primaryimage\",\"url\":\"https:\\\/\\\/permakultur-landwirtschaft.org\\\/wp-content\\\/uploads\\\/2024\\\/02\\\/2024_Ferme_de_Bude.jpg\",\"contentUrl\":\"https:\\\/\\\/permakultur-landwirtschaft.org\\\/wp-content\\\/uploads\\\/2024\\\/02\\\/2024_Ferme_de_Bude.jpg\",\"width\":700,\"height\":466,\"caption\":\"Bild: Keystone \\\/ Salvatore Di Nolfi\"},{\"@type\":\"BreadcrumbList\",\"@id\":\"https:\\\/\\\/permakultur-landwirtschaft.org\\\/bio-diversifiees-locales-les-microfermes-veulent-revolutionner-lagriculture-suisse-article-du-26-janvier-2024\\\/#breadcrumb\",\"itemListElement\":[{\"@type\":\"ListItem\",\"position\":1,\"name\":\"Startseite\",\"item\":\"https:\\\/\\\/permakultur-landwirtschaft.org\\\/\"},{\"@type\":\"ListItem\",\"position\":2,\"name\":\"Bio, diversifi\u00e9es, locales: les microfermes veulent r\u00e9volutionner l&#8217;agriculture suisse &#8211; Article du 26 janvier 2024\"}]},{\"@type\":\"WebSite\",\"@id\":\"https:\\\/\\\/permakultur-landwirtschaft.org\\\/#website\",\"url\":\"https:\\\/\\\/permakultur-landwirtschaft.org\\\/\",\"name\":\"Permakultur-Landwirtschaft\",\"description\":\"F\u00f6rderung der Permakultur in der Landwirtschaft\",\"publisher\":{\"@id\":\"https:\\\/\\\/permakultur-landwirtschaft.org\\\/#organization\"},\"potentialAction\":[{\"@type\":\"SearchAction\",\"target\":{\"@type\":\"EntryPoint\",\"urlTemplate\":\"https:\\\/\\\/permakultur-landwirtschaft.org\\\/?s={search_term_string}\"},\"query-input\":{\"@type\":\"PropertyValueSpecification\",\"valueRequired\":true,\"valueName\":\"search_term_string\"}}],\"inLanguage\":\"fr-FR\"},{\"@type\":\"Organization\",\"@id\":\"https:\\\/\\\/permakultur-landwirtschaft.org\\\/#organization\",\"name\":\"Permakultur-Landwirtschaft\",\"alternateName\":\"Verein Permakultur-Landwirtschaft\",\"url\":\"https:\\\/\\\/permakultur-landwirtschaft.org\\\/\",\"logo\":{\"@type\":\"ImageObject\",\"inLanguage\":\"fr-FR\",\"@id\":\"https:\\\/\\\/permakultur-landwirtschaft.org\\\/#\\\/schema\\\/logo\\\/image\\\/\",\"url\":\"https:\\\/\\\/permakultur-landwirtschaft.org\\\/wp-content\\\/uploads\\\/2021\\\/11\\\/pela_1268x1269.png\",\"contentUrl\":\"https:\\\/\\\/permakultur-landwirtschaft.org\\\/wp-content\\\/uploads\\\/2021\\\/11\\\/pela_1268x1269.png\",\"width\":1298,\"height\":1269,\"caption\":\"Permakultur-Landwirtschaft\"},\"image\":{\"@id\":\"https:\\\/\\\/permakultur-landwirtschaft.org\\\/#\\\/schema\\\/logo\\\/image\\\/\"},\"sameAs\":[\"https:\\\/\\\/www.facebook.com\\\/PermakulturLandwirtschaft\",\"https:\\\/\\\/www.instagram.com\\\/permakultur_landwirtschaft\\\/\",\"https:\\\/\\\/www.flickr.com\\\/photos\\\/permakultur-landwirtschaft\",\"https:\\\/\\\/www.youtube.com\\\/@PermakulturLandwirtschaft\"]},{\"@type\":\"Person\",\"@id\":\"https:\\\/\\\/permakultur-landwirtschaft.org\\\/#\\\/schema\\\/person\\\/6b0467872f75aed3e144093f9bf4f0b0\",\"name\":\"adrian reutimann\",\"url\":\"https:\\\/\\\/permakultur-landwirtschaft.org\\\/fr\\\/author\\\/reutiadr\\\/\"}]}<\/script>\n<!-- \/ Yoast SEO plugin. -->","yoast_head_json":{"title":"Bio, diversifi\u00e9es, locales: les microfermes veulent r\u00e9volutionner l'agriculture suisse - Article du 26 janvier 2024 - Permakultur-Landwirtschaft","robots":{"index":"index","follow":"follow","max-snippet":"max-snippet:-1","max-image-preview":"max-image-preview:large","max-video-preview":"max-video-preview:-1"},"canonical":"https:\/\/permakultur-landwirtschaft.org\/fr\/bio-diversifiees-locales-les-microfermes-veulent-revolutionner-lagriculture-suisse-article-du-26-janvier-2024\/","og_locale":"fr_FR","og_type":"article","og_title":"Bio, diversifi\u00e9es, locales: les microfermes veulent r\u00e9volutionner l'agriculture suisse - Article du 26 janvier 2024 - Permakultur-Landwirtschaft","og_description":"Texte de heidi.news: Elles se veulent le symbole d\u2019une agriculture \u00e0 taille humaine, plus respectueuses de la nature et d\u2019une forme de sobri\u00e9t\u00e9: les microfermes explosent en Suisse. Ils sont d\u00e9j\u00e0 quelques centaines d\u2019agriculteurs en Suisse \u00e0 incarner ce mod\u00e8le, pl\u00e9biscit\u00e9 des consommateurs, qui prend le contrepied des grandes exploitations modernes. Et les microfermiers sont [&hellip;]","og_url":"https:\/\/permakultur-landwirtschaft.org\/fr\/bio-diversifiees-locales-les-microfermes-veulent-revolutionner-lagriculture-suisse-article-du-26-janvier-2024\/","og_site_name":"Permakultur-Landwirtschaft","article_publisher":"https:\/\/www.facebook.com\/PermakulturLandwirtschaft","article_published_time":"2024-01-21T15:17:35+00:00","article_modified_time":"2024-02-15T15:21:40+00:00","og_image":[{"width":700,"height":466,"url":"https:\/\/permakultur-landwirtschaft.org\/wp-content\/uploads\/2024\/02\/2024_Ferme_de_Bude.jpg","type":"image\/jpeg"}],"author":"adrian reutimann","twitter_card":"summary_large_image","twitter_misc":{"\u00c9crit par":"adrian reutimann","Dur\u00e9e de lecture estim\u00e9e":"2 minutes"},"schema":{"@context":"https:\/\/schema.org","@graph":[{"@type":"Article","@id":"https:\/\/permakultur-landwirtschaft.org\/bio-diversifiees-locales-les-microfermes-veulent-revolutionner-lagriculture-suisse-article-du-26-janvier-2024\/#article","isPartOf":{"@id":"https:\/\/permakultur-landwirtschaft.org\/bio-diversifiees-locales-les-microfermes-veulent-revolutionner-lagriculture-suisse-article-du-26-janvier-2024\/"},"author":{"name":"adrian reutimann","@id":"https:\/\/permakultur-landwirtschaft.org\/#\/schema\/person\/6b0467872f75aed3e144093f9bf4f0b0"},"headline":"Bio, diversifi\u00e9es, locales: les microfermes veulent r\u00e9volutionner l&#8217;agriculture suisse &#8211; Article du 26 janvier 2024","datePublished":"2024-01-21T15:17:35+00:00","dateModified":"2024-02-15T15:21:40+00:00","mainEntityOfPage":{"@id":"https:\/\/permakultur-landwirtschaft.org\/bio-diversifiees-locales-les-microfermes-veulent-revolutionner-lagriculture-suisse-article-du-26-janvier-2024\/"},"wordCount":211,"publisher":{"@id":"https:\/\/permakultur-landwirtschaft.org\/#organization"},"image":{"@id":"https:\/\/permakultur-landwirtschaft.org\/bio-diversifiees-locales-les-microfermes-veulent-revolutionner-lagriculture-suisse-article-du-26-janvier-2024\/#primaryimage"},"thumbnailUrl":"https:\/\/permakultur-landwirtschaft.org\/wp-content\/uploads\/2024\/02\/2024_Ferme_de_Bude.jpg","keywords":["Microfermes"],"articleSection":["Neuigkeit"],"inLanguage":"fr-FR"},{"@type":"WebPage","@id":"https:\/\/permakultur-landwirtschaft.org\/bio-diversifiees-locales-les-microfermes-veulent-revolutionner-lagriculture-suisse-article-du-26-janvier-2024\/","url":"https:\/\/permakultur-landwirtschaft.org\/bio-diversifiees-locales-les-microfermes-veulent-revolutionner-lagriculture-suisse-article-du-26-janvier-2024\/","name":"Bio, diversifi\u00e9es, locales: les microfermes veulent r\u00e9volutionner l'agriculture suisse - Article du 26 janvier 2024 - Permakultur-Landwirtschaft","isPartOf":{"@id":"https:\/\/permakultur-landwirtschaft.org\/#website"},"primaryImageOfPage":{"@id":"https:\/\/permakultur-landwirtschaft.org\/bio-diversifiees-locales-les-microfermes-veulent-revolutionner-lagriculture-suisse-article-du-26-janvier-2024\/#primaryimage"},"image":{"@id":"https:\/\/permakultur-landwirtschaft.org\/bio-diversifiees-locales-les-microfermes-veulent-revolutionner-lagriculture-suisse-article-du-26-janvier-2024\/#primaryimage"},"thumbnailUrl":"https:\/\/permakultur-landwirtschaft.org\/wp-content\/uploads\/2024\/02\/2024_Ferme_de_Bude.jpg","datePublished":"2024-01-21T15:17:35+00:00","dateModified":"2024-02-15T15:21:40+00:00","breadcrumb":{"@id":"https:\/\/permakultur-landwirtschaft.org\/bio-diversifiees-locales-les-microfermes-veulent-revolutionner-lagriculture-suisse-article-du-26-janvier-2024\/#breadcrumb"},"inLanguage":"fr-FR","potentialAction":[{"@type":"ReadAction","target":["https:\/\/permakultur-landwirtschaft.org\/bio-diversifiees-locales-les-microfermes-veulent-revolutionner-lagriculture-suisse-article-du-26-janvier-2024\/"]}]},{"@type":"ImageObject","inLanguage":"fr-FR","@id":"https:\/\/permakultur-landwirtschaft.org\/bio-diversifiees-locales-les-microfermes-veulent-revolutionner-lagriculture-suisse-article-du-26-janvier-2024\/#primaryimage","url":"https:\/\/permakultur-landwirtschaft.org\/wp-content\/uploads\/2024\/02\/2024_Ferme_de_Bude.jpg","contentUrl":"https:\/\/permakultur-landwirtschaft.org\/wp-content\/uploads\/2024\/02\/2024_Ferme_de_Bude.jpg","width":700,"height":466,"caption":"Bild: Keystone \/ Salvatore Di Nolfi"},{"@type":"BreadcrumbList","@id":"https:\/\/permakultur-landwirtschaft.org\/bio-diversifiees-locales-les-microfermes-veulent-revolutionner-lagriculture-suisse-article-du-26-janvier-2024\/#breadcrumb","itemListElement":[{"@type":"ListItem","position":1,"name":"Startseite","item":"https:\/\/permakultur-landwirtschaft.org\/"},{"@type":"ListItem","position":2,"name":"Bio, diversifi\u00e9es, locales: les microfermes veulent r\u00e9volutionner l&#8217;agriculture suisse &#8211; Article du 26 janvier 2024"}]},{"@type":"WebSite","@id":"https:\/\/permakultur-landwirtschaft.org\/#website","url":"https:\/\/permakultur-landwirtschaft.org\/","name":"Permakultur-Landwirtschaft","description":"F\u00f6rderung der Permakultur in der Landwirtschaft","publisher":{"@id":"https:\/\/permakultur-landwirtschaft.org\/#organization"},"potentialAction":[{"@type":"SearchAction","target":{"@type":"EntryPoint","urlTemplate":"https:\/\/permakultur-landwirtschaft.org\/?s={search_term_string}"},"query-input":{"@type":"PropertyValueSpecification","valueRequired":true,"valueName":"search_term_string"}}],"inLanguage":"fr-FR"},{"@type":"Organization","@id":"https:\/\/permakultur-landwirtschaft.org\/#organization","name":"Permakultur-Landwirtschaft","alternateName":"Verein Permakultur-Landwirtschaft","url":"https:\/\/permakultur-landwirtschaft.org\/","logo":{"@type":"ImageObject","inLanguage":"fr-FR","@id":"https:\/\/permakultur-landwirtschaft.org\/#\/schema\/logo\/image\/","url":"https:\/\/permakultur-landwirtschaft.org\/wp-content\/uploads\/2021\/11\/pela_1268x1269.png","contentUrl":"https:\/\/permakultur-landwirtschaft.org\/wp-content\/uploads\/2021\/11\/pela_1268x1269.png","width":1298,"height":1269,"caption":"Permakultur-Landwirtschaft"},"image":{"@id":"https:\/\/permakultur-landwirtschaft.org\/#\/schema\/logo\/image\/"},"sameAs":["https:\/\/www.facebook.com\/PermakulturLandwirtschaft","https:\/\/www.instagram.com\/permakultur_landwirtschaft\/","https:\/\/www.flickr.com\/photos\/permakultur-landwirtschaft","https:\/\/www.youtube.com\/@PermakulturLandwirtschaft"]},{"@type":"Person","@id":"https:\/\/permakultur-landwirtschaft.org\/#\/schema\/person\/6b0467872f75aed3e144093f9bf4f0b0","name":"adrian reutimann","url":"https:\/\/permakultur-landwirtschaft.org\/fr\/author\/reutiadr\/"}]}},"_links":{"self":[{"href":"https:\/\/permakultur-landwirtschaft.org\/fr\/wp-json\/wp\/v2\/posts\/33741","targetHints":{"allow":["GET"]}}],"collection":[{"href":"https:\/\/permakultur-landwirtschaft.org\/fr\/wp-json\/wp\/v2\/posts"}],"about":[{"href":"https:\/\/permakultur-landwirtschaft.org\/fr\/wp-json\/wp\/v2\/types\/post"}],"author":[{"embeddable":true,"href":"https:\/\/permakultur-landwirtschaft.org\/fr\/wp-json\/wp\/v2\/users\/2"}],"replies":[{"embeddable":true,"href":"https:\/\/permakultur-landwirtschaft.org\/fr\/wp-json\/wp\/v2\/comments?post=33741"}],"version-history":[{"count":1,"href":"https:\/\/permakultur-landwirtschaft.org\/fr\/wp-json\/wp\/v2\/posts\/33741\/revisions"}],"predecessor-version":[{"id":33743,"href":"https:\/\/permakultur-landwirtschaft.org\/fr\/wp-json\/wp\/v2\/posts\/33741\/revisions\/33743"}],"wp:featuredmedia":[{"embeddable":true,"href":"https:\/\/permakultur-landwirtschaft.org\/fr\/wp-json\/wp\/v2\/media\/33742"}],"wp:attachment":[{"href":"https:\/\/permakultur-landwirtschaft.org\/fr\/wp-json\/wp\/v2\/media?parent=33741"}],"wp:term":[{"taxonomy":"category","embeddable":true,"href":"https:\/\/permakultur-landwirtschaft.org\/fr\/wp-json\/wp\/v2\/categories?post=33741"},{"taxonomy":"post_tag","embeddable":true,"href":"https:\/\/permakultur-landwirtschaft.org\/fr\/wp-json\/wp\/v2\/tags?post=33741"}],"curies":[{"name":"wp","href":"https:\/\/api.w.org\/{rel}","templated":true}]}}