{"id":33531,"date":"2024-01-24T09:10:00","date_gmt":"2024-01-24T08:10:00","guid":{"rendered":"https:\/\/permakultur-landwirtschaft.org\/?p=33531"},"modified":"2024-02-13T09:15:20","modified_gmt":"2024-02-13T08:15:20","slug":"sepp-holzer-bauern-sind-sklaven-auf-dem-eigenen-hof-interview-vom-24-januar-2024","status":"publish","type":"post","link":"https:\/\/permakultur-landwirtschaft.org\/fr\/sepp-holzer-bauern-sind-sklaven-auf-dem-eigenen-hof-interview-vom-24-januar-2024\/","title":{"rendered":"Sepp Holzer: \u00abBauern sind Sklaven auf dem eigenen Hof\u00bb &#8211; Interview vom 24. Januar 2024"},"content":{"rendered":"<p>Text von pressenza.com:<\/p>\n\n\n\n<p><strong>Poltern kann er auch mit 82 Jahren noch. Anl\u00e4sslich seines neuen Buches \u00abAgrarrebellion jetzt!\u00bb sprach ich mit dem bekannten Bergbauern aus \u00d6sterreich \u00fcber die Bauernproteste und was Bauern heute anders machen sollten.<\/strong><\/p>\n\n\n\n<p>Sepp Holzer, heute 82, \u00fcbernahm mit 19 Jahren den elterlichen Bergbauernhof im Lungau im Bundesland Salzburg \u2013 auch als K\u00e4lteloch oder \u00abSibirien \u00d6sterreichs\u00bb bekannt. Der junge und streitbare Bauer begann mit seiner Frau Veronika in den 60er-Jahren ganz intuitiv etwas, was viel sp\u00e4ter als \u00abPermakultur\u00bb weltbekannt werden sollte: eine ganzheitliche Mischkultur, ein Biotop aus verflochtenen Symbiosen. Und das auf 1100 \u2013 1500 m Seeh\u00f6he. Er las \u00abim Buch der Natur\u00bb, wie er nicht m\u00fcde wird zu erkl\u00e4ren, und fand heraus, dass auch in diesen widrigen Umst\u00e4nden ohne Kunstd\u00fcnger und Pestizide ein sehr gutes Auskommen war. Seen und Teiche auf Bergh\u00e4ngen, Mischw\u00e4lder statt Fichtenw\u00fcsten, \u00fcppige Ernten von Obst, Kr\u00e4utern und Gem\u00fcse, artgerecht gehaltene, tats\u00e4chlich gl\u00fccklich wirkende Nutztiere.<\/p>\n\n\n\n<p>Vertretern von Landwirtschaftskammern und Beh\u00f6rden drohte er manchmal Pr\u00fcgel an und jagte sie vom Hof: Er blieb stur und liess sich nicht dreinreden. Der Erfolg gab ihm recht: Sein Krameterhof, den inzwischen sein Sohn Josef Holzer \u00fcbernommen hat, wirft seit Jahrzehnten ohne jegliche Subvention Gewinne ab. Jetzt schrieben Sepp und Josef Holzer zusammen ein neues Buch: \u00abAgrarrebellion jetzt!\u00bb.<\/p>\n\n\n\n<p><a href=\"https:\/\/www.pressenza.com\/de\/2024\/01\/sepp-holzer-bauern-sind-sklaven-auf-dem-eigenen-hof\/\" target=\"_blank\" rel=\"noreferrer noopener\">Link zum Interview<\/a><\/p>\n\n\n\n<p><a href=\"https:\/\/permakultur-landwirtschaft.org\/fr\/agrar-rebellion-jetzt-worum-es-beim-trockenen-begriff-permakultur-tatsaechlich-geht-artikel-vom-19-dezember-2023\/\">Infos zum Buch Agrarrebellion jetzt<\/a><\/p>","protected":false},"excerpt":{"rendered":"<p>Text von pressenza.com: Poltern kann er auch mit 82 Jahren noch. Anl\u00e4sslich seines neuen Buches \u00abAgrarrebellion jetzt!\u00bb sprach ich mit dem bekannten Bergbauern aus \u00d6sterreich \u00fcber die Bauernproteste und was Bauern heute anders machen sollten. Sepp Holzer, heute 82, \u00fcbernahm mit 19 Jahren den elterlichen Bergbauernhof im Lungau im Bundesland Salzburg \u2013 auch als K\u00e4lteloch [&hellip;]<\/p>\n","protected":false},"author":2,"featured_media":33532,"comment_status":"closed","ping_status":"closed","sticky":false,"template":"","format":"standard","meta":{"_acf_changed":false,"site-sidebar-layout":"default","site-content-layout":"","ast-site-content-layout":"default","site-content-style":"default","site-sidebar-style":"default","ast-global-header-display":"","ast-banner-title-visibility":"","ast-main-header-display":"","ast-hfb-above-header-display":"","ast-hfb-below-header-display":"","ast-hfb-mobile-header-display":"","site-post-title":"","ast-breadcrumbs-content":"","ast-featured-img":"","footer-sml-layout":"","ast-disable-related-posts":"","theme-transparent-header-meta":"","adv-header-id-meta":"","stick-header-meta":"","header-above-stick-meta":"","header-main-stick-meta":"","header-below-stick-meta":"","astra-migrate-meta-layouts":"set","ast-page-background-enabled":"default","ast-page-background-meta":{"desktop":{"background-color":"var(--ast-global-color-4)","background-image":"","background-repeat":"repeat","background-position":"center center","background-size":"auto","background-attachment":"scroll","background-type":"","background-media":"","overlay-type":"","overlay-color":"","overlay-opacity":"","overlay-gradient":""},"tablet":{"background-color":"","background-image":"","background-repeat":"repeat","background-position":"center center","background-size":"auto","background-attachment":"scroll","background-type":"","background-media":"","overlay-type":"","overlay-color":"","overlay-opacity":"","overlay-gradient":""},"mobile":{"background-color":"","background-image":"","background-repeat":"repeat","background-position":"center center","background-size":"auto","background-attachment":"scroll","background-type":"","background-media":"","overlay-type":"","overlay-color":"","overlay-opacity":"","overlay-gradient":""}},"ast-content-background-meta":{"desktop":{"background-color":"var(--ast-global-color-5)","background-image":"","background-repeat":"repeat","background-position":"center center","background-size":"auto","background-attachment":"scroll","background-type":"","background-media":"","overlay-type":"","overlay-color":"","overlay-opacity":"","overlay-gradient":""},"tablet":{"background-color":"var(--ast-global-color-5)","background-image":"","background-repeat":"repeat","background-position":"center center","background-size":"auto","background-attachment":"scroll","background-type":"","background-media":"","overlay-type":"","overlay-color":"","overlay-opacity":"","overlay-gradient":""},"mobile":{"background-color":"var(--ast-global-color-5)","background-image":"","background-repeat":"repeat","background-position":"center center","background-size":"auto","background-attachment":"scroll","background-type":"","background-media":"","overlay-type":"","overlay-color":"","overlay-opacity":"","overlay-gradient":""}},"footnotes":""},"categories":[22],"tags":[226,172,17,225],"class_list":["post-33531","post","type-post","status-publish","format-standard","has-post-thumbnail","hentry","category-neuigkeit","tag-agrarrebellion-jetzt","tag-interview","tag-permakultur","tag-sepp-holzer"],"acf":[],"yoast_head":"<!-- This site is optimized with the Yoast SEO plugin v27.5 - https:\/\/yoast.com\/product\/yoast-seo-wordpress\/ -->\n<title>Sepp Holzer: \u00abBauern sind Sklaven auf dem eigenen Hof\u00bb - Interview vom 24. Januar 2024 - Permakultur-Landwirtschaft<\/title>\n<meta name=\"robots\" content=\"index, follow, max-snippet:-1, max-image-preview:large, max-video-preview:-1\" \/>\n<link rel=\"canonical\" href=\"https:\/\/permakultur-landwirtschaft.org\/fr\/sepp-holzer-bauern-sind-sklaven-auf-dem-eigenen-hof-interview-vom-24-januar-2024\/\" \/>\n<meta property=\"og:locale\" content=\"fr_FR\" \/>\n<meta property=\"og:type\" content=\"article\" \/>\n<meta property=\"og:title\" content=\"Sepp Holzer: \u00abBauern sind Sklaven auf dem eigenen Hof\u00bb - Interview vom 24. Januar 2024 - Permakultur-Landwirtschaft\" \/>\n<meta property=\"og:description\" content=\"Text von pressenza.com: Poltern kann er auch mit 82 Jahren noch. Anl\u00e4sslich seines neuen Buches \u00abAgrarrebellion jetzt!\u00bb sprach ich mit dem bekannten Bergbauern aus \u00d6sterreich \u00fcber die Bauernproteste und was Bauern heute anders machen sollten. Sepp Holzer, heute 82, \u00fcbernahm mit 19 Jahren den elterlichen Bergbauernhof im Lungau im Bundesland Salzburg \u2013 auch als K\u00e4lteloch [&hellip;]\" \/>\n<meta property=\"og:url\" content=\"https:\/\/permakultur-landwirtschaft.org\/fr\/sepp-holzer-bauern-sind-sklaven-auf-dem-eigenen-hof-interview-vom-24-januar-2024\/\" \/>\n<meta property=\"og:site_name\" content=\"Permakultur-Landwirtschaft\" \/>\n<meta property=\"article:publisher\" content=\"https:\/\/www.facebook.com\/PermakulturLandwirtschaft\" \/>\n<meta property=\"article:published_time\" content=\"2024-01-24T08:10:00+00:00\" \/>\n<meta property=\"article:modified_time\" content=\"2024-02-13T08:15:20+00:00\" \/>\n<meta property=\"og:image\" content=\"https:\/\/permakultur-landwirtschaft.org\/wp-content\/uploads\/2024\/02\/2024_Portrait-Sepp-Holzerkl.jpg\" \/>\n\t<meta property=\"og:image:width\" content=\"700\" \/>\n\t<meta property=\"og:image:height\" content=\"676\" \/>\n\t<meta property=\"og:image:type\" content=\"image\/jpeg\" \/>\n<meta name=\"author\" content=\"adrian reutimann\" \/>\n<meta name=\"twitter:card\" content=\"summary_large_image\" \/>\n<meta name=\"twitter:label1\" content=\"\u00c9crit par\" \/>\n\t<meta name=\"twitter:data1\" content=\"adrian reutimann\" \/>\n\t<meta name=\"twitter:label2\" content=\"Dur\u00e9e de lecture estim\u00e9e\" \/>\n\t<meta name=\"twitter:data2\" content=\"2 minutes\" \/>\n<script type=\"application\/ld+json\" class=\"yoast-schema-graph\">{\"@context\":\"https:\\\/\\\/schema.org\",\"@graph\":[{\"@type\":\"Article\",\"@id\":\"https:\\\/\\\/permakultur-landwirtschaft.org\\\/sepp-holzer-bauern-sind-sklaven-auf-dem-eigenen-hof-interview-vom-24-januar-2024\\\/#article\",\"isPartOf\":{\"@id\":\"https:\\\/\\\/permakultur-landwirtschaft.org\\\/sepp-holzer-bauern-sind-sklaven-auf-dem-eigenen-hof-interview-vom-24-januar-2024\\\/\"},\"author\":{\"name\":\"adrian reutimann\",\"@id\":\"https:\\\/\\\/permakultur-landwirtschaft.org\\\/#\\\/schema\\\/person\\\/6b0467872f75aed3e144093f9bf4f0b0\"},\"headline\":\"Sepp Holzer: \u00abBauern sind Sklaven auf dem eigenen Hof\u00bb &#8211; Interview vom 24. Januar 2024\",\"datePublished\":\"2024-01-24T08:10:00+00:00\",\"dateModified\":\"2024-02-13T08:15:20+00:00\",\"mainEntityOfPage\":{\"@id\":\"https:\\\/\\\/permakultur-landwirtschaft.org\\\/sepp-holzer-bauern-sind-sklaven-auf-dem-eigenen-hof-interview-vom-24-januar-2024\\\/\"},\"wordCount\":241,\"publisher\":{\"@id\":\"https:\\\/\\\/permakultur-landwirtschaft.org\\\/#organization\"},\"image\":{\"@id\":\"https:\\\/\\\/permakultur-landwirtschaft.org\\\/sepp-holzer-bauern-sind-sklaven-auf-dem-eigenen-hof-interview-vom-24-januar-2024\\\/#primaryimage\"},\"thumbnailUrl\":\"https:\\\/\\\/permakultur-landwirtschaft.org\\\/wp-content\\\/uploads\\\/2024\\\/02\\\/2024_Portrait-Sepp-Holzerkl.jpg\",\"keywords\":[\"Agrarrebellion jetzt\",\"Interview\",\"Permakultur\",\"Sepp Holzer\"],\"articleSection\":[\"Neuigkeit\"],\"inLanguage\":\"fr-FR\"},{\"@type\":\"WebPage\",\"@id\":\"https:\\\/\\\/permakultur-landwirtschaft.org\\\/sepp-holzer-bauern-sind-sklaven-auf-dem-eigenen-hof-interview-vom-24-januar-2024\\\/\",\"url\":\"https:\\\/\\\/permakultur-landwirtschaft.org\\\/sepp-holzer-bauern-sind-sklaven-auf-dem-eigenen-hof-interview-vom-24-januar-2024\\\/\",\"name\":\"Sepp Holzer: \u00abBauern sind Sklaven auf dem eigenen Hof\u00bb - Interview vom 24. Januar 2024 - Permakultur-Landwirtschaft\",\"isPartOf\":{\"@id\":\"https:\\\/\\\/permakultur-landwirtschaft.org\\\/#website\"},\"primaryImageOfPage\":{\"@id\":\"https:\\\/\\\/permakultur-landwirtschaft.org\\\/sepp-holzer-bauern-sind-sklaven-auf-dem-eigenen-hof-interview-vom-24-januar-2024\\\/#primaryimage\"},\"image\":{\"@id\":\"https:\\\/\\\/permakultur-landwirtschaft.org\\\/sepp-holzer-bauern-sind-sklaven-auf-dem-eigenen-hof-interview-vom-24-januar-2024\\\/#primaryimage\"},\"thumbnailUrl\":\"https:\\\/\\\/permakultur-landwirtschaft.org\\\/wp-content\\\/uploads\\\/2024\\\/02\\\/2024_Portrait-Sepp-Holzerkl.jpg\",\"datePublished\":\"2024-01-24T08:10:00+00:00\",\"dateModified\":\"2024-02-13T08:15:20+00:00\",\"breadcrumb\":{\"@id\":\"https:\\\/\\\/permakultur-landwirtschaft.org\\\/sepp-holzer-bauern-sind-sklaven-auf-dem-eigenen-hof-interview-vom-24-januar-2024\\\/#breadcrumb\"},\"inLanguage\":\"fr-FR\",\"potentialAction\":[{\"@type\":\"ReadAction\",\"target\":[\"https:\\\/\\\/permakultur-landwirtschaft.org\\\/sepp-holzer-bauern-sind-sklaven-auf-dem-eigenen-hof-interview-vom-24-januar-2024\\\/\"]}]},{\"@type\":\"ImageObject\",\"inLanguage\":\"fr-FR\",\"@id\":\"https:\\\/\\\/permakultur-landwirtschaft.org\\\/sepp-holzer-bauern-sind-sklaven-auf-dem-eigenen-hof-interview-vom-24-januar-2024\\\/#primaryimage\",\"url\":\"https:\\\/\\\/permakultur-landwirtschaft.org\\\/wp-content\\\/uploads\\\/2024\\\/02\\\/2024_Portrait-Sepp-Holzerkl.jpg\",\"contentUrl\":\"https:\\\/\\\/permakultur-landwirtschaft.org\\\/wp-content\\\/uploads\\\/2024\\\/02\\\/2024_Portrait-Sepp-Holzerkl.jpg\",\"width\":700,\"height\":676,\"caption\":\"Bild: pressenza.com\"},{\"@type\":\"BreadcrumbList\",\"@id\":\"https:\\\/\\\/permakultur-landwirtschaft.org\\\/sepp-holzer-bauern-sind-sklaven-auf-dem-eigenen-hof-interview-vom-24-januar-2024\\\/#breadcrumb\",\"itemListElement\":[{\"@type\":\"ListItem\",\"position\":1,\"name\":\"Startseite\",\"item\":\"https:\\\/\\\/permakultur-landwirtschaft.org\\\/\"},{\"@type\":\"ListItem\",\"position\":2,\"name\":\"Sepp Holzer: \u00abBauern sind Sklaven auf dem eigenen Hof\u00bb &#8211; Interview vom 24. Januar 2024\"}]},{\"@type\":\"WebSite\",\"@id\":\"https:\\\/\\\/permakultur-landwirtschaft.org\\\/#website\",\"url\":\"https:\\\/\\\/permakultur-landwirtschaft.org\\\/\",\"name\":\"Permakultur-Landwirtschaft\",\"description\":\"F\u00f6rderung der Permakultur in der Landwirtschaft\",\"publisher\":{\"@id\":\"https:\\\/\\\/permakultur-landwirtschaft.org\\\/#organization\"},\"potentialAction\":[{\"@type\":\"SearchAction\",\"target\":{\"@type\":\"EntryPoint\",\"urlTemplate\":\"https:\\\/\\\/permakultur-landwirtschaft.org\\\/?s={search_term_string}\"},\"query-input\":{\"@type\":\"PropertyValueSpecification\",\"valueRequired\":true,\"valueName\":\"search_term_string\"}}],\"inLanguage\":\"fr-FR\"},{\"@type\":\"Organization\",\"@id\":\"https:\\\/\\\/permakultur-landwirtschaft.org\\\/#organization\",\"name\":\"Permakultur-Landwirtschaft\",\"alternateName\":\"Verein Permakultur-Landwirtschaft\",\"url\":\"https:\\\/\\\/permakultur-landwirtschaft.org\\\/\",\"logo\":{\"@type\":\"ImageObject\",\"inLanguage\":\"fr-FR\",\"@id\":\"https:\\\/\\\/permakultur-landwirtschaft.org\\\/#\\\/schema\\\/logo\\\/image\\\/\",\"url\":\"https:\\\/\\\/permakultur-landwirtschaft.org\\\/wp-content\\\/uploads\\\/2021\\\/11\\\/pela_1268x1269.png\",\"contentUrl\":\"https:\\\/\\\/permakultur-landwirtschaft.org\\\/wp-content\\\/uploads\\\/2021\\\/11\\\/pela_1268x1269.png\",\"width\":1298,\"height\":1269,\"caption\":\"Permakultur-Landwirtschaft\"},\"image\":{\"@id\":\"https:\\\/\\\/permakultur-landwirtschaft.org\\\/#\\\/schema\\\/logo\\\/image\\\/\"},\"sameAs\":[\"https:\\\/\\\/www.facebook.com\\\/PermakulturLandwirtschaft\",\"https:\\\/\\\/www.instagram.com\\\/permakultur_landwirtschaft\\\/\",\"https:\\\/\\\/www.flickr.com\\\/photos\\\/permakultur-landwirtschaft\",\"https:\\\/\\\/www.youtube.com\\\/@PermakulturLandwirtschaft\"]},{\"@type\":\"Person\",\"@id\":\"https:\\\/\\\/permakultur-landwirtschaft.org\\\/#\\\/schema\\\/person\\\/6b0467872f75aed3e144093f9bf4f0b0\",\"name\":\"adrian reutimann\",\"url\":\"https:\\\/\\\/permakultur-landwirtschaft.org\\\/fr\\\/author\\\/reutiadr\\\/\"}]}<\/script>\n<!-- \/ Yoast SEO plugin. -->","yoast_head_json":{"title":"Sepp Holzer: \u00abBauern sind Sklaven auf dem eigenen Hof\u00bb - Interview vom 24. Januar 2024 - Permakultur-Landwirtschaft","robots":{"index":"index","follow":"follow","max-snippet":"max-snippet:-1","max-image-preview":"max-image-preview:large","max-video-preview":"max-video-preview:-1"},"canonical":"https:\/\/permakultur-landwirtschaft.org\/fr\/sepp-holzer-bauern-sind-sklaven-auf-dem-eigenen-hof-interview-vom-24-januar-2024\/","og_locale":"fr_FR","og_type":"article","og_title":"Sepp Holzer: \u00abBauern sind Sklaven auf dem eigenen Hof\u00bb - Interview vom 24. Januar 2024 - Permakultur-Landwirtschaft","og_description":"Text von pressenza.com: Poltern kann er auch mit 82 Jahren noch. Anl\u00e4sslich seines neuen Buches \u00abAgrarrebellion jetzt!\u00bb sprach ich mit dem bekannten Bergbauern aus \u00d6sterreich \u00fcber die Bauernproteste und was Bauern heute anders machen sollten. Sepp Holzer, heute 82, \u00fcbernahm mit 19 Jahren den elterlichen Bergbauernhof im Lungau im Bundesland Salzburg \u2013 auch als K\u00e4lteloch [&hellip;]","og_url":"https:\/\/permakultur-landwirtschaft.org\/fr\/sepp-holzer-bauern-sind-sklaven-auf-dem-eigenen-hof-interview-vom-24-januar-2024\/","og_site_name":"Permakultur-Landwirtschaft","article_publisher":"https:\/\/www.facebook.com\/PermakulturLandwirtschaft","article_published_time":"2024-01-24T08:10:00+00:00","article_modified_time":"2024-02-13T08:15:20+00:00","og_image":[{"width":700,"height":676,"url":"https:\/\/permakultur-landwirtschaft.org\/wp-content\/uploads\/2024\/02\/2024_Portrait-Sepp-Holzerkl.jpg","type":"image\/jpeg"}],"author":"adrian reutimann","twitter_card":"summary_large_image","twitter_misc":{"\u00c9crit par":"adrian reutimann","Dur\u00e9e de lecture estim\u00e9e":"2 minutes"},"schema":{"@context":"https:\/\/schema.org","@graph":[{"@type":"Article","@id":"https:\/\/permakultur-landwirtschaft.org\/sepp-holzer-bauern-sind-sklaven-auf-dem-eigenen-hof-interview-vom-24-januar-2024\/#article","isPartOf":{"@id":"https:\/\/permakultur-landwirtschaft.org\/sepp-holzer-bauern-sind-sklaven-auf-dem-eigenen-hof-interview-vom-24-januar-2024\/"},"author":{"name":"adrian reutimann","@id":"https:\/\/permakultur-landwirtschaft.org\/#\/schema\/person\/6b0467872f75aed3e144093f9bf4f0b0"},"headline":"Sepp Holzer: \u00abBauern sind Sklaven auf dem eigenen Hof\u00bb &#8211; Interview vom 24. Januar 2024","datePublished":"2024-01-24T08:10:00+00:00","dateModified":"2024-02-13T08:15:20+00:00","mainEntityOfPage":{"@id":"https:\/\/permakultur-landwirtschaft.org\/sepp-holzer-bauern-sind-sklaven-auf-dem-eigenen-hof-interview-vom-24-januar-2024\/"},"wordCount":241,"publisher":{"@id":"https:\/\/permakultur-landwirtschaft.org\/#organization"},"image":{"@id":"https:\/\/permakultur-landwirtschaft.org\/sepp-holzer-bauern-sind-sklaven-auf-dem-eigenen-hof-interview-vom-24-januar-2024\/#primaryimage"},"thumbnailUrl":"https:\/\/permakultur-landwirtschaft.org\/wp-content\/uploads\/2024\/02\/2024_Portrait-Sepp-Holzerkl.jpg","keywords":["Agrarrebellion jetzt","Interview","Permakultur","Sepp Holzer"],"articleSection":["Neuigkeit"],"inLanguage":"fr-FR"},{"@type":"WebPage","@id":"https:\/\/permakultur-landwirtschaft.org\/sepp-holzer-bauern-sind-sklaven-auf-dem-eigenen-hof-interview-vom-24-januar-2024\/","url":"https:\/\/permakultur-landwirtschaft.org\/sepp-holzer-bauern-sind-sklaven-auf-dem-eigenen-hof-interview-vom-24-januar-2024\/","name":"Sepp Holzer: \u00abBauern sind Sklaven auf dem eigenen Hof\u00bb - Interview vom 24. Januar 2024 - Permakultur-Landwirtschaft","isPartOf":{"@id":"https:\/\/permakultur-landwirtschaft.org\/#website"},"primaryImageOfPage":{"@id":"https:\/\/permakultur-landwirtschaft.org\/sepp-holzer-bauern-sind-sklaven-auf-dem-eigenen-hof-interview-vom-24-januar-2024\/#primaryimage"},"image":{"@id":"https:\/\/permakultur-landwirtschaft.org\/sepp-holzer-bauern-sind-sklaven-auf-dem-eigenen-hof-interview-vom-24-januar-2024\/#primaryimage"},"thumbnailUrl":"https:\/\/permakultur-landwirtschaft.org\/wp-content\/uploads\/2024\/02\/2024_Portrait-Sepp-Holzerkl.jpg","datePublished":"2024-01-24T08:10:00+00:00","dateModified":"2024-02-13T08:15:20+00:00","breadcrumb":{"@id":"https:\/\/permakultur-landwirtschaft.org\/sepp-holzer-bauern-sind-sklaven-auf-dem-eigenen-hof-interview-vom-24-januar-2024\/#breadcrumb"},"inLanguage":"fr-FR","potentialAction":[{"@type":"ReadAction","target":["https:\/\/permakultur-landwirtschaft.org\/sepp-holzer-bauern-sind-sklaven-auf-dem-eigenen-hof-interview-vom-24-januar-2024\/"]}]},{"@type":"ImageObject","inLanguage":"fr-FR","@id":"https:\/\/permakultur-landwirtschaft.org\/sepp-holzer-bauern-sind-sklaven-auf-dem-eigenen-hof-interview-vom-24-januar-2024\/#primaryimage","url":"https:\/\/permakultur-landwirtschaft.org\/wp-content\/uploads\/2024\/02\/2024_Portrait-Sepp-Holzerkl.jpg","contentUrl":"https:\/\/permakultur-landwirtschaft.org\/wp-content\/uploads\/2024\/02\/2024_Portrait-Sepp-Holzerkl.jpg","width":700,"height":676,"caption":"Bild: pressenza.com"},{"@type":"BreadcrumbList","@id":"https:\/\/permakultur-landwirtschaft.org\/sepp-holzer-bauern-sind-sklaven-auf-dem-eigenen-hof-interview-vom-24-januar-2024\/#breadcrumb","itemListElement":[{"@type":"ListItem","position":1,"name":"Startseite","item":"https:\/\/permakultur-landwirtschaft.org\/"},{"@type":"ListItem","position":2,"name":"Sepp Holzer: \u00abBauern sind Sklaven auf dem eigenen Hof\u00bb &#8211; Interview vom 24. Januar 2024"}]},{"@type":"WebSite","@id":"https:\/\/permakultur-landwirtschaft.org\/#website","url":"https:\/\/permakultur-landwirtschaft.org\/","name":"Permakultur-Landwirtschaft","description":"F\u00f6rderung der Permakultur in der Landwirtschaft","publisher":{"@id":"https:\/\/permakultur-landwirtschaft.org\/#organization"},"potentialAction":[{"@type":"SearchAction","target":{"@type":"EntryPoint","urlTemplate":"https:\/\/permakultur-landwirtschaft.org\/?s={search_term_string}"},"query-input":{"@type":"PropertyValueSpecification","valueRequired":true,"valueName":"search_term_string"}}],"inLanguage":"fr-FR"},{"@type":"Organization","@id":"https:\/\/permakultur-landwirtschaft.org\/#organization","name":"Permakultur-Landwirtschaft","alternateName":"Verein Permakultur-Landwirtschaft","url":"https:\/\/permakultur-landwirtschaft.org\/","logo":{"@type":"ImageObject","inLanguage":"fr-FR","@id":"https:\/\/permakultur-landwirtschaft.org\/#\/schema\/logo\/image\/","url":"https:\/\/permakultur-landwirtschaft.org\/wp-content\/uploads\/2021\/11\/pela_1268x1269.png","contentUrl":"https:\/\/permakultur-landwirtschaft.org\/wp-content\/uploads\/2021\/11\/pela_1268x1269.png","width":1298,"height":1269,"caption":"Permakultur-Landwirtschaft"},"image":{"@id":"https:\/\/permakultur-landwirtschaft.org\/#\/schema\/logo\/image\/"},"sameAs":["https:\/\/www.facebook.com\/PermakulturLandwirtschaft","https:\/\/www.instagram.com\/permakultur_landwirtschaft\/","https:\/\/www.flickr.com\/photos\/permakultur-landwirtschaft","https:\/\/www.youtube.com\/@PermakulturLandwirtschaft"]},{"@type":"Person","@id":"https:\/\/permakultur-landwirtschaft.org\/#\/schema\/person\/6b0467872f75aed3e144093f9bf4f0b0","name":"adrian reutimann","url":"https:\/\/permakultur-landwirtschaft.org\/fr\/author\/reutiadr\/"}]}},"_links":{"self":[{"href":"https:\/\/permakultur-landwirtschaft.org\/fr\/wp-json\/wp\/v2\/posts\/33531","targetHints":{"allow":["GET"]}}],"collection":[{"href":"https:\/\/permakultur-landwirtschaft.org\/fr\/wp-json\/wp\/v2\/posts"}],"about":[{"href":"https:\/\/permakultur-landwirtschaft.org\/fr\/wp-json\/wp\/v2\/types\/post"}],"author":[{"embeddable":true,"href":"https:\/\/permakultur-landwirtschaft.org\/fr\/wp-json\/wp\/v2\/users\/2"}],"replies":[{"embeddable":true,"href":"https:\/\/permakultur-landwirtschaft.org\/fr\/wp-json\/wp\/v2\/comments?post=33531"}],"version-history":[{"count":2,"href":"https:\/\/permakultur-landwirtschaft.org\/fr\/wp-json\/wp\/v2\/posts\/33531\/revisions"}],"predecessor-version":[{"id":33534,"href":"https:\/\/permakultur-landwirtschaft.org\/fr\/wp-json\/wp\/v2\/posts\/33531\/revisions\/33534"}],"wp:featuredmedia":[{"embeddable":true,"href":"https:\/\/permakultur-landwirtschaft.org\/fr\/wp-json\/wp\/v2\/media\/33532"}],"wp:attachment":[{"href":"https:\/\/permakultur-landwirtschaft.org\/fr\/wp-json\/wp\/v2\/media?parent=33531"}],"wp:term":[{"taxonomy":"category","embeddable":true,"href":"https:\/\/permakultur-landwirtschaft.org\/fr\/wp-json\/wp\/v2\/categories?post=33531"},{"taxonomy":"post_tag","embeddable":true,"href":"https:\/\/permakultur-landwirtschaft.org\/fr\/wp-json\/wp\/v2\/tags?post=33531"}],"curies":[{"name":"wp","href":"https:\/\/api.w.org\/{rel}","templated":true}]}}