{"id":33412,"date":"2023-12-19T09:55:00","date_gmt":"2023-12-19T08:55:00","guid":{"rendered":"https:\/\/permakultur-landwirtschaft.org\/?p=33412"},"modified":"2024-01-11T10:04:39","modified_gmt":"2024-01-11T09:04:39","slug":"agrar-rebellion-jetzt-worum-es-beim-trockenen-begriff-permakultur-tatsaechlich-geht-artikel-vom-19-dezember-2023","status":"publish","type":"post","link":"https:\/\/permakultur-landwirtschaft.org\/fr\/agrar-rebellion-jetzt-worum-es-beim-trockenen-begriff-permakultur-tatsaechlich-geht-artikel-vom-19-dezember-2023\/","title":{"rendered":"Agrar-Rebellion jetzt: Worum es beim trockenen Begriff Permakultur tats\u00e4chlich geht &#8211; Artikel vom 19. Dezember 2023"},"content":{"rendered":"<p>Text von l-iz.de:<\/p>\n\n\n\n<p>Die deutschen Bauern fahren mit ihren Traktoren nach Berlin, Leipzig und Dresden, um gegen die K\u00fcrzungen der aktuellen Regierungen beim Agrar-Diesel zu protestieren. Aus guten Gr\u00fcnden: Vielen steht sowieso das Wasser bis zum Hals. Sie m\u00fcssen billig f\u00fcr eine Lebensmittelindustrie produzieren, der das Wohl der Bauern genauso egal ist wie die Zukunft unserer Nahrungsgrundlagen. Dagegen hat der Bauer Sepp Holzer schon vor 60 Jahren rebelliert.<\/p>\n\n\n\n<p>Seinen Hof, den Krameterhof, hatte er im Salzburger Lungau, mitten in den \u00f6sterreichischen Alpen. Ein typischer Bergbauernhof mit Hanglage, zum Zeitpunkt der \u00dcbernahme v\u00f6llig \u00fcberschuldet. Heute bewirtschaftet Holzers Sohn Josef A. Holzer den Hof, der l\u00e4ngst zu einem Pilgerziel f\u00fcr Professoren, Studenten und viele andere Leute geworden ist, die lernen wollen, wie man so ein St\u00fcckchen Land mit Methoden, die sich von denen der heutigen industriellen Landwirtschaft so radikal unterscheiden, zum Bl\u00fchen und Gedeihen bringen kann.<\/p>\n\n\n\n<p>Ein Thema, das damals, als Sepp Holzer den Hof des Vaters \u00fcbernahmen, noch nicht so dr\u00e4ngend erschien wie heute. Auch wenn Holzer mit eigenen Augen sah, was die Industrialisierung der Landwirtschaft damals schon anrichtete. Und seither weltweit auf den wertvollsten Fl\u00e4chen anrichtet, die wir haben: den fruchtbaren B\u00f6den. Die aber weltweit immer weniger werden, weil sie falsch behandelt werden, mit schwerem Ger\u00e4t befahren, der prallen Sonne ausgesetzt, mit Chemikalien getr\u00e4nkt und ausgebeutet f\u00fcr eine Landwirtschaft der Monokulturen, die das kapitalistische Dogma verinnerlicht hat, dass viel viel hilft und gro\u00dfe Investitionen gro\u00dfe Ernten mit sich bringen.<\/p>\n\n\n\n<p><a href=\"https:\/\/www.l-iz.de\/bildung\/buecher\/2023\/12\/agrar-rebellion-jetzt-worum-es-beim-trockenen-begriff-permakultur-tatsaechlich-geht-569166\" target=\"_blank\" rel=\"noreferrer noopener\">Link zum Artikel<\/a><\/p>","protected":false},"excerpt":{"rendered":"<p>Text von l-iz.de: Die deutschen Bauern fahren mit ihren Traktoren nach Berlin, Leipzig und Dresden, um gegen die K\u00fcrzungen der aktuellen Regierungen beim Agrar-Diesel zu protestieren. Aus guten Gr\u00fcnden: Vielen steht sowieso das Wasser bis zum Hals. Sie m\u00fcssen billig f\u00fcr eine Lebensmittelindustrie produzieren, der das Wohl der Bauern genauso egal ist wie die Zukunft [&hellip;]<\/p>\n","protected":false},"author":2,"featured_media":33413,"comment_status":"closed","ping_status":"closed","sticky":false,"template":"","format":"standard","meta":{"_acf_changed":false,"site-sidebar-layout":"default","site-content-layout":"","ast-site-content-layout":"default","site-content-style":"default","site-sidebar-style":"default","ast-global-header-display":"","ast-banner-title-visibility":"","ast-main-header-display":"","ast-hfb-above-header-display":"","ast-hfb-below-header-display":"","ast-hfb-mobile-header-display":"","site-post-title":"","ast-breadcrumbs-content":"","ast-featured-img":"","footer-sml-layout":"","ast-disable-related-posts":"","theme-transparent-header-meta":"","adv-header-id-meta":"","stick-header-meta":"","header-above-stick-meta":"","header-main-stick-meta":"","header-below-stick-meta":"","astra-migrate-meta-layouts":"set","ast-page-background-enabled":"default","ast-page-background-meta":{"desktop":{"background-color":"var(--ast-global-color-4)","background-image":"","background-repeat":"repeat","background-position":"center center","background-size":"auto","background-attachment":"scroll","background-type":"","background-media":"","overlay-type":"","overlay-color":"","overlay-opacity":"","overlay-gradient":""},"tablet":{"background-color":"","background-image":"","background-repeat":"repeat","background-position":"center center","background-size":"auto","background-attachment":"scroll","background-type":"","background-media":"","overlay-type":"","overlay-color":"","overlay-opacity":"","overlay-gradient":""},"mobile":{"background-color":"","background-image":"","background-repeat":"repeat","background-position":"center center","background-size":"auto","background-attachment":"scroll","background-type":"","background-media":"","overlay-type":"","overlay-color":"","overlay-opacity":"","overlay-gradient":""}},"ast-content-background-meta":{"desktop":{"background-color":"var(--ast-global-color-5)","background-image":"","background-repeat":"repeat","background-position":"center center","background-size":"auto","background-attachment":"scroll","background-type":"","background-media":"","overlay-type":"","overlay-color":"","overlay-opacity":"","overlay-gradient":""},"tablet":{"background-color":"var(--ast-global-color-5)","background-image":"","background-repeat":"repeat","background-position":"center center","background-size":"auto","background-attachment":"scroll","background-type":"","background-media":"","overlay-type":"","overlay-color":"","overlay-opacity":"","overlay-gradient":""},"mobile":{"background-color":"var(--ast-global-color-5)","background-image":"","background-repeat":"repeat","background-position":"center center","background-size":"auto","background-attachment":"scroll","background-type":"","background-media":"","overlay-type":"","overlay-color":"","overlay-opacity":"","overlay-gradient":""}},"footnotes":""},"categories":[22],"tags":[222,169,17],"class_list":["post-33412","post","type-post","status-publish","format-standard","has-post-thumbnail","hentry","category-neuigkeit","tag-agrar-rebellion","tag-holzer","tag-permakultur"],"acf":[],"yoast_head":"<!-- This site is optimized with the Yoast SEO plugin v27.5 - https:\/\/yoast.com\/product\/yoast-seo-wordpress\/ -->\n<title>Agrar-Rebellion jetzt: Worum es beim trockenen Begriff Permakultur tats\u00e4chlich geht - Artikel vom 19. Dezember 2023 - Permakultur-Landwirtschaft<\/title>\n<meta name=\"robots\" content=\"index, follow, max-snippet:-1, max-image-preview:large, max-video-preview:-1\" \/>\n<link rel=\"canonical\" href=\"https:\/\/permakultur-landwirtschaft.org\/fr\/agrar-rebellion-jetzt-worum-es-beim-trockenen-begriff-permakultur-tatsaechlich-geht-artikel-vom-19-dezember-2023\/\" \/>\n<meta property=\"og:locale\" content=\"fr_FR\" \/>\n<meta property=\"og:type\" content=\"article\" \/>\n<meta property=\"og:title\" content=\"Agrar-Rebellion jetzt: Worum es beim trockenen Begriff Permakultur tats\u00e4chlich geht - Artikel vom 19. Dezember 2023 - Permakultur-Landwirtschaft\" \/>\n<meta property=\"og:description\" content=\"Text von l-iz.de: Die deutschen Bauern fahren mit ihren Traktoren nach Berlin, Leipzig und Dresden, um gegen die K\u00fcrzungen der aktuellen Regierungen beim Agrar-Diesel zu protestieren. Aus guten Gr\u00fcnden: Vielen steht sowieso das Wasser bis zum Hals. Sie m\u00fcssen billig f\u00fcr eine Lebensmittelindustrie produzieren, der das Wohl der Bauern genauso egal ist wie die Zukunft [&hellip;]\" \/>\n<meta property=\"og:url\" content=\"https:\/\/permakultur-landwirtschaft.org\/fr\/agrar-rebellion-jetzt-worum-es-beim-trockenen-begriff-permakultur-tatsaechlich-geht-artikel-vom-19-dezember-2023\/\" \/>\n<meta property=\"og:site_name\" content=\"Permakultur-Landwirtschaft\" \/>\n<meta property=\"article:publisher\" content=\"https:\/\/www.facebook.com\/PermakulturLandwirtschaft\" \/>\n<meta property=\"article:published_time\" content=\"2023-12-19T08:55:00+00:00\" \/>\n<meta property=\"article:modified_time\" content=\"2024-01-11T09:04:39+00:00\" \/>\n<meta property=\"og:image\" content=\"https:\/\/permakultur-landwirtschaft.org\/wp-content\/uploads\/2024\/01\/leibziger_zeitung_agrarrebelion_holzer_agrar-2048x1363-1.jpg\" \/>\n\t<meta property=\"og:image:width\" content=\"700\" \/>\n\t<meta property=\"og:image:height\" content=\"465\" \/>\n\t<meta property=\"og:image:type\" content=\"image\/jpeg\" \/>\n<meta name=\"author\" content=\"adrian reutimann\" \/>\n<meta name=\"twitter:card\" content=\"summary_large_image\" \/>\n<meta name=\"twitter:label1\" content=\"\u00c9crit par\" \/>\n\t<meta name=\"twitter:data1\" content=\"adrian reutimann\" \/>\n\t<meta name=\"twitter:label2\" content=\"Dur\u00e9e de lecture estim\u00e9e\" \/>\n\t<meta name=\"twitter:data2\" content=\"2 minutes\" \/>\n<script type=\"application\/ld+json\" class=\"yoast-schema-graph\">{\"@context\":\"https:\\\/\\\/schema.org\",\"@graph\":[{\"@type\":\"Article\",\"@id\":\"https:\\\/\\\/permakultur-landwirtschaft.org\\\/agrar-rebellion-jetzt-worum-es-beim-trockenen-begriff-permakultur-tatsaechlich-geht-artikel-vom-19-dezember-2023\\\/#article\",\"isPartOf\":{\"@id\":\"https:\\\/\\\/permakultur-landwirtschaft.org\\\/agrar-rebellion-jetzt-worum-es-beim-trockenen-begriff-permakultur-tatsaechlich-geht-artikel-vom-19-dezember-2023\\\/\"},\"author\":{\"name\":\"adrian reutimann\",\"@id\":\"https:\\\/\\\/permakultur-landwirtschaft.org\\\/#\\\/schema\\\/person\\\/6b0467872f75aed3e144093f9bf4f0b0\"},\"headline\":\"Agrar-Rebellion jetzt: Worum es beim trockenen Begriff Permakultur tats\u00e4chlich geht &#8211; Artikel vom 19. Dezember 2023\",\"datePublished\":\"2023-12-19T08:55:00+00:00\",\"dateModified\":\"2024-01-11T09:04:39+00:00\",\"mainEntityOfPage\":{\"@id\":\"https:\\\/\\\/permakultur-landwirtschaft.org\\\/agrar-rebellion-jetzt-worum-es-beim-trockenen-begriff-permakultur-tatsaechlich-geht-artikel-vom-19-dezember-2023\\\/\"},\"wordCount\":274,\"publisher\":{\"@id\":\"https:\\\/\\\/permakultur-landwirtschaft.org\\\/#organization\"},\"image\":{\"@id\":\"https:\\\/\\\/permakultur-landwirtschaft.org\\\/agrar-rebellion-jetzt-worum-es-beim-trockenen-begriff-permakultur-tatsaechlich-geht-artikel-vom-19-dezember-2023\\\/#primaryimage\"},\"thumbnailUrl\":\"https:\\\/\\\/permakultur-landwirtschaft.org\\\/wp-content\\\/uploads\\\/2024\\\/01\\\/leibziger_zeitung_agrarrebelion_holzer_agrar-2048x1363-1.jpg\",\"keywords\":[\"Agrar Rebellion\",\"Holzer\",\"Permakultur\"],\"articleSection\":[\"Neuigkeit\"],\"inLanguage\":\"fr-FR\"},{\"@type\":\"WebPage\",\"@id\":\"https:\\\/\\\/permakultur-landwirtschaft.org\\\/agrar-rebellion-jetzt-worum-es-beim-trockenen-begriff-permakultur-tatsaechlich-geht-artikel-vom-19-dezember-2023\\\/\",\"url\":\"https:\\\/\\\/permakultur-landwirtschaft.org\\\/agrar-rebellion-jetzt-worum-es-beim-trockenen-begriff-permakultur-tatsaechlich-geht-artikel-vom-19-dezember-2023\\\/\",\"name\":\"Agrar-Rebellion jetzt: Worum es beim trockenen Begriff Permakultur tats\u00e4chlich geht - Artikel vom 19. Dezember 2023 - Permakultur-Landwirtschaft\",\"isPartOf\":{\"@id\":\"https:\\\/\\\/permakultur-landwirtschaft.org\\\/#website\"},\"primaryImageOfPage\":{\"@id\":\"https:\\\/\\\/permakultur-landwirtschaft.org\\\/agrar-rebellion-jetzt-worum-es-beim-trockenen-begriff-permakultur-tatsaechlich-geht-artikel-vom-19-dezember-2023\\\/#primaryimage\"},\"image\":{\"@id\":\"https:\\\/\\\/permakultur-landwirtschaft.org\\\/agrar-rebellion-jetzt-worum-es-beim-trockenen-begriff-permakultur-tatsaechlich-geht-artikel-vom-19-dezember-2023\\\/#primaryimage\"},\"thumbnailUrl\":\"https:\\\/\\\/permakultur-landwirtschaft.org\\\/wp-content\\\/uploads\\\/2024\\\/01\\\/leibziger_zeitung_agrarrebelion_holzer_agrar-2048x1363-1.jpg\",\"datePublished\":\"2023-12-19T08:55:00+00:00\",\"dateModified\":\"2024-01-11T09:04:39+00:00\",\"breadcrumb\":{\"@id\":\"https:\\\/\\\/permakultur-landwirtschaft.org\\\/agrar-rebellion-jetzt-worum-es-beim-trockenen-begriff-permakultur-tatsaechlich-geht-artikel-vom-19-dezember-2023\\\/#breadcrumb\"},\"inLanguage\":\"fr-FR\",\"potentialAction\":[{\"@type\":\"ReadAction\",\"target\":[\"https:\\\/\\\/permakultur-landwirtschaft.org\\\/agrar-rebellion-jetzt-worum-es-beim-trockenen-begriff-permakultur-tatsaechlich-geht-artikel-vom-19-dezember-2023\\\/\"]}]},{\"@type\":\"ImageObject\",\"inLanguage\":\"fr-FR\",\"@id\":\"https:\\\/\\\/permakultur-landwirtschaft.org\\\/agrar-rebellion-jetzt-worum-es-beim-trockenen-begriff-permakultur-tatsaechlich-geht-artikel-vom-19-dezember-2023\\\/#primaryimage\",\"url\":\"https:\\\/\\\/permakultur-landwirtschaft.org\\\/wp-content\\\/uploads\\\/2024\\\/01\\\/leibziger_zeitung_agrarrebelion_holzer_agrar-2048x1363-1.jpg\",\"contentUrl\":\"https:\\\/\\\/permakultur-landwirtschaft.org\\\/wp-content\\\/uploads\\\/2024\\\/01\\\/leibziger_zeitung_agrarrebelion_holzer_agrar-2048x1363-1.jpg\",\"width\":700,\"height\":465,\"caption\":\"Bild: Ralf Julke\"},{\"@type\":\"BreadcrumbList\",\"@id\":\"https:\\\/\\\/permakultur-landwirtschaft.org\\\/agrar-rebellion-jetzt-worum-es-beim-trockenen-begriff-permakultur-tatsaechlich-geht-artikel-vom-19-dezember-2023\\\/#breadcrumb\",\"itemListElement\":[{\"@type\":\"ListItem\",\"position\":1,\"name\":\"Startseite\",\"item\":\"https:\\\/\\\/permakultur-landwirtschaft.org\\\/\"},{\"@type\":\"ListItem\",\"position\":2,\"name\":\"Agrar-Rebellion jetzt: Worum es beim trockenen Begriff Permakultur tats\u00e4chlich geht &#8211; Artikel vom 19. Dezember 2023\"}]},{\"@type\":\"WebSite\",\"@id\":\"https:\\\/\\\/permakultur-landwirtschaft.org\\\/#website\",\"url\":\"https:\\\/\\\/permakultur-landwirtschaft.org\\\/\",\"name\":\"Permakultur-Landwirtschaft\",\"description\":\"F\u00f6rderung der Permakultur in der Landwirtschaft\",\"publisher\":{\"@id\":\"https:\\\/\\\/permakultur-landwirtschaft.org\\\/#organization\"},\"potentialAction\":[{\"@type\":\"SearchAction\",\"target\":{\"@type\":\"EntryPoint\",\"urlTemplate\":\"https:\\\/\\\/permakultur-landwirtschaft.org\\\/?s={search_term_string}\"},\"query-input\":{\"@type\":\"PropertyValueSpecification\",\"valueRequired\":true,\"valueName\":\"search_term_string\"}}],\"inLanguage\":\"fr-FR\"},{\"@type\":\"Organization\",\"@id\":\"https:\\\/\\\/permakultur-landwirtschaft.org\\\/#organization\",\"name\":\"Permakultur-Landwirtschaft\",\"alternateName\":\"Verein Permakultur-Landwirtschaft\",\"url\":\"https:\\\/\\\/permakultur-landwirtschaft.org\\\/\",\"logo\":{\"@type\":\"ImageObject\",\"inLanguage\":\"fr-FR\",\"@id\":\"https:\\\/\\\/permakultur-landwirtschaft.org\\\/#\\\/schema\\\/logo\\\/image\\\/\",\"url\":\"https:\\\/\\\/permakultur-landwirtschaft.org\\\/wp-content\\\/uploads\\\/2021\\\/11\\\/pela_1268x1269.png\",\"contentUrl\":\"https:\\\/\\\/permakultur-landwirtschaft.org\\\/wp-content\\\/uploads\\\/2021\\\/11\\\/pela_1268x1269.png\",\"width\":1298,\"height\":1269,\"caption\":\"Permakultur-Landwirtschaft\"},\"image\":{\"@id\":\"https:\\\/\\\/permakultur-landwirtschaft.org\\\/#\\\/schema\\\/logo\\\/image\\\/\"},\"sameAs\":[\"https:\\\/\\\/www.facebook.com\\\/PermakulturLandwirtschaft\",\"https:\\\/\\\/www.instagram.com\\\/permakultur_landwirtschaft\\\/\",\"https:\\\/\\\/www.flickr.com\\\/photos\\\/permakultur-landwirtschaft\",\"https:\\\/\\\/www.youtube.com\\\/@PermakulturLandwirtschaft\"]},{\"@type\":\"Person\",\"@id\":\"https:\\\/\\\/permakultur-landwirtschaft.org\\\/#\\\/schema\\\/person\\\/6b0467872f75aed3e144093f9bf4f0b0\",\"name\":\"adrian reutimann\",\"url\":\"https:\\\/\\\/permakultur-landwirtschaft.org\\\/fr\\\/author\\\/reutiadr\\\/\"}]}<\/script>\n<!-- \/ Yoast SEO plugin. -->","yoast_head_json":{"title":"Agrar-Rebellion jetzt: Worum es beim trockenen Begriff Permakultur tats\u00e4chlich geht - Artikel vom 19. Dezember 2023 - Permakultur-Landwirtschaft","robots":{"index":"index","follow":"follow","max-snippet":"max-snippet:-1","max-image-preview":"max-image-preview:large","max-video-preview":"max-video-preview:-1"},"canonical":"https:\/\/permakultur-landwirtschaft.org\/fr\/agrar-rebellion-jetzt-worum-es-beim-trockenen-begriff-permakultur-tatsaechlich-geht-artikel-vom-19-dezember-2023\/","og_locale":"fr_FR","og_type":"article","og_title":"Agrar-Rebellion jetzt: Worum es beim trockenen Begriff Permakultur tats\u00e4chlich geht - Artikel vom 19. Dezember 2023 - Permakultur-Landwirtschaft","og_description":"Text von l-iz.de: Die deutschen Bauern fahren mit ihren Traktoren nach Berlin, Leipzig und Dresden, um gegen die K\u00fcrzungen der aktuellen Regierungen beim Agrar-Diesel zu protestieren. Aus guten Gr\u00fcnden: Vielen steht sowieso das Wasser bis zum Hals. Sie m\u00fcssen billig f\u00fcr eine Lebensmittelindustrie produzieren, der das Wohl der Bauern genauso egal ist wie die Zukunft [&hellip;]","og_url":"https:\/\/permakultur-landwirtschaft.org\/fr\/agrar-rebellion-jetzt-worum-es-beim-trockenen-begriff-permakultur-tatsaechlich-geht-artikel-vom-19-dezember-2023\/","og_site_name":"Permakultur-Landwirtschaft","article_publisher":"https:\/\/www.facebook.com\/PermakulturLandwirtschaft","article_published_time":"2023-12-19T08:55:00+00:00","article_modified_time":"2024-01-11T09:04:39+00:00","og_image":[{"width":700,"height":465,"url":"https:\/\/permakultur-landwirtschaft.org\/wp-content\/uploads\/2024\/01\/leibziger_zeitung_agrarrebelion_holzer_agrar-2048x1363-1.jpg","type":"image\/jpeg"}],"author":"adrian reutimann","twitter_card":"summary_large_image","twitter_misc":{"\u00c9crit par":"adrian reutimann","Dur\u00e9e de lecture estim\u00e9e":"2 minutes"},"schema":{"@context":"https:\/\/schema.org","@graph":[{"@type":"Article","@id":"https:\/\/permakultur-landwirtschaft.org\/agrar-rebellion-jetzt-worum-es-beim-trockenen-begriff-permakultur-tatsaechlich-geht-artikel-vom-19-dezember-2023\/#article","isPartOf":{"@id":"https:\/\/permakultur-landwirtschaft.org\/agrar-rebellion-jetzt-worum-es-beim-trockenen-begriff-permakultur-tatsaechlich-geht-artikel-vom-19-dezember-2023\/"},"author":{"name":"adrian reutimann","@id":"https:\/\/permakultur-landwirtschaft.org\/#\/schema\/person\/6b0467872f75aed3e144093f9bf4f0b0"},"headline":"Agrar-Rebellion jetzt: Worum es beim trockenen Begriff Permakultur tats\u00e4chlich geht &#8211; Artikel vom 19. Dezember 2023","datePublished":"2023-12-19T08:55:00+00:00","dateModified":"2024-01-11T09:04:39+00:00","mainEntityOfPage":{"@id":"https:\/\/permakultur-landwirtschaft.org\/agrar-rebellion-jetzt-worum-es-beim-trockenen-begriff-permakultur-tatsaechlich-geht-artikel-vom-19-dezember-2023\/"},"wordCount":274,"publisher":{"@id":"https:\/\/permakultur-landwirtschaft.org\/#organization"},"image":{"@id":"https:\/\/permakultur-landwirtschaft.org\/agrar-rebellion-jetzt-worum-es-beim-trockenen-begriff-permakultur-tatsaechlich-geht-artikel-vom-19-dezember-2023\/#primaryimage"},"thumbnailUrl":"https:\/\/permakultur-landwirtschaft.org\/wp-content\/uploads\/2024\/01\/leibziger_zeitung_agrarrebelion_holzer_agrar-2048x1363-1.jpg","keywords":["Agrar Rebellion","Holzer","Permakultur"],"articleSection":["Neuigkeit"],"inLanguage":"fr-FR"},{"@type":"WebPage","@id":"https:\/\/permakultur-landwirtschaft.org\/agrar-rebellion-jetzt-worum-es-beim-trockenen-begriff-permakultur-tatsaechlich-geht-artikel-vom-19-dezember-2023\/","url":"https:\/\/permakultur-landwirtschaft.org\/agrar-rebellion-jetzt-worum-es-beim-trockenen-begriff-permakultur-tatsaechlich-geht-artikel-vom-19-dezember-2023\/","name":"Agrar-Rebellion jetzt: Worum es beim trockenen Begriff Permakultur tats\u00e4chlich geht - Artikel vom 19. Dezember 2023 - Permakultur-Landwirtschaft","isPartOf":{"@id":"https:\/\/permakultur-landwirtschaft.org\/#website"},"primaryImageOfPage":{"@id":"https:\/\/permakultur-landwirtschaft.org\/agrar-rebellion-jetzt-worum-es-beim-trockenen-begriff-permakultur-tatsaechlich-geht-artikel-vom-19-dezember-2023\/#primaryimage"},"image":{"@id":"https:\/\/permakultur-landwirtschaft.org\/agrar-rebellion-jetzt-worum-es-beim-trockenen-begriff-permakultur-tatsaechlich-geht-artikel-vom-19-dezember-2023\/#primaryimage"},"thumbnailUrl":"https:\/\/permakultur-landwirtschaft.org\/wp-content\/uploads\/2024\/01\/leibziger_zeitung_agrarrebelion_holzer_agrar-2048x1363-1.jpg","datePublished":"2023-12-19T08:55:00+00:00","dateModified":"2024-01-11T09:04:39+00:00","breadcrumb":{"@id":"https:\/\/permakultur-landwirtschaft.org\/agrar-rebellion-jetzt-worum-es-beim-trockenen-begriff-permakultur-tatsaechlich-geht-artikel-vom-19-dezember-2023\/#breadcrumb"},"inLanguage":"fr-FR","potentialAction":[{"@type":"ReadAction","target":["https:\/\/permakultur-landwirtschaft.org\/agrar-rebellion-jetzt-worum-es-beim-trockenen-begriff-permakultur-tatsaechlich-geht-artikel-vom-19-dezember-2023\/"]}]},{"@type":"ImageObject","inLanguage":"fr-FR","@id":"https:\/\/permakultur-landwirtschaft.org\/agrar-rebellion-jetzt-worum-es-beim-trockenen-begriff-permakultur-tatsaechlich-geht-artikel-vom-19-dezember-2023\/#primaryimage","url":"https:\/\/permakultur-landwirtschaft.org\/wp-content\/uploads\/2024\/01\/leibziger_zeitung_agrarrebelion_holzer_agrar-2048x1363-1.jpg","contentUrl":"https:\/\/permakultur-landwirtschaft.org\/wp-content\/uploads\/2024\/01\/leibziger_zeitung_agrarrebelion_holzer_agrar-2048x1363-1.jpg","width":700,"height":465,"caption":"Bild: Ralf Julke"},{"@type":"BreadcrumbList","@id":"https:\/\/permakultur-landwirtschaft.org\/agrar-rebellion-jetzt-worum-es-beim-trockenen-begriff-permakultur-tatsaechlich-geht-artikel-vom-19-dezember-2023\/#breadcrumb","itemListElement":[{"@type":"ListItem","position":1,"name":"Startseite","item":"https:\/\/permakultur-landwirtschaft.org\/"},{"@type":"ListItem","position":2,"name":"Agrar-Rebellion jetzt: Worum es beim trockenen Begriff Permakultur tats\u00e4chlich geht &#8211; Artikel vom 19. Dezember 2023"}]},{"@type":"WebSite","@id":"https:\/\/permakultur-landwirtschaft.org\/#website","url":"https:\/\/permakultur-landwirtschaft.org\/","name":"Permakultur-Landwirtschaft","description":"F\u00f6rderung der Permakultur in der Landwirtschaft","publisher":{"@id":"https:\/\/permakultur-landwirtschaft.org\/#organization"},"potentialAction":[{"@type":"SearchAction","target":{"@type":"EntryPoint","urlTemplate":"https:\/\/permakultur-landwirtschaft.org\/?s={search_term_string}"},"query-input":{"@type":"PropertyValueSpecification","valueRequired":true,"valueName":"search_term_string"}}],"inLanguage":"fr-FR"},{"@type":"Organization","@id":"https:\/\/permakultur-landwirtschaft.org\/#organization","name":"Permakultur-Landwirtschaft","alternateName":"Verein Permakultur-Landwirtschaft","url":"https:\/\/permakultur-landwirtschaft.org\/","logo":{"@type":"ImageObject","inLanguage":"fr-FR","@id":"https:\/\/permakultur-landwirtschaft.org\/#\/schema\/logo\/image\/","url":"https:\/\/permakultur-landwirtschaft.org\/wp-content\/uploads\/2021\/11\/pela_1268x1269.png","contentUrl":"https:\/\/permakultur-landwirtschaft.org\/wp-content\/uploads\/2021\/11\/pela_1268x1269.png","width":1298,"height":1269,"caption":"Permakultur-Landwirtschaft"},"image":{"@id":"https:\/\/permakultur-landwirtschaft.org\/#\/schema\/logo\/image\/"},"sameAs":["https:\/\/www.facebook.com\/PermakulturLandwirtschaft","https:\/\/www.instagram.com\/permakultur_landwirtschaft\/","https:\/\/www.flickr.com\/photos\/permakultur-landwirtschaft","https:\/\/www.youtube.com\/@PermakulturLandwirtschaft"]},{"@type":"Person","@id":"https:\/\/permakultur-landwirtschaft.org\/#\/schema\/person\/6b0467872f75aed3e144093f9bf4f0b0","name":"adrian reutimann","url":"https:\/\/permakultur-landwirtschaft.org\/fr\/author\/reutiadr\/"}]}},"_links":{"self":[{"href":"https:\/\/permakultur-landwirtschaft.org\/fr\/wp-json\/wp\/v2\/posts\/33412","targetHints":{"allow":["GET"]}}],"collection":[{"href":"https:\/\/permakultur-landwirtschaft.org\/fr\/wp-json\/wp\/v2\/posts"}],"about":[{"href":"https:\/\/permakultur-landwirtschaft.org\/fr\/wp-json\/wp\/v2\/types\/post"}],"author":[{"embeddable":true,"href":"https:\/\/permakultur-landwirtschaft.org\/fr\/wp-json\/wp\/v2\/users\/2"}],"replies":[{"embeddable":true,"href":"https:\/\/permakultur-landwirtschaft.org\/fr\/wp-json\/wp\/v2\/comments?post=33412"}],"version-history":[{"count":1,"href":"https:\/\/permakultur-landwirtschaft.org\/fr\/wp-json\/wp\/v2\/posts\/33412\/revisions"}],"predecessor-version":[{"id":33414,"href":"https:\/\/permakultur-landwirtschaft.org\/fr\/wp-json\/wp\/v2\/posts\/33412\/revisions\/33414"}],"wp:featuredmedia":[{"embeddable":true,"href":"https:\/\/permakultur-landwirtschaft.org\/fr\/wp-json\/wp\/v2\/media\/33413"}],"wp:attachment":[{"href":"https:\/\/permakultur-landwirtschaft.org\/fr\/wp-json\/wp\/v2\/media?parent=33412"}],"wp:term":[{"taxonomy":"category","embeddable":true,"href":"https:\/\/permakultur-landwirtschaft.org\/fr\/wp-json\/wp\/v2\/categories?post=33412"},{"taxonomy":"post_tag","embeddable":true,"href":"https:\/\/permakultur-landwirtschaft.org\/fr\/wp-json\/wp\/v2\/tags?post=33412"}],"curies":[{"name":"wp","href":"https:\/\/api.w.org\/{rel}","templated":true}]}}