{"id":33365,"date":"2024-01-09T12:16:51","date_gmt":"2024-01-09T11:16:51","guid":{"rendered":"https:\/\/permakultur-landwirtschaft.org\/?p=33365"},"modified":"2024-01-09T12:31:42","modified_gmt":"2024-01-09T11:31:42","slug":"solawi-konferenz-12-bis-13-april-2024","status":"publish","type":"post","link":"https:\/\/permakultur-landwirtschaft.org\/fr\/solawi-konferenz-12-bis-13-april-2024\/","title":{"rendered":"Solawi Konferenz &#8211; 12. bis 13. April 2024"},"content":{"rendered":"<p>Text von solawi.ch:<\/p>\n\n\n\n<p>Die (vielleicht erste) Solawi Konferenz in der Deutschschweiz<\/p>\n\n\n\n<p>Wir treffen uns im G\u00fcterschuppen in Glarus zum Austauschen, Vernetzen, Lernen und Entwickeln.<\/p>\n\n\n\n<p>Die Konferenz soll euren Bed\u00fcrfnissen entsprechen. Damit wir das Programm bestm\u00f6glich planen k\u00f6nnen, freuen wir uns auf eure provisorische Anmeldung mit Inputs zu den Themen, die ihr euch w\u00fcnscht, bis zum 22. Januar 2024.<\/p>\n\n\n\n<p>Unsererseits m\u00f6chten wir vier Themen an der Konferenz diskutieren:<\/p>\n\n\n\n<ul class=\"wp-block-list\">\n<li>Bestehende Solawi-Initiativen tauschen sich aus, lernen voneinander und besprechen die Inhalte von Solawi<\/li>\n\n\n\n<li>Solawi an der Schnittstelle von grundlegenden und alternativen Konzepten (Commons, Conviviality, \u2026) im Hinblick auf eine Transformation der Wirtschaft weiterentwickeln<\/li>\n\n\n\n<li>Solawi im agrarpolitischen System der Schweiz verstehen und Position st\u00e4rken<\/li>\n\n\n\n<li>Design Thinking Solawi Glarnerland zur Inspiration von Solawi-Initiativen im wenig-urbanen Raum<\/li>\n<\/ul>\n\n\n\n<p><strong>Lieu<\/strong><br>G\u00fcterschuppen<br>8750 Glarus GL<\/p>\n\n\n\n<p><strong>Date<\/strong><br>12. bis 13. April 2024<\/p>\n\n\n\n<p><a href=\"https:\/\/www.solawi.ch\/termine\/solawi-konferenz\/\" target=\"_blank\" rel=\"noreferrer noopener\">Link zu mehr Infos<\/a><\/p>","protected":false},"excerpt":{"rendered":"<p>Text von solawi.ch: Die (vielleicht erste) Solawi Konferenz in der Deutschschweiz Wir treffen uns im G\u00fcterschuppen in Glarus zum Austauschen, Vernetzen, Lernen und Entwickeln. Die Konferenz soll euren Bed\u00fcrfnissen entsprechen. Damit wir das Programm bestm\u00f6glich planen k\u00f6nnen, freuen wir uns auf eure provisorische Anmeldung mit Inputs zu den Themen, die ihr euch w\u00fcnscht, bis zum [&hellip;]<\/p>\n","protected":false},"author":2,"featured_media":33366,"comment_status":"closed","ping_status":"closed","sticky":false,"template":"","format":"standard","meta":{"_acf_changed":false,"site-sidebar-layout":"default","site-content-layout":"","ast-site-content-layout":"default","site-content-style":"default","site-sidebar-style":"default","ast-global-header-display":"","ast-banner-title-visibility":"","ast-main-header-display":"","ast-hfb-above-header-display":"","ast-hfb-below-header-display":"","ast-hfb-mobile-header-display":"","site-post-title":"","ast-breadcrumbs-content":"","ast-featured-img":"","footer-sml-layout":"","ast-disable-related-posts":"","theme-transparent-header-meta":"","adv-header-id-meta":"","stick-header-meta":"","header-above-stick-meta":"","header-main-stick-meta":"","header-below-stick-meta":"","astra-migrate-meta-layouts":"set","ast-page-background-enabled":"default","ast-page-background-meta":{"desktop":{"background-color":"var(--ast-global-color-4)","background-image":"","background-repeat":"repeat","background-position":"center center","background-size":"auto","background-attachment":"scroll","background-type":"","background-media":"","overlay-type":"","overlay-color":"","overlay-opacity":"","overlay-gradient":""},"tablet":{"background-color":"","background-image":"","background-repeat":"repeat","background-position":"center center","background-size":"auto","background-attachment":"scroll","background-type":"","background-media":"","overlay-type":"","overlay-color":"","overlay-opacity":"","overlay-gradient":""},"mobile":{"background-color":"","background-image":"","background-repeat":"repeat","background-position":"center center","background-size":"auto","background-attachment":"scroll","background-type":"","background-media":"","overlay-type":"","overlay-color":"","overlay-opacity":"","overlay-gradient":""}},"ast-content-background-meta":{"desktop":{"background-color":"var(--ast-global-color-5)","background-image":"","background-repeat":"repeat","background-position":"center center","background-size":"auto","background-attachment":"scroll","background-type":"","background-media":"","overlay-type":"","overlay-color":"","overlay-opacity":"","overlay-gradient":""},"tablet":{"background-color":"var(--ast-global-color-5)","background-image":"","background-repeat":"repeat","background-position":"center center","background-size":"auto","background-attachment":"scroll","background-type":"","background-media":"","overlay-type":"","overlay-color":"","overlay-opacity":"","overlay-gradient":""},"mobile":{"background-color":"var(--ast-global-color-5)","background-image":"","background-repeat":"repeat","background-position":"center center","background-size":"auto","background-attachment":"scroll","background-type":"","background-media":"","overlay-type":"","overlay-color":"","overlay-opacity":"","overlay-gradient":""}},"footnotes":""},"categories":[14],"tags":[],"class_list":["post-33365","post","type-post","status-publish","format-standard","has-post-thumbnail","hentry","category-veranstaltung"],"acf":[],"yoast_head":"<!-- This site is optimized with the Yoast SEO plugin v27.5 - https:\/\/yoast.com\/product\/yoast-seo-wordpress\/ -->\n<title>Solawi Konferenz - 12. bis 13. April 2024 - Permakultur-Landwirtschaft<\/title>\n<meta name=\"robots\" content=\"index, follow, max-snippet:-1, max-image-preview:large, max-video-preview:-1\" \/>\n<link rel=\"canonical\" href=\"https:\/\/permakultur-landwirtschaft.org\/fr\/solawi-konferenz-12-bis-13-april-2024\/\" \/>\n<meta property=\"og:locale\" content=\"fr_FR\" \/>\n<meta property=\"og:type\" content=\"article\" \/>\n<meta property=\"og:title\" content=\"Solawi Konferenz - 12. bis 13. April 2024 - Permakultur-Landwirtschaft\" \/>\n<meta property=\"og:description\" content=\"Text von solawi.ch: Die (vielleicht erste) Solawi Konferenz in der Deutschschweiz Wir treffen uns im G\u00fcterschuppen in Glarus zum Austauschen, Vernetzen, Lernen und Entwickeln. Die Konferenz soll euren Bed\u00fcrfnissen entsprechen. Damit wir das Programm bestm\u00f6glich planen k\u00f6nnen, freuen wir uns auf eure provisorische Anmeldung mit Inputs zu den Themen, die ihr euch w\u00fcnscht, bis zum [&hellip;]\" \/>\n<meta property=\"og:url\" content=\"https:\/\/permakultur-landwirtschaft.org\/fr\/solawi-konferenz-12-bis-13-april-2024\/\" \/>\n<meta property=\"og:site_name\" content=\"Permakultur-Landwirtschaft\" \/>\n<meta property=\"article:publisher\" content=\"https:\/\/www.facebook.com\/PermakulturLandwirtschaft\" \/>\n<meta property=\"article:published_time\" content=\"2024-01-09T11:16:51+00:00\" \/>\n<meta property=\"article:modified_time\" content=\"2024-01-09T11:31:42+00:00\" \/>\n<meta property=\"og:image\" content=\"https:\/\/permakultur-landwirtschaft.org\/wp-content\/uploads\/2024\/01\/2024_solawi_bm-46837_28027924030_o.jpg\" \/>\n\t<meta property=\"og:image:width\" content=\"700\" \/>\n\t<meta property=\"og:image:height\" content=\"326\" \/>\n\t<meta property=\"og:image:type\" content=\"image\/jpeg\" \/>\n<meta name=\"author\" content=\"adrian reutimann\" \/>\n<meta name=\"twitter:card\" content=\"summary_large_image\" \/>\n<meta name=\"twitter:label1\" content=\"\u00c9crit par\" \/>\n\t<meta name=\"twitter:data1\" content=\"adrian reutimann\" \/>\n\t<meta name=\"twitter:label2\" content=\"Dur\u00e9e de lecture estim\u00e9e\" \/>\n\t<meta name=\"twitter:data2\" content=\"1 minute\" \/>\n<script type=\"application\/ld+json\" class=\"yoast-schema-graph\">{\"@context\":\"https:\\\/\\\/schema.org\",\"@graph\":[{\"@type\":\"Article\",\"@id\":\"https:\\\/\\\/permakultur-landwirtschaft.org\\\/solawi-konferenz-12-bis-13-april-2024\\\/#article\",\"isPartOf\":{\"@id\":\"https:\\\/\\\/permakultur-landwirtschaft.org\\\/solawi-konferenz-12-bis-13-april-2024\\\/\"},\"author\":{\"name\":\"adrian reutimann\",\"@id\":\"https:\\\/\\\/permakultur-landwirtschaft.org\\\/#\\\/schema\\\/person\\\/6b0467872f75aed3e144093f9bf4f0b0\"},\"headline\":\"Solawi Konferenz &#8211; 12. bis 13. April 2024\",\"datePublished\":\"2024-01-09T11:16:51+00:00\",\"dateModified\":\"2024-01-09T11:31:42+00:00\",\"mainEntityOfPage\":{\"@id\":\"https:\\\/\\\/permakultur-landwirtschaft.org\\\/solawi-konferenz-12-bis-13-april-2024\\\/\"},\"wordCount\":143,\"publisher\":{\"@id\":\"https:\\\/\\\/permakultur-landwirtschaft.org\\\/#organization\"},\"image\":{\"@id\":\"https:\\\/\\\/permakultur-landwirtschaft.org\\\/solawi-konferenz-12-bis-13-april-2024\\\/#primaryimage\"},\"thumbnailUrl\":\"https:\\\/\\\/permakultur-landwirtschaft.org\\\/wp-content\\\/uploads\\\/2024\\\/01\\\/2024_solawi_bm-46837_28027924030_o.jpg\",\"articleSection\":[\"Veranstaltung\"],\"inLanguage\":\"fr-FR\"},{\"@type\":\"WebPage\",\"@id\":\"https:\\\/\\\/permakultur-landwirtschaft.org\\\/solawi-konferenz-12-bis-13-april-2024\\\/\",\"url\":\"https:\\\/\\\/permakultur-landwirtschaft.org\\\/solawi-konferenz-12-bis-13-april-2024\\\/\",\"name\":\"Solawi Konferenz - 12. bis 13. April 2024 - Permakultur-Landwirtschaft\",\"isPartOf\":{\"@id\":\"https:\\\/\\\/permakultur-landwirtschaft.org\\\/#website\"},\"primaryImageOfPage\":{\"@id\":\"https:\\\/\\\/permakultur-landwirtschaft.org\\\/solawi-konferenz-12-bis-13-april-2024\\\/#primaryimage\"},\"image\":{\"@id\":\"https:\\\/\\\/permakultur-landwirtschaft.org\\\/solawi-konferenz-12-bis-13-april-2024\\\/#primaryimage\"},\"thumbnailUrl\":\"https:\\\/\\\/permakultur-landwirtschaft.org\\\/wp-content\\\/uploads\\\/2024\\\/01\\\/2024_solawi_bm-46837_28027924030_o.jpg\",\"datePublished\":\"2024-01-09T11:16:51+00:00\",\"dateModified\":\"2024-01-09T11:31:42+00:00\",\"breadcrumb\":{\"@id\":\"https:\\\/\\\/permakultur-landwirtschaft.org\\\/solawi-konferenz-12-bis-13-april-2024\\\/#breadcrumb\"},\"inLanguage\":\"fr-FR\",\"potentialAction\":[{\"@type\":\"ReadAction\",\"target\":[\"https:\\\/\\\/permakultur-landwirtschaft.org\\\/solawi-konferenz-12-bis-13-april-2024\\\/\"]}]},{\"@type\":\"ImageObject\",\"inLanguage\":\"fr-FR\",\"@id\":\"https:\\\/\\\/permakultur-landwirtschaft.org\\\/solawi-konferenz-12-bis-13-april-2024\\\/#primaryimage\",\"url\":\"https:\\\/\\\/permakultur-landwirtschaft.org\\\/wp-content\\\/uploads\\\/2024\\\/01\\\/2024_solawi_bm-46837_28027924030_o.jpg\",\"contentUrl\":\"https:\\\/\\\/permakultur-landwirtschaft.org\\\/wp-content\\\/uploads\\\/2024\\\/01\\\/2024_solawi_bm-46837_28027924030_o.jpg\",\"width\":700,\"height\":326,\"caption\":\"Bild: solawi.ch\"},{\"@type\":\"BreadcrumbList\",\"@id\":\"https:\\\/\\\/permakultur-landwirtschaft.org\\\/solawi-konferenz-12-bis-13-april-2024\\\/#breadcrumb\",\"itemListElement\":[{\"@type\":\"ListItem\",\"position\":1,\"name\":\"Startseite\",\"item\":\"https:\\\/\\\/permakultur-landwirtschaft.org\\\/\"},{\"@type\":\"ListItem\",\"position\":2,\"name\":\"Solawi Konferenz &#8211; 12. bis 13. April 2024\"}]},{\"@type\":\"WebSite\",\"@id\":\"https:\\\/\\\/permakultur-landwirtschaft.org\\\/#website\",\"url\":\"https:\\\/\\\/permakultur-landwirtschaft.org\\\/\",\"name\":\"Permakultur-Landwirtschaft\",\"description\":\"F\u00f6rderung der Permakultur in der Landwirtschaft\",\"publisher\":{\"@id\":\"https:\\\/\\\/permakultur-landwirtschaft.org\\\/#organization\"},\"potentialAction\":[{\"@type\":\"SearchAction\",\"target\":{\"@type\":\"EntryPoint\",\"urlTemplate\":\"https:\\\/\\\/permakultur-landwirtschaft.org\\\/?s={search_term_string}\"},\"query-input\":{\"@type\":\"PropertyValueSpecification\",\"valueRequired\":true,\"valueName\":\"search_term_string\"}}],\"inLanguage\":\"fr-FR\"},{\"@type\":\"Organization\",\"@id\":\"https:\\\/\\\/permakultur-landwirtschaft.org\\\/#organization\",\"name\":\"Permakultur-Landwirtschaft\",\"alternateName\":\"Verein Permakultur-Landwirtschaft\",\"url\":\"https:\\\/\\\/permakultur-landwirtschaft.org\\\/\",\"logo\":{\"@type\":\"ImageObject\",\"inLanguage\":\"fr-FR\",\"@id\":\"https:\\\/\\\/permakultur-landwirtschaft.org\\\/#\\\/schema\\\/logo\\\/image\\\/\",\"url\":\"https:\\\/\\\/permakultur-landwirtschaft.org\\\/wp-content\\\/uploads\\\/2021\\\/11\\\/pela_1268x1269.png\",\"contentUrl\":\"https:\\\/\\\/permakultur-landwirtschaft.org\\\/wp-content\\\/uploads\\\/2021\\\/11\\\/pela_1268x1269.png\",\"width\":1298,\"height\":1269,\"caption\":\"Permakultur-Landwirtschaft\"},\"image\":{\"@id\":\"https:\\\/\\\/permakultur-landwirtschaft.org\\\/#\\\/schema\\\/logo\\\/image\\\/\"},\"sameAs\":[\"https:\\\/\\\/www.facebook.com\\\/PermakulturLandwirtschaft\",\"https:\\\/\\\/www.instagram.com\\\/permakultur_landwirtschaft\\\/\",\"https:\\\/\\\/www.flickr.com\\\/photos\\\/permakultur-landwirtschaft\",\"https:\\\/\\\/www.youtube.com\\\/@PermakulturLandwirtschaft\"]},{\"@type\":\"Person\",\"@id\":\"https:\\\/\\\/permakultur-landwirtschaft.org\\\/#\\\/schema\\\/person\\\/6b0467872f75aed3e144093f9bf4f0b0\",\"name\":\"adrian reutimann\",\"url\":\"https:\\\/\\\/permakultur-landwirtschaft.org\\\/fr\\\/author\\\/reutiadr\\\/\"}]}<\/script>\n<!-- \/ Yoast SEO plugin. -->","yoast_head_json":{"title":"Solawi Konferenz - 12. bis 13. April 2024 - Permakultur-Landwirtschaft","robots":{"index":"index","follow":"follow","max-snippet":"max-snippet:-1","max-image-preview":"max-image-preview:large","max-video-preview":"max-video-preview:-1"},"canonical":"https:\/\/permakultur-landwirtschaft.org\/fr\/solawi-konferenz-12-bis-13-april-2024\/","og_locale":"fr_FR","og_type":"article","og_title":"Solawi Konferenz - 12. bis 13. April 2024 - Permakultur-Landwirtschaft","og_description":"Text von solawi.ch: Die (vielleicht erste) Solawi Konferenz in der Deutschschweiz Wir treffen uns im G\u00fcterschuppen in Glarus zum Austauschen, Vernetzen, Lernen und Entwickeln. Die Konferenz soll euren Bed\u00fcrfnissen entsprechen. Damit wir das Programm bestm\u00f6glich planen k\u00f6nnen, freuen wir uns auf eure provisorische Anmeldung mit Inputs zu den Themen, die ihr euch w\u00fcnscht, bis zum [&hellip;]","og_url":"https:\/\/permakultur-landwirtschaft.org\/fr\/solawi-konferenz-12-bis-13-april-2024\/","og_site_name":"Permakultur-Landwirtschaft","article_publisher":"https:\/\/www.facebook.com\/PermakulturLandwirtschaft","article_published_time":"2024-01-09T11:16:51+00:00","article_modified_time":"2024-01-09T11:31:42+00:00","og_image":[{"width":700,"height":326,"url":"https:\/\/permakultur-landwirtschaft.org\/wp-content\/uploads\/2024\/01\/2024_solawi_bm-46837_28027924030_o.jpg","type":"image\/jpeg"}],"author":"adrian reutimann","twitter_card":"summary_large_image","twitter_misc":{"\u00c9crit par":"adrian reutimann","Dur\u00e9e de lecture estim\u00e9e":"1 minute"},"schema":{"@context":"https:\/\/schema.org","@graph":[{"@type":"Article","@id":"https:\/\/permakultur-landwirtschaft.org\/solawi-konferenz-12-bis-13-april-2024\/#article","isPartOf":{"@id":"https:\/\/permakultur-landwirtschaft.org\/solawi-konferenz-12-bis-13-april-2024\/"},"author":{"name":"adrian reutimann","@id":"https:\/\/permakultur-landwirtschaft.org\/#\/schema\/person\/6b0467872f75aed3e144093f9bf4f0b0"},"headline":"Solawi Konferenz &#8211; 12. bis 13. April 2024","datePublished":"2024-01-09T11:16:51+00:00","dateModified":"2024-01-09T11:31:42+00:00","mainEntityOfPage":{"@id":"https:\/\/permakultur-landwirtschaft.org\/solawi-konferenz-12-bis-13-april-2024\/"},"wordCount":143,"publisher":{"@id":"https:\/\/permakultur-landwirtschaft.org\/#organization"},"image":{"@id":"https:\/\/permakultur-landwirtschaft.org\/solawi-konferenz-12-bis-13-april-2024\/#primaryimage"},"thumbnailUrl":"https:\/\/permakultur-landwirtschaft.org\/wp-content\/uploads\/2024\/01\/2024_solawi_bm-46837_28027924030_o.jpg","articleSection":["Veranstaltung"],"inLanguage":"fr-FR"},{"@type":"WebPage","@id":"https:\/\/permakultur-landwirtschaft.org\/solawi-konferenz-12-bis-13-april-2024\/","url":"https:\/\/permakultur-landwirtschaft.org\/solawi-konferenz-12-bis-13-april-2024\/","name":"Solawi Konferenz - 12. bis 13. April 2024 - Permakultur-Landwirtschaft","isPartOf":{"@id":"https:\/\/permakultur-landwirtschaft.org\/#website"},"primaryImageOfPage":{"@id":"https:\/\/permakultur-landwirtschaft.org\/solawi-konferenz-12-bis-13-april-2024\/#primaryimage"},"image":{"@id":"https:\/\/permakultur-landwirtschaft.org\/solawi-konferenz-12-bis-13-april-2024\/#primaryimage"},"thumbnailUrl":"https:\/\/permakultur-landwirtschaft.org\/wp-content\/uploads\/2024\/01\/2024_solawi_bm-46837_28027924030_o.jpg","datePublished":"2024-01-09T11:16:51+00:00","dateModified":"2024-01-09T11:31:42+00:00","breadcrumb":{"@id":"https:\/\/permakultur-landwirtschaft.org\/solawi-konferenz-12-bis-13-april-2024\/#breadcrumb"},"inLanguage":"fr-FR","potentialAction":[{"@type":"ReadAction","target":["https:\/\/permakultur-landwirtschaft.org\/solawi-konferenz-12-bis-13-april-2024\/"]}]},{"@type":"ImageObject","inLanguage":"fr-FR","@id":"https:\/\/permakultur-landwirtschaft.org\/solawi-konferenz-12-bis-13-april-2024\/#primaryimage","url":"https:\/\/permakultur-landwirtschaft.org\/wp-content\/uploads\/2024\/01\/2024_solawi_bm-46837_28027924030_o.jpg","contentUrl":"https:\/\/permakultur-landwirtschaft.org\/wp-content\/uploads\/2024\/01\/2024_solawi_bm-46837_28027924030_o.jpg","width":700,"height":326,"caption":"Bild: solawi.ch"},{"@type":"BreadcrumbList","@id":"https:\/\/permakultur-landwirtschaft.org\/solawi-konferenz-12-bis-13-april-2024\/#breadcrumb","itemListElement":[{"@type":"ListItem","position":1,"name":"Startseite","item":"https:\/\/permakultur-landwirtschaft.org\/"},{"@type":"ListItem","position":2,"name":"Solawi Konferenz &#8211; 12. bis 13. April 2024"}]},{"@type":"WebSite","@id":"https:\/\/permakultur-landwirtschaft.org\/#website","url":"https:\/\/permakultur-landwirtschaft.org\/","name":"Permakultur-Landwirtschaft","description":"F\u00f6rderung der Permakultur in der Landwirtschaft","publisher":{"@id":"https:\/\/permakultur-landwirtschaft.org\/#organization"},"potentialAction":[{"@type":"SearchAction","target":{"@type":"EntryPoint","urlTemplate":"https:\/\/permakultur-landwirtschaft.org\/?s={search_term_string}"},"query-input":{"@type":"PropertyValueSpecification","valueRequired":true,"valueName":"search_term_string"}}],"inLanguage":"fr-FR"},{"@type":"Organization","@id":"https:\/\/permakultur-landwirtschaft.org\/#organization","name":"Permakultur-Landwirtschaft","alternateName":"Verein Permakultur-Landwirtschaft","url":"https:\/\/permakultur-landwirtschaft.org\/","logo":{"@type":"ImageObject","inLanguage":"fr-FR","@id":"https:\/\/permakultur-landwirtschaft.org\/#\/schema\/logo\/image\/","url":"https:\/\/permakultur-landwirtschaft.org\/wp-content\/uploads\/2021\/11\/pela_1268x1269.png","contentUrl":"https:\/\/permakultur-landwirtschaft.org\/wp-content\/uploads\/2021\/11\/pela_1268x1269.png","width":1298,"height":1269,"caption":"Permakultur-Landwirtschaft"},"image":{"@id":"https:\/\/permakultur-landwirtschaft.org\/#\/schema\/logo\/image\/"},"sameAs":["https:\/\/www.facebook.com\/PermakulturLandwirtschaft","https:\/\/www.instagram.com\/permakultur_landwirtschaft\/","https:\/\/www.flickr.com\/photos\/permakultur-landwirtschaft","https:\/\/www.youtube.com\/@PermakulturLandwirtschaft"]},{"@type":"Person","@id":"https:\/\/permakultur-landwirtschaft.org\/#\/schema\/person\/6b0467872f75aed3e144093f9bf4f0b0","name":"adrian reutimann","url":"https:\/\/permakultur-landwirtschaft.org\/fr\/author\/reutiadr\/"}]}},"_links":{"self":[{"href":"https:\/\/permakultur-landwirtschaft.org\/fr\/wp-json\/wp\/v2\/posts\/33365","targetHints":{"allow":["GET"]}}],"collection":[{"href":"https:\/\/permakultur-landwirtschaft.org\/fr\/wp-json\/wp\/v2\/posts"}],"about":[{"href":"https:\/\/permakultur-landwirtschaft.org\/fr\/wp-json\/wp\/v2\/types\/post"}],"author":[{"embeddable":true,"href":"https:\/\/permakultur-landwirtschaft.org\/fr\/wp-json\/wp\/v2\/users\/2"}],"replies":[{"embeddable":true,"href":"https:\/\/permakultur-landwirtschaft.org\/fr\/wp-json\/wp\/v2\/comments?post=33365"}],"version-history":[{"count":3,"href":"https:\/\/permakultur-landwirtschaft.org\/fr\/wp-json\/wp\/v2\/posts\/33365\/revisions"}],"predecessor-version":[{"id":33370,"href":"https:\/\/permakultur-landwirtschaft.org\/fr\/wp-json\/wp\/v2\/posts\/33365\/revisions\/33370"}],"wp:featuredmedia":[{"embeddable":true,"href":"https:\/\/permakultur-landwirtschaft.org\/fr\/wp-json\/wp\/v2\/media\/33366"}],"wp:attachment":[{"href":"https:\/\/permakultur-landwirtschaft.org\/fr\/wp-json\/wp\/v2\/media?parent=33365"}],"wp:term":[{"taxonomy":"category","embeddable":true,"href":"https:\/\/permakultur-landwirtschaft.org\/fr\/wp-json\/wp\/v2\/categories?post=33365"},{"taxonomy":"post_tag","embeddable":true,"href":"https:\/\/permakultur-landwirtschaft.org\/fr\/wp-json\/wp\/v2\/tags?post=33365"}],"curies":[{"name":"wp","href":"https:\/\/api.w.org\/{rel}","templated":true}]}}