{"id":33324,"date":"2023-12-20T10:24:55","date_gmt":"2023-12-20T09:24:55","guid":{"rendered":"https:\/\/permakultur-landwirtschaft.org\/?p=33324"},"modified":"2023-12-20T10:26:00","modified_gmt":"2023-12-20T09:26:00","slug":"online-waldgartenkongress-vom-01-03-maerz-2024","status":"publish","type":"post","link":"https:\/\/permakultur-landwirtschaft.org\/fr\/online-waldgartenkongress-vom-01-03-maerz-2024\/","title":{"rendered":"Online Waldgarten\u00adkongress vom 01. &#8211; 03. M\u00e4rz 2024"},"content":{"rendered":"<p>Text von waldgartenkongress.de:<\/p>\n\n\n\n<h3 class=\"wp-block-heading\">Online-Kongress zu Waldgarten, Agroforst und Permakultur<\/h3>\n\n\n\n<p>Waldg\u00e4rten und Agroforstsysteme als universelles L\u00f6sungstool f\u00fcr die Landwirtschaft unserer Zeit werden immer bekannter.<br>Sie sind eine der wenigen M\u00f6glichkeiten einen kurzfristig wirksamen Beitrag f\u00fcr unser aller Zukunft beizutragen \u2013 indem sie direkt beitragen zu Erh\u00f6hung der Artenvielfalt, Wasser in der Landschaft halten, Reduzierung von Fossileinsatz und chemischer Spritz- und D\u00fcngemittel, Bodenaufbau \u2026 und zu vielen weiteren Bereichen, in denen gerade gro\u00dfe Probleme bestehen.<br>Wir wollen die frohe Kunde, dass es M\u00f6glichkeiten gibt, und das Wissen, wie man den Weg in eine lebenswerte Zukunft wirklich geht, weiter verbreiten!<br>Das gibt Menschen Hoffnung und Mut f\u00fcr die Zukunft!<\/p>\n\n\n\n<p>Deswegen organisieren wir den Kongress f\u00fcr Waldgarten- und komplexe Agroforstsysteme, der vom&nbsp;1.-3. M\u00e4rz 2024 online stattfindet.<br>Wir vernetzen damit Agroforstbetreibende, Waldg\u00e4rtner*innen und informieren breit \u00fcber diese Form der regenerativen Landwirtschaft.<\/p>\n\n\n\n<p>Beim Waldgartenkongress 2024 werden \u00fcber drei Tage informatives, spannendes und auch unterhaltsames Programm geboten: zum einsteigen und mitmachen, f\u00fcr Aktive, Landwirte, Wissenschaftler:innen, Lehrende und Lernende und f\u00fcr Neueinsteigende, f\u00fcr Solawis, Konvi- und \u00d6kobauern, Verwaltung, \u2026.<br>Alle sind willkommen! Kongresssprache ist Deutsch.<\/p>\n\n\n\n<p><a href=\"https:\/\/waldgartenkongress.de\/\" target=\"_blank\" rel=\"noreferrer noopener\">>>> Link zu mehr Infos und Anmeldung<\/a><\/p>","protected":false},"excerpt":{"rendered":"<p>Text von waldgartenkongress.de: Online-Kongress zu Waldgarten, Agroforst und Permakultur Waldg\u00e4rten und Agroforstsysteme als universelles L\u00f6sungstool f\u00fcr die Landwirtschaft unserer Zeit werden immer bekannter.Sie sind eine der wenigen M\u00f6glichkeiten einen kurzfristig wirksamen Beitrag f\u00fcr unser aller Zukunft beizutragen \u2013 indem sie direkt beitragen zu Erh\u00f6hung der Artenvielfalt, Wasser in der Landschaft halten, Reduzierung von Fossileinsatz und [&hellip;]<\/p>\n","protected":false},"author":2,"featured_media":33325,"comment_status":"closed","ping_status":"closed","sticky":false,"template":"","format":"standard","meta":{"_acf_changed":false,"site-sidebar-layout":"default","site-content-layout":"","ast-site-content-layout":"default","site-content-style":"default","site-sidebar-style":"default","ast-global-header-display":"","ast-banner-title-visibility":"","ast-main-header-display":"","ast-hfb-above-header-display":"","ast-hfb-below-header-display":"","ast-hfb-mobile-header-display":"","site-post-title":"","ast-breadcrumbs-content":"","ast-featured-img":"","footer-sml-layout":"","ast-disable-related-posts":"","theme-transparent-header-meta":"","adv-header-id-meta":"","stick-header-meta":"","header-above-stick-meta":"","header-main-stick-meta":"","header-below-stick-meta":"","astra-migrate-meta-layouts":"set","ast-page-background-enabled":"default","ast-page-background-meta":{"desktop":{"background-color":"var(--ast-global-color-4)","background-image":"","background-repeat":"repeat","background-position":"center center","background-size":"auto","background-attachment":"scroll","background-type":"","background-media":"","overlay-type":"","overlay-color":"","overlay-opacity":"","overlay-gradient":""},"tablet":{"background-color":"","background-image":"","background-repeat":"repeat","background-position":"center center","background-size":"auto","background-attachment":"scroll","background-type":"","background-media":"","overlay-type":"","overlay-color":"","overlay-opacity":"","overlay-gradient":""},"mobile":{"background-color":"","background-image":"","background-repeat":"repeat","background-position":"center center","background-size":"auto","background-attachment":"scroll","background-type":"","background-media":"","overlay-type":"","overlay-color":"","overlay-opacity":"","overlay-gradient":""}},"ast-content-background-meta":{"desktop":{"background-color":"var(--ast-global-color-5)","background-image":"","background-repeat":"repeat","background-position":"center center","background-size":"auto","background-attachment":"scroll","background-type":"","background-media":"","overlay-type":"","overlay-color":"","overlay-opacity":"","overlay-gradient":""},"tablet":{"background-color":"var(--ast-global-color-5)","background-image":"","background-repeat":"repeat","background-position":"center center","background-size":"auto","background-attachment":"scroll","background-type":"","background-media":"","overlay-type":"","overlay-color":"","overlay-opacity":"","overlay-gradient":""},"mobile":{"background-color":"var(--ast-global-color-5)","background-image":"","background-repeat":"repeat","background-position":"center center","background-size":"auto","background-attachment":"scroll","background-type":"","background-media":"","overlay-type":"","overlay-color":"","overlay-opacity":"","overlay-gradient":""}},"footnotes":""},"categories":[14],"tags":[31,216,17,77],"class_list":["post-33324","post","type-post","status-publish","format-standard","has-post-thumbnail","hentry","category-veranstaltung","tag-agroforst","tag-kongress","tag-permakultur","tag-waldgarten"],"acf":[],"yoast_head":"<!-- This site is optimized with the Yoast SEO plugin v27.5 - https:\/\/yoast.com\/product\/yoast-seo-wordpress\/ -->\n<title>Online Waldgarten\u00adkongress vom 01. - 03. M\u00e4rz 2024 - Permakultur-Landwirtschaft<\/title>\n<meta name=\"description\" content=\"Online-Kongress zu Waldgarten, Agroforst und Permakultur\" \/>\n<meta name=\"robots\" content=\"index, follow, max-snippet:-1, max-image-preview:large, max-video-preview:-1\" \/>\n<link rel=\"canonical\" href=\"https:\/\/permakultur-landwirtschaft.org\/fr\/online-waldgartenkongress-vom-01-03-maerz-2024\/\" \/>\n<meta property=\"og:locale\" content=\"fr_FR\" \/>\n<meta property=\"og:type\" content=\"article\" \/>\n<meta property=\"og:title\" content=\"Online Waldgarten\u00adkongress vom 01. - 03. M\u00e4rz 2024\" \/>\n<meta property=\"og:description\" content=\"Online Waldgarten\u00adkongress vom 01. - 03. M\u00e4rz 2024 Online-Kongress zu Waldgarten, Agroforst und Permakultur\" \/>\n<meta property=\"og:url\" content=\"https:\/\/permakultur-landwirtschaft.org\/fr\/online-waldgartenkongress-vom-01-03-maerz-2024\/\" \/>\n<meta property=\"og:site_name\" content=\"Permakultur-Landwirtschaft\" \/>\n<meta property=\"article:publisher\" content=\"https:\/\/www.facebook.com\/PermakulturLandwirtschaft\" \/>\n<meta property=\"article:published_time\" content=\"2023-12-20T09:24:55+00:00\" \/>\n<meta property=\"article:modified_time\" content=\"2023-12-20T09:26:00+00:00\" \/>\n<meta property=\"og:image\" content=\"https:\/\/permakultur-landwirtschaft.org\/wp-content\/uploads\/2023\/12\/waldgartenkongress_2023-12-20_10-17-32.jpg\" \/>\n\t<meta property=\"og:image:width\" content=\"699\" \/>\n\t<meta property=\"og:image:height\" content=\"381\" \/>\n\t<meta property=\"og:image:type\" content=\"image\/jpeg\" \/>\n<meta name=\"author\" content=\"adrian reutimann\" \/>\n<meta name=\"twitter:card\" content=\"summary_large_image\" \/>\n<meta name=\"twitter:label1\" content=\"\u00c9crit par\" \/>\n\t<meta name=\"twitter:data1\" content=\"adrian reutimann\" \/>\n\t<meta name=\"twitter:label2\" content=\"Dur\u00e9e de lecture estim\u00e9e\" \/>\n\t<meta name=\"twitter:data2\" content=\"2 minutes\" \/>\n<script type=\"application\/ld+json\" class=\"yoast-schema-graph\">{\"@context\":\"https:\\\/\\\/schema.org\",\"@graph\":[{\"@type\":\"Article\",\"@id\":\"https:\\\/\\\/permakultur-landwirtschaft.org\\\/online-waldgartenkongress-vom-01-03-maerz-2024\\\/#article\",\"isPartOf\":{\"@id\":\"https:\\\/\\\/permakultur-landwirtschaft.org\\\/online-waldgartenkongress-vom-01-03-maerz-2024\\\/\"},\"author\":{\"name\":\"adrian reutimann\",\"@id\":\"https:\\\/\\\/permakultur-landwirtschaft.org\\\/#\\\/schema\\\/person\\\/6b0467872f75aed3e144093f9bf4f0b0\"},\"headline\":\"Online Waldgarten\u00adkongress vom 01. &#8211; 03. M\u00e4rz 2024\",\"datePublished\":\"2023-12-20T09:24:55+00:00\",\"dateModified\":\"2023-12-20T09:26:00+00:00\",\"mainEntityOfPage\":{\"@id\":\"https:\\\/\\\/permakultur-landwirtschaft.org\\\/online-waldgartenkongress-vom-01-03-maerz-2024\\\/\"},\"wordCount\":206,\"publisher\":{\"@id\":\"https:\\\/\\\/permakultur-landwirtschaft.org\\\/#organization\"},\"image\":{\"@id\":\"https:\\\/\\\/permakultur-landwirtschaft.org\\\/online-waldgartenkongress-vom-01-03-maerz-2024\\\/#primaryimage\"},\"thumbnailUrl\":\"https:\\\/\\\/permakultur-landwirtschaft.org\\\/wp-content\\\/uploads\\\/2023\\\/12\\\/waldgartenkongress_2023-12-20_10-17-32.jpg\",\"keywords\":[\"Agroforst\",\"Kongress\",\"Permakultur\",\"Waldgarten\"],\"articleSection\":[\"Veranstaltung\"],\"inLanguage\":\"fr-FR\"},{\"@type\":\"WebPage\",\"@id\":\"https:\\\/\\\/permakultur-landwirtschaft.org\\\/online-waldgartenkongress-vom-01-03-maerz-2024\\\/\",\"url\":\"https:\\\/\\\/permakultur-landwirtschaft.org\\\/online-waldgartenkongress-vom-01-03-maerz-2024\\\/\",\"name\":\"Online Waldgarten\u00adkongress vom 01. - 03. M\u00e4rz 2024 - Permakultur-Landwirtschaft\",\"isPartOf\":{\"@id\":\"https:\\\/\\\/permakultur-landwirtschaft.org\\\/#website\"},\"primaryImageOfPage\":{\"@id\":\"https:\\\/\\\/permakultur-landwirtschaft.org\\\/online-waldgartenkongress-vom-01-03-maerz-2024\\\/#primaryimage\"},\"image\":{\"@id\":\"https:\\\/\\\/permakultur-landwirtschaft.org\\\/online-waldgartenkongress-vom-01-03-maerz-2024\\\/#primaryimage\"},\"thumbnailUrl\":\"https:\\\/\\\/permakultur-landwirtschaft.org\\\/wp-content\\\/uploads\\\/2023\\\/12\\\/waldgartenkongress_2023-12-20_10-17-32.jpg\",\"datePublished\":\"2023-12-20T09:24:55+00:00\",\"dateModified\":\"2023-12-20T09:26:00+00:00\",\"description\":\"Online-Kongress zu Waldgarten, Agroforst und Permakultur\",\"breadcrumb\":{\"@id\":\"https:\\\/\\\/permakultur-landwirtschaft.org\\\/online-waldgartenkongress-vom-01-03-maerz-2024\\\/#breadcrumb\"},\"inLanguage\":\"fr-FR\",\"potentialAction\":[{\"@type\":\"ReadAction\",\"target\":[\"https:\\\/\\\/permakultur-landwirtschaft.org\\\/online-waldgartenkongress-vom-01-03-maerz-2024\\\/\"]}]},{\"@type\":\"ImageObject\",\"inLanguage\":\"fr-FR\",\"@id\":\"https:\\\/\\\/permakultur-landwirtschaft.org\\\/online-waldgartenkongress-vom-01-03-maerz-2024\\\/#primaryimage\",\"url\":\"https:\\\/\\\/permakultur-landwirtschaft.org\\\/wp-content\\\/uploads\\\/2023\\\/12\\\/waldgartenkongress_2023-12-20_10-17-32.jpg\",\"contentUrl\":\"https:\\\/\\\/permakultur-landwirtschaft.org\\\/wp-content\\\/uploads\\\/2023\\\/12\\\/waldgartenkongress_2023-12-20_10-17-32.jpg\",\"width\":699,\"height\":381,\"caption\":\"Bild: waldgartenkongress.de\"},{\"@type\":\"BreadcrumbList\",\"@id\":\"https:\\\/\\\/permakultur-landwirtschaft.org\\\/online-waldgartenkongress-vom-01-03-maerz-2024\\\/#breadcrumb\",\"itemListElement\":[{\"@type\":\"ListItem\",\"position\":1,\"name\":\"Startseite\",\"item\":\"https:\\\/\\\/permakultur-landwirtschaft.org\\\/\"},{\"@type\":\"ListItem\",\"position\":2,\"name\":\"Online Waldgarten\u00adkongress vom 01. &#8211; 03. M\u00e4rz 2024\"}]},{\"@type\":\"WebSite\",\"@id\":\"https:\\\/\\\/permakultur-landwirtschaft.org\\\/#website\",\"url\":\"https:\\\/\\\/permakultur-landwirtschaft.org\\\/\",\"name\":\"Permakultur-Landwirtschaft\",\"description\":\"F\u00f6rderung der Permakultur in der Landwirtschaft\",\"publisher\":{\"@id\":\"https:\\\/\\\/permakultur-landwirtschaft.org\\\/#organization\"},\"potentialAction\":[{\"@type\":\"SearchAction\",\"target\":{\"@type\":\"EntryPoint\",\"urlTemplate\":\"https:\\\/\\\/permakultur-landwirtschaft.org\\\/?s={search_term_string}\"},\"query-input\":{\"@type\":\"PropertyValueSpecification\",\"valueRequired\":true,\"valueName\":\"search_term_string\"}}],\"inLanguage\":\"fr-FR\"},{\"@type\":\"Organization\",\"@id\":\"https:\\\/\\\/permakultur-landwirtschaft.org\\\/#organization\",\"name\":\"Permakultur-Landwirtschaft\",\"alternateName\":\"Verein Permakultur-Landwirtschaft\",\"url\":\"https:\\\/\\\/permakultur-landwirtschaft.org\\\/\",\"logo\":{\"@type\":\"ImageObject\",\"inLanguage\":\"fr-FR\",\"@id\":\"https:\\\/\\\/permakultur-landwirtschaft.org\\\/#\\\/schema\\\/logo\\\/image\\\/\",\"url\":\"https:\\\/\\\/permakultur-landwirtschaft.org\\\/wp-content\\\/uploads\\\/2021\\\/11\\\/pela_1268x1269.png\",\"contentUrl\":\"https:\\\/\\\/permakultur-landwirtschaft.org\\\/wp-content\\\/uploads\\\/2021\\\/11\\\/pela_1268x1269.png\",\"width\":1298,\"height\":1269,\"caption\":\"Permakultur-Landwirtschaft\"},\"image\":{\"@id\":\"https:\\\/\\\/permakultur-landwirtschaft.org\\\/#\\\/schema\\\/logo\\\/image\\\/\"},\"sameAs\":[\"https:\\\/\\\/www.facebook.com\\\/PermakulturLandwirtschaft\",\"https:\\\/\\\/www.instagram.com\\\/permakultur_landwirtschaft\\\/\",\"https:\\\/\\\/www.flickr.com\\\/photos\\\/permakultur-landwirtschaft\",\"https:\\\/\\\/www.youtube.com\\\/@PermakulturLandwirtschaft\"]},{\"@type\":\"Person\",\"@id\":\"https:\\\/\\\/permakultur-landwirtschaft.org\\\/#\\\/schema\\\/person\\\/6b0467872f75aed3e144093f9bf4f0b0\",\"name\":\"adrian reutimann\",\"url\":\"https:\\\/\\\/permakultur-landwirtschaft.org\\\/fr\\\/author\\\/reutiadr\\\/\"}]}<\/script>\n<!-- \/ Yoast SEO plugin. -->","yoast_head_json":{"title":"Online Waldgarten\u00adkongress vom 01. - 03. M\u00e4rz 2024 - Permakultur-Landwirtschaft","description":"Online-Kongress zu Waldgarten, Agroforst und Permakultur","robots":{"index":"index","follow":"follow","max-snippet":"max-snippet:-1","max-image-preview":"max-image-preview:large","max-video-preview":"max-video-preview:-1"},"canonical":"https:\/\/permakultur-landwirtschaft.org\/fr\/online-waldgartenkongress-vom-01-03-maerz-2024\/","og_locale":"fr_FR","og_type":"article","og_title":"Online Waldgarten\u00adkongress vom 01. - 03. M\u00e4rz 2024","og_description":"Online Waldgarten\u00adkongress vom 01. - 03. M\u00e4rz 2024 Online-Kongress zu Waldgarten, Agroforst und Permakultur","og_url":"https:\/\/permakultur-landwirtschaft.org\/fr\/online-waldgartenkongress-vom-01-03-maerz-2024\/","og_site_name":"Permakultur-Landwirtschaft","article_publisher":"https:\/\/www.facebook.com\/PermakulturLandwirtschaft","article_published_time":"2023-12-20T09:24:55+00:00","article_modified_time":"2023-12-20T09:26:00+00:00","og_image":[{"width":699,"height":381,"url":"https:\/\/permakultur-landwirtschaft.org\/wp-content\/uploads\/2023\/12\/waldgartenkongress_2023-12-20_10-17-32.jpg","type":"image\/jpeg"}],"author":"adrian reutimann","twitter_card":"summary_large_image","twitter_misc":{"\u00c9crit par":"adrian reutimann","Dur\u00e9e de lecture estim\u00e9e":"2 minutes"},"schema":{"@context":"https:\/\/schema.org","@graph":[{"@type":"Article","@id":"https:\/\/permakultur-landwirtschaft.org\/online-waldgartenkongress-vom-01-03-maerz-2024\/#article","isPartOf":{"@id":"https:\/\/permakultur-landwirtschaft.org\/online-waldgartenkongress-vom-01-03-maerz-2024\/"},"author":{"name":"adrian reutimann","@id":"https:\/\/permakultur-landwirtschaft.org\/#\/schema\/person\/6b0467872f75aed3e144093f9bf4f0b0"},"headline":"Online Waldgarten\u00adkongress vom 01. &#8211; 03. M\u00e4rz 2024","datePublished":"2023-12-20T09:24:55+00:00","dateModified":"2023-12-20T09:26:00+00:00","mainEntityOfPage":{"@id":"https:\/\/permakultur-landwirtschaft.org\/online-waldgartenkongress-vom-01-03-maerz-2024\/"},"wordCount":206,"publisher":{"@id":"https:\/\/permakultur-landwirtschaft.org\/#organization"},"image":{"@id":"https:\/\/permakultur-landwirtschaft.org\/online-waldgartenkongress-vom-01-03-maerz-2024\/#primaryimage"},"thumbnailUrl":"https:\/\/permakultur-landwirtschaft.org\/wp-content\/uploads\/2023\/12\/waldgartenkongress_2023-12-20_10-17-32.jpg","keywords":["Agroforst","Kongress","Permakultur","Waldgarten"],"articleSection":["Veranstaltung"],"inLanguage":"fr-FR"},{"@type":"WebPage","@id":"https:\/\/permakultur-landwirtschaft.org\/online-waldgartenkongress-vom-01-03-maerz-2024\/","url":"https:\/\/permakultur-landwirtschaft.org\/online-waldgartenkongress-vom-01-03-maerz-2024\/","name":"Online Waldgarten\u00adkongress vom 01. - 03. M\u00e4rz 2024 - Permakultur-Landwirtschaft","isPartOf":{"@id":"https:\/\/permakultur-landwirtschaft.org\/#website"},"primaryImageOfPage":{"@id":"https:\/\/permakultur-landwirtschaft.org\/online-waldgartenkongress-vom-01-03-maerz-2024\/#primaryimage"},"image":{"@id":"https:\/\/permakultur-landwirtschaft.org\/online-waldgartenkongress-vom-01-03-maerz-2024\/#primaryimage"},"thumbnailUrl":"https:\/\/permakultur-landwirtschaft.org\/wp-content\/uploads\/2023\/12\/waldgartenkongress_2023-12-20_10-17-32.jpg","datePublished":"2023-12-20T09:24:55+00:00","dateModified":"2023-12-20T09:26:00+00:00","description":"Online-Kongress zu Waldgarten, Agroforst und Permakultur","breadcrumb":{"@id":"https:\/\/permakultur-landwirtschaft.org\/online-waldgartenkongress-vom-01-03-maerz-2024\/#breadcrumb"},"inLanguage":"fr-FR","potentialAction":[{"@type":"ReadAction","target":["https:\/\/permakultur-landwirtschaft.org\/online-waldgartenkongress-vom-01-03-maerz-2024\/"]}]},{"@type":"ImageObject","inLanguage":"fr-FR","@id":"https:\/\/permakultur-landwirtschaft.org\/online-waldgartenkongress-vom-01-03-maerz-2024\/#primaryimage","url":"https:\/\/permakultur-landwirtschaft.org\/wp-content\/uploads\/2023\/12\/waldgartenkongress_2023-12-20_10-17-32.jpg","contentUrl":"https:\/\/permakultur-landwirtschaft.org\/wp-content\/uploads\/2023\/12\/waldgartenkongress_2023-12-20_10-17-32.jpg","width":699,"height":381,"caption":"Bild: waldgartenkongress.de"},{"@type":"BreadcrumbList","@id":"https:\/\/permakultur-landwirtschaft.org\/online-waldgartenkongress-vom-01-03-maerz-2024\/#breadcrumb","itemListElement":[{"@type":"ListItem","position":1,"name":"Startseite","item":"https:\/\/permakultur-landwirtschaft.org\/"},{"@type":"ListItem","position":2,"name":"Online Waldgarten\u00adkongress vom 01. &#8211; 03. M\u00e4rz 2024"}]},{"@type":"WebSite","@id":"https:\/\/permakultur-landwirtschaft.org\/#website","url":"https:\/\/permakultur-landwirtschaft.org\/","name":"Permakultur-Landwirtschaft","description":"F\u00f6rderung der Permakultur in der Landwirtschaft","publisher":{"@id":"https:\/\/permakultur-landwirtschaft.org\/#organization"},"potentialAction":[{"@type":"SearchAction","target":{"@type":"EntryPoint","urlTemplate":"https:\/\/permakultur-landwirtschaft.org\/?s={search_term_string}"},"query-input":{"@type":"PropertyValueSpecification","valueRequired":true,"valueName":"search_term_string"}}],"inLanguage":"fr-FR"},{"@type":"Organization","@id":"https:\/\/permakultur-landwirtschaft.org\/#organization","name":"Permakultur-Landwirtschaft","alternateName":"Verein Permakultur-Landwirtschaft","url":"https:\/\/permakultur-landwirtschaft.org\/","logo":{"@type":"ImageObject","inLanguage":"fr-FR","@id":"https:\/\/permakultur-landwirtschaft.org\/#\/schema\/logo\/image\/","url":"https:\/\/permakultur-landwirtschaft.org\/wp-content\/uploads\/2021\/11\/pela_1268x1269.png","contentUrl":"https:\/\/permakultur-landwirtschaft.org\/wp-content\/uploads\/2021\/11\/pela_1268x1269.png","width":1298,"height":1269,"caption":"Permakultur-Landwirtschaft"},"image":{"@id":"https:\/\/permakultur-landwirtschaft.org\/#\/schema\/logo\/image\/"},"sameAs":["https:\/\/www.facebook.com\/PermakulturLandwirtschaft","https:\/\/www.instagram.com\/permakultur_landwirtschaft\/","https:\/\/www.flickr.com\/photos\/permakultur-landwirtschaft","https:\/\/www.youtube.com\/@PermakulturLandwirtschaft"]},{"@type":"Person","@id":"https:\/\/permakultur-landwirtschaft.org\/#\/schema\/person\/6b0467872f75aed3e144093f9bf4f0b0","name":"adrian reutimann","url":"https:\/\/permakultur-landwirtschaft.org\/fr\/author\/reutiadr\/"}]}},"_links":{"self":[{"href":"https:\/\/permakultur-landwirtschaft.org\/fr\/wp-json\/wp\/v2\/posts\/33324","targetHints":{"allow":["GET"]}}],"collection":[{"href":"https:\/\/permakultur-landwirtschaft.org\/fr\/wp-json\/wp\/v2\/posts"}],"about":[{"href":"https:\/\/permakultur-landwirtschaft.org\/fr\/wp-json\/wp\/v2\/types\/post"}],"author":[{"embeddable":true,"href":"https:\/\/permakultur-landwirtschaft.org\/fr\/wp-json\/wp\/v2\/users\/2"}],"replies":[{"embeddable":true,"href":"https:\/\/permakultur-landwirtschaft.org\/fr\/wp-json\/wp\/v2\/comments?post=33324"}],"version-history":[{"count":3,"href":"https:\/\/permakultur-landwirtschaft.org\/fr\/wp-json\/wp\/v2\/posts\/33324\/revisions"}],"predecessor-version":[{"id":33328,"href":"https:\/\/permakultur-landwirtschaft.org\/fr\/wp-json\/wp\/v2\/posts\/33324\/revisions\/33328"}],"wp:featuredmedia":[{"embeddable":true,"href":"https:\/\/permakultur-landwirtschaft.org\/fr\/wp-json\/wp\/v2\/media\/33325"}],"wp:attachment":[{"href":"https:\/\/permakultur-landwirtschaft.org\/fr\/wp-json\/wp\/v2\/media?parent=33324"}],"wp:term":[{"taxonomy":"category","embeddable":true,"href":"https:\/\/permakultur-landwirtschaft.org\/fr\/wp-json\/wp\/v2\/categories?post=33324"},{"taxonomy":"post_tag","embeddable":true,"href":"https:\/\/permakultur-landwirtschaft.org\/fr\/wp-json\/wp\/v2\/tags?post=33324"}],"curies":[{"name":"wp","href":"https:\/\/api.w.org\/{rel}","templated":true}]}}