{"id":33221,"date":"2023-12-07T13:45:26","date_gmt":"2023-12-07T12:45:26","guid":{"rendered":"https:\/\/permakultur-landwirtschaft.org\/?p=33221"},"modified":"2023-12-07T13:45:27","modified_gmt":"2023-12-07T12:45:27","slug":"workshop-reihe-dynamischer-agroforst-2024-vom-22-bis-28-februar-2024","status":"publish","type":"post","link":"https:\/\/permakultur-landwirtschaft.org\/fr\/workshop-reihe-dynamischer-agroforst-2024-vom-22-bis-28-februar-2024\/","title":{"rendered":"Workshop-Reihe Dynamischer Agroforst 2024 vom 22. bis 28. Februar 2024"},"content":{"rendered":"<p>Text von esswaldland.ch:<\/p>\n\n\n\n<p>Workshop-Reihe mit Noemi Stadler-Kaulich<\/p>\n\n\n\n<p>Vom 22 bis 28 Februar 2024 veranstalten wir zusammen mit <a href=\"https:\/\/ramongrendene.ch\/\" target=\"_blank\" rel=\"noreferrer noopener\">The Shift Permaculture<\/a> und dem <a href=\"https:\/\/www.permakultur.ch\/\" target=\"_blank\" rel=\"noreferrer noopener\">Permakultur Verein Schweiz<\/a> an verschiedenen Standorten in der Schweiz (Tessin, Z\u00fcrich und Bern) eine erneute viert\u00e4gige Workshop-Reihe zum Dynamischen Agroforst mit Noemi Stadler-Kaulich als Hauptreferentin. Bereits im letzten Jahr haben wir diese Reihe an denselben Standorten durchgef\u00fchrt und freuen uns nun, nicht nur zu sehen wie sich die Arbeiten vom letzten Jahr ausgewirkt haben, sondern auch viel Neues zu lernen und in die Tat umzusetzen.<\/p>\n\n\n\n<p>\u201eBereits vor Jahrhunderten nutzten die Inka die Anbaumethode Agroforst, eine Kombination von Land- und Forstwirtschaft. Dabei wachsen B\u00e4ume, Str\u00e4ucher und Kulturpflanzen auf derselben Nutzfl\u00e4che. Durch dichte Bepflanzung, Artenreichtum und den richtigen Pflanzschnitt haben Agroforstsysteme eine g\u00fcnstige Wirkung auf die Umwelt: Sie erh\u00f6hen die Bodenfruchtbarkeit und seine Wasserspeicherf\u00e4higkeit, vermindern das Erosionsrisiko, f\u00f6rdern die Biodiversit\u00e4t, f\u00fchren zu h\u00f6heren Ertr\u00e4gen und sch\u00fctzen \u00fcber die CO2-Senke durch das Baumwachstum unser Klima. Das Konzept \u00bbAgroforst\u00ab ist nicht auf gro\u00dfe Fl\u00e4chen beschr\u00e4nkt: Es eignet sich f\u00fcr die nachhaltige Bewirtschaftung von \u00c4ckern ebenso wie f\u00fcr den Gem\u00fcsebau oder den eigenen Garten \u2013 und sogar Tierhaltung l\u00e4sst sich darin integrieren.\u201c Aus dem Buch \u201e<a href=\"https:\/\/www.oekom.de\/buch\/dynamischer-agroforst-9783962383206\" target=\"_blank\" rel=\"noreferrer noopener\">Dynamischer Agroforst \u2013 Fruchtbarer Boden, gesunde Umwelt und reiche Ernte<\/a>\u201c von Noemi Stadler-Kaulich.<\/p>\n\n\n\n<p><strong>Date<\/strong><br>22. bis 28. Februar 2024<\/p>\n\n\n\n<p><a href=\"https:\/\/esswaldland.ch\/workshop-reihe-dynamischer-agroforst-2024\/\" target=\"_blank\" rel=\"noreferrer noopener\">Link zum mehr Infos<\/a><\/p>","protected":false},"excerpt":{"rendered":"<p>Text von esswaldland.ch: Workshop-Reihe mit Noemi Stadler-Kaulich Vom 22 bis 28 Februar 2024 veranstalten wir zusammen mit The Shift Permaculture und dem Permakultur Verein Schweiz an verschiedenen Standorten in der Schweiz (Tessin, Z\u00fcrich und Bern) eine erneute viert\u00e4gige Workshop-Reihe zum Dynamischen Agroforst mit Noemi Stadler-Kaulich als Hauptreferentin. Bereits im letzten Jahr haben wir diese Reihe [&hellip;]<\/p>\n","protected":false},"author":2,"featured_media":33222,"comment_status":"closed","ping_status":"closed","sticky":false,"template":"","format":"standard","meta":{"_acf_changed":false,"site-sidebar-layout":"default","site-content-layout":"","ast-site-content-layout":"default","site-content-style":"default","site-sidebar-style":"default","ast-global-header-display":"","ast-banner-title-visibility":"","ast-main-header-display":"","ast-hfb-above-header-display":"","ast-hfb-below-header-display":"","ast-hfb-mobile-header-display":"","site-post-title":"","ast-breadcrumbs-content":"","ast-featured-img":"","footer-sml-layout":"","ast-disable-related-posts":"","theme-transparent-header-meta":"","adv-header-id-meta":"","stick-header-meta":"","header-above-stick-meta":"","header-main-stick-meta":"","header-below-stick-meta":"","astra-migrate-meta-layouts":"set","ast-page-background-enabled":"default","ast-page-background-meta":{"desktop":{"background-color":"var(--ast-global-color-4)","background-image":"","background-repeat":"repeat","background-position":"center center","background-size":"auto","background-attachment":"scroll","background-type":"","background-media":"","overlay-type":"","overlay-color":"","overlay-opacity":"","overlay-gradient":""},"tablet":{"background-color":"","background-image":"","background-repeat":"repeat","background-position":"center center","background-size":"auto","background-attachment":"scroll","background-type":"","background-media":"","overlay-type":"","overlay-color":"","overlay-opacity":"","overlay-gradient":""},"mobile":{"background-color":"","background-image":"","background-repeat":"repeat","background-position":"center center","background-size":"auto","background-attachment":"scroll","background-type":"","background-media":"","overlay-type":"","overlay-color":"","overlay-opacity":"","overlay-gradient":""}},"ast-content-background-meta":{"desktop":{"background-color":"var(--ast-global-color-5)","background-image":"","background-repeat":"repeat","background-position":"center center","background-size":"auto","background-attachment":"scroll","background-type":"","background-media":"","overlay-type":"","overlay-color":"","overlay-opacity":"","overlay-gradient":""},"tablet":{"background-color":"var(--ast-global-color-5)","background-image":"","background-repeat":"repeat","background-position":"center center","background-size":"auto","background-attachment":"scroll","background-type":"","background-media":"","overlay-type":"","overlay-color":"","overlay-opacity":"","overlay-gradient":""},"mobile":{"background-color":"var(--ast-global-color-5)","background-image":"","background-repeat":"repeat","background-position":"center center","background-size":"auto","background-attachment":"scroll","background-type":"","background-media":"","overlay-type":"","overlay-color":"","overlay-opacity":"","overlay-gradient":""}},"footnotes":""},"categories":[14],"tags":[103,209,207,208,210],"class_list":["post-33221","post","type-post","status-publish","format-standard","has-post-thumbnail","hentry","category-veranstaltung","tag-dynamischer-agroforst","tag-esswaldland","tag-noemi-stadler-kaulich","tag-the-shift","tag-workshop"],"acf":[],"yoast_head":"<!-- This site is optimized with the Yoast SEO plugin v27.5 - https:\/\/yoast.com\/product\/yoast-seo-wordpress\/ -->\n<title>Workshop-Reihe Dynamischer Agroforst 2024 vom 22. bis 28. Februar 2024 - Permakultur-Landwirtschaft<\/title>\n<meta name=\"robots\" content=\"index, follow, max-snippet:-1, max-image-preview:large, max-video-preview:-1\" \/>\n<link rel=\"canonical\" href=\"https:\/\/permakultur-landwirtschaft.org\/fr\/workshop-reihe-dynamischer-agroforst-2024-vom-22-bis-28-februar-2024\/\" \/>\n<meta property=\"og:locale\" content=\"fr_FR\" \/>\n<meta property=\"og:type\" content=\"article\" \/>\n<meta property=\"og:title\" content=\"Workshop-Reihe Dynamischer Agroforst 2024 vom 22. bis 28. Februar 2024 - Permakultur-Landwirtschaft\" \/>\n<meta property=\"og:description\" content=\"Text von esswaldland.ch: Workshop-Reihe mit Noemi Stadler-Kaulich Vom 22 bis 28 Februar 2024 veranstalten wir zusammen mit The Shift Permaculture und dem Permakultur Verein Schweiz an verschiedenen Standorten in der Schweiz (Tessin, Z\u00fcrich und Bern) eine erneute viert\u00e4gige Workshop-Reihe zum Dynamischen Agroforst mit Noemi Stadler-Kaulich als Hauptreferentin. Bereits im letzten Jahr haben wir diese Reihe [&hellip;]\" \/>\n<meta property=\"og:url\" content=\"https:\/\/permakultur-landwirtschaft.org\/fr\/workshop-reihe-dynamischer-agroforst-2024-vom-22-bis-28-februar-2024\/\" \/>\n<meta property=\"og:site_name\" content=\"Permakultur-Landwirtschaft\" \/>\n<meta property=\"article:publisher\" content=\"https:\/\/www.facebook.com\/PermakulturLandwirtschaft\" \/>\n<meta property=\"article:published_time\" content=\"2023-12-07T12:45:26+00:00\" \/>\n<meta property=\"article:modified_time\" content=\"2023-12-07T12:45:27+00:00\" \/>\n<meta property=\"og:image\" content=\"https:\/\/permakultur-landwirtschaft.org\/wp-content\/uploads\/2023\/12\/kurs_esswaldland_Selva-Foresta-Commestibile-Tecetto.jpeg\" \/>\n\t<meta property=\"og:image:width\" content=\"700\" \/>\n\t<meta property=\"og:image:height\" content=\"466\" \/>\n\t<meta property=\"og:image:type\" content=\"image\/jpeg\" \/>\n<meta name=\"author\" content=\"adrian reutimann\" \/>\n<meta name=\"twitter:card\" content=\"summary_large_image\" \/>\n<meta name=\"twitter:label1\" content=\"\u00c9crit par\" \/>\n\t<meta name=\"twitter:data1\" content=\"adrian reutimann\" \/>\n\t<meta name=\"twitter:label2\" content=\"Dur\u00e9e de lecture estim\u00e9e\" \/>\n\t<meta name=\"twitter:data2\" content=\"2 minutes\" \/>\n<script type=\"application\/ld+json\" class=\"yoast-schema-graph\">{\"@context\":\"https:\\\/\\\/schema.org\",\"@graph\":[{\"@type\":\"Article\",\"@id\":\"https:\\\/\\\/permakultur-landwirtschaft.org\\\/workshop-reihe-dynamischer-agroforst-2024-vom-22-bis-28-februar-2024\\\/#article\",\"isPartOf\":{\"@id\":\"https:\\\/\\\/permakultur-landwirtschaft.org\\\/workshop-reihe-dynamischer-agroforst-2024-vom-22-bis-28-februar-2024\\\/\"},\"author\":{\"name\":\"adrian reutimann\",\"@id\":\"https:\\\/\\\/permakultur-landwirtschaft.org\\\/#\\\/schema\\\/person\\\/6b0467872f75aed3e144093f9bf4f0b0\"},\"headline\":\"Workshop-Reihe Dynamischer Agroforst 2024 vom 22. bis 28. Februar 2024\",\"datePublished\":\"2023-12-07T12:45:26+00:00\",\"dateModified\":\"2023-12-07T12:45:27+00:00\",\"mainEntityOfPage\":{\"@id\":\"https:\\\/\\\/permakultur-landwirtschaft.org\\\/workshop-reihe-dynamischer-agroforst-2024-vom-22-bis-28-februar-2024\\\/\"},\"wordCount\":237,\"publisher\":{\"@id\":\"https:\\\/\\\/permakultur-landwirtschaft.org\\\/#organization\"},\"image\":{\"@id\":\"https:\\\/\\\/permakultur-landwirtschaft.org\\\/workshop-reihe-dynamischer-agroforst-2024-vom-22-bis-28-februar-2024\\\/#primaryimage\"},\"thumbnailUrl\":\"https:\\\/\\\/permakultur-landwirtschaft.org\\\/wp-content\\\/uploads\\\/2023\\\/12\\\/kurs_esswaldland_Selva-Foresta-Commestibile-Tecetto.jpeg\",\"keywords\":[\"Dynamischer Agroforst\",\"Esswaldland\",\"Noemi Stadler-Kaulich\",\"The Shift\",\"Workshop\"],\"articleSection\":[\"Veranstaltung\"],\"inLanguage\":\"fr-FR\"},{\"@type\":\"WebPage\",\"@id\":\"https:\\\/\\\/permakultur-landwirtschaft.org\\\/workshop-reihe-dynamischer-agroforst-2024-vom-22-bis-28-februar-2024\\\/\",\"url\":\"https:\\\/\\\/permakultur-landwirtschaft.org\\\/workshop-reihe-dynamischer-agroforst-2024-vom-22-bis-28-februar-2024\\\/\",\"name\":\"Workshop-Reihe Dynamischer Agroforst 2024 vom 22. bis 28. Februar 2024 - Permakultur-Landwirtschaft\",\"isPartOf\":{\"@id\":\"https:\\\/\\\/permakultur-landwirtschaft.org\\\/#website\"},\"primaryImageOfPage\":{\"@id\":\"https:\\\/\\\/permakultur-landwirtschaft.org\\\/workshop-reihe-dynamischer-agroforst-2024-vom-22-bis-28-februar-2024\\\/#primaryimage\"},\"image\":{\"@id\":\"https:\\\/\\\/permakultur-landwirtschaft.org\\\/workshop-reihe-dynamischer-agroforst-2024-vom-22-bis-28-februar-2024\\\/#primaryimage\"},\"thumbnailUrl\":\"https:\\\/\\\/permakultur-landwirtschaft.org\\\/wp-content\\\/uploads\\\/2023\\\/12\\\/kurs_esswaldland_Selva-Foresta-Commestibile-Tecetto.jpeg\",\"datePublished\":\"2023-12-07T12:45:26+00:00\",\"dateModified\":\"2023-12-07T12:45:27+00:00\",\"breadcrumb\":{\"@id\":\"https:\\\/\\\/permakultur-landwirtschaft.org\\\/workshop-reihe-dynamischer-agroforst-2024-vom-22-bis-28-februar-2024\\\/#breadcrumb\"},\"inLanguage\":\"fr-FR\",\"potentialAction\":[{\"@type\":\"ReadAction\",\"target\":[\"https:\\\/\\\/permakultur-landwirtschaft.org\\\/workshop-reihe-dynamischer-agroforst-2024-vom-22-bis-28-februar-2024\\\/\"]}]},{\"@type\":\"ImageObject\",\"inLanguage\":\"fr-FR\",\"@id\":\"https:\\\/\\\/permakultur-landwirtschaft.org\\\/workshop-reihe-dynamischer-agroforst-2024-vom-22-bis-28-februar-2024\\\/#primaryimage\",\"url\":\"https:\\\/\\\/permakultur-landwirtschaft.org\\\/wp-content\\\/uploads\\\/2023\\\/12\\\/kurs_esswaldland_Selva-Foresta-Commestibile-Tecetto.jpeg\",\"contentUrl\":\"https:\\\/\\\/permakultur-landwirtschaft.org\\\/wp-content\\\/uploads\\\/2023\\\/12\\\/kurs_esswaldland_Selva-Foresta-Commestibile-Tecetto.jpeg\",\"width\":700,\"height\":466,\"caption\":\"Bild: esswaldland.ch\"},{\"@type\":\"BreadcrumbList\",\"@id\":\"https:\\\/\\\/permakultur-landwirtschaft.org\\\/workshop-reihe-dynamischer-agroforst-2024-vom-22-bis-28-februar-2024\\\/#breadcrumb\",\"itemListElement\":[{\"@type\":\"ListItem\",\"position\":1,\"name\":\"Startseite\",\"item\":\"https:\\\/\\\/permakultur-landwirtschaft.org\\\/\"},{\"@type\":\"ListItem\",\"position\":2,\"name\":\"Workshop-Reihe Dynamischer Agroforst 2024 vom 22. bis 28. Februar 2024\"}]},{\"@type\":\"WebSite\",\"@id\":\"https:\\\/\\\/permakultur-landwirtschaft.org\\\/#website\",\"url\":\"https:\\\/\\\/permakultur-landwirtschaft.org\\\/\",\"name\":\"Permakultur-Landwirtschaft\",\"description\":\"F\u00f6rderung der Permakultur in der Landwirtschaft\",\"publisher\":{\"@id\":\"https:\\\/\\\/permakultur-landwirtschaft.org\\\/#organization\"},\"potentialAction\":[{\"@type\":\"SearchAction\",\"target\":{\"@type\":\"EntryPoint\",\"urlTemplate\":\"https:\\\/\\\/permakultur-landwirtschaft.org\\\/?s={search_term_string}\"},\"query-input\":{\"@type\":\"PropertyValueSpecification\",\"valueRequired\":true,\"valueName\":\"search_term_string\"}}],\"inLanguage\":\"fr-FR\"},{\"@type\":\"Organization\",\"@id\":\"https:\\\/\\\/permakultur-landwirtschaft.org\\\/#organization\",\"name\":\"Permakultur-Landwirtschaft\",\"alternateName\":\"Verein Permakultur-Landwirtschaft\",\"url\":\"https:\\\/\\\/permakultur-landwirtschaft.org\\\/\",\"logo\":{\"@type\":\"ImageObject\",\"inLanguage\":\"fr-FR\",\"@id\":\"https:\\\/\\\/permakultur-landwirtschaft.org\\\/#\\\/schema\\\/logo\\\/image\\\/\",\"url\":\"https:\\\/\\\/permakultur-landwirtschaft.org\\\/wp-content\\\/uploads\\\/2021\\\/11\\\/pela_1268x1269.png\",\"contentUrl\":\"https:\\\/\\\/permakultur-landwirtschaft.org\\\/wp-content\\\/uploads\\\/2021\\\/11\\\/pela_1268x1269.png\",\"width\":1298,\"height\":1269,\"caption\":\"Permakultur-Landwirtschaft\"},\"image\":{\"@id\":\"https:\\\/\\\/permakultur-landwirtschaft.org\\\/#\\\/schema\\\/logo\\\/image\\\/\"},\"sameAs\":[\"https:\\\/\\\/www.facebook.com\\\/PermakulturLandwirtschaft\",\"https:\\\/\\\/www.instagram.com\\\/permakultur_landwirtschaft\\\/\",\"https:\\\/\\\/www.flickr.com\\\/photos\\\/permakultur-landwirtschaft\",\"https:\\\/\\\/www.youtube.com\\\/@PermakulturLandwirtschaft\"]},{\"@type\":\"Person\",\"@id\":\"https:\\\/\\\/permakultur-landwirtschaft.org\\\/#\\\/schema\\\/person\\\/6b0467872f75aed3e144093f9bf4f0b0\",\"name\":\"adrian reutimann\",\"url\":\"https:\\\/\\\/permakultur-landwirtschaft.org\\\/fr\\\/author\\\/reutiadr\\\/\"}]}<\/script>\n<!-- \/ Yoast SEO plugin. -->","yoast_head_json":{"title":"Workshop-Reihe Dynamischer Agroforst 2024 vom 22. bis 28. Februar 2024 - Permakultur-Landwirtschaft","robots":{"index":"index","follow":"follow","max-snippet":"max-snippet:-1","max-image-preview":"max-image-preview:large","max-video-preview":"max-video-preview:-1"},"canonical":"https:\/\/permakultur-landwirtschaft.org\/fr\/workshop-reihe-dynamischer-agroforst-2024-vom-22-bis-28-februar-2024\/","og_locale":"fr_FR","og_type":"article","og_title":"Workshop-Reihe Dynamischer Agroforst 2024 vom 22. bis 28. Februar 2024 - Permakultur-Landwirtschaft","og_description":"Text von esswaldland.ch: Workshop-Reihe mit Noemi Stadler-Kaulich Vom 22 bis 28 Februar 2024 veranstalten wir zusammen mit The Shift Permaculture und dem Permakultur Verein Schweiz an verschiedenen Standorten in der Schweiz (Tessin, Z\u00fcrich und Bern) eine erneute viert\u00e4gige Workshop-Reihe zum Dynamischen Agroforst mit Noemi Stadler-Kaulich als Hauptreferentin. Bereits im letzten Jahr haben wir diese Reihe [&hellip;]","og_url":"https:\/\/permakultur-landwirtschaft.org\/fr\/workshop-reihe-dynamischer-agroforst-2024-vom-22-bis-28-februar-2024\/","og_site_name":"Permakultur-Landwirtschaft","article_publisher":"https:\/\/www.facebook.com\/PermakulturLandwirtschaft","article_published_time":"2023-12-07T12:45:26+00:00","article_modified_time":"2023-12-07T12:45:27+00:00","og_image":[{"width":700,"height":466,"url":"https:\/\/permakultur-landwirtschaft.org\/wp-content\/uploads\/2023\/12\/kurs_esswaldland_Selva-Foresta-Commestibile-Tecetto.jpeg","type":"image\/jpeg"}],"author":"adrian reutimann","twitter_card":"summary_large_image","twitter_misc":{"\u00c9crit par":"adrian reutimann","Dur\u00e9e de lecture estim\u00e9e":"2 minutes"},"schema":{"@context":"https:\/\/schema.org","@graph":[{"@type":"Article","@id":"https:\/\/permakultur-landwirtschaft.org\/workshop-reihe-dynamischer-agroforst-2024-vom-22-bis-28-februar-2024\/#article","isPartOf":{"@id":"https:\/\/permakultur-landwirtschaft.org\/workshop-reihe-dynamischer-agroforst-2024-vom-22-bis-28-februar-2024\/"},"author":{"name":"adrian reutimann","@id":"https:\/\/permakultur-landwirtschaft.org\/#\/schema\/person\/6b0467872f75aed3e144093f9bf4f0b0"},"headline":"Workshop-Reihe Dynamischer Agroforst 2024 vom 22. bis 28. Februar 2024","datePublished":"2023-12-07T12:45:26+00:00","dateModified":"2023-12-07T12:45:27+00:00","mainEntityOfPage":{"@id":"https:\/\/permakultur-landwirtschaft.org\/workshop-reihe-dynamischer-agroforst-2024-vom-22-bis-28-februar-2024\/"},"wordCount":237,"publisher":{"@id":"https:\/\/permakultur-landwirtschaft.org\/#organization"},"image":{"@id":"https:\/\/permakultur-landwirtschaft.org\/workshop-reihe-dynamischer-agroforst-2024-vom-22-bis-28-februar-2024\/#primaryimage"},"thumbnailUrl":"https:\/\/permakultur-landwirtschaft.org\/wp-content\/uploads\/2023\/12\/kurs_esswaldland_Selva-Foresta-Commestibile-Tecetto.jpeg","keywords":["Dynamischer Agroforst","Esswaldland","Noemi Stadler-Kaulich","The Shift","Workshop"],"articleSection":["Veranstaltung"],"inLanguage":"fr-FR"},{"@type":"WebPage","@id":"https:\/\/permakultur-landwirtschaft.org\/workshop-reihe-dynamischer-agroforst-2024-vom-22-bis-28-februar-2024\/","url":"https:\/\/permakultur-landwirtschaft.org\/workshop-reihe-dynamischer-agroforst-2024-vom-22-bis-28-februar-2024\/","name":"Workshop-Reihe Dynamischer Agroforst 2024 vom 22. bis 28. Februar 2024 - Permakultur-Landwirtschaft","isPartOf":{"@id":"https:\/\/permakultur-landwirtschaft.org\/#website"},"primaryImageOfPage":{"@id":"https:\/\/permakultur-landwirtschaft.org\/workshop-reihe-dynamischer-agroforst-2024-vom-22-bis-28-februar-2024\/#primaryimage"},"image":{"@id":"https:\/\/permakultur-landwirtschaft.org\/workshop-reihe-dynamischer-agroforst-2024-vom-22-bis-28-februar-2024\/#primaryimage"},"thumbnailUrl":"https:\/\/permakultur-landwirtschaft.org\/wp-content\/uploads\/2023\/12\/kurs_esswaldland_Selva-Foresta-Commestibile-Tecetto.jpeg","datePublished":"2023-12-07T12:45:26+00:00","dateModified":"2023-12-07T12:45:27+00:00","breadcrumb":{"@id":"https:\/\/permakultur-landwirtschaft.org\/workshop-reihe-dynamischer-agroforst-2024-vom-22-bis-28-februar-2024\/#breadcrumb"},"inLanguage":"fr-FR","potentialAction":[{"@type":"ReadAction","target":["https:\/\/permakultur-landwirtschaft.org\/workshop-reihe-dynamischer-agroforst-2024-vom-22-bis-28-februar-2024\/"]}]},{"@type":"ImageObject","inLanguage":"fr-FR","@id":"https:\/\/permakultur-landwirtschaft.org\/workshop-reihe-dynamischer-agroforst-2024-vom-22-bis-28-februar-2024\/#primaryimage","url":"https:\/\/permakultur-landwirtschaft.org\/wp-content\/uploads\/2023\/12\/kurs_esswaldland_Selva-Foresta-Commestibile-Tecetto.jpeg","contentUrl":"https:\/\/permakultur-landwirtschaft.org\/wp-content\/uploads\/2023\/12\/kurs_esswaldland_Selva-Foresta-Commestibile-Tecetto.jpeg","width":700,"height":466,"caption":"Bild: esswaldland.ch"},{"@type":"BreadcrumbList","@id":"https:\/\/permakultur-landwirtschaft.org\/workshop-reihe-dynamischer-agroforst-2024-vom-22-bis-28-februar-2024\/#breadcrumb","itemListElement":[{"@type":"ListItem","position":1,"name":"Startseite","item":"https:\/\/permakultur-landwirtschaft.org\/"},{"@type":"ListItem","position":2,"name":"Workshop-Reihe Dynamischer Agroforst 2024 vom 22. bis 28. Februar 2024"}]},{"@type":"WebSite","@id":"https:\/\/permakultur-landwirtschaft.org\/#website","url":"https:\/\/permakultur-landwirtschaft.org\/","name":"Permakultur-Landwirtschaft","description":"F\u00f6rderung der Permakultur in der Landwirtschaft","publisher":{"@id":"https:\/\/permakultur-landwirtschaft.org\/#organization"},"potentialAction":[{"@type":"SearchAction","target":{"@type":"EntryPoint","urlTemplate":"https:\/\/permakultur-landwirtschaft.org\/?s={search_term_string}"},"query-input":{"@type":"PropertyValueSpecification","valueRequired":true,"valueName":"search_term_string"}}],"inLanguage":"fr-FR"},{"@type":"Organization","@id":"https:\/\/permakultur-landwirtschaft.org\/#organization","name":"Permakultur-Landwirtschaft","alternateName":"Verein Permakultur-Landwirtschaft","url":"https:\/\/permakultur-landwirtschaft.org\/","logo":{"@type":"ImageObject","inLanguage":"fr-FR","@id":"https:\/\/permakultur-landwirtschaft.org\/#\/schema\/logo\/image\/","url":"https:\/\/permakultur-landwirtschaft.org\/wp-content\/uploads\/2021\/11\/pela_1268x1269.png","contentUrl":"https:\/\/permakultur-landwirtschaft.org\/wp-content\/uploads\/2021\/11\/pela_1268x1269.png","width":1298,"height":1269,"caption":"Permakultur-Landwirtschaft"},"image":{"@id":"https:\/\/permakultur-landwirtschaft.org\/#\/schema\/logo\/image\/"},"sameAs":["https:\/\/www.facebook.com\/PermakulturLandwirtschaft","https:\/\/www.instagram.com\/permakultur_landwirtschaft\/","https:\/\/www.flickr.com\/photos\/permakultur-landwirtschaft","https:\/\/www.youtube.com\/@PermakulturLandwirtschaft"]},{"@type":"Person","@id":"https:\/\/permakultur-landwirtschaft.org\/#\/schema\/person\/6b0467872f75aed3e144093f9bf4f0b0","name":"adrian reutimann","url":"https:\/\/permakultur-landwirtschaft.org\/fr\/author\/reutiadr\/"}]}},"_links":{"self":[{"href":"https:\/\/permakultur-landwirtschaft.org\/fr\/wp-json\/wp\/v2\/posts\/33221","targetHints":{"allow":["GET"]}}],"collection":[{"href":"https:\/\/permakultur-landwirtschaft.org\/fr\/wp-json\/wp\/v2\/posts"}],"about":[{"href":"https:\/\/permakultur-landwirtschaft.org\/fr\/wp-json\/wp\/v2\/types\/post"}],"author":[{"embeddable":true,"href":"https:\/\/permakultur-landwirtschaft.org\/fr\/wp-json\/wp\/v2\/users\/2"}],"replies":[{"embeddable":true,"href":"https:\/\/permakultur-landwirtschaft.org\/fr\/wp-json\/wp\/v2\/comments?post=33221"}],"version-history":[{"count":2,"href":"https:\/\/permakultur-landwirtschaft.org\/fr\/wp-json\/wp\/v2\/posts\/33221\/revisions"}],"predecessor-version":[{"id":33224,"href":"https:\/\/permakultur-landwirtschaft.org\/fr\/wp-json\/wp\/v2\/posts\/33221\/revisions\/33224"}],"wp:featuredmedia":[{"embeddable":true,"href":"https:\/\/permakultur-landwirtschaft.org\/fr\/wp-json\/wp\/v2\/media\/33222"}],"wp:attachment":[{"href":"https:\/\/permakultur-landwirtschaft.org\/fr\/wp-json\/wp\/v2\/media?parent=33221"}],"wp:term":[{"taxonomy":"category","embeddable":true,"href":"https:\/\/permakultur-landwirtschaft.org\/fr\/wp-json\/wp\/v2\/categories?post=33221"},{"taxonomy":"post_tag","embeddable":true,"href":"https:\/\/permakultur-landwirtschaft.org\/fr\/wp-json\/wp\/v2\/tags?post=33221"}],"curies":[{"name":"wp","href":"https:\/\/api.w.org\/{rel}","templated":true}]}}