{"id":33172,"date":"2019-03-28T15:06:00","date_gmt":"2019-03-28T14:06:00","guid":{"rendered":"https:\/\/permakultur-landwirtschaft.org\/?p=33172"},"modified":"2023-11-29T15:12:33","modified_gmt":"2023-11-29T14:12:33","slug":"syntropische-landwirtschaft-vortrag-ernst-goetsch-vom-28-maerz-2019","status":"publish","type":"post","link":"https:\/\/permakultur-landwirtschaft.org\/fr\/syntropische-landwirtschaft-vortrag-ernst-goetsch-vom-28-maerz-2019\/","title":{"rendered":"Syntropische Landwirtschaft: Vortrag Ernst G\u00f6tsch vom 28. M\u00e4rz 2019"},"content":{"rendered":"<h4 class=\"wp-block-heading\">Ernst G\u00f6tsch und Podiumsgespr\u00e4ch in Zollikofen<\/h4>\n\n\n\n<h5 class=\"wp-block-heading\">Schweizer Bauer und innovativer Agroforst-Pionier aus Brasilien<\/h5>\n\n\n\n<p>Ernst G\u00f6tsch ist ein Schweizer Bauer, der vor \u00fcber dreissig Jahren nach Brasilien ausgewandert ist. Dort wurde er mit seiner \u00abSyntropischen Landwirtschaft\u00bb zuerst als irrer Gringo bel\u00e4chelt. Doch mit seinem System, das auf Vielfalt statt Mono-kultur setzt, beginnt er eine landwirtschaftliche Revolution. L\u00e4sst sich mit seiner Syntropischen Landwirtschaft die Permakultur, Agroforst und ganz allgemein die Landwirtschaft auch in der Schweiz inspirieren?<\/p>\n\n\n\n<p><a href=\"https:\/\/youtu.be\/Ixywe_cjg-k\" target=\"_blank\" rel=\"noreferrer noopener\">Link zur Aufzeichnung von 28. M\u00e4rz 2019<\/a><\/p>\n\n\n\n<figure class=\"wp-block-embed is-type-video is-provider-youtube wp-block-embed-youtube wp-embed-aspect-16-9 wp-has-aspect-ratio\"><div class=\"wp-block-embed__wrapper\">\nhttps:\/\/youtu.be\/Ixywe_cjg-k\n<\/div><\/figure>","protected":false},"excerpt":{"rendered":"<p>Ernst G\u00f6tsch und Podiumsgespr\u00e4ch in Zollikofen Schweizer Bauer und innovativer Agroforst-Pionier aus Brasilien Ernst G\u00f6tsch ist ein Schweizer Bauer, der vor \u00fcber dreissig Jahren nach Brasilien ausgewandert ist. Dort wurde er mit seiner \u00abSyntropischen Landwirtschaft\u00bb zuerst als irrer Gringo bel\u00e4chelt. Doch mit seinem System, das auf Vielfalt statt Mono-kultur setzt, beginnt er eine landwirtschaftliche Revolution. [&hellip;]<\/p>\n","protected":false},"author":2,"featured_media":33174,"comment_status":"closed","ping_status":"closed","sticky":false,"template":"","format":"standard","meta":{"_acf_changed":false,"site-sidebar-layout":"default","site-content-layout":"","ast-site-content-layout":"default","site-content-style":"default","site-sidebar-style":"default","ast-global-header-display":"","ast-banner-title-visibility":"","ast-main-header-display":"","ast-hfb-above-header-display":"","ast-hfb-below-header-display":"","ast-hfb-mobile-header-display":"","site-post-title":"","ast-breadcrumbs-content":"","ast-featured-img":"","footer-sml-layout":"","ast-disable-related-posts":"","theme-transparent-header-meta":"","adv-header-id-meta":"","stick-header-meta":"","header-above-stick-meta":"","header-main-stick-meta":"","header-below-stick-meta":"","astra-migrate-meta-layouts":"set","ast-page-background-enabled":"default","ast-page-background-meta":{"desktop":{"background-color":"var(--ast-global-color-4)","background-image":"","background-repeat":"repeat","background-position":"center center","background-size":"auto","background-attachment":"scroll","background-type":"","background-media":"","overlay-type":"","overlay-color":"","overlay-opacity":"","overlay-gradient":""},"tablet":{"background-color":"","background-image":"","background-repeat":"repeat","background-position":"center center","background-size":"auto","background-attachment":"scroll","background-type":"","background-media":"","overlay-type":"","overlay-color":"","overlay-opacity":"","overlay-gradient":""},"mobile":{"background-color":"","background-image":"","background-repeat":"repeat","background-position":"center center","background-size":"auto","background-attachment":"scroll","background-type":"","background-media":"","overlay-type":"","overlay-color":"","overlay-opacity":"","overlay-gradient":""}},"ast-content-background-meta":{"desktop":{"background-color":"var(--ast-global-color-5)","background-image":"","background-repeat":"repeat","background-position":"center center","background-size":"auto","background-attachment":"scroll","background-type":"","background-media":"","overlay-type":"","overlay-color":"","overlay-opacity":"","overlay-gradient":""},"tablet":{"background-color":"var(--ast-global-color-5)","background-image":"","background-repeat":"repeat","background-position":"center center","background-size":"auto","background-attachment":"scroll","background-type":"","background-media":"","overlay-type":"","overlay-color":"","overlay-opacity":"","overlay-gradient":""},"mobile":{"background-color":"var(--ast-global-color-5)","background-image":"","background-repeat":"repeat","background-position":"center center","background-size":"auto","background-attachment":"scroll","background-type":"","background-media":"","overlay-type":"","overlay-color":"","overlay-opacity":"","overlay-gradient":""}},"footnotes":""},"categories":[45,22],"tags":[29,78,106],"class_list":["post-33172","post","type-post","status-publish","format-standard","has-post-thumbnail","hentry","category-filme","category-neuigkeit","tag-ernst-goetsch","tag-syntropische-landwirtschaft","tag-vortrag"],"acf":[],"yoast_head":"<!-- This site is optimized with the Yoast SEO plugin v27.5 - https:\/\/yoast.com\/product\/yoast-seo-wordpress\/ -->\n<title>Syntropische Landwirtschaft: Vortrag Ernst G\u00f6tsch vom 28. M\u00e4rz 2019 - Permakultur-Landwirtschaft<\/title>\n<meta name=\"robots\" content=\"index, follow, max-snippet:-1, max-image-preview:large, max-video-preview:-1\" \/>\n<link rel=\"canonical\" href=\"https:\/\/permakultur-landwirtschaft.org\/fr\/syntropische-landwirtschaft-vortrag-ernst-goetsch-vom-28-maerz-2019\/\" \/>\n<meta property=\"og:locale\" content=\"fr_FR\" \/>\n<meta property=\"og:type\" content=\"article\" \/>\n<meta property=\"og:title\" content=\"Syntropische Landwirtschaft: Vortrag Ernst G\u00f6tsch vom 28. M\u00e4rz 2019 - Permakultur-Landwirtschaft\" \/>\n<meta property=\"og:description\" content=\"Ernst G\u00f6tsch und Podiumsgespr\u00e4ch in Zollikofen Schweizer Bauer und innovativer Agroforst-Pionier aus Brasilien Ernst G\u00f6tsch ist ein Schweizer Bauer, der vor \u00fcber dreissig Jahren nach Brasilien ausgewandert ist. Dort wurde er mit seiner \u00abSyntropischen Landwirtschaft\u00bb zuerst als irrer Gringo bel\u00e4chelt. Doch mit seinem System, das auf Vielfalt statt Mono-kultur setzt, beginnt er eine landwirtschaftliche Revolution. [&hellip;]\" \/>\n<meta property=\"og:url\" content=\"https:\/\/permakultur-landwirtschaft.org\/fr\/syntropische-landwirtschaft-vortrag-ernst-goetsch-vom-28-maerz-2019\/\" \/>\n<meta property=\"og:site_name\" content=\"Permakultur-Landwirtschaft\" \/>\n<meta property=\"article:publisher\" content=\"https:\/\/www.facebook.com\/PermakulturLandwirtschaft\" \/>\n<meta property=\"article:published_time\" content=\"2019-03-28T14:06:00+00:00\" \/>\n<meta property=\"article:modified_time\" content=\"2023-11-29T14:12:33+00:00\" \/>\n<meta property=\"og:image\" content=\"https:\/\/permakultur-landwirtschaft.org\/wp-content\/uploads\/2023\/11\/20190328_goetsch_Vortrag_2023-11-29_15-06-00.jpg\" \/>\n\t<meta property=\"og:image:width\" content=\"700\" \/>\n\t<meta property=\"og:image:height\" content=\"483\" \/>\n\t<meta property=\"og:image:type\" content=\"image\/jpeg\" \/>\n<meta name=\"author\" content=\"adrian reutimann\" \/>\n<meta name=\"twitter:card\" content=\"summary_large_image\" \/>\n<meta name=\"twitter:label1\" content=\"\u00c9crit par\" \/>\n\t<meta name=\"twitter:data1\" content=\"adrian reutimann\" \/>\n\t<meta name=\"twitter:label2\" content=\"Dur\u00e9e de lecture estim\u00e9e\" \/>\n\t<meta name=\"twitter:data2\" content=\"1 minute\" \/>\n<script type=\"application\/ld+json\" class=\"yoast-schema-graph\">{\"@context\":\"https:\\\/\\\/schema.org\",\"@graph\":[{\"@type\":\"Article\",\"@id\":\"https:\\\/\\\/permakultur-landwirtschaft.org\\\/syntropische-landwirtschaft-vortrag-ernst-goetsch-vom-28-maerz-2019\\\/#article\",\"isPartOf\":{\"@id\":\"https:\\\/\\\/permakultur-landwirtschaft.org\\\/syntropische-landwirtschaft-vortrag-ernst-goetsch-vom-28-maerz-2019\\\/\"},\"author\":{\"name\":\"adrian reutimann\",\"@id\":\"https:\\\/\\\/permakultur-landwirtschaft.org\\\/#\\\/schema\\\/person\\\/6b0467872f75aed3e144093f9bf4f0b0\"},\"headline\":\"Syntropische Landwirtschaft: Vortrag Ernst G\u00f6tsch vom 28. M\u00e4rz 2019\",\"datePublished\":\"2019-03-28T14:06:00+00:00\",\"dateModified\":\"2023-11-29T14:12:33+00:00\",\"mainEntityOfPage\":{\"@id\":\"https:\\\/\\\/permakultur-landwirtschaft.org\\\/syntropische-landwirtschaft-vortrag-ernst-goetsch-vom-28-maerz-2019\\\/\"},\"wordCount\":99,\"publisher\":{\"@id\":\"https:\\\/\\\/permakultur-landwirtschaft.org\\\/#organization\"},\"image\":{\"@id\":\"https:\\\/\\\/permakultur-landwirtschaft.org\\\/syntropische-landwirtschaft-vortrag-ernst-goetsch-vom-28-maerz-2019\\\/#primaryimage\"},\"thumbnailUrl\":\"https:\\\/\\\/permakultur-landwirtschaft.org\\\/wp-content\\\/uploads\\\/2023\\\/11\\\/20190328_goetsch_Vortrag_2023-11-29_15-06-00.jpg\",\"keywords\":[\"ernst g\u00f6tsch\",\"Syntropische Landwirtschaft\",\"Vortrag\"],\"articleSection\":[\"Film\",\"Neuigkeit\"],\"inLanguage\":\"fr-FR\"},{\"@type\":\"WebPage\",\"@id\":\"https:\\\/\\\/permakultur-landwirtschaft.org\\\/syntropische-landwirtschaft-vortrag-ernst-goetsch-vom-28-maerz-2019\\\/\",\"url\":\"https:\\\/\\\/permakultur-landwirtschaft.org\\\/syntropische-landwirtschaft-vortrag-ernst-goetsch-vom-28-maerz-2019\\\/\",\"name\":\"Syntropische Landwirtschaft: Vortrag Ernst G\u00f6tsch vom 28. M\u00e4rz 2019 - Permakultur-Landwirtschaft\",\"isPartOf\":{\"@id\":\"https:\\\/\\\/permakultur-landwirtschaft.org\\\/#website\"},\"primaryImageOfPage\":{\"@id\":\"https:\\\/\\\/permakultur-landwirtschaft.org\\\/syntropische-landwirtschaft-vortrag-ernst-goetsch-vom-28-maerz-2019\\\/#primaryimage\"},\"image\":{\"@id\":\"https:\\\/\\\/permakultur-landwirtschaft.org\\\/syntropische-landwirtschaft-vortrag-ernst-goetsch-vom-28-maerz-2019\\\/#primaryimage\"},\"thumbnailUrl\":\"https:\\\/\\\/permakultur-landwirtschaft.org\\\/wp-content\\\/uploads\\\/2023\\\/11\\\/20190328_goetsch_Vortrag_2023-11-29_15-06-00.jpg\",\"datePublished\":\"2019-03-28T14:06:00+00:00\",\"dateModified\":\"2023-11-29T14:12:33+00:00\",\"breadcrumb\":{\"@id\":\"https:\\\/\\\/permakultur-landwirtschaft.org\\\/syntropische-landwirtschaft-vortrag-ernst-goetsch-vom-28-maerz-2019\\\/#breadcrumb\"},\"inLanguage\":\"fr-FR\",\"potentialAction\":[{\"@type\":\"ReadAction\",\"target\":[\"https:\\\/\\\/permakultur-landwirtschaft.org\\\/syntropische-landwirtschaft-vortrag-ernst-goetsch-vom-28-maerz-2019\\\/\"]}]},{\"@type\":\"ImageObject\",\"inLanguage\":\"fr-FR\",\"@id\":\"https:\\\/\\\/permakultur-landwirtschaft.org\\\/syntropische-landwirtschaft-vortrag-ernst-goetsch-vom-28-maerz-2019\\\/#primaryimage\",\"url\":\"https:\\\/\\\/permakultur-landwirtschaft.org\\\/wp-content\\\/uploads\\\/2023\\\/11\\\/20190328_goetsch_Vortrag_2023-11-29_15-06-00.jpg\",\"contentUrl\":\"https:\\\/\\\/permakultur-landwirtschaft.org\\\/wp-content\\\/uploads\\\/2023\\\/11\\\/20190328_goetsch_Vortrag_2023-11-29_15-06-00.jpg\",\"width\":700,\"height\":483,\"caption\":\"Bild: youtube.com\"},{\"@type\":\"BreadcrumbList\",\"@id\":\"https:\\\/\\\/permakultur-landwirtschaft.org\\\/syntropische-landwirtschaft-vortrag-ernst-goetsch-vom-28-maerz-2019\\\/#breadcrumb\",\"itemListElement\":[{\"@type\":\"ListItem\",\"position\":1,\"name\":\"Startseite\",\"item\":\"https:\\\/\\\/permakultur-landwirtschaft.org\\\/\"},{\"@type\":\"ListItem\",\"position\":2,\"name\":\"Syntropische Landwirtschaft: Vortrag Ernst G\u00f6tsch vom 28. M\u00e4rz 2019\"}]},{\"@type\":\"WebSite\",\"@id\":\"https:\\\/\\\/permakultur-landwirtschaft.org\\\/#website\",\"url\":\"https:\\\/\\\/permakultur-landwirtschaft.org\\\/\",\"name\":\"Permakultur-Landwirtschaft\",\"description\":\"F\u00f6rderung der Permakultur in der Landwirtschaft\",\"publisher\":{\"@id\":\"https:\\\/\\\/permakultur-landwirtschaft.org\\\/#organization\"},\"potentialAction\":[{\"@type\":\"SearchAction\",\"target\":{\"@type\":\"EntryPoint\",\"urlTemplate\":\"https:\\\/\\\/permakultur-landwirtschaft.org\\\/?s={search_term_string}\"},\"query-input\":{\"@type\":\"PropertyValueSpecification\",\"valueRequired\":true,\"valueName\":\"search_term_string\"}}],\"inLanguage\":\"fr-FR\"},{\"@type\":\"Organization\",\"@id\":\"https:\\\/\\\/permakultur-landwirtschaft.org\\\/#organization\",\"name\":\"Permakultur-Landwirtschaft\",\"alternateName\":\"Verein Permakultur-Landwirtschaft\",\"url\":\"https:\\\/\\\/permakultur-landwirtschaft.org\\\/\",\"logo\":{\"@type\":\"ImageObject\",\"inLanguage\":\"fr-FR\",\"@id\":\"https:\\\/\\\/permakultur-landwirtschaft.org\\\/#\\\/schema\\\/logo\\\/image\\\/\",\"url\":\"https:\\\/\\\/permakultur-landwirtschaft.org\\\/wp-content\\\/uploads\\\/2021\\\/11\\\/pela_1268x1269.png\",\"contentUrl\":\"https:\\\/\\\/permakultur-landwirtschaft.org\\\/wp-content\\\/uploads\\\/2021\\\/11\\\/pela_1268x1269.png\",\"width\":1298,\"height\":1269,\"caption\":\"Permakultur-Landwirtschaft\"},\"image\":{\"@id\":\"https:\\\/\\\/permakultur-landwirtschaft.org\\\/#\\\/schema\\\/logo\\\/image\\\/\"},\"sameAs\":[\"https:\\\/\\\/www.facebook.com\\\/PermakulturLandwirtschaft\",\"https:\\\/\\\/www.instagram.com\\\/permakultur_landwirtschaft\\\/\",\"https:\\\/\\\/www.flickr.com\\\/photos\\\/permakultur-landwirtschaft\",\"https:\\\/\\\/www.youtube.com\\\/@PermakulturLandwirtschaft\"]},{\"@type\":\"Person\",\"@id\":\"https:\\\/\\\/permakultur-landwirtschaft.org\\\/#\\\/schema\\\/person\\\/6b0467872f75aed3e144093f9bf4f0b0\",\"name\":\"adrian reutimann\",\"url\":\"https:\\\/\\\/permakultur-landwirtschaft.org\\\/fr\\\/author\\\/reutiadr\\\/\"}]}<\/script>\n<!-- \/ Yoast SEO plugin. -->","yoast_head_json":{"title":"Syntropische Landwirtschaft: Vortrag Ernst G\u00f6tsch vom 28. M\u00e4rz 2019 - Permakultur-Landwirtschaft","robots":{"index":"index","follow":"follow","max-snippet":"max-snippet:-1","max-image-preview":"max-image-preview:large","max-video-preview":"max-video-preview:-1"},"canonical":"https:\/\/permakultur-landwirtschaft.org\/fr\/syntropische-landwirtschaft-vortrag-ernst-goetsch-vom-28-maerz-2019\/","og_locale":"fr_FR","og_type":"article","og_title":"Syntropische Landwirtschaft: Vortrag Ernst G\u00f6tsch vom 28. M\u00e4rz 2019 - Permakultur-Landwirtschaft","og_description":"Ernst G\u00f6tsch und Podiumsgespr\u00e4ch in Zollikofen Schweizer Bauer und innovativer Agroforst-Pionier aus Brasilien Ernst G\u00f6tsch ist ein Schweizer Bauer, der vor \u00fcber dreissig Jahren nach Brasilien ausgewandert ist. Dort wurde er mit seiner \u00abSyntropischen Landwirtschaft\u00bb zuerst als irrer Gringo bel\u00e4chelt. Doch mit seinem System, das auf Vielfalt statt Mono-kultur setzt, beginnt er eine landwirtschaftliche Revolution. [&hellip;]","og_url":"https:\/\/permakultur-landwirtschaft.org\/fr\/syntropische-landwirtschaft-vortrag-ernst-goetsch-vom-28-maerz-2019\/","og_site_name":"Permakultur-Landwirtschaft","article_publisher":"https:\/\/www.facebook.com\/PermakulturLandwirtschaft","article_published_time":"2019-03-28T14:06:00+00:00","article_modified_time":"2023-11-29T14:12:33+00:00","og_image":[{"width":700,"height":483,"url":"https:\/\/permakultur-landwirtschaft.org\/wp-content\/uploads\/2023\/11\/20190328_goetsch_Vortrag_2023-11-29_15-06-00.jpg","type":"image\/jpeg"}],"author":"adrian reutimann","twitter_card":"summary_large_image","twitter_misc":{"\u00c9crit par":"adrian reutimann","Dur\u00e9e de lecture estim\u00e9e":"1 minute"},"schema":{"@context":"https:\/\/schema.org","@graph":[{"@type":"Article","@id":"https:\/\/permakultur-landwirtschaft.org\/syntropische-landwirtschaft-vortrag-ernst-goetsch-vom-28-maerz-2019\/#article","isPartOf":{"@id":"https:\/\/permakultur-landwirtschaft.org\/syntropische-landwirtschaft-vortrag-ernst-goetsch-vom-28-maerz-2019\/"},"author":{"name":"adrian reutimann","@id":"https:\/\/permakultur-landwirtschaft.org\/#\/schema\/person\/6b0467872f75aed3e144093f9bf4f0b0"},"headline":"Syntropische Landwirtschaft: Vortrag Ernst G\u00f6tsch vom 28. M\u00e4rz 2019","datePublished":"2019-03-28T14:06:00+00:00","dateModified":"2023-11-29T14:12:33+00:00","mainEntityOfPage":{"@id":"https:\/\/permakultur-landwirtschaft.org\/syntropische-landwirtschaft-vortrag-ernst-goetsch-vom-28-maerz-2019\/"},"wordCount":99,"publisher":{"@id":"https:\/\/permakultur-landwirtschaft.org\/#organization"},"image":{"@id":"https:\/\/permakultur-landwirtschaft.org\/syntropische-landwirtschaft-vortrag-ernst-goetsch-vom-28-maerz-2019\/#primaryimage"},"thumbnailUrl":"https:\/\/permakultur-landwirtschaft.org\/wp-content\/uploads\/2023\/11\/20190328_goetsch_Vortrag_2023-11-29_15-06-00.jpg","keywords":["ernst g\u00f6tsch","Syntropische Landwirtschaft","Vortrag"],"articleSection":["Film","Neuigkeit"],"inLanguage":"fr-FR"},{"@type":"WebPage","@id":"https:\/\/permakultur-landwirtschaft.org\/syntropische-landwirtschaft-vortrag-ernst-goetsch-vom-28-maerz-2019\/","url":"https:\/\/permakultur-landwirtschaft.org\/syntropische-landwirtschaft-vortrag-ernst-goetsch-vom-28-maerz-2019\/","name":"Syntropische Landwirtschaft: Vortrag Ernst G\u00f6tsch vom 28. M\u00e4rz 2019 - Permakultur-Landwirtschaft","isPartOf":{"@id":"https:\/\/permakultur-landwirtschaft.org\/#website"},"primaryImageOfPage":{"@id":"https:\/\/permakultur-landwirtschaft.org\/syntropische-landwirtschaft-vortrag-ernst-goetsch-vom-28-maerz-2019\/#primaryimage"},"image":{"@id":"https:\/\/permakultur-landwirtschaft.org\/syntropische-landwirtschaft-vortrag-ernst-goetsch-vom-28-maerz-2019\/#primaryimage"},"thumbnailUrl":"https:\/\/permakultur-landwirtschaft.org\/wp-content\/uploads\/2023\/11\/20190328_goetsch_Vortrag_2023-11-29_15-06-00.jpg","datePublished":"2019-03-28T14:06:00+00:00","dateModified":"2023-11-29T14:12:33+00:00","breadcrumb":{"@id":"https:\/\/permakultur-landwirtschaft.org\/syntropische-landwirtschaft-vortrag-ernst-goetsch-vom-28-maerz-2019\/#breadcrumb"},"inLanguage":"fr-FR","potentialAction":[{"@type":"ReadAction","target":["https:\/\/permakultur-landwirtschaft.org\/syntropische-landwirtschaft-vortrag-ernst-goetsch-vom-28-maerz-2019\/"]}]},{"@type":"ImageObject","inLanguage":"fr-FR","@id":"https:\/\/permakultur-landwirtschaft.org\/syntropische-landwirtschaft-vortrag-ernst-goetsch-vom-28-maerz-2019\/#primaryimage","url":"https:\/\/permakultur-landwirtschaft.org\/wp-content\/uploads\/2023\/11\/20190328_goetsch_Vortrag_2023-11-29_15-06-00.jpg","contentUrl":"https:\/\/permakultur-landwirtschaft.org\/wp-content\/uploads\/2023\/11\/20190328_goetsch_Vortrag_2023-11-29_15-06-00.jpg","width":700,"height":483,"caption":"Bild: youtube.com"},{"@type":"BreadcrumbList","@id":"https:\/\/permakultur-landwirtschaft.org\/syntropische-landwirtschaft-vortrag-ernst-goetsch-vom-28-maerz-2019\/#breadcrumb","itemListElement":[{"@type":"ListItem","position":1,"name":"Startseite","item":"https:\/\/permakultur-landwirtschaft.org\/"},{"@type":"ListItem","position":2,"name":"Syntropische Landwirtschaft: Vortrag Ernst G\u00f6tsch vom 28. M\u00e4rz 2019"}]},{"@type":"WebSite","@id":"https:\/\/permakultur-landwirtschaft.org\/#website","url":"https:\/\/permakultur-landwirtschaft.org\/","name":"Permakultur-Landwirtschaft","description":"F\u00f6rderung der Permakultur in der Landwirtschaft","publisher":{"@id":"https:\/\/permakultur-landwirtschaft.org\/#organization"},"potentialAction":[{"@type":"SearchAction","target":{"@type":"EntryPoint","urlTemplate":"https:\/\/permakultur-landwirtschaft.org\/?s={search_term_string}"},"query-input":{"@type":"PropertyValueSpecification","valueRequired":true,"valueName":"search_term_string"}}],"inLanguage":"fr-FR"},{"@type":"Organization","@id":"https:\/\/permakultur-landwirtschaft.org\/#organization","name":"Permakultur-Landwirtschaft","alternateName":"Verein Permakultur-Landwirtschaft","url":"https:\/\/permakultur-landwirtschaft.org\/","logo":{"@type":"ImageObject","inLanguage":"fr-FR","@id":"https:\/\/permakultur-landwirtschaft.org\/#\/schema\/logo\/image\/","url":"https:\/\/permakultur-landwirtschaft.org\/wp-content\/uploads\/2021\/11\/pela_1268x1269.png","contentUrl":"https:\/\/permakultur-landwirtschaft.org\/wp-content\/uploads\/2021\/11\/pela_1268x1269.png","width":1298,"height":1269,"caption":"Permakultur-Landwirtschaft"},"image":{"@id":"https:\/\/permakultur-landwirtschaft.org\/#\/schema\/logo\/image\/"},"sameAs":["https:\/\/www.facebook.com\/PermakulturLandwirtschaft","https:\/\/www.instagram.com\/permakultur_landwirtschaft\/","https:\/\/www.flickr.com\/photos\/permakultur-landwirtschaft","https:\/\/www.youtube.com\/@PermakulturLandwirtschaft"]},{"@type":"Person","@id":"https:\/\/permakultur-landwirtschaft.org\/#\/schema\/person\/6b0467872f75aed3e144093f9bf4f0b0","name":"adrian reutimann","url":"https:\/\/permakultur-landwirtschaft.org\/fr\/author\/reutiadr\/"}]}},"_links":{"self":[{"href":"https:\/\/permakultur-landwirtschaft.org\/fr\/wp-json\/wp\/v2\/posts\/33172","targetHints":{"allow":["GET"]}}],"collection":[{"href":"https:\/\/permakultur-landwirtschaft.org\/fr\/wp-json\/wp\/v2\/posts"}],"about":[{"href":"https:\/\/permakultur-landwirtschaft.org\/fr\/wp-json\/wp\/v2\/types\/post"}],"author":[{"embeddable":true,"href":"https:\/\/permakultur-landwirtschaft.org\/fr\/wp-json\/wp\/v2\/users\/2"}],"replies":[{"embeddable":true,"href":"https:\/\/permakultur-landwirtschaft.org\/fr\/wp-json\/wp\/v2\/comments?post=33172"}],"version-history":[{"count":1,"href":"https:\/\/permakultur-landwirtschaft.org\/fr\/wp-json\/wp\/v2\/posts\/33172\/revisions"}],"predecessor-version":[{"id":33175,"href":"https:\/\/permakultur-landwirtschaft.org\/fr\/wp-json\/wp\/v2\/posts\/33172\/revisions\/33175"}],"wp:featuredmedia":[{"embeddable":true,"href":"https:\/\/permakultur-landwirtschaft.org\/fr\/wp-json\/wp\/v2\/media\/33174"}],"wp:attachment":[{"href":"https:\/\/permakultur-landwirtschaft.org\/fr\/wp-json\/wp\/v2\/media?parent=33172"}],"wp:term":[{"taxonomy":"category","embeddable":true,"href":"https:\/\/permakultur-landwirtschaft.org\/fr\/wp-json\/wp\/v2\/categories?post=33172"},{"taxonomy":"post_tag","embeddable":true,"href":"https:\/\/permakultur-landwirtschaft.org\/fr\/wp-json\/wp\/v2\/tags?post=33172"}],"curies":[{"name":"wp","href":"https:\/\/api.w.org\/{rel}","templated":true}]}}