{"id":33142,"date":"2023-11-23T16:20:00","date_gmt":"2023-11-23T15:20:00","guid":{"rendered":"https:\/\/permakultur-landwirtschaft.org\/?p=33142"},"modified":"2023-12-14T10:32:40","modified_gmt":"2023-12-14T09:32:40","slug":"standpunkt-von-mila-laager-keyline-systeme-in-der-praxis-testen-die-gruene-vom-23-november-2023","status":"publish","type":"post","link":"https:\/\/permakultur-landwirtschaft.org\/fr\/standpunkt-von-mila-laager-keyline-systeme-in-der-praxis-testen-die-gruene-vom-23-november-2023\/","title":{"rendered":"StandPunkt von Mila Laager: Keyline-Systeme in der Praxis testen &#8211; Die Gr\u00fcne vom 23. November 2023"},"content":{"rendered":"<p>Text von diegruene.ch:<\/p>\n\n\n\n<p>Mila Laager, Wissenschaftliche Mitarbeiterin im Bereich Agrar\u00f6kologie an der HAFL nimmt Stellung zur Wassermanagement-Strategie Keyline. Sie findet, es brauche Pionierbetriebe<\/p>\n\n\n\n<p>Keyline Design ist in englischer Begriff, dem man zunehmend im Zusammenhang mit Wassermanagement und Klimaanpassung begegnet. W\u00f6rtlich kann Keyline Design mit \u00abSchl\u00fcssellinien-Gestaltung\u00bb \u00fcbersetzt werden. Das bedeutet, dass es sich um eine Gestaltungsmethode handelt, bei der in der Landschaft eine Schl\u00fcssellinie definiert wird.<\/p>\n\n\n\n<p>Grob gesagt f\u00fchrt die Schl\u00fcssellinie von Stellen mit viel Wasser mit leichtem Gef\u00e4lle von 1 bis 3 Prozent dahin, wo es eher trocken ist. Ausgehend von dieser Schl\u00fcssellinie werden in einer f\u00fcr die Bearbeitung sinnvollen Distanz parallele Linien geplant. Die Bewirtschaftung orientiert sich dann an diesen Linien mit dem Ziel, dass bei Niederschlag das Wasser optimal auf dem Land verteilt wird, um durch optimale Infiltration m\u00f6glichst viel Wasser direkt im Boden zu speichern.<\/p>\n\n\n\n<p><a href=\"https:\/\/www.diegruene.ch\/dossier\/hof-management\/standpunkt-mila-laager-keyline-systeme-praxis-testen-497531\" target=\"_blank\" rel=\"noreferrer noopener\">Link zum Beitrag<\/a><\/p>\n\n\n\n<p><a href=\"https:\/\/youtu.be\/y8gpi220VQY\" target=\"_blank\" rel=\"noreferrer noopener\">Link zum FiBL Film zu Keyline<\/a><\/p>\n\n\n\n<p><a href=\"https:\/\/katzhof.ch\/\" target=\"_blank\" rel=\"noreferrer noopener\">Link zum Katzhof<\/a><\/p>\n\n\n\n<p><a href=\"https:\/\/www.bfh.ch\/fr\/recherche\/domaines-de-recherche\/permaculture\/\" target=\"_blank\" rel=\"noreferrer noopener\">Link zur Permakultur Forschungsgruppe der HAFL<\/a><\/p>","protected":false},"excerpt":{"rendered":"<p>Text von diegruene.ch: Mila Laager, Wissenschaftliche Mitarbeiterin im Bereich Agrar\u00f6kologie an der HAFL nimmt Stellung zur Wassermanagement-Strategie Keyline. Sie findet, es brauche Pionierbetriebe Keyline Design ist in englischer Begriff, dem man zunehmend im Zusammenhang mit Wassermanagement und Klimaanpassung begegnet. W\u00f6rtlich kann Keyline Design mit \u00abSchl\u00fcssellinien-Gestaltung\u00bb \u00fcbersetzt werden. Das bedeutet, dass es sich um eine Gestaltungsmethode [&hellip;]<\/p>\n","protected":false},"author":2,"featured_media":33143,"comment_status":"closed","ping_status":"closed","sticky":false,"template":"","format":"standard","meta":{"_acf_changed":false,"site-sidebar-layout":"default","site-content-layout":"","ast-site-content-layout":"default","site-content-style":"default","site-sidebar-style":"default","ast-global-header-display":"","ast-banner-title-visibility":"","ast-main-header-display":"","ast-hfb-above-header-display":"","ast-hfb-below-header-display":"","ast-hfb-mobile-header-display":"","site-post-title":"","ast-breadcrumbs-content":"","ast-featured-img":"","footer-sml-layout":"","ast-disable-related-posts":"","theme-transparent-header-meta":"","adv-header-id-meta":"","stick-header-meta":"","header-above-stick-meta":"","header-main-stick-meta":"","header-below-stick-meta":"","astra-migrate-meta-layouts":"set","ast-page-background-enabled":"default","ast-page-background-meta":{"desktop":{"background-color":"var(--ast-global-color-4)","background-image":"","background-repeat":"repeat","background-position":"center center","background-size":"auto","background-attachment":"scroll","background-type":"","background-media":"","overlay-type":"","overlay-color":"","overlay-opacity":"","overlay-gradient":""},"tablet":{"background-color":"","background-image":"","background-repeat":"repeat","background-position":"center center","background-size":"auto","background-attachment":"scroll","background-type":"","background-media":"","overlay-type":"","overlay-color":"","overlay-opacity":"","overlay-gradient":""},"mobile":{"background-color":"","background-image":"","background-repeat":"repeat","background-position":"center center","background-size":"auto","background-attachment":"scroll","background-type":"","background-media":"","overlay-type":"","overlay-color":"","overlay-opacity":"","overlay-gradient":""}},"ast-content-background-meta":{"desktop":{"background-color":"var(--ast-global-color-5)","background-image":"","background-repeat":"repeat","background-position":"center center","background-size":"auto","background-attachment":"scroll","background-type":"","background-media":"","overlay-type":"","overlay-color":"","overlay-opacity":"","overlay-gradient":""},"tablet":{"background-color":"var(--ast-global-color-5)","background-image":"","background-repeat":"repeat","background-position":"center center","background-size":"auto","background-attachment":"scroll","background-type":"","background-media":"","overlay-type":"","overlay-color":"","overlay-opacity":"","overlay-gradient":""},"mobile":{"background-color":"var(--ast-global-color-5)","background-image":"","background-repeat":"repeat","background-position":"center center","background-size":"auto","background-attachment":"scroll","background-type":"","background-media":"","overlay-type":"","overlay-color":"","overlay-opacity":"","overlay-gradient":""}},"footnotes":""},"categories":[22],"tags":[31,69,91,90],"class_list":["post-33142","post","type-post","status-publish","format-standard","has-post-thumbnail","hentry","category-neuigkeit","tag-agroforst","tag-hafl","tag-katzhof","tag-keyline"],"acf":[],"yoast_head":"<!-- This site is optimized with the Yoast SEO plugin v27.5 - https:\/\/yoast.com\/product\/yoast-seo-wordpress\/ -->\n<title>StandPunkt von Mila Laager: Keyline-Systeme in der Praxis testen - Die Gr\u00fcne vom 23. November 2023 - Permakultur-Landwirtschaft<\/title>\n<meta name=\"robots\" content=\"index, follow, max-snippet:-1, max-image-preview:large, max-video-preview:-1\" \/>\n<link rel=\"canonical\" href=\"https:\/\/permakultur-landwirtschaft.org\/fr\/standpunkt-von-mila-laager-keyline-systeme-in-der-praxis-testen-die-gruene-vom-23-november-2023\/\" \/>\n<meta property=\"og:locale\" content=\"fr_FR\" \/>\n<meta property=\"og:type\" content=\"article\" \/>\n<meta property=\"og:title\" content=\"Keyline-Systeme in der Praxis\" \/>\n<meta property=\"og:description\" content=\"StandPunkt von Mila Laager: Keyline-Systeme in der Praxis testen - Die Gr\u00fcne vom 23. November 2023\" \/>\n<meta property=\"og:url\" content=\"https:\/\/permakultur-landwirtschaft.org\/fr\/standpunkt-von-mila-laager-keyline-systeme-in-der-praxis-testen-die-gruene-vom-23-november-2023\/\" \/>\n<meta property=\"og:site_name\" content=\"Permakultur-Landwirtschaft\" \/>\n<meta property=\"article:publisher\" content=\"https:\/\/www.facebook.com\/PermakulturLandwirtschaft\" \/>\n<meta property=\"article:published_time\" content=\"2023-11-23T15:20:00+00:00\" \/>\n<meta property=\"article:modified_time\" content=\"2023-12-14T09:32:40+00:00\" \/>\n<meta property=\"og:image\" content=\"https:\/\/permakultur-landwirtschaft.org\/wp-content\/uploads\/2023\/11\/dieGruene_keyline_mila_katzhof_csm_Standpunkt_DG_bb7e5b8f60.jpg\" \/>\n\t<meta property=\"og:image:width\" content=\"700\" \/>\n\t<meta property=\"og:image:height\" content=\"437\" \/>\n\t<meta property=\"og:image:type\" content=\"image\/jpeg\" \/>\n<meta name=\"author\" content=\"adrian reutimann\" \/>\n<meta name=\"twitter:card\" content=\"summary_large_image\" \/>\n<meta name=\"twitter:title\" content=\"Keyline-Systeme in der Praxis\" \/>\n<meta name=\"twitter:description\" content=\"StandPunkt von Mila Laager: Keyline-Systeme in der Praxis testen - Die Gr\u00fcne vom 23. November 2023\" \/>\n<meta name=\"twitter:image\" content=\"https:\/\/permakultur-landwirtschaft.org\/wp-content\/uploads\/2023\/11\/dieGruene_keyline_mila_katzhof_csm_Standpunkt_DG_bb7e5b8f60.jpg\" \/>\n<meta name=\"twitter:label1\" content=\"\u00c9crit par\" \/>\n\t<meta name=\"twitter:data1\" content=\"adrian reutimann\" \/>\n\t<meta name=\"twitter:label2\" content=\"Dur\u00e9e de lecture estim\u00e9e\" \/>\n\t<meta name=\"twitter:data2\" content=\"2 minutes\" \/>\n<script type=\"application\/ld+json\" class=\"yoast-schema-graph\">{\"@context\":\"https:\\\/\\\/schema.org\",\"@graph\":[{\"@type\":\"Article\",\"@id\":\"https:\\\/\\\/permakultur-landwirtschaft.org\\\/standpunkt-von-mila-laager-keyline-systeme-in-der-praxis-testen-die-gruene-vom-23-november-2023\\\/#article\",\"isPartOf\":{\"@id\":\"https:\\\/\\\/permakultur-landwirtschaft.org\\\/standpunkt-von-mila-laager-keyline-systeme-in-der-praxis-testen-die-gruene-vom-23-november-2023\\\/\"},\"author\":{\"name\":\"adrian reutimann\",\"@id\":\"https:\\\/\\\/permakultur-landwirtschaft.org\\\/#\\\/schema\\\/person\\\/6b0467872f75aed3e144093f9bf4f0b0\"},\"headline\":\"StandPunkt von Mila Laager: Keyline-Systeme in der Praxis testen &#8211; Die Gr\u00fcne vom 23. November 2023\",\"datePublished\":\"2023-11-23T15:20:00+00:00\",\"dateModified\":\"2023-12-14T09:32:40+00:00\",\"mainEntityOfPage\":{\"@id\":\"https:\\\/\\\/permakultur-landwirtschaft.org\\\/standpunkt-von-mila-laager-keyline-systeme-in-der-praxis-testen-die-gruene-vom-23-november-2023\\\/\"},\"wordCount\":180,\"publisher\":{\"@id\":\"https:\\\/\\\/permakultur-landwirtschaft.org\\\/#organization\"},\"image\":{\"@id\":\"https:\\\/\\\/permakultur-landwirtschaft.org\\\/standpunkt-von-mila-laager-keyline-systeme-in-der-praxis-testen-die-gruene-vom-23-november-2023\\\/#primaryimage\"},\"thumbnailUrl\":\"https:\\\/\\\/permakultur-landwirtschaft.org\\\/wp-content\\\/uploads\\\/2023\\\/11\\\/dieGruene_keyline_mila_katzhof_csm_Standpunkt_DG_bb7e5b8f60.jpg\",\"keywords\":[\"Agroforst\",\"HAFL\",\"Katzhof\",\"Keyline\"],\"articleSection\":[\"Neuigkeit\"],\"inLanguage\":\"fr-FR\"},{\"@type\":\"WebPage\",\"@id\":\"https:\\\/\\\/permakultur-landwirtschaft.org\\\/standpunkt-von-mila-laager-keyline-systeme-in-der-praxis-testen-die-gruene-vom-23-november-2023\\\/\",\"url\":\"https:\\\/\\\/permakultur-landwirtschaft.org\\\/standpunkt-von-mila-laager-keyline-systeme-in-der-praxis-testen-die-gruene-vom-23-november-2023\\\/\",\"name\":\"StandPunkt von Mila Laager: Keyline-Systeme in der Praxis testen - Die Gr\u00fcne vom 23. November 2023 - Permakultur-Landwirtschaft\",\"isPartOf\":{\"@id\":\"https:\\\/\\\/permakultur-landwirtschaft.org\\\/#website\"},\"primaryImageOfPage\":{\"@id\":\"https:\\\/\\\/permakultur-landwirtschaft.org\\\/standpunkt-von-mila-laager-keyline-systeme-in-der-praxis-testen-die-gruene-vom-23-november-2023\\\/#primaryimage\"},\"image\":{\"@id\":\"https:\\\/\\\/permakultur-landwirtschaft.org\\\/standpunkt-von-mila-laager-keyline-systeme-in-der-praxis-testen-die-gruene-vom-23-november-2023\\\/#primaryimage\"},\"thumbnailUrl\":\"https:\\\/\\\/permakultur-landwirtschaft.org\\\/wp-content\\\/uploads\\\/2023\\\/11\\\/dieGruene_keyline_mila_katzhof_csm_Standpunkt_DG_bb7e5b8f60.jpg\",\"datePublished\":\"2023-11-23T15:20:00+00:00\",\"dateModified\":\"2023-12-14T09:32:40+00:00\",\"breadcrumb\":{\"@id\":\"https:\\\/\\\/permakultur-landwirtschaft.org\\\/standpunkt-von-mila-laager-keyline-systeme-in-der-praxis-testen-die-gruene-vom-23-november-2023\\\/#breadcrumb\"},\"inLanguage\":\"fr-FR\",\"potentialAction\":[{\"@type\":\"ReadAction\",\"target\":[\"https:\\\/\\\/permakultur-landwirtschaft.org\\\/standpunkt-von-mila-laager-keyline-systeme-in-der-praxis-testen-die-gruene-vom-23-november-2023\\\/\"]}]},{\"@type\":\"ImageObject\",\"inLanguage\":\"fr-FR\",\"@id\":\"https:\\\/\\\/permakultur-landwirtschaft.org\\\/standpunkt-von-mila-laager-keyline-systeme-in-der-praxis-testen-die-gruene-vom-23-november-2023\\\/#primaryimage\",\"url\":\"https:\\\/\\\/permakultur-landwirtschaft.org\\\/wp-content\\\/uploads\\\/2023\\\/11\\\/dieGruene_keyline_mila_katzhof_csm_Standpunkt_DG_bb7e5b8f60.jpg\",\"contentUrl\":\"https:\\\/\\\/permakultur-landwirtschaft.org\\\/wp-content\\\/uploads\\\/2023\\\/11\\\/dieGruene_keyline_mila_katzhof_csm_Standpunkt_DG_bb7e5b8f60.jpg\",\"width\":700,\"height\":437,\"caption\":\"Bild: diegruene.ch\"},{\"@type\":\"BreadcrumbList\",\"@id\":\"https:\\\/\\\/permakultur-landwirtschaft.org\\\/standpunkt-von-mila-laager-keyline-systeme-in-der-praxis-testen-die-gruene-vom-23-november-2023\\\/#breadcrumb\",\"itemListElement\":[{\"@type\":\"ListItem\",\"position\":1,\"name\":\"Startseite\",\"item\":\"https:\\\/\\\/permakultur-landwirtschaft.org\\\/\"},{\"@type\":\"ListItem\",\"position\":2,\"name\":\"StandPunkt von Mila Laager: Keyline-Systeme in der Praxis testen &#8211; Die Gr\u00fcne vom 23. November 2023\"}]},{\"@type\":\"WebSite\",\"@id\":\"https:\\\/\\\/permakultur-landwirtschaft.org\\\/#website\",\"url\":\"https:\\\/\\\/permakultur-landwirtschaft.org\\\/\",\"name\":\"Permakultur-Landwirtschaft\",\"description\":\"F\u00f6rderung der Permakultur in der Landwirtschaft\",\"publisher\":{\"@id\":\"https:\\\/\\\/permakultur-landwirtschaft.org\\\/#organization\"},\"potentialAction\":[{\"@type\":\"SearchAction\",\"target\":{\"@type\":\"EntryPoint\",\"urlTemplate\":\"https:\\\/\\\/permakultur-landwirtschaft.org\\\/?s={search_term_string}\"},\"query-input\":{\"@type\":\"PropertyValueSpecification\",\"valueRequired\":true,\"valueName\":\"search_term_string\"}}],\"inLanguage\":\"fr-FR\"},{\"@type\":\"Organization\",\"@id\":\"https:\\\/\\\/permakultur-landwirtschaft.org\\\/#organization\",\"name\":\"Permakultur-Landwirtschaft\",\"alternateName\":\"Verein Permakultur-Landwirtschaft\",\"url\":\"https:\\\/\\\/permakultur-landwirtschaft.org\\\/\",\"logo\":{\"@type\":\"ImageObject\",\"inLanguage\":\"fr-FR\",\"@id\":\"https:\\\/\\\/permakultur-landwirtschaft.org\\\/#\\\/schema\\\/logo\\\/image\\\/\",\"url\":\"https:\\\/\\\/permakultur-landwirtschaft.org\\\/wp-content\\\/uploads\\\/2021\\\/11\\\/pela_1268x1269.png\",\"contentUrl\":\"https:\\\/\\\/permakultur-landwirtschaft.org\\\/wp-content\\\/uploads\\\/2021\\\/11\\\/pela_1268x1269.png\",\"width\":1298,\"height\":1269,\"caption\":\"Permakultur-Landwirtschaft\"},\"image\":{\"@id\":\"https:\\\/\\\/permakultur-landwirtschaft.org\\\/#\\\/schema\\\/logo\\\/image\\\/\"},\"sameAs\":[\"https:\\\/\\\/www.facebook.com\\\/PermakulturLandwirtschaft\",\"https:\\\/\\\/www.instagram.com\\\/permakultur_landwirtschaft\\\/\",\"https:\\\/\\\/www.flickr.com\\\/photos\\\/permakultur-landwirtschaft\",\"https:\\\/\\\/www.youtube.com\\\/@PermakulturLandwirtschaft\"]},{\"@type\":\"Person\",\"@id\":\"https:\\\/\\\/permakultur-landwirtschaft.org\\\/#\\\/schema\\\/person\\\/6b0467872f75aed3e144093f9bf4f0b0\",\"name\":\"adrian reutimann\",\"url\":\"https:\\\/\\\/permakultur-landwirtschaft.org\\\/fr\\\/author\\\/reutiadr\\\/\"}]}<\/script>\n<!-- \/ Yoast SEO plugin. -->","yoast_head_json":{"title":"StandPunkt von Mila Laager: Keyline-Systeme in der Praxis testen - Die Gr\u00fcne vom 23. November 2023 - Permakultur-Landwirtschaft","robots":{"index":"index","follow":"follow","max-snippet":"max-snippet:-1","max-image-preview":"max-image-preview:large","max-video-preview":"max-video-preview:-1"},"canonical":"https:\/\/permakultur-landwirtschaft.org\/fr\/standpunkt-von-mila-laager-keyline-systeme-in-der-praxis-testen-die-gruene-vom-23-november-2023\/","og_locale":"fr_FR","og_type":"article","og_title":"Keyline-Systeme in der Praxis","og_description":"StandPunkt von Mila Laager: Keyline-Systeme in der Praxis testen - Die Gr\u00fcne vom 23. November 2023","og_url":"https:\/\/permakultur-landwirtschaft.org\/fr\/standpunkt-von-mila-laager-keyline-systeme-in-der-praxis-testen-die-gruene-vom-23-november-2023\/","og_site_name":"Permakultur-Landwirtschaft","article_publisher":"https:\/\/www.facebook.com\/PermakulturLandwirtschaft","article_published_time":"2023-11-23T15:20:00+00:00","article_modified_time":"2023-12-14T09:32:40+00:00","og_image":[{"width":700,"height":437,"url":"https:\/\/permakultur-landwirtschaft.org\/wp-content\/uploads\/2023\/11\/dieGruene_keyline_mila_katzhof_csm_Standpunkt_DG_bb7e5b8f60.jpg","type":"image\/jpeg"}],"author":"adrian reutimann","twitter_card":"summary_large_image","twitter_title":"Keyline-Systeme in der Praxis","twitter_description":"StandPunkt von Mila Laager: Keyline-Systeme in der Praxis testen - Die Gr\u00fcne vom 23. November 2023","twitter_image":"https:\/\/permakultur-landwirtschaft.org\/wp-content\/uploads\/2023\/11\/dieGruene_keyline_mila_katzhof_csm_Standpunkt_DG_bb7e5b8f60.jpg","twitter_misc":{"\u00c9crit par":"adrian reutimann","Dur\u00e9e de lecture estim\u00e9e":"2 minutes"},"schema":{"@context":"https:\/\/schema.org","@graph":[{"@type":"Article","@id":"https:\/\/permakultur-landwirtschaft.org\/standpunkt-von-mila-laager-keyline-systeme-in-der-praxis-testen-die-gruene-vom-23-november-2023\/#article","isPartOf":{"@id":"https:\/\/permakultur-landwirtschaft.org\/standpunkt-von-mila-laager-keyline-systeme-in-der-praxis-testen-die-gruene-vom-23-november-2023\/"},"author":{"name":"adrian reutimann","@id":"https:\/\/permakultur-landwirtschaft.org\/#\/schema\/person\/6b0467872f75aed3e144093f9bf4f0b0"},"headline":"StandPunkt von Mila Laager: Keyline-Systeme in der Praxis testen &#8211; Die Gr\u00fcne vom 23. November 2023","datePublished":"2023-11-23T15:20:00+00:00","dateModified":"2023-12-14T09:32:40+00:00","mainEntityOfPage":{"@id":"https:\/\/permakultur-landwirtschaft.org\/standpunkt-von-mila-laager-keyline-systeme-in-der-praxis-testen-die-gruene-vom-23-november-2023\/"},"wordCount":180,"publisher":{"@id":"https:\/\/permakultur-landwirtschaft.org\/#organization"},"image":{"@id":"https:\/\/permakultur-landwirtschaft.org\/standpunkt-von-mila-laager-keyline-systeme-in-der-praxis-testen-die-gruene-vom-23-november-2023\/#primaryimage"},"thumbnailUrl":"https:\/\/permakultur-landwirtschaft.org\/wp-content\/uploads\/2023\/11\/dieGruene_keyline_mila_katzhof_csm_Standpunkt_DG_bb7e5b8f60.jpg","keywords":["Agroforst","HAFL","Katzhof","Keyline"],"articleSection":["Neuigkeit"],"inLanguage":"fr-FR"},{"@type":"WebPage","@id":"https:\/\/permakultur-landwirtschaft.org\/standpunkt-von-mila-laager-keyline-systeme-in-der-praxis-testen-die-gruene-vom-23-november-2023\/","url":"https:\/\/permakultur-landwirtschaft.org\/standpunkt-von-mila-laager-keyline-systeme-in-der-praxis-testen-die-gruene-vom-23-november-2023\/","name":"StandPunkt von Mila Laager: Keyline-Systeme in der Praxis testen - Die Gr\u00fcne vom 23. November 2023 - Permakultur-Landwirtschaft","isPartOf":{"@id":"https:\/\/permakultur-landwirtschaft.org\/#website"},"primaryImageOfPage":{"@id":"https:\/\/permakultur-landwirtschaft.org\/standpunkt-von-mila-laager-keyline-systeme-in-der-praxis-testen-die-gruene-vom-23-november-2023\/#primaryimage"},"image":{"@id":"https:\/\/permakultur-landwirtschaft.org\/standpunkt-von-mila-laager-keyline-systeme-in-der-praxis-testen-die-gruene-vom-23-november-2023\/#primaryimage"},"thumbnailUrl":"https:\/\/permakultur-landwirtschaft.org\/wp-content\/uploads\/2023\/11\/dieGruene_keyline_mila_katzhof_csm_Standpunkt_DG_bb7e5b8f60.jpg","datePublished":"2023-11-23T15:20:00+00:00","dateModified":"2023-12-14T09:32:40+00:00","breadcrumb":{"@id":"https:\/\/permakultur-landwirtschaft.org\/standpunkt-von-mila-laager-keyline-systeme-in-der-praxis-testen-die-gruene-vom-23-november-2023\/#breadcrumb"},"inLanguage":"fr-FR","potentialAction":[{"@type":"ReadAction","target":["https:\/\/permakultur-landwirtschaft.org\/standpunkt-von-mila-laager-keyline-systeme-in-der-praxis-testen-die-gruene-vom-23-november-2023\/"]}]},{"@type":"ImageObject","inLanguage":"fr-FR","@id":"https:\/\/permakultur-landwirtschaft.org\/standpunkt-von-mila-laager-keyline-systeme-in-der-praxis-testen-die-gruene-vom-23-november-2023\/#primaryimage","url":"https:\/\/permakultur-landwirtschaft.org\/wp-content\/uploads\/2023\/11\/dieGruene_keyline_mila_katzhof_csm_Standpunkt_DG_bb7e5b8f60.jpg","contentUrl":"https:\/\/permakultur-landwirtschaft.org\/wp-content\/uploads\/2023\/11\/dieGruene_keyline_mila_katzhof_csm_Standpunkt_DG_bb7e5b8f60.jpg","width":700,"height":437,"caption":"Bild: diegruene.ch"},{"@type":"BreadcrumbList","@id":"https:\/\/permakultur-landwirtschaft.org\/standpunkt-von-mila-laager-keyline-systeme-in-der-praxis-testen-die-gruene-vom-23-november-2023\/#breadcrumb","itemListElement":[{"@type":"ListItem","position":1,"name":"Startseite","item":"https:\/\/permakultur-landwirtschaft.org\/"},{"@type":"ListItem","position":2,"name":"StandPunkt von Mila Laager: Keyline-Systeme in der Praxis testen &#8211; Die Gr\u00fcne vom 23. November 2023"}]},{"@type":"WebSite","@id":"https:\/\/permakultur-landwirtschaft.org\/#website","url":"https:\/\/permakultur-landwirtschaft.org\/","name":"Permakultur-Landwirtschaft","description":"F\u00f6rderung der Permakultur in der Landwirtschaft","publisher":{"@id":"https:\/\/permakultur-landwirtschaft.org\/#organization"},"potentialAction":[{"@type":"SearchAction","target":{"@type":"EntryPoint","urlTemplate":"https:\/\/permakultur-landwirtschaft.org\/?s={search_term_string}"},"query-input":{"@type":"PropertyValueSpecification","valueRequired":true,"valueName":"search_term_string"}}],"inLanguage":"fr-FR"},{"@type":"Organization","@id":"https:\/\/permakultur-landwirtschaft.org\/#organization","name":"Permakultur-Landwirtschaft","alternateName":"Verein Permakultur-Landwirtschaft","url":"https:\/\/permakultur-landwirtschaft.org\/","logo":{"@type":"ImageObject","inLanguage":"fr-FR","@id":"https:\/\/permakultur-landwirtschaft.org\/#\/schema\/logo\/image\/","url":"https:\/\/permakultur-landwirtschaft.org\/wp-content\/uploads\/2021\/11\/pela_1268x1269.png","contentUrl":"https:\/\/permakultur-landwirtschaft.org\/wp-content\/uploads\/2021\/11\/pela_1268x1269.png","width":1298,"height":1269,"caption":"Permakultur-Landwirtschaft"},"image":{"@id":"https:\/\/permakultur-landwirtschaft.org\/#\/schema\/logo\/image\/"},"sameAs":["https:\/\/www.facebook.com\/PermakulturLandwirtschaft","https:\/\/www.instagram.com\/permakultur_landwirtschaft\/","https:\/\/www.flickr.com\/photos\/permakultur-landwirtschaft","https:\/\/www.youtube.com\/@PermakulturLandwirtschaft"]},{"@type":"Person","@id":"https:\/\/permakultur-landwirtschaft.org\/#\/schema\/person\/6b0467872f75aed3e144093f9bf4f0b0","name":"adrian reutimann","url":"https:\/\/permakultur-landwirtschaft.org\/fr\/author\/reutiadr\/"}]}},"_links":{"self":[{"href":"https:\/\/permakultur-landwirtschaft.org\/fr\/wp-json\/wp\/v2\/posts\/33142","targetHints":{"allow":["GET"]}}],"collection":[{"href":"https:\/\/permakultur-landwirtschaft.org\/fr\/wp-json\/wp\/v2\/posts"}],"about":[{"href":"https:\/\/permakultur-landwirtschaft.org\/fr\/wp-json\/wp\/v2\/types\/post"}],"author":[{"embeddable":true,"href":"https:\/\/permakultur-landwirtschaft.org\/fr\/wp-json\/wp\/v2\/users\/2"}],"replies":[{"embeddable":true,"href":"https:\/\/permakultur-landwirtschaft.org\/fr\/wp-json\/wp\/v2\/comments?post=33142"}],"version-history":[{"count":1,"href":"https:\/\/permakultur-landwirtschaft.org\/fr\/wp-json\/wp\/v2\/posts\/33142\/revisions"}],"predecessor-version":[{"id":33144,"href":"https:\/\/permakultur-landwirtschaft.org\/fr\/wp-json\/wp\/v2\/posts\/33142\/revisions\/33144"}],"wp:featuredmedia":[{"embeddable":true,"href":"https:\/\/permakultur-landwirtschaft.org\/fr\/wp-json\/wp\/v2\/media\/33143"}],"wp:attachment":[{"href":"https:\/\/permakultur-landwirtschaft.org\/fr\/wp-json\/wp\/v2\/media?parent=33142"}],"wp:term":[{"taxonomy":"category","embeddable":true,"href":"https:\/\/permakultur-landwirtschaft.org\/fr\/wp-json\/wp\/v2\/categories?post=33142"},{"taxonomy":"post_tag","embeddable":true,"href":"https:\/\/permakultur-landwirtschaft.org\/fr\/wp-json\/wp\/v2\/tags?post=33142"}],"curies":[{"name":"wp","href":"https:\/\/api.w.org\/{rel}","templated":true}]}}