{"id":33023,"date":"2023-11-08T15:13:14","date_gmt":"2023-11-08T14:13:14","guid":{"rendered":"https:\/\/permakultur-landwirtschaft.org\/?p=33023"},"modified":"2023-11-08T15:13:15","modified_gmt":"2023-11-08T14:13:15","slug":"hafl-permakultur-feldgarten-waldgarten-fuehrung-am-06-juni-2024","status":"publish","type":"post","link":"https:\/\/permakultur-landwirtschaft.org\/fr\/hafl-permakultur-feldgarten-waldgarten-fuehrung-am-06-juni-2024\/","title":{"rendered":"HAFL Permakultur Feldgarten &#038; Waldgarten &#8211; F\u00fchrung am 06. Juni 2024"},"content":{"rendered":"<p>Text von inforama.ch:<\/p>\n\n\n\n<p>An diesem Halbtag erhalten wir von Tobias Messmer eine F\u00fchrung durch den Permakultur Feldgarten sowie von Daniel Lis eine F\u00fchrung durch den Waldgarten. Beide Permakultur-Systeme wurden am Standort der HAFL (Hochschule f\u00fcr Agrar-, Forst und Lebensmittelwissenschaften) in Zollikofen aufgebaut, um unter anderem Studierenden eine M\u00f6glichkeit zu geben, Permakultur zu erleben und auch zu erforschen. Nach den F\u00fchrungen gibt es die M\u00f6glichkeit, Fragen zu den weiteren HAFL T\u00e4tigkeiten rund um die Permakultur zu stellen.<\/p>\n\n\n\n<p><strong>Date<\/strong><br>06. Juni 2024<\/p>\n\n\n\n<p><strong>Lieu<\/strong><br>HAFL<br>L\u00e4nggasse 85<br>3052 Zollikofen BE<\/p>\n\n\n\n<p><a href=\"https:\/\/www.inforama.ch\/kurse#\/weiterbildung\/permakultur\/28974\" target=\"_blank\" rel=\"noreferrer noopener\">Link zum Anlass<\/a><\/p>\n\n\n\n<p><a href=\"https:\/\/www.bfh.ch\/fr\/recherche\/domaines-de-recherche\/permaculture\/\" target=\"_blank\" rel=\"noreferrer noopener\">Link zur Forschungsgruppe Permakultur mit Informationen zu Feldgarten und Waldgarten<\/a><\/p>","protected":false},"excerpt":{"rendered":"<p>Text von inforama.ch: An diesem Halbtag erhalten wir von Tobias Messmer eine F\u00fchrung durch den Permakultur Feldgarten sowie von Daniel Lis eine F\u00fchrung durch den Waldgarten. Beide Permakultur-Systeme wurden am Standort der HAFL (Hochschule f\u00fcr Agrar-, Forst und Lebensmittelwissenschaften) in Zollikofen aufgebaut, um unter anderem Studierenden eine M\u00f6glichkeit zu geben, Permakultur zu erleben und auch [&hellip;]<\/p>\n","protected":false},"author":2,"featured_media":31294,"comment_status":"closed","ping_status":"closed","sticky":false,"template":"","format":"standard","meta":{"_acf_changed":false,"site-sidebar-layout":"default","site-content-layout":"","ast-site-content-layout":"default","site-content-style":"default","site-sidebar-style":"default","ast-global-header-display":"","ast-banner-title-visibility":"","ast-main-header-display":"","ast-hfb-above-header-display":"","ast-hfb-below-header-display":"","ast-hfb-mobile-header-display":"","site-post-title":"","ast-breadcrumbs-content":"","ast-featured-img":"","footer-sml-layout":"","ast-disable-related-posts":"","theme-transparent-header-meta":"","adv-header-id-meta":"","stick-header-meta":"","header-above-stick-meta":"","header-main-stick-meta":"","header-below-stick-meta":"","astra-migrate-meta-layouts":"set","ast-page-background-enabled":"default","ast-page-background-meta":{"desktop":{"background-color":"var(--ast-global-color-4)","background-image":"","background-repeat":"repeat","background-position":"center center","background-size":"auto","background-attachment":"scroll","background-type":"","background-media":"","overlay-type":"","overlay-color":"","overlay-opacity":"","overlay-gradient":""},"tablet":{"background-color":"","background-image":"","background-repeat":"repeat","background-position":"center center","background-size":"auto","background-attachment":"scroll","background-type":"","background-media":"","overlay-type":"","overlay-color":"","overlay-opacity":"","overlay-gradient":""},"mobile":{"background-color":"","background-image":"","background-repeat":"repeat","background-position":"center center","background-size":"auto","background-attachment":"scroll","background-type":"","background-media":"","overlay-type":"","overlay-color":"","overlay-opacity":"","overlay-gradient":""}},"ast-content-background-meta":{"desktop":{"background-color":"var(--ast-global-color-5)","background-image":"","background-repeat":"repeat","background-position":"center center","background-size":"auto","background-attachment":"scroll","background-type":"","background-media":"","overlay-type":"","overlay-color":"","overlay-opacity":"","overlay-gradient":""},"tablet":{"background-color":"var(--ast-global-color-5)","background-image":"","background-repeat":"repeat","background-position":"center center","background-size":"auto","background-attachment":"scroll","background-type":"","background-media":"","overlay-type":"","overlay-color":"","overlay-opacity":"","overlay-gradient":""},"mobile":{"background-color":"var(--ast-global-color-5)","background-image":"","background-repeat":"repeat","background-position":"center center","background-size":"auto","background-attachment":"scroll","background-type":"","background-media":"","overlay-type":"","overlay-color":"","overlay-opacity":"","overlay-gradient":""}},"footnotes":""},"categories":[14],"tags":[153,181,35,36,77],"class_list":["post-33023","post","type-post","status-publish","format-standard","has-post-thumbnail","hentry","category-veranstaltung","tag-bfh-hafl","tag-feldgarten","tag-inforama","tag-kurs","tag-waldgarten"],"acf":[],"yoast_head":"<!-- This site is optimized with the Yoast SEO plugin v27.5 - https:\/\/yoast.com\/product\/yoast-seo-wordpress\/ -->\n<title>HAFL Permakultur Feldgarten &amp; Waldgarten - F\u00fchrung am 06. Juni 2024 - Permakultur-Landwirtschaft<\/title>\n<meta name=\"robots\" content=\"index, follow, max-snippet:-1, max-image-preview:large, max-video-preview:-1\" \/>\n<link rel=\"canonical\" href=\"https:\/\/permakultur-landwirtschaft.org\/fr\/hafl-permakultur-feldgarten-waldgarten-fuehrung-am-06-juni-2024\/\" \/>\n<meta property=\"og:locale\" content=\"fr_FR\" \/>\n<meta property=\"og:type\" content=\"article\" \/>\n<meta property=\"og:title\" content=\"HAFL Permakultur Feldgarten &amp; Waldgarten - F\u00fchrung am 06. Juni 2024 - Permakultur-Landwirtschaft\" \/>\n<meta property=\"og:description\" content=\"Text von inforama.ch: An diesem Halbtag erhalten wir von Tobias Messmer eine F\u00fchrung durch den Permakultur Feldgarten sowie von Daniel Lis eine F\u00fchrung durch den Waldgarten. Beide Permakultur-Systeme wurden am Standort der HAFL (Hochschule f\u00fcr Agrar-, Forst und Lebensmittelwissenschaften) in Zollikofen aufgebaut, um unter anderem Studierenden eine M\u00f6glichkeit zu geben, Permakultur zu erleben und auch [&hellip;]\" \/>\n<meta property=\"og:url\" content=\"https:\/\/permakultur-landwirtschaft.org\/fr\/hafl-permakultur-feldgarten-waldgarten-fuehrung-am-06-juni-2024\/\" \/>\n<meta property=\"og:site_name\" content=\"Permakultur-Landwirtschaft\" \/>\n<meta property=\"article:publisher\" content=\"https:\/\/www.facebook.com\/PermakulturLandwirtschaft\" \/>\n<meta property=\"article:published_time\" content=\"2023-11-08T14:13:14+00:00\" \/>\n<meta property=\"article:modified_time\" content=\"2023-11-08T14:13:15+00:00\" \/>\n<meta property=\"og:image\" content=\"https:\/\/permakultur-landwirtschaft.org\/wp-content\/uploads\/2023\/08\/waldgarten_hafl_6AHMlkyU4Ff9zDdSHPFZ0r.jpg\" \/>\n\t<meta property=\"og:image:width\" content=\"700\" \/>\n\t<meta property=\"og:image:height\" content=\"933\" \/>\n\t<meta property=\"og:image:type\" content=\"image\/jpeg\" \/>\n<meta name=\"author\" content=\"adrian reutimann\" \/>\n<meta name=\"twitter:card\" content=\"summary_large_image\" \/>\n<meta name=\"twitter:label1\" content=\"\u00c9crit par\" \/>\n\t<meta name=\"twitter:data1\" content=\"adrian reutimann\" \/>\n\t<meta name=\"twitter:label2\" content=\"Dur\u00e9e de lecture estim\u00e9e\" \/>\n\t<meta name=\"twitter:data2\" content=\"1 minute\" \/>\n<script type=\"application\/ld+json\" class=\"yoast-schema-graph\">{\"@context\":\"https:\\\/\\\/schema.org\",\"@graph\":[{\"@type\":\"Article\",\"@id\":\"https:\\\/\\\/permakultur-landwirtschaft.org\\\/hafl-permakultur-feldgarten-waldgarten-fuehrung-am-06-juni-2024\\\/#article\",\"isPartOf\":{\"@id\":\"https:\\\/\\\/permakultur-landwirtschaft.org\\\/hafl-permakultur-feldgarten-waldgarten-fuehrung-am-06-juni-2024\\\/\"},\"author\":{\"name\":\"adrian reutimann\",\"@id\":\"https:\\\/\\\/permakultur-landwirtschaft.org\\\/#\\\/schema\\\/person\\\/6b0467872f75aed3e144093f9bf4f0b0\"},\"headline\":\"HAFL Permakultur Feldgarten &#038; Waldgarten &#8211; F\u00fchrung am 06. Juni 2024\",\"datePublished\":\"2023-11-08T14:13:14+00:00\",\"dateModified\":\"2023-11-08T14:13:15+00:00\",\"mainEntityOfPage\":{\"@id\":\"https:\\\/\\\/permakultur-landwirtschaft.org\\\/hafl-permakultur-feldgarten-waldgarten-fuehrung-am-06-juni-2024\\\/\"},\"wordCount\":113,\"publisher\":{\"@id\":\"https:\\\/\\\/permakultur-landwirtschaft.org\\\/#organization\"},\"image\":{\"@id\":\"https:\\\/\\\/permakultur-landwirtschaft.org\\\/hafl-permakultur-feldgarten-waldgarten-fuehrung-am-06-juni-2024\\\/#primaryimage\"},\"thumbnailUrl\":\"https:\\\/\\\/permakultur-landwirtschaft.org\\\/wp-content\\\/uploads\\\/2023\\\/08\\\/waldgarten_hafl_6AHMlkyU4Ff9zDdSHPFZ0r.jpg\",\"keywords\":[\"BFH-HAFL\",\"Feldgarten\",\"Inforama\",\"Kurs\",\"Waldgarten\"],\"articleSection\":[\"Veranstaltung\"],\"inLanguage\":\"fr-FR\"},{\"@type\":\"WebPage\",\"@id\":\"https:\\\/\\\/permakultur-landwirtschaft.org\\\/hafl-permakultur-feldgarten-waldgarten-fuehrung-am-06-juni-2024\\\/\",\"url\":\"https:\\\/\\\/permakultur-landwirtschaft.org\\\/hafl-permakultur-feldgarten-waldgarten-fuehrung-am-06-juni-2024\\\/\",\"name\":\"HAFL Permakultur Feldgarten & Waldgarten - F\u00fchrung am 06. Juni 2024 - Permakultur-Landwirtschaft\",\"isPartOf\":{\"@id\":\"https:\\\/\\\/permakultur-landwirtschaft.org\\\/#website\"},\"primaryImageOfPage\":{\"@id\":\"https:\\\/\\\/permakultur-landwirtschaft.org\\\/hafl-permakultur-feldgarten-waldgarten-fuehrung-am-06-juni-2024\\\/#primaryimage\"},\"image\":{\"@id\":\"https:\\\/\\\/permakultur-landwirtschaft.org\\\/hafl-permakultur-feldgarten-waldgarten-fuehrung-am-06-juni-2024\\\/#primaryimage\"},\"thumbnailUrl\":\"https:\\\/\\\/permakultur-landwirtschaft.org\\\/wp-content\\\/uploads\\\/2023\\\/08\\\/waldgarten_hafl_6AHMlkyU4Ff9zDdSHPFZ0r.jpg\",\"datePublished\":\"2023-11-08T14:13:14+00:00\",\"dateModified\":\"2023-11-08T14:13:15+00:00\",\"breadcrumb\":{\"@id\":\"https:\\\/\\\/permakultur-landwirtschaft.org\\\/hafl-permakultur-feldgarten-waldgarten-fuehrung-am-06-juni-2024\\\/#breadcrumb\"},\"inLanguage\":\"fr-FR\",\"potentialAction\":[{\"@type\":\"ReadAction\",\"target\":[\"https:\\\/\\\/permakultur-landwirtschaft.org\\\/hafl-permakultur-feldgarten-waldgarten-fuehrung-am-06-juni-2024\\\/\"]}]},{\"@type\":\"ImageObject\",\"inLanguage\":\"fr-FR\",\"@id\":\"https:\\\/\\\/permakultur-landwirtschaft.org\\\/hafl-permakultur-feldgarten-waldgarten-fuehrung-am-06-juni-2024\\\/#primaryimage\",\"url\":\"https:\\\/\\\/permakultur-landwirtschaft.org\\\/wp-content\\\/uploads\\\/2023\\\/08\\\/waldgarten_hafl_6AHMlkyU4Ff9zDdSHPFZ0r.jpg\",\"contentUrl\":\"https:\\\/\\\/permakultur-landwirtschaft.org\\\/wp-content\\\/uploads\\\/2023\\\/08\\\/waldgarten_hafl_6AHMlkyU4Ff9zDdSHPFZ0r.jpg\",\"width\":700,\"height\":933,\"caption\":\"Bild: PD\"},{\"@type\":\"BreadcrumbList\",\"@id\":\"https:\\\/\\\/permakultur-landwirtschaft.org\\\/hafl-permakultur-feldgarten-waldgarten-fuehrung-am-06-juni-2024\\\/#breadcrumb\",\"itemListElement\":[{\"@type\":\"ListItem\",\"position\":1,\"name\":\"Startseite\",\"item\":\"https:\\\/\\\/permakultur-landwirtschaft.org\\\/\"},{\"@type\":\"ListItem\",\"position\":2,\"name\":\"HAFL Permakultur Feldgarten &#038; Waldgarten &#8211; F\u00fchrung am 06. Juni 2024\"}]},{\"@type\":\"WebSite\",\"@id\":\"https:\\\/\\\/permakultur-landwirtschaft.org\\\/#website\",\"url\":\"https:\\\/\\\/permakultur-landwirtschaft.org\\\/\",\"name\":\"Permakultur-Landwirtschaft\",\"description\":\"F\u00f6rderung der Permakultur in der Landwirtschaft\",\"publisher\":{\"@id\":\"https:\\\/\\\/permakultur-landwirtschaft.org\\\/#organization\"},\"potentialAction\":[{\"@type\":\"SearchAction\",\"target\":{\"@type\":\"EntryPoint\",\"urlTemplate\":\"https:\\\/\\\/permakultur-landwirtschaft.org\\\/?s={search_term_string}\"},\"query-input\":{\"@type\":\"PropertyValueSpecification\",\"valueRequired\":true,\"valueName\":\"search_term_string\"}}],\"inLanguage\":\"fr-FR\"},{\"@type\":\"Organization\",\"@id\":\"https:\\\/\\\/permakultur-landwirtschaft.org\\\/#organization\",\"name\":\"Permakultur-Landwirtschaft\",\"alternateName\":\"Verein Permakultur-Landwirtschaft\",\"url\":\"https:\\\/\\\/permakultur-landwirtschaft.org\\\/\",\"logo\":{\"@type\":\"ImageObject\",\"inLanguage\":\"fr-FR\",\"@id\":\"https:\\\/\\\/permakultur-landwirtschaft.org\\\/#\\\/schema\\\/logo\\\/image\\\/\",\"url\":\"https:\\\/\\\/permakultur-landwirtschaft.org\\\/wp-content\\\/uploads\\\/2021\\\/11\\\/pela_1268x1269.png\",\"contentUrl\":\"https:\\\/\\\/permakultur-landwirtschaft.org\\\/wp-content\\\/uploads\\\/2021\\\/11\\\/pela_1268x1269.png\",\"width\":1298,\"height\":1269,\"caption\":\"Permakultur-Landwirtschaft\"},\"image\":{\"@id\":\"https:\\\/\\\/permakultur-landwirtschaft.org\\\/#\\\/schema\\\/logo\\\/image\\\/\"},\"sameAs\":[\"https:\\\/\\\/www.facebook.com\\\/PermakulturLandwirtschaft\",\"https:\\\/\\\/www.instagram.com\\\/permakultur_landwirtschaft\\\/\",\"https:\\\/\\\/www.flickr.com\\\/photos\\\/permakultur-landwirtschaft\",\"https:\\\/\\\/www.youtube.com\\\/@PermakulturLandwirtschaft\"]},{\"@type\":\"Person\",\"@id\":\"https:\\\/\\\/permakultur-landwirtschaft.org\\\/#\\\/schema\\\/person\\\/6b0467872f75aed3e144093f9bf4f0b0\",\"name\":\"adrian reutimann\",\"url\":\"https:\\\/\\\/permakultur-landwirtschaft.org\\\/fr\\\/author\\\/reutiadr\\\/\"}]}<\/script>\n<!-- \/ Yoast SEO plugin. -->","yoast_head_json":{"title":"HAFL Permakultur Feldgarten & Waldgarten - F\u00fchrung am 06. Juni 2024 - Permakultur-Landwirtschaft","robots":{"index":"index","follow":"follow","max-snippet":"max-snippet:-1","max-image-preview":"max-image-preview:large","max-video-preview":"max-video-preview:-1"},"canonical":"https:\/\/permakultur-landwirtschaft.org\/fr\/hafl-permakultur-feldgarten-waldgarten-fuehrung-am-06-juni-2024\/","og_locale":"fr_FR","og_type":"article","og_title":"HAFL Permakultur Feldgarten & Waldgarten - F\u00fchrung am 06. Juni 2024 - Permakultur-Landwirtschaft","og_description":"Text von inforama.ch: An diesem Halbtag erhalten wir von Tobias Messmer eine F\u00fchrung durch den Permakultur Feldgarten sowie von Daniel Lis eine F\u00fchrung durch den Waldgarten. Beide Permakultur-Systeme wurden am Standort der HAFL (Hochschule f\u00fcr Agrar-, Forst und Lebensmittelwissenschaften) in Zollikofen aufgebaut, um unter anderem Studierenden eine M\u00f6glichkeit zu geben, Permakultur zu erleben und auch [&hellip;]","og_url":"https:\/\/permakultur-landwirtschaft.org\/fr\/hafl-permakultur-feldgarten-waldgarten-fuehrung-am-06-juni-2024\/","og_site_name":"Permakultur-Landwirtschaft","article_publisher":"https:\/\/www.facebook.com\/PermakulturLandwirtschaft","article_published_time":"2023-11-08T14:13:14+00:00","article_modified_time":"2023-11-08T14:13:15+00:00","og_image":[{"width":700,"height":933,"url":"https:\/\/permakultur-landwirtschaft.org\/wp-content\/uploads\/2023\/08\/waldgarten_hafl_6AHMlkyU4Ff9zDdSHPFZ0r.jpg","type":"image\/jpeg"}],"author":"adrian reutimann","twitter_card":"summary_large_image","twitter_misc":{"\u00c9crit par":"adrian reutimann","Dur\u00e9e de lecture estim\u00e9e":"1 minute"},"schema":{"@context":"https:\/\/schema.org","@graph":[{"@type":"Article","@id":"https:\/\/permakultur-landwirtschaft.org\/hafl-permakultur-feldgarten-waldgarten-fuehrung-am-06-juni-2024\/#article","isPartOf":{"@id":"https:\/\/permakultur-landwirtschaft.org\/hafl-permakultur-feldgarten-waldgarten-fuehrung-am-06-juni-2024\/"},"author":{"name":"adrian reutimann","@id":"https:\/\/permakultur-landwirtschaft.org\/#\/schema\/person\/6b0467872f75aed3e144093f9bf4f0b0"},"headline":"HAFL Permakultur Feldgarten &#038; Waldgarten &#8211; F\u00fchrung am 06. Juni 2024","datePublished":"2023-11-08T14:13:14+00:00","dateModified":"2023-11-08T14:13:15+00:00","mainEntityOfPage":{"@id":"https:\/\/permakultur-landwirtschaft.org\/hafl-permakultur-feldgarten-waldgarten-fuehrung-am-06-juni-2024\/"},"wordCount":113,"publisher":{"@id":"https:\/\/permakultur-landwirtschaft.org\/#organization"},"image":{"@id":"https:\/\/permakultur-landwirtschaft.org\/hafl-permakultur-feldgarten-waldgarten-fuehrung-am-06-juni-2024\/#primaryimage"},"thumbnailUrl":"https:\/\/permakultur-landwirtschaft.org\/wp-content\/uploads\/2023\/08\/waldgarten_hafl_6AHMlkyU4Ff9zDdSHPFZ0r.jpg","keywords":["BFH-HAFL","Feldgarten","Inforama","Kurs","Waldgarten"],"articleSection":["Veranstaltung"],"inLanguage":"fr-FR"},{"@type":"WebPage","@id":"https:\/\/permakultur-landwirtschaft.org\/hafl-permakultur-feldgarten-waldgarten-fuehrung-am-06-juni-2024\/","url":"https:\/\/permakultur-landwirtschaft.org\/hafl-permakultur-feldgarten-waldgarten-fuehrung-am-06-juni-2024\/","name":"HAFL Permakultur Feldgarten & Waldgarten - F\u00fchrung am 06. Juni 2024 - Permakultur-Landwirtschaft","isPartOf":{"@id":"https:\/\/permakultur-landwirtschaft.org\/#website"},"primaryImageOfPage":{"@id":"https:\/\/permakultur-landwirtschaft.org\/hafl-permakultur-feldgarten-waldgarten-fuehrung-am-06-juni-2024\/#primaryimage"},"image":{"@id":"https:\/\/permakultur-landwirtschaft.org\/hafl-permakultur-feldgarten-waldgarten-fuehrung-am-06-juni-2024\/#primaryimage"},"thumbnailUrl":"https:\/\/permakultur-landwirtschaft.org\/wp-content\/uploads\/2023\/08\/waldgarten_hafl_6AHMlkyU4Ff9zDdSHPFZ0r.jpg","datePublished":"2023-11-08T14:13:14+00:00","dateModified":"2023-11-08T14:13:15+00:00","breadcrumb":{"@id":"https:\/\/permakultur-landwirtschaft.org\/hafl-permakultur-feldgarten-waldgarten-fuehrung-am-06-juni-2024\/#breadcrumb"},"inLanguage":"fr-FR","potentialAction":[{"@type":"ReadAction","target":["https:\/\/permakultur-landwirtschaft.org\/hafl-permakultur-feldgarten-waldgarten-fuehrung-am-06-juni-2024\/"]}]},{"@type":"ImageObject","inLanguage":"fr-FR","@id":"https:\/\/permakultur-landwirtschaft.org\/hafl-permakultur-feldgarten-waldgarten-fuehrung-am-06-juni-2024\/#primaryimage","url":"https:\/\/permakultur-landwirtschaft.org\/wp-content\/uploads\/2023\/08\/waldgarten_hafl_6AHMlkyU4Ff9zDdSHPFZ0r.jpg","contentUrl":"https:\/\/permakultur-landwirtschaft.org\/wp-content\/uploads\/2023\/08\/waldgarten_hafl_6AHMlkyU4Ff9zDdSHPFZ0r.jpg","width":700,"height":933,"caption":"Bild: PD"},{"@type":"BreadcrumbList","@id":"https:\/\/permakultur-landwirtschaft.org\/hafl-permakultur-feldgarten-waldgarten-fuehrung-am-06-juni-2024\/#breadcrumb","itemListElement":[{"@type":"ListItem","position":1,"name":"Startseite","item":"https:\/\/permakultur-landwirtschaft.org\/"},{"@type":"ListItem","position":2,"name":"HAFL Permakultur Feldgarten &#038; Waldgarten &#8211; F\u00fchrung am 06. Juni 2024"}]},{"@type":"WebSite","@id":"https:\/\/permakultur-landwirtschaft.org\/#website","url":"https:\/\/permakultur-landwirtschaft.org\/","name":"Permakultur-Landwirtschaft","description":"F\u00f6rderung der Permakultur in der Landwirtschaft","publisher":{"@id":"https:\/\/permakultur-landwirtschaft.org\/#organization"},"potentialAction":[{"@type":"SearchAction","target":{"@type":"EntryPoint","urlTemplate":"https:\/\/permakultur-landwirtschaft.org\/?s={search_term_string}"},"query-input":{"@type":"PropertyValueSpecification","valueRequired":true,"valueName":"search_term_string"}}],"inLanguage":"fr-FR"},{"@type":"Organization","@id":"https:\/\/permakultur-landwirtschaft.org\/#organization","name":"Permakultur-Landwirtschaft","alternateName":"Verein Permakultur-Landwirtschaft","url":"https:\/\/permakultur-landwirtschaft.org\/","logo":{"@type":"ImageObject","inLanguage":"fr-FR","@id":"https:\/\/permakultur-landwirtschaft.org\/#\/schema\/logo\/image\/","url":"https:\/\/permakultur-landwirtschaft.org\/wp-content\/uploads\/2021\/11\/pela_1268x1269.png","contentUrl":"https:\/\/permakultur-landwirtschaft.org\/wp-content\/uploads\/2021\/11\/pela_1268x1269.png","width":1298,"height":1269,"caption":"Permakultur-Landwirtschaft"},"image":{"@id":"https:\/\/permakultur-landwirtschaft.org\/#\/schema\/logo\/image\/"},"sameAs":["https:\/\/www.facebook.com\/PermakulturLandwirtschaft","https:\/\/www.instagram.com\/permakultur_landwirtschaft\/","https:\/\/www.flickr.com\/photos\/permakultur-landwirtschaft","https:\/\/www.youtube.com\/@PermakulturLandwirtschaft"]},{"@type":"Person","@id":"https:\/\/permakultur-landwirtschaft.org\/#\/schema\/person\/6b0467872f75aed3e144093f9bf4f0b0","name":"adrian reutimann","url":"https:\/\/permakultur-landwirtschaft.org\/fr\/author\/reutiadr\/"}]}},"_links":{"self":[{"href":"https:\/\/permakultur-landwirtschaft.org\/fr\/wp-json\/wp\/v2\/posts\/33023","targetHints":{"allow":["GET"]}}],"collection":[{"href":"https:\/\/permakultur-landwirtschaft.org\/fr\/wp-json\/wp\/v2\/posts"}],"about":[{"href":"https:\/\/permakultur-landwirtschaft.org\/fr\/wp-json\/wp\/v2\/types\/post"}],"author":[{"embeddable":true,"href":"https:\/\/permakultur-landwirtschaft.org\/fr\/wp-json\/wp\/v2\/users\/2"}],"replies":[{"embeddable":true,"href":"https:\/\/permakultur-landwirtschaft.org\/fr\/wp-json\/wp\/v2\/comments?post=33023"}],"version-history":[{"count":2,"href":"https:\/\/permakultur-landwirtschaft.org\/fr\/wp-json\/wp\/v2\/posts\/33023\/revisions"}],"predecessor-version":[{"id":33025,"href":"https:\/\/permakultur-landwirtschaft.org\/fr\/wp-json\/wp\/v2\/posts\/33023\/revisions\/33025"}],"wp:featuredmedia":[{"embeddable":true,"href":"https:\/\/permakultur-landwirtschaft.org\/fr\/wp-json\/wp\/v2\/media\/31294"}],"wp:attachment":[{"href":"https:\/\/permakultur-landwirtschaft.org\/fr\/wp-json\/wp\/v2\/media?parent=33023"}],"wp:term":[{"taxonomy":"category","embeddable":true,"href":"https:\/\/permakultur-landwirtschaft.org\/fr\/wp-json\/wp\/v2\/categories?post=33023"},{"taxonomy":"post_tag","embeddable":true,"href":"https:\/\/permakultur-landwirtschaft.org\/fr\/wp-json\/wp\/v2\/tags?post=33023"}],"curies":[{"name":"wp","href":"https:\/\/api.w.org\/{rel}","templated":true}]}}