{"id":32990,"date":"2023-11-07T14:26:32","date_gmt":"2023-11-07T13:26:32","guid":{"rendered":"https:\/\/permakultur-landwirtschaft.org\/?p=32990"},"modified":"2023-11-07T14:26:34","modified_gmt":"2023-11-07T13:26:34","slug":"agroforstwirtschaft-moeglichkeiten-und-grenzen-kurs-am-10-april-2024","status":"publish","type":"post","link":"https:\/\/permakultur-landwirtschaft.org\/fr\/agroforstwirtschaft-moeglichkeiten-und-grenzen-kurs-am-10-april-2024\/","title":{"rendered":"Agroforstwirtschaft &#8211; M\u00f6glichkeiten und Grenzen &#8211; Kurs am 10. April 2024"},"content":{"rendered":"<p>Text von inforama.ch:<\/p>\n\n\n\n<p><strong>Eine M\u00f6glichkeit sich an die Herausforderungen des Klimawandels anzupassen.<\/strong><\/p>\n\n\n\n<p><strong>Kursinhalt <\/strong><br>Wie kann sich die Landwirtschaft das vielf\u00e4ltige Potential der B\u00e4ume zunutze machen?<br>Was muss ich f\u00fcr die erfolgreiche Umsetzung eines Agroforstsystems auf meinem Betrieb beachten?<\/p>\n\n\n\n<p>Mit den sich \u00e4ndernden Rahmenbedingungen f\u00fcr die Landwirtschaft, haben sich innovative Landnutzungsformen wie die Agroforstwirtschaft europaweit weiterentwickelt.<\/p>\n\n\n\n<p>Der Begriff Agroforst bedeutet eine Kombination von B\u00e4umen mit landwirtschaftlichen Unterkulturen auf derselben Fl\u00e4che.<\/p>\n\n\n\n<p>In den letzten Jahren konnten in der Schweiz wertvolle Erfahrungen mit Agroforstsystemen gesammelt werden. Das vielf\u00e4ltige Potenzial der B\u00e4ume wurde seit jeher gesch\u00e4tzt und die zentrale Rolle bez\u00fcglich Erosionsschutz, Verminderung der N\u00e4hrstoffauswaschung sowie die positiven Auswirkungen auf das Mikroklima der Parzelle erkannt. Wie k\u00f6nnen diese Vorteile optimal genutzt werden, wenn B\u00e4ume systematisch in Ackerbau- und Futterbaufl\u00e4chen integriert werden? Anhand von Praxisbeispielen werden Chancen und Risiken aufgezeigt, sowie agrarpolitische Rahmenbedingungen vermittelt. Konkret werden auch Pflegemassnahmen und wirtschaftliche \u00dcberlegungen ausf\u00fchrlich thematisiert.<\/p>\n\n\n\n<p><strong>Date<\/strong><br>Mittwoch, 10. April 2024 09:00 &#8211; 16:30<\/p>\n\n\n\n<p><strong>Lieu<\/strong><br>INFORAMA Bio-Schule<br>Schwand 2<br>3110 M\u00fcnsingen BE<\/p>\n\n\n\n<p><a href=\"https:\/\/www.inforama.ch\/kurse#\/weiterbildung\/agroforst_und_regenerative_landwirtschaft\/29010\" target=\"_blank\" rel=\"noreferrer noopener\">Mehr Infos und Anmeldung<\/a><\/p>","protected":false},"excerpt":{"rendered":"<p>Text von inforama.ch: Eine M\u00f6glichkeit sich an die Herausforderungen des Klimawandels anzupassen. Kursinhalt Wie kann sich die Landwirtschaft das vielf\u00e4ltige Potential der B\u00e4ume zunutze machen?Was muss ich f\u00fcr die erfolgreiche Umsetzung eines Agroforstsystems auf meinem Betrieb beachten? Mit den sich \u00e4ndernden Rahmenbedingungen f\u00fcr die Landwirtschaft, haben sich innovative Landnutzungsformen wie die Agroforstwirtschaft europaweit weiterentwickelt. Der [&hellip;]<\/p>\n","protected":false},"author":2,"featured_media":32991,"comment_status":"closed","ping_status":"closed","sticky":false,"template":"","format":"standard","meta":{"_acf_changed":false,"site-sidebar-layout":"default","site-content-layout":"","ast-site-content-layout":"default","site-content-style":"default","site-sidebar-style":"default","ast-global-header-display":"","ast-banner-title-visibility":"","ast-main-header-display":"","ast-hfb-above-header-display":"","ast-hfb-below-header-display":"","ast-hfb-mobile-header-display":"","site-post-title":"","ast-breadcrumbs-content":"","ast-featured-img":"","footer-sml-layout":"","ast-disable-related-posts":"","theme-transparent-header-meta":"","adv-header-id-meta":"","stick-header-meta":"","header-above-stick-meta":"","header-main-stick-meta":"","header-below-stick-meta":"","astra-migrate-meta-layouts":"set","ast-page-background-enabled":"default","ast-page-background-meta":{"desktop":{"background-color":"var(--ast-global-color-4)","background-image":"","background-repeat":"repeat","background-position":"center center","background-size":"auto","background-attachment":"scroll","background-type":"","background-media":"","overlay-type":"","overlay-color":"","overlay-opacity":"","overlay-gradient":""},"tablet":{"background-color":"","background-image":"","background-repeat":"repeat","background-position":"center center","background-size":"auto","background-attachment":"scroll","background-type":"","background-media":"","overlay-type":"","overlay-color":"","overlay-opacity":"","overlay-gradient":""},"mobile":{"background-color":"","background-image":"","background-repeat":"repeat","background-position":"center center","background-size":"auto","background-attachment":"scroll","background-type":"","background-media":"","overlay-type":"","overlay-color":"","overlay-opacity":"","overlay-gradient":""}},"ast-content-background-meta":{"desktop":{"background-color":"var(--ast-global-color-5)","background-image":"","background-repeat":"repeat","background-position":"center center","background-size":"auto","background-attachment":"scroll","background-type":"","background-media":"","overlay-type":"","overlay-color":"","overlay-opacity":"","overlay-gradient":""},"tablet":{"background-color":"var(--ast-global-color-5)","background-image":"","background-repeat":"repeat","background-position":"center center","background-size":"auto","background-attachment":"scroll","background-type":"","background-media":"","overlay-type":"","overlay-color":"","overlay-opacity":"","overlay-gradient":""},"mobile":{"background-color":"var(--ast-global-color-5)","background-image":"","background-repeat":"repeat","background-position":"center center","background-size":"auto","background-attachment":"scroll","background-type":"","background-media":"","overlay-type":"","overlay-color":"","overlay-opacity":"","overlay-gradient":""}},"footnotes":""},"categories":[14],"tags":[31,35],"class_list":["post-32990","post","type-post","status-publish","format-standard","has-post-thumbnail","hentry","category-veranstaltung","tag-agroforst","tag-inforama"],"acf":[],"yoast_head":"<!-- This site is optimized with the Yoast SEO plugin v27.5 - https:\/\/yoast.com\/product\/yoast-seo-wordpress\/ -->\n<title>Agroforstwirtschaft - M\u00f6glichkeiten und Grenzen - Kurs am 10. April 2024 - Permakultur-Landwirtschaft<\/title>\n<meta name=\"robots\" content=\"index, follow, max-snippet:-1, max-image-preview:large, max-video-preview:-1\" \/>\n<link rel=\"canonical\" href=\"https:\/\/permakultur-landwirtschaft.org\/fr\/agroforstwirtschaft-moeglichkeiten-und-grenzen-kurs-am-10-april-2024\/\" \/>\n<meta property=\"og:locale\" content=\"fr_FR\" \/>\n<meta property=\"og:type\" content=\"article\" \/>\n<meta property=\"og:title\" content=\"Agroforstwirtschaft - M\u00f6glichkeiten und Grenzen - Kurs am 10. April 2024 - Permakultur-Landwirtschaft\" \/>\n<meta property=\"og:description\" content=\"Text von inforama.ch: Eine M\u00f6glichkeit sich an die Herausforderungen des Klimawandels anzupassen. Kursinhalt Wie kann sich die Landwirtschaft das vielf\u00e4ltige Potential der B\u00e4ume zunutze machen?Was muss ich f\u00fcr die erfolgreiche Umsetzung eines Agroforstsystems auf meinem Betrieb beachten? Mit den sich \u00e4ndernden Rahmenbedingungen f\u00fcr die Landwirtschaft, haben sich innovative Landnutzungsformen wie die Agroforstwirtschaft europaweit weiterentwickelt. Der [&hellip;]\" \/>\n<meta property=\"og:url\" content=\"https:\/\/permakultur-landwirtschaft.org\/fr\/agroforstwirtschaft-moeglichkeiten-und-grenzen-kurs-am-10-april-2024\/\" \/>\n<meta property=\"og:site_name\" content=\"Permakultur-Landwirtschaft\" \/>\n<meta property=\"article:publisher\" content=\"https:\/\/www.facebook.com\/PermakulturLandwirtschaft\" \/>\n<meta property=\"article:published_time\" content=\"2023-11-07T13:26:32+00:00\" \/>\n<meta property=\"article:modified_time\" content=\"2023-11-07T13:26:34+00:00\" \/>\n<meta property=\"og:image\" content=\"https:\/\/permakultur-landwirtschaft.org\/wp-content\/uploads\/2023\/11\/inforamakurs_sereke_apfelbaeume-weizen-fs-800.jpg\" \/>\n\t<meta property=\"og:image:width\" content=\"700\" \/>\n\t<meta property=\"og:image:height\" content=\"525\" \/>\n\t<meta property=\"og:image:type\" content=\"image\/jpeg\" \/>\n<meta name=\"author\" content=\"adrian reutimann\" \/>\n<meta name=\"twitter:card\" content=\"summary_large_image\" \/>\n<meta name=\"twitter:label1\" content=\"\u00c9crit par\" \/>\n\t<meta name=\"twitter:data1\" content=\"adrian reutimann\" \/>\n\t<meta name=\"twitter:label2\" content=\"Dur\u00e9e de lecture estim\u00e9e\" \/>\n\t<meta name=\"twitter:data2\" content=\"1 minute\" \/>\n<script type=\"application\/ld+json\" class=\"yoast-schema-graph\">{\"@context\":\"https:\\\/\\\/schema.org\",\"@graph\":[{\"@type\":\"Article\",\"@id\":\"https:\\\/\\\/permakultur-landwirtschaft.org\\\/agroforstwirtschaft-moeglichkeiten-und-grenzen-kurs-am-10-april-2024\\\/#article\",\"isPartOf\":{\"@id\":\"https:\\\/\\\/permakultur-landwirtschaft.org\\\/agroforstwirtschaft-moeglichkeiten-und-grenzen-kurs-am-10-april-2024\\\/\"},\"author\":{\"name\":\"adrian reutimann\",\"@id\":\"https:\\\/\\\/permakultur-landwirtschaft.org\\\/#\\\/schema\\\/person\\\/6b0467872f75aed3e144093f9bf4f0b0\"},\"headline\":\"Agroforstwirtschaft &#8211; M\u00f6glichkeiten und Grenzen &#8211; Kurs am 10. April 2024\",\"datePublished\":\"2023-11-07T13:26:32+00:00\",\"dateModified\":\"2023-11-07T13:26:34+00:00\",\"mainEntityOfPage\":{\"@id\":\"https:\\\/\\\/permakultur-landwirtschaft.org\\\/agroforstwirtschaft-moeglichkeiten-und-grenzen-kurs-am-10-april-2024\\\/\"},\"wordCount\":189,\"publisher\":{\"@id\":\"https:\\\/\\\/permakultur-landwirtschaft.org\\\/#organization\"},\"image\":{\"@id\":\"https:\\\/\\\/permakultur-landwirtschaft.org\\\/agroforstwirtschaft-moeglichkeiten-und-grenzen-kurs-am-10-april-2024\\\/#primaryimage\"},\"thumbnailUrl\":\"https:\\\/\\\/permakultur-landwirtschaft.org\\\/wp-content\\\/uploads\\\/2023\\\/11\\\/inforamakurs_sereke_apfelbaeume-weizen-fs-800.jpg\",\"keywords\":[\"Agroforst\",\"Inforama\"],\"articleSection\":[\"Veranstaltung\"],\"inLanguage\":\"fr-FR\"},{\"@type\":\"WebPage\",\"@id\":\"https:\\\/\\\/permakultur-landwirtschaft.org\\\/agroforstwirtschaft-moeglichkeiten-und-grenzen-kurs-am-10-april-2024\\\/\",\"url\":\"https:\\\/\\\/permakultur-landwirtschaft.org\\\/agroforstwirtschaft-moeglichkeiten-und-grenzen-kurs-am-10-april-2024\\\/\",\"name\":\"Agroforstwirtschaft - M\u00f6glichkeiten und Grenzen - Kurs am 10. April 2024 - Permakultur-Landwirtschaft\",\"isPartOf\":{\"@id\":\"https:\\\/\\\/permakultur-landwirtschaft.org\\\/#website\"},\"primaryImageOfPage\":{\"@id\":\"https:\\\/\\\/permakultur-landwirtschaft.org\\\/agroforstwirtschaft-moeglichkeiten-und-grenzen-kurs-am-10-april-2024\\\/#primaryimage\"},\"image\":{\"@id\":\"https:\\\/\\\/permakultur-landwirtschaft.org\\\/agroforstwirtschaft-moeglichkeiten-und-grenzen-kurs-am-10-april-2024\\\/#primaryimage\"},\"thumbnailUrl\":\"https:\\\/\\\/permakultur-landwirtschaft.org\\\/wp-content\\\/uploads\\\/2023\\\/11\\\/inforamakurs_sereke_apfelbaeume-weizen-fs-800.jpg\",\"datePublished\":\"2023-11-07T13:26:32+00:00\",\"dateModified\":\"2023-11-07T13:26:34+00:00\",\"breadcrumb\":{\"@id\":\"https:\\\/\\\/permakultur-landwirtschaft.org\\\/agroforstwirtschaft-moeglichkeiten-und-grenzen-kurs-am-10-april-2024\\\/#breadcrumb\"},\"inLanguage\":\"fr-FR\",\"potentialAction\":[{\"@type\":\"ReadAction\",\"target\":[\"https:\\\/\\\/permakultur-landwirtschaft.org\\\/agroforstwirtschaft-moeglichkeiten-und-grenzen-kurs-am-10-april-2024\\\/\"]}]},{\"@type\":\"ImageObject\",\"inLanguage\":\"fr-FR\",\"@id\":\"https:\\\/\\\/permakultur-landwirtschaft.org\\\/agroforstwirtschaft-moeglichkeiten-und-grenzen-kurs-am-10-april-2024\\\/#primaryimage\",\"url\":\"https:\\\/\\\/permakultur-landwirtschaft.org\\\/wp-content\\\/uploads\\\/2023\\\/11\\\/inforamakurs_sereke_apfelbaeume-weizen-fs-800.jpg\",\"contentUrl\":\"https:\\\/\\\/permakultur-landwirtschaft.org\\\/wp-content\\\/uploads\\\/2023\\\/11\\\/inforamakurs_sereke_apfelbaeume-weizen-fs-800.jpg\",\"width\":700,\"height\":525,\"caption\":\"Bild: Agroscope, F.Sereke\"},{\"@type\":\"BreadcrumbList\",\"@id\":\"https:\\\/\\\/permakultur-landwirtschaft.org\\\/agroforstwirtschaft-moeglichkeiten-und-grenzen-kurs-am-10-april-2024\\\/#breadcrumb\",\"itemListElement\":[{\"@type\":\"ListItem\",\"position\":1,\"name\":\"Startseite\",\"item\":\"https:\\\/\\\/permakultur-landwirtschaft.org\\\/\"},{\"@type\":\"ListItem\",\"position\":2,\"name\":\"Agroforstwirtschaft &#8211; M\u00f6glichkeiten und Grenzen &#8211; Kurs am 10. April 2024\"}]},{\"@type\":\"WebSite\",\"@id\":\"https:\\\/\\\/permakultur-landwirtschaft.org\\\/#website\",\"url\":\"https:\\\/\\\/permakultur-landwirtschaft.org\\\/\",\"name\":\"Permakultur-Landwirtschaft\",\"description\":\"F\u00f6rderung der Permakultur in der Landwirtschaft\",\"publisher\":{\"@id\":\"https:\\\/\\\/permakultur-landwirtschaft.org\\\/#organization\"},\"potentialAction\":[{\"@type\":\"SearchAction\",\"target\":{\"@type\":\"EntryPoint\",\"urlTemplate\":\"https:\\\/\\\/permakultur-landwirtschaft.org\\\/?s={search_term_string}\"},\"query-input\":{\"@type\":\"PropertyValueSpecification\",\"valueRequired\":true,\"valueName\":\"search_term_string\"}}],\"inLanguage\":\"fr-FR\"},{\"@type\":\"Organization\",\"@id\":\"https:\\\/\\\/permakultur-landwirtschaft.org\\\/#organization\",\"name\":\"Permakultur-Landwirtschaft\",\"alternateName\":\"Verein Permakultur-Landwirtschaft\",\"url\":\"https:\\\/\\\/permakultur-landwirtschaft.org\\\/\",\"logo\":{\"@type\":\"ImageObject\",\"inLanguage\":\"fr-FR\",\"@id\":\"https:\\\/\\\/permakultur-landwirtschaft.org\\\/#\\\/schema\\\/logo\\\/image\\\/\",\"url\":\"https:\\\/\\\/permakultur-landwirtschaft.org\\\/wp-content\\\/uploads\\\/2021\\\/11\\\/pela_1268x1269.png\",\"contentUrl\":\"https:\\\/\\\/permakultur-landwirtschaft.org\\\/wp-content\\\/uploads\\\/2021\\\/11\\\/pela_1268x1269.png\",\"width\":1298,\"height\":1269,\"caption\":\"Permakultur-Landwirtschaft\"},\"image\":{\"@id\":\"https:\\\/\\\/permakultur-landwirtschaft.org\\\/#\\\/schema\\\/logo\\\/image\\\/\"},\"sameAs\":[\"https:\\\/\\\/www.facebook.com\\\/PermakulturLandwirtschaft\",\"https:\\\/\\\/www.instagram.com\\\/permakultur_landwirtschaft\\\/\",\"https:\\\/\\\/www.flickr.com\\\/photos\\\/permakultur-landwirtschaft\",\"https:\\\/\\\/www.youtube.com\\\/@PermakulturLandwirtschaft\"]},{\"@type\":\"Person\",\"@id\":\"https:\\\/\\\/permakultur-landwirtschaft.org\\\/#\\\/schema\\\/person\\\/6b0467872f75aed3e144093f9bf4f0b0\",\"name\":\"adrian reutimann\",\"url\":\"https:\\\/\\\/permakultur-landwirtschaft.org\\\/fr\\\/author\\\/reutiadr\\\/\"}]}<\/script>\n<!-- \/ Yoast SEO plugin. -->","yoast_head_json":{"title":"Agroforstwirtschaft - M\u00f6glichkeiten und Grenzen - Kurs am 10. April 2024 - Permakultur-Landwirtschaft","robots":{"index":"index","follow":"follow","max-snippet":"max-snippet:-1","max-image-preview":"max-image-preview:large","max-video-preview":"max-video-preview:-1"},"canonical":"https:\/\/permakultur-landwirtschaft.org\/fr\/agroforstwirtschaft-moeglichkeiten-und-grenzen-kurs-am-10-april-2024\/","og_locale":"fr_FR","og_type":"article","og_title":"Agroforstwirtschaft - M\u00f6glichkeiten und Grenzen - Kurs am 10. April 2024 - Permakultur-Landwirtschaft","og_description":"Text von inforama.ch: Eine M\u00f6glichkeit sich an die Herausforderungen des Klimawandels anzupassen. Kursinhalt Wie kann sich die Landwirtschaft das vielf\u00e4ltige Potential der B\u00e4ume zunutze machen?Was muss ich f\u00fcr die erfolgreiche Umsetzung eines Agroforstsystems auf meinem Betrieb beachten? Mit den sich \u00e4ndernden Rahmenbedingungen f\u00fcr die Landwirtschaft, haben sich innovative Landnutzungsformen wie die Agroforstwirtschaft europaweit weiterentwickelt. Der [&hellip;]","og_url":"https:\/\/permakultur-landwirtschaft.org\/fr\/agroforstwirtschaft-moeglichkeiten-und-grenzen-kurs-am-10-april-2024\/","og_site_name":"Permakultur-Landwirtschaft","article_publisher":"https:\/\/www.facebook.com\/PermakulturLandwirtschaft","article_published_time":"2023-11-07T13:26:32+00:00","article_modified_time":"2023-11-07T13:26:34+00:00","og_image":[{"width":700,"height":525,"url":"https:\/\/permakultur-landwirtschaft.org\/wp-content\/uploads\/2023\/11\/inforamakurs_sereke_apfelbaeume-weizen-fs-800.jpg","type":"image\/jpeg"}],"author":"adrian reutimann","twitter_card":"summary_large_image","twitter_misc":{"\u00c9crit par":"adrian reutimann","Dur\u00e9e de lecture estim\u00e9e":"1 minute"},"schema":{"@context":"https:\/\/schema.org","@graph":[{"@type":"Article","@id":"https:\/\/permakultur-landwirtschaft.org\/agroforstwirtschaft-moeglichkeiten-und-grenzen-kurs-am-10-april-2024\/#article","isPartOf":{"@id":"https:\/\/permakultur-landwirtschaft.org\/agroforstwirtschaft-moeglichkeiten-und-grenzen-kurs-am-10-april-2024\/"},"author":{"name":"adrian reutimann","@id":"https:\/\/permakultur-landwirtschaft.org\/#\/schema\/person\/6b0467872f75aed3e144093f9bf4f0b0"},"headline":"Agroforstwirtschaft &#8211; M\u00f6glichkeiten und Grenzen &#8211; Kurs am 10. April 2024","datePublished":"2023-11-07T13:26:32+00:00","dateModified":"2023-11-07T13:26:34+00:00","mainEntityOfPage":{"@id":"https:\/\/permakultur-landwirtschaft.org\/agroforstwirtschaft-moeglichkeiten-und-grenzen-kurs-am-10-april-2024\/"},"wordCount":189,"publisher":{"@id":"https:\/\/permakultur-landwirtschaft.org\/#organization"},"image":{"@id":"https:\/\/permakultur-landwirtschaft.org\/agroforstwirtschaft-moeglichkeiten-und-grenzen-kurs-am-10-april-2024\/#primaryimage"},"thumbnailUrl":"https:\/\/permakultur-landwirtschaft.org\/wp-content\/uploads\/2023\/11\/inforamakurs_sereke_apfelbaeume-weizen-fs-800.jpg","keywords":["Agroforst","Inforama"],"articleSection":["Veranstaltung"],"inLanguage":"fr-FR"},{"@type":"WebPage","@id":"https:\/\/permakultur-landwirtschaft.org\/agroforstwirtschaft-moeglichkeiten-und-grenzen-kurs-am-10-april-2024\/","url":"https:\/\/permakultur-landwirtschaft.org\/agroforstwirtschaft-moeglichkeiten-und-grenzen-kurs-am-10-april-2024\/","name":"Agroforstwirtschaft - M\u00f6glichkeiten und Grenzen - Kurs am 10. April 2024 - Permakultur-Landwirtschaft","isPartOf":{"@id":"https:\/\/permakultur-landwirtschaft.org\/#website"},"primaryImageOfPage":{"@id":"https:\/\/permakultur-landwirtschaft.org\/agroforstwirtschaft-moeglichkeiten-und-grenzen-kurs-am-10-april-2024\/#primaryimage"},"image":{"@id":"https:\/\/permakultur-landwirtschaft.org\/agroforstwirtschaft-moeglichkeiten-und-grenzen-kurs-am-10-april-2024\/#primaryimage"},"thumbnailUrl":"https:\/\/permakultur-landwirtschaft.org\/wp-content\/uploads\/2023\/11\/inforamakurs_sereke_apfelbaeume-weizen-fs-800.jpg","datePublished":"2023-11-07T13:26:32+00:00","dateModified":"2023-11-07T13:26:34+00:00","breadcrumb":{"@id":"https:\/\/permakultur-landwirtschaft.org\/agroforstwirtschaft-moeglichkeiten-und-grenzen-kurs-am-10-april-2024\/#breadcrumb"},"inLanguage":"fr-FR","potentialAction":[{"@type":"ReadAction","target":["https:\/\/permakultur-landwirtschaft.org\/agroforstwirtschaft-moeglichkeiten-und-grenzen-kurs-am-10-april-2024\/"]}]},{"@type":"ImageObject","inLanguage":"fr-FR","@id":"https:\/\/permakultur-landwirtschaft.org\/agroforstwirtschaft-moeglichkeiten-und-grenzen-kurs-am-10-april-2024\/#primaryimage","url":"https:\/\/permakultur-landwirtschaft.org\/wp-content\/uploads\/2023\/11\/inforamakurs_sereke_apfelbaeume-weizen-fs-800.jpg","contentUrl":"https:\/\/permakultur-landwirtschaft.org\/wp-content\/uploads\/2023\/11\/inforamakurs_sereke_apfelbaeume-weizen-fs-800.jpg","width":700,"height":525,"caption":"Bild: Agroscope, F.Sereke"},{"@type":"BreadcrumbList","@id":"https:\/\/permakultur-landwirtschaft.org\/agroforstwirtschaft-moeglichkeiten-und-grenzen-kurs-am-10-april-2024\/#breadcrumb","itemListElement":[{"@type":"ListItem","position":1,"name":"Startseite","item":"https:\/\/permakultur-landwirtschaft.org\/"},{"@type":"ListItem","position":2,"name":"Agroforstwirtschaft &#8211; M\u00f6glichkeiten und Grenzen &#8211; Kurs am 10. April 2024"}]},{"@type":"WebSite","@id":"https:\/\/permakultur-landwirtschaft.org\/#website","url":"https:\/\/permakultur-landwirtschaft.org\/","name":"Permakultur-Landwirtschaft","description":"F\u00f6rderung der Permakultur in der Landwirtschaft","publisher":{"@id":"https:\/\/permakultur-landwirtschaft.org\/#organization"},"potentialAction":[{"@type":"SearchAction","target":{"@type":"EntryPoint","urlTemplate":"https:\/\/permakultur-landwirtschaft.org\/?s={search_term_string}"},"query-input":{"@type":"PropertyValueSpecification","valueRequired":true,"valueName":"search_term_string"}}],"inLanguage":"fr-FR"},{"@type":"Organization","@id":"https:\/\/permakultur-landwirtschaft.org\/#organization","name":"Permakultur-Landwirtschaft","alternateName":"Verein Permakultur-Landwirtschaft","url":"https:\/\/permakultur-landwirtschaft.org\/","logo":{"@type":"ImageObject","inLanguage":"fr-FR","@id":"https:\/\/permakultur-landwirtschaft.org\/#\/schema\/logo\/image\/","url":"https:\/\/permakultur-landwirtschaft.org\/wp-content\/uploads\/2021\/11\/pela_1268x1269.png","contentUrl":"https:\/\/permakultur-landwirtschaft.org\/wp-content\/uploads\/2021\/11\/pela_1268x1269.png","width":1298,"height":1269,"caption":"Permakultur-Landwirtschaft"},"image":{"@id":"https:\/\/permakultur-landwirtschaft.org\/#\/schema\/logo\/image\/"},"sameAs":["https:\/\/www.facebook.com\/PermakulturLandwirtschaft","https:\/\/www.instagram.com\/permakultur_landwirtschaft\/","https:\/\/www.flickr.com\/photos\/permakultur-landwirtschaft","https:\/\/www.youtube.com\/@PermakulturLandwirtschaft"]},{"@type":"Person","@id":"https:\/\/permakultur-landwirtschaft.org\/#\/schema\/person\/6b0467872f75aed3e144093f9bf4f0b0","name":"adrian reutimann","url":"https:\/\/permakultur-landwirtschaft.org\/fr\/author\/reutiadr\/"}]}},"_links":{"self":[{"href":"https:\/\/permakultur-landwirtschaft.org\/fr\/wp-json\/wp\/v2\/posts\/32990","targetHints":{"allow":["GET"]}}],"collection":[{"href":"https:\/\/permakultur-landwirtschaft.org\/fr\/wp-json\/wp\/v2\/posts"}],"about":[{"href":"https:\/\/permakultur-landwirtschaft.org\/fr\/wp-json\/wp\/v2\/types\/post"}],"author":[{"embeddable":true,"href":"https:\/\/permakultur-landwirtschaft.org\/fr\/wp-json\/wp\/v2\/users\/2"}],"replies":[{"embeddable":true,"href":"https:\/\/permakultur-landwirtschaft.org\/fr\/wp-json\/wp\/v2\/comments?post=32990"}],"version-history":[{"count":2,"href":"https:\/\/permakultur-landwirtschaft.org\/fr\/wp-json\/wp\/v2\/posts\/32990\/revisions"}],"predecessor-version":[{"id":32993,"href":"https:\/\/permakultur-landwirtschaft.org\/fr\/wp-json\/wp\/v2\/posts\/32990\/revisions\/32993"}],"wp:featuredmedia":[{"embeddable":true,"href":"https:\/\/permakultur-landwirtschaft.org\/fr\/wp-json\/wp\/v2\/media\/32991"}],"wp:attachment":[{"href":"https:\/\/permakultur-landwirtschaft.org\/fr\/wp-json\/wp\/v2\/media?parent=32990"}],"wp:term":[{"taxonomy":"category","embeddable":true,"href":"https:\/\/permakultur-landwirtschaft.org\/fr\/wp-json\/wp\/v2\/categories?post=32990"},{"taxonomy":"post_tag","embeddable":true,"href":"https:\/\/permakultur-landwirtschaft.org\/fr\/wp-json\/wp\/v2\/tags?post=32990"}],"curies":[{"name":"wp","href":"https:\/\/api.w.org\/{rel}","templated":true}]}}