{"id":32981,"date":"2023-11-07T12:32:08","date_gmt":"2023-11-07T11:32:08","guid":{"rendered":"https:\/\/permakultur-landwirtschaft.org\/?p=32981"},"modified":"2023-11-07T12:33:31","modified_gmt":"2023-11-07T11:33:31","slug":"7th-european-agroforestry-conference-vom-27-bis-31-mai-2024","status":"publish","type":"post","link":"https:\/\/permakultur-landwirtschaft.org\/fr\/7th-european-agroforestry-conference-vom-27-bis-31-mai-2024\/","title":{"rendered":"7th European Agroforestry Conference vom 27. bis 31. Mai 2024"},"content":{"rendered":"<p>Text von euraf2024.mendelu.cz:<\/p>\n\n\n\n<p>Agroforestry \u2013 regenerating landscapes and diversifying production in Europe<\/p>\n\n\n\n<p>European agriculture needs to evolve in the face of climate change, a reduction in the abundance of insects and farmland birds, pollution, and the need to improve human health. Greater and more effective use of agroforestry, the integration of woody perennials with livestock and\/or crop production, is a proven means to maintain food production whilst addressing these issues. Agroforestry is an important regenerative agriculture practice which can achieve a greater diversity or quantity of outputs with fewer non-farm inputs, whilst improving a farm\u2019s resilience to climate change. Well-designed agroforestry systems, adapted to local conditions, can also enhance biodiversity and ecosystem services at the landscape level. Nevertheless, the re-adoption of agroforestry in Europe is currently challenging, despite the interest of both farmers and policy makers.<\/p>\n\n\n\n<p>Czechia, at the heart of Europe, is an ideal place for us to come together to address these challenges. Here, we feel that agroforestry is gaining momentum now. It is the home of many intensive farms, where agroforestry can provide a cornerstone for progressive agricultural development and the creation and conservation of economic and environmentally beneficial landscapes. Hence, we invite you to join us in the vibrant city of Brno for the 2024 European Agroforestry Conference, organised by the European Agroforestry Federation. This timely conference will cover research and practical sessions that address the opportunities and challenges in promoting the integration of trees with farming. Discussions in plenary, thematic oral and poster sessions, and workshops will provide participants with new ideas to enhance the role that agroforestry can play in diversifying production, enhancing soil health and biodiversity, addressing climate change, creating profitable businesses, and regenerating landscapes in Europe. The Czech for \u201cWelcome\u201d, is \u201cV\u00edtejte\u201d, and we look forward to welcoming you to Czechia<\/p>\n\n\n\n<p><strong>Date<\/strong><br>27. bis 31. Mai 2024<\/p>\n\n\n\n<p><strong>Lieu<\/strong><br>Brno, CZ<br>Tschechien<\/p>\n\n\n\n<p><a href=\"https:\/\/www.euraf2024.mendelu.cz\/34925-welcome\" target=\"_blank\" rel=\"noreferrer noopener\">Mehr Infos zum Anlass<\/a><\/p>\n\n\n\n<p><a href=\"https:\/\/euraf.net\/\" target=\"_blank\" rel=\"noreferrer noopener\">Link zur European Agroforestry Federation EURAF<\/a><\/p>","protected":false},"excerpt":{"rendered":"<p>Text von euraf2024.mendelu.cz: Agroforestry \u2013 regenerating landscapes and diversifying production in Europe European agriculture needs to evolve in the face of climate change, a reduction in the abundance of insects and farmland birds, pollution, and the need to improve human health. Greater and more effective use of agroforestry, the integration of woody perennials with livestock [&hellip;]<\/p>\n","protected":false},"author":2,"featured_media":32982,"comment_status":"closed","ping_status":"closed","sticky":false,"template":"","format":"standard","meta":{"_acf_changed":false,"site-sidebar-layout":"default","site-content-layout":"","ast-site-content-layout":"default","site-content-style":"default","site-sidebar-style":"default","ast-global-header-display":"","ast-banner-title-visibility":"","ast-main-header-display":"","ast-hfb-above-header-display":"","ast-hfb-below-header-display":"","ast-hfb-mobile-header-display":"","site-post-title":"","ast-breadcrumbs-content":"","ast-featured-img":"","footer-sml-layout":"","ast-disable-related-posts":"","theme-transparent-header-meta":"","adv-header-id-meta":"","stick-header-meta":"","header-above-stick-meta":"","header-main-stick-meta":"","header-below-stick-meta":"","astra-migrate-meta-layouts":"set","ast-page-background-enabled":"default","ast-page-background-meta":{"desktop":{"background-color":"var(--ast-global-color-4)","background-image":"","background-repeat":"repeat","background-position":"center center","background-size":"auto","background-attachment":"scroll","background-type":"","background-media":"","overlay-type":"","overlay-color":"","overlay-opacity":"","overlay-gradient":""},"tablet":{"background-color":"","background-image":"","background-repeat":"repeat","background-position":"center center","background-size":"auto","background-attachment":"scroll","background-type":"","background-media":"","overlay-type":"","overlay-color":"","overlay-opacity":"","overlay-gradient":""},"mobile":{"background-color":"","background-image":"","background-repeat":"repeat","background-position":"center center","background-size":"auto","background-attachment":"scroll","background-type":"","background-media":"","overlay-type":"","overlay-color":"","overlay-opacity":"","overlay-gradient":""}},"ast-content-background-meta":{"desktop":{"background-color":"var(--ast-global-color-5)","background-image":"","background-repeat":"repeat","background-position":"center center","background-size":"auto","background-attachment":"scroll","background-type":"","background-media":"","overlay-type":"","overlay-color":"","overlay-opacity":"","overlay-gradient":""},"tablet":{"background-color":"var(--ast-global-color-5)","background-image":"","background-repeat":"repeat","background-position":"center center","background-size":"auto","background-attachment":"scroll","background-type":"","background-media":"","overlay-type":"","overlay-color":"","overlay-opacity":"","overlay-gradient":""},"mobile":{"background-color":"var(--ast-global-color-5)","background-image":"","background-repeat":"repeat","background-position":"center center","background-size":"auto","background-attachment":"scroll","background-type":"","background-media":"","overlay-type":"","overlay-color":"","overlay-opacity":"","overlay-gradient":""}},"footnotes":""},"categories":[14],"tags":[],"class_list":["post-32981","post","type-post","status-publish","format-standard","has-post-thumbnail","hentry","category-veranstaltung"],"acf":[],"yoast_head":"<!-- This site is optimized with the Yoast SEO plugin v27.5 - https:\/\/yoast.com\/product\/yoast-seo-wordpress\/ -->\n<title>7th European Agroforestry Conference vom 27. bis 31. Mai 2024 - Permakultur-Landwirtschaft<\/title>\n<meta name=\"robots\" content=\"index, follow, max-snippet:-1, max-image-preview:large, max-video-preview:-1\" \/>\n<link rel=\"canonical\" href=\"https:\/\/permakultur-landwirtschaft.org\/fr\/7th-european-agroforestry-conference-vom-27-bis-31-mai-2024\/\" \/>\n<meta property=\"og:locale\" content=\"fr_FR\" \/>\n<meta property=\"og:type\" content=\"article\" \/>\n<meta property=\"og:title\" content=\"7th European Agroforestry Conference vom 27. bis 31. Mai 2024 - Permakultur-Landwirtschaft\" \/>\n<meta property=\"og:description\" content=\"Text von euraf2024.mendelu.cz: Agroforestry \u2013 regenerating landscapes and diversifying production in Europe European agriculture needs to evolve in the face of climate change, a reduction in the abundance of insects and farmland birds, pollution, and the need to improve human health. Greater and more effective use of agroforestry, the integration of woody perennials with livestock [&hellip;]\" \/>\n<meta property=\"og:url\" content=\"https:\/\/permakultur-landwirtschaft.org\/fr\/7th-european-agroforestry-conference-vom-27-bis-31-mai-2024\/\" \/>\n<meta property=\"og:site_name\" content=\"Permakultur-Landwirtschaft\" \/>\n<meta property=\"article:publisher\" content=\"https:\/\/www.facebook.com\/PermakulturLandwirtschaft\" \/>\n<meta property=\"article:published_time\" content=\"2023-11-07T11:32:08+00:00\" \/>\n<meta property=\"article:modified_time\" content=\"2023-11-07T11:33:31+00:00\" \/>\n<meta property=\"og:image\" content=\"https:\/\/permakultur-landwirtschaft.org\/wp-content\/uploads\/2023\/11\/2024_euraf_bild_hero3.jpg\" \/>\n\t<meta property=\"og:image:width\" content=\"700\" \/>\n\t<meta property=\"og:image:height\" content=\"423\" \/>\n\t<meta property=\"og:image:type\" content=\"image\/jpeg\" \/>\n<meta name=\"author\" content=\"adrian reutimann\" \/>\n<meta name=\"twitter:card\" content=\"summary_large_image\" \/>\n<meta name=\"twitter:label1\" content=\"\u00c9crit par\" \/>\n\t<meta name=\"twitter:data1\" content=\"adrian reutimann\" \/>\n\t<meta name=\"twitter:label2\" content=\"Dur\u00e9e de lecture estim\u00e9e\" \/>\n\t<meta name=\"twitter:data2\" content=\"2 minutes\" \/>\n<script type=\"application\/ld+json\" class=\"yoast-schema-graph\">{\"@context\":\"https:\\\/\\\/schema.org\",\"@graph\":[{\"@type\":\"Article\",\"@id\":\"https:\\\/\\\/permakultur-landwirtschaft.org\\\/7th-european-agroforestry-conference-vom-27-bis-31-mai-2024\\\/#article\",\"isPartOf\":{\"@id\":\"https:\\\/\\\/permakultur-landwirtschaft.org\\\/7th-european-agroforestry-conference-vom-27-bis-31-mai-2024\\\/\"},\"author\":{\"name\":\"adrian reutimann\",\"@id\":\"https:\\\/\\\/permakultur-landwirtschaft.org\\\/#\\\/schema\\\/person\\\/6b0467872f75aed3e144093f9bf4f0b0\"},\"headline\":\"7th European Agroforestry Conference vom 27. bis 31. Mai 2024\",\"datePublished\":\"2023-11-07T11:32:08+00:00\",\"dateModified\":\"2023-11-07T11:33:31+00:00\",\"mainEntityOfPage\":{\"@id\":\"https:\\\/\\\/permakultur-landwirtschaft.org\\\/7th-european-agroforestry-conference-vom-27-bis-31-mai-2024\\\/\"},\"wordCount\":325,\"publisher\":{\"@id\":\"https:\\\/\\\/permakultur-landwirtschaft.org\\\/#organization\"},\"image\":{\"@id\":\"https:\\\/\\\/permakultur-landwirtschaft.org\\\/7th-european-agroforestry-conference-vom-27-bis-31-mai-2024\\\/#primaryimage\"},\"thumbnailUrl\":\"https:\\\/\\\/permakultur-landwirtschaft.org\\\/wp-content\\\/uploads\\\/2023\\\/11\\\/2024_euraf_bild_hero3.jpg\",\"articleSection\":[\"Veranstaltung\"],\"inLanguage\":\"fr-FR\"},{\"@type\":\"WebPage\",\"@id\":\"https:\\\/\\\/permakultur-landwirtschaft.org\\\/7th-european-agroforestry-conference-vom-27-bis-31-mai-2024\\\/\",\"url\":\"https:\\\/\\\/permakultur-landwirtschaft.org\\\/7th-european-agroforestry-conference-vom-27-bis-31-mai-2024\\\/\",\"name\":\"7th European Agroforestry Conference vom 27. bis 31. Mai 2024 - Permakultur-Landwirtschaft\",\"isPartOf\":{\"@id\":\"https:\\\/\\\/permakultur-landwirtschaft.org\\\/#website\"},\"primaryImageOfPage\":{\"@id\":\"https:\\\/\\\/permakultur-landwirtschaft.org\\\/7th-european-agroforestry-conference-vom-27-bis-31-mai-2024\\\/#primaryimage\"},\"image\":{\"@id\":\"https:\\\/\\\/permakultur-landwirtschaft.org\\\/7th-european-agroforestry-conference-vom-27-bis-31-mai-2024\\\/#primaryimage\"},\"thumbnailUrl\":\"https:\\\/\\\/permakultur-landwirtschaft.org\\\/wp-content\\\/uploads\\\/2023\\\/11\\\/2024_euraf_bild_hero3.jpg\",\"datePublished\":\"2023-11-07T11:32:08+00:00\",\"dateModified\":\"2023-11-07T11:33:31+00:00\",\"breadcrumb\":{\"@id\":\"https:\\\/\\\/permakultur-landwirtschaft.org\\\/7th-european-agroforestry-conference-vom-27-bis-31-mai-2024\\\/#breadcrumb\"},\"inLanguage\":\"fr-FR\",\"potentialAction\":[{\"@type\":\"ReadAction\",\"target\":[\"https:\\\/\\\/permakultur-landwirtschaft.org\\\/7th-european-agroforestry-conference-vom-27-bis-31-mai-2024\\\/\"]}]},{\"@type\":\"ImageObject\",\"inLanguage\":\"fr-FR\",\"@id\":\"https:\\\/\\\/permakultur-landwirtschaft.org\\\/7th-european-agroforestry-conference-vom-27-bis-31-mai-2024\\\/#primaryimage\",\"url\":\"https:\\\/\\\/permakultur-landwirtschaft.org\\\/wp-content\\\/uploads\\\/2023\\\/11\\\/2024_euraf_bild_hero3.jpg\",\"contentUrl\":\"https:\\\/\\\/permakultur-landwirtschaft.org\\\/wp-content\\\/uploads\\\/2023\\\/11\\\/2024_euraf_bild_hero3.jpg\",\"width\":700,\"height\":423,\"caption\":\"Bild: euraf2024.mendelu.cz\"},{\"@type\":\"BreadcrumbList\",\"@id\":\"https:\\\/\\\/permakultur-landwirtschaft.org\\\/7th-european-agroforestry-conference-vom-27-bis-31-mai-2024\\\/#breadcrumb\",\"itemListElement\":[{\"@type\":\"ListItem\",\"position\":1,\"name\":\"Startseite\",\"item\":\"https:\\\/\\\/permakultur-landwirtschaft.org\\\/\"},{\"@type\":\"ListItem\",\"position\":2,\"name\":\"7th European Agroforestry Conference vom 27. bis 31. Mai 2024\"}]},{\"@type\":\"WebSite\",\"@id\":\"https:\\\/\\\/permakultur-landwirtschaft.org\\\/#website\",\"url\":\"https:\\\/\\\/permakultur-landwirtschaft.org\\\/\",\"name\":\"Permakultur-Landwirtschaft\",\"description\":\"F\u00f6rderung der Permakultur in der Landwirtschaft\",\"publisher\":{\"@id\":\"https:\\\/\\\/permakultur-landwirtschaft.org\\\/#organization\"},\"potentialAction\":[{\"@type\":\"SearchAction\",\"target\":{\"@type\":\"EntryPoint\",\"urlTemplate\":\"https:\\\/\\\/permakultur-landwirtschaft.org\\\/?s={search_term_string}\"},\"query-input\":{\"@type\":\"PropertyValueSpecification\",\"valueRequired\":true,\"valueName\":\"search_term_string\"}}],\"inLanguage\":\"fr-FR\"},{\"@type\":\"Organization\",\"@id\":\"https:\\\/\\\/permakultur-landwirtschaft.org\\\/#organization\",\"name\":\"Permakultur-Landwirtschaft\",\"alternateName\":\"Verein Permakultur-Landwirtschaft\",\"url\":\"https:\\\/\\\/permakultur-landwirtschaft.org\\\/\",\"logo\":{\"@type\":\"ImageObject\",\"inLanguage\":\"fr-FR\",\"@id\":\"https:\\\/\\\/permakultur-landwirtschaft.org\\\/#\\\/schema\\\/logo\\\/image\\\/\",\"url\":\"https:\\\/\\\/permakultur-landwirtschaft.org\\\/wp-content\\\/uploads\\\/2021\\\/11\\\/pela_1268x1269.png\",\"contentUrl\":\"https:\\\/\\\/permakultur-landwirtschaft.org\\\/wp-content\\\/uploads\\\/2021\\\/11\\\/pela_1268x1269.png\",\"width\":1298,\"height\":1269,\"caption\":\"Permakultur-Landwirtschaft\"},\"image\":{\"@id\":\"https:\\\/\\\/permakultur-landwirtschaft.org\\\/#\\\/schema\\\/logo\\\/image\\\/\"},\"sameAs\":[\"https:\\\/\\\/www.facebook.com\\\/PermakulturLandwirtschaft\",\"https:\\\/\\\/www.instagram.com\\\/permakultur_landwirtschaft\\\/\",\"https:\\\/\\\/www.flickr.com\\\/photos\\\/permakultur-landwirtschaft\",\"https:\\\/\\\/www.youtube.com\\\/@PermakulturLandwirtschaft\"]},{\"@type\":\"Person\",\"@id\":\"https:\\\/\\\/permakultur-landwirtschaft.org\\\/#\\\/schema\\\/person\\\/6b0467872f75aed3e144093f9bf4f0b0\",\"name\":\"adrian reutimann\",\"url\":\"https:\\\/\\\/permakultur-landwirtschaft.org\\\/fr\\\/author\\\/reutiadr\\\/\"}]}<\/script>\n<!-- \/ Yoast SEO plugin. -->","yoast_head_json":{"title":"7th European Agroforestry Conference vom 27. bis 31. Mai 2024 - Permakultur-Landwirtschaft","robots":{"index":"index","follow":"follow","max-snippet":"max-snippet:-1","max-image-preview":"max-image-preview:large","max-video-preview":"max-video-preview:-1"},"canonical":"https:\/\/permakultur-landwirtschaft.org\/fr\/7th-european-agroforestry-conference-vom-27-bis-31-mai-2024\/","og_locale":"fr_FR","og_type":"article","og_title":"7th European Agroforestry Conference vom 27. bis 31. Mai 2024 - Permakultur-Landwirtschaft","og_description":"Text von euraf2024.mendelu.cz: Agroforestry \u2013 regenerating landscapes and diversifying production in Europe European agriculture needs to evolve in the face of climate change, a reduction in the abundance of insects and farmland birds, pollution, and the need to improve human health. Greater and more effective use of agroforestry, the integration of woody perennials with livestock [&hellip;]","og_url":"https:\/\/permakultur-landwirtschaft.org\/fr\/7th-european-agroforestry-conference-vom-27-bis-31-mai-2024\/","og_site_name":"Permakultur-Landwirtschaft","article_publisher":"https:\/\/www.facebook.com\/PermakulturLandwirtschaft","article_published_time":"2023-11-07T11:32:08+00:00","article_modified_time":"2023-11-07T11:33:31+00:00","og_image":[{"width":700,"height":423,"url":"https:\/\/permakultur-landwirtschaft.org\/wp-content\/uploads\/2023\/11\/2024_euraf_bild_hero3.jpg","type":"image\/jpeg"}],"author":"adrian reutimann","twitter_card":"summary_large_image","twitter_misc":{"\u00c9crit par":"adrian reutimann","Dur\u00e9e de lecture estim\u00e9e":"2 minutes"},"schema":{"@context":"https:\/\/schema.org","@graph":[{"@type":"Article","@id":"https:\/\/permakultur-landwirtschaft.org\/7th-european-agroforestry-conference-vom-27-bis-31-mai-2024\/#article","isPartOf":{"@id":"https:\/\/permakultur-landwirtschaft.org\/7th-european-agroforestry-conference-vom-27-bis-31-mai-2024\/"},"author":{"name":"adrian reutimann","@id":"https:\/\/permakultur-landwirtschaft.org\/#\/schema\/person\/6b0467872f75aed3e144093f9bf4f0b0"},"headline":"7th European Agroforestry Conference vom 27. bis 31. Mai 2024","datePublished":"2023-11-07T11:32:08+00:00","dateModified":"2023-11-07T11:33:31+00:00","mainEntityOfPage":{"@id":"https:\/\/permakultur-landwirtschaft.org\/7th-european-agroforestry-conference-vom-27-bis-31-mai-2024\/"},"wordCount":325,"publisher":{"@id":"https:\/\/permakultur-landwirtschaft.org\/#organization"},"image":{"@id":"https:\/\/permakultur-landwirtschaft.org\/7th-european-agroforestry-conference-vom-27-bis-31-mai-2024\/#primaryimage"},"thumbnailUrl":"https:\/\/permakultur-landwirtschaft.org\/wp-content\/uploads\/2023\/11\/2024_euraf_bild_hero3.jpg","articleSection":["Veranstaltung"],"inLanguage":"fr-FR"},{"@type":"WebPage","@id":"https:\/\/permakultur-landwirtschaft.org\/7th-european-agroforestry-conference-vom-27-bis-31-mai-2024\/","url":"https:\/\/permakultur-landwirtschaft.org\/7th-european-agroforestry-conference-vom-27-bis-31-mai-2024\/","name":"7th European Agroforestry Conference vom 27. bis 31. Mai 2024 - Permakultur-Landwirtschaft","isPartOf":{"@id":"https:\/\/permakultur-landwirtschaft.org\/#website"},"primaryImageOfPage":{"@id":"https:\/\/permakultur-landwirtschaft.org\/7th-european-agroforestry-conference-vom-27-bis-31-mai-2024\/#primaryimage"},"image":{"@id":"https:\/\/permakultur-landwirtschaft.org\/7th-european-agroforestry-conference-vom-27-bis-31-mai-2024\/#primaryimage"},"thumbnailUrl":"https:\/\/permakultur-landwirtschaft.org\/wp-content\/uploads\/2023\/11\/2024_euraf_bild_hero3.jpg","datePublished":"2023-11-07T11:32:08+00:00","dateModified":"2023-11-07T11:33:31+00:00","breadcrumb":{"@id":"https:\/\/permakultur-landwirtschaft.org\/7th-european-agroforestry-conference-vom-27-bis-31-mai-2024\/#breadcrumb"},"inLanguage":"fr-FR","potentialAction":[{"@type":"ReadAction","target":["https:\/\/permakultur-landwirtschaft.org\/7th-european-agroforestry-conference-vom-27-bis-31-mai-2024\/"]}]},{"@type":"ImageObject","inLanguage":"fr-FR","@id":"https:\/\/permakultur-landwirtschaft.org\/7th-european-agroforestry-conference-vom-27-bis-31-mai-2024\/#primaryimage","url":"https:\/\/permakultur-landwirtschaft.org\/wp-content\/uploads\/2023\/11\/2024_euraf_bild_hero3.jpg","contentUrl":"https:\/\/permakultur-landwirtschaft.org\/wp-content\/uploads\/2023\/11\/2024_euraf_bild_hero3.jpg","width":700,"height":423,"caption":"Bild: euraf2024.mendelu.cz"},{"@type":"BreadcrumbList","@id":"https:\/\/permakultur-landwirtschaft.org\/7th-european-agroforestry-conference-vom-27-bis-31-mai-2024\/#breadcrumb","itemListElement":[{"@type":"ListItem","position":1,"name":"Startseite","item":"https:\/\/permakultur-landwirtschaft.org\/"},{"@type":"ListItem","position":2,"name":"7th European Agroforestry Conference vom 27. bis 31. Mai 2024"}]},{"@type":"WebSite","@id":"https:\/\/permakultur-landwirtschaft.org\/#website","url":"https:\/\/permakultur-landwirtschaft.org\/","name":"Permakultur-Landwirtschaft","description":"F\u00f6rderung der Permakultur in der Landwirtschaft","publisher":{"@id":"https:\/\/permakultur-landwirtschaft.org\/#organization"},"potentialAction":[{"@type":"SearchAction","target":{"@type":"EntryPoint","urlTemplate":"https:\/\/permakultur-landwirtschaft.org\/?s={search_term_string}"},"query-input":{"@type":"PropertyValueSpecification","valueRequired":true,"valueName":"search_term_string"}}],"inLanguage":"fr-FR"},{"@type":"Organization","@id":"https:\/\/permakultur-landwirtschaft.org\/#organization","name":"Permakultur-Landwirtschaft","alternateName":"Verein Permakultur-Landwirtschaft","url":"https:\/\/permakultur-landwirtschaft.org\/","logo":{"@type":"ImageObject","inLanguage":"fr-FR","@id":"https:\/\/permakultur-landwirtschaft.org\/#\/schema\/logo\/image\/","url":"https:\/\/permakultur-landwirtschaft.org\/wp-content\/uploads\/2021\/11\/pela_1268x1269.png","contentUrl":"https:\/\/permakultur-landwirtschaft.org\/wp-content\/uploads\/2021\/11\/pela_1268x1269.png","width":1298,"height":1269,"caption":"Permakultur-Landwirtschaft"},"image":{"@id":"https:\/\/permakultur-landwirtschaft.org\/#\/schema\/logo\/image\/"},"sameAs":["https:\/\/www.facebook.com\/PermakulturLandwirtschaft","https:\/\/www.instagram.com\/permakultur_landwirtschaft\/","https:\/\/www.flickr.com\/photos\/permakultur-landwirtschaft","https:\/\/www.youtube.com\/@PermakulturLandwirtschaft"]},{"@type":"Person","@id":"https:\/\/permakultur-landwirtschaft.org\/#\/schema\/person\/6b0467872f75aed3e144093f9bf4f0b0","name":"adrian reutimann","url":"https:\/\/permakultur-landwirtschaft.org\/fr\/author\/reutiadr\/"}]}},"_links":{"self":[{"href":"https:\/\/permakultur-landwirtschaft.org\/fr\/wp-json\/wp\/v2\/posts\/32981","targetHints":{"allow":["GET"]}}],"collection":[{"href":"https:\/\/permakultur-landwirtschaft.org\/fr\/wp-json\/wp\/v2\/posts"}],"about":[{"href":"https:\/\/permakultur-landwirtschaft.org\/fr\/wp-json\/wp\/v2\/types\/post"}],"author":[{"embeddable":true,"href":"https:\/\/permakultur-landwirtschaft.org\/fr\/wp-json\/wp\/v2\/users\/2"}],"replies":[{"embeddable":true,"href":"https:\/\/permakultur-landwirtschaft.org\/fr\/wp-json\/wp\/v2\/comments?post=32981"}],"version-history":[{"count":3,"href":"https:\/\/permakultur-landwirtschaft.org\/fr\/wp-json\/wp\/v2\/posts\/32981\/revisions"}],"predecessor-version":[{"id":32985,"href":"https:\/\/permakultur-landwirtschaft.org\/fr\/wp-json\/wp\/v2\/posts\/32981\/revisions\/32985"}],"wp:featuredmedia":[{"embeddable":true,"href":"https:\/\/permakultur-landwirtschaft.org\/fr\/wp-json\/wp\/v2\/media\/32982"}],"wp:attachment":[{"href":"https:\/\/permakultur-landwirtschaft.org\/fr\/wp-json\/wp\/v2\/media?parent=32981"}],"wp:term":[{"taxonomy":"category","embeddable":true,"href":"https:\/\/permakultur-landwirtschaft.org\/fr\/wp-json\/wp\/v2\/categories?post=32981"},{"taxonomy":"post_tag","embeddable":true,"href":"https:\/\/permakultur-landwirtschaft.org\/fr\/wp-json\/wp\/v2\/tags?post=32981"}],"curies":[{"name":"wp","href":"https:\/\/api.w.org\/{rel}","templated":true}]}}