{"id":32916,"date":"2023-10-24T08:37:00","date_gmt":"2023-10-24T06:37:00","guid":{"rendered":"https:\/\/permakultur-landwirtschaft.org\/?p=32916"},"modified":"2023-10-26T09:01:45","modified_gmt":"2023-10-26T07:01:45","slug":"das-agroforstsystem-ist-ein-generationenprojekt-bauernzeitung-vom-24-oktober-2023","status":"publish","type":"post","link":"https:\/\/permakultur-landwirtschaft.org\/fr\/das-agroforstsystem-ist-ein-generationenprojekt-bauernzeitung-vom-24-oktober-2023\/","title":{"rendered":"Das Agroforstsystem ist ein Generationenprojekt &#8211; BauernZeitung vom 24. Oktober 2023"},"content":{"rendered":"<p>Text von bauernzeitung.ch:<\/p>\n\n\n\n<p>Auf dem Biohof Husmatt von Eva und Meinrad Betschart-Waser fand ein Pro-Bio-Fachanlass zum Thema \u00abKlimaschonende Landwirtschaft \u2013 Agroforstsysteme\u00bb statt.<\/p>\n\n\n\n<p>Die Jungb\u00e4ume auf der Agroforstparzelle des Biohofes Husmatt pr\u00e4sentieren sich in der Entwicklung aktuell noch etwas bescheiden. Ganz im Gegensatz zum Enthusiasmus von Betriebsleiter Meinrad Betschart. Er zeigt sich begeistert vom System des dynamischen Agroforsts. Der Schwyzer Biolandwirt interessiert sich schon l\u00e4nger f\u00fcr alternative Bewirtschaftungssysteme und besuchte dazu Weiterbildungen im Bereich Permakultur. <\/p>\n\n\n\n<p><a href=\"https:\/\/www.bauernzeitung.ch\/artikel\/pflanzen\/das-agroforstsystem-ist-ein-generationenprojekt-494134\" target=\"_blank\" rel=\"noreferrer noopener\">Link zum Artikel<\/a><\/p>\n\n\n\n<p><a href=\"https:\/\/biohof-husmatt.ch\" target=\"_blank\" rel=\"noreferrer noopener\">Link zum Biohof Husmatt<\/a><\/p>","protected":false},"excerpt":{"rendered":"<p>Text von bauernzeitung.ch: Auf dem Biohof Husmatt von Eva und Meinrad Betschart-Waser fand ein Pro-Bio-Fachanlass zum Thema \u00abKlimaschonende Landwirtschaft \u2013 Agroforstsysteme\u00bb statt. Die Jungb\u00e4ume auf der Agroforstparzelle des Biohofes Husmatt pr\u00e4sentieren sich in der Entwicklung aktuell noch etwas bescheiden. Ganz im Gegensatz zum Enthusiasmus von Betriebsleiter Meinrad Betschart. Er zeigt sich begeistert vom System des [&hellip;]<\/p>\n","protected":false},"author":2,"featured_media":32917,"comment_status":"closed","ping_status":"closed","sticky":false,"template":"","format":"standard","meta":{"_acf_changed":false,"site-sidebar-layout":"default","site-content-layout":"","ast-site-content-layout":"default","site-content-style":"default","site-sidebar-style":"default","ast-global-header-display":"","ast-banner-title-visibility":"","ast-main-header-display":"","ast-hfb-above-header-display":"","ast-hfb-below-header-display":"","ast-hfb-mobile-header-display":"","site-post-title":"","ast-breadcrumbs-content":"","ast-featured-img":"","footer-sml-layout":"","ast-disable-related-posts":"","theme-transparent-header-meta":"","adv-header-id-meta":"","stick-header-meta":"","header-above-stick-meta":"","header-main-stick-meta":"","header-below-stick-meta":"","astra-migrate-meta-layouts":"set","ast-page-background-enabled":"default","ast-page-background-meta":{"desktop":{"background-color":"var(--ast-global-color-4)","background-image":"","background-repeat":"repeat","background-position":"center center","background-size":"auto","background-attachment":"scroll","background-type":"","background-media":"","overlay-type":"","overlay-color":"","overlay-opacity":"","overlay-gradient":""},"tablet":{"background-color":"","background-image":"","background-repeat":"repeat","background-position":"center center","background-size":"auto","background-attachment":"scroll","background-type":"","background-media":"","overlay-type":"","overlay-color":"","overlay-opacity":"","overlay-gradient":""},"mobile":{"background-color":"","background-image":"","background-repeat":"repeat","background-position":"center center","background-size":"auto","background-attachment":"scroll","background-type":"","background-media":"","overlay-type":"","overlay-color":"","overlay-opacity":"","overlay-gradient":""}},"ast-content-background-meta":{"desktop":{"background-color":"var(--ast-global-color-5)","background-image":"","background-repeat":"repeat","background-position":"center center","background-size":"auto","background-attachment":"scroll","background-type":"","background-media":"","overlay-type":"","overlay-color":"","overlay-opacity":"","overlay-gradient":""},"tablet":{"background-color":"var(--ast-global-color-5)","background-image":"","background-repeat":"repeat","background-position":"center center","background-size":"auto","background-attachment":"scroll","background-type":"","background-media":"","overlay-type":"","overlay-color":"","overlay-opacity":"","overlay-gradient":""},"mobile":{"background-color":"var(--ast-global-color-5)","background-image":"","background-repeat":"repeat","background-position":"center center","background-size":"auto","background-attachment":"scroll","background-type":"","background-media":"","overlay-type":"","overlay-color":"","overlay-opacity":"","overlay-gradient":""}},"footnotes":""},"categories":[22],"tags":[31,38,110],"class_list":["post-32916","post","type-post","status-publish","format-standard","has-post-thumbnail","hentry","category-neuigkeit","tag-agroforst","tag-landwirtschaft","tag-probio"],"acf":[],"yoast_head":"<!-- This site is optimized with the Yoast SEO plugin v27.5 - https:\/\/yoast.com\/product\/yoast-seo-wordpress\/ -->\n<title>Das Agroforstsystem ist ein Generationenprojekt - BauernZeitung vom 24. Oktober 2023 - Permakultur-Landwirtschaft<\/title>\n<meta name=\"robots\" content=\"index, follow, max-snippet:-1, max-image-preview:large, max-video-preview:-1\" \/>\n<link rel=\"canonical\" href=\"https:\/\/permakultur-landwirtschaft.org\/fr\/das-agroforstsystem-ist-ein-generationenprojekt-bauernzeitung-vom-24-oktober-2023\/\" \/>\n<meta property=\"og:locale\" content=\"fr_FR\" \/>\n<meta property=\"og:type\" content=\"article\" \/>\n<meta property=\"og:title\" content=\"Das Agroforstsystem ist ein Generationenprojekt - BauernZeitung vom 24. Oktober 2023 - Permakultur-Landwirtschaft\" \/>\n<meta property=\"og:description\" content=\"Text von bauernzeitung.ch: Auf dem Biohof Husmatt von Eva und Meinrad Betschart-Waser fand ein Pro-Bio-Fachanlass zum Thema \u00abKlimaschonende Landwirtschaft \u2013 Agroforstsysteme\u00bb statt. Die Jungb\u00e4ume auf der Agroforstparzelle des Biohofes Husmatt pr\u00e4sentieren sich in der Entwicklung aktuell noch etwas bescheiden. Ganz im Gegensatz zum Enthusiasmus von Betriebsleiter Meinrad Betschart. Er zeigt sich begeistert vom System des [&hellip;]\" \/>\n<meta property=\"og:url\" content=\"https:\/\/permakultur-landwirtschaft.org\/fr\/das-agroforstsystem-ist-ein-generationenprojekt-bauernzeitung-vom-24-oktober-2023\/\" \/>\n<meta property=\"og:site_name\" content=\"Permakultur-Landwirtschaft\" \/>\n<meta property=\"article:publisher\" content=\"https:\/\/www.facebook.com\/PermakulturLandwirtschaft\" \/>\n<meta property=\"article:published_time\" content=\"2023-10-24T06:37:00+00:00\" \/>\n<meta property=\"article:modified_time\" content=\"2023-10-26T07:01:45+00:00\" \/>\n<meta property=\"og:image\" content=\"https:\/\/permakultur-landwirtschaft.org\/wp-content\/uploads\/2023\/10\/20231025_Bauernzeitung_Husmatt_Foto_Betschart.jpg\" \/>\n\t<meta property=\"og:image:width\" content=\"700\" \/>\n\t<meta property=\"og:image:height\" content=\"438\" \/>\n\t<meta property=\"og:image:type\" content=\"image\/jpeg\" \/>\n<meta name=\"author\" content=\"adrian reutimann\" \/>\n<meta name=\"twitter:card\" content=\"summary_large_image\" \/>\n<meta name=\"twitter:label1\" content=\"\u00c9crit par\" \/>\n\t<meta name=\"twitter:data1\" content=\"adrian reutimann\" \/>\n\t<meta name=\"twitter:label2\" content=\"Dur\u00e9e de lecture estim\u00e9e\" \/>\n\t<meta name=\"twitter:data2\" content=\"1 minute\" \/>\n<script type=\"application\/ld+json\" class=\"yoast-schema-graph\">{\"@context\":\"https:\\\/\\\/schema.org\",\"@graph\":[{\"@type\":\"Article\",\"@id\":\"https:\\\/\\\/permakultur-landwirtschaft.org\\\/das-agroforstsystem-ist-ein-generationenprojekt-bauernzeitung-vom-24-oktober-2023\\\/#article\",\"isPartOf\":{\"@id\":\"https:\\\/\\\/permakultur-landwirtschaft.org\\\/das-agroforstsystem-ist-ein-generationenprojekt-bauernzeitung-vom-24-oktober-2023\\\/\"},\"author\":{\"name\":\"adrian reutimann\",\"@id\":\"https:\\\/\\\/permakultur-landwirtschaft.org\\\/#\\\/schema\\\/person\\\/6b0467872f75aed3e144093f9bf4f0b0\"},\"headline\":\"Das Agroforstsystem ist ein Generationenprojekt &#8211; BauernZeitung vom 24. Oktober 2023\",\"datePublished\":\"2023-10-24T06:37:00+00:00\",\"dateModified\":\"2023-10-26T07:01:45+00:00\",\"mainEntityOfPage\":{\"@id\":\"https:\\\/\\\/permakultur-landwirtschaft.org\\\/das-agroforstsystem-ist-ein-generationenprojekt-bauernzeitung-vom-24-oktober-2023\\\/\"},\"wordCount\":94,\"publisher\":{\"@id\":\"https:\\\/\\\/permakultur-landwirtschaft.org\\\/#organization\"},\"image\":{\"@id\":\"https:\\\/\\\/permakultur-landwirtschaft.org\\\/das-agroforstsystem-ist-ein-generationenprojekt-bauernzeitung-vom-24-oktober-2023\\\/#primaryimage\"},\"thumbnailUrl\":\"https:\\\/\\\/permakultur-landwirtschaft.org\\\/wp-content\\\/uploads\\\/2023\\\/10\\\/20231025_Bauernzeitung_Husmatt_Foto_Betschart.jpg\",\"keywords\":[\"Agroforst\",\"Landwirtschaft\",\"ProBio\"],\"articleSection\":[\"Neuigkeit\"],\"inLanguage\":\"fr-FR\"},{\"@type\":\"WebPage\",\"@id\":\"https:\\\/\\\/permakultur-landwirtschaft.org\\\/das-agroforstsystem-ist-ein-generationenprojekt-bauernzeitung-vom-24-oktober-2023\\\/\",\"url\":\"https:\\\/\\\/permakultur-landwirtschaft.org\\\/das-agroforstsystem-ist-ein-generationenprojekt-bauernzeitung-vom-24-oktober-2023\\\/\",\"name\":\"Das Agroforstsystem ist ein Generationenprojekt - BauernZeitung vom 24. Oktober 2023 - Permakultur-Landwirtschaft\",\"isPartOf\":{\"@id\":\"https:\\\/\\\/permakultur-landwirtschaft.org\\\/#website\"},\"primaryImageOfPage\":{\"@id\":\"https:\\\/\\\/permakultur-landwirtschaft.org\\\/das-agroforstsystem-ist-ein-generationenprojekt-bauernzeitung-vom-24-oktober-2023\\\/#primaryimage\"},\"image\":{\"@id\":\"https:\\\/\\\/permakultur-landwirtschaft.org\\\/das-agroforstsystem-ist-ein-generationenprojekt-bauernzeitung-vom-24-oktober-2023\\\/#primaryimage\"},\"thumbnailUrl\":\"https:\\\/\\\/permakultur-landwirtschaft.org\\\/wp-content\\\/uploads\\\/2023\\\/10\\\/20231025_Bauernzeitung_Husmatt_Foto_Betschart.jpg\",\"datePublished\":\"2023-10-24T06:37:00+00:00\",\"dateModified\":\"2023-10-26T07:01:45+00:00\",\"breadcrumb\":{\"@id\":\"https:\\\/\\\/permakultur-landwirtschaft.org\\\/das-agroforstsystem-ist-ein-generationenprojekt-bauernzeitung-vom-24-oktober-2023\\\/#breadcrumb\"},\"inLanguage\":\"fr-FR\",\"potentialAction\":[{\"@type\":\"ReadAction\",\"target\":[\"https:\\\/\\\/permakultur-landwirtschaft.org\\\/das-agroforstsystem-ist-ein-generationenprojekt-bauernzeitung-vom-24-oktober-2023\\\/\"]}]},{\"@type\":\"ImageObject\",\"inLanguage\":\"fr-FR\",\"@id\":\"https:\\\/\\\/permakultur-landwirtschaft.org\\\/das-agroforstsystem-ist-ein-generationenprojekt-bauernzeitung-vom-24-oktober-2023\\\/#primaryimage\",\"url\":\"https:\\\/\\\/permakultur-landwirtschaft.org\\\/wp-content\\\/uploads\\\/2023\\\/10\\\/20231025_Bauernzeitung_Husmatt_Foto_Betschart.jpg\",\"contentUrl\":\"https:\\\/\\\/permakultur-landwirtschaft.org\\\/wp-content\\\/uploads\\\/2023\\\/10\\\/20231025_Bauernzeitung_Husmatt_Foto_Betschart.jpg\",\"width\":700,\"height\":438,\"caption\":\"Bild: Reto Betschart\"},{\"@type\":\"BreadcrumbList\",\"@id\":\"https:\\\/\\\/permakultur-landwirtschaft.org\\\/das-agroforstsystem-ist-ein-generationenprojekt-bauernzeitung-vom-24-oktober-2023\\\/#breadcrumb\",\"itemListElement\":[{\"@type\":\"ListItem\",\"position\":1,\"name\":\"Startseite\",\"item\":\"https:\\\/\\\/permakultur-landwirtschaft.org\\\/\"},{\"@type\":\"ListItem\",\"position\":2,\"name\":\"Das Agroforstsystem ist ein Generationenprojekt &#8211; BauernZeitung vom 24. Oktober 2023\"}]},{\"@type\":\"WebSite\",\"@id\":\"https:\\\/\\\/permakultur-landwirtschaft.org\\\/#website\",\"url\":\"https:\\\/\\\/permakultur-landwirtschaft.org\\\/\",\"name\":\"Permakultur-Landwirtschaft\",\"description\":\"F\u00f6rderung der Permakultur in der Landwirtschaft\",\"publisher\":{\"@id\":\"https:\\\/\\\/permakultur-landwirtschaft.org\\\/#organization\"},\"potentialAction\":[{\"@type\":\"SearchAction\",\"target\":{\"@type\":\"EntryPoint\",\"urlTemplate\":\"https:\\\/\\\/permakultur-landwirtschaft.org\\\/?s={search_term_string}\"},\"query-input\":{\"@type\":\"PropertyValueSpecification\",\"valueRequired\":true,\"valueName\":\"search_term_string\"}}],\"inLanguage\":\"fr-FR\"},{\"@type\":\"Organization\",\"@id\":\"https:\\\/\\\/permakultur-landwirtschaft.org\\\/#organization\",\"name\":\"Permakultur-Landwirtschaft\",\"alternateName\":\"Verein Permakultur-Landwirtschaft\",\"url\":\"https:\\\/\\\/permakultur-landwirtschaft.org\\\/\",\"logo\":{\"@type\":\"ImageObject\",\"inLanguage\":\"fr-FR\",\"@id\":\"https:\\\/\\\/permakultur-landwirtschaft.org\\\/#\\\/schema\\\/logo\\\/image\\\/\",\"url\":\"https:\\\/\\\/permakultur-landwirtschaft.org\\\/wp-content\\\/uploads\\\/2021\\\/11\\\/pela_1268x1269.png\",\"contentUrl\":\"https:\\\/\\\/permakultur-landwirtschaft.org\\\/wp-content\\\/uploads\\\/2021\\\/11\\\/pela_1268x1269.png\",\"width\":1298,\"height\":1269,\"caption\":\"Permakultur-Landwirtschaft\"},\"image\":{\"@id\":\"https:\\\/\\\/permakultur-landwirtschaft.org\\\/#\\\/schema\\\/logo\\\/image\\\/\"},\"sameAs\":[\"https:\\\/\\\/www.facebook.com\\\/PermakulturLandwirtschaft\",\"https:\\\/\\\/www.instagram.com\\\/permakultur_landwirtschaft\\\/\",\"https:\\\/\\\/www.flickr.com\\\/photos\\\/permakultur-landwirtschaft\",\"https:\\\/\\\/www.youtube.com\\\/@PermakulturLandwirtschaft\"]},{\"@type\":\"Person\",\"@id\":\"https:\\\/\\\/permakultur-landwirtschaft.org\\\/#\\\/schema\\\/person\\\/6b0467872f75aed3e144093f9bf4f0b0\",\"name\":\"adrian reutimann\",\"url\":\"https:\\\/\\\/permakultur-landwirtschaft.org\\\/fr\\\/author\\\/reutiadr\\\/\"}]}<\/script>\n<!-- \/ Yoast SEO plugin. -->","yoast_head_json":{"title":"Das Agroforstsystem ist ein Generationenprojekt - BauernZeitung vom 24. Oktober 2023 - Permakultur-Landwirtschaft","robots":{"index":"index","follow":"follow","max-snippet":"max-snippet:-1","max-image-preview":"max-image-preview:large","max-video-preview":"max-video-preview:-1"},"canonical":"https:\/\/permakultur-landwirtschaft.org\/fr\/das-agroforstsystem-ist-ein-generationenprojekt-bauernzeitung-vom-24-oktober-2023\/","og_locale":"fr_FR","og_type":"article","og_title":"Das Agroforstsystem ist ein Generationenprojekt - BauernZeitung vom 24. Oktober 2023 - Permakultur-Landwirtschaft","og_description":"Text von bauernzeitung.ch: Auf dem Biohof Husmatt von Eva und Meinrad Betschart-Waser fand ein Pro-Bio-Fachanlass zum Thema \u00abKlimaschonende Landwirtschaft \u2013 Agroforstsysteme\u00bb statt. Die Jungb\u00e4ume auf der Agroforstparzelle des Biohofes Husmatt pr\u00e4sentieren sich in der Entwicklung aktuell noch etwas bescheiden. Ganz im Gegensatz zum Enthusiasmus von Betriebsleiter Meinrad Betschart. Er zeigt sich begeistert vom System des [&hellip;]","og_url":"https:\/\/permakultur-landwirtschaft.org\/fr\/das-agroforstsystem-ist-ein-generationenprojekt-bauernzeitung-vom-24-oktober-2023\/","og_site_name":"Permakultur-Landwirtschaft","article_publisher":"https:\/\/www.facebook.com\/PermakulturLandwirtschaft","article_published_time":"2023-10-24T06:37:00+00:00","article_modified_time":"2023-10-26T07:01:45+00:00","og_image":[{"width":700,"height":438,"url":"https:\/\/permakultur-landwirtschaft.org\/wp-content\/uploads\/2023\/10\/20231025_Bauernzeitung_Husmatt_Foto_Betschart.jpg","type":"image\/jpeg"}],"author":"adrian reutimann","twitter_card":"summary_large_image","twitter_misc":{"\u00c9crit par":"adrian reutimann","Dur\u00e9e de lecture estim\u00e9e":"1 minute"},"schema":{"@context":"https:\/\/schema.org","@graph":[{"@type":"Article","@id":"https:\/\/permakultur-landwirtschaft.org\/das-agroforstsystem-ist-ein-generationenprojekt-bauernzeitung-vom-24-oktober-2023\/#article","isPartOf":{"@id":"https:\/\/permakultur-landwirtschaft.org\/das-agroforstsystem-ist-ein-generationenprojekt-bauernzeitung-vom-24-oktober-2023\/"},"author":{"name":"adrian reutimann","@id":"https:\/\/permakultur-landwirtschaft.org\/#\/schema\/person\/6b0467872f75aed3e144093f9bf4f0b0"},"headline":"Das Agroforstsystem ist ein Generationenprojekt &#8211; BauernZeitung vom 24. Oktober 2023","datePublished":"2023-10-24T06:37:00+00:00","dateModified":"2023-10-26T07:01:45+00:00","mainEntityOfPage":{"@id":"https:\/\/permakultur-landwirtschaft.org\/das-agroforstsystem-ist-ein-generationenprojekt-bauernzeitung-vom-24-oktober-2023\/"},"wordCount":94,"publisher":{"@id":"https:\/\/permakultur-landwirtschaft.org\/#organization"},"image":{"@id":"https:\/\/permakultur-landwirtschaft.org\/das-agroforstsystem-ist-ein-generationenprojekt-bauernzeitung-vom-24-oktober-2023\/#primaryimage"},"thumbnailUrl":"https:\/\/permakultur-landwirtschaft.org\/wp-content\/uploads\/2023\/10\/20231025_Bauernzeitung_Husmatt_Foto_Betschart.jpg","keywords":["Agroforst","Landwirtschaft","ProBio"],"articleSection":["Neuigkeit"],"inLanguage":"fr-FR"},{"@type":"WebPage","@id":"https:\/\/permakultur-landwirtschaft.org\/das-agroforstsystem-ist-ein-generationenprojekt-bauernzeitung-vom-24-oktober-2023\/","url":"https:\/\/permakultur-landwirtschaft.org\/das-agroforstsystem-ist-ein-generationenprojekt-bauernzeitung-vom-24-oktober-2023\/","name":"Das Agroforstsystem ist ein Generationenprojekt - BauernZeitung vom 24. Oktober 2023 - Permakultur-Landwirtschaft","isPartOf":{"@id":"https:\/\/permakultur-landwirtschaft.org\/#website"},"primaryImageOfPage":{"@id":"https:\/\/permakultur-landwirtschaft.org\/das-agroforstsystem-ist-ein-generationenprojekt-bauernzeitung-vom-24-oktober-2023\/#primaryimage"},"image":{"@id":"https:\/\/permakultur-landwirtschaft.org\/das-agroforstsystem-ist-ein-generationenprojekt-bauernzeitung-vom-24-oktober-2023\/#primaryimage"},"thumbnailUrl":"https:\/\/permakultur-landwirtschaft.org\/wp-content\/uploads\/2023\/10\/20231025_Bauernzeitung_Husmatt_Foto_Betschart.jpg","datePublished":"2023-10-24T06:37:00+00:00","dateModified":"2023-10-26T07:01:45+00:00","breadcrumb":{"@id":"https:\/\/permakultur-landwirtschaft.org\/das-agroforstsystem-ist-ein-generationenprojekt-bauernzeitung-vom-24-oktober-2023\/#breadcrumb"},"inLanguage":"fr-FR","potentialAction":[{"@type":"ReadAction","target":["https:\/\/permakultur-landwirtschaft.org\/das-agroforstsystem-ist-ein-generationenprojekt-bauernzeitung-vom-24-oktober-2023\/"]}]},{"@type":"ImageObject","inLanguage":"fr-FR","@id":"https:\/\/permakultur-landwirtschaft.org\/das-agroforstsystem-ist-ein-generationenprojekt-bauernzeitung-vom-24-oktober-2023\/#primaryimage","url":"https:\/\/permakultur-landwirtschaft.org\/wp-content\/uploads\/2023\/10\/20231025_Bauernzeitung_Husmatt_Foto_Betschart.jpg","contentUrl":"https:\/\/permakultur-landwirtschaft.org\/wp-content\/uploads\/2023\/10\/20231025_Bauernzeitung_Husmatt_Foto_Betschart.jpg","width":700,"height":438,"caption":"Bild: Reto Betschart"},{"@type":"BreadcrumbList","@id":"https:\/\/permakultur-landwirtschaft.org\/das-agroforstsystem-ist-ein-generationenprojekt-bauernzeitung-vom-24-oktober-2023\/#breadcrumb","itemListElement":[{"@type":"ListItem","position":1,"name":"Startseite","item":"https:\/\/permakultur-landwirtschaft.org\/"},{"@type":"ListItem","position":2,"name":"Das Agroforstsystem ist ein Generationenprojekt &#8211; BauernZeitung vom 24. Oktober 2023"}]},{"@type":"WebSite","@id":"https:\/\/permakultur-landwirtschaft.org\/#website","url":"https:\/\/permakultur-landwirtschaft.org\/","name":"Permakultur-Landwirtschaft","description":"F\u00f6rderung der Permakultur in der Landwirtschaft","publisher":{"@id":"https:\/\/permakultur-landwirtschaft.org\/#organization"},"potentialAction":[{"@type":"SearchAction","target":{"@type":"EntryPoint","urlTemplate":"https:\/\/permakultur-landwirtschaft.org\/?s={search_term_string}"},"query-input":{"@type":"PropertyValueSpecification","valueRequired":true,"valueName":"search_term_string"}}],"inLanguage":"fr-FR"},{"@type":"Organization","@id":"https:\/\/permakultur-landwirtschaft.org\/#organization","name":"Permakultur-Landwirtschaft","alternateName":"Verein Permakultur-Landwirtschaft","url":"https:\/\/permakultur-landwirtschaft.org\/","logo":{"@type":"ImageObject","inLanguage":"fr-FR","@id":"https:\/\/permakultur-landwirtschaft.org\/#\/schema\/logo\/image\/","url":"https:\/\/permakultur-landwirtschaft.org\/wp-content\/uploads\/2021\/11\/pela_1268x1269.png","contentUrl":"https:\/\/permakultur-landwirtschaft.org\/wp-content\/uploads\/2021\/11\/pela_1268x1269.png","width":1298,"height":1269,"caption":"Permakultur-Landwirtschaft"},"image":{"@id":"https:\/\/permakultur-landwirtschaft.org\/#\/schema\/logo\/image\/"},"sameAs":["https:\/\/www.facebook.com\/PermakulturLandwirtschaft","https:\/\/www.instagram.com\/permakultur_landwirtschaft\/","https:\/\/www.flickr.com\/photos\/permakultur-landwirtschaft","https:\/\/www.youtube.com\/@PermakulturLandwirtschaft"]},{"@type":"Person","@id":"https:\/\/permakultur-landwirtschaft.org\/#\/schema\/person\/6b0467872f75aed3e144093f9bf4f0b0","name":"adrian reutimann","url":"https:\/\/permakultur-landwirtschaft.org\/fr\/author\/reutiadr\/"}]}},"_links":{"self":[{"href":"https:\/\/permakultur-landwirtschaft.org\/fr\/wp-json\/wp\/v2\/posts\/32916","targetHints":{"allow":["GET"]}}],"collection":[{"href":"https:\/\/permakultur-landwirtschaft.org\/fr\/wp-json\/wp\/v2\/posts"}],"about":[{"href":"https:\/\/permakultur-landwirtschaft.org\/fr\/wp-json\/wp\/v2\/types\/post"}],"author":[{"embeddable":true,"href":"https:\/\/permakultur-landwirtschaft.org\/fr\/wp-json\/wp\/v2\/users\/2"}],"replies":[{"embeddable":true,"href":"https:\/\/permakultur-landwirtschaft.org\/fr\/wp-json\/wp\/v2\/comments?post=32916"}],"version-history":[{"count":3,"href":"https:\/\/permakultur-landwirtschaft.org\/fr\/wp-json\/wp\/v2\/posts\/32916\/revisions"}],"predecessor-version":[{"id":32928,"href":"https:\/\/permakultur-landwirtschaft.org\/fr\/wp-json\/wp\/v2\/posts\/32916\/revisions\/32928"}],"wp:featuredmedia":[{"embeddable":true,"href":"https:\/\/permakultur-landwirtschaft.org\/fr\/wp-json\/wp\/v2\/media\/32917"}],"wp:attachment":[{"href":"https:\/\/permakultur-landwirtschaft.org\/fr\/wp-json\/wp\/v2\/media?parent=32916"}],"wp:term":[{"taxonomy":"category","embeddable":true,"href":"https:\/\/permakultur-landwirtschaft.org\/fr\/wp-json\/wp\/v2\/categories?post=32916"},{"taxonomy":"post_tag","embeddable":true,"href":"https:\/\/permakultur-landwirtschaft.org\/fr\/wp-json\/wp\/v2\/tags?post=32916"}],"curies":[{"name":"wp","href":"https:\/\/api.w.org\/{rel}","templated":true}]}}