{"id":32883,"date":"2023-10-21T09:46:00","date_gmt":"2023-10-21T07:46:00","guid":{"rendered":"https:\/\/permakultur-landwirtschaft.org\/?p=32883"},"modified":"2023-10-24T09:51:12","modified_gmt":"2023-10-24T07:51:12","slug":"vegetationsreiche-landschaften-kuehlen-sofort-und-spuerbar-beitrag-vom-21-oktober-2023","status":"publish","type":"post","link":"https:\/\/permakultur-landwirtschaft.org\/fr\/vegetationsreiche-landschaften-kuehlen-sofort-und-spuerbar-beitrag-vom-21-oktober-2023\/","title":{"rendered":"Vegetationsreiche Landschaften k\u00fchlen &#8211; sofort und sp\u00fcrbar &#8211; Beitrag vom 21. Oktober 2023"},"content":{"rendered":"<p>Text von regenerativ.ch:<\/p>\n\n\n\n<p>Das Treibhausgas Kohlenstoffdioxid und seine \u00abKyoto-Protokoll-Kollegen\u00bb Methan, Lachgas &amp; Co. seien DIE Ursache der Klimaderegulierung und -erw\u00e4rmung &#8211; so behauptet es zumindest prominent das Intergovermental Panel on Climate Change IPCC.<\/p>\n\n\n\n<p>Diese Gase (nennen wir sie hier der Einfachheit halber einfach \u00abCO2\u00bb) seien daher auch DIE Verursacher deren immer gravierender auftretenden Symptome wie Trockenperioden, D\u00fcrren, \u00dcberschwemmungen und Br\u00e4nde.<\/p>\n\n\n\n<p>Ist diese uns so penetrant vor die Nase gef\u00fchrte CO2-Problematik die gesamte Story?<\/p>\n\n\n\n<p><a href=\"https:\/\/www.regenerativ.ch\/post\/vegetationsreiche-landschaften-k\u00fchlen-sofort-und-sp\u00fcrbar\" target=\"_blank\" rel=\"noreferrer noopener\">Link zum Beitrag bei Regenerativ Schweiz<\/a><\/p>","protected":false},"excerpt":{"rendered":"<p>Text von regenerativ.ch: Das Treibhausgas Kohlenstoffdioxid und seine \u00abKyoto-Protokoll-Kollegen\u00bb Methan, Lachgas &amp; Co. seien DIE Ursache der Klimaderegulierung und -erw\u00e4rmung &#8211; so behauptet es zumindest prominent das Intergovermental Panel on Climate Change IPCC. Diese Gase (nennen wir sie hier der Einfachheit halber einfach \u00abCO2\u00bb) seien daher auch DIE Verursacher deren immer gravierender auftretenden Symptome wie [&hellip;]<\/p>\n","protected":false},"author":2,"featured_media":32885,"comment_status":"closed","ping_status":"closed","sticky":false,"template":"","format":"standard","meta":{"_acf_changed":false,"site-sidebar-layout":"default","site-content-layout":"","ast-site-content-layout":"default","site-content-style":"default","site-sidebar-style":"default","ast-global-header-display":"","ast-banner-title-visibility":"","ast-main-header-display":"","ast-hfb-above-header-display":"","ast-hfb-below-header-display":"","ast-hfb-mobile-header-display":"","site-post-title":"","ast-breadcrumbs-content":"","ast-featured-img":"","footer-sml-layout":"","ast-disable-related-posts":"","theme-transparent-header-meta":"","adv-header-id-meta":"","stick-header-meta":"","header-above-stick-meta":"","header-main-stick-meta":"","header-below-stick-meta":"","astra-migrate-meta-layouts":"set","ast-page-background-enabled":"default","ast-page-background-meta":{"desktop":{"background-color":"var(--ast-global-color-4)","background-image":"","background-repeat":"repeat","background-position":"center center","background-size":"auto","background-attachment":"scroll","background-type":"","background-media":"","overlay-type":"","overlay-color":"","overlay-opacity":"","overlay-gradient":""},"tablet":{"background-color":"","background-image":"","background-repeat":"repeat","background-position":"center center","background-size":"auto","background-attachment":"scroll","background-type":"","background-media":"","overlay-type":"","overlay-color":"","overlay-opacity":"","overlay-gradient":""},"mobile":{"background-color":"","background-image":"","background-repeat":"repeat","background-position":"center center","background-size":"auto","background-attachment":"scroll","background-type":"","background-media":"","overlay-type":"","overlay-color":"","overlay-opacity":"","overlay-gradient":""}},"ast-content-background-meta":{"desktop":{"background-color":"var(--ast-global-color-5)","background-image":"","background-repeat":"repeat","background-position":"center center","background-size":"auto","background-attachment":"scroll","background-type":"","background-media":"","overlay-type":"","overlay-color":"","overlay-opacity":"","overlay-gradient":""},"tablet":{"background-color":"var(--ast-global-color-5)","background-image":"","background-repeat":"repeat","background-position":"center center","background-size":"auto","background-attachment":"scroll","background-type":"","background-media":"","overlay-type":"","overlay-color":"","overlay-opacity":"","overlay-gradient":""},"mobile":{"background-color":"var(--ast-global-color-5)","background-image":"","background-repeat":"repeat","background-position":"center center","background-size":"auto","background-attachment":"scroll","background-type":"","background-media":"","overlay-type":"","overlay-color":"","overlay-opacity":"","overlay-gradient":""}},"footnotes":""},"categories":[22],"tags":[164,157,88,163],"class_list":["post-32883","post","type-post","status-publish","format-standard","has-post-thumbnail","hentry","category-neuigkeit","tag-co2","tag-klima","tag-regenerativ","tag-wasser"],"acf":[],"yoast_head":"<!-- This site is optimized with the Yoast SEO plugin v27.5 - https:\/\/yoast.com\/product\/yoast-seo-wordpress\/ -->\n<title>Vegetationsreiche Landschaften k\u00fchlen - sofort und sp\u00fcrbar - Beitrag vom 21. Oktober 2023 - Permakultur-Landwirtschaft<\/title>\n<meta name=\"robots\" content=\"index, follow, max-snippet:-1, max-image-preview:large, max-video-preview:-1\" \/>\n<link rel=\"canonical\" href=\"https:\/\/permakultur-landwirtschaft.org\/fr\/vegetationsreiche-landschaften-kuehlen-sofort-und-spuerbar-beitrag-vom-21-oktober-2023\/\" \/>\n<meta property=\"og:locale\" content=\"fr_FR\" \/>\n<meta property=\"og:type\" content=\"article\" \/>\n<meta property=\"og:title\" content=\"Vegetationsreiche Landschaften k\u00fchlen - sofort und sp\u00fcrbar - Beitrag vom 21. Oktober 2023 - Permakultur-Landwirtschaft\" \/>\n<meta property=\"og:description\" content=\"Text von regenerativ.ch: Das Treibhausgas Kohlenstoffdioxid und seine \u00abKyoto-Protokoll-Kollegen\u00bb Methan, Lachgas &amp; Co. seien DIE Ursache der Klimaderegulierung und -erw\u00e4rmung &#8211; so behauptet es zumindest prominent das Intergovermental Panel on Climate Change IPCC. Diese Gase (nennen wir sie hier der Einfachheit halber einfach \u00abCO2\u00bb) seien daher auch DIE Verursacher deren immer gravierender auftretenden Symptome wie [&hellip;]\" \/>\n<meta property=\"og:url\" content=\"https:\/\/permakultur-landwirtschaft.org\/fr\/vegetationsreiche-landschaften-kuehlen-sofort-und-spuerbar-beitrag-vom-21-oktober-2023\/\" \/>\n<meta property=\"og:site_name\" content=\"Permakultur-Landwirtschaft\" \/>\n<meta property=\"article:publisher\" content=\"https:\/\/www.facebook.com\/PermakulturLandwirtschaft\" \/>\n<meta property=\"article:published_time\" content=\"2023-10-21T07:46:00+00:00\" \/>\n<meta property=\"article:modified_time\" content=\"2023-10-24T07:51:12+00:00\" \/>\n<meta property=\"og:image\" content=\"https:\/\/permakultur-landwirtschaft.org\/wp-content\/uploads\/2023\/10\/katzhof_wasserkultur_50ea49_cae7cb744530485097bdf9027ceecf19mv2.jpg\" \/>\n\t<meta property=\"og:image:width\" content=\"700\" \/>\n\t<meta property=\"og:image:height\" content=\"395\" \/>\n\t<meta property=\"og:image:type\" content=\"image\/jpeg\" \/>\n<meta name=\"author\" content=\"adrian reutimann\" \/>\n<meta name=\"twitter:card\" content=\"summary_large_image\" \/>\n<meta name=\"twitter:label1\" content=\"\u00c9crit par\" \/>\n\t<meta name=\"twitter:data1\" content=\"adrian reutimann\" \/>\n\t<meta name=\"twitter:label2\" content=\"Dur\u00e9e de lecture estim\u00e9e\" \/>\n\t<meta name=\"twitter:data2\" content=\"1 minute\" \/>\n<script type=\"application\/ld+json\" class=\"yoast-schema-graph\">{\"@context\":\"https:\\\/\\\/schema.org\",\"@graph\":[{\"@type\":\"Article\",\"@id\":\"https:\\\/\\\/permakultur-landwirtschaft.org\\\/vegetationsreiche-landschaften-kuehlen-sofort-und-spuerbar-beitrag-vom-21-oktober-2023\\\/#article\",\"isPartOf\":{\"@id\":\"https:\\\/\\\/permakultur-landwirtschaft.org\\\/vegetationsreiche-landschaften-kuehlen-sofort-und-spuerbar-beitrag-vom-21-oktober-2023\\\/\"},\"author\":{\"name\":\"adrian reutimann\",\"@id\":\"https:\\\/\\\/permakultur-landwirtschaft.org\\\/#\\\/schema\\\/person\\\/6b0467872f75aed3e144093f9bf4f0b0\"},\"headline\":\"Vegetationsreiche Landschaften k\u00fchlen &#8211; sofort und sp\u00fcrbar &#8211; Beitrag vom 21. Oktober 2023\",\"datePublished\":\"2023-10-21T07:46:00+00:00\",\"dateModified\":\"2023-10-24T07:51:12+00:00\",\"mainEntityOfPage\":{\"@id\":\"https:\\\/\\\/permakultur-landwirtschaft.org\\\/vegetationsreiche-landschaften-kuehlen-sofort-und-spuerbar-beitrag-vom-21-oktober-2023\\\/\"},\"wordCount\":98,\"publisher\":{\"@id\":\"https:\\\/\\\/permakultur-landwirtschaft.org\\\/#organization\"},\"image\":{\"@id\":\"https:\\\/\\\/permakultur-landwirtschaft.org\\\/vegetationsreiche-landschaften-kuehlen-sofort-und-spuerbar-beitrag-vom-21-oktober-2023\\\/#primaryimage\"},\"thumbnailUrl\":\"https:\\\/\\\/permakultur-landwirtschaft.org\\\/wp-content\\\/uploads\\\/2023\\\/10\\\/katzhof_wasserkultur_50ea49_cae7cb744530485097bdf9027ceecf19mv2.jpg\",\"keywords\":[\"CO2\",\"Klima\",\"Regenerativ\",\"Wasser\"],\"articleSection\":[\"Neuigkeit\"],\"inLanguage\":\"fr-FR\"},{\"@type\":\"WebPage\",\"@id\":\"https:\\\/\\\/permakultur-landwirtschaft.org\\\/vegetationsreiche-landschaften-kuehlen-sofort-und-spuerbar-beitrag-vom-21-oktober-2023\\\/\",\"url\":\"https:\\\/\\\/permakultur-landwirtschaft.org\\\/vegetationsreiche-landschaften-kuehlen-sofort-und-spuerbar-beitrag-vom-21-oktober-2023\\\/\",\"name\":\"Vegetationsreiche Landschaften k\u00fchlen - sofort und sp\u00fcrbar - Beitrag vom 21. Oktober 2023 - Permakultur-Landwirtschaft\",\"isPartOf\":{\"@id\":\"https:\\\/\\\/permakultur-landwirtschaft.org\\\/#website\"},\"primaryImageOfPage\":{\"@id\":\"https:\\\/\\\/permakultur-landwirtschaft.org\\\/vegetationsreiche-landschaften-kuehlen-sofort-und-spuerbar-beitrag-vom-21-oktober-2023\\\/#primaryimage\"},\"image\":{\"@id\":\"https:\\\/\\\/permakultur-landwirtschaft.org\\\/vegetationsreiche-landschaften-kuehlen-sofort-und-spuerbar-beitrag-vom-21-oktober-2023\\\/#primaryimage\"},\"thumbnailUrl\":\"https:\\\/\\\/permakultur-landwirtschaft.org\\\/wp-content\\\/uploads\\\/2023\\\/10\\\/katzhof_wasserkultur_50ea49_cae7cb744530485097bdf9027ceecf19mv2.jpg\",\"datePublished\":\"2023-10-21T07:46:00+00:00\",\"dateModified\":\"2023-10-24T07:51:12+00:00\",\"breadcrumb\":{\"@id\":\"https:\\\/\\\/permakultur-landwirtschaft.org\\\/vegetationsreiche-landschaften-kuehlen-sofort-und-spuerbar-beitrag-vom-21-oktober-2023\\\/#breadcrumb\"},\"inLanguage\":\"fr-FR\",\"potentialAction\":[{\"@type\":\"ReadAction\",\"target\":[\"https:\\\/\\\/permakultur-landwirtschaft.org\\\/vegetationsreiche-landschaften-kuehlen-sofort-und-spuerbar-beitrag-vom-21-oktober-2023\\\/\"]}]},{\"@type\":\"ImageObject\",\"inLanguage\":\"fr-FR\",\"@id\":\"https:\\\/\\\/permakultur-landwirtschaft.org\\\/vegetationsreiche-landschaften-kuehlen-sofort-und-spuerbar-beitrag-vom-21-oktober-2023\\\/#primaryimage\",\"url\":\"https:\\\/\\\/permakultur-landwirtschaft.org\\\/wp-content\\\/uploads\\\/2023\\\/10\\\/katzhof_wasserkultur_50ea49_cae7cb744530485097bdf9027ceecf19mv2.jpg\",\"contentUrl\":\"https:\\\/\\\/permakultur-landwirtschaft.org\\\/wp-content\\\/uploads\\\/2023\\\/10\\\/katzhof_wasserkultur_50ea49_cae7cb744530485097bdf9027ceecf19mv2.jpg\",\"width\":700,\"height\":395,\"caption\":\"Bild: wasserkultur.ch\"},{\"@type\":\"BreadcrumbList\",\"@id\":\"https:\\\/\\\/permakultur-landwirtschaft.org\\\/vegetationsreiche-landschaften-kuehlen-sofort-und-spuerbar-beitrag-vom-21-oktober-2023\\\/#breadcrumb\",\"itemListElement\":[{\"@type\":\"ListItem\",\"position\":1,\"name\":\"Startseite\",\"item\":\"https:\\\/\\\/permakultur-landwirtschaft.org\\\/\"},{\"@type\":\"ListItem\",\"position\":2,\"name\":\"Vegetationsreiche Landschaften k\u00fchlen &#8211; sofort und sp\u00fcrbar &#8211; Beitrag vom 21. Oktober 2023\"}]},{\"@type\":\"WebSite\",\"@id\":\"https:\\\/\\\/permakultur-landwirtschaft.org\\\/#website\",\"url\":\"https:\\\/\\\/permakultur-landwirtschaft.org\\\/\",\"name\":\"Permakultur-Landwirtschaft\",\"description\":\"F\u00f6rderung der Permakultur in der Landwirtschaft\",\"publisher\":{\"@id\":\"https:\\\/\\\/permakultur-landwirtschaft.org\\\/#organization\"},\"potentialAction\":[{\"@type\":\"SearchAction\",\"target\":{\"@type\":\"EntryPoint\",\"urlTemplate\":\"https:\\\/\\\/permakultur-landwirtschaft.org\\\/?s={search_term_string}\"},\"query-input\":{\"@type\":\"PropertyValueSpecification\",\"valueRequired\":true,\"valueName\":\"search_term_string\"}}],\"inLanguage\":\"fr-FR\"},{\"@type\":\"Organization\",\"@id\":\"https:\\\/\\\/permakultur-landwirtschaft.org\\\/#organization\",\"name\":\"Permakultur-Landwirtschaft\",\"alternateName\":\"Verein Permakultur-Landwirtschaft\",\"url\":\"https:\\\/\\\/permakultur-landwirtschaft.org\\\/\",\"logo\":{\"@type\":\"ImageObject\",\"inLanguage\":\"fr-FR\",\"@id\":\"https:\\\/\\\/permakultur-landwirtschaft.org\\\/#\\\/schema\\\/logo\\\/image\\\/\",\"url\":\"https:\\\/\\\/permakultur-landwirtschaft.org\\\/wp-content\\\/uploads\\\/2021\\\/11\\\/pela_1268x1269.png\",\"contentUrl\":\"https:\\\/\\\/permakultur-landwirtschaft.org\\\/wp-content\\\/uploads\\\/2021\\\/11\\\/pela_1268x1269.png\",\"width\":1298,\"height\":1269,\"caption\":\"Permakultur-Landwirtschaft\"},\"image\":{\"@id\":\"https:\\\/\\\/permakultur-landwirtschaft.org\\\/#\\\/schema\\\/logo\\\/image\\\/\"},\"sameAs\":[\"https:\\\/\\\/www.facebook.com\\\/PermakulturLandwirtschaft\",\"https:\\\/\\\/www.instagram.com\\\/permakultur_landwirtschaft\\\/\",\"https:\\\/\\\/www.flickr.com\\\/photos\\\/permakultur-landwirtschaft\",\"https:\\\/\\\/www.youtube.com\\\/@PermakulturLandwirtschaft\"]},{\"@type\":\"Person\",\"@id\":\"https:\\\/\\\/permakultur-landwirtschaft.org\\\/#\\\/schema\\\/person\\\/6b0467872f75aed3e144093f9bf4f0b0\",\"name\":\"adrian reutimann\",\"url\":\"https:\\\/\\\/permakultur-landwirtschaft.org\\\/fr\\\/author\\\/reutiadr\\\/\"}]}<\/script>\n<!-- \/ Yoast SEO plugin. -->","yoast_head_json":{"title":"Vegetationsreiche Landschaften k\u00fchlen - sofort und sp\u00fcrbar - Beitrag vom 21. Oktober 2023 - Permakultur-Landwirtschaft","robots":{"index":"index","follow":"follow","max-snippet":"max-snippet:-1","max-image-preview":"max-image-preview:large","max-video-preview":"max-video-preview:-1"},"canonical":"https:\/\/permakultur-landwirtschaft.org\/fr\/vegetationsreiche-landschaften-kuehlen-sofort-und-spuerbar-beitrag-vom-21-oktober-2023\/","og_locale":"fr_FR","og_type":"article","og_title":"Vegetationsreiche Landschaften k\u00fchlen - sofort und sp\u00fcrbar - Beitrag vom 21. Oktober 2023 - Permakultur-Landwirtschaft","og_description":"Text von regenerativ.ch: Das Treibhausgas Kohlenstoffdioxid und seine \u00abKyoto-Protokoll-Kollegen\u00bb Methan, Lachgas &amp; Co. seien DIE Ursache der Klimaderegulierung und -erw\u00e4rmung &#8211; so behauptet es zumindest prominent das Intergovermental Panel on Climate Change IPCC. Diese Gase (nennen wir sie hier der Einfachheit halber einfach \u00abCO2\u00bb) seien daher auch DIE Verursacher deren immer gravierender auftretenden Symptome wie [&hellip;]","og_url":"https:\/\/permakultur-landwirtschaft.org\/fr\/vegetationsreiche-landschaften-kuehlen-sofort-und-spuerbar-beitrag-vom-21-oktober-2023\/","og_site_name":"Permakultur-Landwirtschaft","article_publisher":"https:\/\/www.facebook.com\/PermakulturLandwirtschaft","article_published_time":"2023-10-21T07:46:00+00:00","article_modified_time":"2023-10-24T07:51:12+00:00","og_image":[{"width":700,"height":395,"url":"https:\/\/permakultur-landwirtschaft.org\/wp-content\/uploads\/2023\/10\/katzhof_wasserkultur_50ea49_cae7cb744530485097bdf9027ceecf19mv2.jpg","type":"image\/jpeg"}],"author":"adrian reutimann","twitter_card":"summary_large_image","twitter_misc":{"\u00c9crit par":"adrian reutimann","Dur\u00e9e de lecture estim\u00e9e":"1 minute"},"schema":{"@context":"https:\/\/schema.org","@graph":[{"@type":"Article","@id":"https:\/\/permakultur-landwirtschaft.org\/vegetationsreiche-landschaften-kuehlen-sofort-und-spuerbar-beitrag-vom-21-oktober-2023\/#article","isPartOf":{"@id":"https:\/\/permakultur-landwirtschaft.org\/vegetationsreiche-landschaften-kuehlen-sofort-und-spuerbar-beitrag-vom-21-oktober-2023\/"},"author":{"name":"adrian reutimann","@id":"https:\/\/permakultur-landwirtschaft.org\/#\/schema\/person\/6b0467872f75aed3e144093f9bf4f0b0"},"headline":"Vegetationsreiche Landschaften k\u00fchlen &#8211; sofort und sp\u00fcrbar &#8211; Beitrag vom 21. Oktober 2023","datePublished":"2023-10-21T07:46:00+00:00","dateModified":"2023-10-24T07:51:12+00:00","mainEntityOfPage":{"@id":"https:\/\/permakultur-landwirtschaft.org\/vegetationsreiche-landschaften-kuehlen-sofort-und-spuerbar-beitrag-vom-21-oktober-2023\/"},"wordCount":98,"publisher":{"@id":"https:\/\/permakultur-landwirtschaft.org\/#organization"},"image":{"@id":"https:\/\/permakultur-landwirtschaft.org\/vegetationsreiche-landschaften-kuehlen-sofort-und-spuerbar-beitrag-vom-21-oktober-2023\/#primaryimage"},"thumbnailUrl":"https:\/\/permakultur-landwirtschaft.org\/wp-content\/uploads\/2023\/10\/katzhof_wasserkultur_50ea49_cae7cb744530485097bdf9027ceecf19mv2.jpg","keywords":["CO2","Klima","Regenerativ","Wasser"],"articleSection":["Neuigkeit"],"inLanguage":"fr-FR"},{"@type":"WebPage","@id":"https:\/\/permakultur-landwirtschaft.org\/vegetationsreiche-landschaften-kuehlen-sofort-und-spuerbar-beitrag-vom-21-oktober-2023\/","url":"https:\/\/permakultur-landwirtschaft.org\/vegetationsreiche-landschaften-kuehlen-sofort-und-spuerbar-beitrag-vom-21-oktober-2023\/","name":"Vegetationsreiche Landschaften k\u00fchlen - sofort und sp\u00fcrbar - Beitrag vom 21. Oktober 2023 - Permakultur-Landwirtschaft","isPartOf":{"@id":"https:\/\/permakultur-landwirtschaft.org\/#website"},"primaryImageOfPage":{"@id":"https:\/\/permakultur-landwirtschaft.org\/vegetationsreiche-landschaften-kuehlen-sofort-und-spuerbar-beitrag-vom-21-oktober-2023\/#primaryimage"},"image":{"@id":"https:\/\/permakultur-landwirtschaft.org\/vegetationsreiche-landschaften-kuehlen-sofort-und-spuerbar-beitrag-vom-21-oktober-2023\/#primaryimage"},"thumbnailUrl":"https:\/\/permakultur-landwirtschaft.org\/wp-content\/uploads\/2023\/10\/katzhof_wasserkultur_50ea49_cae7cb744530485097bdf9027ceecf19mv2.jpg","datePublished":"2023-10-21T07:46:00+00:00","dateModified":"2023-10-24T07:51:12+00:00","breadcrumb":{"@id":"https:\/\/permakultur-landwirtschaft.org\/vegetationsreiche-landschaften-kuehlen-sofort-und-spuerbar-beitrag-vom-21-oktober-2023\/#breadcrumb"},"inLanguage":"fr-FR","potentialAction":[{"@type":"ReadAction","target":["https:\/\/permakultur-landwirtschaft.org\/vegetationsreiche-landschaften-kuehlen-sofort-und-spuerbar-beitrag-vom-21-oktober-2023\/"]}]},{"@type":"ImageObject","inLanguage":"fr-FR","@id":"https:\/\/permakultur-landwirtschaft.org\/vegetationsreiche-landschaften-kuehlen-sofort-und-spuerbar-beitrag-vom-21-oktober-2023\/#primaryimage","url":"https:\/\/permakultur-landwirtschaft.org\/wp-content\/uploads\/2023\/10\/katzhof_wasserkultur_50ea49_cae7cb744530485097bdf9027ceecf19mv2.jpg","contentUrl":"https:\/\/permakultur-landwirtschaft.org\/wp-content\/uploads\/2023\/10\/katzhof_wasserkultur_50ea49_cae7cb744530485097bdf9027ceecf19mv2.jpg","width":700,"height":395,"caption":"Bild: wasserkultur.ch"},{"@type":"BreadcrumbList","@id":"https:\/\/permakultur-landwirtschaft.org\/vegetationsreiche-landschaften-kuehlen-sofort-und-spuerbar-beitrag-vom-21-oktober-2023\/#breadcrumb","itemListElement":[{"@type":"ListItem","position":1,"name":"Startseite","item":"https:\/\/permakultur-landwirtschaft.org\/"},{"@type":"ListItem","position":2,"name":"Vegetationsreiche Landschaften k\u00fchlen &#8211; sofort und sp\u00fcrbar &#8211; Beitrag vom 21. Oktober 2023"}]},{"@type":"WebSite","@id":"https:\/\/permakultur-landwirtschaft.org\/#website","url":"https:\/\/permakultur-landwirtschaft.org\/","name":"Permakultur-Landwirtschaft","description":"F\u00f6rderung der Permakultur in der Landwirtschaft","publisher":{"@id":"https:\/\/permakultur-landwirtschaft.org\/#organization"},"potentialAction":[{"@type":"SearchAction","target":{"@type":"EntryPoint","urlTemplate":"https:\/\/permakultur-landwirtschaft.org\/?s={search_term_string}"},"query-input":{"@type":"PropertyValueSpecification","valueRequired":true,"valueName":"search_term_string"}}],"inLanguage":"fr-FR"},{"@type":"Organization","@id":"https:\/\/permakultur-landwirtschaft.org\/#organization","name":"Permakultur-Landwirtschaft","alternateName":"Verein Permakultur-Landwirtschaft","url":"https:\/\/permakultur-landwirtschaft.org\/","logo":{"@type":"ImageObject","inLanguage":"fr-FR","@id":"https:\/\/permakultur-landwirtschaft.org\/#\/schema\/logo\/image\/","url":"https:\/\/permakultur-landwirtschaft.org\/wp-content\/uploads\/2021\/11\/pela_1268x1269.png","contentUrl":"https:\/\/permakultur-landwirtschaft.org\/wp-content\/uploads\/2021\/11\/pela_1268x1269.png","width":1298,"height":1269,"caption":"Permakultur-Landwirtschaft"},"image":{"@id":"https:\/\/permakultur-landwirtschaft.org\/#\/schema\/logo\/image\/"},"sameAs":["https:\/\/www.facebook.com\/PermakulturLandwirtschaft","https:\/\/www.instagram.com\/permakultur_landwirtschaft\/","https:\/\/www.flickr.com\/photos\/permakultur-landwirtschaft","https:\/\/www.youtube.com\/@PermakulturLandwirtschaft"]},{"@type":"Person","@id":"https:\/\/permakultur-landwirtschaft.org\/#\/schema\/person\/6b0467872f75aed3e144093f9bf4f0b0","name":"adrian reutimann","url":"https:\/\/permakultur-landwirtschaft.org\/fr\/author\/reutiadr\/"}]}},"_links":{"self":[{"href":"https:\/\/permakultur-landwirtschaft.org\/fr\/wp-json\/wp\/v2\/posts\/32883","targetHints":{"allow":["GET"]}}],"collection":[{"href":"https:\/\/permakultur-landwirtschaft.org\/fr\/wp-json\/wp\/v2\/posts"}],"about":[{"href":"https:\/\/permakultur-landwirtschaft.org\/fr\/wp-json\/wp\/v2\/types\/post"}],"author":[{"embeddable":true,"href":"https:\/\/permakultur-landwirtschaft.org\/fr\/wp-json\/wp\/v2\/users\/2"}],"replies":[{"embeddable":true,"href":"https:\/\/permakultur-landwirtschaft.org\/fr\/wp-json\/wp\/v2\/comments?post=32883"}],"version-history":[{"count":1,"href":"https:\/\/permakultur-landwirtschaft.org\/fr\/wp-json\/wp\/v2\/posts\/32883\/revisions"}],"predecessor-version":[{"id":32886,"href":"https:\/\/permakultur-landwirtschaft.org\/fr\/wp-json\/wp\/v2\/posts\/32883\/revisions\/32886"}],"wp:featuredmedia":[{"embeddable":true,"href":"https:\/\/permakultur-landwirtschaft.org\/fr\/wp-json\/wp\/v2\/media\/32885"}],"wp:attachment":[{"href":"https:\/\/permakultur-landwirtschaft.org\/fr\/wp-json\/wp\/v2\/media?parent=32883"}],"wp:term":[{"taxonomy":"category","embeddable":true,"href":"https:\/\/permakultur-landwirtschaft.org\/fr\/wp-json\/wp\/v2\/categories?post=32883"},{"taxonomy":"post_tag","embeddable":true,"href":"https:\/\/permakultur-landwirtschaft.org\/fr\/wp-json\/wp\/v2\/tags?post=32883"}],"curies":[{"name":"wp","href":"https:\/\/api.w.org\/{rel}","templated":true}]}}