{"id":32362,"date":"2023-10-14T15:03:00","date_gmt":"2023-10-14T13:03:00","guid":{"rendered":"https:\/\/permakultur-landwirtschaft.org\/?p=32362"},"modified":"2023-10-18T15:22:52","modified_gmt":"2023-10-18T13:22:52","slug":"faire-preise-und-direkte-vermarktung-in-der-landwirtschaft-austausch-und-vernetzung-am-14-oktober-2023","status":"publish","type":"post","link":"https:\/\/permakultur-landwirtschaft.org\/fr\/faire-preise-und-direkte-vermarktung-in-der-landwirtschaft-austausch-und-vernetzung-am-14-oktober-2023\/","title":{"rendered":"Faire Preise und direkte Vermarktung in der Landwirtschaft &#8211; Austausch und Vernetzung am 14. Oktober 2023"},"content":{"rendered":"<p>Text von agroecologyworks.ch:<\/p>\n\n\n\n<p>Faire Preise und direkte Vermarktung in der Landwirtschaft: Was bedeuten faire Preise? Wie ist es zu dieser Situation gekommen, in der Druck auf die Landwirt:innen ausge\u00fcbt wird? Gibt es (dauerhafte) Alternativen, Tricks, No-Gos f\u00fcr den Direktverkauf? Wie kann mensch f\u00fcr die Konsument:innen interessant wirken? Wir m\u00f6chten einen Raum f\u00fcr Austausch, Ideen, Vernetzung bez\u00fcglich diesen Fragen (und mehr!) anbieten und dazu einen tollen Tag zusammen verbringen.<\/p>\n\n\n\n<p><strong>Programm des Tages<\/strong><br>10:00 &#8211; 10:30 Willkommen und Einleitung<br>10:30 &#8211; 12:30 moderierte Diskussion mit folgenden Themen : direkte Vermarktung, Sensibilisierung, Kommunikation<br>12:30 &#8211; 14:30 Mittagessen oder Picknick<br>14:30 &#8211; 16:30 Atelier Uniterre &#8211; Faire Preise<br>16:30 &#8211; 17:00 Fazit<\/p>\n\n\n\n<p>Diese Veranstaltung ist f\u00fcr alle offen, Produzent:innen, Konsument:innen, interessierte Personnen usw. Wir freuen uns auf eine offene und vielf\u00e4ltige Diskussion!<\/p>\n\n\n\n<p>Es wird ein Mittagessen (Preis 15 CHF) mit Gem\u00fcsen vom Hof (Bio, Vegan) gemacht. Wer m\u00f6chte, kann sein eigenes Picknick mitbringen.<br>Bitte gebt bei der Anmeldung an, ob ihr f\u00fcrs Mittagessen dabei seid sowie Namen und Organisation (wenn m\u00f6glich), sodass wir uns optimal vorbereiten k\u00f6nnen.<\/p>\n\n\n\n<h3 class=\"wp-block-heading\">Date<\/h3>\n\n\n\n<p>14. Oktober 2023, 10:00 &#8211; 17:00<\/p>\n\n\n\n<h3 class=\"wp-block-heading\">Lieu<\/h3>\n\n\n\n<p>Murtenstrasse 37<br>3206 Wallenbuch FR<\/p>\n\n\n\n<p><a href=\"http:\/\/agroecologyworks.ch\/de\/tage-der-agraroekologie\/2023\/events\/faire-preise-und-direkte-vermarktung-in-der-landwirtschaft-austausch-und-vernetzung\" target=\"_blank\" rel=\"noreferrer noopener\">Mehr Infos und Anmeldung<\/a><\/p>\n\n\n\n<p><a href=\"https:\/\/www.tapatate.ch\" target=\"_blank\" rel=\"noreferrer noopener\">Link zu TaPaTaTe<\/a><\/p>","protected":false},"excerpt":{"rendered":"<p>Text von agroecologyworks.ch: Faire Preise und direkte Vermarktung in der Landwirtschaft: Was bedeuten faire Preise? Wie ist es zu dieser Situation gekommen, in der Druck auf die Landwirt:innen ausge\u00fcbt wird? Gibt es (dauerhafte) Alternativen, Tricks, No-Gos f\u00fcr den Direktverkauf? Wie kann mensch f\u00fcr die Konsument:innen interessant wirken? Wir m\u00f6chten einen Raum f\u00fcr Austausch, Ideen, Vernetzung [&hellip;]<\/p>\n","protected":false},"author":2,"featured_media":32363,"comment_status":"closed","ping_status":"closed","sticky":false,"template":"","format":"standard","meta":{"_acf_changed":false,"site-sidebar-layout":"default","site-content-layout":"","ast-site-content-layout":"default","site-content-style":"default","site-sidebar-style":"default","ast-global-header-display":"","ast-banner-title-visibility":"","ast-main-header-display":"","ast-hfb-above-header-display":"","ast-hfb-below-header-display":"","ast-hfb-mobile-header-display":"","site-post-title":"","ast-breadcrumbs-content":"","ast-featured-img":"","footer-sml-layout":"","ast-disable-related-posts":"","theme-transparent-header-meta":"","adv-header-id-meta":"","stick-header-meta":"","header-above-stick-meta":"","header-main-stick-meta":"","header-below-stick-meta":"","astra-migrate-meta-layouts":"set","ast-page-background-enabled":"default","ast-page-background-meta":{"desktop":{"background-color":"var(--ast-global-color-4)","background-image":"","background-repeat":"repeat","background-position":"center center","background-size":"auto","background-attachment":"scroll","background-type":"","background-media":"","overlay-type":"","overlay-color":"","overlay-opacity":"","overlay-gradient":""},"tablet":{"background-color":"","background-image":"","background-repeat":"repeat","background-position":"center center","background-size":"auto","background-attachment":"scroll","background-type":"","background-media":"","overlay-type":"","overlay-color":"","overlay-opacity":"","overlay-gradient":""},"mobile":{"background-color":"","background-image":"","background-repeat":"repeat","background-position":"center center","background-size":"auto","background-attachment":"scroll","background-type":"","background-media":"","overlay-type":"","overlay-color":"","overlay-opacity":"","overlay-gradient":""}},"ast-content-background-meta":{"desktop":{"background-color":"var(--ast-global-color-5)","background-image":"","background-repeat":"repeat","background-position":"center center","background-size":"auto","background-attachment":"scroll","background-type":"","background-media":"","overlay-type":"","overlay-color":"","overlay-opacity":"","overlay-gradient":""},"tablet":{"background-color":"var(--ast-global-color-5)","background-image":"","background-repeat":"repeat","background-position":"center center","background-size":"auto","background-attachment":"scroll","background-type":"","background-media":"","overlay-type":"","overlay-color":"","overlay-opacity":"","overlay-gradient":""},"mobile":{"background-color":"var(--ast-global-color-5)","background-image":"","background-repeat":"repeat","background-position":"center center","background-size":"auto","background-attachment":"scroll","background-type":"","background-media":"","overlay-type":"","overlay-color":"","overlay-opacity":"","overlay-gradient":""}},"footnotes":""},"categories":[14],"tags":[145,150,149],"class_list":["post-32362","post","type-post","status-publish","format-standard","has-post-thumbnail","hentry","category-veranstaltung","tag-austausch","tag-preise","tag-vermarktung"],"acf":[],"yoast_head":"<!-- This site is optimized with the Yoast SEO plugin v27.5 - https:\/\/yoast.com\/product\/yoast-seo-wordpress\/ -->\n<title>Faire Preise und direkte Vermarktung in der Landwirtschaft - Austausch und Vernetzung am 14. Oktober 2023 - Permakultur-Landwirtschaft<\/title>\n<meta name=\"robots\" content=\"index, follow, max-snippet:-1, max-image-preview:large, max-video-preview:-1\" \/>\n<link rel=\"canonical\" href=\"https:\/\/permakultur-landwirtschaft.org\/fr\/faire-preise-und-direkte-vermarktung-in-der-landwirtschaft-austausch-und-vernetzung-am-14-oktober-2023\/\" \/>\n<meta property=\"og:locale\" content=\"fr_FR\" \/>\n<meta property=\"og:type\" content=\"article\" \/>\n<meta property=\"og:title\" content=\"Faire Preise und direkte Vermarktung in der Landwirtschaft - Austausch und Vernetzung am 14. Oktober 2023 - Permakultur-Landwirtschaft\" \/>\n<meta property=\"og:description\" content=\"Text von agroecologyworks.ch: Faire Preise und direkte Vermarktung in der Landwirtschaft: Was bedeuten faire Preise? Wie ist es zu dieser Situation gekommen, in der Druck auf die Landwirt:innen ausge\u00fcbt wird? Gibt es (dauerhafte) Alternativen, Tricks, No-Gos f\u00fcr den Direktverkauf? Wie kann mensch f\u00fcr die Konsument:innen interessant wirken? Wir m\u00f6chten einen Raum f\u00fcr Austausch, Ideen, Vernetzung [&hellip;]\" \/>\n<meta property=\"og:url\" content=\"https:\/\/permakultur-landwirtschaft.org\/fr\/faire-preise-und-direkte-vermarktung-in-der-landwirtschaft-austausch-und-vernetzung-am-14-oktober-2023\/\" \/>\n<meta property=\"og:site_name\" content=\"Permakultur-Landwirtschaft\" \/>\n<meta property=\"article:publisher\" content=\"https:\/\/www.facebook.com\/PermakulturLandwirtschaft\" \/>\n<meta property=\"article:published_time\" content=\"2023-10-14T13:03:00+00:00\" \/>\n<meta property=\"article:modified_time\" content=\"2023-10-18T13:22:52+00:00\" \/>\n<meta property=\"og:image\" content=\"https:\/\/permakultur-landwirtschaft.org\/wp-content\/uploads\/2023\/10\/2023_tapatate_faire_preise_img-4310.jpg\" \/>\n\t<meta property=\"og:image:width\" content=\"700\" \/>\n\t<meta property=\"og:image:height\" content=\"525\" \/>\n\t<meta property=\"og:image:type\" content=\"image\/jpeg\" \/>\n<meta name=\"author\" content=\"adrian reutimann\" \/>\n<meta name=\"twitter:card\" content=\"summary_large_image\" \/>\n<meta name=\"twitter:label1\" content=\"\u00c9crit par\" \/>\n\t<meta name=\"twitter:data1\" content=\"adrian reutimann\" \/>\n\t<meta name=\"twitter:label2\" content=\"Dur\u00e9e de lecture estim\u00e9e\" \/>\n\t<meta name=\"twitter:data2\" content=\"2 minutes\" \/>\n<script type=\"application\/ld+json\" class=\"yoast-schema-graph\">{\"@context\":\"https:\\\/\\\/schema.org\",\"@graph\":[{\"@type\":\"Article\",\"@id\":\"https:\\\/\\\/permakultur-landwirtschaft.org\\\/faire-preise-und-direkte-vermarktung-in-der-landwirtschaft-austausch-und-vernetzung-am-14-oktober-2023\\\/#article\",\"isPartOf\":{\"@id\":\"https:\\\/\\\/permakultur-landwirtschaft.org\\\/faire-preise-und-direkte-vermarktung-in-der-landwirtschaft-austausch-und-vernetzung-am-14-oktober-2023\\\/\"},\"author\":{\"name\":\"adrian reutimann\",\"@id\":\"https:\\\/\\\/permakultur-landwirtschaft.org\\\/#\\\/schema\\\/person\\\/6b0467872f75aed3e144093f9bf4f0b0\"},\"headline\":\"Faire Preise und direkte Vermarktung in der Landwirtschaft &#8211; Austausch und Vernetzung am 14. Oktober 2023\",\"datePublished\":\"2023-10-14T13:03:00+00:00\",\"dateModified\":\"2023-10-18T13:22:52+00:00\",\"mainEntityOfPage\":{\"@id\":\"https:\\\/\\\/permakultur-landwirtschaft.org\\\/faire-preise-und-direkte-vermarktung-in-der-landwirtschaft-austausch-und-vernetzung-am-14-oktober-2023\\\/\"},\"wordCount\":207,\"publisher\":{\"@id\":\"https:\\\/\\\/permakultur-landwirtschaft.org\\\/#organization\"},\"image\":{\"@id\":\"https:\\\/\\\/permakultur-landwirtschaft.org\\\/faire-preise-und-direkte-vermarktung-in-der-landwirtschaft-austausch-und-vernetzung-am-14-oktober-2023\\\/#primaryimage\"},\"thumbnailUrl\":\"https:\\\/\\\/permakultur-landwirtschaft.org\\\/wp-content\\\/uploads\\\/2023\\\/10\\\/2023_tapatate_faire_preise_img-4310.jpg\",\"keywords\":[\"Austausch\",\"Preise\",\"Vermarktung\"],\"articleSection\":[\"Veranstaltung\"],\"inLanguage\":\"fr-FR\"},{\"@type\":\"WebPage\",\"@id\":\"https:\\\/\\\/permakultur-landwirtschaft.org\\\/faire-preise-und-direkte-vermarktung-in-der-landwirtschaft-austausch-und-vernetzung-am-14-oktober-2023\\\/\",\"url\":\"https:\\\/\\\/permakultur-landwirtschaft.org\\\/faire-preise-und-direkte-vermarktung-in-der-landwirtschaft-austausch-und-vernetzung-am-14-oktober-2023\\\/\",\"name\":\"Faire Preise und direkte Vermarktung in der Landwirtschaft - Austausch und Vernetzung am 14. Oktober 2023 - Permakultur-Landwirtschaft\",\"isPartOf\":{\"@id\":\"https:\\\/\\\/permakultur-landwirtschaft.org\\\/#website\"},\"primaryImageOfPage\":{\"@id\":\"https:\\\/\\\/permakultur-landwirtschaft.org\\\/faire-preise-und-direkte-vermarktung-in-der-landwirtschaft-austausch-und-vernetzung-am-14-oktober-2023\\\/#primaryimage\"},\"image\":{\"@id\":\"https:\\\/\\\/permakultur-landwirtschaft.org\\\/faire-preise-und-direkte-vermarktung-in-der-landwirtschaft-austausch-und-vernetzung-am-14-oktober-2023\\\/#primaryimage\"},\"thumbnailUrl\":\"https:\\\/\\\/permakultur-landwirtschaft.org\\\/wp-content\\\/uploads\\\/2023\\\/10\\\/2023_tapatate_faire_preise_img-4310.jpg\",\"datePublished\":\"2023-10-14T13:03:00+00:00\",\"dateModified\":\"2023-10-18T13:22:52+00:00\",\"breadcrumb\":{\"@id\":\"https:\\\/\\\/permakultur-landwirtschaft.org\\\/faire-preise-und-direkte-vermarktung-in-der-landwirtschaft-austausch-und-vernetzung-am-14-oktober-2023\\\/#breadcrumb\"},\"inLanguage\":\"fr-FR\",\"potentialAction\":[{\"@type\":\"ReadAction\",\"target\":[\"https:\\\/\\\/permakultur-landwirtschaft.org\\\/faire-preise-und-direkte-vermarktung-in-der-landwirtschaft-austausch-und-vernetzung-am-14-oktober-2023\\\/\"]}]},{\"@type\":\"ImageObject\",\"inLanguage\":\"fr-FR\",\"@id\":\"https:\\\/\\\/permakultur-landwirtschaft.org\\\/faire-preise-und-direkte-vermarktung-in-der-landwirtschaft-austausch-und-vernetzung-am-14-oktober-2023\\\/#primaryimage\",\"url\":\"https:\\\/\\\/permakultur-landwirtschaft.org\\\/wp-content\\\/uploads\\\/2023\\\/10\\\/2023_tapatate_faire_preise_img-4310.jpg\",\"contentUrl\":\"https:\\\/\\\/permakultur-landwirtschaft.org\\\/wp-content\\\/uploads\\\/2023\\\/10\\\/2023_tapatate_faire_preise_img-4310.jpg\",\"width\":700,\"height\":525,\"caption\":\"Bild: agroecologyworks.ch\"},{\"@type\":\"BreadcrumbList\",\"@id\":\"https:\\\/\\\/permakultur-landwirtschaft.org\\\/faire-preise-und-direkte-vermarktung-in-der-landwirtschaft-austausch-und-vernetzung-am-14-oktober-2023\\\/#breadcrumb\",\"itemListElement\":[{\"@type\":\"ListItem\",\"position\":1,\"name\":\"Startseite\",\"item\":\"https:\\\/\\\/permakultur-landwirtschaft.org\\\/\"},{\"@type\":\"ListItem\",\"position\":2,\"name\":\"Faire Preise und direkte Vermarktung in der Landwirtschaft &#8211; Austausch und Vernetzung am 14. Oktober 2023\"}]},{\"@type\":\"WebSite\",\"@id\":\"https:\\\/\\\/permakultur-landwirtschaft.org\\\/#website\",\"url\":\"https:\\\/\\\/permakultur-landwirtschaft.org\\\/\",\"name\":\"Permakultur-Landwirtschaft\",\"description\":\"F\u00f6rderung der Permakultur in der Landwirtschaft\",\"publisher\":{\"@id\":\"https:\\\/\\\/permakultur-landwirtschaft.org\\\/#organization\"},\"potentialAction\":[{\"@type\":\"SearchAction\",\"target\":{\"@type\":\"EntryPoint\",\"urlTemplate\":\"https:\\\/\\\/permakultur-landwirtschaft.org\\\/?s={search_term_string}\"},\"query-input\":{\"@type\":\"PropertyValueSpecification\",\"valueRequired\":true,\"valueName\":\"search_term_string\"}}],\"inLanguage\":\"fr-FR\"},{\"@type\":\"Organization\",\"@id\":\"https:\\\/\\\/permakultur-landwirtschaft.org\\\/#organization\",\"name\":\"Permakultur-Landwirtschaft\",\"alternateName\":\"Verein Permakultur-Landwirtschaft\",\"url\":\"https:\\\/\\\/permakultur-landwirtschaft.org\\\/\",\"logo\":{\"@type\":\"ImageObject\",\"inLanguage\":\"fr-FR\",\"@id\":\"https:\\\/\\\/permakultur-landwirtschaft.org\\\/#\\\/schema\\\/logo\\\/image\\\/\",\"url\":\"https:\\\/\\\/permakultur-landwirtschaft.org\\\/wp-content\\\/uploads\\\/2021\\\/11\\\/pela_1268x1269.png\",\"contentUrl\":\"https:\\\/\\\/permakultur-landwirtschaft.org\\\/wp-content\\\/uploads\\\/2021\\\/11\\\/pela_1268x1269.png\",\"width\":1298,\"height\":1269,\"caption\":\"Permakultur-Landwirtschaft\"},\"image\":{\"@id\":\"https:\\\/\\\/permakultur-landwirtschaft.org\\\/#\\\/schema\\\/logo\\\/image\\\/\"},\"sameAs\":[\"https:\\\/\\\/www.facebook.com\\\/PermakulturLandwirtschaft\",\"https:\\\/\\\/www.instagram.com\\\/permakultur_landwirtschaft\\\/\",\"https:\\\/\\\/www.flickr.com\\\/photos\\\/permakultur-landwirtschaft\",\"https:\\\/\\\/www.youtube.com\\\/@PermakulturLandwirtschaft\"]},{\"@type\":\"Person\",\"@id\":\"https:\\\/\\\/permakultur-landwirtschaft.org\\\/#\\\/schema\\\/person\\\/6b0467872f75aed3e144093f9bf4f0b0\",\"name\":\"adrian reutimann\",\"url\":\"https:\\\/\\\/permakultur-landwirtschaft.org\\\/fr\\\/author\\\/reutiadr\\\/\"}]}<\/script>\n<!-- \/ Yoast SEO plugin. -->","yoast_head_json":{"title":"Faire Preise und direkte Vermarktung in der Landwirtschaft - Austausch und Vernetzung am 14. Oktober 2023 - Permakultur-Landwirtschaft","robots":{"index":"index","follow":"follow","max-snippet":"max-snippet:-1","max-image-preview":"max-image-preview:large","max-video-preview":"max-video-preview:-1"},"canonical":"https:\/\/permakultur-landwirtschaft.org\/fr\/faire-preise-und-direkte-vermarktung-in-der-landwirtschaft-austausch-und-vernetzung-am-14-oktober-2023\/","og_locale":"fr_FR","og_type":"article","og_title":"Faire Preise und direkte Vermarktung in der Landwirtschaft - Austausch und Vernetzung am 14. Oktober 2023 - Permakultur-Landwirtschaft","og_description":"Text von agroecologyworks.ch: Faire Preise und direkte Vermarktung in der Landwirtschaft: Was bedeuten faire Preise? Wie ist es zu dieser Situation gekommen, in der Druck auf die Landwirt:innen ausge\u00fcbt wird? Gibt es (dauerhafte) Alternativen, Tricks, No-Gos f\u00fcr den Direktverkauf? Wie kann mensch f\u00fcr die Konsument:innen interessant wirken? Wir m\u00f6chten einen Raum f\u00fcr Austausch, Ideen, Vernetzung [&hellip;]","og_url":"https:\/\/permakultur-landwirtschaft.org\/fr\/faire-preise-und-direkte-vermarktung-in-der-landwirtschaft-austausch-und-vernetzung-am-14-oktober-2023\/","og_site_name":"Permakultur-Landwirtschaft","article_publisher":"https:\/\/www.facebook.com\/PermakulturLandwirtschaft","article_published_time":"2023-10-14T13:03:00+00:00","article_modified_time":"2023-10-18T13:22:52+00:00","og_image":[{"width":700,"height":525,"url":"https:\/\/permakultur-landwirtschaft.org\/wp-content\/uploads\/2023\/10\/2023_tapatate_faire_preise_img-4310.jpg","type":"image\/jpeg"}],"author":"adrian reutimann","twitter_card":"summary_large_image","twitter_misc":{"\u00c9crit par":"adrian reutimann","Dur\u00e9e de lecture estim\u00e9e":"2 minutes"},"schema":{"@context":"https:\/\/schema.org","@graph":[{"@type":"Article","@id":"https:\/\/permakultur-landwirtschaft.org\/faire-preise-und-direkte-vermarktung-in-der-landwirtschaft-austausch-und-vernetzung-am-14-oktober-2023\/#article","isPartOf":{"@id":"https:\/\/permakultur-landwirtschaft.org\/faire-preise-und-direkte-vermarktung-in-der-landwirtschaft-austausch-und-vernetzung-am-14-oktober-2023\/"},"author":{"name":"adrian reutimann","@id":"https:\/\/permakultur-landwirtschaft.org\/#\/schema\/person\/6b0467872f75aed3e144093f9bf4f0b0"},"headline":"Faire Preise und direkte Vermarktung in der Landwirtschaft &#8211; Austausch und Vernetzung am 14. Oktober 2023","datePublished":"2023-10-14T13:03:00+00:00","dateModified":"2023-10-18T13:22:52+00:00","mainEntityOfPage":{"@id":"https:\/\/permakultur-landwirtschaft.org\/faire-preise-und-direkte-vermarktung-in-der-landwirtschaft-austausch-und-vernetzung-am-14-oktober-2023\/"},"wordCount":207,"publisher":{"@id":"https:\/\/permakultur-landwirtschaft.org\/#organization"},"image":{"@id":"https:\/\/permakultur-landwirtschaft.org\/faire-preise-und-direkte-vermarktung-in-der-landwirtschaft-austausch-und-vernetzung-am-14-oktober-2023\/#primaryimage"},"thumbnailUrl":"https:\/\/permakultur-landwirtschaft.org\/wp-content\/uploads\/2023\/10\/2023_tapatate_faire_preise_img-4310.jpg","keywords":["Austausch","Preise","Vermarktung"],"articleSection":["Veranstaltung"],"inLanguage":"fr-FR"},{"@type":"WebPage","@id":"https:\/\/permakultur-landwirtschaft.org\/faire-preise-und-direkte-vermarktung-in-der-landwirtschaft-austausch-und-vernetzung-am-14-oktober-2023\/","url":"https:\/\/permakultur-landwirtschaft.org\/faire-preise-und-direkte-vermarktung-in-der-landwirtschaft-austausch-und-vernetzung-am-14-oktober-2023\/","name":"Faire Preise und direkte Vermarktung in der Landwirtschaft - Austausch und Vernetzung am 14. Oktober 2023 - Permakultur-Landwirtschaft","isPartOf":{"@id":"https:\/\/permakultur-landwirtschaft.org\/#website"},"primaryImageOfPage":{"@id":"https:\/\/permakultur-landwirtschaft.org\/faire-preise-und-direkte-vermarktung-in-der-landwirtschaft-austausch-und-vernetzung-am-14-oktober-2023\/#primaryimage"},"image":{"@id":"https:\/\/permakultur-landwirtschaft.org\/faire-preise-und-direkte-vermarktung-in-der-landwirtschaft-austausch-und-vernetzung-am-14-oktober-2023\/#primaryimage"},"thumbnailUrl":"https:\/\/permakultur-landwirtschaft.org\/wp-content\/uploads\/2023\/10\/2023_tapatate_faire_preise_img-4310.jpg","datePublished":"2023-10-14T13:03:00+00:00","dateModified":"2023-10-18T13:22:52+00:00","breadcrumb":{"@id":"https:\/\/permakultur-landwirtschaft.org\/faire-preise-und-direkte-vermarktung-in-der-landwirtschaft-austausch-und-vernetzung-am-14-oktober-2023\/#breadcrumb"},"inLanguage":"fr-FR","potentialAction":[{"@type":"ReadAction","target":["https:\/\/permakultur-landwirtschaft.org\/faire-preise-und-direkte-vermarktung-in-der-landwirtschaft-austausch-und-vernetzung-am-14-oktober-2023\/"]}]},{"@type":"ImageObject","inLanguage":"fr-FR","@id":"https:\/\/permakultur-landwirtschaft.org\/faire-preise-und-direkte-vermarktung-in-der-landwirtschaft-austausch-und-vernetzung-am-14-oktober-2023\/#primaryimage","url":"https:\/\/permakultur-landwirtschaft.org\/wp-content\/uploads\/2023\/10\/2023_tapatate_faire_preise_img-4310.jpg","contentUrl":"https:\/\/permakultur-landwirtschaft.org\/wp-content\/uploads\/2023\/10\/2023_tapatate_faire_preise_img-4310.jpg","width":700,"height":525,"caption":"Bild: agroecologyworks.ch"},{"@type":"BreadcrumbList","@id":"https:\/\/permakultur-landwirtschaft.org\/faire-preise-und-direkte-vermarktung-in-der-landwirtschaft-austausch-und-vernetzung-am-14-oktober-2023\/#breadcrumb","itemListElement":[{"@type":"ListItem","position":1,"name":"Startseite","item":"https:\/\/permakultur-landwirtschaft.org\/"},{"@type":"ListItem","position":2,"name":"Faire Preise und direkte Vermarktung in der Landwirtschaft &#8211; Austausch und Vernetzung am 14. Oktober 2023"}]},{"@type":"WebSite","@id":"https:\/\/permakultur-landwirtschaft.org\/#website","url":"https:\/\/permakultur-landwirtschaft.org\/","name":"Permakultur-Landwirtschaft","description":"F\u00f6rderung der Permakultur in der Landwirtschaft","publisher":{"@id":"https:\/\/permakultur-landwirtschaft.org\/#organization"},"potentialAction":[{"@type":"SearchAction","target":{"@type":"EntryPoint","urlTemplate":"https:\/\/permakultur-landwirtschaft.org\/?s={search_term_string}"},"query-input":{"@type":"PropertyValueSpecification","valueRequired":true,"valueName":"search_term_string"}}],"inLanguage":"fr-FR"},{"@type":"Organization","@id":"https:\/\/permakultur-landwirtschaft.org\/#organization","name":"Permakultur-Landwirtschaft","alternateName":"Verein Permakultur-Landwirtschaft","url":"https:\/\/permakultur-landwirtschaft.org\/","logo":{"@type":"ImageObject","inLanguage":"fr-FR","@id":"https:\/\/permakultur-landwirtschaft.org\/#\/schema\/logo\/image\/","url":"https:\/\/permakultur-landwirtschaft.org\/wp-content\/uploads\/2021\/11\/pela_1268x1269.png","contentUrl":"https:\/\/permakultur-landwirtschaft.org\/wp-content\/uploads\/2021\/11\/pela_1268x1269.png","width":1298,"height":1269,"caption":"Permakultur-Landwirtschaft"},"image":{"@id":"https:\/\/permakultur-landwirtschaft.org\/#\/schema\/logo\/image\/"},"sameAs":["https:\/\/www.facebook.com\/PermakulturLandwirtschaft","https:\/\/www.instagram.com\/permakultur_landwirtschaft\/","https:\/\/www.flickr.com\/photos\/permakultur-landwirtschaft","https:\/\/www.youtube.com\/@PermakulturLandwirtschaft"]},{"@type":"Person","@id":"https:\/\/permakultur-landwirtschaft.org\/#\/schema\/person\/6b0467872f75aed3e144093f9bf4f0b0","name":"adrian reutimann","url":"https:\/\/permakultur-landwirtschaft.org\/fr\/author\/reutiadr\/"}]}},"_links":{"self":[{"href":"https:\/\/permakultur-landwirtschaft.org\/fr\/wp-json\/wp\/v2\/posts\/32362","targetHints":{"allow":["GET"]}}],"collection":[{"href":"https:\/\/permakultur-landwirtschaft.org\/fr\/wp-json\/wp\/v2\/posts"}],"about":[{"href":"https:\/\/permakultur-landwirtschaft.org\/fr\/wp-json\/wp\/v2\/types\/post"}],"author":[{"embeddable":true,"href":"https:\/\/permakultur-landwirtschaft.org\/fr\/wp-json\/wp\/v2\/users\/2"}],"replies":[{"embeddable":true,"href":"https:\/\/permakultur-landwirtschaft.org\/fr\/wp-json\/wp\/v2\/comments?post=32362"}],"version-history":[{"count":2,"href":"https:\/\/permakultur-landwirtschaft.org\/fr\/wp-json\/wp\/v2\/posts\/32362\/revisions"}],"predecessor-version":[{"id":32567,"href":"https:\/\/permakultur-landwirtschaft.org\/fr\/wp-json\/wp\/v2\/posts\/32362\/revisions\/32567"}],"wp:featuredmedia":[{"embeddable":true,"href":"https:\/\/permakultur-landwirtschaft.org\/fr\/wp-json\/wp\/v2\/media\/32363"}],"wp:attachment":[{"href":"https:\/\/permakultur-landwirtschaft.org\/fr\/wp-json\/wp\/v2\/media?parent=32362"}],"wp:term":[{"taxonomy":"category","embeddable":true,"href":"https:\/\/permakultur-landwirtschaft.org\/fr\/wp-json\/wp\/v2\/categories?post=32362"},{"taxonomy":"post_tag","embeddable":true,"href":"https:\/\/permakultur-landwirtschaft.org\/fr\/wp-json\/wp\/v2\/tags?post=32362"}],"curies":[{"name":"wp","href":"https:\/\/api.w.org\/{rel}","templated":true}]}}