{"id":32355,"date":"2023-06-14T09:21:00","date_gmt":"2023-06-14T07:21:00","guid":{"rendered":"https:\/\/permakultur-landwirtschaft.org\/?p=32355"},"modified":"2023-10-18T15:25:45","modified_gmt":"2023-10-18T13:25:45","slug":"hoefe-neu-gedacht-erfahrungsaustausch-ueber-direktvermarktung-am-23-oktober-2023","status":"publish","type":"post","link":"https:\/\/permakultur-landwirtschaft.org\/fr\/hoefe-neu-gedacht-erfahrungsaustausch-ueber-direktvermarktung-am-23-oktober-2023\/","title":{"rendered":"H\u00f6fe neu gedacht: Erfahrungsaustausch \u00fcber Direktvermarktung am 23. Oktober 2023"},"content":{"rendered":"<p>Text von agroecologyworks.ch:<\/p>\n\n\n\n<p>Direktvermarktung bietet Landwirtinnen und Landwirten die Chance auf h\u00f6here Margen und den direkten Kontakt zur lokalen Bev\u00f6lkerung. Doch die Umstellung auf neue Betriebskonzepte kann eine Herausforderung sein. Aus diesem Grund m\u00f6chten wir mit diesem Event Inspiration vermitteln. Engagierte Betriebsleitende werden ihre pers\u00f6nlichen Erfahrungen teilen. Dabei setzen sich alle Betriebe f\u00fcr regeneratives Wirtschaften vom Boden bis zur Endkonsument ein, und beziehen dabei die Konsumierenden mit ein.<\/p>\n\n\n\n<p>Die vorgestellten Betriebe sind:<\/p>\n\n\n\n<ul class=\"wp-block-list\">\n<li>Markus Bernhardsgr\u00fctter, Biohof M\u00e4dertal. <br>Der regenerative Betrieb hat ein umfassendes Konzept f\u00fcr sein Gem\u00fcseabo entwickelt, dass sie gerne mit anderen Betrieben teilen. Alle Produkte des Betriebs und seinen Partner wird \u00fcber die SaisonBox zu den Konsumierenden nach Hause geliefert. <\/li>\n\n\n\n<li>Markus Bucher und Franziska Kuratli, Farngut. <br>Weg vom Detailhandel, hin zur Direktvermarktung &#8211; das Farngut befindet sich mitten in diesem Prozess und erz\u00e4hlt von seinen Erfahrungen und Herausforderungen. Parallel dazu ver\u00e4ndert sich das Anbausystem in Richtung Naturparit\u00e4t. Wo lange Zeit der Knoblauch das Markenzeichen des Betriebs war, ist es heute die Vielf\u00e4ltigkeit der Weg zu neuen Anbau- und Vermarktungssystemen. <\/li>\n\n\n\n<li>Kathrin Lenz, Hof Hegisau. <br>Der Betrieb stellt sein flexibles Abo-System sowie die lokale Kooperation kauflokal mit diversen Produzierenden vor. Bei kauflokal k\u00f6nnen Kunden online bestellen und in einem gemeinsamen Dorf-Depot die Produkte abholen.<\/li>\n<\/ul>\n\n\n\n<p>Die Veranstaltung wird gemeinsam von der Stiftung Biovision und der Plattform Regenerativ Schweiz organisiert. Biovision m\u00f6chte mit dem Projekt \u00abBeispiele f\u00fcr ein nachhaltiges Ern\u00e4hrungssystem\u00bb den Mut und die Innovationskraft von agrar\u00f6kologischen Pionierinnen und Pioniere sichtbar machen. Regenerativ Schweiz ist eine onlinebasierte Kommunikations-, Bildungs- und Beratungsplattform f\u00fcr regenerative Landwirtschaft.<\/p>\n\n\n\n<p>Die Veranstaltung ist offen f\u00fcr alle. Eine Anmeldung ist erw\u00fcnscht. Bei Fragen kontaktiert gerne s.amos@biovision.ch.<\/p>\n\n\n\n<h3 class=\"wp-block-heading\">Date<\/h3>\n\n\n\n<p>23. Oktober 2023, 19:15 &#8211; 21:00<\/p>\n\n\n\n<h3 class=\"wp-block-heading\">Lieu<\/h3>\n\n\n\n<p>online<\/p>\n\n\n\n<p><a href=\"http:\/\/agroecologyworks.ch\/de\/tage-der-agraroekologie\/2023\/events\/hoefe-neu-gedacht-erfahrungsaustausch-ueber-direktvermarktung\" target=\"_blank\" rel=\"noreferrer noopener\">Mehr Infos und Anmeldung<\/a><\/p>","protected":false},"excerpt":{"rendered":"<p>Text von agroecologyworks.ch: Direktvermarktung bietet Landwirtinnen und Landwirten die Chance auf h\u00f6here Margen und den direkten Kontakt zur lokalen Bev\u00f6lkerung. Doch die Umstellung auf neue Betriebskonzepte kann eine Herausforderung sein. Aus diesem Grund m\u00f6chten wir mit diesem Event Inspiration vermitteln. Engagierte Betriebsleitende werden ihre pers\u00f6nlichen Erfahrungen teilen. Dabei setzen sich alle Betriebe f\u00fcr regeneratives Wirtschaften [&hellip;]<\/p>\n","protected":false},"author":2,"featured_media":32356,"comment_status":"closed","ping_status":"closed","sticky":false,"template":"","format":"standard","meta":{"_acf_changed":false,"site-sidebar-layout":"default","site-content-layout":"","ast-site-content-layout":"default","site-content-style":"default","site-sidebar-style":"default","ast-global-header-display":"","ast-banner-title-visibility":"","ast-main-header-display":"","ast-hfb-above-header-display":"","ast-hfb-below-header-display":"","ast-hfb-mobile-header-display":"","site-post-title":"","ast-breadcrumbs-content":"","ast-featured-img":"","footer-sml-layout":"","ast-disable-related-posts":"","theme-transparent-header-meta":"","adv-header-id-meta":"","stick-header-meta":"","header-above-stick-meta":"","header-main-stick-meta":"","header-below-stick-meta":"","astra-migrate-meta-layouts":"set","ast-page-background-enabled":"default","ast-page-background-meta":{"desktop":{"background-color":"var(--ast-global-color-4)","background-image":"","background-repeat":"repeat","background-position":"center center","background-size":"auto","background-attachment":"scroll","background-type":"","background-media":"","overlay-type":"","overlay-color":"","overlay-opacity":"","overlay-gradient":""},"tablet":{"background-color":"","background-image":"","background-repeat":"repeat","background-position":"center center","background-size":"auto","background-attachment":"scroll","background-type":"","background-media":"","overlay-type":"","overlay-color":"","overlay-opacity":"","overlay-gradient":""},"mobile":{"background-color":"","background-image":"","background-repeat":"repeat","background-position":"center center","background-size":"auto","background-attachment":"scroll","background-type":"","background-media":"","overlay-type":"","overlay-color":"","overlay-opacity":"","overlay-gradient":""}},"ast-content-background-meta":{"desktop":{"background-color":"var(--ast-global-color-5)","background-image":"","background-repeat":"repeat","background-position":"center center","background-size":"auto","background-attachment":"scroll","background-type":"","background-media":"","overlay-type":"","overlay-color":"","overlay-opacity":"","overlay-gradient":""},"tablet":{"background-color":"var(--ast-global-color-5)","background-image":"","background-repeat":"repeat","background-position":"center center","background-size":"auto","background-attachment":"scroll","background-type":"","background-media":"","overlay-type":"","overlay-color":"","overlay-opacity":"","overlay-gradient":""},"mobile":{"background-color":"var(--ast-global-color-5)","background-image":"","background-repeat":"repeat","background-position":"center center","background-size":"auto","background-attachment":"scroll","background-type":"","background-media":"","overlay-type":"","overlay-color":"","overlay-opacity":"","overlay-gradient":""}},"footnotes":""},"categories":[14],"tags":[145,144],"class_list":["post-32355","post","type-post","status-publish","format-standard","has-post-thumbnail","hentry","category-veranstaltung","tag-austausch","tag-direktvermarktung"],"acf":[],"yoast_head":"<!-- This site is optimized with the Yoast SEO plugin v27.5 - https:\/\/yoast.com\/product\/yoast-seo-wordpress\/ -->\n<title>H\u00f6fe neu gedacht: Erfahrungsaustausch \u00fcber Direktvermarktung am 23. Oktober 2023 - Permakultur-Landwirtschaft<\/title>\n<meta name=\"robots\" content=\"index, follow, max-snippet:-1, max-image-preview:large, max-video-preview:-1\" \/>\n<link rel=\"canonical\" href=\"https:\/\/permakultur-landwirtschaft.org\/fr\/hoefe-neu-gedacht-erfahrungsaustausch-ueber-direktvermarktung-am-23-oktober-2023\/\" \/>\n<meta property=\"og:locale\" content=\"fr_FR\" \/>\n<meta property=\"og:type\" content=\"article\" \/>\n<meta property=\"og:title\" content=\"H\u00f6fe neu gedacht: Erfahrungsaustausch \u00fcber Direktvermarktung am 23. Oktober 2023 - Permakultur-Landwirtschaft\" \/>\n<meta property=\"og:description\" content=\"Text von agroecologyworks.ch: Direktvermarktung bietet Landwirtinnen und Landwirten die Chance auf h\u00f6here Margen und den direkten Kontakt zur lokalen Bev\u00f6lkerung. Doch die Umstellung auf neue Betriebskonzepte kann eine Herausforderung sein. Aus diesem Grund m\u00f6chten wir mit diesem Event Inspiration vermitteln. Engagierte Betriebsleitende werden ihre pers\u00f6nlichen Erfahrungen teilen. Dabei setzen sich alle Betriebe f\u00fcr regeneratives Wirtschaften [&hellip;]\" \/>\n<meta property=\"og:url\" content=\"https:\/\/permakultur-landwirtschaft.org\/fr\/hoefe-neu-gedacht-erfahrungsaustausch-ueber-direktvermarktung-am-23-oktober-2023\/\" \/>\n<meta property=\"og:site_name\" content=\"Permakultur-Landwirtschaft\" \/>\n<meta property=\"article:publisher\" content=\"https:\/\/www.facebook.com\/PermakulturLandwirtschaft\" \/>\n<meta property=\"article:published_time\" content=\"2023-06-14T07:21:00+00:00\" \/>\n<meta property=\"article:modified_time\" content=\"2023-10-18T13:25:45+00:00\" \/>\n<meta property=\"og:image\" content=\"https:\/\/permakultur-landwirtschaft.org\/wp-content\/uploads\/2023\/10\/202310_vermarkten_hofabo-1200x900-crop.jpg\" \/>\n\t<meta property=\"og:image:width\" content=\"700\" \/>\n\t<meta property=\"og:image:height\" content=\"525\" \/>\n\t<meta property=\"og:image:type\" content=\"image\/jpeg\" \/>\n<meta name=\"author\" content=\"adrian reutimann\" \/>\n<meta name=\"twitter:card\" content=\"summary_large_image\" \/>\n<meta name=\"twitter:label1\" content=\"\u00c9crit par\" \/>\n\t<meta name=\"twitter:data1\" content=\"adrian reutimann\" \/>\n\t<meta name=\"twitter:label2\" content=\"Dur\u00e9e de lecture estim\u00e9e\" \/>\n\t<meta name=\"twitter:data2\" content=\"2 minutes\" \/>\n<script type=\"application\/ld+json\" class=\"yoast-schema-graph\">{\"@context\":\"https:\\\/\\\/schema.org\",\"@graph\":[{\"@type\":\"Article\",\"@id\":\"https:\\\/\\\/permakultur-landwirtschaft.org\\\/hoefe-neu-gedacht-erfahrungsaustausch-ueber-direktvermarktung-am-23-oktober-2023\\\/#article\",\"isPartOf\":{\"@id\":\"https:\\\/\\\/permakultur-landwirtschaft.org\\\/hoefe-neu-gedacht-erfahrungsaustausch-ueber-direktvermarktung-am-23-oktober-2023\\\/\"},\"author\":{\"name\":\"adrian reutimann\",\"@id\":\"https:\\\/\\\/permakultur-landwirtschaft.org\\\/#\\\/schema\\\/person\\\/6b0467872f75aed3e144093f9bf4f0b0\"},\"headline\":\"H\u00f6fe neu gedacht: Erfahrungsaustausch \u00fcber Direktvermarktung am 23. Oktober 2023\",\"datePublished\":\"2023-06-14T07:21:00+00:00\",\"dateModified\":\"2023-10-18T13:25:45+00:00\",\"mainEntityOfPage\":{\"@id\":\"https:\\\/\\\/permakultur-landwirtschaft.org\\\/hoefe-neu-gedacht-erfahrungsaustausch-ueber-direktvermarktung-am-23-oktober-2023\\\/\"},\"wordCount\":309,\"publisher\":{\"@id\":\"https:\\\/\\\/permakultur-landwirtschaft.org\\\/#organization\"},\"image\":{\"@id\":\"https:\\\/\\\/permakultur-landwirtschaft.org\\\/hoefe-neu-gedacht-erfahrungsaustausch-ueber-direktvermarktung-am-23-oktober-2023\\\/#primaryimage\"},\"thumbnailUrl\":\"https:\\\/\\\/permakultur-landwirtschaft.org\\\/wp-content\\\/uploads\\\/2023\\\/10\\\/202310_vermarkten_hofabo-1200x900-crop.jpg\",\"keywords\":[\"Austausch\",\"Direktvermarktung\"],\"articleSection\":[\"Veranstaltung\"],\"inLanguage\":\"fr-FR\"},{\"@type\":\"WebPage\",\"@id\":\"https:\\\/\\\/permakultur-landwirtschaft.org\\\/hoefe-neu-gedacht-erfahrungsaustausch-ueber-direktvermarktung-am-23-oktober-2023\\\/\",\"url\":\"https:\\\/\\\/permakultur-landwirtschaft.org\\\/hoefe-neu-gedacht-erfahrungsaustausch-ueber-direktvermarktung-am-23-oktober-2023\\\/\",\"name\":\"H\u00f6fe neu gedacht: Erfahrungsaustausch \u00fcber Direktvermarktung am 23. Oktober 2023 - Permakultur-Landwirtschaft\",\"isPartOf\":{\"@id\":\"https:\\\/\\\/permakultur-landwirtschaft.org\\\/#website\"},\"primaryImageOfPage\":{\"@id\":\"https:\\\/\\\/permakultur-landwirtschaft.org\\\/hoefe-neu-gedacht-erfahrungsaustausch-ueber-direktvermarktung-am-23-oktober-2023\\\/#primaryimage\"},\"image\":{\"@id\":\"https:\\\/\\\/permakultur-landwirtschaft.org\\\/hoefe-neu-gedacht-erfahrungsaustausch-ueber-direktvermarktung-am-23-oktober-2023\\\/#primaryimage\"},\"thumbnailUrl\":\"https:\\\/\\\/permakultur-landwirtschaft.org\\\/wp-content\\\/uploads\\\/2023\\\/10\\\/202310_vermarkten_hofabo-1200x900-crop.jpg\",\"datePublished\":\"2023-06-14T07:21:00+00:00\",\"dateModified\":\"2023-10-18T13:25:45+00:00\",\"breadcrumb\":{\"@id\":\"https:\\\/\\\/permakultur-landwirtschaft.org\\\/hoefe-neu-gedacht-erfahrungsaustausch-ueber-direktvermarktung-am-23-oktober-2023\\\/#breadcrumb\"},\"inLanguage\":\"fr-FR\",\"potentialAction\":[{\"@type\":\"ReadAction\",\"target\":[\"https:\\\/\\\/permakultur-landwirtschaft.org\\\/hoefe-neu-gedacht-erfahrungsaustausch-ueber-direktvermarktung-am-23-oktober-2023\\\/\"]}]},{\"@type\":\"ImageObject\",\"inLanguage\":\"fr-FR\",\"@id\":\"https:\\\/\\\/permakultur-landwirtschaft.org\\\/hoefe-neu-gedacht-erfahrungsaustausch-ueber-direktvermarktung-am-23-oktober-2023\\\/#primaryimage\",\"url\":\"https:\\\/\\\/permakultur-landwirtschaft.org\\\/wp-content\\\/uploads\\\/2023\\\/10\\\/202310_vermarkten_hofabo-1200x900-crop.jpg\",\"contentUrl\":\"https:\\\/\\\/permakultur-landwirtschaft.org\\\/wp-content\\\/uploads\\\/2023\\\/10\\\/202310_vermarkten_hofabo-1200x900-crop.jpg\",\"width\":700,\"height\":525,\"caption\":\"Bild: agroecologyworks.ch\"},{\"@type\":\"BreadcrumbList\",\"@id\":\"https:\\\/\\\/permakultur-landwirtschaft.org\\\/hoefe-neu-gedacht-erfahrungsaustausch-ueber-direktvermarktung-am-23-oktober-2023\\\/#breadcrumb\",\"itemListElement\":[{\"@type\":\"ListItem\",\"position\":1,\"name\":\"Startseite\",\"item\":\"https:\\\/\\\/permakultur-landwirtschaft.org\\\/\"},{\"@type\":\"ListItem\",\"position\":2,\"name\":\"H\u00f6fe neu gedacht: Erfahrungsaustausch \u00fcber Direktvermarktung am 23. Oktober 2023\"}]},{\"@type\":\"WebSite\",\"@id\":\"https:\\\/\\\/permakultur-landwirtschaft.org\\\/#website\",\"url\":\"https:\\\/\\\/permakultur-landwirtschaft.org\\\/\",\"name\":\"Permakultur-Landwirtschaft\",\"description\":\"F\u00f6rderung der Permakultur in der Landwirtschaft\",\"publisher\":{\"@id\":\"https:\\\/\\\/permakultur-landwirtschaft.org\\\/#organization\"},\"potentialAction\":[{\"@type\":\"SearchAction\",\"target\":{\"@type\":\"EntryPoint\",\"urlTemplate\":\"https:\\\/\\\/permakultur-landwirtschaft.org\\\/?s={search_term_string}\"},\"query-input\":{\"@type\":\"PropertyValueSpecification\",\"valueRequired\":true,\"valueName\":\"search_term_string\"}}],\"inLanguage\":\"fr-FR\"},{\"@type\":\"Organization\",\"@id\":\"https:\\\/\\\/permakultur-landwirtschaft.org\\\/#organization\",\"name\":\"Permakultur-Landwirtschaft\",\"alternateName\":\"Verein Permakultur-Landwirtschaft\",\"url\":\"https:\\\/\\\/permakultur-landwirtschaft.org\\\/\",\"logo\":{\"@type\":\"ImageObject\",\"inLanguage\":\"fr-FR\",\"@id\":\"https:\\\/\\\/permakultur-landwirtschaft.org\\\/#\\\/schema\\\/logo\\\/image\\\/\",\"url\":\"https:\\\/\\\/permakultur-landwirtschaft.org\\\/wp-content\\\/uploads\\\/2021\\\/11\\\/pela_1268x1269.png\",\"contentUrl\":\"https:\\\/\\\/permakultur-landwirtschaft.org\\\/wp-content\\\/uploads\\\/2021\\\/11\\\/pela_1268x1269.png\",\"width\":1298,\"height\":1269,\"caption\":\"Permakultur-Landwirtschaft\"},\"image\":{\"@id\":\"https:\\\/\\\/permakultur-landwirtschaft.org\\\/#\\\/schema\\\/logo\\\/image\\\/\"},\"sameAs\":[\"https:\\\/\\\/www.facebook.com\\\/PermakulturLandwirtschaft\",\"https:\\\/\\\/www.instagram.com\\\/permakultur_landwirtschaft\\\/\",\"https:\\\/\\\/www.flickr.com\\\/photos\\\/permakultur-landwirtschaft\",\"https:\\\/\\\/www.youtube.com\\\/@PermakulturLandwirtschaft\"]},{\"@type\":\"Person\",\"@id\":\"https:\\\/\\\/permakultur-landwirtschaft.org\\\/#\\\/schema\\\/person\\\/6b0467872f75aed3e144093f9bf4f0b0\",\"name\":\"adrian reutimann\",\"url\":\"https:\\\/\\\/permakultur-landwirtschaft.org\\\/fr\\\/author\\\/reutiadr\\\/\"}]}<\/script>\n<!-- \/ Yoast SEO plugin. -->","yoast_head_json":{"title":"H\u00f6fe neu gedacht: Erfahrungsaustausch \u00fcber Direktvermarktung am 23. Oktober 2023 - Permakultur-Landwirtschaft","robots":{"index":"index","follow":"follow","max-snippet":"max-snippet:-1","max-image-preview":"max-image-preview:large","max-video-preview":"max-video-preview:-1"},"canonical":"https:\/\/permakultur-landwirtschaft.org\/fr\/hoefe-neu-gedacht-erfahrungsaustausch-ueber-direktvermarktung-am-23-oktober-2023\/","og_locale":"fr_FR","og_type":"article","og_title":"H\u00f6fe neu gedacht: Erfahrungsaustausch \u00fcber Direktvermarktung am 23. Oktober 2023 - Permakultur-Landwirtschaft","og_description":"Text von agroecologyworks.ch: Direktvermarktung bietet Landwirtinnen und Landwirten die Chance auf h\u00f6here Margen und den direkten Kontakt zur lokalen Bev\u00f6lkerung. Doch die Umstellung auf neue Betriebskonzepte kann eine Herausforderung sein. Aus diesem Grund m\u00f6chten wir mit diesem Event Inspiration vermitteln. Engagierte Betriebsleitende werden ihre pers\u00f6nlichen Erfahrungen teilen. Dabei setzen sich alle Betriebe f\u00fcr regeneratives Wirtschaften [&hellip;]","og_url":"https:\/\/permakultur-landwirtschaft.org\/fr\/hoefe-neu-gedacht-erfahrungsaustausch-ueber-direktvermarktung-am-23-oktober-2023\/","og_site_name":"Permakultur-Landwirtschaft","article_publisher":"https:\/\/www.facebook.com\/PermakulturLandwirtschaft","article_published_time":"2023-06-14T07:21:00+00:00","article_modified_time":"2023-10-18T13:25:45+00:00","og_image":[{"width":700,"height":525,"url":"https:\/\/permakultur-landwirtschaft.org\/wp-content\/uploads\/2023\/10\/202310_vermarkten_hofabo-1200x900-crop.jpg","type":"image\/jpeg"}],"author":"adrian reutimann","twitter_card":"summary_large_image","twitter_misc":{"\u00c9crit par":"adrian reutimann","Dur\u00e9e de lecture estim\u00e9e":"2 minutes"},"schema":{"@context":"https:\/\/schema.org","@graph":[{"@type":"Article","@id":"https:\/\/permakultur-landwirtschaft.org\/hoefe-neu-gedacht-erfahrungsaustausch-ueber-direktvermarktung-am-23-oktober-2023\/#article","isPartOf":{"@id":"https:\/\/permakultur-landwirtschaft.org\/hoefe-neu-gedacht-erfahrungsaustausch-ueber-direktvermarktung-am-23-oktober-2023\/"},"author":{"name":"adrian reutimann","@id":"https:\/\/permakultur-landwirtschaft.org\/#\/schema\/person\/6b0467872f75aed3e144093f9bf4f0b0"},"headline":"H\u00f6fe neu gedacht: Erfahrungsaustausch \u00fcber Direktvermarktung am 23. Oktober 2023","datePublished":"2023-06-14T07:21:00+00:00","dateModified":"2023-10-18T13:25:45+00:00","mainEntityOfPage":{"@id":"https:\/\/permakultur-landwirtschaft.org\/hoefe-neu-gedacht-erfahrungsaustausch-ueber-direktvermarktung-am-23-oktober-2023\/"},"wordCount":309,"publisher":{"@id":"https:\/\/permakultur-landwirtschaft.org\/#organization"},"image":{"@id":"https:\/\/permakultur-landwirtschaft.org\/hoefe-neu-gedacht-erfahrungsaustausch-ueber-direktvermarktung-am-23-oktober-2023\/#primaryimage"},"thumbnailUrl":"https:\/\/permakultur-landwirtschaft.org\/wp-content\/uploads\/2023\/10\/202310_vermarkten_hofabo-1200x900-crop.jpg","keywords":["Austausch","Direktvermarktung"],"articleSection":["Veranstaltung"],"inLanguage":"fr-FR"},{"@type":"WebPage","@id":"https:\/\/permakultur-landwirtschaft.org\/hoefe-neu-gedacht-erfahrungsaustausch-ueber-direktvermarktung-am-23-oktober-2023\/","url":"https:\/\/permakultur-landwirtschaft.org\/hoefe-neu-gedacht-erfahrungsaustausch-ueber-direktvermarktung-am-23-oktober-2023\/","name":"H\u00f6fe neu gedacht: Erfahrungsaustausch \u00fcber Direktvermarktung am 23. Oktober 2023 - Permakultur-Landwirtschaft","isPartOf":{"@id":"https:\/\/permakultur-landwirtschaft.org\/#website"},"primaryImageOfPage":{"@id":"https:\/\/permakultur-landwirtschaft.org\/hoefe-neu-gedacht-erfahrungsaustausch-ueber-direktvermarktung-am-23-oktober-2023\/#primaryimage"},"image":{"@id":"https:\/\/permakultur-landwirtschaft.org\/hoefe-neu-gedacht-erfahrungsaustausch-ueber-direktvermarktung-am-23-oktober-2023\/#primaryimage"},"thumbnailUrl":"https:\/\/permakultur-landwirtschaft.org\/wp-content\/uploads\/2023\/10\/202310_vermarkten_hofabo-1200x900-crop.jpg","datePublished":"2023-06-14T07:21:00+00:00","dateModified":"2023-10-18T13:25:45+00:00","breadcrumb":{"@id":"https:\/\/permakultur-landwirtschaft.org\/hoefe-neu-gedacht-erfahrungsaustausch-ueber-direktvermarktung-am-23-oktober-2023\/#breadcrumb"},"inLanguage":"fr-FR","potentialAction":[{"@type":"ReadAction","target":["https:\/\/permakultur-landwirtschaft.org\/hoefe-neu-gedacht-erfahrungsaustausch-ueber-direktvermarktung-am-23-oktober-2023\/"]}]},{"@type":"ImageObject","inLanguage":"fr-FR","@id":"https:\/\/permakultur-landwirtschaft.org\/hoefe-neu-gedacht-erfahrungsaustausch-ueber-direktvermarktung-am-23-oktober-2023\/#primaryimage","url":"https:\/\/permakultur-landwirtschaft.org\/wp-content\/uploads\/2023\/10\/202310_vermarkten_hofabo-1200x900-crop.jpg","contentUrl":"https:\/\/permakultur-landwirtschaft.org\/wp-content\/uploads\/2023\/10\/202310_vermarkten_hofabo-1200x900-crop.jpg","width":700,"height":525,"caption":"Bild: agroecologyworks.ch"},{"@type":"BreadcrumbList","@id":"https:\/\/permakultur-landwirtschaft.org\/hoefe-neu-gedacht-erfahrungsaustausch-ueber-direktvermarktung-am-23-oktober-2023\/#breadcrumb","itemListElement":[{"@type":"ListItem","position":1,"name":"Startseite","item":"https:\/\/permakultur-landwirtschaft.org\/"},{"@type":"ListItem","position":2,"name":"H\u00f6fe neu gedacht: Erfahrungsaustausch \u00fcber Direktvermarktung am 23. Oktober 2023"}]},{"@type":"WebSite","@id":"https:\/\/permakultur-landwirtschaft.org\/#website","url":"https:\/\/permakultur-landwirtschaft.org\/","name":"Permakultur-Landwirtschaft","description":"F\u00f6rderung der Permakultur in der Landwirtschaft","publisher":{"@id":"https:\/\/permakultur-landwirtschaft.org\/#organization"},"potentialAction":[{"@type":"SearchAction","target":{"@type":"EntryPoint","urlTemplate":"https:\/\/permakultur-landwirtschaft.org\/?s={search_term_string}"},"query-input":{"@type":"PropertyValueSpecification","valueRequired":true,"valueName":"search_term_string"}}],"inLanguage":"fr-FR"},{"@type":"Organization","@id":"https:\/\/permakultur-landwirtschaft.org\/#organization","name":"Permakultur-Landwirtschaft","alternateName":"Verein Permakultur-Landwirtschaft","url":"https:\/\/permakultur-landwirtschaft.org\/","logo":{"@type":"ImageObject","inLanguage":"fr-FR","@id":"https:\/\/permakultur-landwirtschaft.org\/#\/schema\/logo\/image\/","url":"https:\/\/permakultur-landwirtschaft.org\/wp-content\/uploads\/2021\/11\/pela_1268x1269.png","contentUrl":"https:\/\/permakultur-landwirtschaft.org\/wp-content\/uploads\/2021\/11\/pela_1268x1269.png","width":1298,"height":1269,"caption":"Permakultur-Landwirtschaft"},"image":{"@id":"https:\/\/permakultur-landwirtschaft.org\/#\/schema\/logo\/image\/"},"sameAs":["https:\/\/www.facebook.com\/PermakulturLandwirtschaft","https:\/\/www.instagram.com\/permakultur_landwirtschaft\/","https:\/\/www.flickr.com\/photos\/permakultur-landwirtschaft","https:\/\/www.youtube.com\/@PermakulturLandwirtschaft"]},{"@type":"Person","@id":"https:\/\/permakultur-landwirtschaft.org\/#\/schema\/person\/6b0467872f75aed3e144093f9bf4f0b0","name":"adrian reutimann","url":"https:\/\/permakultur-landwirtschaft.org\/fr\/author\/reutiadr\/"}]}},"_links":{"self":[{"href":"https:\/\/permakultur-landwirtschaft.org\/fr\/wp-json\/wp\/v2\/posts\/32355","targetHints":{"allow":["GET"]}}],"collection":[{"href":"https:\/\/permakultur-landwirtschaft.org\/fr\/wp-json\/wp\/v2\/posts"}],"about":[{"href":"https:\/\/permakultur-landwirtschaft.org\/fr\/wp-json\/wp\/v2\/types\/post"}],"author":[{"embeddable":true,"href":"https:\/\/permakultur-landwirtschaft.org\/fr\/wp-json\/wp\/v2\/users\/2"}],"replies":[{"embeddable":true,"href":"https:\/\/permakultur-landwirtschaft.org\/fr\/wp-json\/wp\/v2\/comments?post=32355"}],"version-history":[{"count":2,"href":"https:\/\/permakultur-landwirtschaft.org\/fr\/wp-json\/wp\/v2\/posts\/32355\/revisions"}],"predecessor-version":[{"id":32643,"href":"https:\/\/permakultur-landwirtschaft.org\/fr\/wp-json\/wp\/v2\/posts\/32355\/revisions\/32643"}],"wp:featuredmedia":[{"embeddable":true,"href":"https:\/\/permakultur-landwirtschaft.org\/fr\/wp-json\/wp\/v2\/media\/32356"}],"wp:attachment":[{"href":"https:\/\/permakultur-landwirtschaft.org\/fr\/wp-json\/wp\/v2\/media?parent=32355"}],"wp:term":[{"taxonomy":"category","embeddable":true,"href":"https:\/\/permakultur-landwirtschaft.org\/fr\/wp-json\/wp\/v2\/categories?post=32355"},{"taxonomy":"post_tag","embeddable":true,"href":"https:\/\/permakultur-landwirtschaft.org\/fr\/wp-json\/wp\/v2\/tags?post=32355"}],"curies":[{"name":"wp","href":"https:\/\/api.w.org\/{rel}","templated":true}]}}