{"id":32333,"date":"2022-11-05T14:33:00","date_gmt":"2022-11-05T13:33:00","guid":{"rendered":"https:\/\/permakultur-landwirtschaft.org\/?p=32333"},"modified":"2023-10-10T14:38:00","modified_gmt":"2023-10-10T12:38:00","slug":"ackern-unter-baeumen-landwirte-entdecken-den-agroforst-doku-bei-br-vom-05-november-2022","status":"publish","type":"post","link":"https:\/\/permakultur-landwirtschaft.org\/fr\/ackern-unter-baeumen-landwirte-entdecken-den-agroforst-doku-bei-br-vom-05-november-2022\/","title":{"rendered":"Ackern unter B\u00e4umen: Landwirte entdecken den Agroforst &#8211; Doku bei BR vom 05. November 2022"},"content":{"rendered":"<p>Text von youtube:<\/p>\n\n\n\n<p>Dieser Sommer hatte es in sich: D\u00fcrren, Waldbr\u00e4nde, Ernteausf\u00e4lle in ganz Europa. Der Klimawandel ist da &#8211; wie kann man die Folgen abmildern? Immer mehr Bauern sehen in der Agroforstwirtschaft eine L\u00f6sung: Baumreihen auf Feldern und Wiesen, in deren Schatten Getreide besser gedeiht, Tiere sich wohlf\u00fchlen und der Boden vor Austrocknung und Erosion gesch\u00fctzt ist. Kann sich diese Bewirtschaftungsart durchsetzen und so auch wieder mehr Artenvielfalt entstehen?<\/p>\n\n\n\n<figure class=\"wp-block-embed is-type-video is-provider-youtube wp-block-embed-youtube wp-embed-aspect-16-9 wp-has-aspect-ratio\"><div class=\"wp-block-embed__wrapper\">\n<iframe title=\"Ackern unter B\u00e4umen: Landwirte entdecken den Agroforst | DokThema | Doku | Klimawandel | BR\" width=\"500\" height=\"281\" src=\"https:\/\/www.youtube.com\/embed\/HunpgRK2sDM?feature=oembed\" frameborder=\"0\" allow=\"accelerometer; autoplay; clipboard-write; encrypted-media; gyroscope; picture-in-picture; web-share\" referrerpolicy=\"strict-origin-when-cross-origin\" allowfullscreen><\/iframe>\n<\/div><\/figure>\n\n\n\n<p><a href=\"https:\/\/youtu.be\/HunpgRK2sDM\" target=\"_blank\" rel=\"noreferrer noopener\">Link zum Beitrag<\/a><\/p>","protected":false},"excerpt":{"rendered":"<p>Text von youtube: Dieser Sommer hatte es in sich: D\u00fcrren, Waldbr\u00e4nde, Ernteausf\u00e4lle in ganz Europa. Der Klimawandel ist da &#8211; wie kann man die Folgen abmildern? Immer mehr Bauern sehen in der Agroforstwirtschaft eine L\u00f6sung: Baumreihen auf Feldern und Wiesen, in deren Schatten Getreide besser gedeiht, Tiere sich wohlf\u00fchlen und der Boden vor Austrocknung und [&hellip;]<\/p>\n","protected":false},"author":2,"featured_media":32335,"comment_status":"closed","ping_status":"closed","sticky":false,"template":"","format":"standard","meta":{"_acf_changed":false,"site-sidebar-layout":"default","site-content-layout":"","ast-site-content-layout":"default","site-content-style":"default","site-sidebar-style":"default","ast-global-header-display":"","ast-banner-title-visibility":"","ast-main-header-display":"","ast-hfb-above-header-display":"","ast-hfb-below-header-display":"","ast-hfb-mobile-header-display":"","site-post-title":"","ast-breadcrumbs-content":"","ast-featured-img":"","footer-sml-layout":"","ast-disable-related-posts":"","theme-transparent-header-meta":"","adv-header-id-meta":"","stick-header-meta":"","header-above-stick-meta":"","header-main-stick-meta":"","header-below-stick-meta":"","astra-migrate-meta-layouts":"set","ast-page-background-enabled":"default","ast-page-background-meta":{"desktop":{"background-color":"var(--ast-global-color-4)","background-image":"","background-repeat":"repeat","background-position":"center center","background-size":"auto","background-attachment":"scroll","background-type":"","background-media":"","overlay-type":"","overlay-color":"","overlay-opacity":"","overlay-gradient":""},"tablet":{"background-color":"","background-image":"","background-repeat":"repeat","background-position":"center center","background-size":"auto","background-attachment":"scroll","background-type":"","background-media":"","overlay-type":"","overlay-color":"","overlay-opacity":"","overlay-gradient":""},"mobile":{"background-color":"","background-image":"","background-repeat":"repeat","background-position":"center center","background-size":"auto","background-attachment":"scroll","background-type":"","background-media":"","overlay-type":"","overlay-color":"","overlay-opacity":"","overlay-gradient":""}},"ast-content-background-meta":{"desktop":{"background-color":"var(--ast-global-color-5)","background-image":"","background-repeat":"repeat","background-position":"center center","background-size":"auto","background-attachment":"scroll","background-type":"","background-media":"","overlay-type":"","overlay-color":"","overlay-opacity":"","overlay-gradient":""},"tablet":{"background-color":"var(--ast-global-color-5)","background-image":"","background-repeat":"repeat","background-position":"center center","background-size":"auto","background-attachment":"scroll","background-type":"","background-media":"","overlay-type":"","overlay-color":"","overlay-opacity":"","overlay-gradient":""},"mobile":{"background-color":"var(--ast-global-color-5)","background-image":"","background-repeat":"repeat","background-position":"center center","background-size":"auto","background-attachment":"scroll","background-type":"","background-media":"","overlay-type":"","overlay-color":"","overlay-opacity":"","overlay-gradient":""}},"footnotes":""},"categories":[45,22],"tags":[31,139,141,140],"class_list":["post-32333","post","type-post","status-publish","format-standard","has-post-thumbnail","hentry","category-filme","category-neuigkeit","tag-agroforst","tag-baeume","tag-doku","tag-film"],"acf":[],"yoast_head":"<!-- This site is optimized with the Yoast SEO plugin v27.5 - https:\/\/yoast.com\/product\/yoast-seo-wordpress\/ -->\n<title>Ackern unter B\u00e4umen: Landwirte entdecken den Agroforst - Doku bei BR vom 05. November 2022 - Permakultur-Landwirtschaft<\/title>\n<meta name=\"robots\" content=\"index, follow, max-snippet:-1, max-image-preview:large, max-video-preview:-1\" \/>\n<link rel=\"canonical\" href=\"https:\/\/permakultur-landwirtschaft.org\/fr\/ackern-unter-baeumen-landwirte-entdecken-den-agroforst-doku-bei-br-vom-05-november-2022\/\" \/>\n<meta property=\"og:locale\" content=\"fr_FR\" \/>\n<meta property=\"og:type\" content=\"article\" \/>\n<meta property=\"og:title\" content=\"Ackern unter B\u00e4umen: Landwirte entdecken den Agroforst - Doku bei BR vom 05. November 2022 - Permakultur-Landwirtschaft\" \/>\n<meta property=\"og:description\" content=\"Text von youtube: Dieser Sommer hatte es in sich: D\u00fcrren, Waldbr\u00e4nde, Ernteausf\u00e4lle in ganz Europa. Der Klimawandel ist da &#8211; wie kann man die Folgen abmildern? Immer mehr Bauern sehen in der Agroforstwirtschaft eine L\u00f6sung: Baumreihen auf Feldern und Wiesen, in deren Schatten Getreide besser gedeiht, Tiere sich wohlf\u00fchlen und der Boden vor Austrocknung und [&hellip;]\" \/>\n<meta property=\"og:url\" content=\"https:\/\/permakultur-landwirtschaft.org\/fr\/ackern-unter-baeumen-landwirte-entdecken-den-agroforst-doku-bei-br-vom-05-november-2022\/\" \/>\n<meta property=\"og:site_name\" content=\"Permakultur-Landwirtschaft\" \/>\n<meta property=\"article:publisher\" content=\"https:\/\/www.facebook.com\/PermakulturLandwirtschaft\" \/>\n<meta property=\"article:published_time\" content=\"2022-11-05T13:33:00+00:00\" \/>\n<meta property=\"article:modified_time\" content=\"2023-10-10T12:38:00+00:00\" \/>\n<meta property=\"og:image\" content=\"https:\/\/permakultur-landwirtschaft.org\/wp-content\/uploads\/2023\/10\/20221105_Ackern-unter_Baeumen_BR_700.jpg\" \/>\n\t<meta property=\"og:image:width\" content=\"700\" \/>\n\t<meta property=\"og:image:height\" content=\"388\" \/>\n\t<meta property=\"og:image:type\" content=\"image\/jpeg\" \/>\n<meta name=\"author\" content=\"adrian reutimann\" \/>\n<meta name=\"twitter:card\" content=\"summary_large_image\" \/>\n<meta name=\"twitter:label1\" content=\"\u00c9crit par\" \/>\n\t<meta name=\"twitter:data1\" content=\"adrian reutimann\" \/>\n\t<meta name=\"twitter:label2\" content=\"Dur\u00e9e de lecture estim\u00e9e\" \/>\n\t<meta name=\"twitter:data2\" content=\"1 minute\" \/>\n<script type=\"application\/ld+json\" class=\"yoast-schema-graph\">{\"@context\":\"https:\\\/\\\/schema.org\",\"@graph\":[{\"@type\":\"Article\",\"@id\":\"https:\\\/\\\/permakultur-landwirtschaft.org\\\/ackern-unter-baeumen-landwirte-entdecken-den-agroforst-doku-bei-br-vom-05-november-2022\\\/#article\",\"isPartOf\":{\"@id\":\"https:\\\/\\\/permakultur-landwirtschaft.org\\\/ackern-unter-baeumen-landwirte-entdecken-den-agroforst-doku-bei-br-vom-05-november-2022\\\/\"},\"author\":{\"name\":\"adrian reutimann\",\"@id\":\"https:\\\/\\\/permakultur-landwirtschaft.org\\\/#\\\/schema\\\/person\\\/6b0467872f75aed3e144093f9bf4f0b0\"},\"headline\":\"Ackern unter B\u00e4umen: Landwirte entdecken den Agroforst &#8211; Doku bei BR vom 05. November 2022\",\"datePublished\":\"2022-11-05T13:33:00+00:00\",\"dateModified\":\"2023-10-10T12:38:00+00:00\",\"mainEntityOfPage\":{\"@id\":\"https:\\\/\\\/permakultur-landwirtschaft.org\\\/ackern-unter-baeumen-landwirte-entdecken-den-agroforst-doku-bei-br-vom-05-november-2022\\\/\"},\"wordCount\":98,\"publisher\":{\"@id\":\"https:\\\/\\\/permakultur-landwirtschaft.org\\\/#organization\"},\"image\":{\"@id\":\"https:\\\/\\\/permakultur-landwirtschaft.org\\\/ackern-unter-baeumen-landwirte-entdecken-den-agroforst-doku-bei-br-vom-05-november-2022\\\/#primaryimage\"},\"thumbnailUrl\":\"https:\\\/\\\/permakultur-landwirtschaft.org\\\/wp-content\\\/uploads\\\/2023\\\/10\\\/20221105_Ackern-unter_Baeumen_BR_700.jpg\",\"keywords\":[\"Agroforst\",\"B\u00e4ume\",\"Doku\",\"Film\"],\"articleSection\":[\"Film\",\"Neuigkeit\"],\"inLanguage\":\"fr-FR\"},{\"@type\":\"WebPage\",\"@id\":\"https:\\\/\\\/permakultur-landwirtschaft.org\\\/ackern-unter-baeumen-landwirte-entdecken-den-agroforst-doku-bei-br-vom-05-november-2022\\\/\",\"url\":\"https:\\\/\\\/permakultur-landwirtschaft.org\\\/ackern-unter-baeumen-landwirte-entdecken-den-agroforst-doku-bei-br-vom-05-november-2022\\\/\",\"name\":\"Ackern unter B\u00e4umen: Landwirte entdecken den Agroforst - Doku bei BR vom 05. November 2022 - Permakultur-Landwirtschaft\",\"isPartOf\":{\"@id\":\"https:\\\/\\\/permakultur-landwirtschaft.org\\\/#website\"},\"primaryImageOfPage\":{\"@id\":\"https:\\\/\\\/permakultur-landwirtschaft.org\\\/ackern-unter-baeumen-landwirte-entdecken-den-agroforst-doku-bei-br-vom-05-november-2022\\\/#primaryimage\"},\"image\":{\"@id\":\"https:\\\/\\\/permakultur-landwirtschaft.org\\\/ackern-unter-baeumen-landwirte-entdecken-den-agroforst-doku-bei-br-vom-05-november-2022\\\/#primaryimage\"},\"thumbnailUrl\":\"https:\\\/\\\/permakultur-landwirtschaft.org\\\/wp-content\\\/uploads\\\/2023\\\/10\\\/20221105_Ackern-unter_Baeumen_BR_700.jpg\",\"datePublished\":\"2022-11-05T13:33:00+00:00\",\"dateModified\":\"2023-10-10T12:38:00+00:00\",\"breadcrumb\":{\"@id\":\"https:\\\/\\\/permakultur-landwirtschaft.org\\\/ackern-unter-baeumen-landwirte-entdecken-den-agroforst-doku-bei-br-vom-05-november-2022\\\/#breadcrumb\"},\"inLanguage\":\"fr-FR\",\"potentialAction\":[{\"@type\":\"ReadAction\",\"target\":[\"https:\\\/\\\/permakultur-landwirtschaft.org\\\/ackern-unter-baeumen-landwirte-entdecken-den-agroforst-doku-bei-br-vom-05-november-2022\\\/\"]}]},{\"@type\":\"ImageObject\",\"inLanguage\":\"fr-FR\",\"@id\":\"https:\\\/\\\/permakultur-landwirtschaft.org\\\/ackern-unter-baeumen-landwirte-entdecken-den-agroforst-doku-bei-br-vom-05-november-2022\\\/#primaryimage\",\"url\":\"https:\\\/\\\/permakultur-landwirtschaft.org\\\/wp-content\\\/uploads\\\/2023\\\/10\\\/20221105_Ackern-unter_Baeumen_BR_700.jpg\",\"contentUrl\":\"https:\\\/\\\/permakultur-landwirtschaft.org\\\/wp-content\\\/uploads\\\/2023\\\/10\\\/20221105_Ackern-unter_Baeumen_BR_700.jpg\",\"width\":700,\"height\":388},{\"@type\":\"BreadcrumbList\",\"@id\":\"https:\\\/\\\/permakultur-landwirtschaft.org\\\/ackern-unter-baeumen-landwirte-entdecken-den-agroforst-doku-bei-br-vom-05-november-2022\\\/#breadcrumb\",\"itemListElement\":[{\"@type\":\"ListItem\",\"position\":1,\"name\":\"Startseite\",\"item\":\"https:\\\/\\\/permakultur-landwirtschaft.org\\\/\"},{\"@type\":\"ListItem\",\"position\":2,\"name\":\"Ackern unter B\u00e4umen: Landwirte entdecken den Agroforst &#8211; Doku bei BR vom 05. November 2022\"}]},{\"@type\":\"WebSite\",\"@id\":\"https:\\\/\\\/permakultur-landwirtschaft.org\\\/#website\",\"url\":\"https:\\\/\\\/permakultur-landwirtschaft.org\\\/\",\"name\":\"Permakultur-Landwirtschaft\",\"description\":\"F\u00f6rderung der Permakultur in der Landwirtschaft\",\"publisher\":{\"@id\":\"https:\\\/\\\/permakultur-landwirtschaft.org\\\/#organization\"},\"potentialAction\":[{\"@type\":\"SearchAction\",\"target\":{\"@type\":\"EntryPoint\",\"urlTemplate\":\"https:\\\/\\\/permakultur-landwirtschaft.org\\\/?s={search_term_string}\"},\"query-input\":{\"@type\":\"PropertyValueSpecification\",\"valueRequired\":true,\"valueName\":\"search_term_string\"}}],\"inLanguage\":\"fr-FR\"},{\"@type\":\"Organization\",\"@id\":\"https:\\\/\\\/permakultur-landwirtschaft.org\\\/#organization\",\"name\":\"Permakultur-Landwirtschaft\",\"alternateName\":\"Verein Permakultur-Landwirtschaft\",\"url\":\"https:\\\/\\\/permakultur-landwirtschaft.org\\\/\",\"logo\":{\"@type\":\"ImageObject\",\"inLanguage\":\"fr-FR\",\"@id\":\"https:\\\/\\\/permakultur-landwirtschaft.org\\\/#\\\/schema\\\/logo\\\/image\\\/\",\"url\":\"https:\\\/\\\/permakultur-landwirtschaft.org\\\/wp-content\\\/uploads\\\/2021\\\/11\\\/pela_1268x1269.png\",\"contentUrl\":\"https:\\\/\\\/permakultur-landwirtschaft.org\\\/wp-content\\\/uploads\\\/2021\\\/11\\\/pela_1268x1269.png\",\"width\":1298,\"height\":1269,\"caption\":\"Permakultur-Landwirtschaft\"},\"image\":{\"@id\":\"https:\\\/\\\/permakultur-landwirtschaft.org\\\/#\\\/schema\\\/logo\\\/image\\\/\"},\"sameAs\":[\"https:\\\/\\\/www.facebook.com\\\/PermakulturLandwirtschaft\",\"https:\\\/\\\/www.instagram.com\\\/permakultur_landwirtschaft\\\/\",\"https:\\\/\\\/www.flickr.com\\\/photos\\\/permakultur-landwirtschaft\",\"https:\\\/\\\/www.youtube.com\\\/@PermakulturLandwirtschaft\"]},{\"@type\":\"Person\",\"@id\":\"https:\\\/\\\/permakultur-landwirtschaft.org\\\/#\\\/schema\\\/person\\\/6b0467872f75aed3e144093f9bf4f0b0\",\"name\":\"adrian reutimann\",\"url\":\"https:\\\/\\\/permakultur-landwirtschaft.org\\\/fr\\\/author\\\/reutiadr\\\/\"}]}<\/script>\n<!-- \/ Yoast SEO plugin. -->","yoast_head_json":{"title":"Ackern unter B\u00e4umen: Landwirte entdecken den Agroforst - Doku bei BR vom 05. November 2022 - Permakultur-Landwirtschaft","robots":{"index":"index","follow":"follow","max-snippet":"max-snippet:-1","max-image-preview":"max-image-preview:large","max-video-preview":"max-video-preview:-1"},"canonical":"https:\/\/permakultur-landwirtschaft.org\/fr\/ackern-unter-baeumen-landwirte-entdecken-den-agroforst-doku-bei-br-vom-05-november-2022\/","og_locale":"fr_FR","og_type":"article","og_title":"Ackern unter B\u00e4umen: Landwirte entdecken den Agroforst - Doku bei BR vom 05. November 2022 - Permakultur-Landwirtschaft","og_description":"Text von youtube: Dieser Sommer hatte es in sich: D\u00fcrren, Waldbr\u00e4nde, Ernteausf\u00e4lle in ganz Europa. Der Klimawandel ist da &#8211; wie kann man die Folgen abmildern? Immer mehr Bauern sehen in der Agroforstwirtschaft eine L\u00f6sung: Baumreihen auf Feldern und Wiesen, in deren Schatten Getreide besser gedeiht, Tiere sich wohlf\u00fchlen und der Boden vor Austrocknung und [&hellip;]","og_url":"https:\/\/permakultur-landwirtschaft.org\/fr\/ackern-unter-baeumen-landwirte-entdecken-den-agroforst-doku-bei-br-vom-05-november-2022\/","og_site_name":"Permakultur-Landwirtschaft","article_publisher":"https:\/\/www.facebook.com\/PermakulturLandwirtschaft","article_published_time":"2022-11-05T13:33:00+00:00","article_modified_time":"2023-10-10T12:38:00+00:00","og_image":[{"width":700,"height":388,"url":"https:\/\/permakultur-landwirtschaft.org\/wp-content\/uploads\/2023\/10\/20221105_Ackern-unter_Baeumen_BR_700.jpg","type":"image\/jpeg"}],"author":"adrian reutimann","twitter_card":"summary_large_image","twitter_misc":{"\u00c9crit par":"adrian reutimann","Dur\u00e9e de lecture estim\u00e9e":"1 minute"},"schema":{"@context":"https:\/\/schema.org","@graph":[{"@type":"Article","@id":"https:\/\/permakultur-landwirtschaft.org\/ackern-unter-baeumen-landwirte-entdecken-den-agroforst-doku-bei-br-vom-05-november-2022\/#article","isPartOf":{"@id":"https:\/\/permakultur-landwirtschaft.org\/ackern-unter-baeumen-landwirte-entdecken-den-agroforst-doku-bei-br-vom-05-november-2022\/"},"author":{"name":"adrian reutimann","@id":"https:\/\/permakultur-landwirtschaft.org\/#\/schema\/person\/6b0467872f75aed3e144093f9bf4f0b0"},"headline":"Ackern unter B\u00e4umen: Landwirte entdecken den Agroforst &#8211; Doku bei BR vom 05. November 2022","datePublished":"2022-11-05T13:33:00+00:00","dateModified":"2023-10-10T12:38:00+00:00","mainEntityOfPage":{"@id":"https:\/\/permakultur-landwirtschaft.org\/ackern-unter-baeumen-landwirte-entdecken-den-agroforst-doku-bei-br-vom-05-november-2022\/"},"wordCount":98,"publisher":{"@id":"https:\/\/permakultur-landwirtschaft.org\/#organization"},"image":{"@id":"https:\/\/permakultur-landwirtschaft.org\/ackern-unter-baeumen-landwirte-entdecken-den-agroforst-doku-bei-br-vom-05-november-2022\/#primaryimage"},"thumbnailUrl":"https:\/\/permakultur-landwirtschaft.org\/wp-content\/uploads\/2023\/10\/20221105_Ackern-unter_Baeumen_BR_700.jpg","keywords":["Agroforst","B\u00e4ume","Doku","Film"],"articleSection":["Film","Neuigkeit"],"inLanguage":"fr-FR"},{"@type":"WebPage","@id":"https:\/\/permakultur-landwirtschaft.org\/ackern-unter-baeumen-landwirte-entdecken-den-agroforst-doku-bei-br-vom-05-november-2022\/","url":"https:\/\/permakultur-landwirtschaft.org\/ackern-unter-baeumen-landwirte-entdecken-den-agroforst-doku-bei-br-vom-05-november-2022\/","name":"Ackern unter B\u00e4umen: Landwirte entdecken den Agroforst - Doku bei BR vom 05. November 2022 - Permakultur-Landwirtschaft","isPartOf":{"@id":"https:\/\/permakultur-landwirtschaft.org\/#website"},"primaryImageOfPage":{"@id":"https:\/\/permakultur-landwirtschaft.org\/ackern-unter-baeumen-landwirte-entdecken-den-agroforst-doku-bei-br-vom-05-november-2022\/#primaryimage"},"image":{"@id":"https:\/\/permakultur-landwirtschaft.org\/ackern-unter-baeumen-landwirte-entdecken-den-agroforst-doku-bei-br-vom-05-november-2022\/#primaryimage"},"thumbnailUrl":"https:\/\/permakultur-landwirtschaft.org\/wp-content\/uploads\/2023\/10\/20221105_Ackern-unter_Baeumen_BR_700.jpg","datePublished":"2022-11-05T13:33:00+00:00","dateModified":"2023-10-10T12:38:00+00:00","breadcrumb":{"@id":"https:\/\/permakultur-landwirtschaft.org\/ackern-unter-baeumen-landwirte-entdecken-den-agroforst-doku-bei-br-vom-05-november-2022\/#breadcrumb"},"inLanguage":"fr-FR","potentialAction":[{"@type":"ReadAction","target":["https:\/\/permakultur-landwirtschaft.org\/ackern-unter-baeumen-landwirte-entdecken-den-agroforst-doku-bei-br-vom-05-november-2022\/"]}]},{"@type":"ImageObject","inLanguage":"fr-FR","@id":"https:\/\/permakultur-landwirtschaft.org\/ackern-unter-baeumen-landwirte-entdecken-den-agroforst-doku-bei-br-vom-05-november-2022\/#primaryimage","url":"https:\/\/permakultur-landwirtschaft.org\/wp-content\/uploads\/2023\/10\/20221105_Ackern-unter_Baeumen_BR_700.jpg","contentUrl":"https:\/\/permakultur-landwirtschaft.org\/wp-content\/uploads\/2023\/10\/20221105_Ackern-unter_Baeumen_BR_700.jpg","width":700,"height":388},{"@type":"BreadcrumbList","@id":"https:\/\/permakultur-landwirtschaft.org\/ackern-unter-baeumen-landwirte-entdecken-den-agroforst-doku-bei-br-vom-05-november-2022\/#breadcrumb","itemListElement":[{"@type":"ListItem","position":1,"name":"Startseite","item":"https:\/\/permakultur-landwirtschaft.org\/"},{"@type":"ListItem","position":2,"name":"Ackern unter B\u00e4umen: Landwirte entdecken den Agroforst &#8211; Doku bei BR vom 05. November 2022"}]},{"@type":"WebSite","@id":"https:\/\/permakultur-landwirtschaft.org\/#website","url":"https:\/\/permakultur-landwirtschaft.org\/","name":"Permakultur-Landwirtschaft","description":"F\u00f6rderung der Permakultur in der Landwirtschaft","publisher":{"@id":"https:\/\/permakultur-landwirtschaft.org\/#organization"},"potentialAction":[{"@type":"SearchAction","target":{"@type":"EntryPoint","urlTemplate":"https:\/\/permakultur-landwirtschaft.org\/?s={search_term_string}"},"query-input":{"@type":"PropertyValueSpecification","valueRequired":true,"valueName":"search_term_string"}}],"inLanguage":"fr-FR"},{"@type":"Organization","@id":"https:\/\/permakultur-landwirtschaft.org\/#organization","name":"Permakultur-Landwirtschaft","alternateName":"Verein Permakultur-Landwirtschaft","url":"https:\/\/permakultur-landwirtschaft.org\/","logo":{"@type":"ImageObject","inLanguage":"fr-FR","@id":"https:\/\/permakultur-landwirtschaft.org\/#\/schema\/logo\/image\/","url":"https:\/\/permakultur-landwirtschaft.org\/wp-content\/uploads\/2021\/11\/pela_1268x1269.png","contentUrl":"https:\/\/permakultur-landwirtschaft.org\/wp-content\/uploads\/2021\/11\/pela_1268x1269.png","width":1298,"height":1269,"caption":"Permakultur-Landwirtschaft"},"image":{"@id":"https:\/\/permakultur-landwirtschaft.org\/#\/schema\/logo\/image\/"},"sameAs":["https:\/\/www.facebook.com\/PermakulturLandwirtschaft","https:\/\/www.instagram.com\/permakultur_landwirtschaft\/","https:\/\/www.flickr.com\/photos\/permakultur-landwirtschaft","https:\/\/www.youtube.com\/@PermakulturLandwirtschaft"]},{"@type":"Person","@id":"https:\/\/permakultur-landwirtschaft.org\/#\/schema\/person\/6b0467872f75aed3e144093f9bf4f0b0","name":"adrian reutimann","url":"https:\/\/permakultur-landwirtschaft.org\/fr\/author\/reutiadr\/"}]}},"_links":{"self":[{"href":"https:\/\/permakultur-landwirtschaft.org\/fr\/wp-json\/wp\/v2\/posts\/32333","targetHints":{"allow":["GET"]}}],"collection":[{"href":"https:\/\/permakultur-landwirtschaft.org\/fr\/wp-json\/wp\/v2\/posts"}],"about":[{"href":"https:\/\/permakultur-landwirtschaft.org\/fr\/wp-json\/wp\/v2\/types\/post"}],"author":[{"embeddable":true,"href":"https:\/\/permakultur-landwirtschaft.org\/fr\/wp-json\/wp\/v2\/users\/2"}],"replies":[{"embeddable":true,"href":"https:\/\/permakultur-landwirtschaft.org\/fr\/wp-json\/wp\/v2\/comments?post=32333"}],"version-history":[{"count":1,"href":"https:\/\/permakultur-landwirtschaft.org\/fr\/wp-json\/wp\/v2\/posts\/32333\/revisions"}],"predecessor-version":[{"id":32336,"href":"https:\/\/permakultur-landwirtschaft.org\/fr\/wp-json\/wp\/v2\/posts\/32333\/revisions\/32336"}],"wp:featuredmedia":[{"embeddable":true,"href":"https:\/\/permakultur-landwirtschaft.org\/fr\/wp-json\/wp\/v2\/media\/32335"}],"wp:attachment":[{"href":"https:\/\/permakultur-landwirtschaft.org\/fr\/wp-json\/wp\/v2\/media?parent=32333"}],"wp:term":[{"taxonomy":"category","embeddable":true,"href":"https:\/\/permakultur-landwirtschaft.org\/fr\/wp-json\/wp\/v2\/categories?post=32333"},{"taxonomy":"post_tag","embeddable":true,"href":"https:\/\/permakultur-landwirtschaft.org\/fr\/wp-json\/wp\/v2\/tags?post=32333"}],"curies":[{"name":"wp","href":"https:\/\/api.w.org\/{rel}","templated":true}]}}