{"id":32330,"date":"2023-10-02T14:24:00","date_gmt":"2023-10-02T12:24:00","guid":{"rendered":"https:\/\/permakultur-landwirtschaft.org\/?p=32330"},"modified":"2023-10-10T14:29:15","modified_gmt":"2023-10-10T12:29:15","slug":"les-jardins-forets-essaiment-en-suisse-romande-article-dans-le-temps-du-02-octobre-2023","status":"publish","type":"post","link":"https:\/\/permakultur-landwirtschaft.org\/fr\/les-jardins-forets-essaiment-en-suisse-romande-article-dans-le-temps-du-02-octobre-2023\/","title":{"rendered":"Les jardins-for\u00eats essaiment en Suisse romande &#8211; article dans le Temps du 02 octobre 2023"},"content":{"rendered":"<p>Texte du letemps.ch:<\/p>\n\n\n\n<p><strong>La cr\u00e9ation de petits \u00e9cosyst\u00e8mes forestiers comestibles s\u00e9duit de plus en plus. Reportage \u00e0 Eysins, pr\u00e8s de Nyon, entre yuzu, noyer et arbre \u00e0 salade.<\/strong><\/p>\n\n\n\n<p>C\u2019est un jardin qui ressemble \u00e0 une for\u00eat. Une for\u00eat qu\u2019on cultive comme un potager. Inspir\u00e9 des principes de la permaculture, qui entend produire de la nourriture en s\u2019appuyant sur le fonctionnement naturel des \u00e9cosyst\u00e8mes, le jardin-for\u00eat s\u00e9duit de plus en plus de particuliers et de collectivit\u00e9s, mais aussi certains professionnels de l\u2019agriculture. Selon ses partisans, cet objet agricole encore mal identifi\u00e9 a le potentiel de favoriser la biodiversit\u00e9, prot\u00e9ger le climat et assurer notre r\u00e9silience alimentaire.<\/p>\n\n\n\n<p><a href=\"https:\/\/www.letemps.ch\/sciences\/environnement\/les-jardins-forets-essaiment-en-suisse-romande\" target=\"_blank\" rel=\"noreferrer noopener\">Lien vers l&#8217;article<\/a><\/p>","protected":false},"excerpt":{"rendered":"<p>Texte du letemps.ch: La cr\u00e9ation de petits \u00e9cosyst\u00e8mes forestiers comestibles s\u00e9duit de plus en plus. Reportage \u00e0 Eysins, pr\u00e8s de Nyon, entre yuzu, noyer et arbre \u00e0 salade. C\u2019est un jardin qui ressemble \u00e0 une for\u00eat. Une for\u00eat qu\u2019on cultive comme un potager. Inspir\u00e9 des principes de la permaculture, qui entend produire de la nourriture [&hellip;]<\/p>\n","protected":false},"author":2,"featured_media":32331,"comment_status":"closed","ping_status":"closed","sticky":false,"template":"","format":"standard","meta":{"_acf_changed":false,"site-sidebar-layout":"default","site-content-layout":"","ast-site-content-layout":"default","site-content-style":"default","site-sidebar-style":"default","ast-global-header-display":"","ast-banner-title-visibility":"","ast-main-header-display":"","ast-hfb-above-header-display":"","ast-hfb-below-header-display":"","ast-hfb-mobile-header-display":"","site-post-title":"","ast-breadcrumbs-content":"","ast-featured-img":"","footer-sml-layout":"","ast-disable-related-posts":"","theme-transparent-header-meta":"","adv-header-id-meta":"","stick-header-meta":"","header-above-stick-meta":"","header-main-stick-meta":"","header-below-stick-meta":"","astra-migrate-meta-layouts":"set","ast-page-background-enabled":"default","ast-page-background-meta":{"desktop":{"background-color":"var(--ast-global-color-4)","background-image":"","background-repeat":"repeat","background-position":"center center","background-size":"auto","background-attachment":"scroll","background-type":"","background-media":"","overlay-type":"","overlay-color":"","overlay-opacity":"","overlay-gradient":""},"tablet":{"background-color":"","background-image":"","background-repeat":"repeat","background-position":"center center","background-size":"auto","background-attachment":"scroll","background-type":"","background-media":"","overlay-type":"","overlay-color":"","overlay-opacity":"","overlay-gradient":""},"mobile":{"background-color":"","background-image":"","background-repeat":"repeat","background-position":"center center","background-size":"auto","background-attachment":"scroll","background-type":"","background-media":"","overlay-type":"","overlay-color":"","overlay-opacity":"","overlay-gradient":""}},"ast-content-background-meta":{"desktop":{"background-color":"var(--ast-global-color-5)","background-image":"","background-repeat":"repeat","background-position":"center center","background-size":"auto","background-attachment":"scroll","background-type":"","background-media":"","overlay-type":"","overlay-color":"","overlay-opacity":"","overlay-gradient":""},"tablet":{"background-color":"var(--ast-global-color-5)","background-image":"","background-repeat":"repeat","background-position":"center center","background-size":"auto","background-attachment":"scroll","background-type":"","background-media":"","overlay-type":"","overlay-color":"","overlay-opacity":"","overlay-gradient":""},"mobile":{"background-color":"var(--ast-global-color-5)","background-image":"","background-repeat":"repeat","background-position":"center center","background-size":"auto","background-attachment":"scroll","background-type":"","background-media":"","overlay-type":"","overlay-color":"","overlay-opacity":"","overlay-gradient":""}},"footnotes":""},"categories":[22],"tags":[138],"class_list":["post-32330","post","type-post","status-publish","format-standard","has-post-thumbnail","hentry","category-neuigkeit","tag-jardins-forets"],"acf":[],"yoast_head":"<!-- This site is optimized with the Yoast SEO plugin v27.5 - https:\/\/yoast.com\/product\/yoast-seo-wordpress\/ -->\n<title>Les jardins-for\u00eats essaiment en Suisse romande - article dans le Temps du 02 octobre 2023 - Permakultur-Landwirtschaft<\/title>\n<meta name=\"robots\" content=\"index, follow, max-snippet:-1, max-image-preview:large, max-video-preview:-1\" \/>\n<link rel=\"canonical\" href=\"https:\/\/permakultur-landwirtschaft.org\/fr\/les-jardins-forets-essaiment-en-suisse-romande-article-dans-le-temps-du-02-octobre-2023\/\" \/>\n<meta property=\"og:locale\" content=\"fr_FR\" \/>\n<meta property=\"og:type\" content=\"article\" \/>\n<meta property=\"og:title\" content=\"Les jardins-for\u00eats essaiment en Suisse romande - article dans le Temps du 02 octobre 2023 - Permakultur-Landwirtschaft\" \/>\n<meta property=\"og:description\" content=\"Texte du letemps.ch: La cr\u00e9ation de petits \u00e9cosyst\u00e8mes forestiers comestibles s\u00e9duit de plus en plus. Reportage \u00e0 Eysins, pr\u00e8s de Nyon, entre yuzu, noyer et arbre \u00e0 salade. C\u2019est un jardin qui ressemble \u00e0 une for\u00eat. Une for\u00eat qu\u2019on cultive comme un potager. Inspir\u00e9 des principes de la permaculture, qui entend produire de la nourriture [&hellip;]\" \/>\n<meta property=\"og:url\" content=\"https:\/\/permakultur-landwirtschaft.org\/fr\/les-jardins-forets-essaiment-en-suisse-romande-article-dans-le-temps-du-02-octobre-2023\/\" \/>\n<meta property=\"og:site_name\" content=\"Permakultur-Landwirtschaft\" \/>\n<meta property=\"article:publisher\" content=\"https:\/\/www.facebook.com\/PermakulturLandwirtschaft\" \/>\n<meta property=\"article:published_time\" content=\"2023-10-02T12:24:00+00:00\" \/>\n<meta property=\"article:modified_time\" content=\"2023-10-10T12:29:15+00:00\" \/>\n<meta property=\"og:image\" content=\"https:\/\/permakultur-landwirtschaft.org\/wp-content\/uploads\/2023\/10\/202310_le_Temps_jardins-forets.jpg\" \/>\n\t<meta property=\"og:image:width\" content=\"700\" \/>\n\t<meta property=\"og:image:height\" content=\"393\" \/>\n\t<meta property=\"og:image:type\" content=\"image\/jpeg\" \/>\n<meta name=\"author\" content=\"adrian reutimann\" \/>\n<meta name=\"twitter:card\" content=\"summary_large_image\" \/>\n<meta name=\"twitter:label1\" content=\"\u00c9crit par\" \/>\n\t<meta name=\"twitter:data1\" content=\"adrian reutimann\" \/>\n\t<meta name=\"twitter:label2\" content=\"Dur\u00e9e de lecture estim\u00e9e\" \/>\n\t<meta name=\"twitter:data2\" content=\"1 minute\" \/>\n<script type=\"application\/ld+json\" class=\"yoast-schema-graph\">{\"@context\":\"https:\\\/\\\/schema.org\",\"@graph\":[{\"@type\":\"Article\",\"@id\":\"https:\\\/\\\/permakultur-landwirtschaft.org\\\/les-jardins-forets-essaiment-en-suisse-romande-article-dans-le-temps-du-02-octobre-2023\\\/#article\",\"isPartOf\":{\"@id\":\"https:\\\/\\\/permakultur-landwirtschaft.org\\\/les-jardins-forets-essaiment-en-suisse-romande-article-dans-le-temps-du-02-octobre-2023\\\/\"},\"author\":{\"name\":\"adrian reutimann\",\"@id\":\"https:\\\/\\\/permakultur-landwirtschaft.org\\\/#\\\/schema\\\/person\\\/6b0467872f75aed3e144093f9bf4f0b0\"},\"headline\":\"Les jardins-for\u00eats essaiment en Suisse romande &#8211; article dans le Temps du 02 octobre 2023\",\"datePublished\":\"2023-10-02T12:24:00+00:00\",\"dateModified\":\"2023-10-10T12:29:15+00:00\",\"mainEntityOfPage\":{\"@id\":\"https:\\\/\\\/permakultur-landwirtschaft.org\\\/les-jardins-forets-essaiment-en-suisse-romande-article-dans-le-temps-du-02-octobre-2023\\\/\"},\"wordCount\":137,\"publisher\":{\"@id\":\"https:\\\/\\\/permakultur-landwirtschaft.org\\\/#organization\"},\"image\":{\"@id\":\"https:\\\/\\\/permakultur-landwirtschaft.org\\\/les-jardins-forets-essaiment-en-suisse-romande-article-dans-le-temps-du-02-octobre-2023\\\/#primaryimage\"},\"thumbnailUrl\":\"https:\\\/\\\/permakultur-landwirtschaft.org\\\/wp-content\\\/uploads\\\/2023\\\/10\\\/202310_le_Temps_jardins-forets.jpg\",\"keywords\":[\"jardins-for\u00eats\"],\"articleSection\":[\"Neuigkeit\"],\"inLanguage\":\"fr-FR\"},{\"@type\":\"WebPage\",\"@id\":\"https:\\\/\\\/permakultur-landwirtschaft.org\\\/les-jardins-forets-essaiment-en-suisse-romande-article-dans-le-temps-du-02-octobre-2023\\\/\",\"url\":\"https:\\\/\\\/permakultur-landwirtschaft.org\\\/les-jardins-forets-essaiment-en-suisse-romande-article-dans-le-temps-du-02-octobre-2023\\\/\",\"name\":\"Les jardins-for\u00eats essaiment en Suisse romande - article dans le Temps du 02 octobre 2023 - Permakultur-Landwirtschaft\",\"isPartOf\":{\"@id\":\"https:\\\/\\\/permakultur-landwirtschaft.org\\\/#website\"},\"primaryImageOfPage\":{\"@id\":\"https:\\\/\\\/permakultur-landwirtschaft.org\\\/les-jardins-forets-essaiment-en-suisse-romande-article-dans-le-temps-du-02-octobre-2023\\\/#primaryimage\"},\"image\":{\"@id\":\"https:\\\/\\\/permakultur-landwirtschaft.org\\\/les-jardins-forets-essaiment-en-suisse-romande-article-dans-le-temps-du-02-octobre-2023\\\/#primaryimage\"},\"thumbnailUrl\":\"https:\\\/\\\/permakultur-landwirtschaft.org\\\/wp-content\\\/uploads\\\/2023\\\/10\\\/202310_le_Temps_jardins-forets.jpg\",\"datePublished\":\"2023-10-02T12:24:00+00:00\",\"dateModified\":\"2023-10-10T12:29:15+00:00\",\"breadcrumb\":{\"@id\":\"https:\\\/\\\/permakultur-landwirtschaft.org\\\/les-jardins-forets-essaiment-en-suisse-romande-article-dans-le-temps-du-02-octobre-2023\\\/#breadcrumb\"},\"inLanguage\":\"fr-FR\",\"potentialAction\":[{\"@type\":\"ReadAction\",\"target\":[\"https:\\\/\\\/permakultur-landwirtschaft.org\\\/les-jardins-forets-essaiment-en-suisse-romande-article-dans-le-temps-du-02-octobre-2023\\\/\"]}]},{\"@type\":\"ImageObject\",\"inLanguage\":\"fr-FR\",\"@id\":\"https:\\\/\\\/permakultur-landwirtschaft.org\\\/les-jardins-forets-essaiment-en-suisse-romande-article-dans-le-temps-du-02-octobre-2023\\\/#primaryimage\",\"url\":\"https:\\\/\\\/permakultur-landwirtschaft.org\\\/wp-content\\\/uploads\\\/2023\\\/10\\\/202310_le_Temps_jardins-forets.jpg\",\"contentUrl\":\"https:\\\/\\\/permakultur-landwirtschaft.org\\\/wp-content\\\/uploads\\\/2023\\\/10\\\/202310_le_Temps_jardins-forets.jpg\",\"width\":700,\"height\":393,\"caption\":\"Foto: David Wagni\u00e8res\"},{\"@type\":\"BreadcrumbList\",\"@id\":\"https:\\\/\\\/permakultur-landwirtschaft.org\\\/les-jardins-forets-essaiment-en-suisse-romande-article-dans-le-temps-du-02-octobre-2023\\\/#breadcrumb\",\"itemListElement\":[{\"@type\":\"ListItem\",\"position\":1,\"name\":\"Startseite\",\"item\":\"https:\\\/\\\/permakultur-landwirtschaft.org\\\/\"},{\"@type\":\"ListItem\",\"position\":2,\"name\":\"Les jardins-for\u00eats essaiment en Suisse romande &#8211; article dans le Temps du 02 octobre 2023\"}]},{\"@type\":\"WebSite\",\"@id\":\"https:\\\/\\\/permakultur-landwirtschaft.org\\\/#website\",\"url\":\"https:\\\/\\\/permakultur-landwirtschaft.org\\\/\",\"name\":\"Permakultur-Landwirtschaft\",\"description\":\"F\u00f6rderung der Permakultur in der Landwirtschaft\",\"publisher\":{\"@id\":\"https:\\\/\\\/permakultur-landwirtschaft.org\\\/#organization\"},\"potentialAction\":[{\"@type\":\"SearchAction\",\"target\":{\"@type\":\"EntryPoint\",\"urlTemplate\":\"https:\\\/\\\/permakultur-landwirtschaft.org\\\/?s={search_term_string}\"},\"query-input\":{\"@type\":\"PropertyValueSpecification\",\"valueRequired\":true,\"valueName\":\"search_term_string\"}}],\"inLanguage\":\"fr-FR\"},{\"@type\":\"Organization\",\"@id\":\"https:\\\/\\\/permakultur-landwirtschaft.org\\\/#organization\",\"name\":\"Permakultur-Landwirtschaft\",\"alternateName\":\"Verein Permakultur-Landwirtschaft\",\"url\":\"https:\\\/\\\/permakultur-landwirtschaft.org\\\/\",\"logo\":{\"@type\":\"ImageObject\",\"inLanguage\":\"fr-FR\",\"@id\":\"https:\\\/\\\/permakultur-landwirtschaft.org\\\/#\\\/schema\\\/logo\\\/image\\\/\",\"url\":\"https:\\\/\\\/permakultur-landwirtschaft.org\\\/wp-content\\\/uploads\\\/2021\\\/11\\\/pela_1268x1269.png\",\"contentUrl\":\"https:\\\/\\\/permakultur-landwirtschaft.org\\\/wp-content\\\/uploads\\\/2021\\\/11\\\/pela_1268x1269.png\",\"width\":1298,\"height\":1269,\"caption\":\"Permakultur-Landwirtschaft\"},\"image\":{\"@id\":\"https:\\\/\\\/permakultur-landwirtschaft.org\\\/#\\\/schema\\\/logo\\\/image\\\/\"},\"sameAs\":[\"https:\\\/\\\/www.facebook.com\\\/PermakulturLandwirtschaft\",\"https:\\\/\\\/www.instagram.com\\\/permakultur_landwirtschaft\\\/\",\"https:\\\/\\\/www.flickr.com\\\/photos\\\/permakultur-landwirtschaft\",\"https:\\\/\\\/www.youtube.com\\\/@PermakulturLandwirtschaft\"]},{\"@type\":\"Person\",\"@id\":\"https:\\\/\\\/permakultur-landwirtschaft.org\\\/#\\\/schema\\\/person\\\/6b0467872f75aed3e144093f9bf4f0b0\",\"name\":\"adrian reutimann\",\"url\":\"https:\\\/\\\/permakultur-landwirtschaft.org\\\/fr\\\/author\\\/reutiadr\\\/\"}]}<\/script>\n<!-- \/ Yoast SEO plugin. -->","yoast_head_json":{"title":"Les jardins-for\u00eats essaiment en Suisse romande - article dans le Temps du 02 octobre 2023 - Permakultur-Landwirtschaft","robots":{"index":"index","follow":"follow","max-snippet":"max-snippet:-1","max-image-preview":"max-image-preview:large","max-video-preview":"max-video-preview:-1"},"canonical":"https:\/\/permakultur-landwirtschaft.org\/fr\/les-jardins-forets-essaiment-en-suisse-romande-article-dans-le-temps-du-02-octobre-2023\/","og_locale":"fr_FR","og_type":"article","og_title":"Les jardins-for\u00eats essaiment en Suisse romande - article dans le Temps du 02 octobre 2023 - Permakultur-Landwirtschaft","og_description":"Texte du letemps.ch: La cr\u00e9ation de petits \u00e9cosyst\u00e8mes forestiers comestibles s\u00e9duit de plus en plus. Reportage \u00e0 Eysins, pr\u00e8s de Nyon, entre yuzu, noyer et arbre \u00e0 salade. C\u2019est un jardin qui ressemble \u00e0 une for\u00eat. Une for\u00eat qu\u2019on cultive comme un potager. Inspir\u00e9 des principes de la permaculture, qui entend produire de la nourriture [&hellip;]","og_url":"https:\/\/permakultur-landwirtschaft.org\/fr\/les-jardins-forets-essaiment-en-suisse-romande-article-dans-le-temps-du-02-octobre-2023\/","og_site_name":"Permakultur-Landwirtschaft","article_publisher":"https:\/\/www.facebook.com\/PermakulturLandwirtschaft","article_published_time":"2023-10-02T12:24:00+00:00","article_modified_time":"2023-10-10T12:29:15+00:00","og_image":[{"width":700,"height":393,"url":"https:\/\/permakultur-landwirtschaft.org\/wp-content\/uploads\/2023\/10\/202310_le_Temps_jardins-forets.jpg","type":"image\/jpeg"}],"author":"adrian reutimann","twitter_card":"summary_large_image","twitter_misc":{"\u00c9crit par":"adrian reutimann","Dur\u00e9e de lecture estim\u00e9e":"1 minute"},"schema":{"@context":"https:\/\/schema.org","@graph":[{"@type":"Article","@id":"https:\/\/permakultur-landwirtschaft.org\/les-jardins-forets-essaiment-en-suisse-romande-article-dans-le-temps-du-02-octobre-2023\/#article","isPartOf":{"@id":"https:\/\/permakultur-landwirtschaft.org\/les-jardins-forets-essaiment-en-suisse-romande-article-dans-le-temps-du-02-octobre-2023\/"},"author":{"name":"adrian reutimann","@id":"https:\/\/permakultur-landwirtschaft.org\/#\/schema\/person\/6b0467872f75aed3e144093f9bf4f0b0"},"headline":"Les jardins-for\u00eats essaiment en Suisse romande &#8211; article dans le Temps du 02 octobre 2023","datePublished":"2023-10-02T12:24:00+00:00","dateModified":"2023-10-10T12:29:15+00:00","mainEntityOfPage":{"@id":"https:\/\/permakultur-landwirtschaft.org\/les-jardins-forets-essaiment-en-suisse-romande-article-dans-le-temps-du-02-octobre-2023\/"},"wordCount":137,"publisher":{"@id":"https:\/\/permakultur-landwirtschaft.org\/#organization"},"image":{"@id":"https:\/\/permakultur-landwirtschaft.org\/les-jardins-forets-essaiment-en-suisse-romande-article-dans-le-temps-du-02-octobre-2023\/#primaryimage"},"thumbnailUrl":"https:\/\/permakultur-landwirtschaft.org\/wp-content\/uploads\/2023\/10\/202310_le_Temps_jardins-forets.jpg","keywords":["jardins-for\u00eats"],"articleSection":["Neuigkeit"],"inLanguage":"fr-FR"},{"@type":"WebPage","@id":"https:\/\/permakultur-landwirtschaft.org\/les-jardins-forets-essaiment-en-suisse-romande-article-dans-le-temps-du-02-octobre-2023\/","url":"https:\/\/permakultur-landwirtschaft.org\/les-jardins-forets-essaiment-en-suisse-romande-article-dans-le-temps-du-02-octobre-2023\/","name":"Les jardins-for\u00eats essaiment en Suisse romande - article dans le Temps du 02 octobre 2023 - Permakultur-Landwirtschaft","isPartOf":{"@id":"https:\/\/permakultur-landwirtschaft.org\/#website"},"primaryImageOfPage":{"@id":"https:\/\/permakultur-landwirtschaft.org\/les-jardins-forets-essaiment-en-suisse-romande-article-dans-le-temps-du-02-octobre-2023\/#primaryimage"},"image":{"@id":"https:\/\/permakultur-landwirtschaft.org\/les-jardins-forets-essaiment-en-suisse-romande-article-dans-le-temps-du-02-octobre-2023\/#primaryimage"},"thumbnailUrl":"https:\/\/permakultur-landwirtschaft.org\/wp-content\/uploads\/2023\/10\/202310_le_Temps_jardins-forets.jpg","datePublished":"2023-10-02T12:24:00+00:00","dateModified":"2023-10-10T12:29:15+00:00","breadcrumb":{"@id":"https:\/\/permakultur-landwirtschaft.org\/les-jardins-forets-essaiment-en-suisse-romande-article-dans-le-temps-du-02-octobre-2023\/#breadcrumb"},"inLanguage":"fr-FR","potentialAction":[{"@type":"ReadAction","target":["https:\/\/permakultur-landwirtschaft.org\/les-jardins-forets-essaiment-en-suisse-romande-article-dans-le-temps-du-02-octobre-2023\/"]}]},{"@type":"ImageObject","inLanguage":"fr-FR","@id":"https:\/\/permakultur-landwirtschaft.org\/les-jardins-forets-essaiment-en-suisse-romande-article-dans-le-temps-du-02-octobre-2023\/#primaryimage","url":"https:\/\/permakultur-landwirtschaft.org\/wp-content\/uploads\/2023\/10\/202310_le_Temps_jardins-forets.jpg","contentUrl":"https:\/\/permakultur-landwirtschaft.org\/wp-content\/uploads\/2023\/10\/202310_le_Temps_jardins-forets.jpg","width":700,"height":393,"caption":"Foto: David Wagni\u00e8res"},{"@type":"BreadcrumbList","@id":"https:\/\/permakultur-landwirtschaft.org\/les-jardins-forets-essaiment-en-suisse-romande-article-dans-le-temps-du-02-octobre-2023\/#breadcrumb","itemListElement":[{"@type":"ListItem","position":1,"name":"Startseite","item":"https:\/\/permakultur-landwirtschaft.org\/"},{"@type":"ListItem","position":2,"name":"Les jardins-for\u00eats essaiment en Suisse romande &#8211; article dans le Temps du 02 octobre 2023"}]},{"@type":"WebSite","@id":"https:\/\/permakultur-landwirtschaft.org\/#website","url":"https:\/\/permakultur-landwirtschaft.org\/","name":"Permakultur-Landwirtschaft","description":"F\u00f6rderung der Permakultur in der Landwirtschaft","publisher":{"@id":"https:\/\/permakultur-landwirtschaft.org\/#organization"},"potentialAction":[{"@type":"SearchAction","target":{"@type":"EntryPoint","urlTemplate":"https:\/\/permakultur-landwirtschaft.org\/?s={search_term_string}"},"query-input":{"@type":"PropertyValueSpecification","valueRequired":true,"valueName":"search_term_string"}}],"inLanguage":"fr-FR"},{"@type":"Organization","@id":"https:\/\/permakultur-landwirtschaft.org\/#organization","name":"Permakultur-Landwirtschaft","alternateName":"Verein Permakultur-Landwirtschaft","url":"https:\/\/permakultur-landwirtschaft.org\/","logo":{"@type":"ImageObject","inLanguage":"fr-FR","@id":"https:\/\/permakultur-landwirtschaft.org\/#\/schema\/logo\/image\/","url":"https:\/\/permakultur-landwirtschaft.org\/wp-content\/uploads\/2021\/11\/pela_1268x1269.png","contentUrl":"https:\/\/permakultur-landwirtschaft.org\/wp-content\/uploads\/2021\/11\/pela_1268x1269.png","width":1298,"height":1269,"caption":"Permakultur-Landwirtschaft"},"image":{"@id":"https:\/\/permakultur-landwirtschaft.org\/#\/schema\/logo\/image\/"},"sameAs":["https:\/\/www.facebook.com\/PermakulturLandwirtschaft","https:\/\/www.instagram.com\/permakultur_landwirtschaft\/","https:\/\/www.flickr.com\/photos\/permakultur-landwirtschaft","https:\/\/www.youtube.com\/@PermakulturLandwirtschaft"]},{"@type":"Person","@id":"https:\/\/permakultur-landwirtschaft.org\/#\/schema\/person\/6b0467872f75aed3e144093f9bf4f0b0","name":"adrian reutimann","url":"https:\/\/permakultur-landwirtschaft.org\/fr\/author\/reutiadr\/"}]}},"_links":{"self":[{"href":"https:\/\/permakultur-landwirtschaft.org\/fr\/wp-json\/wp\/v2\/posts\/32330","targetHints":{"allow":["GET"]}}],"collection":[{"href":"https:\/\/permakultur-landwirtschaft.org\/fr\/wp-json\/wp\/v2\/posts"}],"about":[{"href":"https:\/\/permakultur-landwirtschaft.org\/fr\/wp-json\/wp\/v2\/types\/post"}],"author":[{"embeddable":true,"href":"https:\/\/permakultur-landwirtschaft.org\/fr\/wp-json\/wp\/v2\/users\/2"}],"replies":[{"embeddable":true,"href":"https:\/\/permakultur-landwirtschaft.org\/fr\/wp-json\/wp\/v2\/comments?post=32330"}],"version-history":[{"count":1,"href":"https:\/\/permakultur-landwirtschaft.org\/fr\/wp-json\/wp\/v2\/posts\/32330\/revisions"}],"predecessor-version":[{"id":32332,"href":"https:\/\/permakultur-landwirtschaft.org\/fr\/wp-json\/wp\/v2\/posts\/32330\/revisions\/32332"}],"wp:featuredmedia":[{"embeddable":true,"href":"https:\/\/permakultur-landwirtschaft.org\/fr\/wp-json\/wp\/v2\/media\/32331"}],"wp:attachment":[{"href":"https:\/\/permakultur-landwirtschaft.org\/fr\/wp-json\/wp\/v2\/media?parent=32330"}],"wp:term":[{"taxonomy":"category","embeddable":true,"href":"https:\/\/permakultur-landwirtschaft.org\/fr\/wp-json\/wp\/v2\/categories?post=32330"},{"taxonomy":"post_tag","embeddable":true,"href":"https:\/\/permakultur-landwirtschaft.org\/fr\/wp-json\/wp\/v2\/tags?post=32330"}],"curies":[{"name":"wp","href":"https:\/\/api.w.org\/{rel}","templated":true}]}}