{"id":32320,"date":"2022-05-22T14:07:00","date_gmt":"2022-05-22T12:07:00","guid":{"rendered":"https:\/\/permakultur-landwirtschaft.org\/?p=32320"},"modified":"2023-10-10T14:12:39","modified_gmt":"2023-10-10T12:12:39","slug":"in-wallenbuch-ist-ein-vorzeigeprojekt-fuer-baeumige-landwirtschaft-zu-finden-freiburger-nachrichten-vom-30-mai-2022","status":"publish","type":"post","link":"https:\/\/permakultur-landwirtschaft.org\/fr\/in-wallenbuch-ist-ein-vorzeigeprojekt-fuer-baeumige-landwirtschaft-zu-finden-freiburger-nachrichten-vom-30-mai-2022\/","title":{"rendered":"In Wallenbuch ist ein Vorzeigeprojekt f\u00fcr b\u00e4umige Landwirtschaft zu finden &#8211; Freiburger Nachrichten vom 30. Mai 2022"},"content":{"rendered":"<p>Text von freiburger-nachrichten.ch:<\/p>\n\n\n\n<p>Agroforst liegt im Trend. Der Sinn dahinter ist, landwirtschaftlichen Boden doppelt zu nutzen: Oben wachsen B\u00e4ume, unten Getreide oder Gras. Der Fonds Landschaft Schweiz stellte ein Vorzeigeprojekt dieser Art in Wallenbuch vor und hofft auf mehr davon.\u00a0<\/p>\n\n\n\n<p>Auf rund drei Hektaren Landwirtschaftsland im Gurmelser Ortsteil Wallenbuch wachsen \u00fcber 100 junge Hochstammb\u00e4ume, knapp 150 Spindelb\u00e4umchen und \u00fcber 100 Beerenstauden heran \u2013 in Reih und Glied angeordnet. Die Streifen dazwischen sollen k\u00fcnftig in unterschiedlichen Fruchtfolgen als Weideland, als Ackerfl\u00e4che oder als Gem\u00fcsebeete dienen; so der Plan des Generationenbetriebs von Ren\u00e9 und Valentin Birbaum. F\u00fcr den Fonds Landschaft Schweiz (FLS) ist es ein Vorzeigeprojekt: Am Montag fand auf dem Hof eine Medienkonferenz vom FLS f\u00fcr die Lancierung des Projekts \u00abFLS-Fokus Agroforst\u00bb statt.<\/p>\n\n\n\n<blockquote class=\"wp-block-quote is-layout-flow wp-block-quote-is-layout-flow\">\n<p>Mit Agroforst k\u00f6nnen wir mehr aus der Fl\u00e4che herausholen, und ich arbeite sehr gerne mit Obst.<\/p>\n<cite>Valentin Birbaum<br>Biolandwirt<\/cite><\/blockquote>\n\n\n\n<p><a href=\"https:\/\/www.freiburger-nachrichten.ch\/in-wallenbuch-ist-ein-vorzeigeprojekt-fuer-baeumige-landwirtschaft-zu-finden\/\" target=\"_blank\" rel=\"noreferrer noopener\">Link zum Artikel<\/a><\/p>","protected":false},"excerpt":{"rendered":"<p>Text von freiburger-nachrichten.ch: Agroforst liegt im Trend. Der Sinn dahinter ist, landwirtschaftlichen Boden doppelt zu nutzen: Oben wachsen B\u00e4ume, unten Getreide oder Gras. Der Fonds Landschaft Schweiz stellte ein Vorzeigeprojekt dieser Art in Wallenbuch vor und hofft auf mehr davon.\u00a0 Auf rund drei Hektaren Landwirtschaftsland im Gurmelser Ortsteil Wallenbuch wachsen \u00fcber 100 junge Hochstammb\u00e4ume, knapp [&hellip;]<\/p>\n","protected":false},"author":2,"featured_media":32322,"comment_status":"closed","ping_status":"closed","sticky":false,"template":"","format":"standard","meta":{"_acf_changed":false,"site-sidebar-layout":"default","site-content-layout":"","ast-site-content-layout":"default","site-content-style":"default","site-sidebar-style":"default","ast-global-header-display":"","ast-banner-title-visibility":"","ast-main-header-display":"","ast-hfb-above-header-display":"","ast-hfb-below-header-display":"","ast-hfb-mobile-header-display":"","site-post-title":"","ast-breadcrumbs-content":"","ast-featured-img":"","footer-sml-layout":"","ast-disable-related-posts":"","theme-transparent-header-meta":"","adv-header-id-meta":"","stick-header-meta":"","header-above-stick-meta":"","header-main-stick-meta":"","header-below-stick-meta":"","astra-migrate-meta-layouts":"set","ast-page-background-enabled":"default","ast-page-background-meta":{"desktop":{"background-color":"var(--ast-global-color-4)","background-image":"","background-repeat":"repeat","background-position":"center center","background-size":"auto","background-attachment":"scroll","background-type":"","background-media":"","overlay-type":"","overlay-color":"","overlay-opacity":"","overlay-gradient":""},"tablet":{"background-color":"","background-image":"","background-repeat":"repeat","background-position":"center center","background-size":"auto","background-attachment":"scroll","background-type":"","background-media":"","overlay-type":"","overlay-color":"","overlay-opacity":"","overlay-gradient":""},"mobile":{"background-color":"","background-image":"","background-repeat":"repeat","background-position":"center center","background-size":"auto","background-attachment":"scroll","background-type":"","background-media":"","overlay-type":"","overlay-color":"","overlay-opacity":"","overlay-gradient":""}},"ast-content-background-meta":{"desktop":{"background-color":"var(--ast-global-color-5)","background-image":"","background-repeat":"repeat","background-position":"center center","background-size":"auto","background-attachment":"scroll","background-type":"","background-media":"","overlay-type":"","overlay-color":"","overlay-opacity":"","overlay-gradient":""},"tablet":{"background-color":"var(--ast-global-color-5)","background-image":"","background-repeat":"repeat","background-position":"center center","background-size":"auto","background-attachment":"scroll","background-type":"","background-media":"","overlay-type":"","overlay-color":"","overlay-opacity":"","overlay-gradient":""},"mobile":{"background-color":"var(--ast-global-color-5)","background-image":"","background-repeat":"repeat","background-position":"center center","background-size":"auto","background-attachment":"scroll","background-type":"","background-media":"","overlay-type":"","overlay-color":"","overlay-opacity":"","overlay-gradient":""}},"footnotes":""},"categories":[22],"tags":[31,128],"class_list":["post-32320","post","type-post","status-publish","format-standard","has-post-thumbnail","hentry","category-neuigkeit","tag-agroforst","tag-wallenbuch"],"acf":[],"yoast_head":"<!-- This site is optimized with the Yoast SEO plugin v27.5 - https:\/\/yoast.com\/product\/yoast-seo-wordpress\/ -->\n<title>In Wallenbuch ist ein Vorzeigeprojekt f\u00fcr b\u00e4umige Landwirtschaft zu finden - Freiburger Nachrichten vom 30. Mai 2022 - Permakultur-Landwirtschaft<\/title>\n<meta name=\"robots\" content=\"index, follow, max-snippet:-1, max-image-preview:large, max-video-preview:-1\" \/>\n<link rel=\"canonical\" href=\"https:\/\/permakultur-landwirtschaft.org\/fr\/in-wallenbuch-ist-ein-vorzeigeprojekt-fuer-baeumige-landwirtschaft-zu-finden-freiburger-nachrichten-vom-30-mai-2022\/\" \/>\n<meta property=\"og:locale\" content=\"fr_FR\" \/>\n<meta property=\"og:type\" content=\"article\" \/>\n<meta property=\"og:title\" content=\"In Wallenbuch ist ein Vorzeigeprojekt f\u00fcr b\u00e4umige Landwirtschaft zu finden - Freiburger Nachrichten vom 30. Mai 2022 - Permakultur-Landwirtschaft\" \/>\n<meta property=\"og:description\" content=\"Text von freiburger-nachrichten.ch: Agroforst liegt im Trend. Der Sinn dahinter ist, landwirtschaftlichen Boden doppelt zu nutzen: Oben wachsen B\u00e4ume, unten Getreide oder Gras. Der Fonds Landschaft Schweiz stellte ein Vorzeigeprojekt dieser Art in Wallenbuch vor und hofft auf mehr davon.\u00a0 Auf rund drei Hektaren Landwirtschaftsland im Gurmelser Ortsteil Wallenbuch wachsen \u00fcber 100 junge Hochstammb\u00e4ume, knapp [&hellip;]\" \/>\n<meta property=\"og:url\" content=\"https:\/\/permakultur-landwirtschaft.org\/fr\/in-wallenbuch-ist-ein-vorzeigeprojekt-fuer-baeumige-landwirtschaft-zu-finden-freiburger-nachrichten-vom-30-mai-2022\/\" \/>\n<meta property=\"og:site_name\" content=\"Permakultur-Landwirtschaft\" \/>\n<meta property=\"article:publisher\" content=\"https:\/\/www.facebook.com\/PermakulturLandwirtschaft\" \/>\n<meta property=\"article:published_time\" content=\"2022-05-22T12:07:00+00:00\" \/>\n<meta property=\"article:modified_time\" content=\"2023-10-10T12:12:39+00:00\" \/>\n<meta property=\"og:image\" content=\"https:\/\/permakultur-landwirtschaft.org\/wp-content\/uploads\/2022\/05\/2022_wallenbuch_freiburger_nachrichten.jpeg\" \/>\n\t<meta property=\"og:image:width\" content=\"700\" \/>\n\t<meta property=\"og:image:height\" content=\"525\" \/>\n\t<meta property=\"og:image:type\" content=\"image\/jpeg\" \/>\n<meta name=\"author\" content=\"adrian reutimann\" \/>\n<meta name=\"twitter:card\" content=\"summary_large_image\" \/>\n<meta name=\"twitter:label1\" content=\"\u00c9crit par\" \/>\n\t<meta name=\"twitter:data1\" content=\"adrian reutimann\" \/>\n\t<meta name=\"twitter:label2\" content=\"Dur\u00e9e de lecture estim\u00e9e\" \/>\n\t<meta name=\"twitter:data2\" content=\"1 minute\" \/>\n<script type=\"application\/ld+json\" class=\"yoast-schema-graph\">{\"@context\":\"https:\\\/\\\/schema.org\",\"@graph\":[{\"@type\":\"Article\",\"@id\":\"https:\\\/\\\/permakultur-landwirtschaft.org\\\/in-wallenbuch-ist-ein-vorzeigeprojekt-fuer-baeumige-landwirtschaft-zu-finden-freiburger-nachrichten-vom-30-mai-2022\\\/#article\",\"isPartOf\":{\"@id\":\"https:\\\/\\\/permakultur-landwirtschaft.org\\\/in-wallenbuch-ist-ein-vorzeigeprojekt-fuer-baeumige-landwirtschaft-zu-finden-freiburger-nachrichten-vom-30-mai-2022\\\/\"},\"author\":{\"name\":\"adrian reutimann\",\"@id\":\"https:\\\/\\\/permakultur-landwirtschaft.org\\\/#\\\/schema\\\/person\\\/6b0467872f75aed3e144093f9bf4f0b0\"},\"headline\":\"In Wallenbuch ist ein Vorzeigeprojekt f\u00fcr b\u00e4umige Landwirtschaft zu finden &#8211; Freiburger Nachrichten vom 30. Mai 2022\",\"datePublished\":\"2022-05-22T12:07:00+00:00\",\"dateModified\":\"2023-10-10T12:12:39+00:00\",\"mainEntityOfPage\":{\"@id\":\"https:\\\/\\\/permakultur-landwirtschaft.org\\\/in-wallenbuch-ist-ein-vorzeigeprojekt-fuer-baeumige-landwirtschaft-zu-finden-freiburger-nachrichten-vom-30-mai-2022\\\/\"},\"wordCount\":167,\"publisher\":{\"@id\":\"https:\\\/\\\/permakultur-landwirtschaft.org\\\/#organization\"},\"image\":{\"@id\":\"https:\\\/\\\/permakultur-landwirtschaft.org\\\/in-wallenbuch-ist-ein-vorzeigeprojekt-fuer-baeumige-landwirtschaft-zu-finden-freiburger-nachrichten-vom-30-mai-2022\\\/#primaryimage\"},\"thumbnailUrl\":\"https:\\\/\\\/permakultur-landwirtschaft.org\\\/wp-content\\\/uploads\\\/2022\\\/05\\\/2022_wallenbuch_freiburger_nachrichten.jpeg\",\"keywords\":[\"Agroforst\",\"Wallenbuch\"],\"articleSection\":[\"Neuigkeit\"],\"inLanguage\":\"fr-FR\"},{\"@type\":\"WebPage\",\"@id\":\"https:\\\/\\\/permakultur-landwirtschaft.org\\\/in-wallenbuch-ist-ein-vorzeigeprojekt-fuer-baeumige-landwirtschaft-zu-finden-freiburger-nachrichten-vom-30-mai-2022\\\/\",\"url\":\"https:\\\/\\\/permakultur-landwirtschaft.org\\\/in-wallenbuch-ist-ein-vorzeigeprojekt-fuer-baeumige-landwirtschaft-zu-finden-freiburger-nachrichten-vom-30-mai-2022\\\/\",\"name\":\"In Wallenbuch ist ein Vorzeigeprojekt f\u00fcr b\u00e4umige Landwirtschaft zu finden - Freiburger Nachrichten vom 30. Mai 2022 - Permakultur-Landwirtschaft\",\"isPartOf\":{\"@id\":\"https:\\\/\\\/permakultur-landwirtschaft.org\\\/#website\"},\"primaryImageOfPage\":{\"@id\":\"https:\\\/\\\/permakultur-landwirtschaft.org\\\/in-wallenbuch-ist-ein-vorzeigeprojekt-fuer-baeumige-landwirtschaft-zu-finden-freiburger-nachrichten-vom-30-mai-2022\\\/#primaryimage\"},\"image\":{\"@id\":\"https:\\\/\\\/permakultur-landwirtschaft.org\\\/in-wallenbuch-ist-ein-vorzeigeprojekt-fuer-baeumige-landwirtschaft-zu-finden-freiburger-nachrichten-vom-30-mai-2022\\\/#primaryimage\"},\"thumbnailUrl\":\"https:\\\/\\\/permakultur-landwirtschaft.org\\\/wp-content\\\/uploads\\\/2022\\\/05\\\/2022_wallenbuch_freiburger_nachrichten.jpeg\",\"datePublished\":\"2022-05-22T12:07:00+00:00\",\"dateModified\":\"2023-10-10T12:12:39+00:00\",\"breadcrumb\":{\"@id\":\"https:\\\/\\\/permakultur-landwirtschaft.org\\\/in-wallenbuch-ist-ein-vorzeigeprojekt-fuer-baeumige-landwirtschaft-zu-finden-freiburger-nachrichten-vom-30-mai-2022\\\/#breadcrumb\"},\"inLanguage\":\"fr-FR\",\"potentialAction\":[{\"@type\":\"ReadAction\",\"target\":[\"https:\\\/\\\/permakultur-landwirtschaft.org\\\/in-wallenbuch-ist-ein-vorzeigeprojekt-fuer-baeumige-landwirtschaft-zu-finden-freiburger-nachrichten-vom-30-mai-2022\\\/\"]}]},{\"@type\":\"ImageObject\",\"inLanguage\":\"fr-FR\",\"@id\":\"https:\\\/\\\/permakultur-landwirtschaft.org\\\/in-wallenbuch-ist-ein-vorzeigeprojekt-fuer-baeumige-landwirtschaft-zu-finden-freiburger-nachrichten-vom-30-mai-2022\\\/#primaryimage\",\"url\":\"https:\\\/\\\/permakultur-landwirtschaft.org\\\/wp-content\\\/uploads\\\/2022\\\/05\\\/2022_wallenbuch_freiburger_nachrichten.jpeg\",\"contentUrl\":\"https:\\\/\\\/permakultur-landwirtschaft.org\\\/wp-content\\\/uploads\\\/2022\\\/05\\\/2022_wallenbuch_freiburger_nachrichten.jpeg\",\"width\":700,\"height\":525,\"caption\":\"Foto: Etelka Mueller\"},{\"@type\":\"BreadcrumbList\",\"@id\":\"https:\\\/\\\/permakultur-landwirtschaft.org\\\/in-wallenbuch-ist-ein-vorzeigeprojekt-fuer-baeumige-landwirtschaft-zu-finden-freiburger-nachrichten-vom-30-mai-2022\\\/#breadcrumb\",\"itemListElement\":[{\"@type\":\"ListItem\",\"position\":1,\"name\":\"Startseite\",\"item\":\"https:\\\/\\\/permakultur-landwirtschaft.org\\\/\"},{\"@type\":\"ListItem\",\"position\":2,\"name\":\"In Wallenbuch ist ein Vorzeigeprojekt f\u00fcr b\u00e4umige Landwirtschaft zu finden &#8211; Freiburger Nachrichten vom 30. Mai 2022\"}]},{\"@type\":\"WebSite\",\"@id\":\"https:\\\/\\\/permakultur-landwirtschaft.org\\\/#website\",\"url\":\"https:\\\/\\\/permakultur-landwirtschaft.org\\\/\",\"name\":\"Permakultur-Landwirtschaft\",\"description\":\"F\u00f6rderung der Permakultur in der Landwirtschaft\",\"publisher\":{\"@id\":\"https:\\\/\\\/permakultur-landwirtschaft.org\\\/#organization\"},\"potentialAction\":[{\"@type\":\"SearchAction\",\"target\":{\"@type\":\"EntryPoint\",\"urlTemplate\":\"https:\\\/\\\/permakultur-landwirtschaft.org\\\/?s={search_term_string}\"},\"query-input\":{\"@type\":\"PropertyValueSpecification\",\"valueRequired\":true,\"valueName\":\"search_term_string\"}}],\"inLanguage\":\"fr-FR\"},{\"@type\":\"Organization\",\"@id\":\"https:\\\/\\\/permakultur-landwirtschaft.org\\\/#organization\",\"name\":\"Permakultur-Landwirtschaft\",\"alternateName\":\"Verein Permakultur-Landwirtschaft\",\"url\":\"https:\\\/\\\/permakultur-landwirtschaft.org\\\/\",\"logo\":{\"@type\":\"ImageObject\",\"inLanguage\":\"fr-FR\",\"@id\":\"https:\\\/\\\/permakultur-landwirtschaft.org\\\/#\\\/schema\\\/logo\\\/image\\\/\",\"url\":\"https:\\\/\\\/permakultur-landwirtschaft.org\\\/wp-content\\\/uploads\\\/2021\\\/11\\\/pela_1268x1269.png\",\"contentUrl\":\"https:\\\/\\\/permakultur-landwirtschaft.org\\\/wp-content\\\/uploads\\\/2021\\\/11\\\/pela_1268x1269.png\",\"width\":1298,\"height\":1269,\"caption\":\"Permakultur-Landwirtschaft\"},\"image\":{\"@id\":\"https:\\\/\\\/permakultur-landwirtschaft.org\\\/#\\\/schema\\\/logo\\\/image\\\/\"},\"sameAs\":[\"https:\\\/\\\/www.facebook.com\\\/PermakulturLandwirtschaft\",\"https:\\\/\\\/www.instagram.com\\\/permakultur_landwirtschaft\\\/\",\"https:\\\/\\\/www.flickr.com\\\/photos\\\/permakultur-landwirtschaft\",\"https:\\\/\\\/www.youtube.com\\\/@PermakulturLandwirtschaft\"]},{\"@type\":\"Person\",\"@id\":\"https:\\\/\\\/permakultur-landwirtschaft.org\\\/#\\\/schema\\\/person\\\/6b0467872f75aed3e144093f9bf4f0b0\",\"name\":\"adrian reutimann\",\"url\":\"https:\\\/\\\/permakultur-landwirtschaft.org\\\/fr\\\/author\\\/reutiadr\\\/\"}]}<\/script>\n<!-- \/ Yoast SEO plugin. -->","yoast_head_json":{"title":"In Wallenbuch ist ein Vorzeigeprojekt f\u00fcr b\u00e4umige Landwirtschaft zu finden - Freiburger Nachrichten vom 30. Mai 2022 - Permakultur-Landwirtschaft","robots":{"index":"index","follow":"follow","max-snippet":"max-snippet:-1","max-image-preview":"max-image-preview:large","max-video-preview":"max-video-preview:-1"},"canonical":"https:\/\/permakultur-landwirtschaft.org\/fr\/in-wallenbuch-ist-ein-vorzeigeprojekt-fuer-baeumige-landwirtschaft-zu-finden-freiburger-nachrichten-vom-30-mai-2022\/","og_locale":"fr_FR","og_type":"article","og_title":"In Wallenbuch ist ein Vorzeigeprojekt f\u00fcr b\u00e4umige Landwirtschaft zu finden - Freiburger Nachrichten vom 30. Mai 2022 - Permakultur-Landwirtschaft","og_description":"Text von freiburger-nachrichten.ch: Agroforst liegt im Trend. Der Sinn dahinter ist, landwirtschaftlichen Boden doppelt zu nutzen: Oben wachsen B\u00e4ume, unten Getreide oder Gras. Der Fonds Landschaft Schweiz stellte ein Vorzeigeprojekt dieser Art in Wallenbuch vor und hofft auf mehr davon.\u00a0 Auf rund drei Hektaren Landwirtschaftsland im Gurmelser Ortsteil Wallenbuch wachsen \u00fcber 100 junge Hochstammb\u00e4ume, knapp [&hellip;]","og_url":"https:\/\/permakultur-landwirtschaft.org\/fr\/in-wallenbuch-ist-ein-vorzeigeprojekt-fuer-baeumige-landwirtschaft-zu-finden-freiburger-nachrichten-vom-30-mai-2022\/","og_site_name":"Permakultur-Landwirtschaft","article_publisher":"https:\/\/www.facebook.com\/PermakulturLandwirtschaft","article_published_time":"2022-05-22T12:07:00+00:00","article_modified_time":"2023-10-10T12:12:39+00:00","og_image":[{"width":700,"height":525,"url":"https:\/\/permakultur-landwirtschaft.org\/wp-content\/uploads\/2022\/05\/2022_wallenbuch_freiburger_nachrichten.jpeg","type":"image\/jpeg"}],"author":"adrian reutimann","twitter_card":"summary_large_image","twitter_misc":{"\u00c9crit par":"adrian reutimann","Dur\u00e9e de lecture estim\u00e9e":"1 minute"},"schema":{"@context":"https:\/\/schema.org","@graph":[{"@type":"Article","@id":"https:\/\/permakultur-landwirtschaft.org\/in-wallenbuch-ist-ein-vorzeigeprojekt-fuer-baeumige-landwirtschaft-zu-finden-freiburger-nachrichten-vom-30-mai-2022\/#article","isPartOf":{"@id":"https:\/\/permakultur-landwirtschaft.org\/in-wallenbuch-ist-ein-vorzeigeprojekt-fuer-baeumige-landwirtschaft-zu-finden-freiburger-nachrichten-vom-30-mai-2022\/"},"author":{"name":"adrian reutimann","@id":"https:\/\/permakultur-landwirtschaft.org\/#\/schema\/person\/6b0467872f75aed3e144093f9bf4f0b0"},"headline":"In Wallenbuch ist ein Vorzeigeprojekt f\u00fcr b\u00e4umige Landwirtschaft zu finden &#8211; Freiburger Nachrichten vom 30. Mai 2022","datePublished":"2022-05-22T12:07:00+00:00","dateModified":"2023-10-10T12:12:39+00:00","mainEntityOfPage":{"@id":"https:\/\/permakultur-landwirtschaft.org\/in-wallenbuch-ist-ein-vorzeigeprojekt-fuer-baeumige-landwirtschaft-zu-finden-freiburger-nachrichten-vom-30-mai-2022\/"},"wordCount":167,"publisher":{"@id":"https:\/\/permakultur-landwirtschaft.org\/#organization"},"image":{"@id":"https:\/\/permakultur-landwirtschaft.org\/in-wallenbuch-ist-ein-vorzeigeprojekt-fuer-baeumige-landwirtschaft-zu-finden-freiburger-nachrichten-vom-30-mai-2022\/#primaryimage"},"thumbnailUrl":"https:\/\/permakultur-landwirtschaft.org\/wp-content\/uploads\/2022\/05\/2022_wallenbuch_freiburger_nachrichten.jpeg","keywords":["Agroforst","Wallenbuch"],"articleSection":["Neuigkeit"],"inLanguage":"fr-FR"},{"@type":"WebPage","@id":"https:\/\/permakultur-landwirtschaft.org\/in-wallenbuch-ist-ein-vorzeigeprojekt-fuer-baeumige-landwirtschaft-zu-finden-freiburger-nachrichten-vom-30-mai-2022\/","url":"https:\/\/permakultur-landwirtschaft.org\/in-wallenbuch-ist-ein-vorzeigeprojekt-fuer-baeumige-landwirtschaft-zu-finden-freiburger-nachrichten-vom-30-mai-2022\/","name":"In Wallenbuch ist ein Vorzeigeprojekt f\u00fcr b\u00e4umige Landwirtschaft zu finden - Freiburger Nachrichten vom 30. Mai 2022 - Permakultur-Landwirtschaft","isPartOf":{"@id":"https:\/\/permakultur-landwirtschaft.org\/#website"},"primaryImageOfPage":{"@id":"https:\/\/permakultur-landwirtschaft.org\/in-wallenbuch-ist-ein-vorzeigeprojekt-fuer-baeumige-landwirtschaft-zu-finden-freiburger-nachrichten-vom-30-mai-2022\/#primaryimage"},"image":{"@id":"https:\/\/permakultur-landwirtschaft.org\/in-wallenbuch-ist-ein-vorzeigeprojekt-fuer-baeumige-landwirtschaft-zu-finden-freiburger-nachrichten-vom-30-mai-2022\/#primaryimage"},"thumbnailUrl":"https:\/\/permakultur-landwirtschaft.org\/wp-content\/uploads\/2022\/05\/2022_wallenbuch_freiburger_nachrichten.jpeg","datePublished":"2022-05-22T12:07:00+00:00","dateModified":"2023-10-10T12:12:39+00:00","breadcrumb":{"@id":"https:\/\/permakultur-landwirtschaft.org\/in-wallenbuch-ist-ein-vorzeigeprojekt-fuer-baeumige-landwirtschaft-zu-finden-freiburger-nachrichten-vom-30-mai-2022\/#breadcrumb"},"inLanguage":"fr-FR","potentialAction":[{"@type":"ReadAction","target":["https:\/\/permakultur-landwirtschaft.org\/in-wallenbuch-ist-ein-vorzeigeprojekt-fuer-baeumige-landwirtschaft-zu-finden-freiburger-nachrichten-vom-30-mai-2022\/"]}]},{"@type":"ImageObject","inLanguage":"fr-FR","@id":"https:\/\/permakultur-landwirtschaft.org\/in-wallenbuch-ist-ein-vorzeigeprojekt-fuer-baeumige-landwirtschaft-zu-finden-freiburger-nachrichten-vom-30-mai-2022\/#primaryimage","url":"https:\/\/permakultur-landwirtschaft.org\/wp-content\/uploads\/2022\/05\/2022_wallenbuch_freiburger_nachrichten.jpeg","contentUrl":"https:\/\/permakultur-landwirtschaft.org\/wp-content\/uploads\/2022\/05\/2022_wallenbuch_freiburger_nachrichten.jpeg","width":700,"height":525,"caption":"Foto: Etelka Mueller"},{"@type":"BreadcrumbList","@id":"https:\/\/permakultur-landwirtschaft.org\/in-wallenbuch-ist-ein-vorzeigeprojekt-fuer-baeumige-landwirtschaft-zu-finden-freiburger-nachrichten-vom-30-mai-2022\/#breadcrumb","itemListElement":[{"@type":"ListItem","position":1,"name":"Startseite","item":"https:\/\/permakultur-landwirtschaft.org\/"},{"@type":"ListItem","position":2,"name":"In Wallenbuch ist ein Vorzeigeprojekt f\u00fcr b\u00e4umige Landwirtschaft zu finden &#8211; Freiburger Nachrichten vom 30. Mai 2022"}]},{"@type":"WebSite","@id":"https:\/\/permakultur-landwirtschaft.org\/#website","url":"https:\/\/permakultur-landwirtschaft.org\/","name":"Permakultur-Landwirtschaft","description":"F\u00f6rderung der Permakultur in der Landwirtschaft","publisher":{"@id":"https:\/\/permakultur-landwirtschaft.org\/#organization"},"potentialAction":[{"@type":"SearchAction","target":{"@type":"EntryPoint","urlTemplate":"https:\/\/permakultur-landwirtschaft.org\/?s={search_term_string}"},"query-input":{"@type":"PropertyValueSpecification","valueRequired":true,"valueName":"search_term_string"}}],"inLanguage":"fr-FR"},{"@type":"Organization","@id":"https:\/\/permakultur-landwirtschaft.org\/#organization","name":"Permakultur-Landwirtschaft","alternateName":"Verein Permakultur-Landwirtschaft","url":"https:\/\/permakultur-landwirtschaft.org\/","logo":{"@type":"ImageObject","inLanguage":"fr-FR","@id":"https:\/\/permakultur-landwirtschaft.org\/#\/schema\/logo\/image\/","url":"https:\/\/permakultur-landwirtschaft.org\/wp-content\/uploads\/2021\/11\/pela_1268x1269.png","contentUrl":"https:\/\/permakultur-landwirtschaft.org\/wp-content\/uploads\/2021\/11\/pela_1268x1269.png","width":1298,"height":1269,"caption":"Permakultur-Landwirtschaft"},"image":{"@id":"https:\/\/permakultur-landwirtschaft.org\/#\/schema\/logo\/image\/"},"sameAs":["https:\/\/www.facebook.com\/PermakulturLandwirtschaft","https:\/\/www.instagram.com\/permakultur_landwirtschaft\/","https:\/\/www.flickr.com\/photos\/permakultur-landwirtschaft","https:\/\/www.youtube.com\/@PermakulturLandwirtschaft"]},{"@type":"Person","@id":"https:\/\/permakultur-landwirtschaft.org\/#\/schema\/person\/6b0467872f75aed3e144093f9bf4f0b0","name":"adrian reutimann","url":"https:\/\/permakultur-landwirtschaft.org\/fr\/author\/reutiadr\/"}]}},"_links":{"self":[{"href":"https:\/\/permakultur-landwirtschaft.org\/fr\/wp-json\/wp\/v2\/posts\/32320","targetHints":{"allow":["GET"]}}],"collection":[{"href":"https:\/\/permakultur-landwirtschaft.org\/fr\/wp-json\/wp\/v2\/posts"}],"about":[{"href":"https:\/\/permakultur-landwirtschaft.org\/fr\/wp-json\/wp\/v2\/types\/post"}],"author":[{"embeddable":true,"href":"https:\/\/permakultur-landwirtschaft.org\/fr\/wp-json\/wp\/v2\/users\/2"}],"replies":[{"embeddable":true,"href":"https:\/\/permakultur-landwirtschaft.org\/fr\/wp-json\/wp\/v2\/comments?post=32320"}],"version-history":[{"count":4,"href":"https:\/\/permakultur-landwirtschaft.org\/fr\/wp-json\/wp\/v2\/posts\/32320\/revisions"}],"predecessor-version":[{"id":32326,"href":"https:\/\/permakultur-landwirtschaft.org\/fr\/wp-json\/wp\/v2\/posts\/32320\/revisions\/32326"}],"wp:featuredmedia":[{"embeddable":true,"href":"https:\/\/permakultur-landwirtschaft.org\/fr\/wp-json\/wp\/v2\/media\/32322"}],"wp:attachment":[{"href":"https:\/\/permakultur-landwirtschaft.org\/fr\/wp-json\/wp\/v2\/media?parent=32320"}],"wp:term":[{"taxonomy":"category","embeddable":true,"href":"https:\/\/permakultur-landwirtschaft.org\/fr\/wp-json\/wp\/v2\/categories?post=32320"},{"taxonomy":"post_tag","embeddable":true,"href":"https:\/\/permakultur-landwirtschaft.org\/fr\/wp-json\/wp\/v2\/tags?post=32320"}],"curies":[{"name":"wp","href":"https:\/\/api.w.org\/{rel}","templated":true}]}}