{"id":32314,"date":"2023-05-31T13:56:00","date_gmt":"2023-05-31T11:56:00","guid":{"rendered":"https:\/\/permakultur-landwirtschaft.org\/?p=32314"},"modified":"2023-11-16T10:08:14","modified_gmt":"2023-11-16T09:08:14","slug":"pflanzenstaerkung-mikroorganismen-und-komposttee-kurs-am-07-februar-2024","status":"publish","type":"post","link":"https:\/\/permakultur-landwirtschaft.org\/fr\/pflanzenstaerkung-mikroorganismen-und-komposttee-kurs-am-07-februar-2024\/","title":{"rendered":"Pflanzenst\u00e4rkung: Mikroorganismen und Komposttee &#8211; Kurs am 07. Februar 2024"},"content":{"rendered":"<p>Text von inforama.ch:<\/p>\n\n\n\n<p>Im Boden ist richtig viel Leben verborgen. Und genau dieses wollen wir in unserem Workshop n\u00e4herbringen. Die Bodenmikrobiologie ist der Schl\u00fcssel f\u00fcr ein ganzheitlich gesundes und kr\u00e4ftiges Pflanzenwachstum. Dieses Bodenleben ist nicht nur spannend, es kann auch aktiv gef\u00f6rdert werden &#8211; n\u00e4mlich mit Komposttee!<br>Adrian Rubi gibt Einblick in die Mikrobiologie und zeigt auf, wie Komposttee selber hergestellt werden kann. Er teilt seine Erfahrungen und Erkenntnisse aus Wissenschaft, und Praxis mit der EDAPRO GmbH, welche er bei der Forschung an Komposttee und Bodenleben gemacht hat. Nach dem Workshop sind die Teilnehmenden selber schon fast Komposttee Experte\/Expertin.<\/p>\n\n\n\n<h3 class=\"wp-block-heading\">Date<\/h3>\n\n\n\n<p>07. Februar 2024<\/p>\n\n\n\n<h3 class=\"wp-block-heading\">Lieu<\/h3>\n\n\n\n<p>INFORAMA Bio-Schule<br>Schwand 2<br>3110 M\u00fcnsingen BE<\/p>\n\n\n\n<p><a href=\"https:\/\/www.inforama.ch\/kurse#\/weiterbildung\/agroforst_und_regenerative_landwirtschaft\/28972\" target=\"_blank\" rel=\"noreferrer noopener\">Mehr Infos und Anmeldung<\/a><\/p>","protected":false},"excerpt":{"rendered":"<p>Text von inforama.ch: Im Boden ist richtig viel Leben verborgen. Und genau dieses wollen wir in unserem Workshop n\u00e4herbringen. Die Bodenmikrobiologie ist der Schl\u00fcssel f\u00fcr ein ganzheitlich gesundes und kr\u00e4ftiges Pflanzenwachstum. Dieses Bodenleben ist nicht nur spannend, es kann auch aktiv gef\u00f6rdert werden &#8211; n\u00e4mlich mit Komposttee!Adrian Rubi gibt Einblick in die Mikrobiologie und zeigt [&hellip;]<\/p>\n","protected":false},"author":2,"featured_media":32315,"comment_status":"closed","ping_status":"closed","sticky":false,"template":"","format":"standard","meta":{"_acf_changed":false,"site-sidebar-layout":"default","site-content-layout":"","ast-site-content-layout":"default","site-content-style":"default","site-sidebar-style":"default","ast-global-header-display":"","ast-banner-title-visibility":"","ast-main-header-display":"","ast-hfb-above-header-display":"","ast-hfb-below-header-display":"","ast-hfb-mobile-header-display":"","site-post-title":"","ast-breadcrumbs-content":"","ast-featured-img":"","footer-sml-layout":"","ast-disable-related-posts":"","theme-transparent-header-meta":"","adv-header-id-meta":"","stick-header-meta":"","header-above-stick-meta":"","header-main-stick-meta":"","header-below-stick-meta":"","astra-migrate-meta-layouts":"set","ast-page-background-enabled":"default","ast-page-background-meta":{"desktop":{"background-color":"var(--ast-global-color-4)","background-image":"","background-repeat":"repeat","background-position":"center center","background-size":"auto","background-attachment":"scroll","background-type":"","background-media":"","overlay-type":"","overlay-color":"","overlay-opacity":"","overlay-gradient":""},"tablet":{"background-color":"","background-image":"","background-repeat":"repeat","background-position":"center center","background-size":"auto","background-attachment":"scroll","background-type":"","background-media":"","overlay-type":"","overlay-color":"","overlay-opacity":"","overlay-gradient":""},"mobile":{"background-color":"","background-image":"","background-repeat":"repeat","background-position":"center center","background-size":"auto","background-attachment":"scroll","background-type":"","background-media":"","overlay-type":"","overlay-color":"","overlay-opacity":"","overlay-gradient":""}},"ast-content-background-meta":{"desktop":{"background-color":"var(--ast-global-color-5)","background-image":"","background-repeat":"repeat","background-position":"center center","background-size":"auto","background-attachment":"scroll","background-type":"","background-media":"","overlay-type":"","overlay-color":"","overlay-opacity":"","overlay-gradient":""},"tablet":{"background-color":"var(--ast-global-color-5)","background-image":"","background-repeat":"repeat","background-position":"center center","background-size":"auto","background-attachment":"scroll","background-type":"","background-media":"","overlay-type":"","overlay-color":"","overlay-opacity":"","overlay-gradient":""},"mobile":{"background-color":"var(--ast-global-color-5)","background-image":"","background-repeat":"repeat","background-position":"center center","background-size":"auto","background-attachment":"scroll","background-type":"","background-media":"","overlay-type":"","overlay-color":"","overlay-opacity":"","overlay-gradient":""}},"footnotes":""},"categories":[14],"tags":[35,114,130,131],"class_list":["post-32314","post","type-post","status-publish","format-standard","has-post-thumbnail","hentry","category-veranstaltung","tag-inforama","tag-komposttee","tag-mikroorganismen","tag-pflanzenstaerkung"],"acf":[],"yoast_head":"<!-- This site is optimized with the Yoast SEO plugin v27.5 - https:\/\/yoast.com\/product\/yoast-seo-wordpress\/ -->\n<title>Pflanzenst\u00e4rkung: Mikroorganismen und Komposttee - Kurs am 07. Februar 2024 - Permakultur-Landwirtschaft<\/title>\n<meta name=\"robots\" content=\"index, follow, max-snippet:-1, max-image-preview:large, max-video-preview:-1\" \/>\n<link rel=\"canonical\" href=\"https:\/\/permakultur-landwirtschaft.org\/fr\/pflanzenstaerkung-mikroorganismen-und-komposttee-kurs-am-07-februar-2024\/\" \/>\n<meta property=\"og:locale\" content=\"fr_FR\" \/>\n<meta property=\"og:type\" content=\"article\" \/>\n<meta property=\"og:title\" content=\"Pflanzenst\u00e4rkung: Mikroorganismen und Komposttee - Kurs am 07. Februar 2024 - Permakultur-Landwirtschaft\" \/>\n<meta property=\"og:description\" content=\"Text von inforama.ch: Im Boden ist richtig viel Leben verborgen. Und genau dieses wollen wir in unserem Workshop n\u00e4herbringen. Die Bodenmikrobiologie ist der Schl\u00fcssel f\u00fcr ein ganzheitlich gesundes und kr\u00e4ftiges Pflanzenwachstum. Dieses Bodenleben ist nicht nur spannend, es kann auch aktiv gef\u00f6rdert werden &#8211; n\u00e4mlich mit Komposttee!Adrian Rubi gibt Einblick in die Mikrobiologie und zeigt [&hellip;]\" \/>\n<meta property=\"og:url\" content=\"https:\/\/permakultur-landwirtschaft.org\/fr\/pflanzenstaerkung-mikroorganismen-und-komposttee-kurs-am-07-februar-2024\/\" \/>\n<meta property=\"og:site_name\" content=\"Permakultur-Landwirtschaft\" \/>\n<meta property=\"article:publisher\" content=\"https:\/\/www.facebook.com\/PermakulturLandwirtschaft\" \/>\n<meta property=\"article:published_time\" content=\"2023-05-31T11:56:00+00:00\" \/>\n<meta property=\"article:modified_time\" content=\"2023-11-16T09:08:14+00:00\" \/>\n<meta property=\"og:image\" content=\"https:\/\/permakultur-landwirtschaft.org\/wp-content\/uploads\/2023\/10\/Komposttee_Rubi_700.jpg\" \/>\n\t<meta property=\"og:image:width\" content=\"700\" \/>\n\t<meta property=\"og:image:height\" content=\"468\" \/>\n\t<meta property=\"og:image:type\" content=\"image\/jpeg\" \/>\n<meta name=\"author\" content=\"adrian reutimann\" \/>\n<meta name=\"twitter:card\" content=\"summary_large_image\" \/>\n<meta name=\"twitter:label1\" content=\"\u00c9crit par\" \/>\n\t<meta name=\"twitter:data1\" content=\"adrian reutimann\" \/>\n\t<meta name=\"twitter:label2\" content=\"Dur\u00e9e de lecture estim\u00e9e\" \/>\n\t<meta name=\"twitter:data2\" content=\"1 minute\" \/>\n<script type=\"application\/ld+json\" class=\"yoast-schema-graph\">{\"@context\":\"https:\\\/\\\/schema.org\",\"@graph\":[{\"@type\":\"Article\",\"@id\":\"https:\\\/\\\/permakultur-landwirtschaft.org\\\/pflanzenstaerkung-mikroorganismen-und-komposttee-kurs-am-07-februar-2024\\\/#article\",\"isPartOf\":{\"@id\":\"https:\\\/\\\/permakultur-landwirtschaft.org\\\/pflanzenstaerkung-mikroorganismen-und-komposttee-kurs-am-07-februar-2024\\\/\"},\"author\":{\"name\":\"adrian reutimann\",\"@id\":\"https:\\\/\\\/permakultur-landwirtschaft.org\\\/#\\\/schema\\\/person\\\/6b0467872f75aed3e144093f9bf4f0b0\"},\"headline\":\"Pflanzenst\u00e4rkung: Mikroorganismen und Komposttee &#8211; Kurs am 07. Februar 2024\",\"datePublished\":\"2023-05-31T11:56:00+00:00\",\"dateModified\":\"2023-11-16T09:08:14+00:00\",\"mainEntityOfPage\":{\"@id\":\"https:\\\/\\\/permakultur-landwirtschaft.org\\\/pflanzenstaerkung-mikroorganismen-und-komposttee-kurs-am-07-februar-2024\\\/\"},\"wordCount\":128,\"publisher\":{\"@id\":\"https:\\\/\\\/permakultur-landwirtschaft.org\\\/#organization\"},\"image\":{\"@id\":\"https:\\\/\\\/permakultur-landwirtschaft.org\\\/pflanzenstaerkung-mikroorganismen-und-komposttee-kurs-am-07-februar-2024\\\/#primaryimage\"},\"thumbnailUrl\":\"https:\\\/\\\/permakultur-landwirtschaft.org\\\/wp-content\\\/uploads\\\/2023\\\/10\\\/Komposttee_Rubi_700.jpg\",\"keywords\":[\"Inforama\",\"Komposttee\",\"Mikroorganismen\",\"Pflanzenst\u00e4rkung\"],\"articleSection\":[\"Veranstaltung\"],\"inLanguage\":\"fr-FR\"},{\"@type\":\"WebPage\",\"@id\":\"https:\\\/\\\/permakultur-landwirtschaft.org\\\/pflanzenstaerkung-mikroorganismen-und-komposttee-kurs-am-07-februar-2024\\\/\",\"url\":\"https:\\\/\\\/permakultur-landwirtschaft.org\\\/pflanzenstaerkung-mikroorganismen-und-komposttee-kurs-am-07-februar-2024\\\/\",\"name\":\"Pflanzenst\u00e4rkung: Mikroorganismen und Komposttee - Kurs am 07. Februar 2024 - Permakultur-Landwirtschaft\",\"isPartOf\":{\"@id\":\"https:\\\/\\\/permakultur-landwirtschaft.org\\\/#website\"},\"primaryImageOfPage\":{\"@id\":\"https:\\\/\\\/permakultur-landwirtschaft.org\\\/pflanzenstaerkung-mikroorganismen-und-komposttee-kurs-am-07-februar-2024\\\/#primaryimage\"},\"image\":{\"@id\":\"https:\\\/\\\/permakultur-landwirtschaft.org\\\/pflanzenstaerkung-mikroorganismen-und-komposttee-kurs-am-07-februar-2024\\\/#primaryimage\"},\"thumbnailUrl\":\"https:\\\/\\\/permakultur-landwirtschaft.org\\\/wp-content\\\/uploads\\\/2023\\\/10\\\/Komposttee_Rubi_700.jpg\",\"datePublished\":\"2023-05-31T11:56:00+00:00\",\"dateModified\":\"2023-11-16T09:08:14+00:00\",\"breadcrumb\":{\"@id\":\"https:\\\/\\\/permakultur-landwirtschaft.org\\\/pflanzenstaerkung-mikroorganismen-und-komposttee-kurs-am-07-februar-2024\\\/#breadcrumb\"},\"inLanguage\":\"fr-FR\",\"potentialAction\":[{\"@type\":\"ReadAction\",\"target\":[\"https:\\\/\\\/permakultur-landwirtschaft.org\\\/pflanzenstaerkung-mikroorganismen-und-komposttee-kurs-am-07-februar-2024\\\/\"]}]},{\"@type\":\"ImageObject\",\"inLanguage\":\"fr-FR\",\"@id\":\"https:\\\/\\\/permakultur-landwirtschaft.org\\\/pflanzenstaerkung-mikroorganismen-und-komposttee-kurs-am-07-februar-2024\\\/#primaryimage\",\"url\":\"https:\\\/\\\/permakultur-landwirtschaft.org\\\/wp-content\\\/uploads\\\/2023\\\/10\\\/Komposttee_Rubi_700.jpg\",\"contentUrl\":\"https:\\\/\\\/permakultur-landwirtschaft.org\\\/wp-content\\\/uploads\\\/2023\\\/10\\\/Komposttee_Rubi_700.jpg\",\"width\":700,\"height\":468,\"caption\":\"Foto: M. Laager\"},{\"@type\":\"BreadcrumbList\",\"@id\":\"https:\\\/\\\/permakultur-landwirtschaft.org\\\/pflanzenstaerkung-mikroorganismen-und-komposttee-kurs-am-07-februar-2024\\\/#breadcrumb\",\"itemListElement\":[{\"@type\":\"ListItem\",\"position\":1,\"name\":\"Startseite\",\"item\":\"https:\\\/\\\/permakultur-landwirtschaft.org\\\/\"},{\"@type\":\"ListItem\",\"position\":2,\"name\":\"Pflanzenst\u00e4rkung: Mikroorganismen und Komposttee &#8211; Kurs am 07. Februar 2024\"}]},{\"@type\":\"WebSite\",\"@id\":\"https:\\\/\\\/permakultur-landwirtschaft.org\\\/#website\",\"url\":\"https:\\\/\\\/permakultur-landwirtschaft.org\\\/\",\"name\":\"Permakultur-Landwirtschaft\",\"description\":\"F\u00f6rderung der Permakultur in der Landwirtschaft\",\"publisher\":{\"@id\":\"https:\\\/\\\/permakultur-landwirtschaft.org\\\/#organization\"},\"potentialAction\":[{\"@type\":\"SearchAction\",\"target\":{\"@type\":\"EntryPoint\",\"urlTemplate\":\"https:\\\/\\\/permakultur-landwirtschaft.org\\\/?s={search_term_string}\"},\"query-input\":{\"@type\":\"PropertyValueSpecification\",\"valueRequired\":true,\"valueName\":\"search_term_string\"}}],\"inLanguage\":\"fr-FR\"},{\"@type\":\"Organization\",\"@id\":\"https:\\\/\\\/permakultur-landwirtschaft.org\\\/#organization\",\"name\":\"Permakultur-Landwirtschaft\",\"alternateName\":\"Verein Permakultur-Landwirtschaft\",\"url\":\"https:\\\/\\\/permakultur-landwirtschaft.org\\\/\",\"logo\":{\"@type\":\"ImageObject\",\"inLanguage\":\"fr-FR\",\"@id\":\"https:\\\/\\\/permakultur-landwirtschaft.org\\\/#\\\/schema\\\/logo\\\/image\\\/\",\"url\":\"https:\\\/\\\/permakultur-landwirtschaft.org\\\/wp-content\\\/uploads\\\/2021\\\/11\\\/pela_1268x1269.png\",\"contentUrl\":\"https:\\\/\\\/permakultur-landwirtschaft.org\\\/wp-content\\\/uploads\\\/2021\\\/11\\\/pela_1268x1269.png\",\"width\":1298,\"height\":1269,\"caption\":\"Permakultur-Landwirtschaft\"},\"image\":{\"@id\":\"https:\\\/\\\/permakultur-landwirtschaft.org\\\/#\\\/schema\\\/logo\\\/image\\\/\"},\"sameAs\":[\"https:\\\/\\\/www.facebook.com\\\/PermakulturLandwirtschaft\",\"https:\\\/\\\/www.instagram.com\\\/permakultur_landwirtschaft\\\/\",\"https:\\\/\\\/www.flickr.com\\\/photos\\\/permakultur-landwirtschaft\",\"https:\\\/\\\/www.youtube.com\\\/@PermakulturLandwirtschaft\"]},{\"@type\":\"Person\",\"@id\":\"https:\\\/\\\/permakultur-landwirtschaft.org\\\/#\\\/schema\\\/person\\\/6b0467872f75aed3e144093f9bf4f0b0\",\"name\":\"adrian reutimann\",\"url\":\"https:\\\/\\\/permakultur-landwirtschaft.org\\\/fr\\\/author\\\/reutiadr\\\/\"}]}<\/script>\n<!-- \/ Yoast SEO plugin. -->","yoast_head_json":{"title":"Pflanzenst\u00e4rkung: Mikroorganismen und Komposttee - Kurs am 07. Februar 2024 - Permakultur-Landwirtschaft","robots":{"index":"index","follow":"follow","max-snippet":"max-snippet:-1","max-image-preview":"max-image-preview:large","max-video-preview":"max-video-preview:-1"},"canonical":"https:\/\/permakultur-landwirtschaft.org\/fr\/pflanzenstaerkung-mikroorganismen-und-komposttee-kurs-am-07-februar-2024\/","og_locale":"fr_FR","og_type":"article","og_title":"Pflanzenst\u00e4rkung: Mikroorganismen und Komposttee - Kurs am 07. Februar 2024 - Permakultur-Landwirtschaft","og_description":"Text von inforama.ch: Im Boden ist richtig viel Leben verborgen. Und genau dieses wollen wir in unserem Workshop n\u00e4herbringen. Die Bodenmikrobiologie ist der Schl\u00fcssel f\u00fcr ein ganzheitlich gesundes und kr\u00e4ftiges Pflanzenwachstum. Dieses Bodenleben ist nicht nur spannend, es kann auch aktiv gef\u00f6rdert werden &#8211; n\u00e4mlich mit Komposttee!Adrian Rubi gibt Einblick in die Mikrobiologie und zeigt [&hellip;]","og_url":"https:\/\/permakultur-landwirtschaft.org\/fr\/pflanzenstaerkung-mikroorganismen-und-komposttee-kurs-am-07-februar-2024\/","og_site_name":"Permakultur-Landwirtschaft","article_publisher":"https:\/\/www.facebook.com\/PermakulturLandwirtschaft","article_published_time":"2023-05-31T11:56:00+00:00","article_modified_time":"2023-11-16T09:08:14+00:00","og_image":[{"width":700,"height":468,"url":"https:\/\/permakultur-landwirtschaft.org\/wp-content\/uploads\/2023\/10\/Komposttee_Rubi_700.jpg","type":"image\/jpeg"}],"author":"adrian reutimann","twitter_card":"summary_large_image","twitter_misc":{"\u00c9crit par":"adrian reutimann","Dur\u00e9e de lecture estim\u00e9e":"1 minute"},"schema":{"@context":"https:\/\/schema.org","@graph":[{"@type":"Article","@id":"https:\/\/permakultur-landwirtschaft.org\/pflanzenstaerkung-mikroorganismen-und-komposttee-kurs-am-07-februar-2024\/#article","isPartOf":{"@id":"https:\/\/permakultur-landwirtschaft.org\/pflanzenstaerkung-mikroorganismen-und-komposttee-kurs-am-07-februar-2024\/"},"author":{"name":"adrian reutimann","@id":"https:\/\/permakultur-landwirtschaft.org\/#\/schema\/person\/6b0467872f75aed3e144093f9bf4f0b0"},"headline":"Pflanzenst\u00e4rkung: Mikroorganismen und Komposttee &#8211; Kurs am 07. Februar 2024","datePublished":"2023-05-31T11:56:00+00:00","dateModified":"2023-11-16T09:08:14+00:00","mainEntityOfPage":{"@id":"https:\/\/permakultur-landwirtschaft.org\/pflanzenstaerkung-mikroorganismen-und-komposttee-kurs-am-07-februar-2024\/"},"wordCount":128,"publisher":{"@id":"https:\/\/permakultur-landwirtschaft.org\/#organization"},"image":{"@id":"https:\/\/permakultur-landwirtschaft.org\/pflanzenstaerkung-mikroorganismen-und-komposttee-kurs-am-07-februar-2024\/#primaryimage"},"thumbnailUrl":"https:\/\/permakultur-landwirtschaft.org\/wp-content\/uploads\/2023\/10\/Komposttee_Rubi_700.jpg","keywords":["Inforama","Komposttee","Mikroorganismen","Pflanzenst\u00e4rkung"],"articleSection":["Veranstaltung"],"inLanguage":"fr-FR"},{"@type":"WebPage","@id":"https:\/\/permakultur-landwirtschaft.org\/pflanzenstaerkung-mikroorganismen-und-komposttee-kurs-am-07-februar-2024\/","url":"https:\/\/permakultur-landwirtschaft.org\/pflanzenstaerkung-mikroorganismen-und-komposttee-kurs-am-07-februar-2024\/","name":"Pflanzenst\u00e4rkung: Mikroorganismen und Komposttee - Kurs am 07. Februar 2024 - Permakultur-Landwirtschaft","isPartOf":{"@id":"https:\/\/permakultur-landwirtschaft.org\/#website"},"primaryImageOfPage":{"@id":"https:\/\/permakultur-landwirtschaft.org\/pflanzenstaerkung-mikroorganismen-und-komposttee-kurs-am-07-februar-2024\/#primaryimage"},"image":{"@id":"https:\/\/permakultur-landwirtschaft.org\/pflanzenstaerkung-mikroorganismen-und-komposttee-kurs-am-07-februar-2024\/#primaryimage"},"thumbnailUrl":"https:\/\/permakultur-landwirtschaft.org\/wp-content\/uploads\/2023\/10\/Komposttee_Rubi_700.jpg","datePublished":"2023-05-31T11:56:00+00:00","dateModified":"2023-11-16T09:08:14+00:00","breadcrumb":{"@id":"https:\/\/permakultur-landwirtschaft.org\/pflanzenstaerkung-mikroorganismen-und-komposttee-kurs-am-07-februar-2024\/#breadcrumb"},"inLanguage":"fr-FR","potentialAction":[{"@type":"ReadAction","target":["https:\/\/permakultur-landwirtschaft.org\/pflanzenstaerkung-mikroorganismen-und-komposttee-kurs-am-07-februar-2024\/"]}]},{"@type":"ImageObject","inLanguage":"fr-FR","@id":"https:\/\/permakultur-landwirtschaft.org\/pflanzenstaerkung-mikroorganismen-und-komposttee-kurs-am-07-februar-2024\/#primaryimage","url":"https:\/\/permakultur-landwirtschaft.org\/wp-content\/uploads\/2023\/10\/Komposttee_Rubi_700.jpg","contentUrl":"https:\/\/permakultur-landwirtschaft.org\/wp-content\/uploads\/2023\/10\/Komposttee_Rubi_700.jpg","width":700,"height":468,"caption":"Foto: M. Laager"},{"@type":"BreadcrumbList","@id":"https:\/\/permakultur-landwirtschaft.org\/pflanzenstaerkung-mikroorganismen-und-komposttee-kurs-am-07-februar-2024\/#breadcrumb","itemListElement":[{"@type":"ListItem","position":1,"name":"Startseite","item":"https:\/\/permakultur-landwirtschaft.org\/"},{"@type":"ListItem","position":2,"name":"Pflanzenst\u00e4rkung: Mikroorganismen und Komposttee &#8211; Kurs am 07. Februar 2024"}]},{"@type":"WebSite","@id":"https:\/\/permakultur-landwirtschaft.org\/#website","url":"https:\/\/permakultur-landwirtschaft.org\/","name":"Permakultur-Landwirtschaft","description":"F\u00f6rderung der Permakultur in der Landwirtschaft","publisher":{"@id":"https:\/\/permakultur-landwirtschaft.org\/#organization"},"potentialAction":[{"@type":"SearchAction","target":{"@type":"EntryPoint","urlTemplate":"https:\/\/permakultur-landwirtschaft.org\/?s={search_term_string}"},"query-input":{"@type":"PropertyValueSpecification","valueRequired":true,"valueName":"search_term_string"}}],"inLanguage":"fr-FR"},{"@type":"Organization","@id":"https:\/\/permakultur-landwirtschaft.org\/#organization","name":"Permakultur-Landwirtschaft","alternateName":"Verein Permakultur-Landwirtschaft","url":"https:\/\/permakultur-landwirtschaft.org\/","logo":{"@type":"ImageObject","inLanguage":"fr-FR","@id":"https:\/\/permakultur-landwirtschaft.org\/#\/schema\/logo\/image\/","url":"https:\/\/permakultur-landwirtschaft.org\/wp-content\/uploads\/2021\/11\/pela_1268x1269.png","contentUrl":"https:\/\/permakultur-landwirtschaft.org\/wp-content\/uploads\/2021\/11\/pela_1268x1269.png","width":1298,"height":1269,"caption":"Permakultur-Landwirtschaft"},"image":{"@id":"https:\/\/permakultur-landwirtschaft.org\/#\/schema\/logo\/image\/"},"sameAs":["https:\/\/www.facebook.com\/PermakulturLandwirtschaft","https:\/\/www.instagram.com\/permakultur_landwirtschaft\/","https:\/\/www.flickr.com\/photos\/permakultur-landwirtschaft","https:\/\/www.youtube.com\/@PermakulturLandwirtschaft"]},{"@type":"Person","@id":"https:\/\/permakultur-landwirtschaft.org\/#\/schema\/person\/6b0467872f75aed3e144093f9bf4f0b0","name":"adrian reutimann","url":"https:\/\/permakultur-landwirtschaft.org\/fr\/author\/reutiadr\/"}]}},"_links":{"self":[{"href":"https:\/\/permakultur-landwirtschaft.org\/fr\/wp-json\/wp\/v2\/posts\/32314","targetHints":{"allow":["GET"]}}],"collection":[{"href":"https:\/\/permakultur-landwirtschaft.org\/fr\/wp-json\/wp\/v2\/posts"}],"about":[{"href":"https:\/\/permakultur-landwirtschaft.org\/fr\/wp-json\/wp\/v2\/types\/post"}],"author":[{"embeddable":true,"href":"https:\/\/permakultur-landwirtschaft.org\/fr\/wp-json\/wp\/v2\/users\/2"}],"replies":[{"embeddable":true,"href":"https:\/\/permakultur-landwirtschaft.org\/fr\/wp-json\/wp\/v2\/comments?post=32314"}],"version-history":[{"count":3,"href":"https:\/\/permakultur-landwirtschaft.org\/fr\/wp-json\/wp\/v2\/posts\/32314\/revisions"}],"predecessor-version":[{"id":33070,"href":"https:\/\/permakultur-landwirtschaft.org\/fr\/wp-json\/wp\/v2\/posts\/32314\/revisions\/33070"}],"wp:featuredmedia":[{"embeddable":true,"href":"https:\/\/permakultur-landwirtschaft.org\/fr\/wp-json\/wp\/v2\/media\/32315"}],"wp:attachment":[{"href":"https:\/\/permakultur-landwirtschaft.org\/fr\/wp-json\/wp\/v2\/media?parent=32314"}],"wp:term":[{"taxonomy":"category","embeddable":true,"href":"https:\/\/permakultur-landwirtschaft.org\/fr\/wp-json\/wp\/v2\/categories?post=32314"},{"taxonomy":"post_tag","embeddable":true,"href":"https:\/\/permakultur-landwirtschaft.org\/fr\/wp-json\/wp\/v2\/tags?post=32314"}],"curies":[{"name":"wp","href":"https:\/\/api.w.org\/{rel}","templated":true}]}}