{"id":32305,"date":"2023-06-08T13:40:00","date_gmt":"2023-06-08T11:40:00","guid":{"rendered":"https:\/\/permakultur-landwirtschaft.org\/?p=32305"},"modified":"2023-10-18T15:28:48","modified_gmt":"2023-10-18T13:28:48","slug":"junges-agroforstsystem-mit-solawi-vermarktung-kurs-am-15-november-2023","status":"publish","type":"post","link":"https:\/\/permakultur-landwirtschaft.org\/fr\/junges-agroforstsystem-mit-solawi-vermarktung-kurs-am-15-november-2023\/","title":{"rendered":"Junges Agroforstsystem mit Solawi-Vermarktung &#8211; Kurs am 15. November 2023"},"content":{"rendered":"<p>Text von inforama.ch:<\/p>\n\n\n\n<p>Im November 2021 wurde auf dem Demeterhof Birbaum auf einer Fl\u00e4che von 3ha eine Agroforstpflanzung gemacht. Gepflanzt wurden 98 Hochstammobstb\u00e4ume und 150 Spindelb\u00e4ume in Reihen auf einer Fl\u00e4che, die vorher als Weide genutzt wurde. Das Ziel ist es, in 10 Jahren nach der Idee der solidarischen Landwirtschaft (siehe www.solawi.ch) 150 Obst Abos zu verkaufen. Heute gibt es auf dem Betrieb schon die Solawi TaPatate. Neu kommt dazu jetzt TaPomme.<\/p>\n\n\n\n<p>An diesem Fachanlass begehen wir diese Fl\u00e4che, erfahren von den Bewirtschaftenden was bis jetzt gut funktioniert, was sich bei der Pflanzung bew\u00e4hrt hat, was sie ein weiteres Mal anders angehen w\u00fcrden und wie sie sich die Weiterentwicklung der Fl\u00e4che in den kommenden Jahren vorstellen.<\/p>\n\n\n\n<p>Beim anschliessenden Mittagessen k\u00f6nnen wir uns \u00fcber die Eindr\u00fccke des Morgens austauschen.<\/p>\n\n\n\n<h3 class=\"wp-block-heading\">Date<\/h3>\n\n\n\n<p>15. November 2023<\/p>\n\n\n\n<h3 class=\"wp-block-heading\">Lieu<\/h3>\n\n\n\n<p>Demeterhof Birbaum<br>Murtenstrasse 37<br>3206 Wallenbuch BE<\/p>\n\n\n\n<p><a href=\"https:\/\/www.inforama.ch\/kurse#\/weiterbildung\/biolandbau\/28976\" target=\"_blank\" rel=\"noreferrer noopener\">Mehr Infos und Anmeldung<\/a><\/p>","protected":false},"excerpt":{"rendered":"<p>Text von inforama.ch: Im November 2021 wurde auf dem Demeterhof Birbaum auf einer Fl\u00e4che von 3ha eine Agroforstpflanzung gemacht. Gepflanzt wurden 98 Hochstammobstb\u00e4ume und 150 Spindelb\u00e4ume in Reihen auf einer Fl\u00e4che, die vorher als Weide genutzt wurde. Das Ziel ist es, in 10 Jahren nach der Idee der solidarischen Landwirtschaft (siehe www.solawi.ch) 150 Obst Abos [&hellip;]<\/p>\n","protected":false},"author":2,"featured_media":32306,"comment_status":"closed","ping_status":"closed","sticky":false,"template":"","format":"standard","meta":{"_acf_changed":false,"site-sidebar-layout":"default","site-content-layout":"","ast-site-content-layout":"default","site-content-style":"default","site-sidebar-style":"default","ast-global-header-display":"","ast-banner-title-visibility":"","ast-main-header-display":"","ast-hfb-above-header-display":"","ast-hfb-below-header-display":"","ast-hfb-mobile-header-display":"","site-post-title":"","ast-breadcrumbs-content":"","ast-featured-img":"","footer-sml-layout":"","ast-disable-related-posts":"","theme-transparent-header-meta":"","adv-header-id-meta":"","stick-header-meta":"","header-above-stick-meta":"","header-main-stick-meta":"","header-below-stick-meta":"","astra-migrate-meta-layouts":"set","ast-page-background-enabled":"default","ast-page-background-meta":{"desktop":{"background-color":"var(--ast-global-color-4)","background-image":"","background-repeat":"repeat","background-position":"center center","background-size":"auto","background-attachment":"scroll","background-type":"","background-media":"","overlay-type":"","overlay-color":"","overlay-opacity":"","overlay-gradient":""},"tablet":{"background-color":"","background-image":"","background-repeat":"repeat","background-position":"center center","background-size":"auto","background-attachment":"scroll","background-type":"","background-media":"","overlay-type":"","overlay-color":"","overlay-opacity":"","overlay-gradient":""},"mobile":{"background-color":"","background-image":"","background-repeat":"repeat","background-position":"center center","background-size":"auto","background-attachment":"scroll","background-type":"","background-media":"","overlay-type":"","overlay-color":"","overlay-opacity":"","overlay-gradient":""}},"ast-content-background-meta":{"desktop":{"background-color":"var(--ast-global-color-5)","background-image":"","background-repeat":"repeat","background-position":"center center","background-size":"auto","background-attachment":"scroll","background-type":"","background-media":"","overlay-type":"","overlay-color":"","overlay-opacity":"","overlay-gradient":""},"tablet":{"background-color":"var(--ast-global-color-5)","background-image":"","background-repeat":"repeat","background-position":"center center","background-size":"auto","background-attachment":"scroll","background-type":"","background-media":"","overlay-type":"","overlay-color":"","overlay-opacity":"","overlay-gradient":""},"mobile":{"background-color":"var(--ast-global-color-5)","background-image":"","background-repeat":"repeat","background-position":"center center","background-size":"auto","background-attachment":"scroll","background-type":"","background-media":"","overlay-type":"","overlay-color":"","overlay-opacity":"","overlay-gradient":""}},"footnotes":""},"categories":[14],"tags":[31,36,129,128],"class_list":["post-32305","post","type-post","status-publish","format-standard","has-post-thumbnail","hentry","category-veranstaltung","tag-agroforst","tag-kurs","tag-solawi","tag-wallenbuch"],"acf":[],"yoast_head":"<!-- This site is optimized with the Yoast SEO plugin v27.5 - https:\/\/yoast.com\/product\/yoast-seo-wordpress\/ -->\n<title>Junges Agroforstsystem mit Solawi-Vermarktung - Kurs am 15. November 2023 - Permakultur-Landwirtschaft<\/title>\n<meta name=\"robots\" content=\"index, follow, max-snippet:-1, max-image-preview:large, max-video-preview:-1\" \/>\n<link rel=\"canonical\" href=\"https:\/\/permakultur-landwirtschaft.org\/fr\/junges-agroforstsystem-mit-solawi-vermarktung-kurs-am-15-november-2023\/\" \/>\n<meta property=\"og:locale\" content=\"fr_FR\" \/>\n<meta property=\"og:type\" content=\"article\" \/>\n<meta property=\"og:title\" content=\"Junges Agroforstsystem mit Solawi-Vermarktung - Kurs am 15. November 2023 - Permakultur-Landwirtschaft\" \/>\n<meta property=\"og:description\" content=\"Text von inforama.ch: Im November 2021 wurde auf dem Demeterhof Birbaum auf einer Fl\u00e4che von 3ha eine Agroforstpflanzung gemacht. Gepflanzt wurden 98 Hochstammobstb\u00e4ume und 150 Spindelb\u00e4ume in Reihen auf einer Fl\u00e4che, die vorher als Weide genutzt wurde. Das Ziel ist es, in 10 Jahren nach der Idee der solidarischen Landwirtschaft (siehe www.solawi.ch) 150 Obst Abos [&hellip;]\" \/>\n<meta property=\"og:url\" content=\"https:\/\/permakultur-landwirtschaft.org\/fr\/junges-agroforstsystem-mit-solawi-vermarktung-kurs-am-15-november-2023\/\" \/>\n<meta property=\"og:site_name\" content=\"Permakultur-Landwirtschaft\" \/>\n<meta property=\"article:publisher\" content=\"https:\/\/www.facebook.com\/PermakulturLandwirtschaft\" \/>\n<meta property=\"article:published_time\" content=\"2023-06-08T11:40:00+00:00\" \/>\n<meta property=\"article:modified_time\" content=\"2023-10-18T13:28:48+00:00\" \/>\n<meta property=\"og:image\" content=\"https:\/\/permakultur-landwirtschaft.org\/wp-content\/uploads\/2023\/10\/Agroforst_Solawi_Wallenbuch_700.jpeg\" \/>\n\t<meta property=\"og:image:width\" content=\"700\" \/>\n\t<meta property=\"og:image:height\" content=\"525\" \/>\n\t<meta property=\"og:image:type\" content=\"image\/jpeg\" \/>\n<meta name=\"author\" content=\"adrian reutimann\" \/>\n<meta name=\"twitter:card\" content=\"summary_large_image\" \/>\n<meta name=\"twitter:label1\" content=\"\u00c9crit par\" \/>\n\t<meta name=\"twitter:data1\" content=\"adrian reutimann\" \/>\n\t<meta name=\"twitter:label2\" content=\"Dur\u00e9e de lecture estim\u00e9e\" \/>\n\t<meta name=\"twitter:data2\" content=\"1 minute\" \/>\n<script type=\"application\/ld+json\" class=\"yoast-schema-graph\">{\"@context\":\"https:\\\/\\\/schema.org\",\"@graph\":[{\"@type\":\"Article\",\"@id\":\"https:\\\/\\\/permakultur-landwirtschaft.org\\\/junges-agroforstsystem-mit-solawi-vermarktung-kurs-am-15-november-2023\\\/#article\",\"isPartOf\":{\"@id\":\"https:\\\/\\\/permakultur-landwirtschaft.org\\\/junges-agroforstsystem-mit-solawi-vermarktung-kurs-am-15-november-2023\\\/\"},\"author\":{\"name\":\"adrian reutimann\",\"@id\":\"https:\\\/\\\/permakultur-landwirtschaft.org\\\/#\\\/schema\\\/person\\\/6b0467872f75aed3e144093f9bf4f0b0\"},\"headline\":\"Junges Agroforstsystem mit Solawi-Vermarktung &#8211; Kurs am 15. November 2023\",\"datePublished\":\"2023-06-08T11:40:00+00:00\",\"dateModified\":\"2023-10-18T13:28:48+00:00\",\"mainEntityOfPage\":{\"@id\":\"https:\\\/\\\/permakultur-landwirtschaft.org\\\/junges-agroforstsystem-mit-solawi-vermarktung-kurs-am-15-november-2023\\\/\"},\"wordCount\":155,\"publisher\":{\"@id\":\"https:\\\/\\\/permakultur-landwirtschaft.org\\\/#organization\"},\"image\":{\"@id\":\"https:\\\/\\\/permakultur-landwirtschaft.org\\\/junges-agroforstsystem-mit-solawi-vermarktung-kurs-am-15-november-2023\\\/#primaryimage\"},\"thumbnailUrl\":\"https:\\\/\\\/permakultur-landwirtschaft.org\\\/wp-content\\\/uploads\\\/2023\\\/10\\\/Agroforst_Solawi_Wallenbuch_700.jpeg\",\"keywords\":[\"Agroforst\",\"Kurs\",\"Solawi\",\"Wallenbuch\"],\"articleSection\":[\"Veranstaltung\"],\"inLanguage\":\"fr-FR\"},{\"@type\":\"WebPage\",\"@id\":\"https:\\\/\\\/permakultur-landwirtschaft.org\\\/junges-agroforstsystem-mit-solawi-vermarktung-kurs-am-15-november-2023\\\/\",\"url\":\"https:\\\/\\\/permakultur-landwirtschaft.org\\\/junges-agroforstsystem-mit-solawi-vermarktung-kurs-am-15-november-2023\\\/\",\"name\":\"Junges Agroforstsystem mit Solawi-Vermarktung - Kurs am 15. November 2023 - Permakultur-Landwirtschaft\",\"isPartOf\":{\"@id\":\"https:\\\/\\\/permakultur-landwirtschaft.org\\\/#website\"},\"primaryImageOfPage\":{\"@id\":\"https:\\\/\\\/permakultur-landwirtschaft.org\\\/junges-agroforstsystem-mit-solawi-vermarktung-kurs-am-15-november-2023\\\/#primaryimage\"},\"image\":{\"@id\":\"https:\\\/\\\/permakultur-landwirtschaft.org\\\/junges-agroforstsystem-mit-solawi-vermarktung-kurs-am-15-november-2023\\\/#primaryimage\"},\"thumbnailUrl\":\"https:\\\/\\\/permakultur-landwirtschaft.org\\\/wp-content\\\/uploads\\\/2023\\\/10\\\/Agroforst_Solawi_Wallenbuch_700.jpeg\",\"datePublished\":\"2023-06-08T11:40:00+00:00\",\"dateModified\":\"2023-10-18T13:28:48+00:00\",\"breadcrumb\":{\"@id\":\"https:\\\/\\\/permakultur-landwirtschaft.org\\\/junges-agroforstsystem-mit-solawi-vermarktung-kurs-am-15-november-2023\\\/#breadcrumb\"},\"inLanguage\":\"fr-FR\",\"potentialAction\":[{\"@type\":\"ReadAction\",\"target\":[\"https:\\\/\\\/permakultur-landwirtschaft.org\\\/junges-agroforstsystem-mit-solawi-vermarktung-kurs-am-15-november-2023\\\/\"]}]},{\"@type\":\"ImageObject\",\"inLanguage\":\"fr-FR\",\"@id\":\"https:\\\/\\\/permakultur-landwirtschaft.org\\\/junges-agroforstsystem-mit-solawi-vermarktung-kurs-am-15-november-2023\\\/#primaryimage\",\"url\":\"https:\\\/\\\/permakultur-landwirtschaft.org\\\/wp-content\\\/uploads\\\/2023\\\/10\\\/Agroforst_Solawi_Wallenbuch_700.jpeg\",\"contentUrl\":\"https:\\\/\\\/permakultur-landwirtschaft.org\\\/wp-content\\\/uploads\\\/2023\\\/10\\\/Agroforst_Solawi_Wallenbuch_700.jpeg\",\"width\":700,\"height\":525,\"caption\":\"Foto: M. Laager\"},{\"@type\":\"BreadcrumbList\",\"@id\":\"https:\\\/\\\/permakultur-landwirtschaft.org\\\/junges-agroforstsystem-mit-solawi-vermarktung-kurs-am-15-november-2023\\\/#breadcrumb\",\"itemListElement\":[{\"@type\":\"ListItem\",\"position\":1,\"name\":\"Startseite\",\"item\":\"https:\\\/\\\/permakultur-landwirtschaft.org\\\/\"},{\"@type\":\"ListItem\",\"position\":2,\"name\":\"Junges Agroforstsystem mit Solawi-Vermarktung &#8211; Kurs am 15. November 2023\"}]},{\"@type\":\"WebSite\",\"@id\":\"https:\\\/\\\/permakultur-landwirtschaft.org\\\/#website\",\"url\":\"https:\\\/\\\/permakultur-landwirtschaft.org\\\/\",\"name\":\"Permakultur-Landwirtschaft\",\"description\":\"F\u00f6rderung der Permakultur in der Landwirtschaft\",\"publisher\":{\"@id\":\"https:\\\/\\\/permakultur-landwirtschaft.org\\\/#organization\"},\"potentialAction\":[{\"@type\":\"SearchAction\",\"target\":{\"@type\":\"EntryPoint\",\"urlTemplate\":\"https:\\\/\\\/permakultur-landwirtschaft.org\\\/?s={search_term_string}\"},\"query-input\":{\"@type\":\"PropertyValueSpecification\",\"valueRequired\":true,\"valueName\":\"search_term_string\"}}],\"inLanguage\":\"fr-FR\"},{\"@type\":\"Organization\",\"@id\":\"https:\\\/\\\/permakultur-landwirtschaft.org\\\/#organization\",\"name\":\"Permakultur-Landwirtschaft\",\"alternateName\":\"Verein Permakultur-Landwirtschaft\",\"url\":\"https:\\\/\\\/permakultur-landwirtschaft.org\\\/\",\"logo\":{\"@type\":\"ImageObject\",\"inLanguage\":\"fr-FR\",\"@id\":\"https:\\\/\\\/permakultur-landwirtschaft.org\\\/#\\\/schema\\\/logo\\\/image\\\/\",\"url\":\"https:\\\/\\\/permakultur-landwirtschaft.org\\\/wp-content\\\/uploads\\\/2021\\\/11\\\/pela_1268x1269.png\",\"contentUrl\":\"https:\\\/\\\/permakultur-landwirtschaft.org\\\/wp-content\\\/uploads\\\/2021\\\/11\\\/pela_1268x1269.png\",\"width\":1298,\"height\":1269,\"caption\":\"Permakultur-Landwirtschaft\"},\"image\":{\"@id\":\"https:\\\/\\\/permakultur-landwirtschaft.org\\\/#\\\/schema\\\/logo\\\/image\\\/\"},\"sameAs\":[\"https:\\\/\\\/www.facebook.com\\\/PermakulturLandwirtschaft\",\"https:\\\/\\\/www.instagram.com\\\/permakultur_landwirtschaft\\\/\",\"https:\\\/\\\/www.flickr.com\\\/photos\\\/permakultur-landwirtschaft\",\"https:\\\/\\\/www.youtube.com\\\/@PermakulturLandwirtschaft\"]},{\"@type\":\"Person\",\"@id\":\"https:\\\/\\\/permakultur-landwirtschaft.org\\\/#\\\/schema\\\/person\\\/6b0467872f75aed3e144093f9bf4f0b0\",\"name\":\"adrian reutimann\",\"url\":\"https:\\\/\\\/permakultur-landwirtschaft.org\\\/fr\\\/author\\\/reutiadr\\\/\"}]}<\/script>\n<!-- \/ Yoast SEO plugin. -->","yoast_head_json":{"title":"Junges Agroforstsystem mit Solawi-Vermarktung - Kurs am 15. November 2023 - Permakultur-Landwirtschaft","robots":{"index":"index","follow":"follow","max-snippet":"max-snippet:-1","max-image-preview":"max-image-preview:large","max-video-preview":"max-video-preview:-1"},"canonical":"https:\/\/permakultur-landwirtschaft.org\/fr\/junges-agroforstsystem-mit-solawi-vermarktung-kurs-am-15-november-2023\/","og_locale":"fr_FR","og_type":"article","og_title":"Junges Agroforstsystem mit Solawi-Vermarktung - Kurs am 15. November 2023 - Permakultur-Landwirtschaft","og_description":"Text von inforama.ch: Im November 2021 wurde auf dem Demeterhof Birbaum auf einer Fl\u00e4che von 3ha eine Agroforstpflanzung gemacht. Gepflanzt wurden 98 Hochstammobstb\u00e4ume und 150 Spindelb\u00e4ume in Reihen auf einer Fl\u00e4che, die vorher als Weide genutzt wurde. Das Ziel ist es, in 10 Jahren nach der Idee der solidarischen Landwirtschaft (siehe www.solawi.ch) 150 Obst Abos [&hellip;]","og_url":"https:\/\/permakultur-landwirtschaft.org\/fr\/junges-agroforstsystem-mit-solawi-vermarktung-kurs-am-15-november-2023\/","og_site_name":"Permakultur-Landwirtschaft","article_publisher":"https:\/\/www.facebook.com\/PermakulturLandwirtschaft","article_published_time":"2023-06-08T11:40:00+00:00","article_modified_time":"2023-10-18T13:28:48+00:00","og_image":[{"width":700,"height":525,"url":"https:\/\/permakultur-landwirtschaft.org\/wp-content\/uploads\/2023\/10\/Agroforst_Solawi_Wallenbuch_700.jpeg","type":"image\/jpeg"}],"author":"adrian reutimann","twitter_card":"summary_large_image","twitter_misc":{"\u00c9crit par":"adrian reutimann","Dur\u00e9e de lecture estim\u00e9e":"1 minute"},"schema":{"@context":"https:\/\/schema.org","@graph":[{"@type":"Article","@id":"https:\/\/permakultur-landwirtschaft.org\/junges-agroforstsystem-mit-solawi-vermarktung-kurs-am-15-november-2023\/#article","isPartOf":{"@id":"https:\/\/permakultur-landwirtschaft.org\/junges-agroforstsystem-mit-solawi-vermarktung-kurs-am-15-november-2023\/"},"author":{"name":"adrian reutimann","@id":"https:\/\/permakultur-landwirtschaft.org\/#\/schema\/person\/6b0467872f75aed3e144093f9bf4f0b0"},"headline":"Junges Agroforstsystem mit Solawi-Vermarktung &#8211; Kurs am 15. November 2023","datePublished":"2023-06-08T11:40:00+00:00","dateModified":"2023-10-18T13:28:48+00:00","mainEntityOfPage":{"@id":"https:\/\/permakultur-landwirtschaft.org\/junges-agroforstsystem-mit-solawi-vermarktung-kurs-am-15-november-2023\/"},"wordCount":155,"publisher":{"@id":"https:\/\/permakultur-landwirtschaft.org\/#organization"},"image":{"@id":"https:\/\/permakultur-landwirtschaft.org\/junges-agroforstsystem-mit-solawi-vermarktung-kurs-am-15-november-2023\/#primaryimage"},"thumbnailUrl":"https:\/\/permakultur-landwirtschaft.org\/wp-content\/uploads\/2023\/10\/Agroforst_Solawi_Wallenbuch_700.jpeg","keywords":["Agroforst","Kurs","Solawi","Wallenbuch"],"articleSection":["Veranstaltung"],"inLanguage":"fr-FR"},{"@type":"WebPage","@id":"https:\/\/permakultur-landwirtschaft.org\/junges-agroforstsystem-mit-solawi-vermarktung-kurs-am-15-november-2023\/","url":"https:\/\/permakultur-landwirtschaft.org\/junges-agroforstsystem-mit-solawi-vermarktung-kurs-am-15-november-2023\/","name":"Junges Agroforstsystem mit Solawi-Vermarktung - Kurs am 15. November 2023 - Permakultur-Landwirtschaft","isPartOf":{"@id":"https:\/\/permakultur-landwirtschaft.org\/#website"},"primaryImageOfPage":{"@id":"https:\/\/permakultur-landwirtschaft.org\/junges-agroforstsystem-mit-solawi-vermarktung-kurs-am-15-november-2023\/#primaryimage"},"image":{"@id":"https:\/\/permakultur-landwirtschaft.org\/junges-agroforstsystem-mit-solawi-vermarktung-kurs-am-15-november-2023\/#primaryimage"},"thumbnailUrl":"https:\/\/permakultur-landwirtschaft.org\/wp-content\/uploads\/2023\/10\/Agroforst_Solawi_Wallenbuch_700.jpeg","datePublished":"2023-06-08T11:40:00+00:00","dateModified":"2023-10-18T13:28:48+00:00","breadcrumb":{"@id":"https:\/\/permakultur-landwirtschaft.org\/junges-agroforstsystem-mit-solawi-vermarktung-kurs-am-15-november-2023\/#breadcrumb"},"inLanguage":"fr-FR","potentialAction":[{"@type":"ReadAction","target":["https:\/\/permakultur-landwirtschaft.org\/junges-agroforstsystem-mit-solawi-vermarktung-kurs-am-15-november-2023\/"]}]},{"@type":"ImageObject","inLanguage":"fr-FR","@id":"https:\/\/permakultur-landwirtschaft.org\/junges-agroforstsystem-mit-solawi-vermarktung-kurs-am-15-november-2023\/#primaryimage","url":"https:\/\/permakultur-landwirtschaft.org\/wp-content\/uploads\/2023\/10\/Agroforst_Solawi_Wallenbuch_700.jpeg","contentUrl":"https:\/\/permakultur-landwirtschaft.org\/wp-content\/uploads\/2023\/10\/Agroforst_Solawi_Wallenbuch_700.jpeg","width":700,"height":525,"caption":"Foto: M. Laager"},{"@type":"BreadcrumbList","@id":"https:\/\/permakultur-landwirtschaft.org\/junges-agroforstsystem-mit-solawi-vermarktung-kurs-am-15-november-2023\/#breadcrumb","itemListElement":[{"@type":"ListItem","position":1,"name":"Startseite","item":"https:\/\/permakultur-landwirtschaft.org\/"},{"@type":"ListItem","position":2,"name":"Junges Agroforstsystem mit Solawi-Vermarktung &#8211; Kurs am 15. November 2023"}]},{"@type":"WebSite","@id":"https:\/\/permakultur-landwirtschaft.org\/#website","url":"https:\/\/permakultur-landwirtschaft.org\/","name":"Permakultur-Landwirtschaft","description":"F\u00f6rderung der Permakultur in der Landwirtschaft","publisher":{"@id":"https:\/\/permakultur-landwirtschaft.org\/#organization"},"potentialAction":[{"@type":"SearchAction","target":{"@type":"EntryPoint","urlTemplate":"https:\/\/permakultur-landwirtschaft.org\/?s={search_term_string}"},"query-input":{"@type":"PropertyValueSpecification","valueRequired":true,"valueName":"search_term_string"}}],"inLanguage":"fr-FR"},{"@type":"Organization","@id":"https:\/\/permakultur-landwirtschaft.org\/#organization","name":"Permakultur-Landwirtschaft","alternateName":"Verein Permakultur-Landwirtschaft","url":"https:\/\/permakultur-landwirtschaft.org\/","logo":{"@type":"ImageObject","inLanguage":"fr-FR","@id":"https:\/\/permakultur-landwirtschaft.org\/#\/schema\/logo\/image\/","url":"https:\/\/permakultur-landwirtschaft.org\/wp-content\/uploads\/2021\/11\/pela_1268x1269.png","contentUrl":"https:\/\/permakultur-landwirtschaft.org\/wp-content\/uploads\/2021\/11\/pela_1268x1269.png","width":1298,"height":1269,"caption":"Permakultur-Landwirtschaft"},"image":{"@id":"https:\/\/permakultur-landwirtschaft.org\/#\/schema\/logo\/image\/"},"sameAs":["https:\/\/www.facebook.com\/PermakulturLandwirtschaft","https:\/\/www.instagram.com\/permakultur_landwirtschaft\/","https:\/\/www.flickr.com\/photos\/permakultur-landwirtschaft","https:\/\/www.youtube.com\/@PermakulturLandwirtschaft"]},{"@type":"Person","@id":"https:\/\/permakultur-landwirtschaft.org\/#\/schema\/person\/6b0467872f75aed3e144093f9bf4f0b0","name":"adrian reutimann","url":"https:\/\/permakultur-landwirtschaft.org\/fr\/author\/reutiadr\/"}]}},"_links":{"self":[{"href":"https:\/\/permakultur-landwirtschaft.org\/fr\/wp-json\/wp\/v2\/posts\/32305","targetHints":{"allow":["GET"]}}],"collection":[{"href":"https:\/\/permakultur-landwirtschaft.org\/fr\/wp-json\/wp\/v2\/posts"}],"about":[{"href":"https:\/\/permakultur-landwirtschaft.org\/fr\/wp-json\/wp\/v2\/types\/post"}],"author":[{"embeddable":true,"href":"https:\/\/permakultur-landwirtschaft.org\/fr\/wp-json\/wp\/v2\/users\/2"}],"replies":[{"embeddable":true,"href":"https:\/\/permakultur-landwirtschaft.org\/fr\/wp-json\/wp\/v2\/comments?post=32305"}],"version-history":[{"count":2,"href":"https:\/\/permakultur-landwirtschaft.org\/fr\/wp-json\/wp\/v2\/posts\/32305\/revisions"}],"predecessor-version":[{"id":32651,"href":"https:\/\/permakultur-landwirtschaft.org\/fr\/wp-json\/wp\/v2\/posts\/32305\/revisions\/32651"}],"wp:featuredmedia":[{"embeddable":true,"href":"https:\/\/permakultur-landwirtschaft.org\/fr\/wp-json\/wp\/v2\/media\/32306"}],"wp:attachment":[{"href":"https:\/\/permakultur-landwirtschaft.org\/fr\/wp-json\/wp\/v2\/media?parent=32305"}],"wp:term":[{"taxonomy":"category","embeddable":true,"href":"https:\/\/permakultur-landwirtschaft.org\/fr\/wp-json\/wp\/v2\/categories?post=32305"},{"taxonomy":"post_tag","embeddable":true,"href":"https:\/\/permakultur-landwirtschaft.org\/fr\/wp-json\/wp\/v2\/tags?post=32305"}],"curies":[{"name":"wp","href":"https:\/\/api.w.org\/{rel}","templated":true}]}}