{"id":32302,"date":"2023-10-17T13:28:00","date_gmt":"2023-10-17T11:28:00","guid":{"rendered":"https:\/\/permakultur-landwirtschaft.org\/?p=32302"},"modified":"2023-10-18T15:22:21","modified_gmt":"2023-10-18T13:22:21","slug":"permakultur-erleben-kurs-auf-dem-birchhof-am-17-oktober-2023","status":"publish","type":"post","link":"https:\/\/permakultur-landwirtschaft.org\/fr\/permakultur-erleben-kurs-auf-dem-birchhof-am-17-oktober-2023\/","title":{"rendered":"Permakultur erleben &#8211; Kurs auf dem Birchhof am 17. Oktober 2023"},"content":{"rendered":"<p>Text von inforama.ch:<\/p>\n\n\n\n<p>An diesem Kurstag lernen wir die Permakultur Pionierfl\u00e4che auf dem Birchhof kennen.<\/p>\n\n\n\n<p>Roger G\u00fcndel, der Betriebsleiter des Birchhofs und Sabrina Volkart, die Bewirtschafterin und H\u00fcterin der Permakultur-Pionierfl\u00e4che, erz\u00e4hlen \u00fcber ihre Zusammenarbeit, Methoden und Erfahrungen auf dem Weg, einen bestehenden Hof sukzessive in eine Permakultur \u00fcberzuf\u00fchren.<\/p>\n\n\n\n<p>Dazu geh\u00f6ren auch Informationen zur Art der Bewirtschaftung, erschaffen von sozialen Netzwerken, die Formen der Direktvermarktung und viel Raum f\u00fcr mitgebrachten Fragen.<\/p>\n\n\n\n<p>Auf dem Birchhof wurde 2013 eine Fl\u00e4che von rund 1ha als Permakultur Pionier-Fl\u00e4che definiert, mit dem Ziel, das erfahrene Wissen auf dem ganzen Betrieb zu integrieren. Unterdessen ern\u00e4hrt die F\u00fclle des entstehenden Waldgartens eine Person finanziell, ist Oase f\u00fcr viele Menschen, die Permakultur praktisch lernen m\u00f6chten und bietet Lebensraum f\u00fcr unz\u00e4hlige Tiere. Der gesamte biodynamische Birchhof umfasst insgesamt 14ha.<\/p>\n\n\n\n<h3 class=\"wp-block-heading\">Date<\/h3>\n\n\n\n<p>17. Oktober 2023<\/p>\n\n\n\n<h3 class=\"wp-block-heading\">Lieu<\/h3>\n\n\n\n<p>Birchhof<br>Birchhausstrasse 593<br>8966 Oberwil-Lieli AG<\/p>\n\n\n\n<p><a href=\"https:\/\/www.inforama.ch\/kurse#\/weiterbildung\/biolandbau\/28971\" target=\"_blank\" rel=\"noreferrer noopener\">Mehr Infos und Anmeldung<\/a><\/p>\n\n\n\n<p><a href=\"https:\/\/www.bio-birchhof.ch\/\" target=\"_blank\" rel=\"noreferrer noopener\">Link zum Birchhof<\/a><\/p>","protected":false},"excerpt":{"rendered":"<p>Text von inforama.ch: An diesem Kurstag lernen wir die Permakultur Pionierfl\u00e4che auf dem Birchhof kennen. Roger G\u00fcndel, der Betriebsleiter des Birchhofs und Sabrina Volkart, die Bewirtschafterin und H\u00fcterin der Permakultur-Pionierfl\u00e4che, erz\u00e4hlen \u00fcber ihre Zusammenarbeit, Methoden und Erfahrungen auf dem Weg, einen bestehenden Hof sukzessive in eine Permakultur \u00fcberzuf\u00fchren. Dazu geh\u00f6ren auch Informationen zur Art der [&hellip;]<\/p>\n","protected":false},"author":2,"featured_media":32303,"comment_status":"closed","ping_status":"closed","sticky":false,"template":"","format":"standard","meta":{"_acf_changed":false,"site-sidebar-layout":"default","site-content-layout":"","ast-site-content-layout":"default","site-content-style":"default","site-sidebar-style":"default","ast-global-header-display":"","ast-banner-title-visibility":"","ast-main-header-display":"","ast-hfb-above-header-display":"","ast-hfb-below-header-display":"","ast-hfb-mobile-header-display":"","site-post-title":"","ast-breadcrumbs-content":"","ast-featured-img":"","footer-sml-layout":"","ast-disable-related-posts":"","theme-transparent-header-meta":"","adv-header-id-meta":"","stick-header-meta":"","header-above-stick-meta":"","header-main-stick-meta":"","header-below-stick-meta":"","astra-migrate-meta-layouts":"set","ast-page-background-enabled":"default","ast-page-background-meta":{"desktop":{"background-color":"var(--ast-global-color-4)","background-image":"","background-repeat":"repeat","background-position":"center center","background-size":"auto","background-attachment":"scroll","background-type":"","background-media":"","overlay-type":"","overlay-color":"","overlay-opacity":"","overlay-gradient":""},"tablet":{"background-color":"","background-image":"","background-repeat":"repeat","background-position":"center center","background-size":"auto","background-attachment":"scroll","background-type":"","background-media":"","overlay-type":"","overlay-color":"","overlay-opacity":"","overlay-gradient":""},"mobile":{"background-color":"","background-image":"","background-repeat":"repeat","background-position":"center center","background-size":"auto","background-attachment":"scroll","background-type":"","background-media":"","overlay-type":"","overlay-color":"","overlay-opacity":"","overlay-gradient":""}},"ast-content-background-meta":{"desktop":{"background-color":"var(--ast-global-color-5)","background-image":"","background-repeat":"repeat","background-position":"center center","background-size":"auto","background-attachment":"scroll","background-type":"","background-media":"","overlay-type":"","overlay-color":"","overlay-opacity":"","overlay-gradient":""},"tablet":{"background-color":"var(--ast-global-color-5)","background-image":"","background-repeat":"repeat","background-position":"center center","background-size":"auto","background-attachment":"scroll","background-type":"","background-media":"","overlay-type":"","overlay-color":"","overlay-opacity":"","overlay-gradient":""},"mobile":{"background-color":"var(--ast-global-color-5)","background-image":"","background-repeat":"repeat","background-position":"center center","background-size":"auto","background-attachment":"scroll","background-type":"","background-media":"","overlay-type":"","overlay-color":"","overlay-opacity":"","overlay-gradient":""}},"footnotes":""},"categories":[14],"tags":[126,35,36,38,17],"class_list":["post-32302","post","type-post","status-publish","format-standard","has-post-thumbnail","hentry","category-veranstaltung","tag-birchhof","tag-inforama","tag-kurs","tag-landwirtschaft","tag-permakultur"],"acf":[],"yoast_head":"<!-- This site is optimized with the Yoast SEO plugin v27.5 - https:\/\/yoast.com\/product\/yoast-seo-wordpress\/ -->\n<title>Permakultur erleben - Kurs auf dem Birchhof am 17. Oktober 2023 - Permakultur-Landwirtschaft<\/title>\n<meta name=\"robots\" content=\"index, follow, max-snippet:-1, max-image-preview:large, max-video-preview:-1\" \/>\n<link rel=\"canonical\" href=\"https:\/\/permakultur-landwirtschaft.org\/fr\/permakultur-erleben-kurs-auf-dem-birchhof-am-17-oktober-2023\/\" \/>\n<meta property=\"og:locale\" content=\"fr_FR\" \/>\n<meta property=\"og:type\" content=\"article\" \/>\n<meta property=\"og:title\" content=\"Permakultur erleben - Kurs auf dem Birchhof am 17. Oktober 2023 - Permakultur-Landwirtschaft\" \/>\n<meta property=\"og:description\" content=\"Text von inforama.ch: An diesem Kurstag lernen wir die Permakultur Pionierfl\u00e4che auf dem Birchhof kennen. Roger G\u00fcndel, der Betriebsleiter des Birchhofs und Sabrina Volkart, die Bewirtschafterin und H\u00fcterin der Permakultur-Pionierfl\u00e4che, erz\u00e4hlen \u00fcber ihre Zusammenarbeit, Methoden und Erfahrungen auf dem Weg, einen bestehenden Hof sukzessive in eine Permakultur \u00fcberzuf\u00fchren. Dazu geh\u00f6ren auch Informationen zur Art der [&hellip;]\" \/>\n<meta property=\"og:url\" content=\"https:\/\/permakultur-landwirtschaft.org\/fr\/permakultur-erleben-kurs-auf-dem-birchhof-am-17-oktober-2023\/\" \/>\n<meta property=\"og:site_name\" content=\"Permakultur-Landwirtschaft\" \/>\n<meta property=\"article:publisher\" content=\"https:\/\/www.facebook.com\/PermakulturLandwirtschaft\" \/>\n<meta property=\"article:published_time\" content=\"2023-10-17T11:28:00+00:00\" \/>\n<meta property=\"article:modified_time\" content=\"2023-10-18T13:22:21+00:00\" \/>\n<meta property=\"og:image\" content=\"https:\/\/permakultur-landwirtschaft.org\/wp-content\/uploads\/2023\/10\/PKerleben_Birchhof-_700.jpeg\" \/>\n\t<meta property=\"og:image:width\" content=\"700\" \/>\n\t<meta property=\"og:image:height\" content=\"525\" \/>\n\t<meta property=\"og:image:type\" content=\"image\/jpeg\" \/>\n<meta name=\"author\" content=\"adrian reutimann\" \/>\n<meta name=\"twitter:card\" content=\"summary_large_image\" \/>\n<meta name=\"twitter:label1\" content=\"\u00c9crit par\" \/>\n\t<meta name=\"twitter:data1\" content=\"adrian reutimann\" \/>\n\t<meta name=\"twitter:label2\" content=\"Dur\u00e9e de lecture estim\u00e9e\" \/>\n\t<meta name=\"twitter:data2\" content=\"1 minute\" \/>\n<script type=\"application\/ld+json\" class=\"yoast-schema-graph\">{\"@context\":\"https:\\\/\\\/schema.org\",\"@graph\":[{\"@type\":\"Article\",\"@id\":\"https:\\\/\\\/permakultur-landwirtschaft.org\\\/permakultur-erleben-kurs-auf-dem-birchhof-am-17-oktober-2023\\\/#article\",\"isPartOf\":{\"@id\":\"https:\\\/\\\/permakultur-landwirtschaft.org\\\/permakultur-erleben-kurs-auf-dem-birchhof-am-17-oktober-2023\\\/\"},\"author\":{\"name\":\"adrian reutimann\",\"@id\":\"https:\\\/\\\/permakultur-landwirtschaft.org\\\/#\\\/schema\\\/person\\\/6b0467872f75aed3e144093f9bf4f0b0\"},\"headline\":\"Permakultur erleben &#8211; Kurs auf dem Birchhof am 17. Oktober 2023\",\"datePublished\":\"2023-10-17T11:28:00+00:00\",\"dateModified\":\"2023-10-18T13:22:21+00:00\",\"mainEntityOfPage\":{\"@id\":\"https:\\\/\\\/permakultur-landwirtschaft.org\\\/permakultur-erleben-kurs-auf-dem-birchhof-am-17-oktober-2023\\\/\"},\"wordCount\":167,\"publisher\":{\"@id\":\"https:\\\/\\\/permakultur-landwirtschaft.org\\\/#organization\"},\"image\":{\"@id\":\"https:\\\/\\\/permakultur-landwirtschaft.org\\\/permakultur-erleben-kurs-auf-dem-birchhof-am-17-oktober-2023\\\/#primaryimage\"},\"thumbnailUrl\":\"https:\\\/\\\/permakultur-landwirtschaft.org\\\/wp-content\\\/uploads\\\/2023\\\/10\\\/PKerleben_Birchhof-_700.jpeg\",\"keywords\":[\"Birchhof\",\"Inforama\",\"Kurs\",\"Landwirtschaft\",\"Permakultur\"],\"articleSection\":[\"Veranstaltung\"],\"inLanguage\":\"fr-FR\"},{\"@type\":\"WebPage\",\"@id\":\"https:\\\/\\\/permakultur-landwirtschaft.org\\\/permakultur-erleben-kurs-auf-dem-birchhof-am-17-oktober-2023\\\/\",\"url\":\"https:\\\/\\\/permakultur-landwirtschaft.org\\\/permakultur-erleben-kurs-auf-dem-birchhof-am-17-oktober-2023\\\/\",\"name\":\"Permakultur erleben - Kurs auf dem Birchhof am 17. Oktober 2023 - Permakultur-Landwirtschaft\",\"isPartOf\":{\"@id\":\"https:\\\/\\\/permakultur-landwirtschaft.org\\\/#website\"},\"primaryImageOfPage\":{\"@id\":\"https:\\\/\\\/permakultur-landwirtschaft.org\\\/permakultur-erleben-kurs-auf-dem-birchhof-am-17-oktober-2023\\\/#primaryimage\"},\"image\":{\"@id\":\"https:\\\/\\\/permakultur-landwirtschaft.org\\\/permakultur-erleben-kurs-auf-dem-birchhof-am-17-oktober-2023\\\/#primaryimage\"},\"thumbnailUrl\":\"https:\\\/\\\/permakultur-landwirtschaft.org\\\/wp-content\\\/uploads\\\/2023\\\/10\\\/PKerleben_Birchhof-_700.jpeg\",\"datePublished\":\"2023-10-17T11:28:00+00:00\",\"dateModified\":\"2023-10-18T13:22:21+00:00\",\"breadcrumb\":{\"@id\":\"https:\\\/\\\/permakultur-landwirtschaft.org\\\/permakultur-erleben-kurs-auf-dem-birchhof-am-17-oktober-2023\\\/#breadcrumb\"},\"inLanguage\":\"fr-FR\",\"potentialAction\":[{\"@type\":\"ReadAction\",\"target\":[\"https:\\\/\\\/permakultur-landwirtschaft.org\\\/permakultur-erleben-kurs-auf-dem-birchhof-am-17-oktober-2023\\\/\"]}]},{\"@type\":\"ImageObject\",\"inLanguage\":\"fr-FR\",\"@id\":\"https:\\\/\\\/permakultur-landwirtschaft.org\\\/permakultur-erleben-kurs-auf-dem-birchhof-am-17-oktober-2023\\\/#primaryimage\",\"url\":\"https:\\\/\\\/permakultur-landwirtschaft.org\\\/wp-content\\\/uploads\\\/2023\\\/10\\\/PKerleben_Birchhof-_700.jpeg\",\"contentUrl\":\"https:\\\/\\\/permakultur-landwirtschaft.org\\\/wp-content\\\/uploads\\\/2023\\\/10\\\/PKerleben_Birchhof-_700.jpeg\",\"width\":700,\"height\":525,\"caption\":\"Foto: M. Laager\"},{\"@type\":\"BreadcrumbList\",\"@id\":\"https:\\\/\\\/permakultur-landwirtschaft.org\\\/permakultur-erleben-kurs-auf-dem-birchhof-am-17-oktober-2023\\\/#breadcrumb\",\"itemListElement\":[{\"@type\":\"ListItem\",\"position\":1,\"name\":\"Startseite\",\"item\":\"https:\\\/\\\/permakultur-landwirtschaft.org\\\/\"},{\"@type\":\"ListItem\",\"position\":2,\"name\":\"Permakultur erleben &#8211; Kurs auf dem Birchhof am 17. Oktober 2023\"}]},{\"@type\":\"WebSite\",\"@id\":\"https:\\\/\\\/permakultur-landwirtschaft.org\\\/#website\",\"url\":\"https:\\\/\\\/permakultur-landwirtschaft.org\\\/\",\"name\":\"Permakultur-Landwirtschaft\",\"description\":\"F\u00f6rderung der Permakultur in der Landwirtschaft\",\"publisher\":{\"@id\":\"https:\\\/\\\/permakultur-landwirtschaft.org\\\/#organization\"},\"potentialAction\":[{\"@type\":\"SearchAction\",\"target\":{\"@type\":\"EntryPoint\",\"urlTemplate\":\"https:\\\/\\\/permakultur-landwirtschaft.org\\\/?s={search_term_string}\"},\"query-input\":{\"@type\":\"PropertyValueSpecification\",\"valueRequired\":true,\"valueName\":\"search_term_string\"}}],\"inLanguage\":\"fr-FR\"},{\"@type\":\"Organization\",\"@id\":\"https:\\\/\\\/permakultur-landwirtschaft.org\\\/#organization\",\"name\":\"Permakultur-Landwirtschaft\",\"alternateName\":\"Verein Permakultur-Landwirtschaft\",\"url\":\"https:\\\/\\\/permakultur-landwirtschaft.org\\\/\",\"logo\":{\"@type\":\"ImageObject\",\"inLanguage\":\"fr-FR\",\"@id\":\"https:\\\/\\\/permakultur-landwirtschaft.org\\\/#\\\/schema\\\/logo\\\/image\\\/\",\"url\":\"https:\\\/\\\/permakultur-landwirtschaft.org\\\/wp-content\\\/uploads\\\/2021\\\/11\\\/pela_1268x1269.png\",\"contentUrl\":\"https:\\\/\\\/permakultur-landwirtschaft.org\\\/wp-content\\\/uploads\\\/2021\\\/11\\\/pela_1268x1269.png\",\"width\":1298,\"height\":1269,\"caption\":\"Permakultur-Landwirtschaft\"},\"image\":{\"@id\":\"https:\\\/\\\/permakultur-landwirtschaft.org\\\/#\\\/schema\\\/logo\\\/image\\\/\"},\"sameAs\":[\"https:\\\/\\\/www.facebook.com\\\/PermakulturLandwirtschaft\",\"https:\\\/\\\/www.instagram.com\\\/permakultur_landwirtschaft\\\/\",\"https:\\\/\\\/www.flickr.com\\\/photos\\\/permakultur-landwirtschaft\",\"https:\\\/\\\/www.youtube.com\\\/@PermakulturLandwirtschaft\"]},{\"@type\":\"Person\",\"@id\":\"https:\\\/\\\/permakultur-landwirtschaft.org\\\/#\\\/schema\\\/person\\\/6b0467872f75aed3e144093f9bf4f0b0\",\"name\":\"adrian reutimann\",\"url\":\"https:\\\/\\\/permakultur-landwirtschaft.org\\\/fr\\\/author\\\/reutiadr\\\/\"}]}<\/script>\n<!-- \/ Yoast SEO plugin. -->","yoast_head_json":{"title":"Permakultur erleben - Kurs auf dem Birchhof am 17. Oktober 2023 - Permakultur-Landwirtschaft","robots":{"index":"index","follow":"follow","max-snippet":"max-snippet:-1","max-image-preview":"max-image-preview:large","max-video-preview":"max-video-preview:-1"},"canonical":"https:\/\/permakultur-landwirtschaft.org\/fr\/permakultur-erleben-kurs-auf-dem-birchhof-am-17-oktober-2023\/","og_locale":"fr_FR","og_type":"article","og_title":"Permakultur erleben - Kurs auf dem Birchhof am 17. Oktober 2023 - Permakultur-Landwirtschaft","og_description":"Text von inforama.ch: An diesem Kurstag lernen wir die Permakultur Pionierfl\u00e4che auf dem Birchhof kennen. Roger G\u00fcndel, der Betriebsleiter des Birchhofs und Sabrina Volkart, die Bewirtschafterin und H\u00fcterin der Permakultur-Pionierfl\u00e4che, erz\u00e4hlen \u00fcber ihre Zusammenarbeit, Methoden und Erfahrungen auf dem Weg, einen bestehenden Hof sukzessive in eine Permakultur \u00fcberzuf\u00fchren. Dazu geh\u00f6ren auch Informationen zur Art der [&hellip;]","og_url":"https:\/\/permakultur-landwirtschaft.org\/fr\/permakultur-erleben-kurs-auf-dem-birchhof-am-17-oktober-2023\/","og_site_name":"Permakultur-Landwirtschaft","article_publisher":"https:\/\/www.facebook.com\/PermakulturLandwirtschaft","article_published_time":"2023-10-17T11:28:00+00:00","article_modified_time":"2023-10-18T13:22:21+00:00","og_image":[{"width":700,"height":525,"url":"https:\/\/permakultur-landwirtschaft.org\/wp-content\/uploads\/2023\/10\/PKerleben_Birchhof-_700.jpeg","type":"image\/jpeg"}],"author":"adrian reutimann","twitter_card":"summary_large_image","twitter_misc":{"\u00c9crit par":"adrian reutimann","Dur\u00e9e de lecture estim\u00e9e":"1 minute"},"schema":{"@context":"https:\/\/schema.org","@graph":[{"@type":"Article","@id":"https:\/\/permakultur-landwirtschaft.org\/permakultur-erleben-kurs-auf-dem-birchhof-am-17-oktober-2023\/#article","isPartOf":{"@id":"https:\/\/permakultur-landwirtschaft.org\/permakultur-erleben-kurs-auf-dem-birchhof-am-17-oktober-2023\/"},"author":{"name":"adrian reutimann","@id":"https:\/\/permakultur-landwirtschaft.org\/#\/schema\/person\/6b0467872f75aed3e144093f9bf4f0b0"},"headline":"Permakultur erleben &#8211; Kurs auf dem Birchhof am 17. Oktober 2023","datePublished":"2023-10-17T11:28:00+00:00","dateModified":"2023-10-18T13:22:21+00:00","mainEntityOfPage":{"@id":"https:\/\/permakultur-landwirtschaft.org\/permakultur-erleben-kurs-auf-dem-birchhof-am-17-oktober-2023\/"},"wordCount":167,"publisher":{"@id":"https:\/\/permakultur-landwirtschaft.org\/#organization"},"image":{"@id":"https:\/\/permakultur-landwirtschaft.org\/permakultur-erleben-kurs-auf-dem-birchhof-am-17-oktober-2023\/#primaryimage"},"thumbnailUrl":"https:\/\/permakultur-landwirtschaft.org\/wp-content\/uploads\/2023\/10\/PKerleben_Birchhof-_700.jpeg","keywords":["Birchhof","Inforama","Kurs","Landwirtschaft","Permakultur"],"articleSection":["Veranstaltung"],"inLanguage":"fr-FR"},{"@type":"WebPage","@id":"https:\/\/permakultur-landwirtschaft.org\/permakultur-erleben-kurs-auf-dem-birchhof-am-17-oktober-2023\/","url":"https:\/\/permakultur-landwirtschaft.org\/permakultur-erleben-kurs-auf-dem-birchhof-am-17-oktober-2023\/","name":"Permakultur erleben - Kurs auf dem Birchhof am 17. Oktober 2023 - Permakultur-Landwirtschaft","isPartOf":{"@id":"https:\/\/permakultur-landwirtschaft.org\/#website"},"primaryImageOfPage":{"@id":"https:\/\/permakultur-landwirtschaft.org\/permakultur-erleben-kurs-auf-dem-birchhof-am-17-oktober-2023\/#primaryimage"},"image":{"@id":"https:\/\/permakultur-landwirtschaft.org\/permakultur-erleben-kurs-auf-dem-birchhof-am-17-oktober-2023\/#primaryimage"},"thumbnailUrl":"https:\/\/permakultur-landwirtschaft.org\/wp-content\/uploads\/2023\/10\/PKerleben_Birchhof-_700.jpeg","datePublished":"2023-10-17T11:28:00+00:00","dateModified":"2023-10-18T13:22:21+00:00","breadcrumb":{"@id":"https:\/\/permakultur-landwirtschaft.org\/permakultur-erleben-kurs-auf-dem-birchhof-am-17-oktober-2023\/#breadcrumb"},"inLanguage":"fr-FR","potentialAction":[{"@type":"ReadAction","target":["https:\/\/permakultur-landwirtschaft.org\/permakultur-erleben-kurs-auf-dem-birchhof-am-17-oktober-2023\/"]}]},{"@type":"ImageObject","inLanguage":"fr-FR","@id":"https:\/\/permakultur-landwirtschaft.org\/permakultur-erleben-kurs-auf-dem-birchhof-am-17-oktober-2023\/#primaryimage","url":"https:\/\/permakultur-landwirtschaft.org\/wp-content\/uploads\/2023\/10\/PKerleben_Birchhof-_700.jpeg","contentUrl":"https:\/\/permakultur-landwirtschaft.org\/wp-content\/uploads\/2023\/10\/PKerleben_Birchhof-_700.jpeg","width":700,"height":525,"caption":"Foto: M. Laager"},{"@type":"BreadcrumbList","@id":"https:\/\/permakultur-landwirtschaft.org\/permakultur-erleben-kurs-auf-dem-birchhof-am-17-oktober-2023\/#breadcrumb","itemListElement":[{"@type":"ListItem","position":1,"name":"Startseite","item":"https:\/\/permakultur-landwirtschaft.org\/"},{"@type":"ListItem","position":2,"name":"Permakultur erleben &#8211; Kurs auf dem Birchhof am 17. Oktober 2023"}]},{"@type":"WebSite","@id":"https:\/\/permakultur-landwirtschaft.org\/#website","url":"https:\/\/permakultur-landwirtschaft.org\/","name":"Permakultur-Landwirtschaft","description":"F\u00f6rderung der Permakultur in der Landwirtschaft","publisher":{"@id":"https:\/\/permakultur-landwirtschaft.org\/#organization"},"potentialAction":[{"@type":"SearchAction","target":{"@type":"EntryPoint","urlTemplate":"https:\/\/permakultur-landwirtschaft.org\/?s={search_term_string}"},"query-input":{"@type":"PropertyValueSpecification","valueRequired":true,"valueName":"search_term_string"}}],"inLanguage":"fr-FR"},{"@type":"Organization","@id":"https:\/\/permakultur-landwirtschaft.org\/#organization","name":"Permakultur-Landwirtschaft","alternateName":"Verein Permakultur-Landwirtschaft","url":"https:\/\/permakultur-landwirtschaft.org\/","logo":{"@type":"ImageObject","inLanguage":"fr-FR","@id":"https:\/\/permakultur-landwirtschaft.org\/#\/schema\/logo\/image\/","url":"https:\/\/permakultur-landwirtschaft.org\/wp-content\/uploads\/2021\/11\/pela_1268x1269.png","contentUrl":"https:\/\/permakultur-landwirtschaft.org\/wp-content\/uploads\/2021\/11\/pela_1268x1269.png","width":1298,"height":1269,"caption":"Permakultur-Landwirtschaft"},"image":{"@id":"https:\/\/permakultur-landwirtschaft.org\/#\/schema\/logo\/image\/"},"sameAs":["https:\/\/www.facebook.com\/PermakulturLandwirtschaft","https:\/\/www.instagram.com\/permakultur_landwirtschaft\/","https:\/\/www.flickr.com\/photos\/permakultur-landwirtschaft","https:\/\/www.youtube.com\/@PermakulturLandwirtschaft"]},{"@type":"Person","@id":"https:\/\/permakultur-landwirtschaft.org\/#\/schema\/person\/6b0467872f75aed3e144093f9bf4f0b0","name":"adrian reutimann","url":"https:\/\/permakultur-landwirtschaft.org\/fr\/author\/reutiadr\/"}]}},"_links":{"self":[{"href":"https:\/\/permakultur-landwirtschaft.org\/fr\/wp-json\/wp\/v2\/posts\/32302","targetHints":{"allow":["GET"]}}],"collection":[{"href":"https:\/\/permakultur-landwirtschaft.org\/fr\/wp-json\/wp\/v2\/posts"}],"about":[{"href":"https:\/\/permakultur-landwirtschaft.org\/fr\/wp-json\/wp\/v2\/types\/post"}],"author":[{"embeddable":true,"href":"https:\/\/permakultur-landwirtschaft.org\/fr\/wp-json\/wp\/v2\/users\/2"}],"replies":[{"embeddable":true,"href":"https:\/\/permakultur-landwirtschaft.org\/fr\/wp-json\/wp\/v2\/comments?post=32302"}],"version-history":[{"count":7,"href":"https:\/\/permakultur-landwirtschaft.org\/fr\/wp-json\/wp\/v2\/posts\/32302\/revisions"}],"predecessor-version":[{"id":32634,"href":"https:\/\/permakultur-landwirtschaft.org\/fr\/wp-json\/wp\/v2\/posts\/32302\/revisions\/32634"}],"wp:featuredmedia":[{"embeddable":true,"href":"https:\/\/permakultur-landwirtschaft.org\/fr\/wp-json\/wp\/v2\/media\/32303"}],"wp:attachment":[{"href":"https:\/\/permakultur-landwirtschaft.org\/fr\/wp-json\/wp\/v2\/media?parent=32302"}],"wp:term":[{"taxonomy":"category","embeddable":true,"href":"https:\/\/permakultur-landwirtschaft.org\/fr\/wp-json\/wp\/v2\/categories?post=32302"},{"taxonomy":"post_tag","embeddable":true,"href":"https:\/\/permakultur-landwirtschaft.org\/fr\/wp-json\/wp\/v2\/tags?post=32302"}],"curies":[{"name":"wp","href":"https:\/\/api.w.org\/{rel}","templated":true}]}}