{"id":31582,"date":"2023-10-10T13:36:04","date_gmt":"2023-10-10T11:36:04","guid":{"rendered":"https:\/\/permakultur-landwirtschaft.org\/?p=31582"},"modified":"2023-10-10T15:48:39","modified_gmt":"2023-10-10T13:48:39","slug":"microfermes-en-cultures-associees-business-model-et-design-cours-du-10-octobre-2023","status":"publish","type":"post","link":"https:\/\/permakultur-landwirtschaft.org\/fr\/microfermes-en-cultures-associees-business-model-et-design-cours-du-10-octobre-2023\/","title":{"rendered":"Microfermes en cultures associ\u00e9es: Business model et Design &#8211; Cours du 10 octobre 2023"},"content":{"rendered":"<p>Texte de Agridea:<\/p>\n\n\n\n<p>Cette 2e \u00e9dition du cours Business model &amp; Design propose l\u2019application d\u2019une m\u00e9thode de design (OBREDIM*) \u00e0 la microferme Terre de Maia et explore ses implications sur le choix du mod\u00e8le d\u2019affaires et des strat\u00e9gies de vente propices \u00e0 la rentabilit\u00e9 d\u2019une telle structure, en utilisant le Business Model Canevas et l\u2019analyse fonctionnelle.<br><br>Ce cycle de cours sur les microfermes et la permaculture propos\u00e9 par AGRIDEA et le FiBL permet d\u2019accompagner les microfermes. Sur petites surfaces, ces fermes produisent des aliments bio, en circuits courts, dans une d\u00e9marche agro\u00e9cologique guid\u00e9e par les principes de la permaculture.<br><br>*OBREDIM est un acronyme pour <strong>O<\/strong> bservation, <strong>B<\/strong> ordures, <strong>R<\/strong> essources, <strong>\u00c9<\/strong> valuation, <strong>D<\/strong> esign (conception), <strong>I<\/strong> mpl\u00e9mentation et <strong>M<\/strong> aintenance.<\/p>\n\n\n\n<p><strong>Objectifs<\/strong><br>Les participant-e-s :<\/p>\n\n\n\n<ul class=\"wp-block-list\">\n<li>d\u00e9couvrent, sur le terrain, un exemple de microferme maraich\u00e8re pratiquant l\u2019association de cul-tures ;<\/li>\n\n\n\n<li>reconnaissent les principes et activit\u00e9s caract\u00e9risant une microferme ;<\/li>\n\n\n\n<li>sont sensibilis\u00e9-e-s aux notions de \u00abDesign\u00bb et aux strat\u00e9gies de vente ;<\/li>\n\n\n\n<li>peuvent appliquer des \u00e9l\u00e9ments de m\u00e9thodes \u00e0 d\u2019autres projets.<\/li>\n<\/ul>\n\n\n\n<p><strong>Responsables<\/strong><br>Florian Rudaz, AGRIDEA (florian.rudaz@agridea.ch)<br>Claire Asfeld, AGRIDEA (claire.asfeld@agridea.ch)<br>H\u00e9l\u00e8ne Bougouin, FiBL (helene.bougouin@fibl.org)<\/p>\n\n\n\n<p><strong>Date<\/strong><br>10 octobre 2023<\/p>\n\n\n\n<p><strong>Lieu<\/strong><br>Terre de Maia, Onnens, VD<\/p>\n\n\n\n<p><a href=\"https:\/\/agridea.abacuscity.ch\/fr\/A~4451\/Microfermes-en-cultures-associ%C3%A9es%3A-Busin-La-Terre-de-Maia-Onnens-VD-10.10.2023\" target=\"_blank\" rel=\"noreferrer noopener\">Lien vers information et inscription<\/a><\/p>","protected":false},"excerpt":{"rendered":"<p>Texte de Agridea: Cette 2e \u00e9dition du cours Business model &amp; Design propose l\u2019application d\u2019une m\u00e9thode de design (OBREDIM*) \u00e0 la microferme Terre de Maia et explore ses implications sur le choix du mod\u00e8le d\u2019affaires et des strat\u00e9gies de vente propices \u00e0 la rentabilit\u00e9 d\u2019une telle structure, en utilisant le Business Model Canevas et l\u2019analyse [&hellip;]<\/p>\n","protected":false},"author":2,"featured_media":31583,"comment_status":"closed","ping_status":"closed","sticky":false,"template":"","format":"standard","meta":{"_acf_changed":false,"site-sidebar-layout":"default","site-content-layout":"","ast-site-content-layout":"default","site-content-style":"default","site-sidebar-style":"default","ast-global-header-display":"","ast-banner-title-visibility":"","ast-main-header-display":"","ast-hfb-above-header-display":"","ast-hfb-below-header-display":"","ast-hfb-mobile-header-display":"","site-post-title":"","ast-breadcrumbs-content":"","ast-featured-img":"","footer-sml-layout":"","ast-disable-related-posts":"","theme-transparent-header-meta":"","adv-header-id-meta":"","stick-header-meta":"","header-above-stick-meta":"","header-main-stick-meta":"","header-below-stick-meta":"","astra-migrate-meta-layouts":"set","ast-page-background-enabled":"default","ast-page-background-meta":{"desktop":{"background-color":"var(--ast-global-color-4)","background-image":"","background-repeat":"repeat","background-position":"center center","background-size":"auto","background-attachment":"scroll","background-type":"","background-media":"","overlay-type":"","overlay-color":"","overlay-opacity":"","overlay-gradient":""},"tablet":{"background-color":"","background-image":"","background-repeat":"repeat","background-position":"center center","background-size":"auto","background-attachment":"scroll","background-type":"","background-media":"","overlay-type":"","overlay-color":"","overlay-opacity":"","overlay-gradient":""},"mobile":{"background-color":"","background-image":"","background-repeat":"repeat","background-position":"center center","background-size":"auto","background-attachment":"scroll","background-type":"","background-media":"","overlay-type":"","overlay-color":"","overlay-opacity":"","overlay-gradient":""}},"ast-content-background-meta":{"desktop":{"background-color":"var(--ast-global-color-5)","background-image":"","background-repeat":"repeat","background-position":"center center","background-size":"auto","background-attachment":"scroll","background-type":"","background-media":"","overlay-type":"","overlay-color":"","overlay-opacity":"","overlay-gradient":""},"tablet":{"background-color":"var(--ast-global-color-5)","background-image":"","background-repeat":"repeat","background-position":"center center","background-size":"auto","background-attachment":"scroll","background-type":"","background-media":"","overlay-type":"","overlay-color":"","overlay-opacity":"","overlay-gradient":""},"mobile":{"background-color":"var(--ast-global-color-5)","background-image":"","background-repeat":"repeat","background-position":"center center","background-size":"auto","background-attachment":"scroll","background-type":"","background-media":"","overlay-type":"","overlay-color":"","overlay-opacity":"","overlay-gradient":""}},"footnotes":""},"categories":[21],"tags":[113],"class_list":["post-31582","post","type-post","status-publish","format-standard","has-post-thumbnail","hentry","category-veranstaltungen_archiv","tag-microfermes"],"acf":[],"yoast_head":"<!-- This site is optimized with the Yoast SEO plugin v27.4 - https:\/\/yoast.com\/product\/yoast-seo-wordpress\/ -->\n<title>Microfermes en cultures associ\u00e9es: Business model et Design - Cours du 10 octobre 2023 - Permakultur-Landwirtschaft<\/title>\n<meta name=\"robots\" content=\"index, follow, max-snippet:-1, max-image-preview:large, max-video-preview:-1\" \/>\n<link rel=\"canonical\" href=\"https:\/\/permakultur-landwirtschaft.org\/fr\/microfermes-en-cultures-associees-business-model-et-design-cours-du-10-octobre-2023\/\" \/>\n<meta property=\"og:locale\" content=\"fr_FR\" \/>\n<meta property=\"og:type\" content=\"article\" \/>\n<meta property=\"og:title\" content=\"Microfermes en cultures associ\u00e9es: Business model et Design - Cours du 10 octobre 2023 - Permakultur-Landwirtschaft\" \/>\n<meta property=\"og:description\" content=\"Texte de Agridea: Cette 2e \u00e9dition du cours Business model &amp; Design propose l\u2019application d\u2019une m\u00e9thode de design (OBREDIM*) \u00e0 la microferme Terre de Maia et explore ses implications sur le choix du mod\u00e8le d\u2019affaires et des strat\u00e9gies de vente propices \u00e0 la rentabilit\u00e9 d\u2019une telle structure, en utilisant le Business Model Canevas et l\u2019analyse [&hellip;]\" \/>\n<meta property=\"og:url\" content=\"https:\/\/permakultur-landwirtschaft.org\/fr\/microfermes-en-cultures-associees-business-model-et-design-cours-du-10-octobre-2023\/\" \/>\n<meta property=\"og:site_name\" content=\"Permakultur-Landwirtschaft\" \/>\n<meta property=\"article:publisher\" content=\"https:\/\/www.facebook.com\/PermakulturLandwirtschaft\" \/>\n<meta property=\"article:published_time\" content=\"2023-10-10T11:36:04+00:00\" \/>\n<meta property=\"article:modified_time\" content=\"2023-10-10T13:48:39+00:00\" \/>\n<meta property=\"og:image\" content=\"https:\/\/permakultur-landwirtschaft.org\/wp-content\/uploads\/2023\/09\/20230908_agridea_microfermes_Picture1.png\" \/>\n\t<meta property=\"og:image:width\" content=\"495\" \/>\n\t<meta property=\"og:image:height\" content=\"248\" \/>\n\t<meta property=\"og:image:type\" content=\"image\/png\" \/>\n<meta name=\"author\" content=\"adrian reutimann\" \/>\n<meta name=\"twitter:card\" content=\"summary_large_image\" \/>\n<meta name=\"twitter:label1\" content=\"\u00c9crit par\" \/>\n\t<meta name=\"twitter:data1\" content=\"adrian reutimann\" \/>\n\t<meta name=\"twitter:label2\" content=\"Dur\u00e9e de lecture estim\u00e9e\" \/>\n\t<meta name=\"twitter:data2\" content=\"2 minutes\" \/>\n<script type=\"application\/ld+json\" class=\"yoast-schema-graph\">{\"@context\":\"https:\\\/\\\/schema.org\",\"@graph\":[{\"@type\":\"Article\",\"@id\":\"https:\\\/\\\/permakultur-landwirtschaft.org\\\/microfermes-en-cultures-associees-business-model-et-design-cours-du-10-octobre-2023\\\/#article\",\"isPartOf\":{\"@id\":\"https:\\\/\\\/permakultur-landwirtschaft.org\\\/microfermes-en-cultures-associees-business-model-et-design-cours-du-10-octobre-2023\\\/\"},\"author\":{\"name\":\"adrian reutimann\",\"@id\":\"https:\\\/\\\/permakultur-landwirtschaft.org\\\/#\\\/schema\\\/person\\\/6b0467872f75aed3e144093f9bf4f0b0\"},\"headline\":\"Microfermes en cultures associ\u00e9es: Business model et Design &#8211; Cours du 10 octobre 2023\",\"datePublished\":\"2023-10-10T11:36:04+00:00\",\"dateModified\":\"2023-10-10T13:48:39+00:00\",\"mainEntityOfPage\":{\"@id\":\"https:\\\/\\\/permakultur-landwirtschaft.org\\\/microfermes-en-cultures-associees-business-model-et-design-cours-du-10-octobre-2023\\\/\"},\"wordCount\":233,\"publisher\":{\"@id\":\"https:\\\/\\\/permakultur-landwirtschaft.org\\\/#organization\"},\"image\":{\"@id\":\"https:\\\/\\\/permakultur-landwirtschaft.org\\\/microfermes-en-cultures-associees-business-model-et-design-cours-du-10-octobre-2023\\\/#primaryimage\"},\"thumbnailUrl\":\"https:\\\/\\\/permakultur-landwirtschaft.org\\\/wp-content\\\/uploads\\\/2023\\\/09\\\/20230908_agridea_microfermes_Picture1.png\",\"keywords\":[\"Microfermes\"],\"articleSection\":[\"Veranstaltungen_Archiv\"],\"inLanguage\":\"fr-FR\"},{\"@type\":\"WebPage\",\"@id\":\"https:\\\/\\\/permakultur-landwirtschaft.org\\\/microfermes-en-cultures-associees-business-model-et-design-cours-du-10-octobre-2023\\\/\",\"url\":\"https:\\\/\\\/permakultur-landwirtschaft.org\\\/microfermes-en-cultures-associees-business-model-et-design-cours-du-10-octobre-2023\\\/\",\"name\":\"Microfermes en cultures associ\u00e9es: Business model et Design - Cours du 10 octobre 2023 - Permakultur-Landwirtschaft\",\"isPartOf\":{\"@id\":\"https:\\\/\\\/permakultur-landwirtschaft.org\\\/#website\"},\"primaryImageOfPage\":{\"@id\":\"https:\\\/\\\/permakultur-landwirtschaft.org\\\/microfermes-en-cultures-associees-business-model-et-design-cours-du-10-octobre-2023\\\/#primaryimage\"},\"image\":{\"@id\":\"https:\\\/\\\/permakultur-landwirtschaft.org\\\/microfermes-en-cultures-associees-business-model-et-design-cours-du-10-octobre-2023\\\/#primaryimage\"},\"thumbnailUrl\":\"https:\\\/\\\/permakultur-landwirtschaft.org\\\/wp-content\\\/uploads\\\/2023\\\/09\\\/20230908_agridea_microfermes_Picture1.png\",\"datePublished\":\"2023-10-10T11:36:04+00:00\",\"dateModified\":\"2023-10-10T13:48:39+00:00\",\"breadcrumb\":{\"@id\":\"https:\\\/\\\/permakultur-landwirtschaft.org\\\/microfermes-en-cultures-associees-business-model-et-design-cours-du-10-octobre-2023\\\/#breadcrumb\"},\"inLanguage\":\"fr-FR\",\"potentialAction\":[{\"@type\":\"ReadAction\",\"target\":[\"https:\\\/\\\/permakultur-landwirtschaft.org\\\/microfermes-en-cultures-associees-business-model-et-design-cours-du-10-octobre-2023\\\/\"]}]},{\"@type\":\"ImageObject\",\"inLanguage\":\"fr-FR\",\"@id\":\"https:\\\/\\\/permakultur-landwirtschaft.org\\\/microfermes-en-cultures-associees-business-model-et-design-cours-du-10-octobre-2023\\\/#primaryimage\",\"url\":\"https:\\\/\\\/permakultur-landwirtschaft.org\\\/wp-content\\\/uploads\\\/2023\\\/09\\\/20230908_agridea_microfermes_Picture1.png\",\"contentUrl\":\"https:\\\/\\\/permakultur-landwirtschaft.org\\\/wp-content\\\/uploads\\\/2023\\\/09\\\/20230908_agridea_microfermes_Picture1.png\",\"width\":495,\"height\":248,\"caption\":\"Bild: agridea\"},{\"@type\":\"BreadcrumbList\",\"@id\":\"https:\\\/\\\/permakultur-landwirtschaft.org\\\/microfermes-en-cultures-associees-business-model-et-design-cours-du-10-octobre-2023\\\/#breadcrumb\",\"itemListElement\":[{\"@type\":\"ListItem\",\"position\":1,\"name\":\"Startseite\",\"item\":\"https:\\\/\\\/permakultur-landwirtschaft.org\\\/\"},{\"@type\":\"ListItem\",\"position\":2,\"name\":\"Microfermes en cultures associ\u00e9es: Business model et Design &#8211; Cours du 10 octobre 2023\"}]},{\"@type\":\"WebSite\",\"@id\":\"https:\\\/\\\/permakultur-landwirtschaft.org\\\/#website\",\"url\":\"https:\\\/\\\/permakultur-landwirtschaft.org\\\/\",\"name\":\"Permakultur-Landwirtschaft\",\"description\":\"F\u00f6rderung der Permakultur in der Landwirtschaft\",\"publisher\":{\"@id\":\"https:\\\/\\\/permakultur-landwirtschaft.org\\\/#organization\"},\"potentialAction\":[{\"@type\":\"SearchAction\",\"target\":{\"@type\":\"EntryPoint\",\"urlTemplate\":\"https:\\\/\\\/permakultur-landwirtschaft.org\\\/?s={search_term_string}\"},\"query-input\":{\"@type\":\"PropertyValueSpecification\",\"valueRequired\":true,\"valueName\":\"search_term_string\"}}],\"inLanguage\":\"fr-FR\"},{\"@type\":\"Organization\",\"@id\":\"https:\\\/\\\/permakultur-landwirtschaft.org\\\/#organization\",\"name\":\"Permakultur-Landwirtschaft\",\"alternateName\":\"Verein Permakultur-Landwirtschaft\",\"url\":\"https:\\\/\\\/permakultur-landwirtschaft.org\\\/\",\"logo\":{\"@type\":\"ImageObject\",\"inLanguage\":\"fr-FR\",\"@id\":\"https:\\\/\\\/permakultur-landwirtschaft.org\\\/#\\\/schema\\\/logo\\\/image\\\/\",\"url\":\"https:\\\/\\\/permakultur-landwirtschaft.org\\\/wp-content\\\/uploads\\\/2021\\\/11\\\/pela_1268x1269.png\",\"contentUrl\":\"https:\\\/\\\/permakultur-landwirtschaft.org\\\/wp-content\\\/uploads\\\/2021\\\/11\\\/pela_1268x1269.png\",\"width\":1298,\"height\":1269,\"caption\":\"Permakultur-Landwirtschaft\"},\"image\":{\"@id\":\"https:\\\/\\\/permakultur-landwirtschaft.org\\\/#\\\/schema\\\/logo\\\/image\\\/\"},\"sameAs\":[\"https:\\\/\\\/www.facebook.com\\\/PermakulturLandwirtschaft\",\"https:\\\/\\\/www.instagram.com\\\/permakultur_landwirtschaft\\\/\",\"https:\\\/\\\/www.flickr.com\\\/photos\\\/permakultur-landwirtschaft\",\"https:\\\/\\\/www.youtube.com\\\/@PermakulturLandwirtschaft\"]},{\"@type\":\"Person\",\"@id\":\"https:\\\/\\\/permakultur-landwirtschaft.org\\\/#\\\/schema\\\/person\\\/6b0467872f75aed3e144093f9bf4f0b0\",\"name\":\"adrian reutimann\",\"url\":\"https:\\\/\\\/permakultur-landwirtschaft.org\\\/fr\\\/author\\\/reutiadr\\\/\"}]}<\/script>\n<!-- \/ Yoast SEO plugin. -->","yoast_head_json":{"title":"Microfermes en cultures associ\u00e9es: Business model et Design - Cours du 10 octobre 2023 - Permakultur-Landwirtschaft","robots":{"index":"index","follow":"follow","max-snippet":"max-snippet:-1","max-image-preview":"max-image-preview:large","max-video-preview":"max-video-preview:-1"},"canonical":"https:\/\/permakultur-landwirtschaft.org\/fr\/microfermes-en-cultures-associees-business-model-et-design-cours-du-10-octobre-2023\/","og_locale":"fr_FR","og_type":"article","og_title":"Microfermes en cultures associ\u00e9es: Business model et Design - Cours du 10 octobre 2023 - Permakultur-Landwirtschaft","og_description":"Texte de Agridea: Cette 2e \u00e9dition du cours Business model &amp; Design propose l\u2019application d\u2019une m\u00e9thode de design (OBREDIM*) \u00e0 la microferme Terre de Maia et explore ses implications sur le choix du mod\u00e8le d\u2019affaires et des strat\u00e9gies de vente propices \u00e0 la rentabilit\u00e9 d\u2019une telle structure, en utilisant le Business Model Canevas et l\u2019analyse [&hellip;]","og_url":"https:\/\/permakultur-landwirtschaft.org\/fr\/microfermes-en-cultures-associees-business-model-et-design-cours-du-10-octobre-2023\/","og_site_name":"Permakultur-Landwirtschaft","article_publisher":"https:\/\/www.facebook.com\/PermakulturLandwirtschaft","article_published_time":"2023-10-10T11:36:04+00:00","article_modified_time":"2023-10-10T13:48:39+00:00","og_image":[{"width":495,"height":248,"url":"https:\/\/permakultur-landwirtschaft.org\/wp-content\/uploads\/2023\/09\/20230908_agridea_microfermes_Picture1.png","type":"image\/png"}],"author":"adrian reutimann","twitter_card":"summary_large_image","twitter_misc":{"\u00c9crit par":"adrian reutimann","Dur\u00e9e de lecture estim\u00e9e":"2 minutes"},"schema":{"@context":"https:\/\/schema.org","@graph":[{"@type":"Article","@id":"https:\/\/permakultur-landwirtschaft.org\/microfermes-en-cultures-associees-business-model-et-design-cours-du-10-octobre-2023\/#article","isPartOf":{"@id":"https:\/\/permakultur-landwirtschaft.org\/microfermes-en-cultures-associees-business-model-et-design-cours-du-10-octobre-2023\/"},"author":{"name":"adrian reutimann","@id":"https:\/\/permakultur-landwirtschaft.org\/#\/schema\/person\/6b0467872f75aed3e144093f9bf4f0b0"},"headline":"Microfermes en cultures associ\u00e9es: Business model et Design &#8211; Cours du 10 octobre 2023","datePublished":"2023-10-10T11:36:04+00:00","dateModified":"2023-10-10T13:48:39+00:00","mainEntityOfPage":{"@id":"https:\/\/permakultur-landwirtschaft.org\/microfermes-en-cultures-associees-business-model-et-design-cours-du-10-octobre-2023\/"},"wordCount":233,"publisher":{"@id":"https:\/\/permakultur-landwirtschaft.org\/#organization"},"image":{"@id":"https:\/\/permakultur-landwirtschaft.org\/microfermes-en-cultures-associees-business-model-et-design-cours-du-10-octobre-2023\/#primaryimage"},"thumbnailUrl":"https:\/\/permakultur-landwirtschaft.org\/wp-content\/uploads\/2023\/09\/20230908_agridea_microfermes_Picture1.png","keywords":["Microfermes"],"articleSection":["Veranstaltungen_Archiv"],"inLanguage":"fr-FR"},{"@type":"WebPage","@id":"https:\/\/permakultur-landwirtschaft.org\/microfermes-en-cultures-associees-business-model-et-design-cours-du-10-octobre-2023\/","url":"https:\/\/permakultur-landwirtschaft.org\/microfermes-en-cultures-associees-business-model-et-design-cours-du-10-octobre-2023\/","name":"Microfermes en cultures associ\u00e9es: Business model et Design - Cours du 10 octobre 2023 - Permakultur-Landwirtschaft","isPartOf":{"@id":"https:\/\/permakultur-landwirtschaft.org\/#website"},"primaryImageOfPage":{"@id":"https:\/\/permakultur-landwirtschaft.org\/microfermes-en-cultures-associees-business-model-et-design-cours-du-10-octobre-2023\/#primaryimage"},"image":{"@id":"https:\/\/permakultur-landwirtschaft.org\/microfermes-en-cultures-associees-business-model-et-design-cours-du-10-octobre-2023\/#primaryimage"},"thumbnailUrl":"https:\/\/permakultur-landwirtschaft.org\/wp-content\/uploads\/2023\/09\/20230908_agridea_microfermes_Picture1.png","datePublished":"2023-10-10T11:36:04+00:00","dateModified":"2023-10-10T13:48:39+00:00","breadcrumb":{"@id":"https:\/\/permakultur-landwirtschaft.org\/microfermes-en-cultures-associees-business-model-et-design-cours-du-10-octobre-2023\/#breadcrumb"},"inLanguage":"fr-FR","potentialAction":[{"@type":"ReadAction","target":["https:\/\/permakultur-landwirtschaft.org\/microfermes-en-cultures-associees-business-model-et-design-cours-du-10-octobre-2023\/"]}]},{"@type":"ImageObject","inLanguage":"fr-FR","@id":"https:\/\/permakultur-landwirtschaft.org\/microfermes-en-cultures-associees-business-model-et-design-cours-du-10-octobre-2023\/#primaryimage","url":"https:\/\/permakultur-landwirtschaft.org\/wp-content\/uploads\/2023\/09\/20230908_agridea_microfermes_Picture1.png","contentUrl":"https:\/\/permakultur-landwirtschaft.org\/wp-content\/uploads\/2023\/09\/20230908_agridea_microfermes_Picture1.png","width":495,"height":248,"caption":"Bild: agridea"},{"@type":"BreadcrumbList","@id":"https:\/\/permakultur-landwirtschaft.org\/microfermes-en-cultures-associees-business-model-et-design-cours-du-10-octobre-2023\/#breadcrumb","itemListElement":[{"@type":"ListItem","position":1,"name":"Startseite","item":"https:\/\/permakultur-landwirtschaft.org\/"},{"@type":"ListItem","position":2,"name":"Microfermes en cultures associ\u00e9es: Business model et Design &#8211; Cours du 10 octobre 2023"}]},{"@type":"WebSite","@id":"https:\/\/permakultur-landwirtschaft.org\/#website","url":"https:\/\/permakultur-landwirtschaft.org\/","name":"Permakultur-Landwirtschaft","description":"F\u00f6rderung der Permakultur in der Landwirtschaft","publisher":{"@id":"https:\/\/permakultur-landwirtschaft.org\/#organization"},"potentialAction":[{"@type":"SearchAction","target":{"@type":"EntryPoint","urlTemplate":"https:\/\/permakultur-landwirtschaft.org\/?s={search_term_string}"},"query-input":{"@type":"PropertyValueSpecification","valueRequired":true,"valueName":"search_term_string"}}],"inLanguage":"fr-FR"},{"@type":"Organization","@id":"https:\/\/permakultur-landwirtschaft.org\/#organization","name":"Permakultur-Landwirtschaft","alternateName":"Verein Permakultur-Landwirtschaft","url":"https:\/\/permakultur-landwirtschaft.org\/","logo":{"@type":"ImageObject","inLanguage":"fr-FR","@id":"https:\/\/permakultur-landwirtschaft.org\/#\/schema\/logo\/image\/","url":"https:\/\/permakultur-landwirtschaft.org\/wp-content\/uploads\/2021\/11\/pela_1268x1269.png","contentUrl":"https:\/\/permakultur-landwirtschaft.org\/wp-content\/uploads\/2021\/11\/pela_1268x1269.png","width":1298,"height":1269,"caption":"Permakultur-Landwirtschaft"},"image":{"@id":"https:\/\/permakultur-landwirtschaft.org\/#\/schema\/logo\/image\/"},"sameAs":["https:\/\/www.facebook.com\/PermakulturLandwirtschaft","https:\/\/www.instagram.com\/permakultur_landwirtschaft\/","https:\/\/www.flickr.com\/photos\/permakultur-landwirtschaft","https:\/\/www.youtube.com\/@PermakulturLandwirtschaft"]},{"@type":"Person","@id":"https:\/\/permakultur-landwirtschaft.org\/#\/schema\/person\/6b0467872f75aed3e144093f9bf4f0b0","name":"adrian reutimann","url":"https:\/\/permakultur-landwirtschaft.org\/fr\/author\/reutiadr\/"}]}},"_links":{"self":[{"href":"https:\/\/permakultur-landwirtschaft.org\/fr\/wp-json\/wp\/v2\/posts\/31582","targetHints":{"allow":["GET"]}}],"collection":[{"href":"https:\/\/permakultur-landwirtschaft.org\/fr\/wp-json\/wp\/v2\/posts"}],"about":[{"href":"https:\/\/permakultur-landwirtschaft.org\/fr\/wp-json\/wp\/v2\/types\/post"}],"author":[{"embeddable":true,"href":"https:\/\/permakultur-landwirtschaft.org\/fr\/wp-json\/wp\/v2\/users\/2"}],"replies":[{"embeddable":true,"href":"https:\/\/permakultur-landwirtschaft.org\/fr\/wp-json\/wp\/v2\/comments?post=31582"}],"version-history":[{"count":1,"href":"https:\/\/permakultur-landwirtschaft.org\/fr\/wp-json\/wp\/v2\/posts\/31582\/revisions"}],"predecessor-version":[{"id":31584,"href":"https:\/\/permakultur-landwirtschaft.org\/fr\/wp-json\/wp\/v2\/posts\/31582\/revisions\/31584"}],"wp:featuredmedia":[{"embeddable":true,"href":"https:\/\/permakultur-landwirtschaft.org\/fr\/wp-json\/wp\/v2\/media\/31583"}],"wp:attachment":[{"href":"https:\/\/permakultur-landwirtschaft.org\/fr\/wp-json\/wp\/v2\/media?parent=31582"}],"wp:term":[{"taxonomy":"category","embeddable":true,"href":"https:\/\/permakultur-landwirtschaft.org\/fr\/wp-json\/wp\/v2\/categories?post=31582"},{"taxonomy":"post_tag","embeddable":true,"href":"https:\/\/permakultur-landwirtschaft.org\/fr\/wp-json\/wp\/v2\/tags?post=31582"}],"curies":[{"name":"wp","href":"https:\/\/api.w.org\/{rel}","templated":true}]}}