{"id":31579,"date":"2023-09-19T04:55:00","date_gmt":"2023-09-19T02:55:00","guid":{"rendered":"https:\/\/permakultur-landwirtschaft.org\/?p=31579"},"modified":"2023-09-20T22:09:29","modified_gmt":"2023-09-20T20:09:29","slug":"klimaschonende-landwirtschaft-agroforstsysteme-probio-fachanlass-vom-19-september-2023","status":"publish","type":"post","link":"https:\/\/permakultur-landwirtschaft.org\/fr\/klimaschonende-landwirtschaft-agroforstsysteme-probio-fachanlass-vom-19-september-2023\/","title":{"rendered":"Klimaschonende Landwirtschaft &#8211; Agroforstsysteme &#8211; ProBio-Fachanlass vom 19. September 2023"},"content":{"rendered":"<p>Text von probio.bioaktuell.ch:<\/p>\n\n\n\n<p>Agroforstsysteme vereinen Geh\u00f6lze und landwirtschaftliche Kulturen auf der gleichen Fl\u00e4che. Diese Kombination bietet zahlreiche \u00d6kosystemleistungen, wie verbesserte Bodenfruchtbarkeit, Wasserspeicherung oder Erosionsschutz. Gleichzeitig entziehen die Geh\u00f6lze C02 aus der Atmosph\u00e4re und stellen so eine der wichtigsten Kohlenstoffsenken in der Landwirtschaft dar. W\u00e4hrend dem Fachanlass f\u00fchrt Meinrad Betschart zusammen mit Mareike J\u00e4ger durch seine 1 ha grosse Agroforstanlage mit 50 Hochstamm Obstb\u00e4umen, 20 Nutzholzarten, Hecken und Weiden. Es werden unterschiedliche Agroforstans\u00e4tze diskutiert und m\u00f6gliche F\u00f6rderprogramme aufgezeigt. Interessierte k\u00f6nnen anschliessend absch\u00e4tzen, welche Systeme f\u00fcr den eigenen Betrieb in Frage kommen.<\/p>\n\n\n\n<p>Mit dem 2022 gesetzten Klima-Ziel in Richtung Netto Null bis 2040 unterst\u00fctzt Bio Suisse Knospe-Betriebe bei der Umsetzung von Massnahmen zur Reduktion der Treibhausgasemissionen und St\u00e4rkung der Widerstandsf\u00e4higkeit gegen\u00fcber den Auswirkungen des Klimawandels. Ab 2023 liegt daher der Schwerpunkt der ProBio-Anl\u00e4sse auf dem Klima.<\/p>\n\n\n\n<p><strong>Date<\/strong><br>Dienstag, 19. September 2023, 13:30 \u2013 ca.16:00 Uhr<\/p>\n\n\n\n<p>Lieu<br>Biohof Husmatt<br>Rickenbachstrasse 155<br>6432 Rickenbach SZ<\/p>\n\n\n\n<p><a href=\"https:\/\/probio.bioaktuell.ch\/meldung\/probio-fachanlass-klimaschonende-landwirtschaft-agroforstsysteme\" target=\"_blank\" rel=\"noreferrer noopener\">Link zu mehr Infos bei ProBio<\/a><\/p>\n\n\n\n<p><a href=\"https:\/\/biohof-husmatt.ch\" target=\"_blank\" rel=\"noreferrer noopener\">Link zum Biohof Husmatt<\/a><\/p>","protected":false},"excerpt":{"rendered":"<p>Text von probio.bioaktuell.ch: Agroforstsysteme vereinen Geh\u00f6lze und landwirtschaftliche Kulturen auf der gleichen Fl\u00e4che. Diese Kombination bietet zahlreiche \u00d6kosystemleistungen, wie verbesserte Bodenfruchtbarkeit, Wasserspeicherung oder Erosionsschutz. Gleichzeitig entziehen die Geh\u00f6lze C02 aus der Atmosph\u00e4re und stellen so eine der wichtigsten Kohlenstoffsenken in der Landwirtschaft dar. W\u00e4hrend dem Fachanlass f\u00fchrt Meinrad Betschart zusammen mit Mareike J\u00e4ger durch seine [&hellip;]<\/p>\n","protected":false},"author":2,"featured_media":31580,"comment_status":"closed","ping_status":"closed","sticky":false,"template":"","format":"standard","meta":{"_acf_changed":false,"site-sidebar-layout":"default","site-content-layout":"","ast-site-content-layout":"default","site-content-style":"default","site-sidebar-style":"default","ast-global-header-display":"","ast-banner-title-visibility":"","ast-main-header-display":"","ast-hfb-above-header-display":"","ast-hfb-below-header-display":"","ast-hfb-mobile-header-display":"","site-post-title":"","ast-breadcrumbs-content":"","ast-featured-img":"","footer-sml-layout":"","ast-disable-related-posts":"","theme-transparent-header-meta":"","adv-header-id-meta":"","stick-header-meta":"","header-above-stick-meta":"","header-main-stick-meta":"","header-below-stick-meta":"","astra-migrate-meta-layouts":"default","ast-page-background-enabled":"default","ast-page-background-meta":{"desktop":{"background-color":"var(--ast-global-color-4)","background-image":"","background-repeat":"repeat","background-position":"center center","background-size":"auto","background-attachment":"scroll","background-type":"","background-media":"","overlay-type":"","overlay-color":"","overlay-opacity":"","overlay-gradient":""},"tablet":{"background-color":"","background-image":"","background-repeat":"repeat","background-position":"center center","background-size":"auto","background-attachment":"scroll","background-type":"","background-media":"","overlay-type":"","overlay-color":"","overlay-opacity":"","overlay-gradient":""},"mobile":{"background-color":"","background-image":"","background-repeat":"repeat","background-position":"center center","background-size":"auto","background-attachment":"scroll","background-type":"","background-media":"","overlay-type":"","overlay-color":"","overlay-opacity":"","overlay-gradient":""}},"ast-content-background-meta":{"desktop":{"background-color":"var(--ast-global-color-5)","background-image":"","background-repeat":"repeat","background-position":"center center","background-size":"auto","background-attachment":"scroll","background-type":"","background-media":"","overlay-type":"","overlay-color":"","overlay-opacity":"","overlay-gradient":""},"tablet":{"background-color":"var(--ast-global-color-5)","background-image":"","background-repeat":"repeat","background-position":"center center","background-size":"auto","background-attachment":"scroll","background-type":"","background-media":"","overlay-type":"","overlay-color":"","overlay-opacity":"","overlay-gradient":""},"mobile":{"background-color":"var(--ast-global-color-5)","background-image":"","background-repeat":"repeat","background-position":"center center","background-size":"auto","background-attachment":"scroll","background-type":"","background-media":"","overlay-type":"","overlay-color":"","overlay-opacity":"","overlay-gradient":""}},"footnotes":""},"categories":[21],"tags":[31,112,111,110],"class_list":["post-31579","post","type-post","status-publish","format-standard","has-post-thumbnail","hentry","category-veranstaltungen_archiv","tag-agroforst","tag-biohof-husmatt","tag-fachanlass","tag-probio"],"acf":[],"yoast_head":"<!-- This site is optimized with the Yoast SEO plugin v27.4 - https:\/\/yoast.com\/product\/yoast-seo-wordpress\/ -->\n<title>Klimaschonende Landwirtschaft - Agroforstsysteme - ProBio-Fachanlass vom 19. September 2023 - Permakultur-Landwirtschaft<\/title>\n<meta name=\"robots\" content=\"index, follow, max-snippet:-1, max-image-preview:large, max-video-preview:-1\" \/>\n<link rel=\"canonical\" href=\"https:\/\/permakultur-landwirtschaft.org\/fr\/klimaschonende-landwirtschaft-agroforstsysteme-probio-fachanlass-vom-19-september-2023\/\" \/>\n<meta property=\"og:locale\" content=\"fr_FR\" \/>\n<meta property=\"og:type\" content=\"article\" \/>\n<meta property=\"og:title\" content=\"Klimaschonende Landwirtschaft - Agroforstsysteme - ProBio-Fachanlass vom 19. September 2023 - Permakultur-Landwirtschaft\" \/>\n<meta property=\"og:description\" content=\"Text von probio.bioaktuell.ch: Agroforstsysteme vereinen Geh\u00f6lze und landwirtschaftliche Kulturen auf der gleichen Fl\u00e4che. Diese Kombination bietet zahlreiche \u00d6kosystemleistungen, wie verbesserte Bodenfruchtbarkeit, Wasserspeicherung oder Erosionsschutz. Gleichzeitig entziehen die Geh\u00f6lze C02 aus der Atmosph\u00e4re und stellen so eine der wichtigsten Kohlenstoffsenken in der Landwirtschaft dar. W\u00e4hrend dem Fachanlass f\u00fchrt Meinrad Betschart zusammen mit Mareike J\u00e4ger durch seine [&hellip;]\" \/>\n<meta property=\"og:url\" content=\"https:\/\/permakultur-landwirtschaft.org\/fr\/klimaschonende-landwirtschaft-agroforstsysteme-probio-fachanlass-vom-19-september-2023\/\" \/>\n<meta property=\"og:site_name\" content=\"Permakultur-Landwirtschaft\" \/>\n<meta property=\"article:publisher\" content=\"https:\/\/www.facebook.com\/PermakulturLandwirtschaft\" \/>\n<meta property=\"article:published_time\" content=\"2023-09-19T02:55:00+00:00\" \/>\n<meta property=\"article:modified_time\" content=\"2023-09-20T20:09:29+00:00\" \/>\n<meta property=\"og:image\" content=\"https:\/\/permakultur-landwirtschaft.org\/wp-content\/uploads\/2023\/09\/biohof_husmatt_20220804_154015-scaled-1.jpg\" \/>\n\t<meta property=\"og:image:width\" content=\"700\" \/>\n\t<meta property=\"og:image:height\" content=\"394\" \/>\n\t<meta property=\"og:image:type\" content=\"image\/jpeg\" \/>\n<meta name=\"author\" content=\"adrian reutimann\" \/>\n<meta name=\"twitter:card\" content=\"summary_large_image\" \/>\n<meta name=\"twitter:label1\" content=\"\u00c9crit par\" \/>\n\t<meta name=\"twitter:data1\" content=\"adrian reutimann\" \/>\n\t<meta name=\"twitter:label2\" content=\"Dur\u00e9e de lecture estim\u00e9e\" \/>\n\t<meta name=\"twitter:data2\" content=\"1 minute\" \/>\n<script type=\"application\/ld+json\" class=\"yoast-schema-graph\">{\"@context\":\"https:\\\/\\\/schema.org\",\"@graph\":[{\"@type\":\"Article\",\"@id\":\"https:\\\/\\\/permakultur-landwirtschaft.org\\\/klimaschonende-landwirtschaft-agroforstsysteme-probio-fachanlass-vom-19-september-2023\\\/#article\",\"isPartOf\":{\"@id\":\"https:\\\/\\\/permakultur-landwirtschaft.org\\\/klimaschonende-landwirtschaft-agroforstsysteme-probio-fachanlass-vom-19-september-2023\\\/\"},\"author\":{\"name\":\"adrian reutimann\",\"@id\":\"https:\\\/\\\/permakultur-landwirtschaft.org\\\/#\\\/schema\\\/person\\\/6b0467872f75aed3e144093f9bf4f0b0\"},\"headline\":\"Klimaschonende Landwirtschaft &#8211; Agroforstsysteme &#8211; ProBio-Fachanlass vom 19. September 2023\",\"datePublished\":\"2023-09-19T02:55:00+00:00\",\"dateModified\":\"2023-09-20T20:09:29+00:00\",\"mainEntityOfPage\":{\"@id\":\"https:\\\/\\\/permakultur-landwirtschaft.org\\\/klimaschonende-landwirtschaft-agroforstsysteme-probio-fachanlass-vom-19-september-2023\\\/\"},\"wordCount\":176,\"publisher\":{\"@id\":\"https:\\\/\\\/permakultur-landwirtschaft.org\\\/#organization\"},\"image\":{\"@id\":\"https:\\\/\\\/permakultur-landwirtschaft.org\\\/klimaschonende-landwirtschaft-agroforstsysteme-probio-fachanlass-vom-19-september-2023\\\/#primaryimage\"},\"thumbnailUrl\":\"https:\\\/\\\/permakultur-landwirtschaft.org\\\/wp-content\\\/uploads\\\/2023\\\/09\\\/biohof_husmatt_20220804_154015-scaled-1.jpg\",\"keywords\":[\"Agroforst\",\"Biohof Husmatt\",\"Fachanlass\",\"ProBio\"],\"articleSection\":[\"Veranstaltungen_Archiv\"],\"inLanguage\":\"fr-FR\"},{\"@type\":\"WebPage\",\"@id\":\"https:\\\/\\\/permakultur-landwirtschaft.org\\\/klimaschonende-landwirtschaft-agroforstsysteme-probio-fachanlass-vom-19-september-2023\\\/\",\"url\":\"https:\\\/\\\/permakultur-landwirtschaft.org\\\/klimaschonende-landwirtschaft-agroforstsysteme-probio-fachanlass-vom-19-september-2023\\\/\",\"name\":\"Klimaschonende Landwirtschaft - Agroforstsysteme - ProBio-Fachanlass vom 19. September 2023 - Permakultur-Landwirtschaft\",\"isPartOf\":{\"@id\":\"https:\\\/\\\/permakultur-landwirtschaft.org\\\/#website\"},\"primaryImageOfPage\":{\"@id\":\"https:\\\/\\\/permakultur-landwirtschaft.org\\\/klimaschonende-landwirtschaft-agroforstsysteme-probio-fachanlass-vom-19-september-2023\\\/#primaryimage\"},\"image\":{\"@id\":\"https:\\\/\\\/permakultur-landwirtschaft.org\\\/klimaschonende-landwirtschaft-agroforstsysteme-probio-fachanlass-vom-19-september-2023\\\/#primaryimage\"},\"thumbnailUrl\":\"https:\\\/\\\/permakultur-landwirtschaft.org\\\/wp-content\\\/uploads\\\/2023\\\/09\\\/biohof_husmatt_20220804_154015-scaled-1.jpg\",\"datePublished\":\"2023-09-19T02:55:00+00:00\",\"dateModified\":\"2023-09-20T20:09:29+00:00\",\"breadcrumb\":{\"@id\":\"https:\\\/\\\/permakultur-landwirtschaft.org\\\/klimaschonende-landwirtschaft-agroforstsysteme-probio-fachanlass-vom-19-september-2023\\\/#breadcrumb\"},\"inLanguage\":\"fr-FR\",\"potentialAction\":[{\"@type\":\"ReadAction\",\"target\":[\"https:\\\/\\\/permakultur-landwirtschaft.org\\\/klimaschonende-landwirtschaft-agroforstsysteme-probio-fachanlass-vom-19-september-2023\\\/\"]}]},{\"@type\":\"ImageObject\",\"inLanguage\":\"fr-FR\",\"@id\":\"https:\\\/\\\/permakultur-landwirtschaft.org\\\/klimaschonende-landwirtschaft-agroforstsysteme-probio-fachanlass-vom-19-september-2023\\\/#primaryimage\",\"url\":\"https:\\\/\\\/permakultur-landwirtschaft.org\\\/wp-content\\\/uploads\\\/2023\\\/09\\\/biohof_husmatt_20220804_154015-scaled-1.jpg\",\"contentUrl\":\"https:\\\/\\\/permakultur-landwirtschaft.org\\\/wp-content\\\/uploads\\\/2023\\\/09\\\/biohof_husmatt_20220804_154015-scaled-1.jpg\",\"width\":700,\"height\":394,\"caption\":\"Bild: biohof-husmatt.ch\"},{\"@type\":\"BreadcrumbList\",\"@id\":\"https:\\\/\\\/permakultur-landwirtschaft.org\\\/klimaschonende-landwirtschaft-agroforstsysteme-probio-fachanlass-vom-19-september-2023\\\/#breadcrumb\",\"itemListElement\":[{\"@type\":\"ListItem\",\"position\":1,\"name\":\"Startseite\",\"item\":\"https:\\\/\\\/permakultur-landwirtschaft.org\\\/\"},{\"@type\":\"ListItem\",\"position\":2,\"name\":\"Klimaschonende Landwirtschaft &#8211; Agroforstsysteme &#8211; ProBio-Fachanlass vom 19. September 2023\"}]},{\"@type\":\"WebSite\",\"@id\":\"https:\\\/\\\/permakultur-landwirtschaft.org\\\/#website\",\"url\":\"https:\\\/\\\/permakultur-landwirtschaft.org\\\/\",\"name\":\"Permakultur-Landwirtschaft\",\"description\":\"F\u00f6rderung der Permakultur in der Landwirtschaft\",\"publisher\":{\"@id\":\"https:\\\/\\\/permakultur-landwirtschaft.org\\\/#organization\"},\"potentialAction\":[{\"@type\":\"SearchAction\",\"target\":{\"@type\":\"EntryPoint\",\"urlTemplate\":\"https:\\\/\\\/permakultur-landwirtschaft.org\\\/?s={search_term_string}\"},\"query-input\":{\"@type\":\"PropertyValueSpecification\",\"valueRequired\":true,\"valueName\":\"search_term_string\"}}],\"inLanguage\":\"fr-FR\"},{\"@type\":\"Organization\",\"@id\":\"https:\\\/\\\/permakultur-landwirtschaft.org\\\/#organization\",\"name\":\"Permakultur-Landwirtschaft\",\"alternateName\":\"Verein Permakultur-Landwirtschaft\",\"url\":\"https:\\\/\\\/permakultur-landwirtschaft.org\\\/\",\"logo\":{\"@type\":\"ImageObject\",\"inLanguage\":\"fr-FR\",\"@id\":\"https:\\\/\\\/permakultur-landwirtschaft.org\\\/#\\\/schema\\\/logo\\\/image\\\/\",\"url\":\"https:\\\/\\\/permakultur-landwirtschaft.org\\\/wp-content\\\/uploads\\\/2021\\\/11\\\/pela_1268x1269.png\",\"contentUrl\":\"https:\\\/\\\/permakultur-landwirtschaft.org\\\/wp-content\\\/uploads\\\/2021\\\/11\\\/pela_1268x1269.png\",\"width\":1298,\"height\":1269,\"caption\":\"Permakultur-Landwirtschaft\"},\"image\":{\"@id\":\"https:\\\/\\\/permakultur-landwirtschaft.org\\\/#\\\/schema\\\/logo\\\/image\\\/\"},\"sameAs\":[\"https:\\\/\\\/www.facebook.com\\\/PermakulturLandwirtschaft\",\"https:\\\/\\\/www.instagram.com\\\/permakultur_landwirtschaft\\\/\",\"https:\\\/\\\/www.flickr.com\\\/photos\\\/permakultur-landwirtschaft\",\"https:\\\/\\\/www.youtube.com\\\/@PermakulturLandwirtschaft\"]},{\"@type\":\"Person\",\"@id\":\"https:\\\/\\\/permakultur-landwirtschaft.org\\\/#\\\/schema\\\/person\\\/6b0467872f75aed3e144093f9bf4f0b0\",\"name\":\"adrian reutimann\",\"url\":\"https:\\\/\\\/permakultur-landwirtschaft.org\\\/fr\\\/author\\\/reutiadr\\\/\"}]}<\/script>\n<!-- \/ Yoast SEO plugin. -->","yoast_head_json":{"title":"Klimaschonende Landwirtschaft - Agroforstsysteme - ProBio-Fachanlass vom 19. September 2023 - Permakultur-Landwirtschaft","robots":{"index":"index","follow":"follow","max-snippet":"max-snippet:-1","max-image-preview":"max-image-preview:large","max-video-preview":"max-video-preview:-1"},"canonical":"https:\/\/permakultur-landwirtschaft.org\/fr\/klimaschonende-landwirtschaft-agroforstsysteme-probio-fachanlass-vom-19-september-2023\/","og_locale":"fr_FR","og_type":"article","og_title":"Klimaschonende Landwirtschaft - Agroforstsysteme - ProBio-Fachanlass vom 19. September 2023 - Permakultur-Landwirtschaft","og_description":"Text von probio.bioaktuell.ch: Agroforstsysteme vereinen Geh\u00f6lze und landwirtschaftliche Kulturen auf der gleichen Fl\u00e4che. Diese Kombination bietet zahlreiche \u00d6kosystemleistungen, wie verbesserte Bodenfruchtbarkeit, Wasserspeicherung oder Erosionsschutz. Gleichzeitig entziehen die Geh\u00f6lze C02 aus der Atmosph\u00e4re und stellen so eine der wichtigsten Kohlenstoffsenken in der Landwirtschaft dar. W\u00e4hrend dem Fachanlass f\u00fchrt Meinrad Betschart zusammen mit Mareike J\u00e4ger durch seine [&hellip;]","og_url":"https:\/\/permakultur-landwirtschaft.org\/fr\/klimaschonende-landwirtschaft-agroforstsysteme-probio-fachanlass-vom-19-september-2023\/","og_site_name":"Permakultur-Landwirtschaft","article_publisher":"https:\/\/www.facebook.com\/PermakulturLandwirtschaft","article_published_time":"2023-09-19T02:55:00+00:00","article_modified_time":"2023-09-20T20:09:29+00:00","og_image":[{"width":700,"height":394,"url":"https:\/\/permakultur-landwirtschaft.org\/wp-content\/uploads\/2023\/09\/biohof_husmatt_20220804_154015-scaled-1.jpg","type":"image\/jpeg"}],"author":"adrian reutimann","twitter_card":"summary_large_image","twitter_misc":{"\u00c9crit par":"adrian reutimann","Dur\u00e9e de lecture estim\u00e9e":"1 minute"},"schema":{"@context":"https:\/\/schema.org","@graph":[{"@type":"Article","@id":"https:\/\/permakultur-landwirtschaft.org\/klimaschonende-landwirtschaft-agroforstsysteme-probio-fachanlass-vom-19-september-2023\/#article","isPartOf":{"@id":"https:\/\/permakultur-landwirtschaft.org\/klimaschonende-landwirtschaft-agroforstsysteme-probio-fachanlass-vom-19-september-2023\/"},"author":{"name":"adrian reutimann","@id":"https:\/\/permakultur-landwirtschaft.org\/#\/schema\/person\/6b0467872f75aed3e144093f9bf4f0b0"},"headline":"Klimaschonende Landwirtschaft &#8211; Agroforstsysteme &#8211; ProBio-Fachanlass vom 19. September 2023","datePublished":"2023-09-19T02:55:00+00:00","dateModified":"2023-09-20T20:09:29+00:00","mainEntityOfPage":{"@id":"https:\/\/permakultur-landwirtschaft.org\/klimaschonende-landwirtschaft-agroforstsysteme-probio-fachanlass-vom-19-september-2023\/"},"wordCount":176,"publisher":{"@id":"https:\/\/permakultur-landwirtschaft.org\/#organization"},"image":{"@id":"https:\/\/permakultur-landwirtschaft.org\/klimaschonende-landwirtschaft-agroforstsysteme-probio-fachanlass-vom-19-september-2023\/#primaryimage"},"thumbnailUrl":"https:\/\/permakultur-landwirtschaft.org\/wp-content\/uploads\/2023\/09\/biohof_husmatt_20220804_154015-scaled-1.jpg","keywords":["Agroforst","Biohof Husmatt","Fachanlass","ProBio"],"articleSection":["Veranstaltungen_Archiv"],"inLanguage":"fr-FR"},{"@type":"WebPage","@id":"https:\/\/permakultur-landwirtschaft.org\/klimaschonende-landwirtschaft-agroforstsysteme-probio-fachanlass-vom-19-september-2023\/","url":"https:\/\/permakultur-landwirtschaft.org\/klimaschonende-landwirtschaft-agroforstsysteme-probio-fachanlass-vom-19-september-2023\/","name":"Klimaschonende Landwirtschaft - Agroforstsysteme - ProBio-Fachanlass vom 19. September 2023 - Permakultur-Landwirtschaft","isPartOf":{"@id":"https:\/\/permakultur-landwirtschaft.org\/#website"},"primaryImageOfPage":{"@id":"https:\/\/permakultur-landwirtschaft.org\/klimaschonende-landwirtschaft-agroforstsysteme-probio-fachanlass-vom-19-september-2023\/#primaryimage"},"image":{"@id":"https:\/\/permakultur-landwirtschaft.org\/klimaschonende-landwirtschaft-agroforstsysteme-probio-fachanlass-vom-19-september-2023\/#primaryimage"},"thumbnailUrl":"https:\/\/permakultur-landwirtschaft.org\/wp-content\/uploads\/2023\/09\/biohof_husmatt_20220804_154015-scaled-1.jpg","datePublished":"2023-09-19T02:55:00+00:00","dateModified":"2023-09-20T20:09:29+00:00","breadcrumb":{"@id":"https:\/\/permakultur-landwirtschaft.org\/klimaschonende-landwirtschaft-agroforstsysteme-probio-fachanlass-vom-19-september-2023\/#breadcrumb"},"inLanguage":"fr-FR","potentialAction":[{"@type":"ReadAction","target":["https:\/\/permakultur-landwirtschaft.org\/klimaschonende-landwirtschaft-agroforstsysteme-probio-fachanlass-vom-19-september-2023\/"]}]},{"@type":"ImageObject","inLanguage":"fr-FR","@id":"https:\/\/permakultur-landwirtschaft.org\/klimaschonende-landwirtschaft-agroforstsysteme-probio-fachanlass-vom-19-september-2023\/#primaryimage","url":"https:\/\/permakultur-landwirtschaft.org\/wp-content\/uploads\/2023\/09\/biohof_husmatt_20220804_154015-scaled-1.jpg","contentUrl":"https:\/\/permakultur-landwirtschaft.org\/wp-content\/uploads\/2023\/09\/biohof_husmatt_20220804_154015-scaled-1.jpg","width":700,"height":394,"caption":"Bild: biohof-husmatt.ch"},{"@type":"BreadcrumbList","@id":"https:\/\/permakultur-landwirtschaft.org\/klimaschonende-landwirtschaft-agroforstsysteme-probio-fachanlass-vom-19-september-2023\/#breadcrumb","itemListElement":[{"@type":"ListItem","position":1,"name":"Startseite","item":"https:\/\/permakultur-landwirtschaft.org\/"},{"@type":"ListItem","position":2,"name":"Klimaschonende Landwirtschaft &#8211; Agroforstsysteme &#8211; ProBio-Fachanlass vom 19. September 2023"}]},{"@type":"WebSite","@id":"https:\/\/permakultur-landwirtschaft.org\/#website","url":"https:\/\/permakultur-landwirtschaft.org\/","name":"Permakultur-Landwirtschaft","description":"F\u00f6rderung der Permakultur in der Landwirtschaft","publisher":{"@id":"https:\/\/permakultur-landwirtschaft.org\/#organization"},"potentialAction":[{"@type":"SearchAction","target":{"@type":"EntryPoint","urlTemplate":"https:\/\/permakultur-landwirtschaft.org\/?s={search_term_string}"},"query-input":{"@type":"PropertyValueSpecification","valueRequired":true,"valueName":"search_term_string"}}],"inLanguage":"fr-FR"},{"@type":"Organization","@id":"https:\/\/permakultur-landwirtschaft.org\/#organization","name":"Permakultur-Landwirtschaft","alternateName":"Verein Permakultur-Landwirtschaft","url":"https:\/\/permakultur-landwirtschaft.org\/","logo":{"@type":"ImageObject","inLanguage":"fr-FR","@id":"https:\/\/permakultur-landwirtschaft.org\/#\/schema\/logo\/image\/","url":"https:\/\/permakultur-landwirtschaft.org\/wp-content\/uploads\/2021\/11\/pela_1268x1269.png","contentUrl":"https:\/\/permakultur-landwirtschaft.org\/wp-content\/uploads\/2021\/11\/pela_1268x1269.png","width":1298,"height":1269,"caption":"Permakultur-Landwirtschaft"},"image":{"@id":"https:\/\/permakultur-landwirtschaft.org\/#\/schema\/logo\/image\/"},"sameAs":["https:\/\/www.facebook.com\/PermakulturLandwirtschaft","https:\/\/www.instagram.com\/permakultur_landwirtschaft\/","https:\/\/www.flickr.com\/photos\/permakultur-landwirtschaft","https:\/\/www.youtube.com\/@PermakulturLandwirtschaft"]},{"@type":"Person","@id":"https:\/\/permakultur-landwirtschaft.org\/#\/schema\/person\/6b0467872f75aed3e144093f9bf4f0b0","name":"adrian reutimann","url":"https:\/\/permakultur-landwirtschaft.org\/fr\/author\/reutiadr\/"}]}},"_links":{"self":[{"href":"https:\/\/permakultur-landwirtschaft.org\/fr\/wp-json\/wp\/v2\/posts\/31579","targetHints":{"allow":["GET"]}}],"collection":[{"href":"https:\/\/permakultur-landwirtschaft.org\/fr\/wp-json\/wp\/v2\/posts"}],"about":[{"href":"https:\/\/permakultur-landwirtschaft.org\/fr\/wp-json\/wp\/v2\/types\/post"}],"author":[{"embeddable":true,"href":"https:\/\/permakultur-landwirtschaft.org\/fr\/wp-json\/wp\/v2\/users\/2"}],"replies":[{"embeddable":true,"href":"https:\/\/permakultur-landwirtschaft.org\/fr\/wp-json\/wp\/v2\/comments?post=31579"}],"version-history":[{"count":1,"href":"https:\/\/permakultur-landwirtschaft.org\/fr\/wp-json\/wp\/v2\/posts\/31579\/revisions"}],"predecessor-version":[{"id":31581,"href":"https:\/\/permakultur-landwirtschaft.org\/fr\/wp-json\/wp\/v2\/posts\/31579\/revisions\/31581"}],"wp:featuredmedia":[{"embeddable":true,"href":"https:\/\/permakultur-landwirtschaft.org\/fr\/wp-json\/wp\/v2\/media\/31580"}],"wp:attachment":[{"href":"https:\/\/permakultur-landwirtschaft.org\/fr\/wp-json\/wp\/v2\/media?parent=31579"}],"wp:term":[{"taxonomy":"category","embeddable":true,"href":"https:\/\/permakultur-landwirtschaft.org\/fr\/wp-json\/wp\/v2\/categories?post=31579"},{"taxonomy":"post_tag","embeddable":true,"href":"https:\/\/permakultur-landwirtschaft.org\/fr\/wp-json\/wp\/v2\/tags?post=31579"}],"curies":[{"name":"wp","href":"https:\/\/api.w.org\/{rel}","templated":true}]}}