{"id":31572,"date":"2023-09-15T06:47:00","date_gmt":"2023-09-15T04:47:00","guid":{"rendered":"https:\/\/permakultur-landwirtschaft.org\/?p=31572"},"modified":"2023-09-19T14:18:49","modified_gmt":"2023-09-19T12:18:49","slug":"permakultureller-begegnungen-gespraeche-am-15-und-16-september-2023","status":"publish","type":"post","link":"https:\/\/permakultur-landwirtschaft.org\/fr\/permakultureller-begegnungen-gespraeche-am-15-und-16-september-2023\/","title":{"rendered":"Permakultureller Begegnungen &#8211; Gespr\u00e4che am 15. und 16. September 2023"},"content":{"rendered":"<p>Text von bernerlandbote.ch:<\/p>\n\n\n\n<p>Der Luzerner Landwirtschafts- und Architektur-Permakulturexperte Beat R\u00f6lli, Gewinner AKS \u201eUmweltpreis 2020\u201c und das Hamburger Umweltgenie Prof. Ralf Otterpohl finden sich f\u00fcr drei \u00f6ffentliche Vortr\u00e4ge in der Region Berner Oberland erstmals auf gemeinsamer B\u00fchne.<br>Sie offenbaren Interessierten ihre Ideen realit\u00e4tsnaher, bereits angewandter Konzepte und Visionen zur Selbstversorgung mit \u00f6kologisch lokaler Produktion, G\u00e4rtnerd\u00f6rfern und regenerativer Landwirtschaft.<\/p>\n\n\n\n<p><strong>Infos und Anmeldung<\/strong><\/p>\n\n\n\n<p>Freitag, 15. Sept. 2023, 19:30h&nbsp; &#8211;&nbsp; FRUTIGEN, \u201eMovida\u201c, Christoph Kunz Olympiastr. 14, Reservation <a href=\"mailto:helene.ogi@bluewin.ch\">helene.ogi@bluewin.ch<\/a><\/p>\n\n\n\n<p>Samstag, 16. Sept. 2023, 10-14h&nbsp; &#8211;&nbsp; ERLENBACH i.\/S, \u201ePermakulturell-landwirtschaftliche Begehung in Bergdorf\u201c, Reservation: <a href=\"mailto:info@neuesdorf.ch\">info@neuesdorf.ch<\/a><\/p>\n\n\n\n<p>Samstag, 16. Sept. 2023, 19:30h&nbsp; &#8211;&nbsp; THUN, \u201eAuditorium\u201c&nbsp;@&nbsp;The Lab Hotel, Tickets SFr. 25.- (mit Codewort \u201eBerner Landbote\u201c Sfr. 20.-) <a href=\"mailto:permakultur-ticket@gmx.ch\">permakultur-ticket@gmx.ch<\/a><\/p>","protected":false},"excerpt":{"rendered":"<p>Text von bernerlandbote.ch: Der Luzerner Landwirtschafts- und Architektur-Permakulturexperte Beat R\u00f6lli, Gewinner AKS \u201eUmweltpreis 2020\u201c und das Hamburger Umweltgenie Prof. Ralf Otterpohl finden sich f\u00fcr drei \u00f6ffentliche Vortr\u00e4ge in der Region Berner Oberland erstmals auf gemeinsamer B\u00fchne.Sie offenbaren Interessierten ihre Ideen realit\u00e4tsnaher, bereits angewandter Konzepte und Visionen zur Selbstversorgung mit \u00f6kologisch lokaler Produktion, G\u00e4rtnerd\u00f6rfern und regenerativer [&hellip;]<\/p>\n","protected":false},"author":2,"featured_media":31573,"comment_status":"closed","ping_status":"closed","sticky":false,"template":"","format":"standard","meta":{"_acf_changed":false,"site-sidebar-layout":"default","site-content-layout":"","ast-site-content-layout":"default","site-content-style":"default","site-sidebar-style":"default","ast-global-header-display":"","ast-banner-title-visibility":"","ast-main-header-display":"","ast-hfb-above-header-display":"","ast-hfb-below-header-display":"","ast-hfb-mobile-header-display":"","site-post-title":"","ast-breadcrumbs-content":"","ast-featured-img":"","footer-sml-layout":"","ast-disable-related-posts":"","theme-transparent-header-meta":"","adv-header-id-meta":"","stick-header-meta":"","header-above-stick-meta":"","header-main-stick-meta":"","header-below-stick-meta":"","astra-migrate-meta-layouts":"default","ast-page-background-enabled":"default","ast-page-background-meta":{"desktop":{"background-color":"var(--ast-global-color-4)","background-image":"","background-repeat":"repeat","background-position":"center center","background-size":"auto","background-attachment":"scroll","background-type":"","background-media":"","overlay-type":"","overlay-color":"","overlay-opacity":"","overlay-gradient":""},"tablet":{"background-color":"","background-image":"","background-repeat":"repeat","background-position":"center center","background-size":"auto","background-attachment":"scroll","background-type":"","background-media":"","overlay-type":"","overlay-color":"","overlay-opacity":"","overlay-gradient":""},"mobile":{"background-color":"","background-image":"","background-repeat":"repeat","background-position":"center center","background-size":"auto","background-attachment":"scroll","background-type":"","background-media":"","overlay-type":"","overlay-color":"","overlay-opacity":"","overlay-gradient":""}},"ast-content-background-meta":{"desktop":{"background-color":"var(--ast-global-color-5)","background-image":"","background-repeat":"repeat","background-position":"center center","background-size":"auto","background-attachment":"scroll","background-type":"","background-media":"","overlay-type":"","overlay-color":"","overlay-opacity":"","overlay-gradient":""},"tablet":{"background-color":"var(--ast-global-color-5)","background-image":"","background-repeat":"repeat","background-position":"center center","background-size":"auto","background-attachment":"scroll","background-type":"","background-media":"","overlay-type":"","overlay-color":"","overlay-opacity":"","overlay-gradient":""},"mobile":{"background-color":"var(--ast-global-color-5)","background-image":"","background-repeat":"repeat","background-position":"center center","background-size":"auto","background-attachment":"scroll","background-type":"","background-media":"","overlay-type":"","overlay-color":"","overlay-opacity":"","overlay-gradient":""}},"footnotes":""},"categories":[21],"tags":[],"class_list":["post-31572","post","type-post","status-publish","format-standard","has-post-thumbnail","hentry","category-veranstaltungen_archiv"],"acf":[],"yoast_head":"<!-- This site is optimized with the Yoast SEO plugin v27.4 - https:\/\/yoast.com\/product\/yoast-seo-wordpress\/ -->\n<title>Permakultureller Begegnungen - Gespr\u00e4che am 15. und 16. September 2023 - Permakultur-Landwirtschaft<\/title>\n<meta name=\"robots\" content=\"index, follow, max-snippet:-1, max-image-preview:large, max-video-preview:-1\" \/>\n<link rel=\"canonical\" href=\"https:\/\/permakultur-landwirtschaft.org\/fr\/permakultureller-begegnungen-gespraeche-am-15-und-16-september-2023\/\" \/>\n<meta property=\"og:locale\" content=\"fr_FR\" \/>\n<meta property=\"og:type\" content=\"article\" \/>\n<meta property=\"og:title\" content=\"Permakultureller Begegnungen - Gespr\u00e4che am 15. und 16. September 2023 - Permakultur-Landwirtschaft\" \/>\n<meta property=\"og:description\" content=\"Text von bernerlandbote.ch: Der Luzerner Landwirtschafts- und Architektur-Permakulturexperte Beat R\u00f6lli, Gewinner AKS \u201eUmweltpreis 2020\u201c und das Hamburger Umweltgenie Prof. Ralf Otterpohl finden sich f\u00fcr drei \u00f6ffentliche Vortr\u00e4ge in der Region Berner Oberland erstmals auf gemeinsamer B\u00fchne.Sie offenbaren Interessierten ihre Ideen realit\u00e4tsnaher, bereits angewandter Konzepte und Visionen zur Selbstversorgung mit \u00f6kologisch lokaler Produktion, G\u00e4rtnerd\u00f6rfern und regenerativer [&hellip;]\" \/>\n<meta property=\"og:url\" content=\"https:\/\/permakultur-landwirtschaft.org\/fr\/permakultureller-begegnungen-gespraeche-am-15-und-16-september-2023\/\" \/>\n<meta property=\"og:site_name\" content=\"Permakultur-Landwirtschaft\" \/>\n<meta property=\"article:publisher\" content=\"https:\/\/www.facebook.com\/PermakulturLandwirtschaft\" \/>\n<meta property=\"article:published_time\" content=\"2023-09-15T04:47:00+00:00\" \/>\n<meta property=\"article:modified_time\" content=\"2023-09-19T12:18:49+00:00\" \/>\n<meta property=\"og:image\" content=\"https:\/\/permakultur-landwirtschaft.org\/wp-content\/uploads\/2023\/09\/pl_begegnung_2023-09-05_10-38-34.jpg\" \/>\n\t<meta property=\"og:image:width\" content=\"701\" \/>\n\t<meta property=\"og:image:height\" content=\"351\" \/>\n\t<meta property=\"og:image:type\" content=\"image\/jpeg\" \/>\n<meta name=\"author\" content=\"adrian reutimann\" \/>\n<meta name=\"twitter:card\" content=\"summary_large_image\" \/>\n<meta name=\"twitter:label1\" content=\"\u00c9crit par\" \/>\n\t<meta name=\"twitter:data1\" content=\"adrian reutimann\" \/>\n\t<meta name=\"twitter:label2\" content=\"Dur\u00e9e de lecture estim\u00e9e\" \/>\n\t<meta name=\"twitter:data2\" content=\"1 minute\" \/>\n<script type=\"application\/ld+json\" class=\"yoast-schema-graph\">{\"@context\":\"https:\\\/\\\/schema.org\",\"@graph\":[{\"@type\":\"Article\",\"@id\":\"https:\\\/\\\/permakultur-landwirtschaft.org\\\/permakultureller-begegnungen-gespraeche-am-15-und-16-september-2023\\\/#article\",\"isPartOf\":{\"@id\":\"https:\\\/\\\/permakultur-landwirtschaft.org\\\/permakultureller-begegnungen-gespraeche-am-15-und-16-september-2023\\\/\"},\"author\":{\"name\":\"adrian reutimann\",\"@id\":\"https:\\\/\\\/permakultur-landwirtschaft.org\\\/#\\\/schema\\\/person\\\/6b0467872f75aed3e144093f9bf4f0b0\"},\"headline\":\"Permakultureller Begegnungen &#8211; Gespr\u00e4che am 15. und 16. September 2023\",\"datePublished\":\"2023-09-15T04:47:00+00:00\",\"dateModified\":\"2023-09-19T12:18:49+00:00\",\"mainEntityOfPage\":{\"@id\":\"https:\\\/\\\/permakultur-landwirtschaft.org\\\/permakultureller-begegnungen-gespraeche-am-15-und-16-september-2023\\\/\"},\"wordCount\":134,\"publisher\":{\"@id\":\"https:\\\/\\\/permakultur-landwirtschaft.org\\\/#organization\"},\"image\":{\"@id\":\"https:\\\/\\\/permakultur-landwirtschaft.org\\\/permakultureller-begegnungen-gespraeche-am-15-und-16-september-2023\\\/#primaryimage\"},\"thumbnailUrl\":\"https:\\\/\\\/permakultur-landwirtschaft.org\\\/wp-content\\\/uploads\\\/2023\\\/09\\\/pl_begegnung_2023-09-05_10-38-34.jpg\",\"articleSection\":[\"Veranstaltungen_Archiv\"],\"inLanguage\":\"fr-FR\"},{\"@type\":\"WebPage\",\"@id\":\"https:\\\/\\\/permakultur-landwirtschaft.org\\\/permakultureller-begegnungen-gespraeche-am-15-und-16-september-2023\\\/\",\"url\":\"https:\\\/\\\/permakultur-landwirtschaft.org\\\/permakultureller-begegnungen-gespraeche-am-15-und-16-september-2023\\\/\",\"name\":\"Permakultureller Begegnungen - Gespr\u00e4che am 15. und 16. September 2023 - Permakultur-Landwirtschaft\",\"isPartOf\":{\"@id\":\"https:\\\/\\\/permakultur-landwirtschaft.org\\\/#website\"},\"primaryImageOfPage\":{\"@id\":\"https:\\\/\\\/permakultur-landwirtschaft.org\\\/permakultureller-begegnungen-gespraeche-am-15-und-16-september-2023\\\/#primaryimage\"},\"image\":{\"@id\":\"https:\\\/\\\/permakultur-landwirtschaft.org\\\/permakultureller-begegnungen-gespraeche-am-15-und-16-september-2023\\\/#primaryimage\"},\"thumbnailUrl\":\"https:\\\/\\\/permakultur-landwirtschaft.org\\\/wp-content\\\/uploads\\\/2023\\\/09\\\/pl_begegnung_2023-09-05_10-38-34.jpg\",\"datePublished\":\"2023-09-15T04:47:00+00:00\",\"dateModified\":\"2023-09-19T12:18:49+00:00\",\"breadcrumb\":{\"@id\":\"https:\\\/\\\/permakultur-landwirtschaft.org\\\/permakultureller-begegnungen-gespraeche-am-15-und-16-september-2023\\\/#breadcrumb\"},\"inLanguage\":\"fr-FR\",\"potentialAction\":[{\"@type\":\"ReadAction\",\"target\":[\"https:\\\/\\\/permakultur-landwirtschaft.org\\\/permakultureller-begegnungen-gespraeche-am-15-und-16-september-2023\\\/\"]}]},{\"@type\":\"ImageObject\",\"inLanguage\":\"fr-FR\",\"@id\":\"https:\\\/\\\/permakultur-landwirtschaft.org\\\/permakultureller-begegnungen-gespraeche-am-15-und-16-september-2023\\\/#primaryimage\",\"url\":\"https:\\\/\\\/permakultur-landwirtschaft.org\\\/wp-content\\\/uploads\\\/2023\\\/09\\\/pl_begegnung_2023-09-05_10-38-34.jpg\",\"contentUrl\":\"https:\\\/\\\/permakultur-landwirtschaft.org\\\/wp-content\\\/uploads\\\/2023\\\/09\\\/pl_begegnung_2023-09-05_10-38-34.jpg\",\"width\":701,\"height\":351},{\"@type\":\"BreadcrumbList\",\"@id\":\"https:\\\/\\\/permakultur-landwirtschaft.org\\\/permakultureller-begegnungen-gespraeche-am-15-und-16-september-2023\\\/#breadcrumb\",\"itemListElement\":[{\"@type\":\"ListItem\",\"position\":1,\"name\":\"Startseite\",\"item\":\"https:\\\/\\\/permakultur-landwirtschaft.org\\\/\"},{\"@type\":\"ListItem\",\"position\":2,\"name\":\"Permakultureller Begegnungen &#8211; Gespr\u00e4che am 15. und 16. September 2023\"}]},{\"@type\":\"WebSite\",\"@id\":\"https:\\\/\\\/permakultur-landwirtschaft.org\\\/#website\",\"url\":\"https:\\\/\\\/permakultur-landwirtschaft.org\\\/\",\"name\":\"Permakultur-Landwirtschaft\",\"description\":\"F\u00f6rderung der Permakultur in der Landwirtschaft\",\"publisher\":{\"@id\":\"https:\\\/\\\/permakultur-landwirtschaft.org\\\/#organization\"},\"potentialAction\":[{\"@type\":\"SearchAction\",\"target\":{\"@type\":\"EntryPoint\",\"urlTemplate\":\"https:\\\/\\\/permakultur-landwirtschaft.org\\\/?s={search_term_string}\"},\"query-input\":{\"@type\":\"PropertyValueSpecification\",\"valueRequired\":true,\"valueName\":\"search_term_string\"}}],\"inLanguage\":\"fr-FR\"},{\"@type\":\"Organization\",\"@id\":\"https:\\\/\\\/permakultur-landwirtschaft.org\\\/#organization\",\"name\":\"Permakultur-Landwirtschaft\",\"alternateName\":\"Verein Permakultur-Landwirtschaft\",\"url\":\"https:\\\/\\\/permakultur-landwirtschaft.org\\\/\",\"logo\":{\"@type\":\"ImageObject\",\"inLanguage\":\"fr-FR\",\"@id\":\"https:\\\/\\\/permakultur-landwirtschaft.org\\\/#\\\/schema\\\/logo\\\/image\\\/\",\"url\":\"https:\\\/\\\/permakultur-landwirtschaft.org\\\/wp-content\\\/uploads\\\/2021\\\/11\\\/pela_1268x1269.png\",\"contentUrl\":\"https:\\\/\\\/permakultur-landwirtschaft.org\\\/wp-content\\\/uploads\\\/2021\\\/11\\\/pela_1268x1269.png\",\"width\":1298,\"height\":1269,\"caption\":\"Permakultur-Landwirtschaft\"},\"image\":{\"@id\":\"https:\\\/\\\/permakultur-landwirtschaft.org\\\/#\\\/schema\\\/logo\\\/image\\\/\"},\"sameAs\":[\"https:\\\/\\\/www.facebook.com\\\/PermakulturLandwirtschaft\",\"https:\\\/\\\/www.instagram.com\\\/permakultur_landwirtschaft\\\/\",\"https:\\\/\\\/www.flickr.com\\\/photos\\\/permakultur-landwirtschaft\",\"https:\\\/\\\/www.youtube.com\\\/@PermakulturLandwirtschaft\"]},{\"@type\":\"Person\",\"@id\":\"https:\\\/\\\/permakultur-landwirtschaft.org\\\/#\\\/schema\\\/person\\\/6b0467872f75aed3e144093f9bf4f0b0\",\"name\":\"adrian reutimann\",\"url\":\"https:\\\/\\\/permakultur-landwirtschaft.org\\\/fr\\\/author\\\/reutiadr\\\/\"}]}<\/script>\n<!-- \/ Yoast SEO plugin. -->","yoast_head_json":{"title":"Permakultureller Begegnungen - Gespr\u00e4che am 15. und 16. September 2023 - Permakultur-Landwirtschaft","robots":{"index":"index","follow":"follow","max-snippet":"max-snippet:-1","max-image-preview":"max-image-preview:large","max-video-preview":"max-video-preview:-1"},"canonical":"https:\/\/permakultur-landwirtschaft.org\/fr\/permakultureller-begegnungen-gespraeche-am-15-und-16-september-2023\/","og_locale":"fr_FR","og_type":"article","og_title":"Permakultureller Begegnungen - Gespr\u00e4che am 15. und 16. September 2023 - Permakultur-Landwirtschaft","og_description":"Text von bernerlandbote.ch: Der Luzerner Landwirtschafts- und Architektur-Permakulturexperte Beat R\u00f6lli, Gewinner AKS \u201eUmweltpreis 2020\u201c und das Hamburger Umweltgenie Prof. Ralf Otterpohl finden sich f\u00fcr drei \u00f6ffentliche Vortr\u00e4ge in der Region Berner Oberland erstmals auf gemeinsamer B\u00fchne.Sie offenbaren Interessierten ihre Ideen realit\u00e4tsnaher, bereits angewandter Konzepte und Visionen zur Selbstversorgung mit \u00f6kologisch lokaler Produktion, G\u00e4rtnerd\u00f6rfern und regenerativer [&hellip;]","og_url":"https:\/\/permakultur-landwirtschaft.org\/fr\/permakultureller-begegnungen-gespraeche-am-15-und-16-september-2023\/","og_site_name":"Permakultur-Landwirtschaft","article_publisher":"https:\/\/www.facebook.com\/PermakulturLandwirtschaft","article_published_time":"2023-09-15T04:47:00+00:00","article_modified_time":"2023-09-19T12:18:49+00:00","og_image":[{"width":701,"height":351,"url":"https:\/\/permakultur-landwirtschaft.org\/wp-content\/uploads\/2023\/09\/pl_begegnung_2023-09-05_10-38-34.jpg","type":"image\/jpeg"}],"author":"adrian reutimann","twitter_card":"summary_large_image","twitter_misc":{"\u00c9crit par":"adrian reutimann","Dur\u00e9e de lecture estim\u00e9e":"1 minute"},"schema":{"@context":"https:\/\/schema.org","@graph":[{"@type":"Article","@id":"https:\/\/permakultur-landwirtschaft.org\/permakultureller-begegnungen-gespraeche-am-15-und-16-september-2023\/#article","isPartOf":{"@id":"https:\/\/permakultur-landwirtschaft.org\/permakultureller-begegnungen-gespraeche-am-15-und-16-september-2023\/"},"author":{"name":"adrian reutimann","@id":"https:\/\/permakultur-landwirtschaft.org\/#\/schema\/person\/6b0467872f75aed3e144093f9bf4f0b0"},"headline":"Permakultureller Begegnungen &#8211; Gespr\u00e4che am 15. und 16. September 2023","datePublished":"2023-09-15T04:47:00+00:00","dateModified":"2023-09-19T12:18:49+00:00","mainEntityOfPage":{"@id":"https:\/\/permakultur-landwirtschaft.org\/permakultureller-begegnungen-gespraeche-am-15-und-16-september-2023\/"},"wordCount":134,"publisher":{"@id":"https:\/\/permakultur-landwirtschaft.org\/#organization"},"image":{"@id":"https:\/\/permakultur-landwirtschaft.org\/permakultureller-begegnungen-gespraeche-am-15-und-16-september-2023\/#primaryimage"},"thumbnailUrl":"https:\/\/permakultur-landwirtschaft.org\/wp-content\/uploads\/2023\/09\/pl_begegnung_2023-09-05_10-38-34.jpg","articleSection":["Veranstaltungen_Archiv"],"inLanguage":"fr-FR"},{"@type":"WebPage","@id":"https:\/\/permakultur-landwirtschaft.org\/permakultureller-begegnungen-gespraeche-am-15-und-16-september-2023\/","url":"https:\/\/permakultur-landwirtschaft.org\/permakultureller-begegnungen-gespraeche-am-15-und-16-september-2023\/","name":"Permakultureller Begegnungen - Gespr\u00e4che am 15. und 16. September 2023 - Permakultur-Landwirtschaft","isPartOf":{"@id":"https:\/\/permakultur-landwirtschaft.org\/#website"},"primaryImageOfPage":{"@id":"https:\/\/permakultur-landwirtschaft.org\/permakultureller-begegnungen-gespraeche-am-15-und-16-september-2023\/#primaryimage"},"image":{"@id":"https:\/\/permakultur-landwirtschaft.org\/permakultureller-begegnungen-gespraeche-am-15-und-16-september-2023\/#primaryimage"},"thumbnailUrl":"https:\/\/permakultur-landwirtschaft.org\/wp-content\/uploads\/2023\/09\/pl_begegnung_2023-09-05_10-38-34.jpg","datePublished":"2023-09-15T04:47:00+00:00","dateModified":"2023-09-19T12:18:49+00:00","breadcrumb":{"@id":"https:\/\/permakultur-landwirtschaft.org\/permakultureller-begegnungen-gespraeche-am-15-und-16-september-2023\/#breadcrumb"},"inLanguage":"fr-FR","potentialAction":[{"@type":"ReadAction","target":["https:\/\/permakultur-landwirtschaft.org\/permakultureller-begegnungen-gespraeche-am-15-und-16-september-2023\/"]}]},{"@type":"ImageObject","inLanguage":"fr-FR","@id":"https:\/\/permakultur-landwirtschaft.org\/permakultureller-begegnungen-gespraeche-am-15-und-16-september-2023\/#primaryimage","url":"https:\/\/permakultur-landwirtschaft.org\/wp-content\/uploads\/2023\/09\/pl_begegnung_2023-09-05_10-38-34.jpg","contentUrl":"https:\/\/permakultur-landwirtschaft.org\/wp-content\/uploads\/2023\/09\/pl_begegnung_2023-09-05_10-38-34.jpg","width":701,"height":351},{"@type":"BreadcrumbList","@id":"https:\/\/permakultur-landwirtschaft.org\/permakultureller-begegnungen-gespraeche-am-15-und-16-september-2023\/#breadcrumb","itemListElement":[{"@type":"ListItem","position":1,"name":"Startseite","item":"https:\/\/permakultur-landwirtschaft.org\/"},{"@type":"ListItem","position":2,"name":"Permakultureller Begegnungen &#8211; Gespr\u00e4che am 15. und 16. September 2023"}]},{"@type":"WebSite","@id":"https:\/\/permakultur-landwirtschaft.org\/#website","url":"https:\/\/permakultur-landwirtschaft.org\/","name":"Permakultur-Landwirtschaft","description":"F\u00f6rderung der Permakultur in der Landwirtschaft","publisher":{"@id":"https:\/\/permakultur-landwirtschaft.org\/#organization"},"potentialAction":[{"@type":"SearchAction","target":{"@type":"EntryPoint","urlTemplate":"https:\/\/permakultur-landwirtschaft.org\/?s={search_term_string}"},"query-input":{"@type":"PropertyValueSpecification","valueRequired":true,"valueName":"search_term_string"}}],"inLanguage":"fr-FR"},{"@type":"Organization","@id":"https:\/\/permakultur-landwirtschaft.org\/#organization","name":"Permakultur-Landwirtschaft","alternateName":"Verein Permakultur-Landwirtschaft","url":"https:\/\/permakultur-landwirtschaft.org\/","logo":{"@type":"ImageObject","inLanguage":"fr-FR","@id":"https:\/\/permakultur-landwirtschaft.org\/#\/schema\/logo\/image\/","url":"https:\/\/permakultur-landwirtschaft.org\/wp-content\/uploads\/2021\/11\/pela_1268x1269.png","contentUrl":"https:\/\/permakultur-landwirtschaft.org\/wp-content\/uploads\/2021\/11\/pela_1268x1269.png","width":1298,"height":1269,"caption":"Permakultur-Landwirtschaft"},"image":{"@id":"https:\/\/permakultur-landwirtschaft.org\/#\/schema\/logo\/image\/"},"sameAs":["https:\/\/www.facebook.com\/PermakulturLandwirtschaft","https:\/\/www.instagram.com\/permakultur_landwirtschaft\/","https:\/\/www.flickr.com\/photos\/permakultur-landwirtschaft","https:\/\/www.youtube.com\/@PermakulturLandwirtschaft"]},{"@type":"Person","@id":"https:\/\/permakultur-landwirtschaft.org\/#\/schema\/person\/6b0467872f75aed3e144093f9bf4f0b0","name":"adrian reutimann","url":"https:\/\/permakultur-landwirtschaft.org\/fr\/author\/reutiadr\/"}]}},"_links":{"self":[{"href":"https:\/\/permakultur-landwirtschaft.org\/fr\/wp-json\/wp\/v2\/posts\/31572","targetHints":{"allow":["GET"]}}],"collection":[{"href":"https:\/\/permakultur-landwirtschaft.org\/fr\/wp-json\/wp\/v2\/posts"}],"about":[{"href":"https:\/\/permakultur-landwirtschaft.org\/fr\/wp-json\/wp\/v2\/types\/post"}],"author":[{"embeddable":true,"href":"https:\/\/permakultur-landwirtschaft.org\/fr\/wp-json\/wp\/v2\/users\/2"}],"replies":[{"embeddable":true,"href":"https:\/\/permakultur-landwirtschaft.org\/fr\/wp-json\/wp\/v2\/comments?post=31572"}],"version-history":[{"count":2,"href":"https:\/\/permakultur-landwirtschaft.org\/fr\/wp-json\/wp\/v2\/posts\/31572\/revisions"}],"predecessor-version":[{"id":31736,"href":"https:\/\/permakultur-landwirtschaft.org\/fr\/wp-json\/wp\/v2\/posts\/31572\/revisions\/31736"}],"wp:featuredmedia":[{"embeddable":true,"href":"https:\/\/permakultur-landwirtschaft.org\/fr\/wp-json\/wp\/v2\/media\/31573"}],"wp:attachment":[{"href":"https:\/\/permakultur-landwirtschaft.org\/fr\/wp-json\/wp\/v2\/media?parent=31572"}],"wp:term":[{"taxonomy":"category","embeddable":true,"href":"https:\/\/permakultur-landwirtschaft.org\/fr\/wp-json\/wp\/v2\/categories?post=31572"},{"taxonomy":"post_tag","embeddable":true,"href":"https:\/\/permakultur-landwirtschaft.org\/fr\/wp-json\/wp\/v2\/tags?post=31572"}],"curies":[{"name":"wp","href":"https:\/\/api.w.org\/{rel}","templated":true}]}}