{"id":31566,"date":"2023-06-10T10:15:00","date_gmt":"2023-06-10T08:15:00","guid":{"rendered":"https:\/\/permakultur-landwirtschaft.org\/?p=31566"},"modified":"2023-10-18T15:26:24","modified_gmt":"2023-10-18T13:26:24","slug":"marktgarten-mikrofarming-konferenz-27-bis-29-oktober-2023","status":"publish","type":"post","link":"https:\/\/permakultur-landwirtschaft.org\/fr\/marktgarten-mikrofarming-konferenz-27-bis-29-oktober-2023\/","title":{"rendered":"Marktgarten &#038; Mikrofarming Konferenz &#8211; 27. bis 29. Oktober 2023"},"content":{"rendered":"<p>Text von booking.seminardesk.de:<\/p>\n\n\n\n<p>Die Marktgarten Konferenz ist die Plattform im deutschsprachigen Raum f\u00fcr alle aktiven und interessierten Menschen im Bereich des Market Gardening und weiterer Konzepte kleinstrukturierter Formen der Landwirtschaft.<\/p>\n\n\n\n<p>Dieses Jahr findet die Konferenz bereits zum sechsten Mal statt. Im Fokus stehen Vortr\u00e4ge und Erfahrungsberichte von G\u00e4rtnerInnen, Workshops zu aktuellen praxisnahen Themen und Feldbegehungen \u00fcber den Marktgarten vor Ort. Neben den fachlichen Inhalten bietet die Konferenz viel Raum f\u00fcr Austausch und Vernetzung unter den PraktikerInnen.<\/p>\n\n\n\n<p><strong>Date<\/strong><br>27. bis 29. Oktober 2023<\/p>\n\n\n\n<p><a href=\"https:\/\/booking.seminardesk.de\/de\/schloss-tempelhof\/ecefd3ba4765466ebba5a026e25fb108\/6-marktgarten--mikrofarming-konferenz\" target=\"_blank\" rel=\"noreferrer noopener\">Link zu mehr Infos<\/a><\/p>","protected":false},"excerpt":{"rendered":"<p>Text von booking.seminardesk.de: Die Marktgarten Konferenz ist die Plattform im deutschsprachigen Raum f\u00fcr alle aktiven und interessierten Menschen im Bereich des Market Gardening und weiterer Konzepte kleinstrukturierter Formen der Landwirtschaft. Dieses Jahr findet die Konferenz bereits zum sechsten Mal statt. Im Fokus stehen Vortr\u00e4ge und Erfahrungsberichte von G\u00e4rtnerInnen, Workshops zu aktuellen praxisnahen Themen und Feldbegehungen [&hellip;]<\/p>\n","protected":false},"author":2,"featured_media":31567,"comment_status":"closed","ping_status":"closed","sticky":false,"template":"","format":"standard","meta":{"_acf_changed":false,"site-sidebar-layout":"default","site-content-layout":"","ast-site-content-layout":"default","site-content-style":"default","site-sidebar-style":"default","ast-global-header-display":"","ast-banner-title-visibility":"","ast-main-header-display":"","ast-hfb-above-header-display":"","ast-hfb-below-header-display":"","ast-hfb-mobile-header-display":"","site-post-title":"","ast-breadcrumbs-content":"","ast-featured-img":"","footer-sml-layout":"","ast-disable-related-posts":"","theme-transparent-header-meta":"","adv-header-id-meta":"","stick-header-meta":"","header-above-stick-meta":"","header-main-stick-meta":"","header-below-stick-meta":"","astra-migrate-meta-layouts":"set","ast-page-background-enabled":"default","ast-page-background-meta":{"desktop":{"background-color":"var(--ast-global-color-4)","background-image":"","background-repeat":"repeat","background-position":"center center","background-size":"auto","background-attachment":"scroll","background-type":"","background-media":"","overlay-type":"","overlay-color":"","overlay-opacity":"","overlay-gradient":""},"tablet":{"background-color":"","background-image":"","background-repeat":"repeat","background-position":"center center","background-size":"auto","background-attachment":"scroll","background-type":"","background-media":"","overlay-type":"","overlay-color":"","overlay-opacity":"","overlay-gradient":""},"mobile":{"background-color":"","background-image":"","background-repeat":"repeat","background-position":"center center","background-size":"auto","background-attachment":"scroll","background-type":"","background-media":"","overlay-type":"","overlay-color":"","overlay-opacity":"","overlay-gradient":""}},"ast-content-background-meta":{"desktop":{"background-color":"var(--ast-global-color-5)","background-image":"","background-repeat":"repeat","background-position":"center center","background-size":"auto","background-attachment":"scroll","background-type":"","background-media":"","overlay-type":"","overlay-color":"","overlay-opacity":"","overlay-gradient":""},"tablet":{"background-color":"var(--ast-global-color-5)","background-image":"","background-repeat":"repeat","background-position":"center center","background-size":"auto","background-attachment":"scroll","background-type":"","background-media":"","overlay-type":"","overlay-color":"","overlay-opacity":"","overlay-gradient":""},"mobile":{"background-color":"var(--ast-global-color-5)","background-image":"","background-repeat":"repeat","background-position":"center center","background-size":"auto","background-attachment":"scroll","background-type":"","background-media":"","overlay-type":"","overlay-color":"","overlay-opacity":"","overlay-gradient":""}},"footnotes":""},"categories":[14],"tags":[109,107,108],"class_list":["post-31566","post","type-post","status-publish","format-standard","has-post-thumbnail","hentry","category-veranstaltung","tag-konferenz","tag-marktgarten","tag-mikrofarming"],"acf":[],"yoast_head":"<!-- This site is optimized with the Yoast SEO plugin v27.5 - https:\/\/yoast.com\/product\/yoast-seo-wordpress\/ -->\n<title>Marktgarten &amp; Mikrofarming Konferenz - 27. bis 29. Oktober 2023 - Permakultur-Landwirtschaft<\/title>\n<meta name=\"robots\" content=\"index, follow, max-snippet:-1, max-image-preview:large, max-video-preview:-1\" \/>\n<link rel=\"canonical\" href=\"https:\/\/permakultur-landwirtschaft.org\/fr\/marktgarten-mikrofarming-konferenz-27-bis-29-oktober-2023\/\" \/>\n<meta property=\"og:locale\" content=\"fr_FR\" \/>\n<meta property=\"og:type\" content=\"article\" \/>\n<meta property=\"og:title\" content=\"Marktgarten &amp; Mikrofarming Konferenz - 27. bis 29. Oktober 2023 - Permakultur-Landwirtschaft\" \/>\n<meta property=\"og:description\" content=\"Text von booking.seminardesk.de: Die Marktgarten Konferenz ist die Plattform im deutschsprachigen Raum f\u00fcr alle aktiven und interessierten Menschen im Bereich des Market Gardening und weiterer Konzepte kleinstrukturierter Formen der Landwirtschaft. Dieses Jahr findet die Konferenz bereits zum sechsten Mal statt. Im Fokus stehen Vortr\u00e4ge und Erfahrungsberichte von G\u00e4rtnerInnen, Workshops zu aktuellen praxisnahen Themen und Feldbegehungen [&hellip;]\" \/>\n<meta property=\"og:url\" content=\"https:\/\/permakultur-landwirtschaft.org\/fr\/marktgarten-mikrofarming-konferenz-27-bis-29-oktober-2023\/\" \/>\n<meta property=\"og:site_name\" content=\"Permakultur-Landwirtschaft\" \/>\n<meta property=\"article:publisher\" content=\"https:\/\/www.facebook.com\/PermakulturLandwirtschaft\" \/>\n<meta property=\"article:published_time\" content=\"2023-06-10T08:15:00+00:00\" \/>\n<meta property=\"article:modified_time\" content=\"2023-10-18T13:26:24+00:00\" \/>\n<meta property=\"og:image\" content=\"https:\/\/permakultur-landwirtschaft.org\/wp-content\/uploads\/2023\/09\/Marktgarten_Mikrofarming_Konferenz_2023-09-05_10-15-02.jpg\" \/>\n\t<meta property=\"og:image:width\" content=\"700\" \/>\n\t<meta property=\"og:image:height\" content=\"320\" \/>\n\t<meta property=\"og:image:type\" content=\"image\/jpeg\" \/>\n<meta name=\"author\" content=\"adrian reutimann\" \/>\n<meta name=\"twitter:card\" content=\"summary_large_image\" \/>\n<meta name=\"twitter:label1\" content=\"\u00c9crit par\" \/>\n\t<meta name=\"twitter:data1\" content=\"adrian reutimann\" \/>\n\t<meta name=\"twitter:label2\" content=\"Dur\u00e9e de lecture estim\u00e9e\" \/>\n\t<meta name=\"twitter:data2\" content=\"1 minute\" \/>\n<script type=\"application\/ld+json\" class=\"yoast-schema-graph\">{\"@context\":\"https:\\\/\\\/schema.org\",\"@graph\":[{\"@type\":\"Article\",\"@id\":\"https:\\\/\\\/permakultur-landwirtschaft.org\\\/marktgarten-mikrofarming-konferenz-27-bis-29-oktober-2023\\\/#article\",\"isPartOf\":{\"@id\":\"https:\\\/\\\/permakultur-landwirtschaft.org\\\/marktgarten-mikrofarming-konferenz-27-bis-29-oktober-2023\\\/\"},\"author\":{\"name\":\"adrian reutimann\",\"@id\":\"https:\\\/\\\/permakultur-landwirtschaft.org\\\/#\\\/schema\\\/person\\\/6b0467872f75aed3e144093f9bf4f0b0\"},\"headline\":\"Marktgarten &#038; Mikrofarming Konferenz &#8211; 27. bis 29. Oktober 2023\",\"datePublished\":\"2023-06-10T08:15:00+00:00\",\"dateModified\":\"2023-10-18T13:26:24+00:00\",\"mainEntityOfPage\":{\"@id\":\"https:\\\/\\\/permakultur-landwirtschaft.org\\\/marktgarten-mikrofarming-konferenz-27-bis-29-oktober-2023\\\/\"},\"wordCount\":95,\"publisher\":{\"@id\":\"https:\\\/\\\/permakultur-landwirtschaft.org\\\/#organization\"},\"image\":{\"@id\":\"https:\\\/\\\/permakultur-landwirtschaft.org\\\/marktgarten-mikrofarming-konferenz-27-bis-29-oktober-2023\\\/#primaryimage\"},\"thumbnailUrl\":\"https:\\\/\\\/permakultur-landwirtschaft.org\\\/wp-content\\\/uploads\\\/2023\\\/09\\\/Marktgarten_Mikrofarming_Konferenz_2023-09-05_10-15-02.jpg\",\"keywords\":[\"Konferenz\",\"Marktgarten\",\"Mikrofarming\"],\"articleSection\":[\"Veranstaltung\"],\"inLanguage\":\"fr-FR\"},{\"@type\":\"WebPage\",\"@id\":\"https:\\\/\\\/permakultur-landwirtschaft.org\\\/marktgarten-mikrofarming-konferenz-27-bis-29-oktober-2023\\\/\",\"url\":\"https:\\\/\\\/permakultur-landwirtschaft.org\\\/marktgarten-mikrofarming-konferenz-27-bis-29-oktober-2023\\\/\",\"name\":\"Marktgarten & Mikrofarming Konferenz - 27. bis 29. Oktober 2023 - Permakultur-Landwirtschaft\",\"isPartOf\":{\"@id\":\"https:\\\/\\\/permakultur-landwirtschaft.org\\\/#website\"},\"primaryImageOfPage\":{\"@id\":\"https:\\\/\\\/permakultur-landwirtschaft.org\\\/marktgarten-mikrofarming-konferenz-27-bis-29-oktober-2023\\\/#primaryimage\"},\"image\":{\"@id\":\"https:\\\/\\\/permakultur-landwirtschaft.org\\\/marktgarten-mikrofarming-konferenz-27-bis-29-oktober-2023\\\/#primaryimage\"},\"thumbnailUrl\":\"https:\\\/\\\/permakultur-landwirtschaft.org\\\/wp-content\\\/uploads\\\/2023\\\/09\\\/Marktgarten_Mikrofarming_Konferenz_2023-09-05_10-15-02.jpg\",\"datePublished\":\"2023-06-10T08:15:00+00:00\",\"dateModified\":\"2023-10-18T13:26:24+00:00\",\"breadcrumb\":{\"@id\":\"https:\\\/\\\/permakultur-landwirtschaft.org\\\/marktgarten-mikrofarming-konferenz-27-bis-29-oktober-2023\\\/#breadcrumb\"},\"inLanguage\":\"fr-FR\",\"potentialAction\":[{\"@type\":\"ReadAction\",\"target\":[\"https:\\\/\\\/permakultur-landwirtschaft.org\\\/marktgarten-mikrofarming-konferenz-27-bis-29-oktober-2023\\\/\"]}]},{\"@type\":\"ImageObject\",\"inLanguage\":\"fr-FR\",\"@id\":\"https:\\\/\\\/permakultur-landwirtschaft.org\\\/marktgarten-mikrofarming-konferenz-27-bis-29-oktober-2023\\\/#primaryimage\",\"url\":\"https:\\\/\\\/permakultur-landwirtschaft.org\\\/wp-content\\\/uploads\\\/2023\\\/09\\\/Marktgarten_Mikrofarming_Konferenz_2023-09-05_10-15-02.jpg\",\"contentUrl\":\"https:\\\/\\\/permakultur-landwirtschaft.org\\\/wp-content\\\/uploads\\\/2023\\\/09\\\/Marktgarten_Mikrofarming_Konferenz_2023-09-05_10-15-02.jpg\",\"width\":700,\"height\":320,\"caption\":\"Bild: booking.seminardesk.de\"},{\"@type\":\"BreadcrumbList\",\"@id\":\"https:\\\/\\\/permakultur-landwirtschaft.org\\\/marktgarten-mikrofarming-konferenz-27-bis-29-oktober-2023\\\/#breadcrumb\",\"itemListElement\":[{\"@type\":\"ListItem\",\"position\":1,\"name\":\"Startseite\",\"item\":\"https:\\\/\\\/permakultur-landwirtschaft.org\\\/\"},{\"@type\":\"ListItem\",\"position\":2,\"name\":\"Marktgarten &#038; Mikrofarming Konferenz &#8211; 27. bis 29. Oktober 2023\"}]},{\"@type\":\"WebSite\",\"@id\":\"https:\\\/\\\/permakultur-landwirtschaft.org\\\/#website\",\"url\":\"https:\\\/\\\/permakultur-landwirtschaft.org\\\/\",\"name\":\"Permakultur-Landwirtschaft\",\"description\":\"F\u00f6rderung der Permakultur in der Landwirtschaft\",\"publisher\":{\"@id\":\"https:\\\/\\\/permakultur-landwirtschaft.org\\\/#organization\"},\"potentialAction\":[{\"@type\":\"SearchAction\",\"target\":{\"@type\":\"EntryPoint\",\"urlTemplate\":\"https:\\\/\\\/permakultur-landwirtschaft.org\\\/?s={search_term_string}\"},\"query-input\":{\"@type\":\"PropertyValueSpecification\",\"valueRequired\":true,\"valueName\":\"search_term_string\"}}],\"inLanguage\":\"fr-FR\"},{\"@type\":\"Organization\",\"@id\":\"https:\\\/\\\/permakultur-landwirtschaft.org\\\/#organization\",\"name\":\"Permakultur-Landwirtschaft\",\"alternateName\":\"Verein Permakultur-Landwirtschaft\",\"url\":\"https:\\\/\\\/permakultur-landwirtschaft.org\\\/\",\"logo\":{\"@type\":\"ImageObject\",\"inLanguage\":\"fr-FR\",\"@id\":\"https:\\\/\\\/permakultur-landwirtschaft.org\\\/#\\\/schema\\\/logo\\\/image\\\/\",\"url\":\"https:\\\/\\\/permakultur-landwirtschaft.org\\\/wp-content\\\/uploads\\\/2021\\\/11\\\/pela_1268x1269.png\",\"contentUrl\":\"https:\\\/\\\/permakultur-landwirtschaft.org\\\/wp-content\\\/uploads\\\/2021\\\/11\\\/pela_1268x1269.png\",\"width\":1298,\"height\":1269,\"caption\":\"Permakultur-Landwirtschaft\"},\"image\":{\"@id\":\"https:\\\/\\\/permakultur-landwirtschaft.org\\\/#\\\/schema\\\/logo\\\/image\\\/\"},\"sameAs\":[\"https:\\\/\\\/www.facebook.com\\\/PermakulturLandwirtschaft\",\"https:\\\/\\\/www.instagram.com\\\/permakultur_landwirtschaft\\\/\",\"https:\\\/\\\/www.flickr.com\\\/photos\\\/permakultur-landwirtschaft\",\"https:\\\/\\\/www.youtube.com\\\/@PermakulturLandwirtschaft\"]},{\"@type\":\"Person\",\"@id\":\"https:\\\/\\\/permakultur-landwirtschaft.org\\\/#\\\/schema\\\/person\\\/6b0467872f75aed3e144093f9bf4f0b0\",\"name\":\"adrian reutimann\",\"url\":\"https:\\\/\\\/permakultur-landwirtschaft.org\\\/fr\\\/author\\\/reutiadr\\\/\"}]}<\/script>\n<!-- \/ Yoast SEO plugin. -->","yoast_head_json":{"title":"Marktgarten & Mikrofarming Konferenz - 27. bis 29. Oktober 2023 - Permakultur-Landwirtschaft","robots":{"index":"index","follow":"follow","max-snippet":"max-snippet:-1","max-image-preview":"max-image-preview:large","max-video-preview":"max-video-preview:-1"},"canonical":"https:\/\/permakultur-landwirtschaft.org\/fr\/marktgarten-mikrofarming-konferenz-27-bis-29-oktober-2023\/","og_locale":"fr_FR","og_type":"article","og_title":"Marktgarten & Mikrofarming Konferenz - 27. bis 29. Oktober 2023 - Permakultur-Landwirtschaft","og_description":"Text von booking.seminardesk.de: Die Marktgarten Konferenz ist die Plattform im deutschsprachigen Raum f\u00fcr alle aktiven und interessierten Menschen im Bereich des Market Gardening und weiterer Konzepte kleinstrukturierter Formen der Landwirtschaft. Dieses Jahr findet die Konferenz bereits zum sechsten Mal statt. Im Fokus stehen Vortr\u00e4ge und Erfahrungsberichte von G\u00e4rtnerInnen, Workshops zu aktuellen praxisnahen Themen und Feldbegehungen [&hellip;]","og_url":"https:\/\/permakultur-landwirtschaft.org\/fr\/marktgarten-mikrofarming-konferenz-27-bis-29-oktober-2023\/","og_site_name":"Permakultur-Landwirtschaft","article_publisher":"https:\/\/www.facebook.com\/PermakulturLandwirtschaft","article_published_time":"2023-06-10T08:15:00+00:00","article_modified_time":"2023-10-18T13:26:24+00:00","og_image":[{"width":700,"height":320,"url":"https:\/\/permakultur-landwirtschaft.org\/wp-content\/uploads\/2023\/09\/Marktgarten_Mikrofarming_Konferenz_2023-09-05_10-15-02.jpg","type":"image\/jpeg"}],"author":"adrian reutimann","twitter_card":"summary_large_image","twitter_misc":{"\u00c9crit par":"adrian reutimann","Dur\u00e9e de lecture estim\u00e9e":"1 minute"},"schema":{"@context":"https:\/\/schema.org","@graph":[{"@type":"Article","@id":"https:\/\/permakultur-landwirtschaft.org\/marktgarten-mikrofarming-konferenz-27-bis-29-oktober-2023\/#article","isPartOf":{"@id":"https:\/\/permakultur-landwirtschaft.org\/marktgarten-mikrofarming-konferenz-27-bis-29-oktober-2023\/"},"author":{"name":"adrian reutimann","@id":"https:\/\/permakultur-landwirtschaft.org\/#\/schema\/person\/6b0467872f75aed3e144093f9bf4f0b0"},"headline":"Marktgarten &#038; Mikrofarming Konferenz &#8211; 27. bis 29. Oktober 2023","datePublished":"2023-06-10T08:15:00+00:00","dateModified":"2023-10-18T13:26:24+00:00","mainEntityOfPage":{"@id":"https:\/\/permakultur-landwirtschaft.org\/marktgarten-mikrofarming-konferenz-27-bis-29-oktober-2023\/"},"wordCount":95,"publisher":{"@id":"https:\/\/permakultur-landwirtschaft.org\/#organization"},"image":{"@id":"https:\/\/permakultur-landwirtschaft.org\/marktgarten-mikrofarming-konferenz-27-bis-29-oktober-2023\/#primaryimage"},"thumbnailUrl":"https:\/\/permakultur-landwirtschaft.org\/wp-content\/uploads\/2023\/09\/Marktgarten_Mikrofarming_Konferenz_2023-09-05_10-15-02.jpg","keywords":["Konferenz","Marktgarten","Mikrofarming"],"articleSection":["Veranstaltung"],"inLanguage":"fr-FR"},{"@type":"WebPage","@id":"https:\/\/permakultur-landwirtschaft.org\/marktgarten-mikrofarming-konferenz-27-bis-29-oktober-2023\/","url":"https:\/\/permakultur-landwirtschaft.org\/marktgarten-mikrofarming-konferenz-27-bis-29-oktober-2023\/","name":"Marktgarten & Mikrofarming Konferenz - 27. bis 29. Oktober 2023 - Permakultur-Landwirtschaft","isPartOf":{"@id":"https:\/\/permakultur-landwirtschaft.org\/#website"},"primaryImageOfPage":{"@id":"https:\/\/permakultur-landwirtschaft.org\/marktgarten-mikrofarming-konferenz-27-bis-29-oktober-2023\/#primaryimage"},"image":{"@id":"https:\/\/permakultur-landwirtschaft.org\/marktgarten-mikrofarming-konferenz-27-bis-29-oktober-2023\/#primaryimage"},"thumbnailUrl":"https:\/\/permakultur-landwirtschaft.org\/wp-content\/uploads\/2023\/09\/Marktgarten_Mikrofarming_Konferenz_2023-09-05_10-15-02.jpg","datePublished":"2023-06-10T08:15:00+00:00","dateModified":"2023-10-18T13:26:24+00:00","breadcrumb":{"@id":"https:\/\/permakultur-landwirtschaft.org\/marktgarten-mikrofarming-konferenz-27-bis-29-oktober-2023\/#breadcrumb"},"inLanguage":"fr-FR","potentialAction":[{"@type":"ReadAction","target":["https:\/\/permakultur-landwirtschaft.org\/marktgarten-mikrofarming-konferenz-27-bis-29-oktober-2023\/"]}]},{"@type":"ImageObject","inLanguage":"fr-FR","@id":"https:\/\/permakultur-landwirtschaft.org\/marktgarten-mikrofarming-konferenz-27-bis-29-oktober-2023\/#primaryimage","url":"https:\/\/permakultur-landwirtschaft.org\/wp-content\/uploads\/2023\/09\/Marktgarten_Mikrofarming_Konferenz_2023-09-05_10-15-02.jpg","contentUrl":"https:\/\/permakultur-landwirtschaft.org\/wp-content\/uploads\/2023\/09\/Marktgarten_Mikrofarming_Konferenz_2023-09-05_10-15-02.jpg","width":700,"height":320,"caption":"Bild: booking.seminardesk.de"},{"@type":"BreadcrumbList","@id":"https:\/\/permakultur-landwirtschaft.org\/marktgarten-mikrofarming-konferenz-27-bis-29-oktober-2023\/#breadcrumb","itemListElement":[{"@type":"ListItem","position":1,"name":"Startseite","item":"https:\/\/permakultur-landwirtschaft.org\/"},{"@type":"ListItem","position":2,"name":"Marktgarten &#038; Mikrofarming Konferenz &#8211; 27. bis 29. Oktober 2023"}]},{"@type":"WebSite","@id":"https:\/\/permakultur-landwirtschaft.org\/#website","url":"https:\/\/permakultur-landwirtschaft.org\/","name":"Permakultur-Landwirtschaft","description":"F\u00f6rderung der Permakultur in der Landwirtschaft","publisher":{"@id":"https:\/\/permakultur-landwirtschaft.org\/#organization"},"potentialAction":[{"@type":"SearchAction","target":{"@type":"EntryPoint","urlTemplate":"https:\/\/permakultur-landwirtschaft.org\/?s={search_term_string}"},"query-input":{"@type":"PropertyValueSpecification","valueRequired":true,"valueName":"search_term_string"}}],"inLanguage":"fr-FR"},{"@type":"Organization","@id":"https:\/\/permakultur-landwirtschaft.org\/#organization","name":"Permakultur-Landwirtschaft","alternateName":"Verein Permakultur-Landwirtschaft","url":"https:\/\/permakultur-landwirtschaft.org\/","logo":{"@type":"ImageObject","inLanguage":"fr-FR","@id":"https:\/\/permakultur-landwirtschaft.org\/#\/schema\/logo\/image\/","url":"https:\/\/permakultur-landwirtschaft.org\/wp-content\/uploads\/2021\/11\/pela_1268x1269.png","contentUrl":"https:\/\/permakultur-landwirtschaft.org\/wp-content\/uploads\/2021\/11\/pela_1268x1269.png","width":1298,"height":1269,"caption":"Permakultur-Landwirtschaft"},"image":{"@id":"https:\/\/permakultur-landwirtschaft.org\/#\/schema\/logo\/image\/"},"sameAs":["https:\/\/www.facebook.com\/PermakulturLandwirtschaft","https:\/\/www.instagram.com\/permakultur_landwirtschaft\/","https:\/\/www.flickr.com\/photos\/permakultur-landwirtschaft","https:\/\/www.youtube.com\/@PermakulturLandwirtschaft"]},{"@type":"Person","@id":"https:\/\/permakultur-landwirtschaft.org\/#\/schema\/person\/6b0467872f75aed3e144093f9bf4f0b0","name":"adrian reutimann","url":"https:\/\/permakultur-landwirtschaft.org\/fr\/author\/reutiadr\/"}]}},"_links":{"self":[{"href":"https:\/\/permakultur-landwirtschaft.org\/fr\/wp-json\/wp\/v2\/posts\/31566","targetHints":{"allow":["GET"]}}],"collection":[{"href":"https:\/\/permakultur-landwirtschaft.org\/fr\/wp-json\/wp\/v2\/posts"}],"about":[{"href":"https:\/\/permakultur-landwirtschaft.org\/fr\/wp-json\/wp\/v2\/types\/post"}],"author":[{"embeddable":true,"href":"https:\/\/permakultur-landwirtschaft.org\/fr\/wp-json\/wp\/v2\/users\/2"}],"replies":[{"embeddable":true,"href":"https:\/\/permakultur-landwirtschaft.org\/fr\/wp-json\/wp\/v2\/comments?post=31566"}],"version-history":[{"count":2,"href":"https:\/\/permakultur-landwirtschaft.org\/fr\/wp-json\/wp\/v2\/posts\/31566\/revisions"}],"predecessor-version":[{"id":32646,"href":"https:\/\/permakultur-landwirtschaft.org\/fr\/wp-json\/wp\/v2\/posts\/31566\/revisions\/32646"}],"wp:featuredmedia":[{"embeddable":true,"href":"https:\/\/permakultur-landwirtschaft.org\/fr\/wp-json\/wp\/v2\/media\/31567"}],"wp:attachment":[{"href":"https:\/\/permakultur-landwirtschaft.org\/fr\/wp-json\/wp\/v2\/media?parent=31566"}],"wp:term":[{"taxonomy":"category","embeddable":true,"href":"https:\/\/permakultur-landwirtschaft.org\/fr\/wp-json\/wp\/v2\/categories?post=31566"},{"taxonomy":"post_tag","embeddable":true,"href":"https:\/\/permakultur-landwirtschaft.org\/fr\/wp-json\/wp\/v2\/tags?post=31566"}],"curies":[{"name":"wp","href":"https:\/\/api.w.org\/{rel}","templated":true}]}}