{"id":31558,"date":"2023-09-23T04:53:00","date_gmt":"2023-09-23T02:53:00","guid":{"rendered":"https:\/\/permakultur-landwirtschaft.org\/?p=31558"},"modified":"2023-09-25T10:23:06","modified_gmt":"2023-09-25T08:23:06","slug":"dynamische-agroforstwirtschaft-fuer-eine-zukunftsfaehige-nahrungsmittelproduktion-anlass-am-23-september-2023","status":"publish","type":"post","link":"https:\/\/permakultur-landwirtschaft.org\/fr\/dynamische-agroforstwirtschaft-fuer-eine-zukunftsfaehige-nahrungsmittelproduktion-anlass-am-23-september-2023\/","title":{"rendered":"Dynamische Agroforstwirtschaft f\u00fcr eine zukunftsf\u00e4hige Nahrungsmittelproduktion &#8211; Anlass am 23. September 2023"},"content":{"rendered":"<p>Text von agroecologyworks.ch:<\/p>\n\n\n\n<p>Die Dynamische Agroforstwirtschaft ist eine zukunftsf\u00e4hige Methode der Lebensmittelproduktion, in der die Kr\u00e4fte der Natur genutzt, das lokale \u00d6kosystem gest\u00e4rkt und das Klima gesch\u00fctzt wird. Das Motto lautet: &#171;Von der Natur lernen, mit der Natur arbeiten&#187;. Nach einer theoretischen Einf\u00fchrung von Noemi Stadler-Kaulich in den Dynamischen Agroforst anhand von lebendigen Bildern (wer sehr neugierig ist, kann sich schon mal vorab informieren in dem Buch von Noemi Stadler-Kaulich &#171;Dynamischer Agroforst: Fruchtbarer Boden, gesunde Umwelt, reiche Ernte&#187;) werden w\u00e4hrend einem Rundgang \u00fcber die Betriebsfl\u00e4che des Bio-Hofes Rotenbirben M\u00f6glichkeiten aufgezeigt und diskutiert, wo und wie Agroforst zu einem nachhaltigeren Wirtschaften beitragen k\u00f6nnte. Am Nachmittag soll die praktische Umsetzung einiger Hinweise geschehen (Stecklingsvermehrung, B\u00e4ume pflanzen, Terra Preta herstellen). Alle Aktivit\u00e4ten sind auch f\u00fcr Kinder spannend zum Mitmachen. In der Mittagspause werden vor Ort Getr\u00e4nke und Mahlzeiten vom Hof f\u00fcr &#171;prix libre&#187; angeboten. Gem\u00fcse, Obst und S\u00e4fte aus biologischem Anbau stehen zum Verkauf.<\/p>\n\n\n\n<p>Der Bauernhof Rotenbirben ist ein Hofprojekt mitten in Bonstetten, das f\u00fcr rund 50 Haushalte und ein eigenes Hofl\u00e4deli Gem\u00fcse anbaut. Der Gem\u00fcsegarten, im Stil der &#171;Market Gardens&#187; angelegt, ist eingebettet in einer altersdurchmischten Streuobstwiese und wird von einem lebendigen Hofkollektiv kultiviert, das sehr neugierig und offen eine Form der Landwirtschaft ausprobiert, in der es f\u00fcr alle Lebewesen dieser Erde genug hat. Und da kommt &#171;Dynamischer Agroforst&#187; ins Spiel:<br>Dynamischer Agroforst ist gepr\u00e4gt duch Artenvielfalt, Pflanzendichte und einer regen Schnittarbeit. Diese innovative Umsetzung der Agroforstwirtschaft erm\u00f6glicht \u00fcber die Nachahmung der Natur eine schnelle Regeneration degradierter B\u00f6den und eine nachhaltige landwirtschaftliche Produktion unter schwierigen klimatischen Bedingungen. Zudem tr\u00e4gt diese Methode der Agrar\u00f6kologie, die gleichzeitig ein Handwerkzeug der Permakultur ist, zu einer effizienten Speicherung von Kohlenstoff bei.<\/p>\n\n\n\n<p>Das Kollektiv ist seit rund 4 Jahren auf dem Hof unterwegs und hat mittlerweile verschiedene Bereiche gefunden, wo die Anwendung von Dynamischem Agroforst einen positiven Beitrag leisten k\u00f6nnte f\u00fcr den Gesamtbetrieb: Futterlaubhecken f\u00fcr Schafe, Integration von H\u00fchnern in der Beerenanlage, Wasserspeicherung im Boden, Bodenfruchtbarkeit und Humus aufbauen, zus\u00e4tzliche Lebensr\u00e4ume schaffen, Biomasse f\u00fcr Kompost- und Kohleherstellung.<\/p>\n\n\n\n<p>In diesem Workshop werden die theoretischen Grundlagen der Dynamischen Agroforstwirtschaft erkl\u00e4rt und \u00fcber die praktische Arbeit in anwendbares Wissen \u00fcberf\u00fchrt. Das Ziel ist, die Teilnehmenden zu bef\u00e4higen in ihrem eigenen Umfeld agroforstliche Ma\u00dfnahmen umzusetzen und somit zum Natur- und Klimaschutz beitragen zu k\u00f6nnen und gleichzeitig gesunde Lebensmittel f\u00fcr alle zu ernten.<\/p>\n\n\n\n<p><strong>Date<\/strong><br>23. September 2023<\/p>\n\n\n\n<p><strong>Lieu<\/strong><br>Bonstetten ZH<\/p>\n\n\n\n<p><a href=\"https:\/\/rotenbirben.ch\/agenda\/dynamische-agroforstwirtschaft-fuer-eine-zukunftsfaehige-nahrungsmittelproduktion\/\" target=\"_blank\" rel=\"noreferrer noopener\">Link zu mehr Infos bei Rotenbirben<\/a><\/p>\n\n\n\n<p><a href=\"https:\/\/agroecologyworks.ch\/de\/tage-der-agraroekologie\/2023\/events\/dynamische-agroforstwirtschaft-fuer-eine-zukunftsfaehige-nahrungsmittelproduktion\" target=\"_blank\" rel=\"noreferrer noopener\">Link zu mehr Infos bei Agroecology works<\/a><\/p>\n\n\n\n<p><a href=\"https:\/\/rotenbirben.ch\/\" target=\"_blank\" rel=\"noreferrer noopener\">Link zu Rotenbirben<\/a><\/p>","protected":false},"excerpt":{"rendered":"<p>Text von agroecologyworks.ch: Die Dynamische Agroforstwirtschaft ist eine zukunftsf\u00e4hige Methode der Lebensmittelproduktion, in der die Kr\u00e4fte der Natur genutzt, das lokale \u00d6kosystem gest\u00e4rkt und das Klima gesch\u00fctzt wird. Das Motto lautet: &#171;Von der Natur lernen, mit der Natur arbeiten&#187;. Nach einer theoretischen Einf\u00fchrung von Noemi Stadler-Kaulich in den Dynamischen Agroforst anhand von lebendigen Bildern (wer [&hellip;]<\/p>\n","protected":false},"author":2,"featured_media":31559,"comment_status":"closed","ping_status":"closed","sticky":false,"template":"","format":"standard","meta":{"_acf_changed":false,"site-sidebar-layout":"default","site-content-layout":"","ast-site-content-layout":"default","site-content-style":"default","site-sidebar-style":"default","ast-global-header-display":"","ast-banner-title-visibility":"","ast-main-header-display":"","ast-hfb-above-header-display":"","ast-hfb-below-header-display":"","ast-hfb-mobile-header-display":"","site-post-title":"","ast-breadcrumbs-content":"","ast-featured-img":"","footer-sml-layout":"","ast-disable-related-posts":"","theme-transparent-header-meta":"","adv-header-id-meta":"","stick-header-meta":"","header-above-stick-meta":"","header-main-stick-meta":"","header-below-stick-meta":"","astra-migrate-meta-layouts":"default","ast-page-background-enabled":"default","ast-page-background-meta":{"desktop":{"background-color":"var(--ast-global-color-4)","background-image":"","background-repeat":"repeat","background-position":"center center","background-size":"auto","background-attachment":"scroll","background-type":"","background-media":"","overlay-type":"","overlay-color":"","overlay-opacity":"","overlay-gradient":""},"tablet":{"background-color":"","background-image":"","background-repeat":"repeat","background-position":"center center","background-size":"auto","background-attachment":"scroll","background-type":"","background-media":"","overlay-type":"","overlay-color":"","overlay-opacity":"","overlay-gradient":""},"mobile":{"background-color":"","background-image":"","background-repeat":"repeat","background-position":"center center","background-size":"auto","background-attachment":"scroll","background-type":"","background-media":"","overlay-type":"","overlay-color":"","overlay-opacity":"","overlay-gradient":""}},"ast-content-background-meta":{"desktop":{"background-color":"var(--ast-global-color-5)","background-image":"","background-repeat":"repeat","background-position":"center center","background-size":"auto","background-attachment":"scroll","background-type":"","background-media":"","overlay-type":"","overlay-color":"","overlay-opacity":"","overlay-gradient":""},"tablet":{"background-color":"var(--ast-global-color-5)","background-image":"","background-repeat":"repeat","background-position":"center center","background-size":"auto","background-attachment":"scroll","background-type":"","background-media":"","overlay-type":"","overlay-color":"","overlay-opacity":"","overlay-gradient":""},"mobile":{"background-color":"var(--ast-global-color-5)","background-image":"","background-repeat":"repeat","background-position":"center center","background-size":"auto","background-attachment":"scroll","background-type":"","background-media":"","overlay-type":"","overlay-color":"","overlay-opacity":"","overlay-gradient":""}},"footnotes":""},"categories":[21],"tags":[103,38,104],"class_list":["post-31558","post","type-post","status-publish","format-standard","has-post-thumbnail","hentry","category-veranstaltungen_archiv","tag-dynamischer-agroforst","tag-landwirtschaft","tag-rotenbirben"],"acf":[],"yoast_head":"<!-- This site is optimized with the Yoast SEO plugin v27.4 - https:\/\/yoast.com\/product\/yoast-seo-wordpress\/ -->\n<title>Dynamische Agroforstwirtschaft f\u00fcr eine zukunftsf\u00e4hige Nahrungsmittelproduktion - Anlass am 23. September 2023 - Permakultur-Landwirtschaft<\/title>\n<meta name=\"robots\" content=\"index, follow, max-snippet:-1, max-image-preview:large, max-video-preview:-1\" \/>\n<link rel=\"canonical\" href=\"https:\/\/permakultur-landwirtschaft.org\/fr\/dynamische-agroforstwirtschaft-fuer-eine-zukunftsfaehige-nahrungsmittelproduktion-anlass-am-23-september-2023\/\" \/>\n<meta property=\"og:locale\" content=\"fr_FR\" \/>\n<meta property=\"og:type\" content=\"article\" \/>\n<meta property=\"og:title\" content=\"Dynamische Agroforstwirtschaft f\u00fcr eine zukunftsf\u00e4hige Nahrungsmittelproduktion - Anlass am 23. September 2023 - Permakultur-Landwirtschaft\" \/>\n<meta property=\"og:description\" content=\"Text von agroecologyworks.ch: Die Dynamische Agroforstwirtschaft ist eine zukunftsf\u00e4hige Methode der Lebensmittelproduktion, in der die Kr\u00e4fte der Natur genutzt, das lokale \u00d6kosystem gest\u00e4rkt und das Klima gesch\u00fctzt wird. Das Motto lautet: &#171;Von der Natur lernen, mit der Natur arbeiten&#187;. Nach einer theoretischen Einf\u00fchrung von Noemi Stadler-Kaulich in den Dynamischen Agroforst anhand von lebendigen Bildern (wer [&hellip;]\" \/>\n<meta property=\"og:url\" content=\"https:\/\/permakultur-landwirtschaft.org\/fr\/dynamische-agroforstwirtschaft-fuer-eine-zukunftsfaehige-nahrungsmittelproduktion-anlass-am-23-september-2023\/\" \/>\n<meta property=\"og:site_name\" content=\"Permakultur-Landwirtschaft\" \/>\n<meta property=\"article:publisher\" content=\"https:\/\/www.facebook.com\/PermakulturLandwirtschaft\" \/>\n<meta property=\"article:published_time\" content=\"2023-09-23T02:53:00+00:00\" \/>\n<meta property=\"article:modified_time\" content=\"2023-09-25T08:23:06+00:00\" \/>\n<meta property=\"og:image\" content=\"https:\/\/permakultur-landwirtschaft.org\/wp-content\/uploads\/2023\/09\/20230905_gartenkarussel-rotenbirben-1200x900-crop.jpg\" \/>\n\t<meta property=\"og:image:width\" content=\"700\" \/>\n\t<meta property=\"og:image:height\" content=\"525\" \/>\n\t<meta property=\"og:image:type\" content=\"image\/jpeg\" \/>\n<meta name=\"author\" content=\"adrian reutimann\" \/>\n<meta name=\"twitter:card\" content=\"summary_large_image\" \/>\n<meta name=\"twitter:label1\" content=\"\u00c9crit par\" \/>\n\t<meta name=\"twitter:data1\" content=\"adrian reutimann\" \/>\n\t<meta name=\"twitter:label2\" content=\"Dur\u00e9e de lecture estim\u00e9e\" \/>\n\t<meta name=\"twitter:data2\" content=\"3 minutes\" \/>\n<script type=\"application\/ld+json\" class=\"yoast-schema-graph\">{\"@context\":\"https:\\\/\\\/schema.org\",\"@graph\":[{\"@type\":\"Article\",\"@id\":\"https:\\\/\\\/permakultur-landwirtschaft.org\\\/dynamische-agroforstwirtschaft-fuer-eine-zukunftsfaehige-nahrungsmittelproduktion-anlass-am-23-september-2023\\\/#article\",\"isPartOf\":{\"@id\":\"https:\\\/\\\/permakultur-landwirtschaft.org\\\/dynamische-agroforstwirtschaft-fuer-eine-zukunftsfaehige-nahrungsmittelproduktion-anlass-am-23-september-2023\\\/\"},\"author\":{\"name\":\"adrian reutimann\",\"@id\":\"https:\\\/\\\/permakultur-landwirtschaft.org\\\/#\\\/schema\\\/person\\\/6b0467872f75aed3e144093f9bf4f0b0\"},\"headline\":\"Dynamische Agroforstwirtschaft f\u00fcr eine zukunftsf\u00e4hige Nahrungsmittelproduktion &#8211; Anlass am 23. September 2023\",\"datePublished\":\"2023-09-23T02:53:00+00:00\",\"dateModified\":\"2023-09-25T08:23:06+00:00\",\"mainEntityOfPage\":{\"@id\":\"https:\\\/\\\/permakultur-landwirtschaft.org\\\/dynamische-agroforstwirtschaft-fuer-eine-zukunftsfaehige-nahrungsmittelproduktion-anlass-am-23-september-2023\\\/\"},\"wordCount\":452,\"publisher\":{\"@id\":\"https:\\\/\\\/permakultur-landwirtschaft.org\\\/#organization\"},\"image\":{\"@id\":\"https:\\\/\\\/permakultur-landwirtschaft.org\\\/dynamische-agroforstwirtschaft-fuer-eine-zukunftsfaehige-nahrungsmittelproduktion-anlass-am-23-september-2023\\\/#primaryimage\"},\"thumbnailUrl\":\"https:\\\/\\\/permakultur-landwirtschaft.org\\\/wp-content\\\/uploads\\\/2023\\\/09\\\/20230905_gartenkarussel-rotenbirben-1200x900-crop.jpg\",\"keywords\":[\"Dynamischer Agroforst\",\"Landwirtschaft\",\"Rotenbirben\"],\"articleSection\":[\"Veranstaltungen_Archiv\"],\"inLanguage\":\"fr-FR\"},{\"@type\":\"WebPage\",\"@id\":\"https:\\\/\\\/permakultur-landwirtschaft.org\\\/dynamische-agroforstwirtschaft-fuer-eine-zukunftsfaehige-nahrungsmittelproduktion-anlass-am-23-september-2023\\\/\",\"url\":\"https:\\\/\\\/permakultur-landwirtschaft.org\\\/dynamische-agroforstwirtschaft-fuer-eine-zukunftsfaehige-nahrungsmittelproduktion-anlass-am-23-september-2023\\\/\",\"name\":\"Dynamische Agroforstwirtschaft f\u00fcr eine zukunftsf\u00e4hige Nahrungsmittelproduktion - Anlass am 23. September 2023 - Permakultur-Landwirtschaft\",\"isPartOf\":{\"@id\":\"https:\\\/\\\/permakultur-landwirtschaft.org\\\/#website\"},\"primaryImageOfPage\":{\"@id\":\"https:\\\/\\\/permakultur-landwirtschaft.org\\\/dynamische-agroforstwirtschaft-fuer-eine-zukunftsfaehige-nahrungsmittelproduktion-anlass-am-23-september-2023\\\/#primaryimage\"},\"image\":{\"@id\":\"https:\\\/\\\/permakultur-landwirtschaft.org\\\/dynamische-agroforstwirtschaft-fuer-eine-zukunftsfaehige-nahrungsmittelproduktion-anlass-am-23-september-2023\\\/#primaryimage\"},\"thumbnailUrl\":\"https:\\\/\\\/permakultur-landwirtschaft.org\\\/wp-content\\\/uploads\\\/2023\\\/09\\\/20230905_gartenkarussel-rotenbirben-1200x900-crop.jpg\",\"datePublished\":\"2023-09-23T02:53:00+00:00\",\"dateModified\":\"2023-09-25T08:23:06+00:00\",\"breadcrumb\":{\"@id\":\"https:\\\/\\\/permakultur-landwirtschaft.org\\\/dynamische-agroforstwirtschaft-fuer-eine-zukunftsfaehige-nahrungsmittelproduktion-anlass-am-23-september-2023\\\/#breadcrumb\"},\"inLanguage\":\"fr-FR\",\"potentialAction\":[{\"@type\":\"ReadAction\",\"target\":[\"https:\\\/\\\/permakultur-landwirtschaft.org\\\/dynamische-agroforstwirtschaft-fuer-eine-zukunftsfaehige-nahrungsmittelproduktion-anlass-am-23-september-2023\\\/\"]}]},{\"@type\":\"ImageObject\",\"inLanguage\":\"fr-FR\",\"@id\":\"https:\\\/\\\/permakultur-landwirtschaft.org\\\/dynamische-agroforstwirtschaft-fuer-eine-zukunftsfaehige-nahrungsmittelproduktion-anlass-am-23-september-2023\\\/#primaryimage\",\"url\":\"https:\\\/\\\/permakultur-landwirtschaft.org\\\/wp-content\\\/uploads\\\/2023\\\/09\\\/20230905_gartenkarussel-rotenbirben-1200x900-crop.jpg\",\"contentUrl\":\"https:\\\/\\\/permakultur-landwirtschaft.org\\\/wp-content\\\/uploads\\\/2023\\\/09\\\/20230905_gartenkarussel-rotenbirben-1200x900-crop.jpg\",\"width\":700,\"height\":525,\"caption\":\"Bild: agroecologyworks.ch\"},{\"@type\":\"BreadcrumbList\",\"@id\":\"https:\\\/\\\/permakultur-landwirtschaft.org\\\/dynamische-agroforstwirtschaft-fuer-eine-zukunftsfaehige-nahrungsmittelproduktion-anlass-am-23-september-2023\\\/#breadcrumb\",\"itemListElement\":[{\"@type\":\"ListItem\",\"position\":1,\"name\":\"Startseite\",\"item\":\"https:\\\/\\\/permakultur-landwirtschaft.org\\\/\"},{\"@type\":\"ListItem\",\"position\":2,\"name\":\"Dynamische Agroforstwirtschaft f\u00fcr eine zukunftsf\u00e4hige Nahrungsmittelproduktion &#8211; Anlass am 23. September 2023\"}]},{\"@type\":\"WebSite\",\"@id\":\"https:\\\/\\\/permakultur-landwirtschaft.org\\\/#website\",\"url\":\"https:\\\/\\\/permakultur-landwirtschaft.org\\\/\",\"name\":\"Permakultur-Landwirtschaft\",\"description\":\"F\u00f6rderung der Permakultur in der Landwirtschaft\",\"publisher\":{\"@id\":\"https:\\\/\\\/permakultur-landwirtschaft.org\\\/#organization\"},\"potentialAction\":[{\"@type\":\"SearchAction\",\"target\":{\"@type\":\"EntryPoint\",\"urlTemplate\":\"https:\\\/\\\/permakultur-landwirtschaft.org\\\/?s={search_term_string}\"},\"query-input\":{\"@type\":\"PropertyValueSpecification\",\"valueRequired\":true,\"valueName\":\"search_term_string\"}}],\"inLanguage\":\"fr-FR\"},{\"@type\":\"Organization\",\"@id\":\"https:\\\/\\\/permakultur-landwirtschaft.org\\\/#organization\",\"name\":\"Permakultur-Landwirtschaft\",\"alternateName\":\"Verein Permakultur-Landwirtschaft\",\"url\":\"https:\\\/\\\/permakultur-landwirtschaft.org\\\/\",\"logo\":{\"@type\":\"ImageObject\",\"inLanguage\":\"fr-FR\",\"@id\":\"https:\\\/\\\/permakultur-landwirtschaft.org\\\/#\\\/schema\\\/logo\\\/image\\\/\",\"url\":\"https:\\\/\\\/permakultur-landwirtschaft.org\\\/wp-content\\\/uploads\\\/2021\\\/11\\\/pela_1268x1269.png\",\"contentUrl\":\"https:\\\/\\\/permakultur-landwirtschaft.org\\\/wp-content\\\/uploads\\\/2021\\\/11\\\/pela_1268x1269.png\",\"width\":1298,\"height\":1269,\"caption\":\"Permakultur-Landwirtschaft\"},\"image\":{\"@id\":\"https:\\\/\\\/permakultur-landwirtschaft.org\\\/#\\\/schema\\\/logo\\\/image\\\/\"},\"sameAs\":[\"https:\\\/\\\/www.facebook.com\\\/PermakulturLandwirtschaft\",\"https:\\\/\\\/www.instagram.com\\\/permakultur_landwirtschaft\\\/\",\"https:\\\/\\\/www.flickr.com\\\/photos\\\/permakultur-landwirtschaft\",\"https:\\\/\\\/www.youtube.com\\\/@PermakulturLandwirtschaft\"]},{\"@type\":\"Person\",\"@id\":\"https:\\\/\\\/permakultur-landwirtschaft.org\\\/#\\\/schema\\\/person\\\/6b0467872f75aed3e144093f9bf4f0b0\",\"name\":\"adrian reutimann\",\"url\":\"https:\\\/\\\/permakultur-landwirtschaft.org\\\/fr\\\/author\\\/reutiadr\\\/\"}]}<\/script>\n<!-- \/ Yoast SEO plugin. -->","yoast_head_json":{"title":"Dynamische Agroforstwirtschaft f\u00fcr eine zukunftsf\u00e4hige Nahrungsmittelproduktion - Anlass am 23. September 2023 - Permakultur-Landwirtschaft","robots":{"index":"index","follow":"follow","max-snippet":"max-snippet:-1","max-image-preview":"max-image-preview:large","max-video-preview":"max-video-preview:-1"},"canonical":"https:\/\/permakultur-landwirtschaft.org\/fr\/dynamische-agroforstwirtschaft-fuer-eine-zukunftsfaehige-nahrungsmittelproduktion-anlass-am-23-september-2023\/","og_locale":"fr_FR","og_type":"article","og_title":"Dynamische Agroforstwirtschaft f\u00fcr eine zukunftsf\u00e4hige Nahrungsmittelproduktion - Anlass am 23. September 2023 - Permakultur-Landwirtschaft","og_description":"Text von agroecologyworks.ch: Die Dynamische Agroforstwirtschaft ist eine zukunftsf\u00e4hige Methode der Lebensmittelproduktion, in der die Kr\u00e4fte der Natur genutzt, das lokale \u00d6kosystem gest\u00e4rkt und das Klima gesch\u00fctzt wird. Das Motto lautet: &#171;Von der Natur lernen, mit der Natur arbeiten&#187;. Nach einer theoretischen Einf\u00fchrung von Noemi Stadler-Kaulich in den Dynamischen Agroforst anhand von lebendigen Bildern (wer [&hellip;]","og_url":"https:\/\/permakultur-landwirtschaft.org\/fr\/dynamische-agroforstwirtschaft-fuer-eine-zukunftsfaehige-nahrungsmittelproduktion-anlass-am-23-september-2023\/","og_site_name":"Permakultur-Landwirtschaft","article_publisher":"https:\/\/www.facebook.com\/PermakulturLandwirtschaft","article_published_time":"2023-09-23T02:53:00+00:00","article_modified_time":"2023-09-25T08:23:06+00:00","og_image":[{"width":700,"height":525,"url":"https:\/\/permakultur-landwirtschaft.org\/wp-content\/uploads\/2023\/09\/20230905_gartenkarussel-rotenbirben-1200x900-crop.jpg","type":"image\/jpeg"}],"author":"adrian reutimann","twitter_card":"summary_large_image","twitter_misc":{"\u00c9crit par":"adrian reutimann","Dur\u00e9e de lecture estim\u00e9e":"3 minutes"},"schema":{"@context":"https:\/\/schema.org","@graph":[{"@type":"Article","@id":"https:\/\/permakultur-landwirtschaft.org\/dynamische-agroforstwirtschaft-fuer-eine-zukunftsfaehige-nahrungsmittelproduktion-anlass-am-23-september-2023\/#article","isPartOf":{"@id":"https:\/\/permakultur-landwirtschaft.org\/dynamische-agroforstwirtschaft-fuer-eine-zukunftsfaehige-nahrungsmittelproduktion-anlass-am-23-september-2023\/"},"author":{"name":"adrian reutimann","@id":"https:\/\/permakultur-landwirtschaft.org\/#\/schema\/person\/6b0467872f75aed3e144093f9bf4f0b0"},"headline":"Dynamische Agroforstwirtschaft f\u00fcr eine zukunftsf\u00e4hige Nahrungsmittelproduktion &#8211; Anlass am 23. September 2023","datePublished":"2023-09-23T02:53:00+00:00","dateModified":"2023-09-25T08:23:06+00:00","mainEntityOfPage":{"@id":"https:\/\/permakultur-landwirtschaft.org\/dynamische-agroforstwirtschaft-fuer-eine-zukunftsfaehige-nahrungsmittelproduktion-anlass-am-23-september-2023\/"},"wordCount":452,"publisher":{"@id":"https:\/\/permakultur-landwirtschaft.org\/#organization"},"image":{"@id":"https:\/\/permakultur-landwirtschaft.org\/dynamische-agroforstwirtschaft-fuer-eine-zukunftsfaehige-nahrungsmittelproduktion-anlass-am-23-september-2023\/#primaryimage"},"thumbnailUrl":"https:\/\/permakultur-landwirtschaft.org\/wp-content\/uploads\/2023\/09\/20230905_gartenkarussel-rotenbirben-1200x900-crop.jpg","keywords":["Dynamischer Agroforst","Landwirtschaft","Rotenbirben"],"articleSection":["Veranstaltungen_Archiv"],"inLanguage":"fr-FR"},{"@type":"WebPage","@id":"https:\/\/permakultur-landwirtschaft.org\/dynamische-agroforstwirtschaft-fuer-eine-zukunftsfaehige-nahrungsmittelproduktion-anlass-am-23-september-2023\/","url":"https:\/\/permakultur-landwirtschaft.org\/dynamische-agroforstwirtschaft-fuer-eine-zukunftsfaehige-nahrungsmittelproduktion-anlass-am-23-september-2023\/","name":"Dynamische Agroforstwirtschaft f\u00fcr eine zukunftsf\u00e4hige Nahrungsmittelproduktion - Anlass am 23. September 2023 - Permakultur-Landwirtschaft","isPartOf":{"@id":"https:\/\/permakultur-landwirtschaft.org\/#website"},"primaryImageOfPage":{"@id":"https:\/\/permakultur-landwirtschaft.org\/dynamische-agroforstwirtschaft-fuer-eine-zukunftsfaehige-nahrungsmittelproduktion-anlass-am-23-september-2023\/#primaryimage"},"image":{"@id":"https:\/\/permakultur-landwirtschaft.org\/dynamische-agroforstwirtschaft-fuer-eine-zukunftsfaehige-nahrungsmittelproduktion-anlass-am-23-september-2023\/#primaryimage"},"thumbnailUrl":"https:\/\/permakultur-landwirtschaft.org\/wp-content\/uploads\/2023\/09\/20230905_gartenkarussel-rotenbirben-1200x900-crop.jpg","datePublished":"2023-09-23T02:53:00+00:00","dateModified":"2023-09-25T08:23:06+00:00","breadcrumb":{"@id":"https:\/\/permakultur-landwirtschaft.org\/dynamische-agroforstwirtschaft-fuer-eine-zukunftsfaehige-nahrungsmittelproduktion-anlass-am-23-september-2023\/#breadcrumb"},"inLanguage":"fr-FR","potentialAction":[{"@type":"ReadAction","target":["https:\/\/permakultur-landwirtschaft.org\/dynamische-agroforstwirtschaft-fuer-eine-zukunftsfaehige-nahrungsmittelproduktion-anlass-am-23-september-2023\/"]}]},{"@type":"ImageObject","inLanguage":"fr-FR","@id":"https:\/\/permakultur-landwirtschaft.org\/dynamische-agroforstwirtschaft-fuer-eine-zukunftsfaehige-nahrungsmittelproduktion-anlass-am-23-september-2023\/#primaryimage","url":"https:\/\/permakultur-landwirtschaft.org\/wp-content\/uploads\/2023\/09\/20230905_gartenkarussel-rotenbirben-1200x900-crop.jpg","contentUrl":"https:\/\/permakultur-landwirtschaft.org\/wp-content\/uploads\/2023\/09\/20230905_gartenkarussel-rotenbirben-1200x900-crop.jpg","width":700,"height":525,"caption":"Bild: agroecologyworks.ch"},{"@type":"BreadcrumbList","@id":"https:\/\/permakultur-landwirtschaft.org\/dynamische-agroforstwirtschaft-fuer-eine-zukunftsfaehige-nahrungsmittelproduktion-anlass-am-23-september-2023\/#breadcrumb","itemListElement":[{"@type":"ListItem","position":1,"name":"Startseite","item":"https:\/\/permakultur-landwirtschaft.org\/"},{"@type":"ListItem","position":2,"name":"Dynamische Agroforstwirtschaft f\u00fcr eine zukunftsf\u00e4hige Nahrungsmittelproduktion &#8211; Anlass am 23. September 2023"}]},{"@type":"WebSite","@id":"https:\/\/permakultur-landwirtschaft.org\/#website","url":"https:\/\/permakultur-landwirtschaft.org\/","name":"Permakultur-Landwirtschaft","description":"F\u00f6rderung der Permakultur in der Landwirtschaft","publisher":{"@id":"https:\/\/permakultur-landwirtschaft.org\/#organization"},"potentialAction":[{"@type":"SearchAction","target":{"@type":"EntryPoint","urlTemplate":"https:\/\/permakultur-landwirtschaft.org\/?s={search_term_string}"},"query-input":{"@type":"PropertyValueSpecification","valueRequired":true,"valueName":"search_term_string"}}],"inLanguage":"fr-FR"},{"@type":"Organization","@id":"https:\/\/permakultur-landwirtschaft.org\/#organization","name":"Permakultur-Landwirtschaft","alternateName":"Verein Permakultur-Landwirtschaft","url":"https:\/\/permakultur-landwirtschaft.org\/","logo":{"@type":"ImageObject","inLanguage":"fr-FR","@id":"https:\/\/permakultur-landwirtschaft.org\/#\/schema\/logo\/image\/","url":"https:\/\/permakultur-landwirtschaft.org\/wp-content\/uploads\/2021\/11\/pela_1268x1269.png","contentUrl":"https:\/\/permakultur-landwirtschaft.org\/wp-content\/uploads\/2021\/11\/pela_1268x1269.png","width":1298,"height":1269,"caption":"Permakultur-Landwirtschaft"},"image":{"@id":"https:\/\/permakultur-landwirtschaft.org\/#\/schema\/logo\/image\/"},"sameAs":["https:\/\/www.facebook.com\/PermakulturLandwirtschaft","https:\/\/www.instagram.com\/permakultur_landwirtschaft\/","https:\/\/www.flickr.com\/photos\/permakultur-landwirtschaft","https:\/\/www.youtube.com\/@PermakulturLandwirtschaft"]},{"@type":"Person","@id":"https:\/\/permakultur-landwirtschaft.org\/#\/schema\/person\/6b0467872f75aed3e144093f9bf4f0b0","name":"adrian reutimann","url":"https:\/\/permakultur-landwirtschaft.org\/fr\/author\/reutiadr\/"}]}},"_links":{"self":[{"href":"https:\/\/permakultur-landwirtschaft.org\/fr\/wp-json\/wp\/v2\/posts\/31558","targetHints":{"allow":["GET"]}}],"collection":[{"href":"https:\/\/permakultur-landwirtschaft.org\/fr\/wp-json\/wp\/v2\/posts"}],"about":[{"href":"https:\/\/permakultur-landwirtschaft.org\/fr\/wp-json\/wp\/v2\/types\/post"}],"author":[{"embeddable":true,"href":"https:\/\/permakultur-landwirtschaft.org\/fr\/wp-json\/wp\/v2\/users\/2"}],"replies":[{"embeddable":true,"href":"https:\/\/permakultur-landwirtschaft.org\/fr\/wp-json\/wp\/v2\/comments?post=31558"}],"version-history":[{"count":2,"href":"https:\/\/permakultur-landwirtschaft.org\/fr\/wp-json\/wp\/v2\/posts\/31558\/revisions"}],"predecessor-version":[{"id":31561,"href":"https:\/\/permakultur-landwirtschaft.org\/fr\/wp-json\/wp\/v2\/posts\/31558\/revisions\/31561"}],"wp:featuredmedia":[{"embeddable":true,"href":"https:\/\/permakultur-landwirtschaft.org\/fr\/wp-json\/wp\/v2\/media\/31559"}],"wp:attachment":[{"href":"https:\/\/permakultur-landwirtschaft.org\/fr\/wp-json\/wp\/v2\/media?parent=31558"}],"wp:term":[{"taxonomy":"category","embeddable":true,"href":"https:\/\/permakultur-landwirtschaft.org\/fr\/wp-json\/wp\/v2\/categories?post=31558"},{"taxonomy":"post_tag","embeddable":true,"href":"https:\/\/permakultur-landwirtschaft.org\/fr\/wp-json\/wp\/v2\/tags?post=31558"}],"curies":[{"name":"wp","href":"https:\/\/api.w.org\/{rel}","templated":true}]}}