{"id":31555,"date":"2023-09-15T06:48:00","date_gmt":"2023-09-15T04:48:00","guid":{"rendered":"https:\/\/permakultur-landwirtschaft.org\/?p=31555"},"modified":"2023-09-19T14:18:31","modified_gmt":"2023-09-19T12:18:31","slug":"bodenschonend-kartoffeln-ernten-mit-hilfe-von-pferden-anlass-am-15-september-2023","status":"publish","type":"post","link":"https:\/\/permakultur-landwirtschaft.org\/fr\/bodenschonend-kartoffeln-ernten-mit-hilfe-von-pferden-anlass-am-15-september-2023\/","title":{"rendered":"Bodenschonend Kartoffeln ernten mit Hilfe von Pferden &#8211; Anlass am 15. September 2023"},"content":{"rendered":"<p>Text von snack-de-heck.ch:<\/p>\n\n\n\n<p>Am 15.9. ernten wir gemeinsam und bodenschonend Kartoffeln mit Hilfe von zwei Pferden auf unserem Bio-Permakulturhof \u00abSnack de Heck\u00bb. Wieso mit Pferden? Sie sind leichter als ein Traktor und verursachen weniger CO2-Emissionen! Diese \u00abHaktion\u00bb dauert ca. 3\u20134 Stunden. Im Anschluss an die Ernte gibt es eine Kartoffeldegustation und eine Hoff\u00fchrung. F\u00fcr die, die nur an die Degustation und Hoff\u00fchrung kommen m\u00f6chten, w\u00fcnschen wir uns einen Unkostenbeistrag von 15.\u2013 oder eine Spende. Ihr k\u00f6nnt den Besuch mit einem Einkauf in unserem Hofladen verbinden, wo ihr eine grossere Vielfalt an saisonalem und klimaschonend angebautem Gem\u00fcse findet. Das aktuelle Angebot ist auf unserer Homepage publiziert. Gem\u00fcse auf Bestellung ist auch m\u00f6glich. <\/p>\n\n\n\n<p><strong>Date<\/strong><br>15. September 2023<\/p>\n\n\n\n<p><a href=\"https:\/\/www.snack-de-heck.ch\/aktuell\/\" target=\"_blank\" rel=\"noreferrer noopener\">Mehr Infos unter diesem Link <\/a><\/p>","protected":false},"excerpt":{"rendered":"<p>Text von snack-de-heck.ch: Am 15.9. ernten wir gemeinsam und bodenschonend Kartoffeln mit Hilfe von zwei Pferden auf unserem Bio-Permakulturhof \u00abSnack de Heck\u00bb. Wieso mit Pferden? Sie sind leichter als ein Traktor und verursachen weniger CO2-Emissionen! Diese \u00abHaktion\u00bb dauert ca. 3\u20134 Stunden. Im Anschluss an die Ernte gibt es eine Kartoffeldegustation und eine Hoff\u00fchrung. F\u00fcr die, [&hellip;]<\/p>\n","protected":false},"author":2,"featured_media":28731,"comment_status":"closed","ping_status":"closed","sticky":false,"template":"","format":"standard","meta":{"_acf_changed":false,"site-sidebar-layout":"default","site-content-layout":"","ast-site-content-layout":"default","site-content-style":"default","site-sidebar-style":"default","ast-global-header-display":"","ast-banner-title-visibility":"","ast-main-header-display":"","ast-hfb-above-header-display":"","ast-hfb-below-header-display":"","ast-hfb-mobile-header-display":"","site-post-title":"","ast-breadcrumbs-content":"","ast-featured-img":"","footer-sml-layout":"","ast-disable-related-posts":"","theme-transparent-header-meta":"","adv-header-id-meta":"","stick-header-meta":"","header-above-stick-meta":"","header-main-stick-meta":"","header-below-stick-meta":"","astra-migrate-meta-layouts":"default","ast-page-background-enabled":"default","ast-page-background-meta":{"desktop":{"background-color":"var(--ast-global-color-4)","background-image":"","background-repeat":"repeat","background-position":"center center","background-size":"auto","background-attachment":"scroll","background-type":"","background-media":"","overlay-type":"","overlay-color":"","overlay-opacity":"","overlay-gradient":""},"tablet":{"background-color":"","background-image":"","background-repeat":"repeat","background-position":"center center","background-size":"auto","background-attachment":"scroll","background-type":"","background-media":"","overlay-type":"","overlay-color":"","overlay-opacity":"","overlay-gradient":""},"mobile":{"background-color":"","background-image":"","background-repeat":"repeat","background-position":"center center","background-size":"auto","background-attachment":"scroll","background-type":"","background-media":"","overlay-type":"","overlay-color":"","overlay-opacity":"","overlay-gradient":""}},"ast-content-background-meta":{"desktop":{"background-color":"var(--ast-global-color-5)","background-image":"","background-repeat":"repeat","background-position":"center center","background-size":"auto","background-attachment":"scroll","background-type":"","background-media":"","overlay-type":"","overlay-color":"","overlay-opacity":"","overlay-gradient":""},"tablet":{"background-color":"var(--ast-global-color-5)","background-image":"","background-repeat":"repeat","background-position":"center center","background-size":"auto","background-attachment":"scroll","background-type":"","background-media":"","overlay-type":"","overlay-color":"","overlay-opacity":"","overlay-gradient":""},"mobile":{"background-color":"var(--ast-global-color-5)","background-image":"","background-repeat":"repeat","background-position":"center center","background-size":"auto","background-attachment":"scroll","background-type":"","background-media":"","overlay-type":"","overlay-color":"","overlay-opacity":"","overlay-gradient":""}},"footnotes":""},"categories":[21],"tags":[102,100,38,101],"class_list":["post-31555","post","type-post","status-publish","format-standard","has-post-thumbnail","hentry","category-veranstaltungen_archiv","tag-ernte","tag-kartoffel","tag-landwirtschaft","tag-pferde"],"acf":[],"yoast_head":"<!-- This site is optimized with the Yoast SEO plugin v27.4 - https:\/\/yoast.com\/product\/yoast-seo-wordpress\/ -->\n<title>Bodenschonend Kartoffeln ernten mit Hilfe von Pferden - Anlass am 15. September 2023 - Permakultur-Landwirtschaft<\/title>\n<meta name=\"robots\" content=\"index, follow, max-snippet:-1, max-image-preview:large, max-video-preview:-1\" \/>\n<link rel=\"canonical\" href=\"https:\/\/permakultur-landwirtschaft.org\/fr\/bodenschonend-kartoffeln-ernten-mit-hilfe-von-pferden-anlass-am-15-september-2023\/\" \/>\n<meta property=\"og:locale\" content=\"fr_FR\" \/>\n<meta property=\"og:type\" content=\"article\" \/>\n<meta property=\"og:title\" content=\"Bodenschonend Kartoffeln ernten mit Hilfe von Pferden - Anlass am 15. September 2023 - Permakultur-Landwirtschaft\" \/>\n<meta property=\"og:description\" content=\"Text von snack-de-heck.ch: Am 15.9. ernten wir gemeinsam und bodenschonend Kartoffeln mit Hilfe von zwei Pferden auf unserem Bio-Permakulturhof \u00abSnack de Heck\u00bb. Wieso mit Pferden? Sie sind leichter als ein Traktor und verursachen weniger CO2-Emissionen! Diese \u00abHaktion\u00bb dauert ca. 3\u20134 Stunden. Im Anschluss an die Ernte gibt es eine Kartoffeldegustation und eine Hoff\u00fchrung. F\u00fcr die, [&hellip;]\" \/>\n<meta property=\"og:url\" content=\"https:\/\/permakultur-landwirtschaft.org\/fr\/bodenschonend-kartoffeln-ernten-mit-hilfe-von-pferden-anlass-am-15-september-2023\/\" \/>\n<meta property=\"og:site_name\" content=\"Permakultur-Landwirtschaft\" \/>\n<meta property=\"article:publisher\" content=\"https:\/\/www.facebook.com\/PermakulturLandwirtschaft\" \/>\n<meta property=\"article:published_time\" content=\"2023-09-15T04:48:00+00:00\" \/>\n<meta property=\"article:modified_time\" content=\"2023-09-19T12:18:31+00:00\" \/>\n<meta property=\"og:image\" content=\"https:\/\/permakultur-landwirtschaft.org\/wp-content\/uploads\/2023\/02\/Snack_de_Heck.png\" \/>\n\t<meta property=\"og:image:width\" content=\"700\" \/>\n\t<meta property=\"og:image:height\" content=\"555\" \/>\n\t<meta property=\"og:image:type\" content=\"image\/png\" \/>\n<meta name=\"author\" content=\"adrian reutimann\" \/>\n<meta name=\"twitter:card\" content=\"summary_large_image\" \/>\n<meta name=\"twitter:label1\" content=\"\u00c9crit par\" \/>\n\t<meta name=\"twitter:data1\" content=\"adrian reutimann\" \/>\n\t<meta name=\"twitter:label2\" content=\"Dur\u00e9e de lecture estim\u00e9e\" \/>\n\t<meta name=\"twitter:data2\" content=\"1 minute\" \/>\n<script type=\"application\/ld+json\" class=\"yoast-schema-graph\">{\"@context\":\"https:\\\/\\\/schema.org\",\"@graph\":[{\"@type\":\"Article\",\"@id\":\"https:\\\/\\\/permakultur-landwirtschaft.org\\\/bodenschonend-kartoffeln-ernten-mit-hilfe-von-pferden-anlass-am-15-september-2023\\\/#article\",\"isPartOf\":{\"@id\":\"https:\\\/\\\/permakultur-landwirtschaft.org\\\/bodenschonend-kartoffeln-ernten-mit-hilfe-von-pferden-anlass-am-15-september-2023\\\/\"},\"author\":{\"name\":\"adrian reutimann\",\"@id\":\"https:\\\/\\\/permakultur-landwirtschaft.org\\\/#\\\/schema\\\/person\\\/6b0467872f75aed3e144093f9bf4f0b0\"},\"headline\":\"Bodenschonend Kartoffeln ernten mit Hilfe von Pferden &#8211; Anlass am 15. September 2023\",\"datePublished\":\"2023-09-15T04:48:00+00:00\",\"dateModified\":\"2023-09-19T12:18:31+00:00\",\"mainEntityOfPage\":{\"@id\":\"https:\\\/\\\/permakultur-landwirtschaft.org\\\/bodenschonend-kartoffeln-ernten-mit-hilfe-von-pferden-anlass-am-15-september-2023\\\/\"},\"wordCount\":137,\"publisher\":{\"@id\":\"https:\\\/\\\/permakultur-landwirtschaft.org\\\/#organization\"},\"image\":{\"@id\":\"https:\\\/\\\/permakultur-landwirtschaft.org\\\/bodenschonend-kartoffeln-ernten-mit-hilfe-von-pferden-anlass-am-15-september-2023\\\/#primaryimage\"},\"thumbnailUrl\":\"https:\\\/\\\/permakultur-landwirtschaft.org\\\/wp-content\\\/uploads\\\/2023\\\/02\\\/Snack_de_Heck.png\",\"keywords\":[\"Ernte\",\"Kartoffel\",\"Landwirtschaft\",\"Pferde\"],\"articleSection\":[\"Veranstaltungen_Archiv\"],\"inLanguage\":\"fr-FR\"},{\"@type\":\"WebPage\",\"@id\":\"https:\\\/\\\/permakultur-landwirtschaft.org\\\/bodenschonend-kartoffeln-ernten-mit-hilfe-von-pferden-anlass-am-15-september-2023\\\/\",\"url\":\"https:\\\/\\\/permakultur-landwirtschaft.org\\\/bodenschonend-kartoffeln-ernten-mit-hilfe-von-pferden-anlass-am-15-september-2023\\\/\",\"name\":\"Bodenschonend Kartoffeln ernten mit Hilfe von Pferden - Anlass am 15. September 2023 - Permakultur-Landwirtschaft\",\"isPartOf\":{\"@id\":\"https:\\\/\\\/permakultur-landwirtschaft.org\\\/#website\"},\"primaryImageOfPage\":{\"@id\":\"https:\\\/\\\/permakultur-landwirtschaft.org\\\/bodenschonend-kartoffeln-ernten-mit-hilfe-von-pferden-anlass-am-15-september-2023\\\/#primaryimage\"},\"image\":{\"@id\":\"https:\\\/\\\/permakultur-landwirtschaft.org\\\/bodenschonend-kartoffeln-ernten-mit-hilfe-von-pferden-anlass-am-15-september-2023\\\/#primaryimage\"},\"thumbnailUrl\":\"https:\\\/\\\/permakultur-landwirtschaft.org\\\/wp-content\\\/uploads\\\/2023\\\/02\\\/Snack_de_Heck.png\",\"datePublished\":\"2023-09-15T04:48:00+00:00\",\"dateModified\":\"2023-09-19T12:18:31+00:00\",\"breadcrumb\":{\"@id\":\"https:\\\/\\\/permakultur-landwirtschaft.org\\\/bodenschonend-kartoffeln-ernten-mit-hilfe-von-pferden-anlass-am-15-september-2023\\\/#breadcrumb\"},\"inLanguage\":\"fr-FR\",\"potentialAction\":[{\"@type\":\"ReadAction\",\"target\":[\"https:\\\/\\\/permakultur-landwirtschaft.org\\\/bodenschonend-kartoffeln-ernten-mit-hilfe-von-pferden-anlass-am-15-september-2023\\\/\"]}]},{\"@type\":\"ImageObject\",\"inLanguage\":\"fr-FR\",\"@id\":\"https:\\\/\\\/permakultur-landwirtschaft.org\\\/bodenschonend-kartoffeln-ernten-mit-hilfe-von-pferden-anlass-am-15-september-2023\\\/#primaryimage\",\"url\":\"https:\\\/\\\/permakultur-landwirtschaft.org\\\/wp-content\\\/uploads\\\/2023\\\/02\\\/Snack_de_Heck.png\",\"contentUrl\":\"https:\\\/\\\/permakultur-landwirtschaft.org\\\/wp-content\\\/uploads\\\/2023\\\/02\\\/Snack_de_Heck.png\",\"width\":700,\"height\":555,\"caption\":\"Bild: snack-de-heck.ch\"},{\"@type\":\"BreadcrumbList\",\"@id\":\"https:\\\/\\\/permakultur-landwirtschaft.org\\\/bodenschonend-kartoffeln-ernten-mit-hilfe-von-pferden-anlass-am-15-september-2023\\\/#breadcrumb\",\"itemListElement\":[{\"@type\":\"ListItem\",\"position\":1,\"name\":\"Startseite\",\"item\":\"https:\\\/\\\/permakultur-landwirtschaft.org\\\/\"},{\"@type\":\"ListItem\",\"position\":2,\"name\":\"Bodenschonend Kartoffeln ernten mit Hilfe von Pferden &#8211; Anlass am 15. September 2023\"}]},{\"@type\":\"WebSite\",\"@id\":\"https:\\\/\\\/permakultur-landwirtschaft.org\\\/#website\",\"url\":\"https:\\\/\\\/permakultur-landwirtschaft.org\\\/\",\"name\":\"Permakultur-Landwirtschaft\",\"description\":\"F\u00f6rderung der Permakultur in der Landwirtschaft\",\"publisher\":{\"@id\":\"https:\\\/\\\/permakultur-landwirtschaft.org\\\/#organization\"},\"potentialAction\":[{\"@type\":\"SearchAction\",\"target\":{\"@type\":\"EntryPoint\",\"urlTemplate\":\"https:\\\/\\\/permakultur-landwirtschaft.org\\\/?s={search_term_string}\"},\"query-input\":{\"@type\":\"PropertyValueSpecification\",\"valueRequired\":true,\"valueName\":\"search_term_string\"}}],\"inLanguage\":\"fr-FR\"},{\"@type\":\"Organization\",\"@id\":\"https:\\\/\\\/permakultur-landwirtschaft.org\\\/#organization\",\"name\":\"Permakultur-Landwirtschaft\",\"alternateName\":\"Verein Permakultur-Landwirtschaft\",\"url\":\"https:\\\/\\\/permakultur-landwirtschaft.org\\\/\",\"logo\":{\"@type\":\"ImageObject\",\"inLanguage\":\"fr-FR\",\"@id\":\"https:\\\/\\\/permakultur-landwirtschaft.org\\\/#\\\/schema\\\/logo\\\/image\\\/\",\"url\":\"https:\\\/\\\/permakultur-landwirtschaft.org\\\/wp-content\\\/uploads\\\/2021\\\/11\\\/pela_1268x1269.png\",\"contentUrl\":\"https:\\\/\\\/permakultur-landwirtschaft.org\\\/wp-content\\\/uploads\\\/2021\\\/11\\\/pela_1268x1269.png\",\"width\":1298,\"height\":1269,\"caption\":\"Permakultur-Landwirtschaft\"},\"image\":{\"@id\":\"https:\\\/\\\/permakultur-landwirtschaft.org\\\/#\\\/schema\\\/logo\\\/image\\\/\"},\"sameAs\":[\"https:\\\/\\\/www.facebook.com\\\/PermakulturLandwirtschaft\",\"https:\\\/\\\/www.instagram.com\\\/permakultur_landwirtschaft\\\/\",\"https:\\\/\\\/www.flickr.com\\\/photos\\\/permakultur-landwirtschaft\",\"https:\\\/\\\/www.youtube.com\\\/@PermakulturLandwirtschaft\"]},{\"@type\":\"Person\",\"@id\":\"https:\\\/\\\/permakultur-landwirtschaft.org\\\/#\\\/schema\\\/person\\\/6b0467872f75aed3e144093f9bf4f0b0\",\"name\":\"adrian reutimann\",\"url\":\"https:\\\/\\\/permakultur-landwirtschaft.org\\\/fr\\\/author\\\/reutiadr\\\/\"}]}<\/script>\n<!-- \/ Yoast SEO plugin. -->","yoast_head_json":{"title":"Bodenschonend Kartoffeln ernten mit Hilfe von Pferden - Anlass am 15. September 2023 - Permakultur-Landwirtschaft","robots":{"index":"index","follow":"follow","max-snippet":"max-snippet:-1","max-image-preview":"max-image-preview:large","max-video-preview":"max-video-preview:-1"},"canonical":"https:\/\/permakultur-landwirtschaft.org\/fr\/bodenschonend-kartoffeln-ernten-mit-hilfe-von-pferden-anlass-am-15-september-2023\/","og_locale":"fr_FR","og_type":"article","og_title":"Bodenschonend Kartoffeln ernten mit Hilfe von Pferden - Anlass am 15. September 2023 - Permakultur-Landwirtschaft","og_description":"Text von snack-de-heck.ch: Am 15.9. ernten wir gemeinsam und bodenschonend Kartoffeln mit Hilfe von zwei Pferden auf unserem Bio-Permakulturhof \u00abSnack de Heck\u00bb. Wieso mit Pferden? Sie sind leichter als ein Traktor und verursachen weniger CO2-Emissionen! Diese \u00abHaktion\u00bb dauert ca. 3\u20134 Stunden. Im Anschluss an die Ernte gibt es eine Kartoffeldegustation und eine Hoff\u00fchrung. F\u00fcr die, [&hellip;]","og_url":"https:\/\/permakultur-landwirtschaft.org\/fr\/bodenschonend-kartoffeln-ernten-mit-hilfe-von-pferden-anlass-am-15-september-2023\/","og_site_name":"Permakultur-Landwirtschaft","article_publisher":"https:\/\/www.facebook.com\/PermakulturLandwirtschaft","article_published_time":"2023-09-15T04:48:00+00:00","article_modified_time":"2023-09-19T12:18:31+00:00","og_image":[{"width":700,"height":555,"url":"https:\/\/permakultur-landwirtschaft.org\/wp-content\/uploads\/2023\/02\/Snack_de_Heck.png","type":"image\/png"}],"author":"adrian reutimann","twitter_card":"summary_large_image","twitter_misc":{"\u00c9crit par":"adrian reutimann","Dur\u00e9e de lecture estim\u00e9e":"1 minute"},"schema":{"@context":"https:\/\/schema.org","@graph":[{"@type":"Article","@id":"https:\/\/permakultur-landwirtschaft.org\/bodenschonend-kartoffeln-ernten-mit-hilfe-von-pferden-anlass-am-15-september-2023\/#article","isPartOf":{"@id":"https:\/\/permakultur-landwirtschaft.org\/bodenschonend-kartoffeln-ernten-mit-hilfe-von-pferden-anlass-am-15-september-2023\/"},"author":{"name":"adrian reutimann","@id":"https:\/\/permakultur-landwirtschaft.org\/#\/schema\/person\/6b0467872f75aed3e144093f9bf4f0b0"},"headline":"Bodenschonend Kartoffeln ernten mit Hilfe von Pferden &#8211; Anlass am 15. September 2023","datePublished":"2023-09-15T04:48:00+00:00","dateModified":"2023-09-19T12:18:31+00:00","mainEntityOfPage":{"@id":"https:\/\/permakultur-landwirtschaft.org\/bodenschonend-kartoffeln-ernten-mit-hilfe-von-pferden-anlass-am-15-september-2023\/"},"wordCount":137,"publisher":{"@id":"https:\/\/permakultur-landwirtschaft.org\/#organization"},"image":{"@id":"https:\/\/permakultur-landwirtschaft.org\/bodenschonend-kartoffeln-ernten-mit-hilfe-von-pferden-anlass-am-15-september-2023\/#primaryimage"},"thumbnailUrl":"https:\/\/permakultur-landwirtschaft.org\/wp-content\/uploads\/2023\/02\/Snack_de_Heck.png","keywords":["Ernte","Kartoffel","Landwirtschaft","Pferde"],"articleSection":["Veranstaltungen_Archiv"],"inLanguage":"fr-FR"},{"@type":"WebPage","@id":"https:\/\/permakultur-landwirtschaft.org\/bodenschonend-kartoffeln-ernten-mit-hilfe-von-pferden-anlass-am-15-september-2023\/","url":"https:\/\/permakultur-landwirtschaft.org\/bodenschonend-kartoffeln-ernten-mit-hilfe-von-pferden-anlass-am-15-september-2023\/","name":"Bodenschonend Kartoffeln ernten mit Hilfe von Pferden - Anlass am 15. September 2023 - Permakultur-Landwirtschaft","isPartOf":{"@id":"https:\/\/permakultur-landwirtschaft.org\/#website"},"primaryImageOfPage":{"@id":"https:\/\/permakultur-landwirtschaft.org\/bodenschonend-kartoffeln-ernten-mit-hilfe-von-pferden-anlass-am-15-september-2023\/#primaryimage"},"image":{"@id":"https:\/\/permakultur-landwirtschaft.org\/bodenschonend-kartoffeln-ernten-mit-hilfe-von-pferden-anlass-am-15-september-2023\/#primaryimage"},"thumbnailUrl":"https:\/\/permakultur-landwirtschaft.org\/wp-content\/uploads\/2023\/02\/Snack_de_Heck.png","datePublished":"2023-09-15T04:48:00+00:00","dateModified":"2023-09-19T12:18:31+00:00","breadcrumb":{"@id":"https:\/\/permakultur-landwirtschaft.org\/bodenschonend-kartoffeln-ernten-mit-hilfe-von-pferden-anlass-am-15-september-2023\/#breadcrumb"},"inLanguage":"fr-FR","potentialAction":[{"@type":"ReadAction","target":["https:\/\/permakultur-landwirtschaft.org\/bodenschonend-kartoffeln-ernten-mit-hilfe-von-pferden-anlass-am-15-september-2023\/"]}]},{"@type":"ImageObject","inLanguage":"fr-FR","@id":"https:\/\/permakultur-landwirtschaft.org\/bodenschonend-kartoffeln-ernten-mit-hilfe-von-pferden-anlass-am-15-september-2023\/#primaryimage","url":"https:\/\/permakultur-landwirtschaft.org\/wp-content\/uploads\/2023\/02\/Snack_de_Heck.png","contentUrl":"https:\/\/permakultur-landwirtschaft.org\/wp-content\/uploads\/2023\/02\/Snack_de_Heck.png","width":700,"height":555,"caption":"Bild: snack-de-heck.ch"},{"@type":"BreadcrumbList","@id":"https:\/\/permakultur-landwirtschaft.org\/bodenschonend-kartoffeln-ernten-mit-hilfe-von-pferden-anlass-am-15-september-2023\/#breadcrumb","itemListElement":[{"@type":"ListItem","position":1,"name":"Startseite","item":"https:\/\/permakultur-landwirtschaft.org\/"},{"@type":"ListItem","position":2,"name":"Bodenschonend Kartoffeln ernten mit Hilfe von Pferden &#8211; Anlass am 15. September 2023"}]},{"@type":"WebSite","@id":"https:\/\/permakultur-landwirtschaft.org\/#website","url":"https:\/\/permakultur-landwirtschaft.org\/","name":"Permakultur-Landwirtschaft","description":"F\u00f6rderung der Permakultur in der Landwirtschaft","publisher":{"@id":"https:\/\/permakultur-landwirtschaft.org\/#organization"},"potentialAction":[{"@type":"SearchAction","target":{"@type":"EntryPoint","urlTemplate":"https:\/\/permakultur-landwirtschaft.org\/?s={search_term_string}"},"query-input":{"@type":"PropertyValueSpecification","valueRequired":true,"valueName":"search_term_string"}}],"inLanguage":"fr-FR"},{"@type":"Organization","@id":"https:\/\/permakultur-landwirtschaft.org\/#organization","name":"Permakultur-Landwirtschaft","alternateName":"Verein Permakultur-Landwirtschaft","url":"https:\/\/permakultur-landwirtschaft.org\/","logo":{"@type":"ImageObject","inLanguage":"fr-FR","@id":"https:\/\/permakultur-landwirtschaft.org\/#\/schema\/logo\/image\/","url":"https:\/\/permakultur-landwirtschaft.org\/wp-content\/uploads\/2021\/11\/pela_1268x1269.png","contentUrl":"https:\/\/permakultur-landwirtschaft.org\/wp-content\/uploads\/2021\/11\/pela_1268x1269.png","width":1298,"height":1269,"caption":"Permakultur-Landwirtschaft"},"image":{"@id":"https:\/\/permakultur-landwirtschaft.org\/#\/schema\/logo\/image\/"},"sameAs":["https:\/\/www.facebook.com\/PermakulturLandwirtschaft","https:\/\/www.instagram.com\/permakultur_landwirtschaft\/","https:\/\/www.flickr.com\/photos\/permakultur-landwirtschaft","https:\/\/www.youtube.com\/@PermakulturLandwirtschaft"]},{"@type":"Person","@id":"https:\/\/permakultur-landwirtschaft.org\/#\/schema\/person\/6b0467872f75aed3e144093f9bf4f0b0","name":"adrian reutimann","url":"https:\/\/permakultur-landwirtschaft.org\/fr\/author\/reutiadr\/"}]}},"_links":{"self":[{"href":"https:\/\/permakultur-landwirtschaft.org\/fr\/wp-json\/wp\/v2\/posts\/31555","targetHints":{"allow":["GET"]}}],"collection":[{"href":"https:\/\/permakultur-landwirtschaft.org\/fr\/wp-json\/wp\/v2\/posts"}],"about":[{"href":"https:\/\/permakultur-landwirtschaft.org\/fr\/wp-json\/wp\/v2\/types\/post"}],"author":[{"embeddable":true,"href":"https:\/\/permakultur-landwirtschaft.org\/fr\/wp-json\/wp\/v2\/users\/2"}],"replies":[{"embeddable":true,"href":"https:\/\/permakultur-landwirtschaft.org\/fr\/wp-json\/wp\/v2\/comments?post=31555"}],"version-history":[{"count":2,"href":"https:\/\/permakultur-landwirtschaft.org\/fr\/wp-json\/wp\/v2\/posts\/31555\/revisions"}],"predecessor-version":[{"id":31557,"href":"https:\/\/permakultur-landwirtschaft.org\/fr\/wp-json\/wp\/v2\/posts\/31555\/revisions\/31557"}],"wp:featuredmedia":[{"embeddable":true,"href":"https:\/\/permakultur-landwirtschaft.org\/fr\/wp-json\/wp\/v2\/media\/28731"}],"wp:attachment":[{"href":"https:\/\/permakultur-landwirtschaft.org\/fr\/wp-json\/wp\/v2\/media?parent=31555"}],"wp:term":[{"taxonomy":"category","embeddable":true,"href":"https:\/\/permakultur-landwirtschaft.org\/fr\/wp-json\/wp\/v2\/categories?post=31555"},{"taxonomy":"post_tag","embeddable":true,"href":"https:\/\/permakultur-landwirtschaft.org\/fr\/wp-json\/wp\/v2\/tags?post=31555"}],"curies":[{"name":"wp","href":"https:\/\/api.w.org\/{rel}","templated":true}]}}