{"id":31549,"date":"2023-06-15T12:18:00","date_gmt":"2023-06-15T10:18:00","guid":{"rendered":"https:\/\/permakultur-landwirtschaft.org\/?p=31549"},"modified":"2023-10-18T14:56:42","modified_gmt":"2023-10-18T12:56:42","slug":"abenteuer-mischkultur-fuehrung-fachinputs-auf-dem-farngut-am-20-oktober-2023","status":"publish","type":"post","link":"https:\/\/permakultur-landwirtschaft.org\/fr\/abenteuer-mischkultur-fuehrung-fachinputs-auf-dem-farngut-am-20-oktober-2023\/","title":{"rendered":"Abenteuer Mischkultur &#8211; F\u00fchrung &#038; Fachinputs auf dem Farngut am 20. Oktober 2023"},"content":{"rendered":"<p>Text von agroecologyworks.ch:<\/p>\n\n\n\n<p>Wie im den vergangenen zwei Jahren wollen wir auch im 2023 unser Mischkultur-Projekt dem breiten Publikum n\u00e4herbringen. Welche Vorteile bringen Mischkulturen? Wie l\u00e4sst sich eine Mischkultur praktisch umsetzten? Was ist der derzeitige Stand der Forschung?<\/p>\n\n\n\n<p>Das Farngut ist ein innovativer Bio-Betreib in Grossaffoltern BE. Schritt f\u00fcr Schritt verwirklichen wir unsere Vision einer naturnahen, sozial vertr\u00e4glichen Landwirtschaft. Im Bereich Anbausysteme arbeiten wir mit mehreren Partnern zusammen: Zum einen untersucht der Verein Honesta die technische Umsetzung des Mischkulturanbaus. Zum anderen f\u00fchrt die Hochschule f\u00fcr Agrar-, Forst- und Lebensmittelwissenschaften seit 2022 konkrete Mischkultur-Versuche auf der Fl\u00e4che durch. An diesem Anlass m\u00f6chten wir Euch einen ganzheitlichen Einblick in die Welt der Mischkulturen geben. Nach einer F\u00fchrung im Feld (Besichtigung Versuch HAFL, Projektfl\u00e4che Honesta), gibt es Fachinputs zum Thema Biodiversit\u00e4t (Farngut Team) sowie zu den Resultaten der HAFL-Versuche (Dominik F\u00fcglistaller, Dozent f\u00fcr Agrar\u00f6kologie an der HAFL). Abschliessend servieren wir euch ein kleines Apero mit unseren Hofprodukten. Wir freuen uns auf einen inspirierenden Austausch!<\/p>\n\n\n\n<p><strong>Datum \/ Zeit<\/strong><br>20.10.2023, 14:00<\/p>\n\n\n\n<p><strong>Lieu<\/strong><br>Farngut<br>Farnigasse 21<br>3257 Grossaffoltern BE<\/p>\n\n\n\n<p><a href=\"https:\/\/agroecologyworks.ch\/de\/tage-der-agraroekologie\/2023\/events\/abenteuer-mischkultur-fuehrung-fachinputs-auf-dem-farngut\" target=\"_blank\" rel=\"noreferrer noopener\">Mehr Infos zur Veranstaltung<\/a><\/p>\n\n\n\n<p><a href=\"https:\/\/farngut.ch\/\" target=\"_blank\" rel=\"noreferrer noopener\">Link zu Farngut<\/a><\/p>","protected":false},"excerpt":{"rendered":"<p>Text von agroecologyworks.ch: Wie im den vergangenen zwei Jahren wollen wir auch im 2023 unser Mischkultur-Projekt dem breiten Publikum n\u00e4herbringen. Welche Vorteile bringen Mischkulturen? Wie l\u00e4sst sich eine Mischkultur praktisch umsetzten? Was ist der derzeitige Stand der Forschung? Das Farngut ist ein innovativer Bio-Betreib in Grossaffoltern BE. Schritt f\u00fcr Schritt verwirklichen wir unsere Vision einer [&hellip;]<\/p>\n","protected":false},"author":2,"featured_media":31550,"comment_status":"closed","ping_status":"closed","sticky":false,"template":"","format":"standard","meta":{"_acf_changed":false,"site-sidebar-layout":"default","site-content-layout":"","ast-site-content-layout":"default","site-content-style":"default","site-sidebar-style":"default","ast-global-header-display":"","ast-banner-title-visibility":"","ast-main-header-display":"","ast-hfb-above-header-display":"","ast-hfb-below-header-display":"","ast-hfb-mobile-header-display":"","site-post-title":"","ast-breadcrumbs-content":"","ast-featured-img":"","footer-sml-layout":"","ast-disable-related-posts":"","theme-transparent-header-meta":"","adv-header-id-meta":"","stick-header-meta":"","header-above-stick-meta":"","header-main-stick-meta":"","header-below-stick-meta":"","astra-migrate-meta-layouts":"set","ast-page-background-enabled":"default","ast-page-background-meta":{"desktop":{"background-color":"var(--ast-global-color-4)","background-image":"","background-repeat":"repeat","background-position":"center center","background-size":"auto","background-attachment":"scroll","background-type":"","background-media":"","overlay-type":"","overlay-color":"","overlay-opacity":"","overlay-gradient":""},"tablet":{"background-color":"","background-image":"","background-repeat":"repeat","background-position":"center center","background-size":"auto","background-attachment":"scroll","background-type":"","background-media":"","overlay-type":"","overlay-color":"","overlay-opacity":"","overlay-gradient":""},"mobile":{"background-color":"","background-image":"","background-repeat":"repeat","background-position":"center center","background-size":"auto","background-attachment":"scroll","background-type":"","background-media":"","overlay-type":"","overlay-color":"","overlay-opacity":"","overlay-gradient":""}},"ast-content-background-meta":{"desktop":{"background-color":"var(--ast-global-color-5)","background-image":"","background-repeat":"repeat","background-position":"center center","background-size":"auto","background-attachment":"scroll","background-type":"","background-media":"","overlay-type":"","overlay-color":"","overlay-opacity":"","overlay-gradient":""},"tablet":{"background-color":"var(--ast-global-color-5)","background-image":"","background-repeat":"repeat","background-position":"center center","background-size":"auto","background-attachment":"scroll","background-type":"","background-media":"","overlay-type":"","overlay-color":"","overlay-opacity":"","overlay-gradient":""},"mobile":{"background-color":"var(--ast-global-color-5)","background-image":"","background-repeat":"repeat","background-position":"center center","background-size":"auto","background-attachment":"scroll","background-type":"","background-media":"","overlay-type":"","overlay-color":"","overlay-opacity":"","overlay-gradient":""}},"footnotes":""},"categories":[14],"tags":[],"class_list":["post-31549","post","type-post","status-publish","format-standard","has-post-thumbnail","hentry","category-veranstaltung"],"acf":[],"yoast_head":"<!-- This site is optimized with the Yoast SEO plugin v27.5 - https:\/\/yoast.com\/product\/yoast-seo-wordpress\/ -->\n<title>Abenteuer Mischkultur - F\u00fchrung &amp; Fachinputs auf dem Farngut am 20. Oktober 2023 - Permakultur-Landwirtschaft<\/title>\n<meta name=\"robots\" content=\"index, follow, max-snippet:-1, max-image-preview:large, max-video-preview:-1\" \/>\n<link rel=\"canonical\" href=\"https:\/\/permakultur-landwirtschaft.org\/fr\/abenteuer-mischkultur-fuehrung-fachinputs-auf-dem-farngut-am-20-oktober-2023\/\" \/>\n<meta property=\"og:locale\" content=\"fr_FR\" \/>\n<meta property=\"og:type\" content=\"article\" \/>\n<meta property=\"og:title\" content=\"Abenteuer Mischkultur - F\u00fchrung &amp; Fachinputs auf dem Farngut am 20. Oktober 2023 - Permakultur-Landwirtschaft\" \/>\n<meta property=\"og:description\" content=\"Text von agroecologyworks.ch: Wie im den vergangenen zwei Jahren wollen wir auch im 2023 unser Mischkultur-Projekt dem breiten Publikum n\u00e4herbringen. Welche Vorteile bringen Mischkulturen? Wie l\u00e4sst sich eine Mischkultur praktisch umsetzten? Was ist der derzeitige Stand der Forschung? Das Farngut ist ein innovativer Bio-Betreib in Grossaffoltern BE. Schritt f\u00fcr Schritt verwirklichen wir unsere Vision einer [&hellip;]\" \/>\n<meta property=\"og:url\" content=\"https:\/\/permakultur-landwirtschaft.org\/fr\/abenteuer-mischkultur-fuehrung-fachinputs-auf-dem-farngut-am-20-oktober-2023\/\" \/>\n<meta property=\"og:site_name\" content=\"Permakultur-Landwirtschaft\" \/>\n<meta property=\"article:publisher\" content=\"https:\/\/www.facebook.com\/PermakulturLandwirtschaft\" \/>\n<meta property=\"article:published_time\" content=\"2023-06-15T10:18:00+00:00\" \/>\n<meta property=\"article:modified_time\" content=\"2023-10-18T12:56:42+00:00\" \/>\n<meta property=\"og:image\" content=\"https:\/\/permakultur-landwirtschaft.org\/wp-content\/uploads\/2023\/08\/event-agraroeko-tage-2023-1200x900-crop.jpg\" \/>\n\t<meta property=\"og:image:width\" content=\"700\" \/>\n\t<meta property=\"og:image:height\" content=\"525\" \/>\n\t<meta property=\"og:image:type\" content=\"image\/jpeg\" \/>\n<meta name=\"author\" content=\"adrian reutimann\" \/>\n<meta name=\"twitter:card\" content=\"summary_large_image\" \/>\n<meta name=\"twitter:label1\" content=\"\u00c9crit par\" \/>\n\t<meta name=\"twitter:data1\" content=\"adrian reutimann\" \/>\n\t<meta name=\"twitter:label2\" content=\"Dur\u00e9e de lecture estim\u00e9e\" \/>\n\t<meta name=\"twitter:data2\" content=\"2 minutes\" \/>\n<script type=\"application\/ld+json\" class=\"yoast-schema-graph\">{\"@context\":\"https:\\\/\\\/schema.org\",\"@graph\":[{\"@type\":\"Article\",\"@id\":\"https:\\\/\\\/permakultur-landwirtschaft.org\\\/abenteuer-mischkultur-fuehrung-fachinputs-auf-dem-farngut-am-20-oktober-2023\\\/#article\",\"isPartOf\":{\"@id\":\"https:\\\/\\\/permakultur-landwirtschaft.org\\\/abenteuer-mischkultur-fuehrung-fachinputs-auf-dem-farngut-am-20-oktober-2023\\\/\"},\"author\":{\"name\":\"adrian reutimann\",\"@id\":\"https:\\\/\\\/permakultur-landwirtschaft.org\\\/#\\\/schema\\\/person\\\/6b0467872f75aed3e144093f9bf4f0b0\"},\"headline\":\"Abenteuer Mischkultur &#8211; F\u00fchrung &#038; Fachinputs auf dem Farngut am 20. Oktober 2023\",\"datePublished\":\"2023-06-15T10:18:00+00:00\",\"dateModified\":\"2023-10-18T12:56:42+00:00\",\"mainEntityOfPage\":{\"@id\":\"https:\\\/\\\/permakultur-landwirtschaft.org\\\/abenteuer-mischkultur-fuehrung-fachinputs-auf-dem-farngut-am-20-oktober-2023\\\/\"},\"wordCount\":198,\"publisher\":{\"@id\":\"https:\\\/\\\/permakultur-landwirtschaft.org\\\/#organization\"},\"image\":{\"@id\":\"https:\\\/\\\/permakultur-landwirtschaft.org\\\/abenteuer-mischkultur-fuehrung-fachinputs-auf-dem-farngut-am-20-oktober-2023\\\/#primaryimage\"},\"thumbnailUrl\":\"https:\\\/\\\/permakultur-landwirtschaft.org\\\/wp-content\\\/uploads\\\/2023\\\/08\\\/event-agraroeko-tage-2023-1200x900-crop.jpg\",\"articleSection\":[\"Veranstaltung\"],\"inLanguage\":\"fr-FR\"},{\"@type\":\"WebPage\",\"@id\":\"https:\\\/\\\/permakultur-landwirtschaft.org\\\/abenteuer-mischkultur-fuehrung-fachinputs-auf-dem-farngut-am-20-oktober-2023\\\/\",\"url\":\"https:\\\/\\\/permakultur-landwirtschaft.org\\\/abenteuer-mischkultur-fuehrung-fachinputs-auf-dem-farngut-am-20-oktober-2023\\\/\",\"name\":\"Abenteuer Mischkultur - F\u00fchrung & Fachinputs auf dem Farngut am 20. Oktober 2023 - Permakultur-Landwirtschaft\",\"isPartOf\":{\"@id\":\"https:\\\/\\\/permakultur-landwirtschaft.org\\\/#website\"},\"primaryImageOfPage\":{\"@id\":\"https:\\\/\\\/permakultur-landwirtschaft.org\\\/abenteuer-mischkultur-fuehrung-fachinputs-auf-dem-farngut-am-20-oktober-2023\\\/#primaryimage\"},\"image\":{\"@id\":\"https:\\\/\\\/permakultur-landwirtschaft.org\\\/abenteuer-mischkultur-fuehrung-fachinputs-auf-dem-farngut-am-20-oktober-2023\\\/#primaryimage\"},\"thumbnailUrl\":\"https:\\\/\\\/permakultur-landwirtschaft.org\\\/wp-content\\\/uploads\\\/2023\\\/08\\\/event-agraroeko-tage-2023-1200x900-crop.jpg\",\"datePublished\":\"2023-06-15T10:18:00+00:00\",\"dateModified\":\"2023-10-18T12:56:42+00:00\",\"breadcrumb\":{\"@id\":\"https:\\\/\\\/permakultur-landwirtschaft.org\\\/abenteuer-mischkultur-fuehrung-fachinputs-auf-dem-farngut-am-20-oktober-2023\\\/#breadcrumb\"},\"inLanguage\":\"fr-FR\",\"potentialAction\":[{\"@type\":\"ReadAction\",\"target\":[\"https:\\\/\\\/permakultur-landwirtschaft.org\\\/abenteuer-mischkultur-fuehrung-fachinputs-auf-dem-farngut-am-20-oktober-2023\\\/\"]}]},{\"@type\":\"ImageObject\",\"inLanguage\":\"fr-FR\",\"@id\":\"https:\\\/\\\/permakultur-landwirtschaft.org\\\/abenteuer-mischkultur-fuehrung-fachinputs-auf-dem-farngut-am-20-oktober-2023\\\/#primaryimage\",\"url\":\"https:\\\/\\\/permakultur-landwirtschaft.org\\\/wp-content\\\/uploads\\\/2023\\\/08\\\/event-agraroeko-tage-2023-1200x900-crop.jpg\",\"contentUrl\":\"https:\\\/\\\/permakultur-landwirtschaft.org\\\/wp-content\\\/uploads\\\/2023\\\/08\\\/event-agraroeko-tage-2023-1200x900-crop.jpg\",\"width\":700,\"height\":525,\"caption\":\"Bild: agroecologyworks.ch\"},{\"@type\":\"BreadcrumbList\",\"@id\":\"https:\\\/\\\/permakultur-landwirtschaft.org\\\/abenteuer-mischkultur-fuehrung-fachinputs-auf-dem-farngut-am-20-oktober-2023\\\/#breadcrumb\",\"itemListElement\":[{\"@type\":\"ListItem\",\"position\":1,\"name\":\"Startseite\",\"item\":\"https:\\\/\\\/permakultur-landwirtschaft.org\\\/\"},{\"@type\":\"ListItem\",\"position\":2,\"name\":\"Abenteuer Mischkultur &#8211; F\u00fchrung &#038; Fachinputs auf dem Farngut am 20. Oktober 2023\"}]},{\"@type\":\"WebSite\",\"@id\":\"https:\\\/\\\/permakultur-landwirtschaft.org\\\/#website\",\"url\":\"https:\\\/\\\/permakultur-landwirtschaft.org\\\/\",\"name\":\"Permakultur-Landwirtschaft\",\"description\":\"F\u00f6rderung der Permakultur in der Landwirtschaft\",\"publisher\":{\"@id\":\"https:\\\/\\\/permakultur-landwirtschaft.org\\\/#organization\"},\"potentialAction\":[{\"@type\":\"SearchAction\",\"target\":{\"@type\":\"EntryPoint\",\"urlTemplate\":\"https:\\\/\\\/permakultur-landwirtschaft.org\\\/?s={search_term_string}\"},\"query-input\":{\"@type\":\"PropertyValueSpecification\",\"valueRequired\":true,\"valueName\":\"search_term_string\"}}],\"inLanguage\":\"fr-FR\"},{\"@type\":\"Organization\",\"@id\":\"https:\\\/\\\/permakultur-landwirtschaft.org\\\/#organization\",\"name\":\"Permakultur-Landwirtschaft\",\"alternateName\":\"Verein Permakultur-Landwirtschaft\",\"url\":\"https:\\\/\\\/permakultur-landwirtschaft.org\\\/\",\"logo\":{\"@type\":\"ImageObject\",\"inLanguage\":\"fr-FR\",\"@id\":\"https:\\\/\\\/permakultur-landwirtschaft.org\\\/#\\\/schema\\\/logo\\\/image\\\/\",\"url\":\"https:\\\/\\\/permakultur-landwirtschaft.org\\\/wp-content\\\/uploads\\\/2021\\\/11\\\/pela_1268x1269.png\",\"contentUrl\":\"https:\\\/\\\/permakultur-landwirtschaft.org\\\/wp-content\\\/uploads\\\/2021\\\/11\\\/pela_1268x1269.png\",\"width\":1298,\"height\":1269,\"caption\":\"Permakultur-Landwirtschaft\"},\"image\":{\"@id\":\"https:\\\/\\\/permakultur-landwirtschaft.org\\\/#\\\/schema\\\/logo\\\/image\\\/\"},\"sameAs\":[\"https:\\\/\\\/www.facebook.com\\\/PermakulturLandwirtschaft\",\"https:\\\/\\\/www.instagram.com\\\/permakultur_landwirtschaft\\\/\",\"https:\\\/\\\/www.flickr.com\\\/photos\\\/permakultur-landwirtschaft\",\"https:\\\/\\\/www.youtube.com\\\/@PermakulturLandwirtschaft\"]},{\"@type\":\"Person\",\"@id\":\"https:\\\/\\\/permakultur-landwirtschaft.org\\\/#\\\/schema\\\/person\\\/6b0467872f75aed3e144093f9bf4f0b0\",\"name\":\"adrian reutimann\",\"url\":\"https:\\\/\\\/permakultur-landwirtschaft.org\\\/fr\\\/author\\\/reutiadr\\\/\"}]}<\/script>\n<!-- \/ Yoast SEO plugin. -->","yoast_head_json":{"title":"Abenteuer Mischkultur - F\u00fchrung & Fachinputs auf dem Farngut am 20. Oktober 2023 - Permakultur-Landwirtschaft","robots":{"index":"index","follow":"follow","max-snippet":"max-snippet:-1","max-image-preview":"max-image-preview:large","max-video-preview":"max-video-preview:-1"},"canonical":"https:\/\/permakultur-landwirtschaft.org\/fr\/abenteuer-mischkultur-fuehrung-fachinputs-auf-dem-farngut-am-20-oktober-2023\/","og_locale":"fr_FR","og_type":"article","og_title":"Abenteuer Mischkultur - F\u00fchrung & Fachinputs auf dem Farngut am 20. Oktober 2023 - Permakultur-Landwirtschaft","og_description":"Text von agroecologyworks.ch: Wie im den vergangenen zwei Jahren wollen wir auch im 2023 unser Mischkultur-Projekt dem breiten Publikum n\u00e4herbringen. Welche Vorteile bringen Mischkulturen? Wie l\u00e4sst sich eine Mischkultur praktisch umsetzten? Was ist der derzeitige Stand der Forschung? Das Farngut ist ein innovativer Bio-Betreib in Grossaffoltern BE. Schritt f\u00fcr Schritt verwirklichen wir unsere Vision einer [&hellip;]","og_url":"https:\/\/permakultur-landwirtschaft.org\/fr\/abenteuer-mischkultur-fuehrung-fachinputs-auf-dem-farngut-am-20-oktober-2023\/","og_site_name":"Permakultur-Landwirtschaft","article_publisher":"https:\/\/www.facebook.com\/PermakulturLandwirtschaft","article_published_time":"2023-06-15T10:18:00+00:00","article_modified_time":"2023-10-18T12:56:42+00:00","og_image":[{"width":700,"height":525,"url":"https:\/\/permakultur-landwirtschaft.org\/wp-content\/uploads\/2023\/08\/event-agraroeko-tage-2023-1200x900-crop.jpg","type":"image\/jpeg"}],"author":"adrian reutimann","twitter_card":"summary_large_image","twitter_misc":{"\u00c9crit par":"adrian reutimann","Dur\u00e9e de lecture estim\u00e9e":"2 minutes"},"schema":{"@context":"https:\/\/schema.org","@graph":[{"@type":"Article","@id":"https:\/\/permakultur-landwirtschaft.org\/abenteuer-mischkultur-fuehrung-fachinputs-auf-dem-farngut-am-20-oktober-2023\/#article","isPartOf":{"@id":"https:\/\/permakultur-landwirtschaft.org\/abenteuer-mischkultur-fuehrung-fachinputs-auf-dem-farngut-am-20-oktober-2023\/"},"author":{"name":"adrian reutimann","@id":"https:\/\/permakultur-landwirtschaft.org\/#\/schema\/person\/6b0467872f75aed3e144093f9bf4f0b0"},"headline":"Abenteuer Mischkultur &#8211; F\u00fchrung &#038; Fachinputs auf dem Farngut am 20. Oktober 2023","datePublished":"2023-06-15T10:18:00+00:00","dateModified":"2023-10-18T12:56:42+00:00","mainEntityOfPage":{"@id":"https:\/\/permakultur-landwirtschaft.org\/abenteuer-mischkultur-fuehrung-fachinputs-auf-dem-farngut-am-20-oktober-2023\/"},"wordCount":198,"publisher":{"@id":"https:\/\/permakultur-landwirtschaft.org\/#organization"},"image":{"@id":"https:\/\/permakultur-landwirtschaft.org\/abenteuer-mischkultur-fuehrung-fachinputs-auf-dem-farngut-am-20-oktober-2023\/#primaryimage"},"thumbnailUrl":"https:\/\/permakultur-landwirtschaft.org\/wp-content\/uploads\/2023\/08\/event-agraroeko-tage-2023-1200x900-crop.jpg","articleSection":["Veranstaltung"],"inLanguage":"fr-FR"},{"@type":"WebPage","@id":"https:\/\/permakultur-landwirtschaft.org\/abenteuer-mischkultur-fuehrung-fachinputs-auf-dem-farngut-am-20-oktober-2023\/","url":"https:\/\/permakultur-landwirtschaft.org\/abenteuer-mischkultur-fuehrung-fachinputs-auf-dem-farngut-am-20-oktober-2023\/","name":"Abenteuer Mischkultur - F\u00fchrung & Fachinputs auf dem Farngut am 20. Oktober 2023 - Permakultur-Landwirtschaft","isPartOf":{"@id":"https:\/\/permakultur-landwirtschaft.org\/#website"},"primaryImageOfPage":{"@id":"https:\/\/permakultur-landwirtschaft.org\/abenteuer-mischkultur-fuehrung-fachinputs-auf-dem-farngut-am-20-oktober-2023\/#primaryimage"},"image":{"@id":"https:\/\/permakultur-landwirtschaft.org\/abenteuer-mischkultur-fuehrung-fachinputs-auf-dem-farngut-am-20-oktober-2023\/#primaryimage"},"thumbnailUrl":"https:\/\/permakultur-landwirtschaft.org\/wp-content\/uploads\/2023\/08\/event-agraroeko-tage-2023-1200x900-crop.jpg","datePublished":"2023-06-15T10:18:00+00:00","dateModified":"2023-10-18T12:56:42+00:00","breadcrumb":{"@id":"https:\/\/permakultur-landwirtschaft.org\/abenteuer-mischkultur-fuehrung-fachinputs-auf-dem-farngut-am-20-oktober-2023\/#breadcrumb"},"inLanguage":"fr-FR","potentialAction":[{"@type":"ReadAction","target":["https:\/\/permakultur-landwirtschaft.org\/abenteuer-mischkultur-fuehrung-fachinputs-auf-dem-farngut-am-20-oktober-2023\/"]}]},{"@type":"ImageObject","inLanguage":"fr-FR","@id":"https:\/\/permakultur-landwirtschaft.org\/abenteuer-mischkultur-fuehrung-fachinputs-auf-dem-farngut-am-20-oktober-2023\/#primaryimage","url":"https:\/\/permakultur-landwirtschaft.org\/wp-content\/uploads\/2023\/08\/event-agraroeko-tage-2023-1200x900-crop.jpg","contentUrl":"https:\/\/permakultur-landwirtschaft.org\/wp-content\/uploads\/2023\/08\/event-agraroeko-tage-2023-1200x900-crop.jpg","width":700,"height":525,"caption":"Bild: agroecologyworks.ch"},{"@type":"BreadcrumbList","@id":"https:\/\/permakultur-landwirtschaft.org\/abenteuer-mischkultur-fuehrung-fachinputs-auf-dem-farngut-am-20-oktober-2023\/#breadcrumb","itemListElement":[{"@type":"ListItem","position":1,"name":"Startseite","item":"https:\/\/permakultur-landwirtschaft.org\/"},{"@type":"ListItem","position":2,"name":"Abenteuer Mischkultur &#8211; F\u00fchrung &#038; Fachinputs auf dem Farngut am 20. Oktober 2023"}]},{"@type":"WebSite","@id":"https:\/\/permakultur-landwirtschaft.org\/#website","url":"https:\/\/permakultur-landwirtschaft.org\/","name":"Permakultur-Landwirtschaft","description":"F\u00f6rderung der Permakultur in der Landwirtschaft","publisher":{"@id":"https:\/\/permakultur-landwirtschaft.org\/#organization"},"potentialAction":[{"@type":"SearchAction","target":{"@type":"EntryPoint","urlTemplate":"https:\/\/permakultur-landwirtschaft.org\/?s={search_term_string}"},"query-input":{"@type":"PropertyValueSpecification","valueRequired":true,"valueName":"search_term_string"}}],"inLanguage":"fr-FR"},{"@type":"Organization","@id":"https:\/\/permakultur-landwirtschaft.org\/#organization","name":"Permakultur-Landwirtschaft","alternateName":"Verein Permakultur-Landwirtschaft","url":"https:\/\/permakultur-landwirtschaft.org\/","logo":{"@type":"ImageObject","inLanguage":"fr-FR","@id":"https:\/\/permakultur-landwirtschaft.org\/#\/schema\/logo\/image\/","url":"https:\/\/permakultur-landwirtschaft.org\/wp-content\/uploads\/2021\/11\/pela_1268x1269.png","contentUrl":"https:\/\/permakultur-landwirtschaft.org\/wp-content\/uploads\/2021\/11\/pela_1268x1269.png","width":1298,"height":1269,"caption":"Permakultur-Landwirtschaft"},"image":{"@id":"https:\/\/permakultur-landwirtschaft.org\/#\/schema\/logo\/image\/"},"sameAs":["https:\/\/www.facebook.com\/PermakulturLandwirtschaft","https:\/\/www.instagram.com\/permakultur_landwirtschaft\/","https:\/\/www.flickr.com\/photos\/permakultur-landwirtschaft","https:\/\/www.youtube.com\/@PermakulturLandwirtschaft"]},{"@type":"Person","@id":"https:\/\/permakultur-landwirtschaft.org\/#\/schema\/person\/6b0467872f75aed3e144093f9bf4f0b0","name":"adrian reutimann","url":"https:\/\/permakultur-landwirtschaft.org\/fr\/author\/reutiadr\/"}]}},"_links":{"self":[{"href":"https:\/\/permakultur-landwirtschaft.org\/fr\/wp-json\/wp\/v2\/posts\/31549","targetHints":{"allow":["GET"]}}],"collection":[{"href":"https:\/\/permakultur-landwirtschaft.org\/fr\/wp-json\/wp\/v2\/posts"}],"about":[{"href":"https:\/\/permakultur-landwirtschaft.org\/fr\/wp-json\/wp\/v2\/types\/post"}],"author":[{"embeddable":true,"href":"https:\/\/permakultur-landwirtschaft.org\/fr\/wp-json\/wp\/v2\/users\/2"}],"replies":[{"embeddable":true,"href":"https:\/\/permakultur-landwirtschaft.org\/fr\/wp-json\/wp\/v2\/comments?post=31549"}],"version-history":[{"count":2,"href":"https:\/\/permakultur-landwirtschaft.org\/fr\/wp-json\/wp\/v2\/posts\/31549\/revisions"}],"predecessor-version":[{"id":32626,"href":"https:\/\/permakultur-landwirtschaft.org\/fr\/wp-json\/wp\/v2\/posts\/31549\/revisions\/32626"}],"wp:featuredmedia":[{"embeddable":true,"href":"https:\/\/permakultur-landwirtschaft.org\/fr\/wp-json\/wp\/v2\/media\/31550"}],"wp:attachment":[{"href":"https:\/\/permakultur-landwirtschaft.org\/fr\/wp-json\/wp\/v2\/media?parent=31549"}],"wp:term":[{"taxonomy":"category","embeddable":true,"href":"https:\/\/permakultur-landwirtschaft.org\/fr\/wp-json\/wp\/v2\/categories?post=31549"},{"taxonomy":"post_tag","embeddable":true,"href":"https:\/\/permakultur-landwirtschaft.org\/fr\/wp-json\/wp\/v2\/tags?post=31549"}],"curies":[{"name":"wp","href":"https:\/\/api.w.org\/{rel}","templated":true}]}}