{"id":31514,"date":"2023-07-11T12:20:00","date_gmt":"2023-07-11T10:20:00","guid":{"rendered":"https:\/\/permakultur-landwirtschaft.org\/?p=31514"},"modified":"2023-08-23T12:26:03","modified_gmt":"2023-08-23T10:26:03","slug":"regenerative-landwirtschaft-potenzial-ja-quick-fix-nein-tagungsbericht-vom-11-juli-2023","status":"publish","type":"post","link":"https:\/\/permakultur-landwirtschaft.org\/fr\/regenerative-landwirtschaft-potenzial-ja-quick-fix-nein-tagungsbericht-vom-11-juli-2023\/","title":{"rendered":"Regenerative Landwirtschaft: Potenzial ja, Quick fix nein &#8211; Tagungsbericht vom 11. Juli 2023"},"content":{"rendered":"<p>Text von scnat.ch:<\/p>\n\n\n\n<p>Der Konsens war \u00fcberraschend gross: die \u00abregenerative Landwirtschaft\u00bb habe ein betr\u00e4chtliches Potenzial. Sie m\u00fcsse aber zwingend so umgesetzt werden, dass sie an einem bestimmten Standort funktioniere. In diesen Punkten war sich das breit aufgestellte Panel am Anlass \u00abRegenerative Landwirtschaft: Schl\u00fcssel gegen die Klimaerw\u00e4rmung?\u00bb am 20. Juni 2023 einig.<\/p>\n\n\n\n<p>In j\u00fcngerer Zeit stiess die \u00abregenerative Landwirtschaft\u00bb vermehrt auf Interesse in Wissenschaft, Politik und Medien. Ausschlaggebend daf\u00fcr: ihr Beitrag gegen die globale Klimaerw\u00e4rmung. Die Akademien der Wissenschaften Schweiz griffen das Thema deshalb an einer Veranstaltung auf f\u00fcr einen Dialog zwischen Politik, Verwaltung, NGOs, Wirtschaft und Wissenschaft. Dabei im Fokus: wie kann die regenerative Landwirtschaft vorangetrieben werden.<\/p>\n\n\n\n<p><a href=\"https:\/\/scnat.ch\/de\/uuid\/i\/aefa38e2-ce7b-5958-8543-bed0a5e82503-Regenerative_Landwirtschaft_Potenzial_ja_Quick_fix_nein\" target=\"_blank\" rel=\"noreferrer noopener\">Link zum Tagungsbericht<\/a><\/p>","protected":false},"excerpt":{"rendered":"<p>Text von scnat.ch: Der Konsens war \u00fcberraschend gross: die \u00abregenerative Landwirtschaft\u00bb habe ein betr\u00e4chtliches Potenzial. Sie m\u00fcsse aber zwingend so umgesetzt werden, dass sie an einem bestimmten Standort funktioniere. In diesen Punkten war sich das breit aufgestellte Panel am Anlass \u00abRegenerative Landwirtschaft: Schl\u00fcssel gegen die Klimaerw\u00e4rmung?\u00bb am 20. Juni 2023 einig. In j\u00fcngerer Zeit stiess [&hellip;]<\/p>\n","protected":false},"author":2,"featured_media":31515,"comment_status":"closed","ping_status":"closed","sticky":false,"template":"","format":"standard","meta":{"_acf_changed":false,"site-sidebar-layout":"default","site-content-layout":"","ast-site-content-layout":"default","site-content-style":"default","site-sidebar-style":"default","ast-global-header-display":"","ast-banner-title-visibility":"","ast-main-header-display":"","ast-hfb-above-header-display":"","ast-hfb-below-header-display":"","ast-hfb-mobile-header-display":"","site-post-title":"","ast-breadcrumbs-content":"","ast-featured-img":"","footer-sml-layout":"","ast-disable-related-posts":"","theme-transparent-header-meta":"","adv-header-id-meta":"","stick-header-meta":"","header-above-stick-meta":"","header-main-stick-meta":"","header-below-stick-meta":"","astra-migrate-meta-layouts":"default","ast-page-background-enabled":"default","ast-page-background-meta":{"desktop":{"background-color":"var(--ast-global-color-4)","background-image":"","background-repeat":"repeat","background-position":"center center","background-size":"auto","background-attachment":"scroll","background-type":"","background-media":"","overlay-type":"","overlay-color":"","overlay-opacity":"","overlay-gradient":""},"tablet":{"background-color":"","background-image":"","background-repeat":"repeat","background-position":"center center","background-size":"auto","background-attachment":"scroll","background-type":"","background-media":"","overlay-type":"","overlay-color":"","overlay-opacity":"","overlay-gradient":""},"mobile":{"background-color":"","background-image":"","background-repeat":"repeat","background-position":"center center","background-size":"auto","background-attachment":"scroll","background-type":"","background-media":"","overlay-type":"","overlay-color":"","overlay-opacity":"","overlay-gradient":""}},"ast-content-background-meta":{"desktop":{"background-color":"var(--ast-global-color-5)","background-image":"","background-repeat":"repeat","background-position":"center center","background-size":"auto","background-attachment":"scroll","background-type":"","background-media":"","overlay-type":"","overlay-color":"","overlay-opacity":"","overlay-gradient":""},"tablet":{"background-color":"var(--ast-global-color-5)","background-image":"","background-repeat":"repeat","background-position":"center center","background-size":"auto","background-attachment":"scroll","background-type":"","background-media":"","overlay-type":"","overlay-color":"","overlay-opacity":"","overlay-gradient":""},"mobile":{"background-color":"var(--ast-global-color-5)","background-image":"","background-repeat":"repeat","background-position":"center center","background-size":"auto","background-attachment":"scroll","background-type":"","background-media":"","overlay-type":"","overlay-color":"","overlay-opacity":"","overlay-gradient":""}},"footnotes":""},"categories":[22],"tags":[88,89,27],"class_list":["post-31514","post","type-post","status-publish","format-standard","has-post-thumbnail","hentry","category-neuigkeit","tag-regenerativ","tag-scnat","tag-tagung"],"acf":[],"yoast_head":"<!-- This site is optimized with the Yoast SEO plugin v27.5 - https:\/\/yoast.com\/product\/yoast-seo-wordpress\/ -->\n<title>Regenerative Landwirtschaft: Potenzial ja, Quick fix nein - Tagungsbericht vom 11. Juli 2023 - Permakultur-Landwirtschaft<\/title>\n<meta name=\"robots\" content=\"index, follow, max-snippet:-1, max-image-preview:large, max-video-preview:-1\" \/>\n<link rel=\"canonical\" href=\"https:\/\/permakultur-landwirtschaft.org\/fr\/regenerative-landwirtschaft-potenzial-ja-quick-fix-nein-tagungsbericht-vom-11-juli-2023\/\" \/>\n<meta property=\"og:locale\" content=\"fr_FR\" \/>\n<meta property=\"og:type\" content=\"article\" \/>\n<meta property=\"og:title\" content=\"Regenerative Landwirtschaft: Potenzial ja, Quick fix nein - Tagungsbericht vom 11. Juli 2023 - Permakultur-Landwirtschaft\" \/>\n<meta property=\"og:description\" content=\"Text von scnat.ch: Der Konsens war \u00fcberraschend gross: die \u00abregenerative Landwirtschaft\u00bb habe ein betr\u00e4chtliches Potenzial. Sie m\u00fcsse aber zwingend so umgesetzt werden, dass sie an einem bestimmten Standort funktioniere. In diesen Punkten war sich das breit aufgestellte Panel am Anlass \u00abRegenerative Landwirtschaft: Schl\u00fcssel gegen die Klimaerw\u00e4rmung?\u00bb am 20. Juni 2023 einig. In j\u00fcngerer Zeit stiess [&hellip;]\" \/>\n<meta property=\"og:url\" content=\"https:\/\/permakultur-landwirtschaft.org\/fr\/regenerative-landwirtschaft-potenzial-ja-quick-fix-nein-tagungsbericht-vom-11-juli-2023\/\" \/>\n<meta property=\"og:site_name\" content=\"Permakultur-Landwirtschaft\" \/>\n<meta property=\"article:publisher\" content=\"https:\/\/www.facebook.com\/PermakulturLandwirtschaft\" \/>\n<meta property=\"article:published_time\" content=\"2023-07-11T10:20:00+00:00\" \/>\n<meta property=\"article:modified_time\" content=\"2023-08-23T10:26:03+00:00\" \/>\n<meta property=\"og:image\" content=\"https:\/\/permakultur-landwirtschaft.org\/wp-content\/uploads\/2023\/08\/easac_scnat_cover-bild-master-social-media-wo-logo-big.jpg\" \/>\n\t<meta property=\"og:image:width\" content=\"700\" \/>\n\t<meta property=\"og:image:height\" content=\"394\" \/>\n\t<meta property=\"og:image:type\" content=\"image\/jpeg\" \/>\n<meta name=\"author\" content=\"adrian reutimann\" \/>\n<meta name=\"twitter:card\" content=\"summary_large_image\" \/>\n<meta name=\"twitter:label1\" content=\"\u00c9crit par\" \/>\n\t<meta name=\"twitter:data1\" content=\"adrian reutimann\" \/>\n\t<meta name=\"twitter:label2\" content=\"Dur\u00e9e de lecture estim\u00e9e\" \/>\n\t<meta name=\"twitter:data2\" content=\"1 minute\" \/>\n<script type=\"application\/ld+json\" class=\"yoast-schema-graph\">{\"@context\":\"https:\\\/\\\/schema.org\",\"@graph\":[{\"@type\":\"Article\",\"@id\":\"https:\\\/\\\/permakultur-landwirtschaft.org\\\/regenerative-landwirtschaft-potenzial-ja-quick-fix-nein-tagungsbericht-vom-11-juli-2023\\\/#article\",\"isPartOf\":{\"@id\":\"https:\\\/\\\/permakultur-landwirtschaft.org\\\/regenerative-landwirtschaft-potenzial-ja-quick-fix-nein-tagungsbericht-vom-11-juli-2023\\\/\"},\"author\":{\"name\":\"adrian reutimann\",\"@id\":\"https:\\\/\\\/permakultur-landwirtschaft.org\\\/#\\\/schema\\\/person\\\/6b0467872f75aed3e144093f9bf4f0b0\"},\"headline\":\"Regenerative Landwirtschaft: Potenzial ja, Quick fix nein &#8211; Tagungsbericht vom 11. Juli 2023\",\"datePublished\":\"2023-07-11T10:20:00+00:00\",\"dateModified\":\"2023-08-23T10:26:03+00:00\",\"mainEntityOfPage\":{\"@id\":\"https:\\\/\\\/permakultur-landwirtschaft.org\\\/regenerative-landwirtschaft-potenzial-ja-quick-fix-nein-tagungsbericht-vom-11-juli-2023\\\/\"},\"wordCount\":128,\"publisher\":{\"@id\":\"https:\\\/\\\/permakultur-landwirtschaft.org\\\/#organization\"},\"image\":{\"@id\":\"https:\\\/\\\/permakultur-landwirtschaft.org\\\/regenerative-landwirtschaft-potenzial-ja-quick-fix-nein-tagungsbericht-vom-11-juli-2023\\\/#primaryimage\"},\"thumbnailUrl\":\"https:\\\/\\\/permakultur-landwirtschaft.org\\\/wp-content\\\/uploads\\\/2023\\\/08\\\/easac_scnat_cover-bild-master-social-media-wo-logo-big.jpg\",\"keywords\":[\"Regenerativ\",\"SCNAT\",\"tagung\"],\"articleSection\":[\"Neuigkeit\"],\"inLanguage\":\"fr-FR\"},{\"@type\":\"WebPage\",\"@id\":\"https:\\\/\\\/permakultur-landwirtschaft.org\\\/regenerative-landwirtschaft-potenzial-ja-quick-fix-nein-tagungsbericht-vom-11-juli-2023\\\/\",\"url\":\"https:\\\/\\\/permakultur-landwirtschaft.org\\\/regenerative-landwirtschaft-potenzial-ja-quick-fix-nein-tagungsbericht-vom-11-juli-2023\\\/\",\"name\":\"Regenerative Landwirtschaft: Potenzial ja, Quick fix nein - Tagungsbericht vom 11. Juli 2023 - Permakultur-Landwirtschaft\",\"isPartOf\":{\"@id\":\"https:\\\/\\\/permakultur-landwirtschaft.org\\\/#website\"},\"primaryImageOfPage\":{\"@id\":\"https:\\\/\\\/permakultur-landwirtschaft.org\\\/regenerative-landwirtschaft-potenzial-ja-quick-fix-nein-tagungsbericht-vom-11-juli-2023\\\/#primaryimage\"},\"image\":{\"@id\":\"https:\\\/\\\/permakultur-landwirtschaft.org\\\/regenerative-landwirtschaft-potenzial-ja-quick-fix-nein-tagungsbericht-vom-11-juli-2023\\\/#primaryimage\"},\"thumbnailUrl\":\"https:\\\/\\\/permakultur-landwirtschaft.org\\\/wp-content\\\/uploads\\\/2023\\\/08\\\/easac_scnat_cover-bild-master-social-media-wo-logo-big.jpg\",\"datePublished\":\"2023-07-11T10:20:00+00:00\",\"dateModified\":\"2023-08-23T10:26:03+00:00\",\"breadcrumb\":{\"@id\":\"https:\\\/\\\/permakultur-landwirtschaft.org\\\/regenerative-landwirtschaft-potenzial-ja-quick-fix-nein-tagungsbericht-vom-11-juli-2023\\\/#breadcrumb\"},\"inLanguage\":\"fr-FR\",\"potentialAction\":[{\"@type\":\"ReadAction\",\"target\":[\"https:\\\/\\\/permakultur-landwirtschaft.org\\\/regenerative-landwirtschaft-potenzial-ja-quick-fix-nein-tagungsbericht-vom-11-juli-2023\\\/\"]}]},{\"@type\":\"ImageObject\",\"inLanguage\":\"fr-FR\",\"@id\":\"https:\\\/\\\/permakultur-landwirtschaft.org\\\/regenerative-landwirtschaft-potenzial-ja-quick-fix-nein-tagungsbericht-vom-11-juli-2023\\\/#primaryimage\",\"url\":\"https:\\\/\\\/permakultur-landwirtschaft.org\\\/wp-content\\\/uploads\\\/2023\\\/08\\\/easac_scnat_cover-bild-master-social-media-wo-logo-big.jpg\",\"contentUrl\":\"https:\\\/\\\/permakultur-landwirtschaft.org\\\/wp-content\\\/uploads\\\/2023\\\/08\\\/easac_scnat_cover-bild-master-social-media-wo-logo-big.jpg\",\"width\":700,\"height\":394,\"caption\":\"Bild: EASAC\"},{\"@type\":\"BreadcrumbList\",\"@id\":\"https:\\\/\\\/permakultur-landwirtschaft.org\\\/regenerative-landwirtschaft-potenzial-ja-quick-fix-nein-tagungsbericht-vom-11-juli-2023\\\/#breadcrumb\",\"itemListElement\":[{\"@type\":\"ListItem\",\"position\":1,\"name\":\"Startseite\",\"item\":\"https:\\\/\\\/permakultur-landwirtschaft.org\\\/\"},{\"@type\":\"ListItem\",\"position\":2,\"name\":\"Regenerative Landwirtschaft: Potenzial ja, Quick fix nein &#8211; Tagungsbericht vom 11. Juli 2023\"}]},{\"@type\":\"WebSite\",\"@id\":\"https:\\\/\\\/permakultur-landwirtschaft.org\\\/#website\",\"url\":\"https:\\\/\\\/permakultur-landwirtschaft.org\\\/\",\"name\":\"Permakultur-Landwirtschaft\",\"description\":\"F\u00f6rderung der Permakultur in der Landwirtschaft\",\"publisher\":{\"@id\":\"https:\\\/\\\/permakultur-landwirtschaft.org\\\/#organization\"},\"potentialAction\":[{\"@type\":\"SearchAction\",\"target\":{\"@type\":\"EntryPoint\",\"urlTemplate\":\"https:\\\/\\\/permakultur-landwirtschaft.org\\\/?s={search_term_string}\"},\"query-input\":{\"@type\":\"PropertyValueSpecification\",\"valueRequired\":true,\"valueName\":\"search_term_string\"}}],\"inLanguage\":\"fr-FR\"},{\"@type\":\"Organization\",\"@id\":\"https:\\\/\\\/permakultur-landwirtschaft.org\\\/#organization\",\"name\":\"Permakultur-Landwirtschaft\",\"alternateName\":\"Verein Permakultur-Landwirtschaft\",\"url\":\"https:\\\/\\\/permakultur-landwirtschaft.org\\\/\",\"logo\":{\"@type\":\"ImageObject\",\"inLanguage\":\"fr-FR\",\"@id\":\"https:\\\/\\\/permakultur-landwirtschaft.org\\\/#\\\/schema\\\/logo\\\/image\\\/\",\"url\":\"https:\\\/\\\/permakultur-landwirtschaft.org\\\/wp-content\\\/uploads\\\/2021\\\/11\\\/pela_1268x1269.png\",\"contentUrl\":\"https:\\\/\\\/permakultur-landwirtschaft.org\\\/wp-content\\\/uploads\\\/2021\\\/11\\\/pela_1268x1269.png\",\"width\":1298,\"height\":1269,\"caption\":\"Permakultur-Landwirtschaft\"},\"image\":{\"@id\":\"https:\\\/\\\/permakultur-landwirtschaft.org\\\/#\\\/schema\\\/logo\\\/image\\\/\"},\"sameAs\":[\"https:\\\/\\\/www.facebook.com\\\/PermakulturLandwirtschaft\",\"https:\\\/\\\/www.instagram.com\\\/permakultur_landwirtschaft\\\/\",\"https:\\\/\\\/www.flickr.com\\\/photos\\\/permakultur-landwirtschaft\",\"https:\\\/\\\/www.youtube.com\\\/@PermakulturLandwirtschaft\"]},{\"@type\":\"Person\",\"@id\":\"https:\\\/\\\/permakultur-landwirtschaft.org\\\/#\\\/schema\\\/person\\\/6b0467872f75aed3e144093f9bf4f0b0\",\"name\":\"adrian reutimann\",\"url\":\"https:\\\/\\\/permakultur-landwirtschaft.org\\\/fr\\\/author\\\/reutiadr\\\/\"}]}<\/script>\n<!-- \/ Yoast SEO plugin. -->","yoast_head_json":{"title":"Regenerative Landwirtschaft: Potenzial ja, Quick fix nein - Tagungsbericht vom 11. Juli 2023 - Permakultur-Landwirtschaft","robots":{"index":"index","follow":"follow","max-snippet":"max-snippet:-1","max-image-preview":"max-image-preview:large","max-video-preview":"max-video-preview:-1"},"canonical":"https:\/\/permakultur-landwirtschaft.org\/fr\/regenerative-landwirtschaft-potenzial-ja-quick-fix-nein-tagungsbericht-vom-11-juli-2023\/","og_locale":"fr_FR","og_type":"article","og_title":"Regenerative Landwirtschaft: Potenzial ja, Quick fix nein - Tagungsbericht vom 11. Juli 2023 - Permakultur-Landwirtschaft","og_description":"Text von scnat.ch: Der Konsens war \u00fcberraschend gross: die \u00abregenerative Landwirtschaft\u00bb habe ein betr\u00e4chtliches Potenzial. Sie m\u00fcsse aber zwingend so umgesetzt werden, dass sie an einem bestimmten Standort funktioniere. In diesen Punkten war sich das breit aufgestellte Panel am Anlass \u00abRegenerative Landwirtschaft: Schl\u00fcssel gegen die Klimaerw\u00e4rmung?\u00bb am 20. Juni 2023 einig. In j\u00fcngerer Zeit stiess [&hellip;]","og_url":"https:\/\/permakultur-landwirtschaft.org\/fr\/regenerative-landwirtschaft-potenzial-ja-quick-fix-nein-tagungsbericht-vom-11-juli-2023\/","og_site_name":"Permakultur-Landwirtschaft","article_publisher":"https:\/\/www.facebook.com\/PermakulturLandwirtschaft","article_published_time":"2023-07-11T10:20:00+00:00","article_modified_time":"2023-08-23T10:26:03+00:00","og_image":[{"width":700,"height":394,"url":"https:\/\/permakultur-landwirtschaft.org\/wp-content\/uploads\/2023\/08\/easac_scnat_cover-bild-master-social-media-wo-logo-big.jpg","type":"image\/jpeg"}],"author":"adrian reutimann","twitter_card":"summary_large_image","twitter_misc":{"\u00c9crit par":"adrian reutimann","Dur\u00e9e de lecture estim\u00e9e":"1 minute"},"schema":{"@context":"https:\/\/schema.org","@graph":[{"@type":"Article","@id":"https:\/\/permakultur-landwirtschaft.org\/regenerative-landwirtschaft-potenzial-ja-quick-fix-nein-tagungsbericht-vom-11-juli-2023\/#article","isPartOf":{"@id":"https:\/\/permakultur-landwirtschaft.org\/regenerative-landwirtschaft-potenzial-ja-quick-fix-nein-tagungsbericht-vom-11-juli-2023\/"},"author":{"name":"adrian reutimann","@id":"https:\/\/permakultur-landwirtschaft.org\/#\/schema\/person\/6b0467872f75aed3e144093f9bf4f0b0"},"headline":"Regenerative Landwirtschaft: Potenzial ja, Quick fix nein &#8211; Tagungsbericht vom 11. Juli 2023","datePublished":"2023-07-11T10:20:00+00:00","dateModified":"2023-08-23T10:26:03+00:00","mainEntityOfPage":{"@id":"https:\/\/permakultur-landwirtschaft.org\/regenerative-landwirtschaft-potenzial-ja-quick-fix-nein-tagungsbericht-vom-11-juli-2023\/"},"wordCount":128,"publisher":{"@id":"https:\/\/permakultur-landwirtschaft.org\/#organization"},"image":{"@id":"https:\/\/permakultur-landwirtschaft.org\/regenerative-landwirtschaft-potenzial-ja-quick-fix-nein-tagungsbericht-vom-11-juli-2023\/#primaryimage"},"thumbnailUrl":"https:\/\/permakultur-landwirtschaft.org\/wp-content\/uploads\/2023\/08\/easac_scnat_cover-bild-master-social-media-wo-logo-big.jpg","keywords":["Regenerativ","SCNAT","tagung"],"articleSection":["Neuigkeit"],"inLanguage":"fr-FR"},{"@type":"WebPage","@id":"https:\/\/permakultur-landwirtschaft.org\/regenerative-landwirtschaft-potenzial-ja-quick-fix-nein-tagungsbericht-vom-11-juli-2023\/","url":"https:\/\/permakultur-landwirtschaft.org\/regenerative-landwirtschaft-potenzial-ja-quick-fix-nein-tagungsbericht-vom-11-juli-2023\/","name":"Regenerative Landwirtschaft: Potenzial ja, Quick fix nein - Tagungsbericht vom 11. Juli 2023 - Permakultur-Landwirtschaft","isPartOf":{"@id":"https:\/\/permakultur-landwirtschaft.org\/#website"},"primaryImageOfPage":{"@id":"https:\/\/permakultur-landwirtschaft.org\/regenerative-landwirtschaft-potenzial-ja-quick-fix-nein-tagungsbericht-vom-11-juli-2023\/#primaryimage"},"image":{"@id":"https:\/\/permakultur-landwirtschaft.org\/regenerative-landwirtschaft-potenzial-ja-quick-fix-nein-tagungsbericht-vom-11-juli-2023\/#primaryimage"},"thumbnailUrl":"https:\/\/permakultur-landwirtschaft.org\/wp-content\/uploads\/2023\/08\/easac_scnat_cover-bild-master-social-media-wo-logo-big.jpg","datePublished":"2023-07-11T10:20:00+00:00","dateModified":"2023-08-23T10:26:03+00:00","breadcrumb":{"@id":"https:\/\/permakultur-landwirtschaft.org\/regenerative-landwirtschaft-potenzial-ja-quick-fix-nein-tagungsbericht-vom-11-juli-2023\/#breadcrumb"},"inLanguage":"fr-FR","potentialAction":[{"@type":"ReadAction","target":["https:\/\/permakultur-landwirtschaft.org\/regenerative-landwirtschaft-potenzial-ja-quick-fix-nein-tagungsbericht-vom-11-juli-2023\/"]}]},{"@type":"ImageObject","inLanguage":"fr-FR","@id":"https:\/\/permakultur-landwirtschaft.org\/regenerative-landwirtschaft-potenzial-ja-quick-fix-nein-tagungsbericht-vom-11-juli-2023\/#primaryimage","url":"https:\/\/permakultur-landwirtschaft.org\/wp-content\/uploads\/2023\/08\/easac_scnat_cover-bild-master-social-media-wo-logo-big.jpg","contentUrl":"https:\/\/permakultur-landwirtschaft.org\/wp-content\/uploads\/2023\/08\/easac_scnat_cover-bild-master-social-media-wo-logo-big.jpg","width":700,"height":394,"caption":"Bild: EASAC"},{"@type":"BreadcrumbList","@id":"https:\/\/permakultur-landwirtschaft.org\/regenerative-landwirtschaft-potenzial-ja-quick-fix-nein-tagungsbericht-vom-11-juli-2023\/#breadcrumb","itemListElement":[{"@type":"ListItem","position":1,"name":"Startseite","item":"https:\/\/permakultur-landwirtschaft.org\/"},{"@type":"ListItem","position":2,"name":"Regenerative Landwirtschaft: Potenzial ja, Quick fix nein &#8211; Tagungsbericht vom 11. Juli 2023"}]},{"@type":"WebSite","@id":"https:\/\/permakultur-landwirtschaft.org\/#website","url":"https:\/\/permakultur-landwirtschaft.org\/","name":"Permakultur-Landwirtschaft","description":"F\u00f6rderung der Permakultur in der Landwirtschaft","publisher":{"@id":"https:\/\/permakultur-landwirtschaft.org\/#organization"},"potentialAction":[{"@type":"SearchAction","target":{"@type":"EntryPoint","urlTemplate":"https:\/\/permakultur-landwirtschaft.org\/?s={search_term_string}"},"query-input":{"@type":"PropertyValueSpecification","valueRequired":true,"valueName":"search_term_string"}}],"inLanguage":"fr-FR"},{"@type":"Organization","@id":"https:\/\/permakultur-landwirtschaft.org\/#organization","name":"Permakultur-Landwirtschaft","alternateName":"Verein Permakultur-Landwirtschaft","url":"https:\/\/permakultur-landwirtschaft.org\/","logo":{"@type":"ImageObject","inLanguage":"fr-FR","@id":"https:\/\/permakultur-landwirtschaft.org\/#\/schema\/logo\/image\/","url":"https:\/\/permakultur-landwirtschaft.org\/wp-content\/uploads\/2021\/11\/pela_1268x1269.png","contentUrl":"https:\/\/permakultur-landwirtschaft.org\/wp-content\/uploads\/2021\/11\/pela_1268x1269.png","width":1298,"height":1269,"caption":"Permakultur-Landwirtschaft"},"image":{"@id":"https:\/\/permakultur-landwirtschaft.org\/#\/schema\/logo\/image\/"},"sameAs":["https:\/\/www.facebook.com\/PermakulturLandwirtschaft","https:\/\/www.instagram.com\/permakultur_landwirtschaft\/","https:\/\/www.flickr.com\/photos\/permakultur-landwirtschaft","https:\/\/www.youtube.com\/@PermakulturLandwirtschaft"]},{"@type":"Person","@id":"https:\/\/permakultur-landwirtschaft.org\/#\/schema\/person\/6b0467872f75aed3e144093f9bf4f0b0","name":"adrian reutimann","url":"https:\/\/permakultur-landwirtschaft.org\/fr\/author\/reutiadr\/"}]}},"_links":{"self":[{"href":"https:\/\/permakultur-landwirtschaft.org\/fr\/wp-json\/wp\/v2\/posts\/31514","targetHints":{"allow":["GET"]}}],"collection":[{"href":"https:\/\/permakultur-landwirtschaft.org\/fr\/wp-json\/wp\/v2\/posts"}],"about":[{"href":"https:\/\/permakultur-landwirtschaft.org\/fr\/wp-json\/wp\/v2\/types\/post"}],"author":[{"embeddable":true,"href":"https:\/\/permakultur-landwirtschaft.org\/fr\/wp-json\/wp\/v2\/users\/2"}],"replies":[{"embeddable":true,"href":"https:\/\/permakultur-landwirtschaft.org\/fr\/wp-json\/wp\/v2\/comments?post=31514"}],"version-history":[{"count":1,"href":"https:\/\/permakultur-landwirtschaft.org\/fr\/wp-json\/wp\/v2\/posts\/31514\/revisions"}],"predecessor-version":[{"id":31516,"href":"https:\/\/permakultur-landwirtschaft.org\/fr\/wp-json\/wp\/v2\/posts\/31514\/revisions\/31516"}],"wp:featuredmedia":[{"embeddable":true,"href":"https:\/\/permakultur-landwirtschaft.org\/fr\/wp-json\/wp\/v2\/media\/31515"}],"wp:attachment":[{"href":"https:\/\/permakultur-landwirtschaft.org\/fr\/wp-json\/wp\/v2\/media?parent=31514"}],"wp:term":[{"taxonomy":"category","embeddable":true,"href":"https:\/\/permakultur-landwirtschaft.org\/fr\/wp-json\/wp\/v2\/categories?post=31514"},{"taxonomy":"post_tag","embeddable":true,"href":"https:\/\/permakultur-landwirtschaft.org\/fr\/wp-json\/wp\/v2\/tags?post=31514"}],"curies":[{"name":"wp","href":"https:\/\/api.w.org\/{rel}","templated":true}]}}