{"id":31415,"date":"2023-10-07T18:58:00","date_gmt":"2023-10-07T16:58:00","guid":{"rendered":"https:\/\/permakultur-landwirtschaft.org\/?p=31415"},"modified":"2023-10-10T08:34:28","modified_gmt":"2023-10-10T06:34:28","slug":"saatgut-atelier-permakultur-in-der-landwirtschaft-anlass-am-07-oktober-2023","status":"publish","type":"post","link":"https:\/\/permakultur-landwirtschaft.org\/fr\/saatgut-atelier-permakultur-in-der-landwirtschaft-anlass-am-07-oktober-2023\/","title":{"rendered":"Saatgut Atelier &#8211; Permakultur in der Landwirtschaft &#8211; Anlass am 07. Oktober 2023"},"content":{"rendered":"<p>Text von naturhofkiental.com:<\/p>\n\n\n\n<p>Auch dieses Jahr f\u00fchren wir wieder einen Event im Rahmen der <a href=\"https:\/\/agroecologyworks.ch\/de\/tage-der-agraroekologie\/2023\/events\" target=\"_blank\" rel=\"noreferrer noopener\">Tage der Agrar\u00f6kologie<\/a> durch. Gemeinsam entdecken wir den Naturhof. Wir machen eine F\u00fchrung duch die verschiedenen Bereiche des Hofes und tauchen mit einem Atelier in die Welt des Saatguts ein. Ausserdem lernst du an diesem Tag den Verein <a href=\"https:\/\/verein.permakultur-landwirtschaft.org\" target=\"_blank\" rel=\"noreferrer noopener\">Permakultur Landwirtschaft<\/a> und dessen Wirkungsbereiche kennenlernen.<\/p>\n\n\n\n<h3 class=\"wp-block-heading\">Inhalt Saatgutaltelier<\/h3>\n\n\n\n<p>An diesem Atelier widmen wir uns ganz dem Thema Saatgut im Wissensfeld der Permakultur und der Agrar\u00f6kologie. Saatgut ist zusammen mit dem Boden eine Grundlage zum Aufbau diverser Systeme. Schon mit wenigen Tricks k\u00f6nnen wir in unseren G\u00e4rten und auf unseren H\u00f6fen eigenes Saatgut sammeln, Sorten erhalten und Standortangepasste, robuste Pflanzen wieder auss\u00e4en. Mit dem Samenbau tauchen wir in die wunderbare F\u00fclle und Vielfalt&nbsp; der Natur ein.<\/p>\n\n\n\n<p>Das machen wir:<\/p>\n\n\n\n<ul class=\"wp-block-list\">\n<li>Rundgang durch unseren Samengarten.<\/li>\n\n\n\n<li>Botanische Grundlagen von Best\u00e4ubung, Verkreuzung, Kulturdauer und verschiedene Stadien der Pflanzen. <\/li>\n\n\n\n<li>Welche Bewegungen und Anl\u00e4sse gibt es in der Schweiz?<\/li>\n\n\n\n<li>Saatgut ernten, dreschen, reinigen, verpacken und fertiges Saatgut mit nach Hause nehmen.<\/li>\n\n\n\n<li>Erfahrungs- und Wissensaustausch<\/li>\n\n\n\n<li>Hast du Saatgut einer Sorte, die du gerne teilen m\u00f6chtest? Saatguttausch willkommen<\/li>\n<\/ul>\n\n\n\n<h3 class=\"wp-block-heading\">Date<\/h3>\n\n\n\n<p>Samstag, 7. Oktober 2023, 10:00 &#8211; 16:45<\/p>\n\n\n\n<h3 class=\"wp-block-heading\"><strong>Lieu<\/strong><\/h3>\n\n\n\n<p>Naturhof<br>Griesalpstrasse 94<br>3723 Kiental BE<\/p>\n\n\n\n<h3 class=\"wp-block-heading\">Mehr Infos<\/h3>\n\n\n\n<p><a href=\"https:\/\/www.naturhofkiental.com\/anlaesse\/event-one-x8zfn-24nyc-zsdmj-hndg3-k49pn\" target=\"_blank\" rel=\"noreferrer noopener\">Link zum Anlass beim Naturhof<\/a><\/p>\n\n\n\n<p><a href=\"https:\/\/agroecologyworks.ch\/de\/tage-der-agraroekologie\/2023\/events\/permakultur-landwirtschaft-saatgut-workshop\" target=\"_blank\" rel=\"noreferrer noopener\">Link zum Anlass bei agroecology works<\/a><\/p>\n\n\n\n<figure class=\"wp-block-image size-full\"><img fetchpriority=\"high\" decoding=\"async\" width=\"787\" height=\"236\" src=\"https:\/\/permakultur-landwirtschaft.org\/wp-content\/uploads\/2023\/08\/Logo_aeworks_long.jpg\" alt=\"\" class=\"wp-image-31430\" srcset=\"https:\/\/permakultur-landwirtschaft.org\/wp-content\/uploads\/2023\/08\/Logo_aeworks_long.jpg 787w, https:\/\/permakultur-landwirtschaft.org\/wp-content\/uploads\/2023\/08\/Logo_aeworks_long-300x90.jpg 300w, https:\/\/permakultur-landwirtschaft.org\/wp-content\/uploads\/2023\/08\/Logo_aeworks_long-768x230.jpg 768w\" sizes=\"(max-width: 787px) 100vw, 787px\" \/><figcaption class=\"wp-element-caption\">Bild: agroecologyworks.ch<\/figcaption><\/figure>\n\n\n\n<p><a href=\"https:\/\/agroecologyworks.ch\/de\/tage-der-agraroekologie\/2023\/events\" target=\"_blank\" rel=\"noreferrer noopener\">Link zu den Tagen der Agrar\u00f6kologie<\/a><\/p>","protected":false},"excerpt":{"rendered":"<p>Text von naturhofkiental.com: Auch dieses Jahr f\u00fchren wir wieder einen Event im Rahmen der Tage der Agrar\u00f6kologie durch. Gemeinsam entdecken wir den Naturhof. Wir machen eine F\u00fchrung duch die verschiedenen Bereiche des Hofes und tauchen mit einem Atelier in die Welt des Saatguts ein. Ausserdem lernst du an diesem Tag den Verein Permakultur Landwirtschaft und [&hellip;]<\/p>\n","protected":false},"author":2,"featured_media":31416,"comment_status":"closed","ping_status":"closed","sticky":false,"template":"","format":"standard","meta":{"_acf_changed":false,"site-sidebar-layout":"default","site-content-layout":"","ast-site-content-layout":"default","site-content-style":"default","site-sidebar-style":"default","ast-global-header-display":"","ast-banner-title-visibility":"","ast-main-header-display":"","ast-hfb-above-header-display":"","ast-hfb-below-header-display":"","ast-hfb-mobile-header-display":"","site-post-title":"","ast-breadcrumbs-content":"","ast-featured-img":"","footer-sml-layout":"","ast-disable-related-posts":"","theme-transparent-header-meta":"","adv-header-id-meta":"","stick-header-meta":"","header-above-stick-meta":"","header-main-stick-meta":"","header-below-stick-meta":"","astra-migrate-meta-layouts":"set","ast-page-background-enabled":"default","ast-page-background-meta":{"desktop":{"background-color":"var(--ast-global-color-4)","background-image":"","background-repeat":"repeat","background-position":"center center","background-size":"auto","background-attachment":"scroll","background-type":"","background-media":"","overlay-type":"","overlay-color":"","overlay-opacity":"","overlay-gradient":""},"tablet":{"background-color":"","background-image":"","background-repeat":"repeat","background-position":"center center","background-size":"auto","background-attachment":"scroll","background-type":"","background-media":"","overlay-type":"","overlay-color":"","overlay-opacity":"","overlay-gradient":""},"mobile":{"background-color":"","background-image":"","background-repeat":"repeat","background-position":"center center","background-size":"auto","background-attachment":"scroll","background-type":"","background-media":"","overlay-type":"","overlay-color":"","overlay-opacity":"","overlay-gradient":""}},"ast-content-background-meta":{"desktop":{"background-color":"var(--ast-global-color-5)","background-image":"","background-repeat":"repeat","background-position":"center center","background-size":"auto","background-attachment":"scroll","background-type":"","background-media":"","overlay-type":"","overlay-color":"","overlay-opacity":"","overlay-gradient":""},"tablet":{"background-color":"var(--ast-global-color-5)","background-image":"","background-repeat":"repeat","background-position":"center center","background-size":"auto","background-attachment":"scroll","background-type":"","background-media":"","overlay-type":"","overlay-color":"","overlay-opacity":"","overlay-gradient":""},"mobile":{"background-color":"var(--ast-global-color-5)","background-image":"","background-repeat":"repeat","background-position":"center center","background-size":"auto","background-attachment":"scroll","background-type":"","background-media":"","overlay-type":"","overlay-color":"","overlay-opacity":"","overlay-gradient":""}},"footnotes":""},"categories":[21],"tags":[36,38,85,17,86],"class_list":["post-31415","post","type-post","status-publish","format-standard","has-post-thumbnail","hentry","category-veranstaltungen_archiv","tag-kurs","tag-landwirtschaft","tag-naturhof","tag-permakultur","tag-saatgut"],"acf":[],"yoast_head":"<!-- This site is optimized with the Yoast SEO plugin v27.4 - https:\/\/yoast.com\/product\/yoast-seo-wordpress\/ -->\n<title>Saatgut Atelier - Permakultur in der Landwirtschaft - Anlass am 07. Oktober 2023 - Permakultur-Landwirtschaft<\/title>\n<meta name=\"robots\" content=\"index, follow, max-snippet:-1, max-image-preview:large, max-video-preview:-1\" \/>\n<link rel=\"canonical\" href=\"https:\/\/permakultur-landwirtschaft.org\/fr\/saatgut-atelier-permakultur-in-der-landwirtschaft-anlass-am-07-oktober-2023\/\" \/>\n<meta property=\"og:locale\" content=\"fr_FR\" \/>\n<meta property=\"og:type\" content=\"article\" \/>\n<meta property=\"og:title\" content=\"Saatgut Atelier - Permakultur in der Landwirtschaft - Anlass am 07. Oktober 2023 - Permakultur-Landwirtschaft\" \/>\n<meta property=\"og:description\" content=\"Text von naturhofkiental.com: Auch dieses Jahr f\u00fchren wir wieder einen Event im Rahmen der Tage der Agrar\u00f6kologie durch. Gemeinsam entdecken wir den Naturhof. Wir machen eine F\u00fchrung duch die verschiedenen Bereiche des Hofes und tauchen mit einem Atelier in die Welt des Saatguts ein. Ausserdem lernst du an diesem Tag den Verein Permakultur Landwirtschaft und [&hellip;]\" \/>\n<meta property=\"og:url\" content=\"https:\/\/permakultur-landwirtschaft.org\/fr\/saatgut-atelier-permakultur-in-der-landwirtschaft-anlass-am-07-oktober-2023\/\" \/>\n<meta property=\"og:site_name\" content=\"Permakultur-Landwirtschaft\" \/>\n<meta property=\"article:publisher\" content=\"https:\/\/www.facebook.com\/PermakulturLandwirtschaft\" \/>\n<meta property=\"article:published_time\" content=\"2023-10-07T16:58:00+00:00\" \/>\n<meta property=\"article:modified_time\" content=\"2023-10-10T06:34:28+00:00\" \/>\n<meta property=\"og:image\" content=\"https:\/\/permakultur-landwirtschaft.org\/wp-content\/uploads\/2023\/08\/naturhof_event_2023-08-15_09-15-46.jpg\" \/>\n\t<meta property=\"og:image:width\" content=\"700\" \/>\n\t<meta property=\"og:image:height\" content=\"447\" \/>\n\t<meta property=\"og:image:type\" content=\"image\/jpeg\" \/>\n<meta name=\"author\" content=\"adrian reutimann\" \/>\n<meta name=\"twitter:card\" content=\"summary_large_image\" \/>\n<meta name=\"twitter:label1\" content=\"\u00c9crit par\" \/>\n\t<meta name=\"twitter:data1\" content=\"adrian reutimann\" \/>\n\t<meta name=\"twitter:label2\" content=\"Dur\u00e9e de lecture estim\u00e9e\" \/>\n\t<meta name=\"twitter:data2\" content=\"2 minutes\" \/>\n<script type=\"application\/ld+json\" class=\"yoast-schema-graph\">{\"@context\":\"https:\\\/\\\/schema.org\",\"@graph\":[{\"@type\":\"Article\",\"@id\":\"https:\\\/\\\/permakultur-landwirtschaft.org\\\/saatgut-atelier-permakultur-in-der-landwirtschaft-anlass-am-07-oktober-2023\\\/#article\",\"isPartOf\":{\"@id\":\"https:\\\/\\\/permakultur-landwirtschaft.org\\\/saatgut-atelier-permakultur-in-der-landwirtschaft-anlass-am-07-oktober-2023\\\/\"},\"author\":{\"name\":\"adrian reutimann\",\"@id\":\"https:\\\/\\\/permakultur-landwirtschaft.org\\\/#\\\/schema\\\/person\\\/6b0467872f75aed3e144093f9bf4f0b0\"},\"headline\":\"Saatgut Atelier &#8211; Permakultur in der Landwirtschaft &#8211; Anlass am 07. Oktober 2023\",\"datePublished\":\"2023-10-07T16:58:00+00:00\",\"dateModified\":\"2023-10-10T06:34:28+00:00\",\"mainEntityOfPage\":{\"@id\":\"https:\\\/\\\/permakultur-landwirtschaft.org\\\/saatgut-atelier-permakultur-in-der-landwirtschaft-anlass-am-07-oktober-2023\\\/\"},\"wordCount\":237,\"publisher\":{\"@id\":\"https:\\\/\\\/permakultur-landwirtschaft.org\\\/#organization\"},\"image\":{\"@id\":\"https:\\\/\\\/permakultur-landwirtschaft.org\\\/saatgut-atelier-permakultur-in-der-landwirtschaft-anlass-am-07-oktober-2023\\\/#primaryimage\"},\"thumbnailUrl\":\"https:\\\/\\\/permakultur-landwirtschaft.org\\\/wp-content\\\/uploads\\\/2023\\\/08\\\/naturhof_event_2023-08-15_09-15-46.jpg\",\"keywords\":[\"Kurs\",\"Landwirtschaft\",\"Naturhof\",\"Permakultur\",\"Saatgut\"],\"articleSection\":[\"Veranstaltungen_Archiv\"],\"inLanguage\":\"fr-FR\"},{\"@type\":\"WebPage\",\"@id\":\"https:\\\/\\\/permakultur-landwirtschaft.org\\\/saatgut-atelier-permakultur-in-der-landwirtschaft-anlass-am-07-oktober-2023\\\/\",\"url\":\"https:\\\/\\\/permakultur-landwirtschaft.org\\\/saatgut-atelier-permakultur-in-der-landwirtschaft-anlass-am-07-oktober-2023\\\/\",\"name\":\"Saatgut Atelier - Permakultur in der Landwirtschaft - Anlass am 07. Oktober 2023 - Permakultur-Landwirtschaft\",\"isPartOf\":{\"@id\":\"https:\\\/\\\/permakultur-landwirtschaft.org\\\/#website\"},\"primaryImageOfPage\":{\"@id\":\"https:\\\/\\\/permakultur-landwirtschaft.org\\\/saatgut-atelier-permakultur-in-der-landwirtschaft-anlass-am-07-oktober-2023\\\/#primaryimage\"},\"image\":{\"@id\":\"https:\\\/\\\/permakultur-landwirtschaft.org\\\/saatgut-atelier-permakultur-in-der-landwirtschaft-anlass-am-07-oktober-2023\\\/#primaryimage\"},\"thumbnailUrl\":\"https:\\\/\\\/permakultur-landwirtschaft.org\\\/wp-content\\\/uploads\\\/2023\\\/08\\\/naturhof_event_2023-08-15_09-15-46.jpg\",\"datePublished\":\"2023-10-07T16:58:00+00:00\",\"dateModified\":\"2023-10-10T06:34:28+00:00\",\"breadcrumb\":{\"@id\":\"https:\\\/\\\/permakultur-landwirtschaft.org\\\/saatgut-atelier-permakultur-in-der-landwirtschaft-anlass-am-07-oktober-2023\\\/#breadcrumb\"},\"inLanguage\":\"fr-FR\",\"potentialAction\":[{\"@type\":\"ReadAction\",\"target\":[\"https:\\\/\\\/permakultur-landwirtschaft.org\\\/saatgut-atelier-permakultur-in-der-landwirtschaft-anlass-am-07-oktober-2023\\\/\"]}]},{\"@type\":\"ImageObject\",\"inLanguage\":\"fr-FR\",\"@id\":\"https:\\\/\\\/permakultur-landwirtschaft.org\\\/saatgut-atelier-permakultur-in-der-landwirtschaft-anlass-am-07-oktober-2023\\\/#primaryimage\",\"url\":\"https:\\\/\\\/permakultur-landwirtschaft.org\\\/wp-content\\\/uploads\\\/2023\\\/08\\\/naturhof_event_2023-08-15_09-15-46.jpg\",\"contentUrl\":\"https:\\\/\\\/permakultur-landwirtschaft.org\\\/wp-content\\\/uploads\\\/2023\\\/08\\\/naturhof_event_2023-08-15_09-15-46.jpg\",\"width\":700,\"height\":447,\"caption\":\"Bild: naturhofkiental.com\"},{\"@type\":\"BreadcrumbList\",\"@id\":\"https:\\\/\\\/permakultur-landwirtschaft.org\\\/saatgut-atelier-permakultur-in-der-landwirtschaft-anlass-am-07-oktober-2023\\\/#breadcrumb\",\"itemListElement\":[{\"@type\":\"ListItem\",\"position\":1,\"name\":\"Startseite\",\"item\":\"https:\\\/\\\/permakultur-landwirtschaft.org\\\/\"},{\"@type\":\"ListItem\",\"position\":2,\"name\":\"Saatgut Atelier &#8211; Permakultur in der Landwirtschaft &#8211; Anlass am 07. Oktober 2023\"}]},{\"@type\":\"WebSite\",\"@id\":\"https:\\\/\\\/permakultur-landwirtschaft.org\\\/#website\",\"url\":\"https:\\\/\\\/permakultur-landwirtschaft.org\\\/\",\"name\":\"Permakultur-Landwirtschaft\",\"description\":\"F\u00f6rderung der Permakultur in der Landwirtschaft\",\"publisher\":{\"@id\":\"https:\\\/\\\/permakultur-landwirtschaft.org\\\/#organization\"},\"potentialAction\":[{\"@type\":\"SearchAction\",\"target\":{\"@type\":\"EntryPoint\",\"urlTemplate\":\"https:\\\/\\\/permakultur-landwirtschaft.org\\\/?s={search_term_string}\"},\"query-input\":{\"@type\":\"PropertyValueSpecification\",\"valueRequired\":true,\"valueName\":\"search_term_string\"}}],\"inLanguage\":\"fr-FR\"},{\"@type\":\"Organization\",\"@id\":\"https:\\\/\\\/permakultur-landwirtschaft.org\\\/#organization\",\"name\":\"Permakultur-Landwirtschaft\",\"alternateName\":\"Verein Permakultur-Landwirtschaft\",\"url\":\"https:\\\/\\\/permakultur-landwirtschaft.org\\\/\",\"logo\":{\"@type\":\"ImageObject\",\"inLanguage\":\"fr-FR\",\"@id\":\"https:\\\/\\\/permakultur-landwirtschaft.org\\\/#\\\/schema\\\/logo\\\/image\\\/\",\"url\":\"https:\\\/\\\/permakultur-landwirtschaft.org\\\/wp-content\\\/uploads\\\/2021\\\/11\\\/pela_1268x1269.png\",\"contentUrl\":\"https:\\\/\\\/permakultur-landwirtschaft.org\\\/wp-content\\\/uploads\\\/2021\\\/11\\\/pela_1268x1269.png\",\"width\":1298,\"height\":1269,\"caption\":\"Permakultur-Landwirtschaft\"},\"image\":{\"@id\":\"https:\\\/\\\/permakultur-landwirtschaft.org\\\/#\\\/schema\\\/logo\\\/image\\\/\"},\"sameAs\":[\"https:\\\/\\\/www.facebook.com\\\/PermakulturLandwirtschaft\",\"https:\\\/\\\/www.instagram.com\\\/permakultur_landwirtschaft\\\/\",\"https:\\\/\\\/www.flickr.com\\\/photos\\\/permakultur-landwirtschaft\",\"https:\\\/\\\/www.youtube.com\\\/@PermakulturLandwirtschaft\"]},{\"@type\":\"Person\",\"@id\":\"https:\\\/\\\/permakultur-landwirtschaft.org\\\/#\\\/schema\\\/person\\\/6b0467872f75aed3e144093f9bf4f0b0\",\"name\":\"adrian reutimann\",\"url\":\"https:\\\/\\\/permakultur-landwirtschaft.org\\\/fr\\\/author\\\/reutiadr\\\/\"}]}<\/script>\n<!-- \/ Yoast SEO plugin. -->","yoast_head_json":{"title":"Saatgut Atelier - Permakultur in der Landwirtschaft - Anlass am 07. Oktober 2023 - Permakultur-Landwirtschaft","robots":{"index":"index","follow":"follow","max-snippet":"max-snippet:-1","max-image-preview":"max-image-preview:large","max-video-preview":"max-video-preview:-1"},"canonical":"https:\/\/permakultur-landwirtschaft.org\/fr\/saatgut-atelier-permakultur-in-der-landwirtschaft-anlass-am-07-oktober-2023\/","og_locale":"fr_FR","og_type":"article","og_title":"Saatgut Atelier - Permakultur in der Landwirtschaft - Anlass am 07. Oktober 2023 - Permakultur-Landwirtschaft","og_description":"Text von naturhofkiental.com: Auch dieses Jahr f\u00fchren wir wieder einen Event im Rahmen der Tage der Agrar\u00f6kologie durch. Gemeinsam entdecken wir den Naturhof. Wir machen eine F\u00fchrung duch die verschiedenen Bereiche des Hofes und tauchen mit einem Atelier in die Welt des Saatguts ein. Ausserdem lernst du an diesem Tag den Verein Permakultur Landwirtschaft und [&hellip;]","og_url":"https:\/\/permakultur-landwirtschaft.org\/fr\/saatgut-atelier-permakultur-in-der-landwirtschaft-anlass-am-07-oktober-2023\/","og_site_name":"Permakultur-Landwirtschaft","article_publisher":"https:\/\/www.facebook.com\/PermakulturLandwirtschaft","article_published_time":"2023-10-07T16:58:00+00:00","article_modified_time":"2023-10-10T06:34:28+00:00","og_image":[{"width":700,"height":447,"url":"https:\/\/permakultur-landwirtschaft.org\/wp-content\/uploads\/2023\/08\/naturhof_event_2023-08-15_09-15-46.jpg","type":"image\/jpeg"}],"author":"adrian reutimann","twitter_card":"summary_large_image","twitter_misc":{"\u00c9crit par":"adrian reutimann","Dur\u00e9e de lecture estim\u00e9e":"2 minutes"},"schema":{"@context":"https:\/\/schema.org","@graph":[{"@type":"Article","@id":"https:\/\/permakultur-landwirtschaft.org\/saatgut-atelier-permakultur-in-der-landwirtschaft-anlass-am-07-oktober-2023\/#article","isPartOf":{"@id":"https:\/\/permakultur-landwirtschaft.org\/saatgut-atelier-permakultur-in-der-landwirtschaft-anlass-am-07-oktober-2023\/"},"author":{"name":"adrian reutimann","@id":"https:\/\/permakultur-landwirtschaft.org\/#\/schema\/person\/6b0467872f75aed3e144093f9bf4f0b0"},"headline":"Saatgut Atelier &#8211; Permakultur in der Landwirtschaft &#8211; Anlass am 07. Oktober 2023","datePublished":"2023-10-07T16:58:00+00:00","dateModified":"2023-10-10T06:34:28+00:00","mainEntityOfPage":{"@id":"https:\/\/permakultur-landwirtschaft.org\/saatgut-atelier-permakultur-in-der-landwirtschaft-anlass-am-07-oktober-2023\/"},"wordCount":237,"publisher":{"@id":"https:\/\/permakultur-landwirtschaft.org\/#organization"},"image":{"@id":"https:\/\/permakultur-landwirtschaft.org\/saatgut-atelier-permakultur-in-der-landwirtschaft-anlass-am-07-oktober-2023\/#primaryimage"},"thumbnailUrl":"https:\/\/permakultur-landwirtschaft.org\/wp-content\/uploads\/2023\/08\/naturhof_event_2023-08-15_09-15-46.jpg","keywords":["Kurs","Landwirtschaft","Naturhof","Permakultur","Saatgut"],"articleSection":["Veranstaltungen_Archiv"],"inLanguage":"fr-FR"},{"@type":"WebPage","@id":"https:\/\/permakultur-landwirtschaft.org\/saatgut-atelier-permakultur-in-der-landwirtschaft-anlass-am-07-oktober-2023\/","url":"https:\/\/permakultur-landwirtschaft.org\/saatgut-atelier-permakultur-in-der-landwirtschaft-anlass-am-07-oktober-2023\/","name":"Saatgut Atelier - Permakultur in der Landwirtschaft - Anlass am 07. Oktober 2023 - Permakultur-Landwirtschaft","isPartOf":{"@id":"https:\/\/permakultur-landwirtschaft.org\/#website"},"primaryImageOfPage":{"@id":"https:\/\/permakultur-landwirtschaft.org\/saatgut-atelier-permakultur-in-der-landwirtschaft-anlass-am-07-oktober-2023\/#primaryimage"},"image":{"@id":"https:\/\/permakultur-landwirtschaft.org\/saatgut-atelier-permakultur-in-der-landwirtschaft-anlass-am-07-oktober-2023\/#primaryimage"},"thumbnailUrl":"https:\/\/permakultur-landwirtschaft.org\/wp-content\/uploads\/2023\/08\/naturhof_event_2023-08-15_09-15-46.jpg","datePublished":"2023-10-07T16:58:00+00:00","dateModified":"2023-10-10T06:34:28+00:00","breadcrumb":{"@id":"https:\/\/permakultur-landwirtschaft.org\/saatgut-atelier-permakultur-in-der-landwirtschaft-anlass-am-07-oktober-2023\/#breadcrumb"},"inLanguage":"fr-FR","potentialAction":[{"@type":"ReadAction","target":["https:\/\/permakultur-landwirtschaft.org\/saatgut-atelier-permakultur-in-der-landwirtschaft-anlass-am-07-oktober-2023\/"]}]},{"@type":"ImageObject","inLanguage":"fr-FR","@id":"https:\/\/permakultur-landwirtschaft.org\/saatgut-atelier-permakultur-in-der-landwirtschaft-anlass-am-07-oktober-2023\/#primaryimage","url":"https:\/\/permakultur-landwirtschaft.org\/wp-content\/uploads\/2023\/08\/naturhof_event_2023-08-15_09-15-46.jpg","contentUrl":"https:\/\/permakultur-landwirtschaft.org\/wp-content\/uploads\/2023\/08\/naturhof_event_2023-08-15_09-15-46.jpg","width":700,"height":447,"caption":"Bild: naturhofkiental.com"},{"@type":"BreadcrumbList","@id":"https:\/\/permakultur-landwirtschaft.org\/saatgut-atelier-permakultur-in-der-landwirtschaft-anlass-am-07-oktober-2023\/#breadcrumb","itemListElement":[{"@type":"ListItem","position":1,"name":"Startseite","item":"https:\/\/permakultur-landwirtschaft.org\/"},{"@type":"ListItem","position":2,"name":"Saatgut Atelier &#8211; Permakultur in der Landwirtschaft &#8211; Anlass am 07. Oktober 2023"}]},{"@type":"WebSite","@id":"https:\/\/permakultur-landwirtschaft.org\/#website","url":"https:\/\/permakultur-landwirtschaft.org\/","name":"Permakultur-Landwirtschaft","description":"F\u00f6rderung der Permakultur in der Landwirtschaft","publisher":{"@id":"https:\/\/permakultur-landwirtschaft.org\/#organization"},"potentialAction":[{"@type":"SearchAction","target":{"@type":"EntryPoint","urlTemplate":"https:\/\/permakultur-landwirtschaft.org\/?s={search_term_string}"},"query-input":{"@type":"PropertyValueSpecification","valueRequired":true,"valueName":"search_term_string"}}],"inLanguage":"fr-FR"},{"@type":"Organization","@id":"https:\/\/permakultur-landwirtschaft.org\/#organization","name":"Permakultur-Landwirtschaft","alternateName":"Verein Permakultur-Landwirtschaft","url":"https:\/\/permakultur-landwirtschaft.org\/","logo":{"@type":"ImageObject","inLanguage":"fr-FR","@id":"https:\/\/permakultur-landwirtschaft.org\/#\/schema\/logo\/image\/","url":"https:\/\/permakultur-landwirtschaft.org\/wp-content\/uploads\/2021\/11\/pela_1268x1269.png","contentUrl":"https:\/\/permakultur-landwirtschaft.org\/wp-content\/uploads\/2021\/11\/pela_1268x1269.png","width":1298,"height":1269,"caption":"Permakultur-Landwirtschaft"},"image":{"@id":"https:\/\/permakultur-landwirtschaft.org\/#\/schema\/logo\/image\/"},"sameAs":["https:\/\/www.facebook.com\/PermakulturLandwirtschaft","https:\/\/www.instagram.com\/permakultur_landwirtschaft\/","https:\/\/www.flickr.com\/photos\/permakultur-landwirtschaft","https:\/\/www.youtube.com\/@PermakulturLandwirtschaft"]},{"@type":"Person","@id":"https:\/\/permakultur-landwirtschaft.org\/#\/schema\/person\/6b0467872f75aed3e144093f9bf4f0b0","name":"adrian reutimann","url":"https:\/\/permakultur-landwirtschaft.org\/fr\/author\/reutiadr\/"}]}},"_links":{"self":[{"href":"https:\/\/permakultur-landwirtschaft.org\/fr\/wp-json\/wp\/v2\/posts\/31415","targetHints":{"allow":["GET"]}}],"collection":[{"href":"https:\/\/permakultur-landwirtschaft.org\/fr\/wp-json\/wp\/v2\/posts"}],"about":[{"href":"https:\/\/permakultur-landwirtschaft.org\/fr\/wp-json\/wp\/v2\/types\/post"}],"author":[{"embeddable":true,"href":"https:\/\/permakultur-landwirtschaft.org\/fr\/wp-json\/wp\/v2\/users\/2"}],"replies":[{"embeddable":true,"href":"https:\/\/permakultur-landwirtschaft.org\/fr\/wp-json\/wp\/v2\/comments?post=31415"}],"version-history":[{"count":5,"href":"https:\/\/permakultur-landwirtschaft.org\/fr\/wp-json\/wp\/v2\/posts\/31415\/revisions"}],"predecessor-version":[{"id":31431,"href":"https:\/\/permakultur-landwirtschaft.org\/fr\/wp-json\/wp\/v2\/posts\/31415\/revisions\/31431"}],"wp:featuredmedia":[{"embeddable":true,"href":"https:\/\/permakultur-landwirtschaft.org\/fr\/wp-json\/wp\/v2\/media\/31416"}],"wp:attachment":[{"href":"https:\/\/permakultur-landwirtschaft.org\/fr\/wp-json\/wp\/v2\/media?parent=31415"}],"wp:term":[{"taxonomy":"category","embeddable":true,"href":"https:\/\/permakultur-landwirtschaft.org\/fr\/wp-json\/wp\/v2\/categories?post=31415"},{"taxonomy":"post_tag","embeddable":true,"href":"https:\/\/permakultur-landwirtschaft.org\/fr\/wp-json\/wp\/v2\/tags?post=31415"}],"curies":[{"name":"wp","href":"https:\/\/api.w.org\/{rel}","templated":true}]}}