{"id":31372,"date":"2023-10-07T19:00:00","date_gmt":"2023-10-07T17:00:00","guid":{"rendered":"https:\/\/permakultur-landwirtschaft.org\/?p=31372"},"modified":"2023-10-10T08:33:49","modified_gmt":"2023-10-10T06:33:49","slug":"einfuehrung-zu-permakultur-in-der-landwirtschaft-webinar-vom-07-oktober-2023","status":"publish","type":"post","link":"https:\/\/permakultur-landwirtschaft.org\/fr\/einfuehrung-zu-permakultur-in-der-landwirtschaft-webinar-vom-07-oktober-2023\/","title":{"rendered":"Einf\u00fchrung zu Permakultur in der Landwirtschaft &#8211; Webinar vom 07. Oktober 2023"},"content":{"rendered":"<p>Text von agroecologyworks.ch:<\/p>\n\n\n\n<p>Wie kann die Permakultur in der Schweizer Landwirtschaft integriert werden? Bei diesem Webinar soll jede teilnehmende Person etwas Klarheit gewinnen. Die verschiedenen aus der Natur gesch\u00f6pften Abl\u00e4ufe (Grundprinzipien, studiert und beschrieben von den Begr\u00fcndern Bill Mollison und David Holmgren) werden aus dem Blickwinkel einer Landwirtin mit langj\u00e4hriger Berufserfahrung vorgestellt. Dazu gibt es praxisnahe Beispiele. Die Angehensweise zur Betriebsplanung nach Richard Perkins (Guide to Making Small Farms Work) wird eingeflochten. Dank diesem Einblick erkennen Sie f\u00fcr Ihren Hof samt Familie hoffentlich neue Chancen! Weiterf\u00fchrender Workshop \u00fcber 2 Tage wird gegen Anmeldung organisiert.<\/p>\n\n\n\n<p><a href=\"https:\/\/agroecologyworks.ch\/de\/tage-der-agraroekologie\/2023\/events\/permakultur-in-der-landwirtschaft-einfuehrung\" target=\"_blank\" rel=\"noreferrer noopener\">Link zur Veranstaltung<\/a><\/p>","protected":false},"excerpt":{"rendered":"<p>Text von agroecologyworks.ch: Wie kann die Permakultur in der Schweizer Landwirtschaft integriert werden? Bei diesem Webinar soll jede teilnehmende Person etwas Klarheit gewinnen. Die verschiedenen aus der Natur gesch\u00f6pften Abl\u00e4ufe (Grundprinzipien, studiert und beschrieben von den Begr\u00fcndern Bill Mollison und David Holmgren) werden aus dem Blickwinkel einer Landwirtin mit langj\u00e4hriger Berufserfahrung vorgestellt. Dazu gibt es [&hellip;]<\/p>\n","protected":false},"author":2,"featured_media":25216,"comment_status":"closed","ping_status":"closed","sticky":false,"template":"","format":"standard","meta":{"_acf_changed":false,"site-sidebar-layout":"default","site-content-layout":"","ast-site-content-layout":"default","site-content-style":"default","site-sidebar-style":"default","ast-global-header-display":"","ast-banner-title-visibility":"","ast-main-header-display":"","ast-hfb-above-header-display":"","ast-hfb-below-header-display":"","ast-hfb-mobile-header-display":"","site-post-title":"","ast-breadcrumbs-content":"","ast-featured-img":"","footer-sml-layout":"","ast-disable-related-posts":"","theme-transparent-header-meta":"","adv-header-id-meta":"","stick-header-meta":"","header-above-stick-meta":"","header-main-stick-meta":"","header-below-stick-meta":"","astra-migrate-meta-layouts":"set","ast-page-background-enabled":"default","ast-page-background-meta":{"desktop":{"background-color":"var(--ast-global-color-4)","background-image":"","background-repeat":"repeat","background-position":"center center","background-size":"auto","background-attachment":"scroll","background-type":"","background-media":"","overlay-type":"","overlay-color":"","overlay-opacity":"","overlay-gradient":""},"tablet":{"background-color":"","background-image":"","background-repeat":"repeat","background-position":"center center","background-size":"auto","background-attachment":"scroll","background-type":"","background-media":"","overlay-type":"","overlay-color":"","overlay-opacity":"","overlay-gradient":""},"mobile":{"background-color":"","background-image":"","background-repeat":"repeat","background-position":"center center","background-size":"auto","background-attachment":"scroll","background-type":"","background-media":"","overlay-type":"","overlay-color":"","overlay-opacity":"","overlay-gradient":""}},"ast-content-background-meta":{"desktop":{"background-color":"var(--ast-global-color-5)","background-image":"","background-repeat":"repeat","background-position":"center center","background-size":"auto","background-attachment":"scroll","background-type":"","background-media":"","overlay-type":"","overlay-color":"","overlay-opacity":"","overlay-gradient":""},"tablet":{"background-color":"var(--ast-global-color-5)","background-image":"","background-repeat":"repeat","background-position":"center center","background-size":"auto","background-attachment":"scroll","background-type":"","background-media":"","overlay-type":"","overlay-color":"","overlay-opacity":"","overlay-gradient":""},"mobile":{"background-color":"var(--ast-global-color-5)","background-image":"","background-repeat":"repeat","background-position":"center center","background-size":"auto","background-attachment":"scroll","background-type":"","background-media":"","overlay-type":"","overlay-color":"","overlay-opacity":"","overlay-gradient":""}},"footnotes":""},"categories":[21],"tags":[84,38,83,17,82],"class_list":["post-31372","post","type-post","status-publish","format-standard","has-post-thumbnail","hentry","category-veranstaltungen_archiv","tag-einfuehrung","tag-landwirtschaft","tag-online","tag-permakultur","tag-webinar"],"acf":[],"yoast_head":"<!-- This site is optimized with the Yoast SEO plugin v27.4 - https:\/\/yoast.com\/product\/yoast-seo-wordpress\/ -->\n<title>Einf\u00fchrung zu Permakultur in der Landwirtschaft - Webinar vom 07. Oktober 2023 - Permakultur-Landwirtschaft<\/title>\n<meta name=\"robots\" content=\"index, follow, max-snippet:-1, max-image-preview:large, max-video-preview:-1\" \/>\n<link rel=\"canonical\" href=\"https:\/\/permakultur-landwirtschaft.org\/fr\/einfuehrung-zu-permakultur-in-der-landwirtschaft-webinar-vom-07-oktober-2023\/\" \/>\n<meta property=\"og:locale\" content=\"fr_FR\" \/>\n<meta property=\"og:type\" content=\"article\" \/>\n<meta property=\"og:title\" content=\"Einf\u00fchrung zu Permakultur in der Landwirtschaft - Webinar vom 07. Oktober 2023 - Permakultur-Landwirtschaft\" \/>\n<meta property=\"og:description\" content=\"Text von agroecologyworks.ch: Wie kann die Permakultur in der Schweizer Landwirtschaft integriert werden? Bei diesem Webinar soll jede teilnehmende Person etwas Klarheit gewinnen. Die verschiedenen aus der Natur gesch\u00f6pften Abl\u00e4ufe (Grundprinzipien, studiert und beschrieben von den Begr\u00fcndern Bill Mollison und David Holmgren) werden aus dem Blickwinkel einer Landwirtin mit langj\u00e4hriger Berufserfahrung vorgestellt. Dazu gibt es [&hellip;]\" \/>\n<meta property=\"og:url\" content=\"https:\/\/permakultur-landwirtschaft.org\/fr\/einfuehrung-zu-permakultur-in-der-landwirtschaft-webinar-vom-07-oktober-2023\/\" \/>\n<meta property=\"og:site_name\" content=\"Permakultur-Landwirtschaft\" \/>\n<meta property=\"article:publisher\" content=\"https:\/\/www.facebook.com\/PermakulturLandwirtschaft\" \/>\n<meta property=\"article:published_time\" content=\"2023-10-07T17:00:00+00:00\" \/>\n<meta property=\"article:modified_time\" content=\"2023-10-10T06:33:49+00:00\" \/>\n<meta property=\"og:image\" content=\"https:\/\/permakultur-landwirtschaft.org\/wp-content\/uploads\/2022\/09\/pk_lw_fatti_a_mano_pexels-tobi-537053.jpg\" \/>\n\t<meta property=\"og:image:width\" content=\"231\" \/>\n\t<meta property=\"og:image:height\" content=\"289\" \/>\n\t<meta property=\"og:image:type\" content=\"image\/jpeg\" \/>\n<meta name=\"author\" content=\"adrian reutimann\" \/>\n<meta name=\"twitter:card\" content=\"summary_large_image\" \/>\n<meta name=\"twitter:label1\" content=\"\u00c9crit par\" \/>\n\t<meta name=\"twitter:data1\" content=\"adrian reutimann\" \/>\n\t<meta name=\"twitter:label2\" content=\"Dur\u00e9e de lecture estim\u00e9e\" \/>\n\t<meta name=\"twitter:data2\" content=\"1 minute\" \/>\n<script type=\"application\/ld+json\" class=\"yoast-schema-graph\">{\"@context\":\"https:\\\/\\\/schema.org\",\"@graph\":[{\"@type\":\"Article\",\"@id\":\"https:\\\/\\\/permakultur-landwirtschaft.org\\\/einfuehrung-zu-permakultur-in-der-landwirtschaft-webinar-vom-07-oktober-2023\\\/#article\",\"isPartOf\":{\"@id\":\"https:\\\/\\\/permakultur-landwirtschaft.org\\\/einfuehrung-zu-permakultur-in-der-landwirtschaft-webinar-vom-07-oktober-2023\\\/\"},\"author\":{\"name\":\"adrian reutimann\",\"@id\":\"https:\\\/\\\/permakultur-landwirtschaft.org\\\/#\\\/schema\\\/person\\\/6b0467872f75aed3e144093f9bf4f0b0\"},\"headline\":\"Einf\u00fchrung zu Permakultur in der Landwirtschaft &#8211; Webinar vom 07. Oktober 2023\",\"datePublished\":\"2023-10-07T17:00:00+00:00\",\"dateModified\":\"2023-10-10T06:33:49+00:00\",\"mainEntityOfPage\":{\"@id\":\"https:\\\/\\\/permakultur-landwirtschaft.org\\\/einfuehrung-zu-permakultur-in-der-landwirtschaft-webinar-vom-07-oktober-2023\\\/\"},\"wordCount\":114,\"publisher\":{\"@id\":\"https:\\\/\\\/permakultur-landwirtschaft.org\\\/#organization\"},\"image\":{\"@id\":\"https:\\\/\\\/permakultur-landwirtschaft.org\\\/einfuehrung-zu-permakultur-in-der-landwirtschaft-webinar-vom-07-oktober-2023\\\/#primaryimage\"},\"thumbnailUrl\":\"https:\\\/\\\/permakultur-landwirtschaft.org\\\/wp-content\\\/uploads\\\/2022\\\/09\\\/pk_lw_fatti_a_mano_pexels-tobi-537053.jpg\",\"keywords\":[\"Einf\u00fchrung\",\"Landwirtschaft\",\"online\",\"Permakultur\",\"Webinar\"],\"articleSection\":[\"Veranstaltungen_Archiv\"],\"inLanguage\":\"fr-FR\"},{\"@type\":\"WebPage\",\"@id\":\"https:\\\/\\\/permakultur-landwirtschaft.org\\\/einfuehrung-zu-permakultur-in-der-landwirtschaft-webinar-vom-07-oktober-2023\\\/\",\"url\":\"https:\\\/\\\/permakultur-landwirtschaft.org\\\/einfuehrung-zu-permakultur-in-der-landwirtschaft-webinar-vom-07-oktober-2023\\\/\",\"name\":\"Einf\u00fchrung zu Permakultur in der Landwirtschaft - Webinar vom 07. Oktober 2023 - Permakultur-Landwirtschaft\",\"isPartOf\":{\"@id\":\"https:\\\/\\\/permakultur-landwirtschaft.org\\\/#website\"},\"primaryImageOfPage\":{\"@id\":\"https:\\\/\\\/permakultur-landwirtschaft.org\\\/einfuehrung-zu-permakultur-in-der-landwirtschaft-webinar-vom-07-oktober-2023\\\/#primaryimage\"},\"image\":{\"@id\":\"https:\\\/\\\/permakultur-landwirtschaft.org\\\/einfuehrung-zu-permakultur-in-der-landwirtschaft-webinar-vom-07-oktober-2023\\\/#primaryimage\"},\"thumbnailUrl\":\"https:\\\/\\\/permakultur-landwirtschaft.org\\\/wp-content\\\/uploads\\\/2022\\\/09\\\/pk_lw_fatti_a_mano_pexels-tobi-537053.jpg\",\"datePublished\":\"2023-10-07T17:00:00+00:00\",\"dateModified\":\"2023-10-10T06:33:49+00:00\",\"breadcrumb\":{\"@id\":\"https:\\\/\\\/permakultur-landwirtschaft.org\\\/einfuehrung-zu-permakultur-in-der-landwirtschaft-webinar-vom-07-oktober-2023\\\/#breadcrumb\"},\"inLanguage\":\"fr-FR\",\"potentialAction\":[{\"@type\":\"ReadAction\",\"target\":[\"https:\\\/\\\/permakultur-landwirtschaft.org\\\/einfuehrung-zu-permakultur-in-der-landwirtschaft-webinar-vom-07-oktober-2023\\\/\"]}]},{\"@type\":\"ImageObject\",\"inLanguage\":\"fr-FR\",\"@id\":\"https:\\\/\\\/permakultur-landwirtschaft.org\\\/einfuehrung-zu-permakultur-in-der-landwirtschaft-webinar-vom-07-oktober-2023\\\/#primaryimage\",\"url\":\"https:\\\/\\\/permakultur-landwirtschaft.org\\\/wp-content\\\/uploads\\\/2022\\\/09\\\/pk_lw_fatti_a_mano_pexels-tobi-537053.jpg\",\"contentUrl\":\"https:\\\/\\\/permakultur-landwirtschaft.org\\\/wp-content\\\/uploads\\\/2022\\\/09\\\/pk_lw_fatti_a_mano_pexels-tobi-537053.jpg\",\"width\":231,\"height\":289,\"caption\":\"Bild: fattiamanoparadis.ch\"},{\"@type\":\"BreadcrumbList\",\"@id\":\"https:\\\/\\\/permakultur-landwirtschaft.org\\\/einfuehrung-zu-permakultur-in-der-landwirtschaft-webinar-vom-07-oktober-2023\\\/#breadcrumb\",\"itemListElement\":[{\"@type\":\"ListItem\",\"position\":1,\"name\":\"Startseite\",\"item\":\"https:\\\/\\\/permakultur-landwirtschaft.org\\\/\"},{\"@type\":\"ListItem\",\"position\":2,\"name\":\"Einf\u00fchrung zu Permakultur in der Landwirtschaft &#8211; Webinar vom 07. Oktober 2023\"}]},{\"@type\":\"WebSite\",\"@id\":\"https:\\\/\\\/permakultur-landwirtschaft.org\\\/#website\",\"url\":\"https:\\\/\\\/permakultur-landwirtschaft.org\\\/\",\"name\":\"Permakultur-Landwirtschaft\",\"description\":\"F\u00f6rderung der Permakultur in der Landwirtschaft\",\"publisher\":{\"@id\":\"https:\\\/\\\/permakultur-landwirtschaft.org\\\/#organization\"},\"potentialAction\":[{\"@type\":\"SearchAction\",\"target\":{\"@type\":\"EntryPoint\",\"urlTemplate\":\"https:\\\/\\\/permakultur-landwirtschaft.org\\\/?s={search_term_string}\"},\"query-input\":{\"@type\":\"PropertyValueSpecification\",\"valueRequired\":true,\"valueName\":\"search_term_string\"}}],\"inLanguage\":\"fr-FR\"},{\"@type\":\"Organization\",\"@id\":\"https:\\\/\\\/permakultur-landwirtschaft.org\\\/#organization\",\"name\":\"Permakultur-Landwirtschaft\",\"alternateName\":\"Verein Permakultur-Landwirtschaft\",\"url\":\"https:\\\/\\\/permakultur-landwirtschaft.org\\\/\",\"logo\":{\"@type\":\"ImageObject\",\"inLanguage\":\"fr-FR\",\"@id\":\"https:\\\/\\\/permakultur-landwirtschaft.org\\\/#\\\/schema\\\/logo\\\/image\\\/\",\"url\":\"https:\\\/\\\/permakultur-landwirtschaft.org\\\/wp-content\\\/uploads\\\/2021\\\/11\\\/pela_1268x1269.png\",\"contentUrl\":\"https:\\\/\\\/permakultur-landwirtschaft.org\\\/wp-content\\\/uploads\\\/2021\\\/11\\\/pela_1268x1269.png\",\"width\":1298,\"height\":1269,\"caption\":\"Permakultur-Landwirtschaft\"},\"image\":{\"@id\":\"https:\\\/\\\/permakultur-landwirtschaft.org\\\/#\\\/schema\\\/logo\\\/image\\\/\"},\"sameAs\":[\"https:\\\/\\\/www.facebook.com\\\/PermakulturLandwirtschaft\",\"https:\\\/\\\/www.instagram.com\\\/permakultur_landwirtschaft\\\/\",\"https:\\\/\\\/www.flickr.com\\\/photos\\\/permakultur-landwirtschaft\",\"https:\\\/\\\/www.youtube.com\\\/@PermakulturLandwirtschaft\"]},{\"@type\":\"Person\",\"@id\":\"https:\\\/\\\/permakultur-landwirtschaft.org\\\/#\\\/schema\\\/person\\\/6b0467872f75aed3e144093f9bf4f0b0\",\"name\":\"adrian reutimann\",\"url\":\"https:\\\/\\\/permakultur-landwirtschaft.org\\\/fr\\\/author\\\/reutiadr\\\/\"}]}<\/script>\n<!-- \/ Yoast SEO plugin. -->","yoast_head_json":{"title":"Einf\u00fchrung zu Permakultur in der Landwirtschaft - Webinar vom 07. Oktober 2023 - Permakultur-Landwirtschaft","robots":{"index":"index","follow":"follow","max-snippet":"max-snippet:-1","max-image-preview":"max-image-preview:large","max-video-preview":"max-video-preview:-1"},"canonical":"https:\/\/permakultur-landwirtschaft.org\/fr\/einfuehrung-zu-permakultur-in-der-landwirtschaft-webinar-vom-07-oktober-2023\/","og_locale":"fr_FR","og_type":"article","og_title":"Einf\u00fchrung zu Permakultur in der Landwirtschaft - Webinar vom 07. Oktober 2023 - Permakultur-Landwirtschaft","og_description":"Text von agroecologyworks.ch: Wie kann die Permakultur in der Schweizer Landwirtschaft integriert werden? Bei diesem Webinar soll jede teilnehmende Person etwas Klarheit gewinnen. Die verschiedenen aus der Natur gesch\u00f6pften Abl\u00e4ufe (Grundprinzipien, studiert und beschrieben von den Begr\u00fcndern Bill Mollison und David Holmgren) werden aus dem Blickwinkel einer Landwirtin mit langj\u00e4hriger Berufserfahrung vorgestellt. Dazu gibt es [&hellip;]","og_url":"https:\/\/permakultur-landwirtschaft.org\/fr\/einfuehrung-zu-permakultur-in-der-landwirtschaft-webinar-vom-07-oktober-2023\/","og_site_name":"Permakultur-Landwirtschaft","article_publisher":"https:\/\/www.facebook.com\/PermakulturLandwirtschaft","article_published_time":"2023-10-07T17:00:00+00:00","article_modified_time":"2023-10-10T06:33:49+00:00","og_image":[{"width":231,"height":289,"url":"https:\/\/permakultur-landwirtschaft.org\/wp-content\/uploads\/2022\/09\/pk_lw_fatti_a_mano_pexels-tobi-537053.jpg","type":"image\/jpeg"}],"author":"adrian reutimann","twitter_card":"summary_large_image","twitter_misc":{"\u00c9crit par":"adrian reutimann","Dur\u00e9e de lecture estim\u00e9e":"1 minute"},"schema":{"@context":"https:\/\/schema.org","@graph":[{"@type":"Article","@id":"https:\/\/permakultur-landwirtschaft.org\/einfuehrung-zu-permakultur-in-der-landwirtschaft-webinar-vom-07-oktober-2023\/#article","isPartOf":{"@id":"https:\/\/permakultur-landwirtschaft.org\/einfuehrung-zu-permakultur-in-der-landwirtschaft-webinar-vom-07-oktober-2023\/"},"author":{"name":"adrian reutimann","@id":"https:\/\/permakultur-landwirtschaft.org\/#\/schema\/person\/6b0467872f75aed3e144093f9bf4f0b0"},"headline":"Einf\u00fchrung zu Permakultur in der Landwirtschaft &#8211; Webinar vom 07. Oktober 2023","datePublished":"2023-10-07T17:00:00+00:00","dateModified":"2023-10-10T06:33:49+00:00","mainEntityOfPage":{"@id":"https:\/\/permakultur-landwirtschaft.org\/einfuehrung-zu-permakultur-in-der-landwirtschaft-webinar-vom-07-oktober-2023\/"},"wordCount":114,"publisher":{"@id":"https:\/\/permakultur-landwirtschaft.org\/#organization"},"image":{"@id":"https:\/\/permakultur-landwirtschaft.org\/einfuehrung-zu-permakultur-in-der-landwirtschaft-webinar-vom-07-oktober-2023\/#primaryimage"},"thumbnailUrl":"https:\/\/permakultur-landwirtschaft.org\/wp-content\/uploads\/2022\/09\/pk_lw_fatti_a_mano_pexels-tobi-537053.jpg","keywords":["Einf\u00fchrung","Landwirtschaft","online","Permakultur","Webinar"],"articleSection":["Veranstaltungen_Archiv"],"inLanguage":"fr-FR"},{"@type":"WebPage","@id":"https:\/\/permakultur-landwirtschaft.org\/einfuehrung-zu-permakultur-in-der-landwirtschaft-webinar-vom-07-oktober-2023\/","url":"https:\/\/permakultur-landwirtschaft.org\/einfuehrung-zu-permakultur-in-der-landwirtschaft-webinar-vom-07-oktober-2023\/","name":"Einf\u00fchrung zu Permakultur in der Landwirtschaft - Webinar vom 07. Oktober 2023 - Permakultur-Landwirtschaft","isPartOf":{"@id":"https:\/\/permakultur-landwirtschaft.org\/#website"},"primaryImageOfPage":{"@id":"https:\/\/permakultur-landwirtschaft.org\/einfuehrung-zu-permakultur-in-der-landwirtschaft-webinar-vom-07-oktober-2023\/#primaryimage"},"image":{"@id":"https:\/\/permakultur-landwirtschaft.org\/einfuehrung-zu-permakultur-in-der-landwirtschaft-webinar-vom-07-oktober-2023\/#primaryimage"},"thumbnailUrl":"https:\/\/permakultur-landwirtschaft.org\/wp-content\/uploads\/2022\/09\/pk_lw_fatti_a_mano_pexels-tobi-537053.jpg","datePublished":"2023-10-07T17:00:00+00:00","dateModified":"2023-10-10T06:33:49+00:00","breadcrumb":{"@id":"https:\/\/permakultur-landwirtschaft.org\/einfuehrung-zu-permakultur-in-der-landwirtschaft-webinar-vom-07-oktober-2023\/#breadcrumb"},"inLanguage":"fr-FR","potentialAction":[{"@type":"ReadAction","target":["https:\/\/permakultur-landwirtschaft.org\/einfuehrung-zu-permakultur-in-der-landwirtschaft-webinar-vom-07-oktober-2023\/"]}]},{"@type":"ImageObject","inLanguage":"fr-FR","@id":"https:\/\/permakultur-landwirtschaft.org\/einfuehrung-zu-permakultur-in-der-landwirtschaft-webinar-vom-07-oktober-2023\/#primaryimage","url":"https:\/\/permakultur-landwirtschaft.org\/wp-content\/uploads\/2022\/09\/pk_lw_fatti_a_mano_pexels-tobi-537053.jpg","contentUrl":"https:\/\/permakultur-landwirtschaft.org\/wp-content\/uploads\/2022\/09\/pk_lw_fatti_a_mano_pexels-tobi-537053.jpg","width":231,"height":289,"caption":"Bild: fattiamanoparadis.ch"},{"@type":"BreadcrumbList","@id":"https:\/\/permakultur-landwirtschaft.org\/einfuehrung-zu-permakultur-in-der-landwirtschaft-webinar-vom-07-oktober-2023\/#breadcrumb","itemListElement":[{"@type":"ListItem","position":1,"name":"Startseite","item":"https:\/\/permakultur-landwirtschaft.org\/"},{"@type":"ListItem","position":2,"name":"Einf\u00fchrung zu Permakultur in der Landwirtschaft &#8211; Webinar vom 07. Oktober 2023"}]},{"@type":"WebSite","@id":"https:\/\/permakultur-landwirtschaft.org\/#website","url":"https:\/\/permakultur-landwirtschaft.org\/","name":"Permakultur-Landwirtschaft","description":"F\u00f6rderung der Permakultur in der Landwirtschaft","publisher":{"@id":"https:\/\/permakultur-landwirtschaft.org\/#organization"},"potentialAction":[{"@type":"SearchAction","target":{"@type":"EntryPoint","urlTemplate":"https:\/\/permakultur-landwirtschaft.org\/?s={search_term_string}"},"query-input":{"@type":"PropertyValueSpecification","valueRequired":true,"valueName":"search_term_string"}}],"inLanguage":"fr-FR"},{"@type":"Organization","@id":"https:\/\/permakultur-landwirtschaft.org\/#organization","name":"Permakultur-Landwirtschaft","alternateName":"Verein Permakultur-Landwirtschaft","url":"https:\/\/permakultur-landwirtschaft.org\/","logo":{"@type":"ImageObject","inLanguage":"fr-FR","@id":"https:\/\/permakultur-landwirtschaft.org\/#\/schema\/logo\/image\/","url":"https:\/\/permakultur-landwirtschaft.org\/wp-content\/uploads\/2021\/11\/pela_1268x1269.png","contentUrl":"https:\/\/permakultur-landwirtschaft.org\/wp-content\/uploads\/2021\/11\/pela_1268x1269.png","width":1298,"height":1269,"caption":"Permakultur-Landwirtschaft"},"image":{"@id":"https:\/\/permakultur-landwirtschaft.org\/#\/schema\/logo\/image\/"},"sameAs":["https:\/\/www.facebook.com\/PermakulturLandwirtschaft","https:\/\/www.instagram.com\/permakultur_landwirtschaft\/","https:\/\/www.flickr.com\/photos\/permakultur-landwirtschaft","https:\/\/www.youtube.com\/@PermakulturLandwirtschaft"]},{"@type":"Person","@id":"https:\/\/permakultur-landwirtschaft.org\/#\/schema\/person\/6b0467872f75aed3e144093f9bf4f0b0","name":"adrian reutimann","url":"https:\/\/permakultur-landwirtschaft.org\/fr\/author\/reutiadr\/"}]}},"_links":{"self":[{"href":"https:\/\/permakultur-landwirtschaft.org\/fr\/wp-json\/wp\/v2\/posts\/31372","targetHints":{"allow":["GET"]}}],"collection":[{"href":"https:\/\/permakultur-landwirtschaft.org\/fr\/wp-json\/wp\/v2\/posts"}],"about":[{"href":"https:\/\/permakultur-landwirtschaft.org\/fr\/wp-json\/wp\/v2\/types\/post"}],"author":[{"embeddable":true,"href":"https:\/\/permakultur-landwirtschaft.org\/fr\/wp-json\/wp\/v2\/users\/2"}],"replies":[{"embeddable":true,"href":"https:\/\/permakultur-landwirtschaft.org\/fr\/wp-json\/wp\/v2\/comments?post=31372"}],"version-history":[{"count":1,"href":"https:\/\/permakultur-landwirtschaft.org\/fr\/wp-json\/wp\/v2\/posts\/31372\/revisions"}],"predecessor-version":[{"id":31373,"href":"https:\/\/permakultur-landwirtschaft.org\/fr\/wp-json\/wp\/v2\/posts\/31372\/revisions\/31373"}],"wp:featuredmedia":[{"embeddable":true,"href":"https:\/\/permakultur-landwirtschaft.org\/fr\/wp-json\/wp\/v2\/media\/25216"}],"wp:attachment":[{"href":"https:\/\/permakultur-landwirtschaft.org\/fr\/wp-json\/wp\/v2\/media?parent=31372"}],"wp:term":[{"taxonomy":"category","embeddable":true,"href":"https:\/\/permakultur-landwirtschaft.org\/fr\/wp-json\/wp\/v2\/categories?post=31372"},{"taxonomy":"post_tag","embeddable":true,"href":"https:\/\/permakultur-landwirtschaft.org\/fr\/wp-json\/wp\/v2\/tags?post=31372"}],"curies":[{"name":"wp","href":"https:\/\/api.w.org\/{rel}","templated":true}]}}