{"id":31342,"date":"2023-06-09T14:50:00","date_gmt":"2023-06-09T12:50:00","guid":{"rendered":"https:\/\/permakultur-landwirtschaft.org\/?p=31342"},"modified":"2023-10-18T15:28:26","modified_gmt":"2023-10-18T13:28:26","slug":"plane-deinen-hof-mit-permakultur-kurs-vom-november-2023-bis-februar-2024","status":"publish","type":"post","link":"https:\/\/permakultur-landwirtschaft.org\/fr\/plane-deinen-hof-mit-permakultur-kurs-vom-november-2023-bis-februar-2024\/","title":{"rendered":"Plane deinen Hof mit Permakultur &#8211; Kurs vom Januar bis M\u00e4rz 2024"},"content":{"rendered":"<p>Text von permakultur-beratung.ch:<\/p>\n\n\n\n<h3 class=\"wp-block-heading\" id=\"cc-m-header-14804518623\">DAS MACHEN WIR IM KURS KONKRET<\/h3>\n\n\n\n<p>In diesem Kurs orientieren wir uns an den Prinzipien der Agrar\u00f6kologie und der Permakultur.<\/p>\n\n\n\n<p>Thematisch arbeiten wir mit den 5 S\u00e4ulen der PK-Landwirtschaft &#8211; einem praxisorientierten Leitfaden f\u00fcr Betriebsleiter zwecks Umsetzung von Permakultur\/Agrar\u00f6kologie auf einzelne H\u00f6fen f\u00fcr Schweiz und Zentraleuropa.<\/p>\n\n\n\n<p><strong>Kapitel 5 S\u00e4ulen der PK-Landwirtschaft<\/strong><\/p>\n\n\n\n<p>1.&nbsp;&nbsp;&nbsp;&nbsp;Neues Denken und Planen<br>2.&nbsp;&nbsp;&nbsp;&nbsp;\u00d6kosystemdienstleistungen optimieren<br>3.&nbsp;&nbsp;&nbsp;&nbsp;Clever wirtschaften<br>4.&nbsp;&nbsp;&nbsp;&nbsp;Kreativ kooperieren<br>5.&nbsp;&nbsp;&nbsp;&nbsp;Wissen teilen<\/p>\n\n\n\n<p>Im Kurs begleiten wir dich als Betriebsleiter*in dabei, die relevanten Themen auf deinen Hof anzuwenden. Das machst du anhand einer detaillierten Gesamtplanung f\u00fcr deinen Hof. Wir f\u00fchren dich Schritt f\u00fcr Schritt durch den Planungsprozess und unterst\u00fctzen dich bei Detailfragen.<\/p>\n\n\n\n<p><strong>DER 6D-PK-GESTALTUNGS-PROZESS UMFASST<\/strong><\/p>\n\n\n\n<ol class=\"wp-block-list\">\n<li>Dream =&nbsp;Tr\u00e4umen:&nbsp;Pers\u00f6nlicher&nbsp;Traum,&nbsp;gemeinsame&nbsp;Vision&nbsp;f\u00fcr den Hof entwickeln, Ziele formulieren<\/li>\n\n\n\n<li>Discover =&nbsp;Entdecken:&nbsp;Sozio-\u00f6konomische&nbsp;und&nbsp;\u00f6kologische Standortbestimmung. Den Hof&nbsp;mit&nbsp;neuen&nbsp;Augen sehen.&nbsp;<\/li>\n\n\n\n<li>Develop&nbsp;=&nbsp;Entwickeln: Ideen, Innovation, Verbesserungen sammeln.&nbsp;H\u00f6fe und ihre Kulturen, Methoden kennenlernen.<\/li>\n\n\n\n<li>Define&nbsp;=&nbsp;Definieren:&nbsp;Optionen&nbsp;vergleichen,&nbsp;analysieren,&nbsp;pr\u00fcfen, holistisch entscheiden.<\/li>\n\n\n\n<li>Design =&nbsp;Planen: mit Zielen, Strategien, Umsetzungsschritte inklusive organisatorische, technische und finanzielle Details deines Betriebes<\/li>\n<\/ol>\n\n\n\n<p>Als <strong>Planungsprodukt<\/strong> erarbeitest den <strong>PK-BETRIEBS-ORDNER<\/strong> F\u00dcR DEINEN HOF mit allen f\u00fcr dich wichtigen Infos, damit du f\u00fcr die Umsetzung ger\u00fcstet bist.<\/p>\n\n\n\n<p>Wir unterst\u00fctzen und coachen dich dabei umfassend.<\/p>\n\n\n\n<p><a href=\"https:\/\/www.permakultur-beratung.ch\/pk-landwirtschaft\/plane-deinen-hof-mit-pk\/\" target=\"_blank\" rel=\"noreferrer noopener\">Mehr Information zum Kurs<\/a><\/p>","protected":false},"excerpt":{"rendered":"<p>Text von permakultur-beratung.ch: DAS MACHEN WIR IM KURS KONKRET In diesem Kurs orientieren wir uns an den Prinzipien der Agrar\u00f6kologie und der Permakultur. Thematisch arbeiten wir mit den 5 S\u00e4ulen der PK-Landwirtschaft &#8211; einem praxisorientierten Leitfaden f\u00fcr Betriebsleiter zwecks Umsetzung von Permakultur\/Agrar\u00f6kologie auf einzelne H\u00f6fen f\u00fcr Schweiz und Zentraleuropa. Kapitel 5 S\u00e4ulen der PK-Landwirtschaft 1.&nbsp;&nbsp;&nbsp;&nbsp;Neues [&hellip;]<\/p>\n","protected":false},"author":2,"featured_media":31343,"comment_status":"closed","ping_status":"closed","sticky":false,"template":"","format":"standard","meta":{"_acf_changed":false,"site-sidebar-layout":"default","site-content-layout":"","ast-site-content-layout":"default","site-content-style":"default","site-sidebar-style":"default","ast-global-header-display":"","ast-banner-title-visibility":"","ast-main-header-display":"","ast-hfb-above-header-display":"","ast-hfb-below-header-display":"","ast-hfb-mobile-header-display":"","site-post-title":"","ast-breadcrumbs-content":"","ast-featured-img":"","footer-sml-layout":"","ast-disable-related-posts":"","theme-transparent-header-meta":"","adv-header-id-meta":"","stick-header-meta":"","header-above-stick-meta":"","header-main-stick-meta":"","header-below-stick-meta":"","astra-migrate-meta-layouts":"set","ast-page-background-enabled":"default","ast-page-background-meta":{"desktop":{"background-color":"var(--ast-global-color-4)","background-image":"","background-repeat":"repeat","background-position":"center center","background-size":"auto","background-attachment":"scroll","background-type":"","background-media":"","overlay-type":"","overlay-color":"","overlay-opacity":"","overlay-gradient":""},"tablet":{"background-color":"","background-image":"","background-repeat":"repeat","background-position":"center center","background-size":"auto","background-attachment":"scroll","background-type":"","background-media":"","overlay-type":"","overlay-color":"","overlay-opacity":"","overlay-gradient":""},"mobile":{"background-color":"","background-image":"","background-repeat":"repeat","background-position":"center center","background-size":"auto","background-attachment":"scroll","background-type":"","background-media":"","overlay-type":"","overlay-color":"","overlay-opacity":"","overlay-gradient":""}},"ast-content-background-meta":{"desktop":{"background-color":"var(--ast-global-color-5)","background-image":"","background-repeat":"repeat","background-position":"center center","background-size":"auto","background-attachment":"scroll","background-type":"","background-media":"","overlay-type":"","overlay-color":"","overlay-opacity":"","overlay-gradient":""},"tablet":{"background-color":"var(--ast-global-color-5)","background-image":"","background-repeat":"repeat","background-position":"center center","background-size":"auto","background-attachment":"scroll","background-type":"","background-media":"","overlay-type":"","overlay-color":"","overlay-opacity":"","overlay-gradient":""},"mobile":{"background-color":"var(--ast-global-color-5)","background-image":"","background-repeat":"repeat","background-position":"center center","background-size":"auto","background-attachment":"scroll","background-type":"","background-media":"","overlay-type":"","overlay-color":"","overlay-opacity":"","overlay-gradient":""}},"footnotes":""},"categories":[14],"tags":[80,36,17],"class_list":["post-31342","post","type-post","status-publish","format-standard","has-post-thumbnail","hentry","category-veranstaltung","tag-beat-roelli","tag-kurs","tag-permakultur"],"acf":[],"yoast_head":"<!-- This site is optimized with the Yoast SEO plugin v27.5 - https:\/\/yoast.com\/product\/yoast-seo-wordpress\/ -->\n<title>Plane deinen Hof mit Permakultur - Kurs vom Januar bis M\u00e4rz 2024 - Permakultur-Landwirtschaft<\/title>\n<meta name=\"robots\" content=\"index, follow, max-snippet:-1, max-image-preview:large, max-video-preview:-1\" \/>\n<link rel=\"canonical\" href=\"https:\/\/permakultur-landwirtschaft.org\/fr\/plane-deinen-hof-mit-permakultur-kurs-vom-november-2023-bis-februar-2024\/\" \/>\n<meta property=\"og:locale\" content=\"fr_FR\" \/>\n<meta property=\"og:type\" content=\"article\" \/>\n<meta property=\"og:title\" content=\"Plane deinen Hof mit Permakultur - Kurs vom Januar bis M\u00e4rz 2024 - Permakultur-Landwirtschaft\" \/>\n<meta property=\"og:description\" content=\"Text von permakultur-beratung.ch: DAS MACHEN WIR IM KURS KONKRET In diesem Kurs orientieren wir uns an den Prinzipien der Agrar\u00f6kologie und der Permakultur. Thematisch arbeiten wir mit den 5 S\u00e4ulen der PK-Landwirtschaft &#8211; einem praxisorientierten Leitfaden f\u00fcr Betriebsleiter zwecks Umsetzung von Permakultur\/Agrar\u00f6kologie auf einzelne H\u00f6fen f\u00fcr Schweiz und Zentraleuropa. Kapitel 5 S\u00e4ulen der PK-Landwirtschaft 1.&nbsp;&nbsp;&nbsp;&nbsp;Neues [&hellip;]\" \/>\n<meta property=\"og:url\" content=\"https:\/\/permakultur-landwirtschaft.org\/fr\/plane-deinen-hof-mit-permakultur-kurs-vom-november-2023-bis-februar-2024\/\" \/>\n<meta property=\"og:site_name\" content=\"Permakultur-Landwirtschaft\" \/>\n<meta property=\"article:publisher\" content=\"https:\/\/www.facebook.com\/PermakulturLandwirtschaft\" \/>\n<meta property=\"article:published_time\" content=\"2023-06-09T12:50:00+00:00\" \/>\n<meta property=\"article:modified_time\" content=\"2023-10-18T13:28:26+00:00\" \/>\n<meta property=\"og:image\" content=\"https:\/\/permakultur-landwirtschaft.org\/wp-content\/uploads\/2023\/08\/pk-beratung_roelli_2023-08-09_14-48-45.jpg\" \/>\n\t<meta property=\"og:image:width\" content=\"701\" \/>\n\t<meta property=\"og:image:height\" content=\"519\" \/>\n\t<meta property=\"og:image:type\" content=\"image\/jpeg\" \/>\n<meta name=\"author\" content=\"adrian reutimann\" \/>\n<meta name=\"twitter:card\" content=\"summary_large_image\" \/>\n<meta name=\"twitter:label1\" content=\"\u00c9crit par\" \/>\n\t<meta name=\"twitter:data1\" content=\"adrian reutimann\" \/>\n\t<meta name=\"twitter:label2\" content=\"Dur\u00e9e de lecture estim\u00e9e\" \/>\n\t<meta name=\"twitter:data2\" content=\"2 minutes\" \/>\n<script type=\"application\/ld+json\" class=\"yoast-schema-graph\">{\"@context\":\"https:\\\/\\\/schema.org\",\"@graph\":[{\"@type\":\"Article\",\"@id\":\"https:\\\/\\\/permakultur-landwirtschaft.org\\\/plane-deinen-hof-mit-permakultur-kurs-vom-november-2023-bis-februar-2024\\\/#article\",\"isPartOf\":{\"@id\":\"https:\\\/\\\/permakultur-landwirtschaft.org\\\/plane-deinen-hof-mit-permakultur-kurs-vom-november-2023-bis-februar-2024\\\/\"},\"author\":{\"name\":\"adrian reutimann\",\"@id\":\"https:\\\/\\\/permakultur-landwirtschaft.org\\\/#\\\/schema\\\/person\\\/6b0467872f75aed3e144093f9bf4f0b0\"},\"headline\":\"Plane deinen Hof mit Permakultur &#8211; Kurs vom Januar bis M\u00e4rz 2024\",\"datePublished\":\"2023-06-09T12:50:00+00:00\",\"dateModified\":\"2023-10-18T13:28:26+00:00\",\"mainEntityOfPage\":{\"@id\":\"https:\\\/\\\/permakultur-landwirtschaft.org\\\/plane-deinen-hof-mit-permakultur-kurs-vom-november-2023-bis-februar-2024\\\/\"},\"wordCount\":277,\"publisher\":{\"@id\":\"https:\\\/\\\/permakultur-landwirtschaft.org\\\/#organization\"},\"image\":{\"@id\":\"https:\\\/\\\/permakultur-landwirtschaft.org\\\/plane-deinen-hof-mit-permakultur-kurs-vom-november-2023-bis-februar-2024\\\/#primaryimage\"},\"thumbnailUrl\":\"https:\\\/\\\/permakultur-landwirtschaft.org\\\/wp-content\\\/uploads\\\/2023\\\/08\\\/pk-beratung_roelli_2023-08-09_14-48-45.jpg\",\"keywords\":[\"Beat R\u00f6lli\",\"Kurs\",\"Permakultur\"],\"articleSection\":[\"Veranstaltung\"],\"inLanguage\":\"fr-FR\"},{\"@type\":\"WebPage\",\"@id\":\"https:\\\/\\\/permakultur-landwirtschaft.org\\\/plane-deinen-hof-mit-permakultur-kurs-vom-november-2023-bis-februar-2024\\\/\",\"url\":\"https:\\\/\\\/permakultur-landwirtschaft.org\\\/plane-deinen-hof-mit-permakultur-kurs-vom-november-2023-bis-februar-2024\\\/\",\"name\":\"Plane deinen Hof mit Permakultur - Kurs vom Januar bis M\u00e4rz 2024 - Permakultur-Landwirtschaft\",\"isPartOf\":{\"@id\":\"https:\\\/\\\/permakultur-landwirtschaft.org\\\/#website\"},\"primaryImageOfPage\":{\"@id\":\"https:\\\/\\\/permakultur-landwirtschaft.org\\\/plane-deinen-hof-mit-permakultur-kurs-vom-november-2023-bis-februar-2024\\\/#primaryimage\"},\"image\":{\"@id\":\"https:\\\/\\\/permakultur-landwirtschaft.org\\\/plane-deinen-hof-mit-permakultur-kurs-vom-november-2023-bis-februar-2024\\\/#primaryimage\"},\"thumbnailUrl\":\"https:\\\/\\\/permakultur-landwirtschaft.org\\\/wp-content\\\/uploads\\\/2023\\\/08\\\/pk-beratung_roelli_2023-08-09_14-48-45.jpg\",\"datePublished\":\"2023-06-09T12:50:00+00:00\",\"dateModified\":\"2023-10-18T13:28:26+00:00\",\"breadcrumb\":{\"@id\":\"https:\\\/\\\/permakultur-landwirtschaft.org\\\/plane-deinen-hof-mit-permakultur-kurs-vom-november-2023-bis-februar-2024\\\/#breadcrumb\"},\"inLanguage\":\"fr-FR\",\"potentialAction\":[{\"@type\":\"ReadAction\",\"target\":[\"https:\\\/\\\/permakultur-landwirtschaft.org\\\/plane-deinen-hof-mit-permakultur-kurs-vom-november-2023-bis-februar-2024\\\/\"]}]},{\"@type\":\"ImageObject\",\"inLanguage\":\"fr-FR\",\"@id\":\"https:\\\/\\\/permakultur-landwirtschaft.org\\\/plane-deinen-hof-mit-permakultur-kurs-vom-november-2023-bis-februar-2024\\\/#primaryimage\",\"url\":\"https:\\\/\\\/permakultur-landwirtschaft.org\\\/wp-content\\\/uploads\\\/2023\\\/08\\\/pk-beratung_roelli_2023-08-09_14-48-45.jpg\",\"contentUrl\":\"https:\\\/\\\/permakultur-landwirtschaft.org\\\/wp-content\\\/uploads\\\/2023\\\/08\\\/pk-beratung_roelli_2023-08-09_14-48-45.jpg\",\"width\":701,\"height\":519,\"caption\":\"Bild: permakultur-beratung.ch\"},{\"@type\":\"BreadcrumbList\",\"@id\":\"https:\\\/\\\/permakultur-landwirtschaft.org\\\/plane-deinen-hof-mit-permakultur-kurs-vom-november-2023-bis-februar-2024\\\/#breadcrumb\",\"itemListElement\":[{\"@type\":\"ListItem\",\"position\":1,\"name\":\"Startseite\",\"item\":\"https:\\\/\\\/permakultur-landwirtschaft.org\\\/\"},{\"@type\":\"ListItem\",\"position\":2,\"name\":\"Plane deinen Hof mit Permakultur &#8211; Kurs vom Januar bis M\u00e4rz 2024\"}]},{\"@type\":\"WebSite\",\"@id\":\"https:\\\/\\\/permakultur-landwirtschaft.org\\\/#website\",\"url\":\"https:\\\/\\\/permakultur-landwirtschaft.org\\\/\",\"name\":\"Permakultur-Landwirtschaft\",\"description\":\"F\u00f6rderung der Permakultur in der Landwirtschaft\",\"publisher\":{\"@id\":\"https:\\\/\\\/permakultur-landwirtschaft.org\\\/#organization\"},\"potentialAction\":[{\"@type\":\"SearchAction\",\"target\":{\"@type\":\"EntryPoint\",\"urlTemplate\":\"https:\\\/\\\/permakultur-landwirtschaft.org\\\/?s={search_term_string}\"},\"query-input\":{\"@type\":\"PropertyValueSpecification\",\"valueRequired\":true,\"valueName\":\"search_term_string\"}}],\"inLanguage\":\"fr-FR\"},{\"@type\":\"Organization\",\"@id\":\"https:\\\/\\\/permakultur-landwirtschaft.org\\\/#organization\",\"name\":\"Permakultur-Landwirtschaft\",\"alternateName\":\"Verein Permakultur-Landwirtschaft\",\"url\":\"https:\\\/\\\/permakultur-landwirtschaft.org\\\/\",\"logo\":{\"@type\":\"ImageObject\",\"inLanguage\":\"fr-FR\",\"@id\":\"https:\\\/\\\/permakultur-landwirtschaft.org\\\/#\\\/schema\\\/logo\\\/image\\\/\",\"url\":\"https:\\\/\\\/permakultur-landwirtschaft.org\\\/wp-content\\\/uploads\\\/2021\\\/11\\\/pela_1268x1269.png\",\"contentUrl\":\"https:\\\/\\\/permakultur-landwirtschaft.org\\\/wp-content\\\/uploads\\\/2021\\\/11\\\/pela_1268x1269.png\",\"width\":1298,\"height\":1269,\"caption\":\"Permakultur-Landwirtschaft\"},\"image\":{\"@id\":\"https:\\\/\\\/permakultur-landwirtschaft.org\\\/#\\\/schema\\\/logo\\\/image\\\/\"},\"sameAs\":[\"https:\\\/\\\/www.facebook.com\\\/PermakulturLandwirtschaft\",\"https:\\\/\\\/www.instagram.com\\\/permakultur_landwirtschaft\\\/\",\"https:\\\/\\\/www.flickr.com\\\/photos\\\/permakultur-landwirtschaft\",\"https:\\\/\\\/www.youtube.com\\\/@PermakulturLandwirtschaft\"]},{\"@type\":\"Person\",\"@id\":\"https:\\\/\\\/permakultur-landwirtschaft.org\\\/#\\\/schema\\\/person\\\/6b0467872f75aed3e144093f9bf4f0b0\",\"name\":\"adrian reutimann\",\"url\":\"https:\\\/\\\/permakultur-landwirtschaft.org\\\/fr\\\/author\\\/reutiadr\\\/\"}]}<\/script>\n<!-- \/ Yoast SEO plugin. -->","yoast_head_json":{"title":"Plane deinen Hof mit Permakultur - Kurs vom Januar bis M\u00e4rz 2024 - Permakultur-Landwirtschaft","robots":{"index":"index","follow":"follow","max-snippet":"max-snippet:-1","max-image-preview":"max-image-preview:large","max-video-preview":"max-video-preview:-1"},"canonical":"https:\/\/permakultur-landwirtschaft.org\/fr\/plane-deinen-hof-mit-permakultur-kurs-vom-november-2023-bis-februar-2024\/","og_locale":"fr_FR","og_type":"article","og_title":"Plane deinen Hof mit Permakultur - Kurs vom Januar bis M\u00e4rz 2024 - Permakultur-Landwirtschaft","og_description":"Text von permakultur-beratung.ch: DAS MACHEN WIR IM KURS KONKRET In diesem Kurs orientieren wir uns an den Prinzipien der Agrar\u00f6kologie und der Permakultur. Thematisch arbeiten wir mit den 5 S\u00e4ulen der PK-Landwirtschaft &#8211; einem praxisorientierten Leitfaden f\u00fcr Betriebsleiter zwecks Umsetzung von Permakultur\/Agrar\u00f6kologie auf einzelne H\u00f6fen f\u00fcr Schweiz und Zentraleuropa. Kapitel 5 S\u00e4ulen der PK-Landwirtschaft 1.&nbsp;&nbsp;&nbsp;&nbsp;Neues [&hellip;]","og_url":"https:\/\/permakultur-landwirtschaft.org\/fr\/plane-deinen-hof-mit-permakultur-kurs-vom-november-2023-bis-februar-2024\/","og_site_name":"Permakultur-Landwirtschaft","article_publisher":"https:\/\/www.facebook.com\/PermakulturLandwirtschaft","article_published_time":"2023-06-09T12:50:00+00:00","article_modified_time":"2023-10-18T13:28:26+00:00","og_image":[{"width":701,"height":519,"url":"https:\/\/permakultur-landwirtschaft.org\/wp-content\/uploads\/2023\/08\/pk-beratung_roelli_2023-08-09_14-48-45.jpg","type":"image\/jpeg"}],"author":"adrian reutimann","twitter_card":"summary_large_image","twitter_misc":{"\u00c9crit par":"adrian reutimann","Dur\u00e9e de lecture estim\u00e9e":"2 minutes"},"schema":{"@context":"https:\/\/schema.org","@graph":[{"@type":"Article","@id":"https:\/\/permakultur-landwirtschaft.org\/plane-deinen-hof-mit-permakultur-kurs-vom-november-2023-bis-februar-2024\/#article","isPartOf":{"@id":"https:\/\/permakultur-landwirtschaft.org\/plane-deinen-hof-mit-permakultur-kurs-vom-november-2023-bis-februar-2024\/"},"author":{"name":"adrian reutimann","@id":"https:\/\/permakultur-landwirtschaft.org\/#\/schema\/person\/6b0467872f75aed3e144093f9bf4f0b0"},"headline":"Plane deinen Hof mit Permakultur &#8211; Kurs vom Januar bis M\u00e4rz 2024","datePublished":"2023-06-09T12:50:00+00:00","dateModified":"2023-10-18T13:28:26+00:00","mainEntityOfPage":{"@id":"https:\/\/permakultur-landwirtschaft.org\/plane-deinen-hof-mit-permakultur-kurs-vom-november-2023-bis-februar-2024\/"},"wordCount":277,"publisher":{"@id":"https:\/\/permakultur-landwirtschaft.org\/#organization"},"image":{"@id":"https:\/\/permakultur-landwirtschaft.org\/plane-deinen-hof-mit-permakultur-kurs-vom-november-2023-bis-februar-2024\/#primaryimage"},"thumbnailUrl":"https:\/\/permakultur-landwirtschaft.org\/wp-content\/uploads\/2023\/08\/pk-beratung_roelli_2023-08-09_14-48-45.jpg","keywords":["Beat R\u00f6lli","Kurs","Permakultur"],"articleSection":["Veranstaltung"],"inLanguage":"fr-FR"},{"@type":"WebPage","@id":"https:\/\/permakultur-landwirtschaft.org\/plane-deinen-hof-mit-permakultur-kurs-vom-november-2023-bis-februar-2024\/","url":"https:\/\/permakultur-landwirtschaft.org\/plane-deinen-hof-mit-permakultur-kurs-vom-november-2023-bis-februar-2024\/","name":"Plane deinen Hof mit Permakultur - Kurs vom Januar bis M\u00e4rz 2024 - Permakultur-Landwirtschaft","isPartOf":{"@id":"https:\/\/permakultur-landwirtschaft.org\/#website"},"primaryImageOfPage":{"@id":"https:\/\/permakultur-landwirtschaft.org\/plane-deinen-hof-mit-permakultur-kurs-vom-november-2023-bis-februar-2024\/#primaryimage"},"image":{"@id":"https:\/\/permakultur-landwirtschaft.org\/plane-deinen-hof-mit-permakultur-kurs-vom-november-2023-bis-februar-2024\/#primaryimage"},"thumbnailUrl":"https:\/\/permakultur-landwirtschaft.org\/wp-content\/uploads\/2023\/08\/pk-beratung_roelli_2023-08-09_14-48-45.jpg","datePublished":"2023-06-09T12:50:00+00:00","dateModified":"2023-10-18T13:28:26+00:00","breadcrumb":{"@id":"https:\/\/permakultur-landwirtschaft.org\/plane-deinen-hof-mit-permakultur-kurs-vom-november-2023-bis-februar-2024\/#breadcrumb"},"inLanguage":"fr-FR","potentialAction":[{"@type":"ReadAction","target":["https:\/\/permakultur-landwirtschaft.org\/plane-deinen-hof-mit-permakultur-kurs-vom-november-2023-bis-februar-2024\/"]}]},{"@type":"ImageObject","inLanguage":"fr-FR","@id":"https:\/\/permakultur-landwirtschaft.org\/plane-deinen-hof-mit-permakultur-kurs-vom-november-2023-bis-februar-2024\/#primaryimage","url":"https:\/\/permakultur-landwirtschaft.org\/wp-content\/uploads\/2023\/08\/pk-beratung_roelli_2023-08-09_14-48-45.jpg","contentUrl":"https:\/\/permakultur-landwirtschaft.org\/wp-content\/uploads\/2023\/08\/pk-beratung_roelli_2023-08-09_14-48-45.jpg","width":701,"height":519,"caption":"Bild: permakultur-beratung.ch"},{"@type":"BreadcrumbList","@id":"https:\/\/permakultur-landwirtschaft.org\/plane-deinen-hof-mit-permakultur-kurs-vom-november-2023-bis-februar-2024\/#breadcrumb","itemListElement":[{"@type":"ListItem","position":1,"name":"Startseite","item":"https:\/\/permakultur-landwirtschaft.org\/"},{"@type":"ListItem","position":2,"name":"Plane deinen Hof mit Permakultur &#8211; Kurs vom Januar bis M\u00e4rz 2024"}]},{"@type":"WebSite","@id":"https:\/\/permakultur-landwirtschaft.org\/#website","url":"https:\/\/permakultur-landwirtschaft.org\/","name":"Permakultur-Landwirtschaft","description":"F\u00f6rderung der Permakultur in der Landwirtschaft","publisher":{"@id":"https:\/\/permakultur-landwirtschaft.org\/#organization"},"potentialAction":[{"@type":"SearchAction","target":{"@type":"EntryPoint","urlTemplate":"https:\/\/permakultur-landwirtschaft.org\/?s={search_term_string}"},"query-input":{"@type":"PropertyValueSpecification","valueRequired":true,"valueName":"search_term_string"}}],"inLanguage":"fr-FR"},{"@type":"Organization","@id":"https:\/\/permakultur-landwirtschaft.org\/#organization","name":"Permakultur-Landwirtschaft","alternateName":"Verein Permakultur-Landwirtschaft","url":"https:\/\/permakultur-landwirtschaft.org\/","logo":{"@type":"ImageObject","inLanguage":"fr-FR","@id":"https:\/\/permakultur-landwirtschaft.org\/#\/schema\/logo\/image\/","url":"https:\/\/permakultur-landwirtschaft.org\/wp-content\/uploads\/2021\/11\/pela_1268x1269.png","contentUrl":"https:\/\/permakultur-landwirtschaft.org\/wp-content\/uploads\/2021\/11\/pela_1268x1269.png","width":1298,"height":1269,"caption":"Permakultur-Landwirtschaft"},"image":{"@id":"https:\/\/permakultur-landwirtschaft.org\/#\/schema\/logo\/image\/"},"sameAs":["https:\/\/www.facebook.com\/PermakulturLandwirtschaft","https:\/\/www.instagram.com\/permakultur_landwirtschaft\/","https:\/\/www.flickr.com\/photos\/permakultur-landwirtschaft","https:\/\/www.youtube.com\/@PermakulturLandwirtschaft"]},{"@type":"Person","@id":"https:\/\/permakultur-landwirtschaft.org\/#\/schema\/person\/6b0467872f75aed3e144093f9bf4f0b0","name":"adrian reutimann","url":"https:\/\/permakultur-landwirtschaft.org\/fr\/author\/reutiadr\/"}]}},"_links":{"self":[{"href":"https:\/\/permakultur-landwirtschaft.org\/fr\/wp-json\/wp\/v2\/posts\/31342","targetHints":{"allow":["GET"]}}],"collection":[{"href":"https:\/\/permakultur-landwirtschaft.org\/fr\/wp-json\/wp\/v2\/posts"}],"about":[{"href":"https:\/\/permakultur-landwirtschaft.org\/fr\/wp-json\/wp\/v2\/types\/post"}],"author":[{"embeddable":true,"href":"https:\/\/permakultur-landwirtschaft.org\/fr\/wp-json\/wp\/v2\/users\/2"}],"replies":[{"embeddable":true,"href":"https:\/\/permakultur-landwirtschaft.org\/fr\/wp-json\/wp\/v2\/comments?post=31342"}],"version-history":[{"count":3,"href":"https:\/\/permakultur-landwirtschaft.org\/fr\/wp-json\/wp\/v2\/posts\/31342\/revisions"}],"predecessor-version":[{"id":32650,"href":"https:\/\/permakultur-landwirtschaft.org\/fr\/wp-json\/wp\/v2\/posts\/31342\/revisions\/32650"}],"wp:featuredmedia":[{"embeddable":true,"href":"https:\/\/permakultur-landwirtschaft.org\/fr\/wp-json\/wp\/v2\/media\/31343"}],"wp:attachment":[{"href":"https:\/\/permakultur-landwirtschaft.org\/fr\/wp-json\/wp\/v2\/media?parent=31342"}],"wp:term":[{"taxonomy":"category","embeddable":true,"href":"https:\/\/permakultur-landwirtschaft.org\/fr\/wp-json\/wp\/v2\/categories?post=31342"},{"taxonomy":"post_tag","embeddable":true,"href":"https:\/\/permakultur-landwirtschaft.org\/fr\/wp-json\/wp\/v2\/tags?post=31342"}],"curies":[{"name":"wp","href":"https:\/\/api.w.org\/{rel}","templated":true}]}}