{"id":31340,"date":"2023-06-14T14:43:00","date_gmt":"2023-06-14T12:43:00","guid":{"rendered":"https:\/\/permakultur-landwirtschaft.org\/?p=31340"},"modified":"2023-11-28T11:25:27","modified_gmt":"2023-11-28T10:25:27","slug":"5-saeulen-der-permakultur-landwirtschaft-online-kurs-ab-oktober-2023","status":"publish","type":"post","link":"https:\/\/permakultur-landwirtschaft.org\/fr\/5-saeulen-der-permakultur-landwirtschaft-online-kurs-ab-oktober-2023\/","title":{"rendered":"4 S\u00e4ulen der Permakultur-Landwirtschaft &#8211; Online Kurs ab 16. November 2023"},"content":{"rendered":"<p>Text von permakultur-beratung.ch:<\/p>\n\n\n\n<p>In diesem ONLINE-KURS besch\u00e4ftigen wir uns mit den 4 S\u00e4ulen der PK-Landwirtschaft &#8211; einem praxisorientierten Leitfaden f\u00fcr Betriebsleiter zwecks Umsetzung von Permakultur\/Agrar\u00f6kologie auf einzelne H\u00f6fen f\u00fcr Schweiz und Zentraleuropa.<\/p>\n\n\n\n<p>An jedem Abend setzen wir uns 1.5 Stunden mit einem Thema auseinander.<\/p>\n\n\n\n<p>Neben dem Vortrag tauschen wir uns in der Gruppe aus und es gibt die M\u00f6glichkeit Fragen zu stellen.<\/p>\n\n\n\n<p>Hier die vier ONLINE KURSE zu 4 S\u00e4ulen der PK-Landwirtschaft:<\/p>\n\n\n\n<ol class=\"wp-block-list\">\n<li>Do. 16.11.2023: 20:00 -21:30 Neues Denken und Planen<\/li>\n\n\n\n<li>Do. 23.11.2023: 20:00 -21:30 \u00d6kosystemdienstleistungen optimieren<\/li>\n\n\n\n<li>Do. 30.11.2023: 20:00 -21:30 Clever wirtschaften<\/li>\n\n\n\n<li>Do. 07.12.2023: 20:00 -21:30 Vielf\u00e4ltig kooperieren<\/li>\n<\/ol>\n\n\n\n<p><a href=\"https:\/\/www.permakultur-beratung.ch\/pk-landwirtschaft\/online-kurs-5-s%C3%A4ulen-der-pk-landwirtschaft\/\" target=\"_blank\" rel=\"noreferrer noopener\">Mehr Informationen zum Onlinekurs<\/a><\/p>","protected":false},"excerpt":{"rendered":"<p>Text von permakultur-beratung.ch: In diesem ONLINE-KURS besch\u00e4ftigen wir uns mit den 4 S\u00e4ulen der PK-Landwirtschaft &#8211; einem praxisorientierten Leitfaden f\u00fcr Betriebsleiter zwecks Umsetzung von Permakultur\/Agrar\u00f6kologie auf einzelne H\u00f6fen f\u00fcr Schweiz und Zentraleuropa. An jedem Abend setzen wir uns 1.5 Stunden mit einem Thema auseinander. Neben dem Vortrag tauschen wir uns in der Gruppe aus und [&hellip;]<\/p>\n","protected":false},"author":2,"featured_media":1972,"comment_status":"closed","ping_status":"closed","sticky":false,"template":"","format":"standard","meta":{"_acf_changed":false,"site-sidebar-layout":"default","site-content-layout":"","ast-site-content-layout":"default","site-content-style":"default","site-sidebar-style":"default","ast-global-header-display":"","ast-banner-title-visibility":"","ast-main-header-display":"","ast-hfb-above-header-display":"","ast-hfb-below-header-display":"","ast-hfb-mobile-header-display":"","site-post-title":"","ast-breadcrumbs-content":"","ast-featured-img":"","footer-sml-layout":"","ast-disable-related-posts":"","theme-transparent-header-meta":"","adv-header-id-meta":"","stick-header-meta":"","header-above-stick-meta":"","header-main-stick-meta":"","header-below-stick-meta":"","astra-migrate-meta-layouts":"set","ast-page-background-enabled":"default","ast-page-background-meta":{"desktop":{"background-color":"var(--ast-global-color-4)","background-image":"","background-repeat":"repeat","background-position":"center center","background-size":"auto","background-attachment":"scroll","background-type":"","background-media":"","overlay-type":"","overlay-color":"","overlay-opacity":"","overlay-gradient":""},"tablet":{"background-color":"","background-image":"","background-repeat":"repeat","background-position":"center center","background-size":"auto","background-attachment":"scroll","background-type":"","background-media":"","overlay-type":"","overlay-color":"","overlay-opacity":"","overlay-gradient":""},"mobile":{"background-color":"","background-image":"","background-repeat":"repeat","background-position":"center center","background-size":"auto","background-attachment":"scroll","background-type":"","background-media":"","overlay-type":"","overlay-color":"","overlay-opacity":"","overlay-gradient":""}},"ast-content-background-meta":{"desktop":{"background-color":"var(--ast-global-color-5)","background-image":"","background-repeat":"repeat","background-position":"center center","background-size":"auto","background-attachment":"scroll","background-type":"","background-media":"","overlay-type":"","overlay-color":"","overlay-opacity":"","overlay-gradient":""},"tablet":{"background-color":"var(--ast-global-color-5)","background-image":"","background-repeat":"repeat","background-position":"center center","background-size":"auto","background-attachment":"scroll","background-type":"","background-media":"","overlay-type":"","overlay-color":"","overlay-opacity":"","overlay-gradient":""},"mobile":{"background-color":"var(--ast-global-color-5)","background-image":"","background-repeat":"repeat","background-position":"center center","background-size":"auto","background-attachment":"scroll","background-type":"","background-media":"","overlay-type":"","overlay-color":"","overlay-opacity":"","overlay-gradient":""}},"footnotes":""},"categories":[14],"tags":[80,36,17],"class_list":["post-31340","post","type-post","status-publish","format-standard","has-post-thumbnail","hentry","category-veranstaltung","tag-beat-roelli","tag-kurs","tag-permakultur"],"acf":[],"yoast_head":"<!-- This site is optimized with the Yoast SEO plugin v27.5 - https:\/\/yoast.com\/product\/yoast-seo-wordpress\/ -->\n<title>4 S\u00e4ulen der Permakultur-Landwirtschaft - Online Kurs ab 16. November 2023 - Permakultur-Landwirtschaft<\/title>\n<meta name=\"robots\" content=\"index, follow, max-snippet:-1, max-image-preview:large, max-video-preview:-1\" \/>\n<link rel=\"canonical\" href=\"https:\/\/permakultur-landwirtschaft.org\/fr\/5-saeulen-der-permakultur-landwirtschaft-online-kurs-ab-oktober-2023\/\" \/>\n<meta property=\"og:locale\" content=\"fr_FR\" \/>\n<meta property=\"og:type\" content=\"article\" \/>\n<meta property=\"og:title\" content=\"4 S\u00e4ulen der Permakultur-Landwirtschaft - Online Kurs ab 16. November 2023 - Permakultur-Landwirtschaft\" \/>\n<meta property=\"og:description\" content=\"Text von permakultur-beratung.ch: In diesem ONLINE-KURS besch\u00e4ftigen wir uns mit den 4 S\u00e4ulen der PK-Landwirtschaft &#8211; einem praxisorientierten Leitfaden f\u00fcr Betriebsleiter zwecks Umsetzung von Permakultur\/Agrar\u00f6kologie auf einzelne H\u00f6fen f\u00fcr Schweiz und Zentraleuropa. An jedem Abend setzen wir uns 1.5 Stunden mit einem Thema auseinander. Neben dem Vortrag tauschen wir uns in der Gruppe aus und [&hellip;]\" \/>\n<meta property=\"og:url\" content=\"https:\/\/permakultur-landwirtschaft.org\/fr\/5-saeulen-der-permakultur-landwirtschaft-online-kurs-ab-oktober-2023\/\" \/>\n<meta property=\"og:site_name\" content=\"Permakultur-Landwirtschaft\" \/>\n<meta property=\"article:publisher\" content=\"https:\/\/www.facebook.com\/PermakulturLandwirtschaft\" \/>\n<meta property=\"article:published_time\" content=\"2023-06-14T12:43:00+00:00\" \/>\n<meta property=\"article:modified_time\" content=\"2023-11-28T10:25:27+00:00\" \/>\n<meta property=\"og:image\" content=\"https:\/\/permakultur-landwirtschaft.org\/wp-content\/uploads\/2020\/05\/beat_20200408.jpeg\" \/>\n\t<meta property=\"og:image:width\" content=\"408\" \/>\n\t<meta property=\"og:image:height\" content=\"272\" \/>\n\t<meta property=\"og:image:type\" content=\"image\/jpeg\" \/>\n<meta name=\"author\" content=\"adrian reutimann\" \/>\n<meta name=\"twitter:card\" content=\"summary_large_image\" \/>\n<meta name=\"twitter:label1\" content=\"\u00c9crit par\" \/>\n\t<meta name=\"twitter:data1\" content=\"adrian reutimann\" \/>\n\t<meta name=\"twitter:label2\" content=\"Dur\u00e9e de lecture estim\u00e9e\" \/>\n\t<meta name=\"twitter:data2\" content=\"1 minute\" \/>\n<script type=\"application\/ld+json\" class=\"yoast-schema-graph\">{\"@context\":\"https:\\\/\\\/schema.org\",\"@graph\":[{\"@type\":\"Article\",\"@id\":\"https:\\\/\\\/permakultur-landwirtschaft.org\\\/5-saeulen-der-permakultur-landwirtschaft-online-kurs-ab-oktober-2023\\\/#article\",\"isPartOf\":{\"@id\":\"https:\\\/\\\/permakultur-landwirtschaft.org\\\/5-saeulen-der-permakultur-landwirtschaft-online-kurs-ab-oktober-2023\\\/\"},\"author\":{\"name\":\"adrian reutimann\",\"@id\":\"https:\\\/\\\/permakultur-landwirtschaft.org\\\/#\\\/schema\\\/person\\\/6b0467872f75aed3e144093f9bf4f0b0\"},\"headline\":\"4 S\u00e4ulen der Permakultur-Landwirtschaft &#8211; Online Kurs ab 16. November 2023\",\"datePublished\":\"2023-06-14T12:43:00+00:00\",\"dateModified\":\"2023-11-28T10:25:27+00:00\",\"mainEntityOfPage\":{\"@id\":\"https:\\\/\\\/permakultur-landwirtschaft.org\\\/5-saeulen-der-permakultur-landwirtschaft-online-kurs-ab-oktober-2023\\\/\"},\"wordCount\":111,\"publisher\":{\"@id\":\"https:\\\/\\\/permakultur-landwirtschaft.org\\\/#organization\"},\"image\":{\"@id\":\"https:\\\/\\\/permakultur-landwirtschaft.org\\\/5-saeulen-der-permakultur-landwirtschaft-online-kurs-ab-oktober-2023\\\/#primaryimage\"},\"thumbnailUrl\":\"https:\\\/\\\/permakultur-landwirtschaft.org\\\/wp-content\\\/uploads\\\/2020\\\/05\\\/beat_20200408.jpeg\",\"keywords\":[\"Beat R\u00f6lli\",\"Kurs\",\"Permakultur\"],\"articleSection\":[\"Veranstaltung\"],\"inLanguage\":\"fr-FR\"},{\"@type\":\"WebPage\",\"@id\":\"https:\\\/\\\/permakultur-landwirtschaft.org\\\/5-saeulen-der-permakultur-landwirtschaft-online-kurs-ab-oktober-2023\\\/\",\"url\":\"https:\\\/\\\/permakultur-landwirtschaft.org\\\/5-saeulen-der-permakultur-landwirtschaft-online-kurs-ab-oktober-2023\\\/\",\"name\":\"4 S\u00e4ulen der Permakultur-Landwirtschaft - Online Kurs ab 16. November 2023 - Permakultur-Landwirtschaft\",\"isPartOf\":{\"@id\":\"https:\\\/\\\/permakultur-landwirtschaft.org\\\/#website\"},\"primaryImageOfPage\":{\"@id\":\"https:\\\/\\\/permakultur-landwirtschaft.org\\\/5-saeulen-der-permakultur-landwirtschaft-online-kurs-ab-oktober-2023\\\/#primaryimage\"},\"image\":{\"@id\":\"https:\\\/\\\/permakultur-landwirtschaft.org\\\/5-saeulen-der-permakultur-landwirtschaft-online-kurs-ab-oktober-2023\\\/#primaryimage\"},\"thumbnailUrl\":\"https:\\\/\\\/permakultur-landwirtschaft.org\\\/wp-content\\\/uploads\\\/2020\\\/05\\\/beat_20200408.jpeg\",\"datePublished\":\"2023-06-14T12:43:00+00:00\",\"dateModified\":\"2023-11-28T10:25:27+00:00\",\"breadcrumb\":{\"@id\":\"https:\\\/\\\/permakultur-landwirtschaft.org\\\/5-saeulen-der-permakultur-landwirtschaft-online-kurs-ab-oktober-2023\\\/#breadcrumb\"},\"inLanguage\":\"fr-FR\",\"potentialAction\":[{\"@type\":\"ReadAction\",\"target\":[\"https:\\\/\\\/permakultur-landwirtschaft.org\\\/5-saeulen-der-permakultur-landwirtschaft-online-kurs-ab-oktober-2023\\\/\"]}]},{\"@type\":\"ImageObject\",\"inLanguage\":\"fr-FR\",\"@id\":\"https:\\\/\\\/permakultur-landwirtschaft.org\\\/5-saeulen-der-permakultur-landwirtschaft-online-kurs-ab-oktober-2023\\\/#primaryimage\",\"url\":\"https:\\\/\\\/permakultur-landwirtschaft.org\\\/wp-content\\\/uploads\\\/2020\\\/05\\\/beat_20200408.jpeg\",\"contentUrl\":\"https:\\\/\\\/permakultur-landwirtschaft.org\\\/wp-content\\\/uploads\\\/2020\\\/05\\\/beat_20200408.jpeg\",\"width\":408,\"height\":272,\"caption\":\"Bild: permakultur-beratung.ch\"},{\"@type\":\"BreadcrumbList\",\"@id\":\"https:\\\/\\\/permakultur-landwirtschaft.org\\\/5-saeulen-der-permakultur-landwirtschaft-online-kurs-ab-oktober-2023\\\/#breadcrumb\",\"itemListElement\":[{\"@type\":\"ListItem\",\"position\":1,\"name\":\"Startseite\",\"item\":\"https:\\\/\\\/permakultur-landwirtschaft.org\\\/\"},{\"@type\":\"ListItem\",\"position\":2,\"name\":\"4 S\u00e4ulen der Permakultur-Landwirtschaft &#8211; Online Kurs ab 16. November 2023\"}]},{\"@type\":\"WebSite\",\"@id\":\"https:\\\/\\\/permakultur-landwirtschaft.org\\\/#website\",\"url\":\"https:\\\/\\\/permakultur-landwirtschaft.org\\\/\",\"name\":\"Permakultur-Landwirtschaft\",\"description\":\"F\u00f6rderung der Permakultur in der Landwirtschaft\",\"publisher\":{\"@id\":\"https:\\\/\\\/permakultur-landwirtschaft.org\\\/#organization\"},\"potentialAction\":[{\"@type\":\"SearchAction\",\"target\":{\"@type\":\"EntryPoint\",\"urlTemplate\":\"https:\\\/\\\/permakultur-landwirtschaft.org\\\/?s={search_term_string}\"},\"query-input\":{\"@type\":\"PropertyValueSpecification\",\"valueRequired\":true,\"valueName\":\"search_term_string\"}}],\"inLanguage\":\"fr-FR\"},{\"@type\":\"Organization\",\"@id\":\"https:\\\/\\\/permakultur-landwirtschaft.org\\\/#organization\",\"name\":\"Permakultur-Landwirtschaft\",\"alternateName\":\"Verein Permakultur-Landwirtschaft\",\"url\":\"https:\\\/\\\/permakultur-landwirtschaft.org\\\/\",\"logo\":{\"@type\":\"ImageObject\",\"inLanguage\":\"fr-FR\",\"@id\":\"https:\\\/\\\/permakultur-landwirtschaft.org\\\/#\\\/schema\\\/logo\\\/image\\\/\",\"url\":\"https:\\\/\\\/permakultur-landwirtschaft.org\\\/wp-content\\\/uploads\\\/2021\\\/11\\\/pela_1268x1269.png\",\"contentUrl\":\"https:\\\/\\\/permakultur-landwirtschaft.org\\\/wp-content\\\/uploads\\\/2021\\\/11\\\/pela_1268x1269.png\",\"width\":1298,\"height\":1269,\"caption\":\"Permakultur-Landwirtschaft\"},\"image\":{\"@id\":\"https:\\\/\\\/permakultur-landwirtschaft.org\\\/#\\\/schema\\\/logo\\\/image\\\/\"},\"sameAs\":[\"https:\\\/\\\/www.facebook.com\\\/PermakulturLandwirtschaft\",\"https:\\\/\\\/www.instagram.com\\\/permakultur_landwirtschaft\\\/\",\"https:\\\/\\\/www.flickr.com\\\/photos\\\/permakultur-landwirtschaft\",\"https:\\\/\\\/www.youtube.com\\\/@PermakulturLandwirtschaft\"]},{\"@type\":\"Person\",\"@id\":\"https:\\\/\\\/permakultur-landwirtschaft.org\\\/#\\\/schema\\\/person\\\/6b0467872f75aed3e144093f9bf4f0b0\",\"name\":\"adrian reutimann\",\"url\":\"https:\\\/\\\/permakultur-landwirtschaft.org\\\/fr\\\/author\\\/reutiadr\\\/\"}]}<\/script>\n<!-- \/ Yoast SEO plugin. -->","yoast_head_json":{"title":"4 S\u00e4ulen der Permakultur-Landwirtschaft - Online Kurs ab 16. November 2023 - Permakultur-Landwirtschaft","robots":{"index":"index","follow":"follow","max-snippet":"max-snippet:-1","max-image-preview":"max-image-preview:large","max-video-preview":"max-video-preview:-1"},"canonical":"https:\/\/permakultur-landwirtschaft.org\/fr\/5-saeulen-der-permakultur-landwirtschaft-online-kurs-ab-oktober-2023\/","og_locale":"fr_FR","og_type":"article","og_title":"4 S\u00e4ulen der Permakultur-Landwirtschaft - Online Kurs ab 16. November 2023 - Permakultur-Landwirtschaft","og_description":"Text von permakultur-beratung.ch: In diesem ONLINE-KURS besch\u00e4ftigen wir uns mit den 4 S\u00e4ulen der PK-Landwirtschaft &#8211; einem praxisorientierten Leitfaden f\u00fcr Betriebsleiter zwecks Umsetzung von Permakultur\/Agrar\u00f6kologie auf einzelne H\u00f6fen f\u00fcr Schweiz und Zentraleuropa. An jedem Abend setzen wir uns 1.5 Stunden mit einem Thema auseinander. Neben dem Vortrag tauschen wir uns in der Gruppe aus und [&hellip;]","og_url":"https:\/\/permakultur-landwirtschaft.org\/fr\/5-saeulen-der-permakultur-landwirtschaft-online-kurs-ab-oktober-2023\/","og_site_name":"Permakultur-Landwirtschaft","article_publisher":"https:\/\/www.facebook.com\/PermakulturLandwirtschaft","article_published_time":"2023-06-14T12:43:00+00:00","article_modified_time":"2023-11-28T10:25:27+00:00","og_image":[{"width":408,"height":272,"url":"https:\/\/permakultur-landwirtschaft.org\/wp-content\/uploads\/2020\/05\/beat_20200408.jpeg","type":"image\/jpeg"}],"author":"adrian reutimann","twitter_card":"summary_large_image","twitter_misc":{"\u00c9crit par":"adrian reutimann","Dur\u00e9e de lecture estim\u00e9e":"1 minute"},"schema":{"@context":"https:\/\/schema.org","@graph":[{"@type":"Article","@id":"https:\/\/permakultur-landwirtschaft.org\/5-saeulen-der-permakultur-landwirtschaft-online-kurs-ab-oktober-2023\/#article","isPartOf":{"@id":"https:\/\/permakultur-landwirtschaft.org\/5-saeulen-der-permakultur-landwirtschaft-online-kurs-ab-oktober-2023\/"},"author":{"name":"adrian reutimann","@id":"https:\/\/permakultur-landwirtschaft.org\/#\/schema\/person\/6b0467872f75aed3e144093f9bf4f0b0"},"headline":"4 S\u00e4ulen der Permakultur-Landwirtschaft &#8211; Online Kurs ab 16. November 2023","datePublished":"2023-06-14T12:43:00+00:00","dateModified":"2023-11-28T10:25:27+00:00","mainEntityOfPage":{"@id":"https:\/\/permakultur-landwirtschaft.org\/5-saeulen-der-permakultur-landwirtschaft-online-kurs-ab-oktober-2023\/"},"wordCount":111,"publisher":{"@id":"https:\/\/permakultur-landwirtschaft.org\/#organization"},"image":{"@id":"https:\/\/permakultur-landwirtschaft.org\/5-saeulen-der-permakultur-landwirtschaft-online-kurs-ab-oktober-2023\/#primaryimage"},"thumbnailUrl":"https:\/\/permakultur-landwirtschaft.org\/wp-content\/uploads\/2020\/05\/beat_20200408.jpeg","keywords":["Beat R\u00f6lli","Kurs","Permakultur"],"articleSection":["Veranstaltung"],"inLanguage":"fr-FR"},{"@type":"WebPage","@id":"https:\/\/permakultur-landwirtschaft.org\/5-saeulen-der-permakultur-landwirtschaft-online-kurs-ab-oktober-2023\/","url":"https:\/\/permakultur-landwirtschaft.org\/5-saeulen-der-permakultur-landwirtschaft-online-kurs-ab-oktober-2023\/","name":"4 S\u00e4ulen der Permakultur-Landwirtschaft - Online Kurs ab 16. November 2023 - Permakultur-Landwirtschaft","isPartOf":{"@id":"https:\/\/permakultur-landwirtschaft.org\/#website"},"primaryImageOfPage":{"@id":"https:\/\/permakultur-landwirtschaft.org\/5-saeulen-der-permakultur-landwirtschaft-online-kurs-ab-oktober-2023\/#primaryimage"},"image":{"@id":"https:\/\/permakultur-landwirtschaft.org\/5-saeulen-der-permakultur-landwirtschaft-online-kurs-ab-oktober-2023\/#primaryimage"},"thumbnailUrl":"https:\/\/permakultur-landwirtschaft.org\/wp-content\/uploads\/2020\/05\/beat_20200408.jpeg","datePublished":"2023-06-14T12:43:00+00:00","dateModified":"2023-11-28T10:25:27+00:00","breadcrumb":{"@id":"https:\/\/permakultur-landwirtschaft.org\/5-saeulen-der-permakultur-landwirtschaft-online-kurs-ab-oktober-2023\/#breadcrumb"},"inLanguage":"fr-FR","potentialAction":[{"@type":"ReadAction","target":["https:\/\/permakultur-landwirtschaft.org\/5-saeulen-der-permakultur-landwirtschaft-online-kurs-ab-oktober-2023\/"]}]},{"@type":"ImageObject","inLanguage":"fr-FR","@id":"https:\/\/permakultur-landwirtschaft.org\/5-saeulen-der-permakultur-landwirtschaft-online-kurs-ab-oktober-2023\/#primaryimage","url":"https:\/\/permakultur-landwirtschaft.org\/wp-content\/uploads\/2020\/05\/beat_20200408.jpeg","contentUrl":"https:\/\/permakultur-landwirtschaft.org\/wp-content\/uploads\/2020\/05\/beat_20200408.jpeg","width":408,"height":272,"caption":"Bild: permakultur-beratung.ch"},{"@type":"BreadcrumbList","@id":"https:\/\/permakultur-landwirtschaft.org\/5-saeulen-der-permakultur-landwirtschaft-online-kurs-ab-oktober-2023\/#breadcrumb","itemListElement":[{"@type":"ListItem","position":1,"name":"Startseite","item":"https:\/\/permakultur-landwirtschaft.org\/"},{"@type":"ListItem","position":2,"name":"4 S\u00e4ulen der Permakultur-Landwirtschaft &#8211; Online Kurs ab 16. November 2023"}]},{"@type":"WebSite","@id":"https:\/\/permakultur-landwirtschaft.org\/#website","url":"https:\/\/permakultur-landwirtschaft.org\/","name":"Permakultur-Landwirtschaft","description":"F\u00f6rderung der Permakultur in der Landwirtschaft","publisher":{"@id":"https:\/\/permakultur-landwirtschaft.org\/#organization"},"potentialAction":[{"@type":"SearchAction","target":{"@type":"EntryPoint","urlTemplate":"https:\/\/permakultur-landwirtschaft.org\/?s={search_term_string}"},"query-input":{"@type":"PropertyValueSpecification","valueRequired":true,"valueName":"search_term_string"}}],"inLanguage":"fr-FR"},{"@type":"Organization","@id":"https:\/\/permakultur-landwirtschaft.org\/#organization","name":"Permakultur-Landwirtschaft","alternateName":"Verein Permakultur-Landwirtschaft","url":"https:\/\/permakultur-landwirtschaft.org\/","logo":{"@type":"ImageObject","inLanguage":"fr-FR","@id":"https:\/\/permakultur-landwirtschaft.org\/#\/schema\/logo\/image\/","url":"https:\/\/permakultur-landwirtschaft.org\/wp-content\/uploads\/2021\/11\/pela_1268x1269.png","contentUrl":"https:\/\/permakultur-landwirtschaft.org\/wp-content\/uploads\/2021\/11\/pela_1268x1269.png","width":1298,"height":1269,"caption":"Permakultur-Landwirtschaft"},"image":{"@id":"https:\/\/permakultur-landwirtschaft.org\/#\/schema\/logo\/image\/"},"sameAs":["https:\/\/www.facebook.com\/PermakulturLandwirtschaft","https:\/\/www.instagram.com\/permakultur_landwirtschaft\/","https:\/\/www.flickr.com\/photos\/permakultur-landwirtschaft","https:\/\/www.youtube.com\/@PermakulturLandwirtschaft"]},{"@type":"Person","@id":"https:\/\/permakultur-landwirtschaft.org\/#\/schema\/person\/6b0467872f75aed3e144093f9bf4f0b0","name":"adrian reutimann","url":"https:\/\/permakultur-landwirtschaft.org\/fr\/author\/reutiadr\/"}]}},"_links":{"self":[{"href":"https:\/\/permakultur-landwirtschaft.org\/fr\/wp-json\/wp\/v2\/posts\/31340","targetHints":{"allow":["GET"]}}],"collection":[{"href":"https:\/\/permakultur-landwirtschaft.org\/fr\/wp-json\/wp\/v2\/posts"}],"about":[{"href":"https:\/\/permakultur-landwirtschaft.org\/fr\/wp-json\/wp\/v2\/types\/post"}],"author":[{"embeddable":true,"href":"https:\/\/permakultur-landwirtschaft.org\/fr\/wp-json\/wp\/v2\/users\/2"}],"replies":[{"embeddable":true,"href":"https:\/\/permakultur-landwirtschaft.org\/fr\/wp-json\/wp\/v2\/comments?post=31340"}],"version-history":[{"count":6,"href":"https:\/\/permakultur-landwirtschaft.org\/fr\/wp-json\/wp\/v2\/posts\/31340\/revisions"}],"predecessor-version":[{"id":33146,"href":"https:\/\/permakultur-landwirtschaft.org\/fr\/wp-json\/wp\/v2\/posts\/31340\/revisions\/33146"}],"wp:featuredmedia":[{"embeddable":true,"href":"https:\/\/permakultur-landwirtschaft.org\/fr\/wp-json\/wp\/v2\/media\/1972"}],"wp:attachment":[{"href":"https:\/\/permakultur-landwirtschaft.org\/fr\/wp-json\/wp\/v2\/media?parent=31340"}],"wp:term":[{"taxonomy":"category","embeddable":true,"href":"https:\/\/permakultur-landwirtschaft.org\/fr\/wp-json\/wp\/v2\/categories?post=31340"},{"taxonomy":"post_tag","embeddable":true,"href":"https:\/\/permakultur-landwirtschaft.org\/fr\/wp-json\/wp\/v2\/tags?post=31340"}],"curies":[{"name":"wp","href":"https:\/\/api.w.org\/{rel}","templated":true}]}}