{"id":31337,"date":"2023-08-01T14:05:00","date_gmt":"2023-08-01T12:05:00","guid":{"rendered":"https:\/\/permakultur-landwirtschaft.org\/?p=31337"},"modified":"2023-08-08T14:09:21","modified_gmt":"2023-08-08T12:09:21","slug":"mit-der-natur-statt-gegen-sie-wirtschaften-interview-mit-ernst-goetsch","status":"publish","type":"post","link":"https:\/\/permakultur-landwirtschaft.org\/fr\/mit-der-natur-statt-gegen-sie-wirtschaften-interview-mit-ernst-goetsch\/","title":{"rendered":"Mit der Natur, statt gegen sie wirt\u00adschaften &#8211; Interview mit Ernst G\u00f6tsch"},"content":{"rendered":"<p>Text von amazonian-future.de:<\/p>\n\n\n\n<p>Gand\u00fa. Bei dem Mann, der die Idee f\u00fcr eine Revolution in der Land \u00adwirtschaft hat, geht es z\u00fcnftig zu. Das Ger\u00e4usch der Kettens\u00e4ge dringt schon von weitem durch seinen dichten Wald im S\u00fcden des brasilianischen Bundes\u00adstaates Bahia. Von fr\u00fch bis sp\u00e4t, unter\u00adbrochen durch trockene Schl\u00e4ge mit der Machete. Doch statt Kahl\u00adschlag entsteht hier ein menschen\u00adgemachter Dschungel. \u201eDahinter steckt ein 72-j\u00e4hriger Schweizer vom Bodensee, halb Dick\u00adsch\u00e4del, halb Genie, mit einer Idee, die die Land\u00adwirtschaft auf den Kopf stellen k\u00f6nnte: \u201eSyntropie\u201c hat Ernst G\u00f6tsch sein System genannt, in dem die Pflanzen eine Misch\u00adgesellschaft bilden, bestimmte Stoffwechsel\u00adprodukte f\u00fcreinander produzieren und mit der Zeit immer komplexere \u00d6ko\u00adsysteme und immer frucht\u00adbarere B\u00f6den bilden. Also genau das Gegen\u00adteil der herk\u00f6mm\u00adlichen, mechanisierten Chemie-Landwirtschaft. Ein System, das mit der Natur und nicht gegen sie arbeitet, wie der hagere Mann mit dem Ziegen\u00adbart betont. Und das Erfolge zeitigt. Mittler\u00adweile ist G\u00f6tsch welt\u00adweit im Einsatz, von Portugal bis China.<\/p>\n\n\n\n<p><a href=\"https:\/\/amazonian-future.de\/interview-ernst-goetsch\/\" target=\"_blank\" rel=\"noreferrer noopener\">Link zum Interview mit Ernst G\u00f6tsch<\/a><\/p>\n\n\n\n<p><a href=\"https:\/\/amazonian-future.de\/syntropie\/\" target=\"_blank\" rel=\"noreferrer noopener\">Infos zu Syntropischer Landwirtschaft<\/a><\/p>","protected":false},"excerpt":{"rendered":"<p>Text von amazonian-future.de: Gand\u00fa. Bei dem Mann, der die Idee f\u00fcr eine Revolution in der Land \u00adwirtschaft hat, geht es z\u00fcnftig zu. Das Ger\u00e4usch der Kettens\u00e4ge dringt schon von weitem durch seinen dichten Wald im S\u00fcden des brasilianischen Bundes\u00adstaates Bahia. Von fr\u00fch bis sp\u00e4t, unter\u00adbrochen durch trockene Schl\u00e4ge mit der Machete. Doch statt Kahl\u00adschlag entsteht [&hellip;]<\/p>\n","protected":false},"author":2,"featured_media":31338,"comment_status":"closed","ping_status":"closed","sticky":false,"template":"","format":"standard","meta":{"_acf_changed":false,"site-sidebar-layout":"default","site-content-layout":"","ast-site-content-layout":"default","site-content-style":"default","site-sidebar-style":"default","ast-global-header-display":"","ast-banner-title-visibility":"","ast-main-header-display":"","ast-hfb-above-header-display":"","ast-hfb-below-header-display":"","ast-hfb-mobile-header-display":"","site-post-title":"","ast-breadcrumbs-content":"","ast-featured-img":"","footer-sml-layout":"","ast-disable-related-posts":"","theme-transparent-header-meta":"","adv-header-id-meta":"","stick-header-meta":"","header-above-stick-meta":"","header-main-stick-meta":"","header-below-stick-meta":"","astra-migrate-meta-layouts":"default","ast-page-background-enabled":"default","ast-page-background-meta":{"desktop":{"background-color":"var(--ast-global-color-4)","background-image":"","background-repeat":"repeat","background-position":"center center","background-size":"auto","background-attachment":"scroll","background-type":"","background-media":"","overlay-type":"","overlay-color":"","overlay-opacity":"","overlay-gradient":""},"tablet":{"background-color":"","background-image":"","background-repeat":"repeat","background-position":"center center","background-size":"auto","background-attachment":"scroll","background-type":"","background-media":"","overlay-type":"","overlay-color":"","overlay-opacity":"","overlay-gradient":""},"mobile":{"background-color":"","background-image":"","background-repeat":"repeat","background-position":"center center","background-size":"auto","background-attachment":"scroll","background-type":"","background-media":"","overlay-type":"","overlay-color":"","overlay-opacity":"","overlay-gradient":""}},"ast-content-background-meta":{"desktop":{"background-color":"var(--ast-global-color-5)","background-image":"","background-repeat":"repeat","background-position":"center center","background-size":"auto","background-attachment":"scroll","background-type":"","background-media":"","overlay-type":"","overlay-color":"","overlay-opacity":"","overlay-gradient":""},"tablet":{"background-color":"var(--ast-global-color-5)","background-image":"","background-repeat":"repeat","background-position":"center center","background-size":"auto","background-attachment":"scroll","background-type":"","background-media":"","overlay-type":"","overlay-color":"","overlay-opacity":"","overlay-gradient":""},"mobile":{"background-color":"var(--ast-global-color-5)","background-image":"","background-repeat":"repeat","background-position":"center center","background-size":"auto","background-attachment":"scroll","background-type":"","background-media":"","overlay-type":"","overlay-color":"","overlay-opacity":"","overlay-gradient":""}},"footnotes":""},"categories":[22],"tags":[29,78],"class_list":["post-31337","post","type-post","status-publish","format-standard","has-post-thumbnail","hentry","category-neuigkeit","tag-ernst-goetsch","tag-syntropische-landwirtschaft"],"acf":[],"yoast_head":"<!-- This site is optimized with the Yoast SEO plugin v27.5 - https:\/\/yoast.com\/product\/yoast-seo-wordpress\/ -->\n<title>Mit der Natur, statt gegen sie wirt\u00adschaften - Interview mit Ernst G\u00f6tsch - Permakultur-Landwirtschaft<\/title>\n<meta name=\"robots\" content=\"index, follow, max-snippet:-1, max-image-preview:large, max-video-preview:-1\" \/>\n<link rel=\"canonical\" href=\"https:\/\/permakultur-landwirtschaft.org\/fr\/mit-der-natur-statt-gegen-sie-wirtschaften-interview-mit-ernst-goetsch\/\" \/>\n<meta property=\"og:locale\" content=\"fr_FR\" \/>\n<meta property=\"og:type\" content=\"article\" \/>\n<meta property=\"og:title\" content=\"Mit der Natur, statt gegen sie wirt\u00adschaften - Interview mit Ernst G\u00f6tsch - Permakultur-Landwirtschaft\" \/>\n<meta property=\"og:description\" content=\"Text von amazonian-future.de: Gand\u00fa. Bei dem Mann, der die Idee f\u00fcr eine Revolution in der Land \u00adwirtschaft hat, geht es z\u00fcnftig zu. Das Ger\u00e4usch der Kettens\u00e4ge dringt schon von weitem durch seinen dichten Wald im S\u00fcden des brasilianischen Bundes\u00adstaates Bahia. Von fr\u00fch bis sp\u00e4t, unter\u00adbrochen durch trockene Schl\u00e4ge mit der Machete. Doch statt Kahl\u00adschlag entsteht [&hellip;]\" \/>\n<meta property=\"og:url\" content=\"https:\/\/permakultur-landwirtschaft.org\/fr\/mit-der-natur-statt-gegen-sie-wirtschaften-interview-mit-ernst-goetsch\/\" \/>\n<meta property=\"og:site_name\" content=\"Permakultur-Landwirtschaft\" \/>\n<meta property=\"article:publisher\" content=\"https:\/\/www.facebook.com\/PermakulturLandwirtschaft\" \/>\n<meta property=\"article:published_time\" content=\"2023-08-01T12:05:00+00:00\" \/>\n<meta property=\"article:modified_time\" content=\"2023-08-08T12:09:21+00:00\" \/>\n<meta property=\"og:image\" content=\"https:\/\/permakultur-landwirtschaft.org\/wp-content\/uploads\/2023\/08\/ernst_goetsch_155023_web-2.jpg\" \/>\n\t<meta property=\"og:image:width\" content=\"700\" \/>\n\t<meta property=\"og:image:height\" content=\"467\" \/>\n\t<meta property=\"og:image:type\" content=\"image\/jpeg\" \/>\n<meta name=\"author\" content=\"adrian reutimann\" \/>\n<meta name=\"twitter:card\" content=\"summary_large_image\" \/>\n<meta name=\"twitter:label1\" content=\"\u00c9crit par\" \/>\n\t<meta name=\"twitter:data1\" content=\"adrian reutimann\" \/>\n\t<meta name=\"twitter:label2\" content=\"Dur\u00e9e de lecture estim\u00e9e\" \/>\n\t<meta name=\"twitter:data2\" content=\"1 minute\" \/>\n<script type=\"application\/ld+json\" class=\"yoast-schema-graph\">{\"@context\":\"https:\\\/\\\/schema.org\",\"@graph\":[{\"@type\":\"Article\",\"@id\":\"https:\\\/\\\/permakultur-landwirtschaft.org\\\/mit-der-natur-statt-gegen-sie-wirtschaften-interview-mit-ernst-goetsch\\\/#article\",\"isPartOf\":{\"@id\":\"https:\\\/\\\/permakultur-landwirtschaft.org\\\/mit-der-natur-statt-gegen-sie-wirtschaften-interview-mit-ernst-goetsch\\\/\"},\"author\":{\"name\":\"adrian reutimann\",\"@id\":\"https:\\\/\\\/permakultur-landwirtschaft.org\\\/#\\\/schema\\\/person\\\/6b0467872f75aed3e144093f9bf4f0b0\"},\"headline\":\"Mit der Natur, statt gegen sie wirt\u00adschaften &#8211; Interview mit Ernst G\u00f6tsch\",\"datePublished\":\"2023-08-01T12:05:00+00:00\",\"dateModified\":\"2023-08-08T12:09:21+00:00\",\"mainEntityOfPage\":{\"@id\":\"https:\\\/\\\/permakultur-landwirtschaft.org\\\/mit-der-natur-statt-gegen-sie-wirtschaften-interview-mit-ernst-goetsch\\\/\"},\"wordCount\":209,\"publisher\":{\"@id\":\"https:\\\/\\\/permakultur-landwirtschaft.org\\\/#organization\"},\"image\":{\"@id\":\"https:\\\/\\\/permakultur-landwirtschaft.org\\\/mit-der-natur-statt-gegen-sie-wirtschaften-interview-mit-ernst-goetsch\\\/#primaryimage\"},\"thumbnailUrl\":\"https:\\\/\\\/permakultur-landwirtschaft.org\\\/wp-content\\\/uploads\\\/2023\\\/08\\\/ernst_goetsch_155023_web-2.jpg\",\"keywords\":[\"ernst g\u00f6tsch\",\"Syntropische Landwirtschaft\"],\"articleSection\":[\"Neuigkeit\"],\"inLanguage\":\"fr-FR\"},{\"@type\":\"WebPage\",\"@id\":\"https:\\\/\\\/permakultur-landwirtschaft.org\\\/mit-der-natur-statt-gegen-sie-wirtschaften-interview-mit-ernst-goetsch\\\/\",\"url\":\"https:\\\/\\\/permakultur-landwirtschaft.org\\\/mit-der-natur-statt-gegen-sie-wirtschaften-interview-mit-ernst-goetsch\\\/\",\"name\":\"Mit der Natur, statt gegen sie wirt\u00adschaften - Interview mit Ernst G\u00f6tsch - Permakultur-Landwirtschaft\",\"isPartOf\":{\"@id\":\"https:\\\/\\\/permakultur-landwirtschaft.org\\\/#website\"},\"primaryImageOfPage\":{\"@id\":\"https:\\\/\\\/permakultur-landwirtschaft.org\\\/mit-der-natur-statt-gegen-sie-wirtschaften-interview-mit-ernst-goetsch\\\/#primaryimage\"},\"image\":{\"@id\":\"https:\\\/\\\/permakultur-landwirtschaft.org\\\/mit-der-natur-statt-gegen-sie-wirtschaften-interview-mit-ernst-goetsch\\\/#primaryimage\"},\"thumbnailUrl\":\"https:\\\/\\\/permakultur-landwirtschaft.org\\\/wp-content\\\/uploads\\\/2023\\\/08\\\/ernst_goetsch_155023_web-2.jpg\",\"datePublished\":\"2023-08-01T12:05:00+00:00\",\"dateModified\":\"2023-08-08T12:09:21+00:00\",\"breadcrumb\":{\"@id\":\"https:\\\/\\\/permakultur-landwirtschaft.org\\\/mit-der-natur-statt-gegen-sie-wirtschaften-interview-mit-ernst-goetsch\\\/#breadcrumb\"},\"inLanguage\":\"fr-FR\",\"potentialAction\":[{\"@type\":\"ReadAction\",\"target\":[\"https:\\\/\\\/permakultur-landwirtschaft.org\\\/mit-der-natur-statt-gegen-sie-wirtschaften-interview-mit-ernst-goetsch\\\/\"]}]},{\"@type\":\"ImageObject\",\"inLanguage\":\"fr-FR\",\"@id\":\"https:\\\/\\\/permakultur-landwirtschaft.org\\\/mit-der-natur-statt-gegen-sie-wirtschaften-interview-mit-ernst-goetsch\\\/#primaryimage\",\"url\":\"https:\\\/\\\/permakultur-landwirtschaft.org\\\/wp-content\\\/uploads\\\/2023\\\/08\\\/ernst_goetsch_155023_web-2.jpg\",\"contentUrl\":\"https:\\\/\\\/permakultur-landwirtschaft.org\\\/wp-content\\\/uploads\\\/2023\\\/08\\\/ernst_goetsch_155023_web-2.jpg\",\"width\":700,\"height\":467,\"caption\":\"Bild: amazonian-future.de\"},{\"@type\":\"BreadcrumbList\",\"@id\":\"https:\\\/\\\/permakultur-landwirtschaft.org\\\/mit-der-natur-statt-gegen-sie-wirtschaften-interview-mit-ernst-goetsch\\\/#breadcrumb\",\"itemListElement\":[{\"@type\":\"ListItem\",\"position\":1,\"name\":\"Startseite\",\"item\":\"https:\\\/\\\/permakultur-landwirtschaft.org\\\/\"},{\"@type\":\"ListItem\",\"position\":2,\"name\":\"Mit der Natur, statt gegen sie wirt\u00adschaften &#8211; Interview mit Ernst G\u00f6tsch\"}]},{\"@type\":\"WebSite\",\"@id\":\"https:\\\/\\\/permakultur-landwirtschaft.org\\\/#website\",\"url\":\"https:\\\/\\\/permakultur-landwirtschaft.org\\\/\",\"name\":\"Permakultur-Landwirtschaft\",\"description\":\"F\u00f6rderung der Permakultur in der Landwirtschaft\",\"publisher\":{\"@id\":\"https:\\\/\\\/permakultur-landwirtschaft.org\\\/#organization\"},\"potentialAction\":[{\"@type\":\"SearchAction\",\"target\":{\"@type\":\"EntryPoint\",\"urlTemplate\":\"https:\\\/\\\/permakultur-landwirtschaft.org\\\/?s={search_term_string}\"},\"query-input\":{\"@type\":\"PropertyValueSpecification\",\"valueRequired\":true,\"valueName\":\"search_term_string\"}}],\"inLanguage\":\"fr-FR\"},{\"@type\":\"Organization\",\"@id\":\"https:\\\/\\\/permakultur-landwirtschaft.org\\\/#organization\",\"name\":\"Permakultur-Landwirtschaft\",\"alternateName\":\"Verein Permakultur-Landwirtschaft\",\"url\":\"https:\\\/\\\/permakultur-landwirtschaft.org\\\/\",\"logo\":{\"@type\":\"ImageObject\",\"inLanguage\":\"fr-FR\",\"@id\":\"https:\\\/\\\/permakultur-landwirtschaft.org\\\/#\\\/schema\\\/logo\\\/image\\\/\",\"url\":\"https:\\\/\\\/permakultur-landwirtschaft.org\\\/wp-content\\\/uploads\\\/2021\\\/11\\\/pela_1268x1269.png\",\"contentUrl\":\"https:\\\/\\\/permakultur-landwirtschaft.org\\\/wp-content\\\/uploads\\\/2021\\\/11\\\/pela_1268x1269.png\",\"width\":1298,\"height\":1269,\"caption\":\"Permakultur-Landwirtschaft\"},\"image\":{\"@id\":\"https:\\\/\\\/permakultur-landwirtschaft.org\\\/#\\\/schema\\\/logo\\\/image\\\/\"},\"sameAs\":[\"https:\\\/\\\/www.facebook.com\\\/PermakulturLandwirtschaft\",\"https:\\\/\\\/www.instagram.com\\\/permakultur_landwirtschaft\\\/\",\"https:\\\/\\\/www.flickr.com\\\/photos\\\/permakultur-landwirtschaft\",\"https:\\\/\\\/www.youtube.com\\\/@PermakulturLandwirtschaft\"]},{\"@type\":\"Person\",\"@id\":\"https:\\\/\\\/permakultur-landwirtschaft.org\\\/#\\\/schema\\\/person\\\/6b0467872f75aed3e144093f9bf4f0b0\",\"name\":\"adrian reutimann\",\"url\":\"https:\\\/\\\/permakultur-landwirtschaft.org\\\/fr\\\/author\\\/reutiadr\\\/\"}]}<\/script>\n<!-- \/ Yoast SEO plugin. -->","yoast_head_json":{"title":"Mit der Natur, statt gegen sie wirt\u00adschaften - Interview mit Ernst G\u00f6tsch - Permakultur-Landwirtschaft","robots":{"index":"index","follow":"follow","max-snippet":"max-snippet:-1","max-image-preview":"max-image-preview:large","max-video-preview":"max-video-preview:-1"},"canonical":"https:\/\/permakultur-landwirtschaft.org\/fr\/mit-der-natur-statt-gegen-sie-wirtschaften-interview-mit-ernst-goetsch\/","og_locale":"fr_FR","og_type":"article","og_title":"Mit der Natur, statt gegen sie wirt\u00adschaften - Interview mit Ernst G\u00f6tsch - Permakultur-Landwirtschaft","og_description":"Text von amazonian-future.de: Gand\u00fa. Bei dem Mann, der die Idee f\u00fcr eine Revolution in der Land \u00adwirtschaft hat, geht es z\u00fcnftig zu. Das Ger\u00e4usch der Kettens\u00e4ge dringt schon von weitem durch seinen dichten Wald im S\u00fcden des brasilianischen Bundes\u00adstaates Bahia. Von fr\u00fch bis sp\u00e4t, unter\u00adbrochen durch trockene Schl\u00e4ge mit der Machete. Doch statt Kahl\u00adschlag entsteht [&hellip;]","og_url":"https:\/\/permakultur-landwirtschaft.org\/fr\/mit-der-natur-statt-gegen-sie-wirtschaften-interview-mit-ernst-goetsch\/","og_site_name":"Permakultur-Landwirtschaft","article_publisher":"https:\/\/www.facebook.com\/PermakulturLandwirtschaft","article_published_time":"2023-08-01T12:05:00+00:00","article_modified_time":"2023-08-08T12:09:21+00:00","og_image":[{"width":700,"height":467,"url":"https:\/\/permakultur-landwirtschaft.org\/wp-content\/uploads\/2023\/08\/ernst_goetsch_155023_web-2.jpg","type":"image\/jpeg"}],"author":"adrian reutimann","twitter_card":"summary_large_image","twitter_misc":{"\u00c9crit par":"adrian reutimann","Dur\u00e9e de lecture estim\u00e9e":"1 minute"},"schema":{"@context":"https:\/\/schema.org","@graph":[{"@type":"Article","@id":"https:\/\/permakultur-landwirtschaft.org\/mit-der-natur-statt-gegen-sie-wirtschaften-interview-mit-ernst-goetsch\/#article","isPartOf":{"@id":"https:\/\/permakultur-landwirtschaft.org\/mit-der-natur-statt-gegen-sie-wirtschaften-interview-mit-ernst-goetsch\/"},"author":{"name":"adrian reutimann","@id":"https:\/\/permakultur-landwirtschaft.org\/#\/schema\/person\/6b0467872f75aed3e144093f9bf4f0b0"},"headline":"Mit der Natur, statt gegen sie wirt\u00adschaften &#8211; Interview mit Ernst G\u00f6tsch","datePublished":"2023-08-01T12:05:00+00:00","dateModified":"2023-08-08T12:09:21+00:00","mainEntityOfPage":{"@id":"https:\/\/permakultur-landwirtschaft.org\/mit-der-natur-statt-gegen-sie-wirtschaften-interview-mit-ernst-goetsch\/"},"wordCount":209,"publisher":{"@id":"https:\/\/permakultur-landwirtschaft.org\/#organization"},"image":{"@id":"https:\/\/permakultur-landwirtschaft.org\/mit-der-natur-statt-gegen-sie-wirtschaften-interview-mit-ernst-goetsch\/#primaryimage"},"thumbnailUrl":"https:\/\/permakultur-landwirtschaft.org\/wp-content\/uploads\/2023\/08\/ernst_goetsch_155023_web-2.jpg","keywords":["ernst g\u00f6tsch","Syntropische Landwirtschaft"],"articleSection":["Neuigkeit"],"inLanguage":"fr-FR"},{"@type":"WebPage","@id":"https:\/\/permakultur-landwirtschaft.org\/mit-der-natur-statt-gegen-sie-wirtschaften-interview-mit-ernst-goetsch\/","url":"https:\/\/permakultur-landwirtschaft.org\/mit-der-natur-statt-gegen-sie-wirtschaften-interview-mit-ernst-goetsch\/","name":"Mit der Natur, statt gegen sie wirt\u00adschaften - Interview mit Ernst G\u00f6tsch - Permakultur-Landwirtschaft","isPartOf":{"@id":"https:\/\/permakultur-landwirtschaft.org\/#website"},"primaryImageOfPage":{"@id":"https:\/\/permakultur-landwirtschaft.org\/mit-der-natur-statt-gegen-sie-wirtschaften-interview-mit-ernst-goetsch\/#primaryimage"},"image":{"@id":"https:\/\/permakultur-landwirtschaft.org\/mit-der-natur-statt-gegen-sie-wirtschaften-interview-mit-ernst-goetsch\/#primaryimage"},"thumbnailUrl":"https:\/\/permakultur-landwirtschaft.org\/wp-content\/uploads\/2023\/08\/ernst_goetsch_155023_web-2.jpg","datePublished":"2023-08-01T12:05:00+00:00","dateModified":"2023-08-08T12:09:21+00:00","breadcrumb":{"@id":"https:\/\/permakultur-landwirtschaft.org\/mit-der-natur-statt-gegen-sie-wirtschaften-interview-mit-ernst-goetsch\/#breadcrumb"},"inLanguage":"fr-FR","potentialAction":[{"@type":"ReadAction","target":["https:\/\/permakultur-landwirtschaft.org\/mit-der-natur-statt-gegen-sie-wirtschaften-interview-mit-ernst-goetsch\/"]}]},{"@type":"ImageObject","inLanguage":"fr-FR","@id":"https:\/\/permakultur-landwirtschaft.org\/mit-der-natur-statt-gegen-sie-wirtschaften-interview-mit-ernst-goetsch\/#primaryimage","url":"https:\/\/permakultur-landwirtschaft.org\/wp-content\/uploads\/2023\/08\/ernst_goetsch_155023_web-2.jpg","contentUrl":"https:\/\/permakultur-landwirtschaft.org\/wp-content\/uploads\/2023\/08\/ernst_goetsch_155023_web-2.jpg","width":700,"height":467,"caption":"Bild: amazonian-future.de"},{"@type":"BreadcrumbList","@id":"https:\/\/permakultur-landwirtschaft.org\/mit-der-natur-statt-gegen-sie-wirtschaften-interview-mit-ernst-goetsch\/#breadcrumb","itemListElement":[{"@type":"ListItem","position":1,"name":"Startseite","item":"https:\/\/permakultur-landwirtschaft.org\/"},{"@type":"ListItem","position":2,"name":"Mit der Natur, statt gegen sie wirt\u00adschaften &#8211; Interview mit Ernst G\u00f6tsch"}]},{"@type":"WebSite","@id":"https:\/\/permakultur-landwirtschaft.org\/#website","url":"https:\/\/permakultur-landwirtschaft.org\/","name":"Permakultur-Landwirtschaft","description":"F\u00f6rderung der Permakultur in der Landwirtschaft","publisher":{"@id":"https:\/\/permakultur-landwirtschaft.org\/#organization"},"potentialAction":[{"@type":"SearchAction","target":{"@type":"EntryPoint","urlTemplate":"https:\/\/permakultur-landwirtschaft.org\/?s={search_term_string}"},"query-input":{"@type":"PropertyValueSpecification","valueRequired":true,"valueName":"search_term_string"}}],"inLanguage":"fr-FR"},{"@type":"Organization","@id":"https:\/\/permakultur-landwirtschaft.org\/#organization","name":"Permakultur-Landwirtschaft","alternateName":"Verein Permakultur-Landwirtschaft","url":"https:\/\/permakultur-landwirtschaft.org\/","logo":{"@type":"ImageObject","inLanguage":"fr-FR","@id":"https:\/\/permakultur-landwirtschaft.org\/#\/schema\/logo\/image\/","url":"https:\/\/permakultur-landwirtschaft.org\/wp-content\/uploads\/2021\/11\/pela_1268x1269.png","contentUrl":"https:\/\/permakultur-landwirtschaft.org\/wp-content\/uploads\/2021\/11\/pela_1268x1269.png","width":1298,"height":1269,"caption":"Permakultur-Landwirtschaft"},"image":{"@id":"https:\/\/permakultur-landwirtschaft.org\/#\/schema\/logo\/image\/"},"sameAs":["https:\/\/www.facebook.com\/PermakulturLandwirtschaft","https:\/\/www.instagram.com\/permakultur_landwirtschaft\/","https:\/\/www.flickr.com\/photos\/permakultur-landwirtschaft","https:\/\/www.youtube.com\/@PermakulturLandwirtschaft"]},{"@type":"Person","@id":"https:\/\/permakultur-landwirtschaft.org\/#\/schema\/person\/6b0467872f75aed3e144093f9bf4f0b0","name":"adrian reutimann","url":"https:\/\/permakultur-landwirtschaft.org\/fr\/author\/reutiadr\/"}]}},"_links":{"self":[{"href":"https:\/\/permakultur-landwirtschaft.org\/fr\/wp-json\/wp\/v2\/posts\/31337","targetHints":{"allow":["GET"]}}],"collection":[{"href":"https:\/\/permakultur-landwirtschaft.org\/fr\/wp-json\/wp\/v2\/posts"}],"about":[{"href":"https:\/\/permakultur-landwirtschaft.org\/fr\/wp-json\/wp\/v2\/types\/post"}],"author":[{"embeddable":true,"href":"https:\/\/permakultur-landwirtschaft.org\/fr\/wp-json\/wp\/v2\/users\/2"}],"replies":[{"embeddable":true,"href":"https:\/\/permakultur-landwirtschaft.org\/fr\/wp-json\/wp\/v2\/comments?post=31337"}],"version-history":[{"count":1,"href":"https:\/\/permakultur-landwirtschaft.org\/fr\/wp-json\/wp\/v2\/posts\/31337\/revisions"}],"predecessor-version":[{"id":31339,"href":"https:\/\/permakultur-landwirtschaft.org\/fr\/wp-json\/wp\/v2\/posts\/31337\/revisions\/31339"}],"wp:featuredmedia":[{"embeddable":true,"href":"https:\/\/permakultur-landwirtschaft.org\/fr\/wp-json\/wp\/v2\/media\/31338"}],"wp:attachment":[{"href":"https:\/\/permakultur-landwirtschaft.org\/fr\/wp-json\/wp\/v2\/media?parent=31337"}],"wp:term":[{"taxonomy":"category","embeddable":true,"href":"https:\/\/permakultur-landwirtschaft.org\/fr\/wp-json\/wp\/v2\/categories?post=31337"},{"taxonomy":"post_tag","embeddable":true,"href":"https:\/\/permakultur-landwirtschaft.org\/fr\/wp-json\/wp\/v2\/tags?post=31337"}],"curies":[{"name":"wp","href":"https:\/\/api.w.org\/{rel}","templated":true}]}}