{"id":31333,"date":"2023-10-02T09:56:00","date_gmt":"2023-10-02T07:56:00","guid":{"rendered":"https:\/\/permakultur-landwirtschaft.org\/?p=31333"},"modified":"2023-10-04T09:48:20","modified_gmt":"2023-10-04T07:48:20","slug":"keyline-wassermanagementsystem-als-klimaanpassung-probio-fachanlass-am-katzhof-vom-02-oktober-2023","status":"publish","type":"post","link":"https:\/\/permakultur-landwirtschaft.org\/fr\/keyline-wassermanagementsystem-als-klimaanpassung-probio-fachanlass-am-katzhof-vom-02-oktober-2023\/","title":{"rendered":"KeyLine Wassermanagementsystem als Klimaanpassung &#8211; ProBio-Fachanlass am Katzhof vom 02. Oktober 2023"},"content":{"rendered":"<p>Text von bioaktuell.ch:<\/p>\n\n\n\n<p>Seit Fr\u00fchling 2023 werden auf dem Katzhof etappenweise W\u00e4sserungsgr\u00e4ben ausgehoben, Wasserspeicherbecken gebaut, sowie B\u00e4ume und Str\u00e4ucher gepflanzt. Dies sind alles Elemente eines ganzheitlichen Wassermanagements, das basierend auf dem KeyLine Design geplant wurde. Ziel ist, das Wasser in der Landschaft zu verlangsamen und so die Verteilung und Versickerung des Wassers auf der Fl\u00e4che zu optimieren.<\/p>\n\n\n\n<p>Bei Starkniederschl\u00e4gen werden Oberfl\u00e4chenabfl\u00fcsse zur\u00fcckgehalten, umgeleitet, versickert und gespeichert, Erosion vermindert und mit einem ausgeglichenen Wasserhaushalt Boden aufgebaut. Das langsam versickernde und gespeicherte Wasser soll l\u00e4nger vor Ort nutzbar bleiben und in Trockenzeiten auch der passiven Bew\u00e4sserung dienen. In Bezug auf eine resiliente Lebensmittelproduktion werden damit wichtige Voraussetzungen geschaffen. Weitere Informationen zur Wasserkultur auf dem Katzhof &#8211; <a href=\"https:\/\/www.wasserkultur.ch\" target=\"_blank\" rel=\"noreferrer noopener\">www.wasserkultur.ch<\/a><\/p>\n\n\n\n<p>Am Anlass werden die Teilnehmenden das System des Katzhofes mit dem Betriebsleiter kennenlernen und von Katja Degonda noch mehr zu landwirtschaftlichen Wassermanagement Systemen erfahren. Durch die Verkn\u00fcpfung von allgemeiner Theorie und praktischer Umsetzung erhalten Teilnehmende wertvolle Inputs f\u00fcr die Weiterentwicklung ihrer eigenen Betriebe. Beim Mittagessen gibt es die M\u00f6glichkeit sich auszutauschen und zu vernetzen.<\/p>\n\n\n\n<p>Mit dem 2022 gesetzten Klima-Ziel in Richtung Netto Null bis 2040 unterst\u00fctzt Bio Suisse Knospe-Betriebe bei der Umsetzung von Massnahmen zur Reduktion der Treibhausgasemissionen und St\u00e4rkung der Widerstandsf\u00e4higkeit gegen\u00fcber den Auswirkungen des Klimawandels. Ab 2023 liegt daher der Schwerpunkt der ProBio-Anl\u00e4sse auf dem Klima.<\/p>\n\n\n\n<p><strong>Date<\/strong><\/p>\n\n\n\n<p>2. Oktober 2023, 09:30 \u2013 ca. 16:00 Uhr<\/p>\n\n\n\n<p><strong>Wo<\/strong><\/p>\n\n\n\n<p>NaturGut Katzhof<br>Claudia Meierhans &amp; Markus Schwegler Meierhans<br>6263 Richenthal LU<\/p>\n\n\n\n<p><a href=\"https:\/\/www.bioaktuell.ch\/aktuell\/agenda\/termin\/probio-fachanlass-keyline-wassermanagementsystem-als-klimaanpassung\" target=\"_blank\" rel=\"noreferrer noopener\">Link zum Anlass bei BioAktuell<\/a><\/p>\n\n\n\n<p><a href=\"https:\/\/probio.bioaktuell.ch\/meldung\/probio-fachanlass-keyline-wassermanagementsystem-als-klimaanpassung-1\" target=\"_blank\" rel=\"noreferrer noopener\">Link zum Anlass bei ProBio<\/a><\/p>\n\n\n\n<p><a href=\"https:\/\/katzhof.ch\" target=\"_blank\" rel=\"noreferrer noopener\">Link zum Katzhof<\/a><\/p>","protected":false},"excerpt":{"rendered":"<p>Text von bioaktuell.ch: Seit Fr\u00fchling 2023 werden auf dem Katzhof etappenweise W\u00e4sserungsgr\u00e4ben ausgehoben, Wasserspeicherbecken gebaut, sowie B\u00e4ume und Str\u00e4ucher gepflanzt. Dies sind alles Elemente eines ganzheitlichen Wassermanagements, das basierend auf dem KeyLine Design geplant wurde. Ziel ist, das Wasser in der Landschaft zu verlangsamen und so die Verteilung und Versickerung des Wassers auf der Fl\u00e4che [&hellip;]<\/p>\n","protected":false},"author":2,"featured_media":31334,"comment_status":"closed","ping_status":"closed","sticky":false,"template":"","format":"standard","meta":{"_acf_changed":false,"site-sidebar-layout":"default","site-content-layout":"","ast-site-content-layout":"default","site-content-style":"default","site-sidebar-style":"default","ast-global-header-display":"","ast-banner-title-visibility":"","ast-main-header-display":"","ast-hfb-above-header-display":"","ast-hfb-below-header-display":"","ast-hfb-mobile-header-display":"","site-post-title":"","ast-breadcrumbs-content":"","ast-featured-img":"","footer-sml-layout":"","ast-disable-related-posts":"","theme-transparent-header-meta":"","adv-header-id-meta":"","stick-header-meta":"","header-above-stick-meta":"","header-main-stick-meta":"","header-below-stick-meta":"","astra-migrate-meta-layouts":"set","ast-page-background-enabled":"default","ast-page-background-meta":{"desktop":{"background-color":"var(--ast-global-color-4)","background-image":"","background-repeat":"repeat","background-position":"center center","background-size":"auto","background-attachment":"scroll","background-type":"","background-media":"","overlay-type":"","overlay-color":"","overlay-opacity":"","overlay-gradient":""},"tablet":{"background-color":"","background-image":"","background-repeat":"repeat","background-position":"center center","background-size":"auto","background-attachment":"scroll","background-type":"","background-media":"","overlay-type":"","overlay-color":"","overlay-opacity":"","overlay-gradient":""},"mobile":{"background-color":"","background-image":"","background-repeat":"repeat","background-position":"center center","background-size":"auto","background-attachment":"scroll","background-type":"","background-media":"","overlay-type":"","overlay-color":"","overlay-opacity":"","overlay-gradient":""}},"ast-content-background-meta":{"desktop":{"background-color":"var(--ast-global-color-5)","background-image":"","background-repeat":"repeat","background-position":"center center","background-size":"auto","background-attachment":"scroll","background-type":"","background-media":"","overlay-type":"","overlay-color":"","overlay-opacity":"","overlay-gradient":""},"tablet":{"background-color":"var(--ast-global-color-5)","background-image":"","background-repeat":"repeat","background-position":"center center","background-size":"auto","background-attachment":"scroll","background-type":"","background-media":"","overlay-type":"","overlay-color":"","overlay-opacity":"","overlay-gradient":""},"mobile":{"background-color":"var(--ast-global-color-5)","background-image":"","background-repeat":"repeat","background-position":"center center","background-size":"auto","background-attachment":"scroll","background-type":"","background-media":"","overlay-type":"","overlay-color":"","overlay-opacity":"","overlay-gradient":""}},"footnotes":""},"categories":[21],"tags":[],"class_list":["post-31333","post","type-post","status-publish","format-standard","has-post-thumbnail","hentry","category-veranstaltungen_archiv"],"acf":[],"yoast_head":"<!-- This site is optimized with the Yoast SEO plugin v27.4 - https:\/\/yoast.com\/product\/yoast-seo-wordpress\/ -->\n<title>KeyLine Wassermanagementsystem als Klimaanpassung - ProBio-Fachanlass am Katzhof vom 02. Oktober 2023 - Permakultur-Landwirtschaft<\/title>\n<meta name=\"robots\" content=\"index, follow, max-snippet:-1, max-image-preview:large, max-video-preview:-1\" \/>\n<link rel=\"canonical\" href=\"https:\/\/permakultur-landwirtschaft.org\/fr\/keyline-wassermanagementsystem-als-klimaanpassung-probio-fachanlass-am-katzhof-vom-02-oktober-2023\/\" \/>\n<meta property=\"og:locale\" content=\"fr_FR\" \/>\n<meta property=\"og:type\" content=\"article\" \/>\n<meta property=\"og:title\" content=\"KeyLine Wassermanagementsystem als Klimaanpassung - ProBio-Fachanlass am Katzhof vom 02. Oktober 2023 - Permakultur-Landwirtschaft\" \/>\n<meta property=\"og:description\" content=\"Text von bioaktuell.ch: Seit Fr\u00fchling 2023 werden auf dem Katzhof etappenweise W\u00e4sserungsgr\u00e4ben ausgehoben, Wasserspeicherbecken gebaut, sowie B\u00e4ume und Str\u00e4ucher gepflanzt. Dies sind alles Elemente eines ganzheitlichen Wassermanagements, das basierend auf dem KeyLine Design geplant wurde. Ziel ist, das Wasser in der Landschaft zu verlangsamen und so die Verteilung und Versickerung des Wassers auf der Fl\u00e4che [&hellip;]\" \/>\n<meta property=\"og:url\" content=\"https:\/\/permakultur-landwirtschaft.org\/fr\/keyline-wassermanagementsystem-als-klimaanpassung-probio-fachanlass-am-katzhof-vom-02-oktober-2023\/\" \/>\n<meta property=\"og:site_name\" content=\"Permakultur-Landwirtschaft\" \/>\n<meta property=\"article:publisher\" content=\"https:\/\/www.facebook.com\/PermakulturLandwirtschaft\" \/>\n<meta property=\"article:published_time\" content=\"2023-10-02T07:56:00+00:00\" \/>\n<meta property=\"article:modified_time\" content=\"2023-10-04T07:48:20+00:00\" \/>\n<meta property=\"og:image\" content=\"https:\/\/permakultur-landwirtschaft.org\/wp-content\/uploads\/2023\/08\/wasserkultur_katzhof_Linie2_1_web-2048x2044-1.jpg\" \/>\n\t<meta property=\"og:image:width\" content=\"700\" \/>\n\t<meta property=\"og:image:height\" content=\"699\" \/>\n\t<meta property=\"og:image:type\" content=\"image\/jpeg\" \/>\n<meta name=\"author\" content=\"adrian reutimann\" \/>\n<meta name=\"twitter:card\" content=\"summary_large_image\" \/>\n<meta name=\"twitter:label1\" content=\"\u00c9crit par\" \/>\n\t<meta name=\"twitter:data1\" content=\"adrian reutimann\" \/>\n\t<meta name=\"twitter:label2\" content=\"Dur\u00e9e de lecture estim\u00e9e\" \/>\n\t<meta name=\"twitter:data2\" content=\"2 minutes\" \/>\n<script type=\"application\/ld+json\" class=\"yoast-schema-graph\">{\"@context\":\"https:\\\/\\\/schema.org\",\"@graph\":[{\"@type\":\"Article\",\"@id\":\"https:\\\/\\\/permakultur-landwirtschaft.org\\\/keyline-wassermanagementsystem-als-klimaanpassung-probio-fachanlass-am-katzhof-vom-02-oktober-2023\\\/#article\",\"isPartOf\":{\"@id\":\"https:\\\/\\\/permakultur-landwirtschaft.org\\\/keyline-wassermanagementsystem-als-klimaanpassung-probio-fachanlass-am-katzhof-vom-02-oktober-2023\\\/\"},\"author\":{\"name\":\"adrian reutimann\",\"@id\":\"https:\\\/\\\/permakultur-landwirtschaft.org\\\/#\\\/schema\\\/person\\\/6b0467872f75aed3e144093f9bf4f0b0\"},\"headline\":\"KeyLine Wassermanagementsystem als Klimaanpassung &#8211; ProBio-Fachanlass am Katzhof vom 02. Oktober 2023\",\"datePublished\":\"2023-10-02T07:56:00+00:00\",\"dateModified\":\"2023-10-04T07:48:20+00:00\",\"mainEntityOfPage\":{\"@id\":\"https:\\\/\\\/permakultur-landwirtschaft.org\\\/keyline-wassermanagementsystem-als-klimaanpassung-probio-fachanlass-am-katzhof-vom-02-oktober-2023\\\/\"},\"wordCount\":269,\"publisher\":{\"@id\":\"https:\\\/\\\/permakultur-landwirtschaft.org\\\/#organization\"},\"image\":{\"@id\":\"https:\\\/\\\/permakultur-landwirtschaft.org\\\/keyline-wassermanagementsystem-als-klimaanpassung-probio-fachanlass-am-katzhof-vom-02-oktober-2023\\\/#primaryimage\"},\"thumbnailUrl\":\"https:\\\/\\\/permakultur-landwirtschaft.org\\\/wp-content\\\/uploads\\\/2023\\\/08\\\/wasserkultur_katzhof_Linie2_1_web-2048x2044-1.jpg\",\"articleSection\":[\"Veranstaltungen_Archiv\"],\"inLanguage\":\"fr-FR\"},{\"@type\":\"WebPage\",\"@id\":\"https:\\\/\\\/permakultur-landwirtschaft.org\\\/keyline-wassermanagementsystem-als-klimaanpassung-probio-fachanlass-am-katzhof-vom-02-oktober-2023\\\/\",\"url\":\"https:\\\/\\\/permakultur-landwirtschaft.org\\\/keyline-wassermanagementsystem-als-klimaanpassung-probio-fachanlass-am-katzhof-vom-02-oktober-2023\\\/\",\"name\":\"KeyLine Wassermanagementsystem als Klimaanpassung - ProBio-Fachanlass am Katzhof vom 02. Oktober 2023 - Permakultur-Landwirtschaft\",\"isPartOf\":{\"@id\":\"https:\\\/\\\/permakultur-landwirtschaft.org\\\/#website\"},\"primaryImageOfPage\":{\"@id\":\"https:\\\/\\\/permakultur-landwirtschaft.org\\\/keyline-wassermanagementsystem-als-klimaanpassung-probio-fachanlass-am-katzhof-vom-02-oktober-2023\\\/#primaryimage\"},\"image\":{\"@id\":\"https:\\\/\\\/permakultur-landwirtschaft.org\\\/keyline-wassermanagementsystem-als-klimaanpassung-probio-fachanlass-am-katzhof-vom-02-oktober-2023\\\/#primaryimage\"},\"thumbnailUrl\":\"https:\\\/\\\/permakultur-landwirtschaft.org\\\/wp-content\\\/uploads\\\/2023\\\/08\\\/wasserkultur_katzhof_Linie2_1_web-2048x2044-1.jpg\",\"datePublished\":\"2023-10-02T07:56:00+00:00\",\"dateModified\":\"2023-10-04T07:48:20+00:00\",\"breadcrumb\":{\"@id\":\"https:\\\/\\\/permakultur-landwirtschaft.org\\\/keyline-wassermanagementsystem-als-klimaanpassung-probio-fachanlass-am-katzhof-vom-02-oktober-2023\\\/#breadcrumb\"},\"inLanguage\":\"fr-FR\",\"potentialAction\":[{\"@type\":\"ReadAction\",\"target\":[\"https:\\\/\\\/permakultur-landwirtschaft.org\\\/keyline-wassermanagementsystem-als-klimaanpassung-probio-fachanlass-am-katzhof-vom-02-oktober-2023\\\/\"]}]},{\"@type\":\"ImageObject\",\"inLanguage\":\"fr-FR\",\"@id\":\"https:\\\/\\\/permakultur-landwirtschaft.org\\\/keyline-wassermanagementsystem-als-klimaanpassung-probio-fachanlass-am-katzhof-vom-02-oktober-2023\\\/#primaryimage\",\"url\":\"https:\\\/\\\/permakultur-landwirtschaft.org\\\/wp-content\\\/uploads\\\/2023\\\/08\\\/wasserkultur_katzhof_Linie2_1_web-2048x2044-1.jpg\",\"contentUrl\":\"https:\\\/\\\/permakultur-landwirtschaft.org\\\/wp-content\\\/uploads\\\/2023\\\/08\\\/wasserkultur_katzhof_Linie2_1_web-2048x2044-1.jpg\",\"width\":700,\"height\":699,\"caption\":\"Bild: wasserkultur.ch\"},{\"@type\":\"BreadcrumbList\",\"@id\":\"https:\\\/\\\/permakultur-landwirtschaft.org\\\/keyline-wassermanagementsystem-als-klimaanpassung-probio-fachanlass-am-katzhof-vom-02-oktober-2023\\\/#breadcrumb\",\"itemListElement\":[{\"@type\":\"ListItem\",\"position\":1,\"name\":\"Startseite\",\"item\":\"https:\\\/\\\/permakultur-landwirtschaft.org\\\/\"},{\"@type\":\"ListItem\",\"position\":2,\"name\":\"KeyLine Wassermanagementsystem als Klimaanpassung &#8211; ProBio-Fachanlass am Katzhof vom 02. Oktober 2023\"}]},{\"@type\":\"WebSite\",\"@id\":\"https:\\\/\\\/permakultur-landwirtschaft.org\\\/#website\",\"url\":\"https:\\\/\\\/permakultur-landwirtschaft.org\\\/\",\"name\":\"Permakultur-Landwirtschaft\",\"description\":\"F\u00f6rderung der Permakultur in der Landwirtschaft\",\"publisher\":{\"@id\":\"https:\\\/\\\/permakultur-landwirtschaft.org\\\/#organization\"},\"potentialAction\":[{\"@type\":\"SearchAction\",\"target\":{\"@type\":\"EntryPoint\",\"urlTemplate\":\"https:\\\/\\\/permakultur-landwirtschaft.org\\\/?s={search_term_string}\"},\"query-input\":{\"@type\":\"PropertyValueSpecification\",\"valueRequired\":true,\"valueName\":\"search_term_string\"}}],\"inLanguage\":\"fr-FR\"},{\"@type\":\"Organization\",\"@id\":\"https:\\\/\\\/permakultur-landwirtschaft.org\\\/#organization\",\"name\":\"Permakultur-Landwirtschaft\",\"alternateName\":\"Verein Permakultur-Landwirtschaft\",\"url\":\"https:\\\/\\\/permakultur-landwirtschaft.org\\\/\",\"logo\":{\"@type\":\"ImageObject\",\"inLanguage\":\"fr-FR\",\"@id\":\"https:\\\/\\\/permakultur-landwirtschaft.org\\\/#\\\/schema\\\/logo\\\/image\\\/\",\"url\":\"https:\\\/\\\/permakultur-landwirtschaft.org\\\/wp-content\\\/uploads\\\/2021\\\/11\\\/pela_1268x1269.png\",\"contentUrl\":\"https:\\\/\\\/permakultur-landwirtschaft.org\\\/wp-content\\\/uploads\\\/2021\\\/11\\\/pela_1268x1269.png\",\"width\":1298,\"height\":1269,\"caption\":\"Permakultur-Landwirtschaft\"},\"image\":{\"@id\":\"https:\\\/\\\/permakultur-landwirtschaft.org\\\/#\\\/schema\\\/logo\\\/image\\\/\"},\"sameAs\":[\"https:\\\/\\\/www.facebook.com\\\/PermakulturLandwirtschaft\",\"https:\\\/\\\/www.instagram.com\\\/permakultur_landwirtschaft\\\/\",\"https:\\\/\\\/www.flickr.com\\\/photos\\\/permakultur-landwirtschaft\",\"https:\\\/\\\/www.youtube.com\\\/@PermakulturLandwirtschaft\"]},{\"@type\":\"Person\",\"@id\":\"https:\\\/\\\/permakultur-landwirtschaft.org\\\/#\\\/schema\\\/person\\\/6b0467872f75aed3e144093f9bf4f0b0\",\"name\":\"adrian reutimann\",\"url\":\"https:\\\/\\\/permakultur-landwirtschaft.org\\\/fr\\\/author\\\/reutiadr\\\/\"}]}<\/script>\n<!-- \/ Yoast SEO plugin. -->","yoast_head_json":{"title":"KeyLine Wassermanagementsystem als Klimaanpassung - ProBio-Fachanlass am Katzhof vom 02. Oktober 2023 - Permakultur-Landwirtschaft","robots":{"index":"index","follow":"follow","max-snippet":"max-snippet:-1","max-image-preview":"max-image-preview:large","max-video-preview":"max-video-preview:-1"},"canonical":"https:\/\/permakultur-landwirtschaft.org\/fr\/keyline-wassermanagementsystem-als-klimaanpassung-probio-fachanlass-am-katzhof-vom-02-oktober-2023\/","og_locale":"fr_FR","og_type":"article","og_title":"KeyLine Wassermanagementsystem als Klimaanpassung - ProBio-Fachanlass am Katzhof vom 02. Oktober 2023 - Permakultur-Landwirtschaft","og_description":"Text von bioaktuell.ch: Seit Fr\u00fchling 2023 werden auf dem Katzhof etappenweise W\u00e4sserungsgr\u00e4ben ausgehoben, Wasserspeicherbecken gebaut, sowie B\u00e4ume und Str\u00e4ucher gepflanzt. Dies sind alles Elemente eines ganzheitlichen Wassermanagements, das basierend auf dem KeyLine Design geplant wurde. Ziel ist, das Wasser in der Landschaft zu verlangsamen und so die Verteilung und Versickerung des Wassers auf der Fl\u00e4che [&hellip;]","og_url":"https:\/\/permakultur-landwirtschaft.org\/fr\/keyline-wassermanagementsystem-als-klimaanpassung-probio-fachanlass-am-katzhof-vom-02-oktober-2023\/","og_site_name":"Permakultur-Landwirtschaft","article_publisher":"https:\/\/www.facebook.com\/PermakulturLandwirtschaft","article_published_time":"2023-10-02T07:56:00+00:00","article_modified_time":"2023-10-04T07:48:20+00:00","og_image":[{"width":700,"height":699,"url":"https:\/\/permakultur-landwirtschaft.org\/wp-content\/uploads\/2023\/08\/wasserkultur_katzhof_Linie2_1_web-2048x2044-1.jpg","type":"image\/jpeg"}],"author":"adrian reutimann","twitter_card":"summary_large_image","twitter_misc":{"\u00c9crit par":"adrian reutimann","Dur\u00e9e de lecture estim\u00e9e":"2 minutes"},"schema":{"@context":"https:\/\/schema.org","@graph":[{"@type":"Article","@id":"https:\/\/permakultur-landwirtschaft.org\/keyline-wassermanagementsystem-als-klimaanpassung-probio-fachanlass-am-katzhof-vom-02-oktober-2023\/#article","isPartOf":{"@id":"https:\/\/permakultur-landwirtschaft.org\/keyline-wassermanagementsystem-als-klimaanpassung-probio-fachanlass-am-katzhof-vom-02-oktober-2023\/"},"author":{"name":"adrian reutimann","@id":"https:\/\/permakultur-landwirtschaft.org\/#\/schema\/person\/6b0467872f75aed3e144093f9bf4f0b0"},"headline":"KeyLine Wassermanagementsystem als Klimaanpassung &#8211; ProBio-Fachanlass am Katzhof vom 02. Oktober 2023","datePublished":"2023-10-02T07:56:00+00:00","dateModified":"2023-10-04T07:48:20+00:00","mainEntityOfPage":{"@id":"https:\/\/permakultur-landwirtschaft.org\/keyline-wassermanagementsystem-als-klimaanpassung-probio-fachanlass-am-katzhof-vom-02-oktober-2023\/"},"wordCount":269,"publisher":{"@id":"https:\/\/permakultur-landwirtschaft.org\/#organization"},"image":{"@id":"https:\/\/permakultur-landwirtschaft.org\/keyline-wassermanagementsystem-als-klimaanpassung-probio-fachanlass-am-katzhof-vom-02-oktober-2023\/#primaryimage"},"thumbnailUrl":"https:\/\/permakultur-landwirtschaft.org\/wp-content\/uploads\/2023\/08\/wasserkultur_katzhof_Linie2_1_web-2048x2044-1.jpg","articleSection":["Veranstaltungen_Archiv"],"inLanguage":"fr-FR"},{"@type":"WebPage","@id":"https:\/\/permakultur-landwirtschaft.org\/keyline-wassermanagementsystem-als-klimaanpassung-probio-fachanlass-am-katzhof-vom-02-oktober-2023\/","url":"https:\/\/permakultur-landwirtschaft.org\/keyline-wassermanagementsystem-als-klimaanpassung-probio-fachanlass-am-katzhof-vom-02-oktober-2023\/","name":"KeyLine Wassermanagementsystem als Klimaanpassung - ProBio-Fachanlass am Katzhof vom 02. Oktober 2023 - Permakultur-Landwirtschaft","isPartOf":{"@id":"https:\/\/permakultur-landwirtschaft.org\/#website"},"primaryImageOfPage":{"@id":"https:\/\/permakultur-landwirtschaft.org\/keyline-wassermanagementsystem-als-klimaanpassung-probio-fachanlass-am-katzhof-vom-02-oktober-2023\/#primaryimage"},"image":{"@id":"https:\/\/permakultur-landwirtschaft.org\/keyline-wassermanagementsystem-als-klimaanpassung-probio-fachanlass-am-katzhof-vom-02-oktober-2023\/#primaryimage"},"thumbnailUrl":"https:\/\/permakultur-landwirtschaft.org\/wp-content\/uploads\/2023\/08\/wasserkultur_katzhof_Linie2_1_web-2048x2044-1.jpg","datePublished":"2023-10-02T07:56:00+00:00","dateModified":"2023-10-04T07:48:20+00:00","breadcrumb":{"@id":"https:\/\/permakultur-landwirtschaft.org\/keyline-wassermanagementsystem-als-klimaanpassung-probio-fachanlass-am-katzhof-vom-02-oktober-2023\/#breadcrumb"},"inLanguage":"fr-FR","potentialAction":[{"@type":"ReadAction","target":["https:\/\/permakultur-landwirtschaft.org\/keyline-wassermanagementsystem-als-klimaanpassung-probio-fachanlass-am-katzhof-vom-02-oktober-2023\/"]}]},{"@type":"ImageObject","inLanguage":"fr-FR","@id":"https:\/\/permakultur-landwirtschaft.org\/keyline-wassermanagementsystem-als-klimaanpassung-probio-fachanlass-am-katzhof-vom-02-oktober-2023\/#primaryimage","url":"https:\/\/permakultur-landwirtschaft.org\/wp-content\/uploads\/2023\/08\/wasserkultur_katzhof_Linie2_1_web-2048x2044-1.jpg","contentUrl":"https:\/\/permakultur-landwirtschaft.org\/wp-content\/uploads\/2023\/08\/wasserkultur_katzhof_Linie2_1_web-2048x2044-1.jpg","width":700,"height":699,"caption":"Bild: wasserkultur.ch"},{"@type":"BreadcrumbList","@id":"https:\/\/permakultur-landwirtschaft.org\/keyline-wassermanagementsystem-als-klimaanpassung-probio-fachanlass-am-katzhof-vom-02-oktober-2023\/#breadcrumb","itemListElement":[{"@type":"ListItem","position":1,"name":"Startseite","item":"https:\/\/permakultur-landwirtschaft.org\/"},{"@type":"ListItem","position":2,"name":"KeyLine Wassermanagementsystem als Klimaanpassung &#8211; ProBio-Fachanlass am Katzhof vom 02. Oktober 2023"}]},{"@type":"WebSite","@id":"https:\/\/permakultur-landwirtschaft.org\/#website","url":"https:\/\/permakultur-landwirtschaft.org\/","name":"Permakultur-Landwirtschaft","description":"F\u00f6rderung der Permakultur in der Landwirtschaft","publisher":{"@id":"https:\/\/permakultur-landwirtschaft.org\/#organization"},"potentialAction":[{"@type":"SearchAction","target":{"@type":"EntryPoint","urlTemplate":"https:\/\/permakultur-landwirtschaft.org\/?s={search_term_string}"},"query-input":{"@type":"PropertyValueSpecification","valueRequired":true,"valueName":"search_term_string"}}],"inLanguage":"fr-FR"},{"@type":"Organization","@id":"https:\/\/permakultur-landwirtschaft.org\/#organization","name":"Permakultur-Landwirtschaft","alternateName":"Verein Permakultur-Landwirtschaft","url":"https:\/\/permakultur-landwirtschaft.org\/","logo":{"@type":"ImageObject","inLanguage":"fr-FR","@id":"https:\/\/permakultur-landwirtschaft.org\/#\/schema\/logo\/image\/","url":"https:\/\/permakultur-landwirtschaft.org\/wp-content\/uploads\/2021\/11\/pela_1268x1269.png","contentUrl":"https:\/\/permakultur-landwirtschaft.org\/wp-content\/uploads\/2021\/11\/pela_1268x1269.png","width":1298,"height":1269,"caption":"Permakultur-Landwirtschaft"},"image":{"@id":"https:\/\/permakultur-landwirtschaft.org\/#\/schema\/logo\/image\/"},"sameAs":["https:\/\/www.facebook.com\/PermakulturLandwirtschaft","https:\/\/www.instagram.com\/permakultur_landwirtschaft\/","https:\/\/www.flickr.com\/photos\/permakultur-landwirtschaft","https:\/\/www.youtube.com\/@PermakulturLandwirtschaft"]},{"@type":"Person","@id":"https:\/\/permakultur-landwirtschaft.org\/#\/schema\/person\/6b0467872f75aed3e144093f9bf4f0b0","name":"adrian reutimann","url":"https:\/\/permakultur-landwirtschaft.org\/fr\/author\/reutiadr\/"}]}},"_links":{"self":[{"href":"https:\/\/permakultur-landwirtschaft.org\/fr\/wp-json\/wp\/v2\/posts\/31333","targetHints":{"allow":["GET"]}}],"collection":[{"href":"https:\/\/permakultur-landwirtschaft.org\/fr\/wp-json\/wp\/v2\/posts"}],"about":[{"href":"https:\/\/permakultur-landwirtschaft.org\/fr\/wp-json\/wp\/v2\/types\/post"}],"author":[{"embeddable":true,"href":"https:\/\/permakultur-landwirtschaft.org\/fr\/wp-json\/wp\/v2\/users\/2"}],"replies":[{"embeddable":true,"href":"https:\/\/permakultur-landwirtschaft.org\/fr\/wp-json\/wp\/v2\/comments?post=31333"}],"version-history":[{"count":3,"href":"https:\/\/permakultur-landwirtschaft.org\/fr\/wp-json\/wp\/v2\/posts\/31333\/revisions"}],"predecessor-version":[{"id":31538,"href":"https:\/\/permakultur-landwirtschaft.org\/fr\/wp-json\/wp\/v2\/posts\/31333\/revisions\/31538"}],"wp:featuredmedia":[{"embeddable":true,"href":"https:\/\/permakultur-landwirtschaft.org\/fr\/wp-json\/wp\/v2\/media\/31334"}],"wp:attachment":[{"href":"https:\/\/permakultur-landwirtschaft.org\/fr\/wp-json\/wp\/v2\/media?parent=31333"}],"wp:term":[{"taxonomy":"category","embeddable":true,"href":"https:\/\/permakultur-landwirtschaft.org\/fr\/wp-json\/wp\/v2\/categories?post=31333"},{"taxonomy":"post_tag","embeddable":true,"href":"https:\/\/permakultur-landwirtschaft.org\/fr\/wp-json\/wp\/v2\/tags?post=31333"}],"curies":[{"name":"wp","href":"https:\/\/api.w.org\/{rel}","templated":true}]}}