{"id":31312,"date":"2023-09-10T09:40:00","date_gmt":"2023-09-10T07:40:00","guid":{"rendered":"https:\/\/permakultur-landwirtschaft.org\/?p=31312"},"modified":"2023-09-12T10:47:25","modified_gmt":"2023-09-12T08:47:25","slug":"lifelab-18-ernaehrungsformen-der-zukunft-gespraech-am-10-september-2023","status":"publish","type":"post","link":"https:\/\/permakultur-landwirtschaft.org\/fr\/lifelab-18-ernaehrungsformen-der-zukunft-gespraech-am-10-september-2023\/","title":{"rendered":"LifeLab 18 &#8211; Ern\u00e4hrungsformen der Zukunft &#8211; Gespr\u00e4ch am 10. September 2023"},"content":{"rendered":"<p>Text von teilderloesung.ch:<\/p>\n\n\n\n<p><strong>Wie k\u00f6nnen wir Ern\u00e4hrungsformen der Zukunft bereits jetzt f\u00fcr unser nachhaltiges Leben nutzen? Diskutiere mit unseren ExpertInnen &amp; G\u00e4sten.<\/strong><\/p>\n\n\n\n<p>Um die Fruchtbarkeit unserer B\u00f6den &#8211; von zentraler Bedeutung f\u00fcr die Produktion unserer Lebensmittel \u2013 ist es schlecht bestellt. Permakulturprojekte, Agroforstwirtschaft und Initiativen wie der Bodenfruchtbarkeitsfonds zeigen, wie es anders geht. Und auf welche Weise der Landbau genutzt werden kann, um nicht nur gesunde Lebensmittel herzustellen, sondern auch noch CO2 im Boden zu binden.<\/p>\n\n\n\n<p>Welche zukunftsf\u00e4higen Formen der Ern\u00e4hrung gibt es bereits? Was k\u00f6nnen wir von diesen Projekten f\u00fcr unseren zukunftsf\u00e4higeren Alltag lernen? Wie k\u00f6nnen wir solche Initiativen nutzen und sie unterst\u00fctzen f\u00fcr ein nachhaltiges Leben in der Stadt, in den Quartieren und auf dem Land?<\/p>\n\n\n\n<p>Wir freuen uns auf diesen Nachmittag mit unseren ExpertInnen aus Theorie &amp; Praxis.<\/p>\n\n\n\n<p><strong>Dr. Melanie Paschke<\/strong><br>Vorstandsmitglied Ern\u00e4hrungsforum Z\u00fcrich, Gesch\u00e4ftsleitung Zurich-Basel Plant Science Center, Leitung Dialog im Quartier<\/p>\n\n\n\n<p><strong>Mathias Forster<\/strong><br>Gesch\u00e4ftsleiter &amp; Stiftungsrat Bio-Stiftung Schweiz, Initiant Bodenfruchtbarkeitsfonds<\/p>\n\n\n\n<p><strong>Marcus Pan<\/strong><br>Permakultur Experte, Gr\u00fcnder Down to Earth, Betriebsleiter Permakultur Auenhof<\/p>\n\n\n\n<p>Moderation<br><strong>Christel Maurer &amp; Sam N\u00fcesch<\/strong><\/p>\n\n\n\n<p><strong>Date<\/strong><br>10. September 2023<\/p>\n\n\n\n<p><strong>Lieu<\/strong><br>Kulturpark<br>Pfingstweidstrasse 16<br>8005 Z\u00fcrich<\/p>\n\n\n\n<p><a href=\"https:\/\/teilderloesung.ch\/Mensch-in-Bewegung\" target=\"_blank\" rel=\"noreferrer noopener\">Link zur Veranstaltung<\/a><\/p>\n\n\n\n<p><a href=\"https:\/\/www.eventbrite.ch\/e\/lifelab-18-ernahrungsformen-der-zukunft-tickets-691527616717\" target=\"_blank\" rel=\"noreferrer noopener\">Link zur Anmeldung<\/a><\/p>","protected":false},"excerpt":{"rendered":"<p>Text von teilderloesung.ch: Wie k\u00f6nnen wir Ern\u00e4hrungsformen der Zukunft bereits jetzt f\u00fcr unser nachhaltiges Leben nutzen? Diskutiere mit unseren ExpertInnen &amp; G\u00e4sten. Um die Fruchtbarkeit unserer B\u00f6den &#8211; von zentraler Bedeutung f\u00fcr die Produktion unserer Lebensmittel \u2013 ist es schlecht bestellt. Permakulturprojekte, Agroforstwirtschaft und Initiativen wie der Bodenfruchtbarkeitsfonds zeigen, wie es anders geht. Und auf [&hellip;]<\/p>\n","protected":false},"author":2,"featured_media":31313,"comment_status":"closed","ping_status":"closed","sticky":false,"template":"","format":"standard","meta":{"_acf_changed":false,"site-sidebar-layout":"default","site-content-layout":"","ast-site-content-layout":"default","site-content-style":"default","site-sidebar-style":"default","ast-global-header-display":"","ast-banner-title-visibility":"","ast-main-header-display":"","ast-hfb-above-header-display":"","ast-hfb-below-header-display":"","ast-hfb-mobile-header-display":"","site-post-title":"","ast-breadcrumbs-content":"","ast-featured-img":"","footer-sml-layout":"","ast-disable-related-posts":"","theme-transparent-header-meta":"","adv-header-id-meta":"","stick-header-meta":"","header-above-stick-meta":"","header-main-stick-meta":"","header-below-stick-meta":"","astra-migrate-meta-layouts":"default","ast-page-background-enabled":"default","ast-page-background-meta":{"desktop":{"background-color":"var(--ast-global-color-4)","background-image":"","background-repeat":"repeat","background-position":"center center","background-size":"auto","background-attachment":"scroll","background-type":"","background-media":"","overlay-type":"","overlay-color":"","overlay-opacity":"","overlay-gradient":""},"tablet":{"background-color":"","background-image":"","background-repeat":"repeat","background-position":"center center","background-size":"auto","background-attachment":"scroll","background-type":"","background-media":"","overlay-type":"","overlay-color":"","overlay-opacity":"","overlay-gradient":""},"mobile":{"background-color":"","background-image":"","background-repeat":"repeat","background-position":"center center","background-size":"auto","background-attachment":"scroll","background-type":"","background-media":"","overlay-type":"","overlay-color":"","overlay-opacity":"","overlay-gradient":""}},"ast-content-background-meta":{"desktop":{"background-color":"var(--ast-global-color-5)","background-image":"","background-repeat":"repeat","background-position":"center center","background-size":"auto","background-attachment":"scroll","background-type":"","background-media":"","overlay-type":"","overlay-color":"","overlay-opacity":"","overlay-gradient":""},"tablet":{"background-color":"var(--ast-global-color-5)","background-image":"","background-repeat":"repeat","background-position":"center center","background-size":"auto","background-attachment":"scroll","background-type":"","background-media":"","overlay-type":"","overlay-color":"","overlay-opacity":"","overlay-gradient":""},"mobile":{"background-color":"var(--ast-global-color-5)","background-image":"","background-repeat":"repeat","background-position":"center center","background-size":"auto","background-attachment":"scroll","background-type":"","background-media":"","overlay-type":"","overlay-color":"","overlay-opacity":"","overlay-gradient":""}},"footnotes":""},"categories":[21],"tags":[],"class_list":["post-31312","post","type-post","status-publish","format-standard","has-post-thumbnail","hentry","category-veranstaltungen_archiv"],"acf":[],"yoast_head":"<!-- This site is optimized with the Yoast SEO plugin v27.4 - https:\/\/yoast.com\/product\/yoast-seo-wordpress\/ -->\n<title>LifeLab 18 - Ern\u00e4hrungsformen der Zukunft - Gespr\u00e4ch am 10. September 2023 - Permakultur-Landwirtschaft<\/title>\n<meta name=\"robots\" content=\"index, follow, max-snippet:-1, max-image-preview:large, max-video-preview:-1\" \/>\n<link rel=\"canonical\" href=\"https:\/\/permakultur-landwirtschaft.org\/fr\/lifelab-18-ernaehrungsformen-der-zukunft-gespraech-am-10-september-2023\/\" \/>\n<meta property=\"og:locale\" content=\"fr_FR\" \/>\n<meta property=\"og:type\" content=\"article\" \/>\n<meta property=\"og:title\" content=\"LifeLab 18 - Ern\u00e4hrungsformen der Zukunft - Gespr\u00e4ch am 10. September 2023 - Permakultur-Landwirtschaft\" \/>\n<meta property=\"og:description\" content=\"Text von teilderloesung.ch: Wie k\u00f6nnen wir Ern\u00e4hrungsformen der Zukunft bereits jetzt f\u00fcr unser nachhaltiges Leben nutzen? Diskutiere mit unseren ExpertInnen &amp; G\u00e4sten. Um die Fruchtbarkeit unserer B\u00f6den &#8211; von zentraler Bedeutung f\u00fcr die Produktion unserer Lebensmittel \u2013 ist es schlecht bestellt. Permakulturprojekte, Agroforstwirtschaft und Initiativen wie der Bodenfruchtbarkeitsfonds zeigen, wie es anders geht. Und auf [&hellip;]\" \/>\n<meta property=\"og:url\" content=\"https:\/\/permakultur-landwirtschaft.org\/fr\/lifelab-18-ernaehrungsformen-der-zukunft-gespraech-am-10-september-2023\/\" \/>\n<meta property=\"og:site_name\" content=\"Permakultur-Landwirtschaft\" \/>\n<meta property=\"article:publisher\" content=\"https:\/\/www.facebook.com\/PermakulturLandwirtschaft\" \/>\n<meta property=\"article:published_time\" content=\"2023-09-10T07:40:00+00:00\" \/>\n<meta property=\"article:modified_time\" content=\"2023-09-12T08:47:25+00:00\" \/>\n<meta property=\"og:image\" content=\"https:\/\/permakultur-landwirtschaft.org\/wp-content\/uploads\/2023\/08\/marcus_pan-07d56851.webp\" \/>\n\t<meta property=\"og:image:width\" content=\"580\" \/>\n\t<meta property=\"og:image:height\" content=\"650\" \/>\n\t<meta property=\"og:image:type\" content=\"image\/webp\" \/>\n<meta name=\"author\" content=\"adrian reutimann\" \/>\n<meta name=\"twitter:card\" content=\"summary_large_image\" \/>\n<meta name=\"twitter:label1\" content=\"\u00c9crit par\" \/>\n\t<meta name=\"twitter:data1\" content=\"adrian reutimann\" \/>\n\t<meta name=\"twitter:label2\" content=\"Dur\u00e9e de lecture estim\u00e9e\" \/>\n\t<meta name=\"twitter:data2\" content=\"2 minutes\" \/>\n<script type=\"application\/ld+json\" class=\"yoast-schema-graph\">{\"@context\":\"https:\\\/\\\/schema.org\",\"@graph\":[{\"@type\":\"Article\",\"@id\":\"https:\\\/\\\/permakultur-landwirtschaft.org\\\/lifelab-18-ernaehrungsformen-der-zukunft-gespraech-am-10-september-2023\\\/#article\",\"isPartOf\":{\"@id\":\"https:\\\/\\\/permakultur-landwirtschaft.org\\\/lifelab-18-ernaehrungsformen-der-zukunft-gespraech-am-10-september-2023\\\/\"},\"author\":{\"name\":\"adrian reutimann\",\"@id\":\"https:\\\/\\\/permakultur-landwirtschaft.org\\\/#\\\/schema\\\/person\\\/6b0467872f75aed3e144093f9bf4f0b0\"},\"headline\":\"LifeLab 18 &#8211; Ern\u00e4hrungsformen der Zukunft &#8211; Gespr\u00e4ch am 10. September 2023\",\"datePublished\":\"2023-09-10T07:40:00+00:00\",\"dateModified\":\"2023-09-12T08:47:25+00:00\",\"mainEntityOfPage\":{\"@id\":\"https:\\\/\\\/permakultur-landwirtschaft.org\\\/lifelab-18-ernaehrungsformen-der-zukunft-gespraech-am-10-september-2023\\\/\"},\"wordCount\":215,\"publisher\":{\"@id\":\"https:\\\/\\\/permakultur-landwirtschaft.org\\\/#organization\"},\"image\":{\"@id\":\"https:\\\/\\\/permakultur-landwirtschaft.org\\\/lifelab-18-ernaehrungsformen-der-zukunft-gespraech-am-10-september-2023\\\/#primaryimage\"},\"thumbnailUrl\":\"https:\\\/\\\/permakultur-landwirtschaft.org\\\/wp-content\\\/uploads\\\/2023\\\/08\\\/marcus_pan-07d56851.webp\",\"articleSection\":[\"Veranstaltungen_Archiv\"],\"inLanguage\":\"fr-FR\"},{\"@type\":\"WebPage\",\"@id\":\"https:\\\/\\\/permakultur-landwirtschaft.org\\\/lifelab-18-ernaehrungsformen-der-zukunft-gespraech-am-10-september-2023\\\/\",\"url\":\"https:\\\/\\\/permakultur-landwirtschaft.org\\\/lifelab-18-ernaehrungsformen-der-zukunft-gespraech-am-10-september-2023\\\/\",\"name\":\"LifeLab 18 - Ern\u00e4hrungsformen der Zukunft - Gespr\u00e4ch am 10. September 2023 - Permakultur-Landwirtschaft\",\"isPartOf\":{\"@id\":\"https:\\\/\\\/permakultur-landwirtschaft.org\\\/#website\"},\"primaryImageOfPage\":{\"@id\":\"https:\\\/\\\/permakultur-landwirtschaft.org\\\/lifelab-18-ernaehrungsformen-der-zukunft-gespraech-am-10-september-2023\\\/#primaryimage\"},\"image\":{\"@id\":\"https:\\\/\\\/permakultur-landwirtschaft.org\\\/lifelab-18-ernaehrungsformen-der-zukunft-gespraech-am-10-september-2023\\\/#primaryimage\"},\"thumbnailUrl\":\"https:\\\/\\\/permakultur-landwirtschaft.org\\\/wp-content\\\/uploads\\\/2023\\\/08\\\/marcus_pan-07d56851.webp\",\"datePublished\":\"2023-09-10T07:40:00+00:00\",\"dateModified\":\"2023-09-12T08:47:25+00:00\",\"breadcrumb\":{\"@id\":\"https:\\\/\\\/permakultur-landwirtschaft.org\\\/lifelab-18-ernaehrungsformen-der-zukunft-gespraech-am-10-september-2023\\\/#breadcrumb\"},\"inLanguage\":\"fr-FR\",\"potentialAction\":[{\"@type\":\"ReadAction\",\"target\":[\"https:\\\/\\\/permakultur-landwirtschaft.org\\\/lifelab-18-ernaehrungsformen-der-zukunft-gespraech-am-10-september-2023\\\/\"]}]},{\"@type\":\"ImageObject\",\"inLanguage\":\"fr-FR\",\"@id\":\"https:\\\/\\\/permakultur-landwirtschaft.org\\\/lifelab-18-ernaehrungsformen-der-zukunft-gespraech-am-10-september-2023\\\/#primaryimage\",\"url\":\"https:\\\/\\\/permakultur-landwirtschaft.org\\\/wp-content\\\/uploads\\\/2023\\\/08\\\/marcus_pan-07d56851.webp\",\"contentUrl\":\"https:\\\/\\\/permakultur-landwirtschaft.org\\\/wp-content\\\/uploads\\\/2023\\\/08\\\/marcus_pan-07d56851.webp\",\"width\":580,\"height\":650,\"caption\":\"Bild: permakultur-auenhof.ch\"},{\"@type\":\"BreadcrumbList\",\"@id\":\"https:\\\/\\\/permakultur-landwirtschaft.org\\\/lifelab-18-ernaehrungsformen-der-zukunft-gespraech-am-10-september-2023\\\/#breadcrumb\",\"itemListElement\":[{\"@type\":\"ListItem\",\"position\":1,\"name\":\"Startseite\",\"item\":\"https:\\\/\\\/permakultur-landwirtschaft.org\\\/\"},{\"@type\":\"ListItem\",\"position\":2,\"name\":\"LifeLab 18 &#8211; Ern\u00e4hrungsformen der Zukunft &#8211; Gespr\u00e4ch am 10. September 2023\"}]},{\"@type\":\"WebSite\",\"@id\":\"https:\\\/\\\/permakultur-landwirtschaft.org\\\/#website\",\"url\":\"https:\\\/\\\/permakultur-landwirtschaft.org\\\/\",\"name\":\"Permakultur-Landwirtschaft\",\"description\":\"F\u00f6rderung der Permakultur in der Landwirtschaft\",\"publisher\":{\"@id\":\"https:\\\/\\\/permakultur-landwirtschaft.org\\\/#organization\"},\"potentialAction\":[{\"@type\":\"SearchAction\",\"target\":{\"@type\":\"EntryPoint\",\"urlTemplate\":\"https:\\\/\\\/permakultur-landwirtschaft.org\\\/?s={search_term_string}\"},\"query-input\":{\"@type\":\"PropertyValueSpecification\",\"valueRequired\":true,\"valueName\":\"search_term_string\"}}],\"inLanguage\":\"fr-FR\"},{\"@type\":\"Organization\",\"@id\":\"https:\\\/\\\/permakultur-landwirtschaft.org\\\/#organization\",\"name\":\"Permakultur-Landwirtschaft\",\"alternateName\":\"Verein Permakultur-Landwirtschaft\",\"url\":\"https:\\\/\\\/permakultur-landwirtschaft.org\\\/\",\"logo\":{\"@type\":\"ImageObject\",\"inLanguage\":\"fr-FR\",\"@id\":\"https:\\\/\\\/permakultur-landwirtschaft.org\\\/#\\\/schema\\\/logo\\\/image\\\/\",\"url\":\"https:\\\/\\\/permakultur-landwirtschaft.org\\\/wp-content\\\/uploads\\\/2021\\\/11\\\/pela_1268x1269.png\",\"contentUrl\":\"https:\\\/\\\/permakultur-landwirtschaft.org\\\/wp-content\\\/uploads\\\/2021\\\/11\\\/pela_1268x1269.png\",\"width\":1298,\"height\":1269,\"caption\":\"Permakultur-Landwirtschaft\"},\"image\":{\"@id\":\"https:\\\/\\\/permakultur-landwirtschaft.org\\\/#\\\/schema\\\/logo\\\/image\\\/\"},\"sameAs\":[\"https:\\\/\\\/www.facebook.com\\\/PermakulturLandwirtschaft\",\"https:\\\/\\\/www.instagram.com\\\/permakultur_landwirtschaft\\\/\",\"https:\\\/\\\/www.flickr.com\\\/photos\\\/permakultur-landwirtschaft\",\"https:\\\/\\\/www.youtube.com\\\/@PermakulturLandwirtschaft\"]},{\"@type\":\"Person\",\"@id\":\"https:\\\/\\\/permakultur-landwirtschaft.org\\\/#\\\/schema\\\/person\\\/6b0467872f75aed3e144093f9bf4f0b0\",\"name\":\"adrian reutimann\",\"url\":\"https:\\\/\\\/permakultur-landwirtschaft.org\\\/fr\\\/author\\\/reutiadr\\\/\"}]}<\/script>\n<!-- \/ Yoast SEO plugin. -->","yoast_head_json":{"title":"LifeLab 18 - Ern\u00e4hrungsformen der Zukunft - Gespr\u00e4ch am 10. September 2023 - Permakultur-Landwirtschaft","robots":{"index":"index","follow":"follow","max-snippet":"max-snippet:-1","max-image-preview":"max-image-preview:large","max-video-preview":"max-video-preview:-1"},"canonical":"https:\/\/permakultur-landwirtschaft.org\/fr\/lifelab-18-ernaehrungsformen-der-zukunft-gespraech-am-10-september-2023\/","og_locale":"fr_FR","og_type":"article","og_title":"LifeLab 18 - Ern\u00e4hrungsformen der Zukunft - Gespr\u00e4ch am 10. September 2023 - Permakultur-Landwirtschaft","og_description":"Text von teilderloesung.ch: Wie k\u00f6nnen wir Ern\u00e4hrungsformen der Zukunft bereits jetzt f\u00fcr unser nachhaltiges Leben nutzen? Diskutiere mit unseren ExpertInnen &amp; G\u00e4sten. Um die Fruchtbarkeit unserer B\u00f6den &#8211; von zentraler Bedeutung f\u00fcr die Produktion unserer Lebensmittel \u2013 ist es schlecht bestellt. Permakulturprojekte, Agroforstwirtschaft und Initiativen wie der Bodenfruchtbarkeitsfonds zeigen, wie es anders geht. Und auf [&hellip;]","og_url":"https:\/\/permakultur-landwirtschaft.org\/fr\/lifelab-18-ernaehrungsformen-der-zukunft-gespraech-am-10-september-2023\/","og_site_name":"Permakultur-Landwirtschaft","article_publisher":"https:\/\/www.facebook.com\/PermakulturLandwirtschaft","article_published_time":"2023-09-10T07:40:00+00:00","article_modified_time":"2023-09-12T08:47:25+00:00","og_image":[{"width":580,"height":650,"url":"https:\/\/permakultur-landwirtschaft.org\/wp-content\/uploads\/2023\/08\/marcus_pan-07d56851.webp","type":"image\/webp"}],"author":"adrian reutimann","twitter_card":"summary_large_image","twitter_misc":{"\u00c9crit par":"adrian reutimann","Dur\u00e9e de lecture estim\u00e9e":"2 minutes"},"schema":{"@context":"https:\/\/schema.org","@graph":[{"@type":"Article","@id":"https:\/\/permakultur-landwirtschaft.org\/lifelab-18-ernaehrungsformen-der-zukunft-gespraech-am-10-september-2023\/#article","isPartOf":{"@id":"https:\/\/permakultur-landwirtschaft.org\/lifelab-18-ernaehrungsformen-der-zukunft-gespraech-am-10-september-2023\/"},"author":{"name":"adrian reutimann","@id":"https:\/\/permakultur-landwirtschaft.org\/#\/schema\/person\/6b0467872f75aed3e144093f9bf4f0b0"},"headline":"LifeLab 18 &#8211; Ern\u00e4hrungsformen der Zukunft &#8211; Gespr\u00e4ch am 10. September 2023","datePublished":"2023-09-10T07:40:00+00:00","dateModified":"2023-09-12T08:47:25+00:00","mainEntityOfPage":{"@id":"https:\/\/permakultur-landwirtschaft.org\/lifelab-18-ernaehrungsformen-der-zukunft-gespraech-am-10-september-2023\/"},"wordCount":215,"publisher":{"@id":"https:\/\/permakultur-landwirtschaft.org\/#organization"},"image":{"@id":"https:\/\/permakultur-landwirtschaft.org\/lifelab-18-ernaehrungsformen-der-zukunft-gespraech-am-10-september-2023\/#primaryimage"},"thumbnailUrl":"https:\/\/permakultur-landwirtschaft.org\/wp-content\/uploads\/2023\/08\/marcus_pan-07d56851.webp","articleSection":["Veranstaltungen_Archiv"],"inLanguage":"fr-FR"},{"@type":"WebPage","@id":"https:\/\/permakultur-landwirtschaft.org\/lifelab-18-ernaehrungsformen-der-zukunft-gespraech-am-10-september-2023\/","url":"https:\/\/permakultur-landwirtschaft.org\/lifelab-18-ernaehrungsformen-der-zukunft-gespraech-am-10-september-2023\/","name":"LifeLab 18 - Ern\u00e4hrungsformen der Zukunft - Gespr\u00e4ch am 10. September 2023 - Permakultur-Landwirtschaft","isPartOf":{"@id":"https:\/\/permakultur-landwirtschaft.org\/#website"},"primaryImageOfPage":{"@id":"https:\/\/permakultur-landwirtschaft.org\/lifelab-18-ernaehrungsformen-der-zukunft-gespraech-am-10-september-2023\/#primaryimage"},"image":{"@id":"https:\/\/permakultur-landwirtschaft.org\/lifelab-18-ernaehrungsformen-der-zukunft-gespraech-am-10-september-2023\/#primaryimage"},"thumbnailUrl":"https:\/\/permakultur-landwirtschaft.org\/wp-content\/uploads\/2023\/08\/marcus_pan-07d56851.webp","datePublished":"2023-09-10T07:40:00+00:00","dateModified":"2023-09-12T08:47:25+00:00","breadcrumb":{"@id":"https:\/\/permakultur-landwirtschaft.org\/lifelab-18-ernaehrungsformen-der-zukunft-gespraech-am-10-september-2023\/#breadcrumb"},"inLanguage":"fr-FR","potentialAction":[{"@type":"ReadAction","target":["https:\/\/permakultur-landwirtschaft.org\/lifelab-18-ernaehrungsformen-der-zukunft-gespraech-am-10-september-2023\/"]}]},{"@type":"ImageObject","inLanguage":"fr-FR","@id":"https:\/\/permakultur-landwirtschaft.org\/lifelab-18-ernaehrungsformen-der-zukunft-gespraech-am-10-september-2023\/#primaryimage","url":"https:\/\/permakultur-landwirtschaft.org\/wp-content\/uploads\/2023\/08\/marcus_pan-07d56851.webp","contentUrl":"https:\/\/permakultur-landwirtschaft.org\/wp-content\/uploads\/2023\/08\/marcus_pan-07d56851.webp","width":580,"height":650,"caption":"Bild: permakultur-auenhof.ch"},{"@type":"BreadcrumbList","@id":"https:\/\/permakultur-landwirtschaft.org\/lifelab-18-ernaehrungsformen-der-zukunft-gespraech-am-10-september-2023\/#breadcrumb","itemListElement":[{"@type":"ListItem","position":1,"name":"Startseite","item":"https:\/\/permakultur-landwirtschaft.org\/"},{"@type":"ListItem","position":2,"name":"LifeLab 18 &#8211; Ern\u00e4hrungsformen der Zukunft &#8211; Gespr\u00e4ch am 10. September 2023"}]},{"@type":"WebSite","@id":"https:\/\/permakultur-landwirtschaft.org\/#website","url":"https:\/\/permakultur-landwirtschaft.org\/","name":"Permakultur-Landwirtschaft","description":"F\u00f6rderung der Permakultur in der Landwirtschaft","publisher":{"@id":"https:\/\/permakultur-landwirtschaft.org\/#organization"},"potentialAction":[{"@type":"SearchAction","target":{"@type":"EntryPoint","urlTemplate":"https:\/\/permakultur-landwirtschaft.org\/?s={search_term_string}"},"query-input":{"@type":"PropertyValueSpecification","valueRequired":true,"valueName":"search_term_string"}}],"inLanguage":"fr-FR"},{"@type":"Organization","@id":"https:\/\/permakultur-landwirtschaft.org\/#organization","name":"Permakultur-Landwirtschaft","alternateName":"Verein Permakultur-Landwirtschaft","url":"https:\/\/permakultur-landwirtschaft.org\/","logo":{"@type":"ImageObject","inLanguage":"fr-FR","@id":"https:\/\/permakultur-landwirtschaft.org\/#\/schema\/logo\/image\/","url":"https:\/\/permakultur-landwirtschaft.org\/wp-content\/uploads\/2021\/11\/pela_1268x1269.png","contentUrl":"https:\/\/permakultur-landwirtschaft.org\/wp-content\/uploads\/2021\/11\/pela_1268x1269.png","width":1298,"height":1269,"caption":"Permakultur-Landwirtschaft"},"image":{"@id":"https:\/\/permakultur-landwirtschaft.org\/#\/schema\/logo\/image\/"},"sameAs":["https:\/\/www.facebook.com\/PermakulturLandwirtschaft","https:\/\/www.instagram.com\/permakultur_landwirtschaft\/","https:\/\/www.flickr.com\/photos\/permakultur-landwirtschaft","https:\/\/www.youtube.com\/@PermakulturLandwirtschaft"]},{"@type":"Person","@id":"https:\/\/permakultur-landwirtschaft.org\/#\/schema\/person\/6b0467872f75aed3e144093f9bf4f0b0","name":"adrian reutimann","url":"https:\/\/permakultur-landwirtschaft.org\/fr\/author\/reutiadr\/"}]}},"_links":{"self":[{"href":"https:\/\/permakultur-landwirtschaft.org\/fr\/wp-json\/wp\/v2\/posts\/31312","targetHints":{"allow":["GET"]}}],"collection":[{"href":"https:\/\/permakultur-landwirtschaft.org\/fr\/wp-json\/wp\/v2\/posts"}],"about":[{"href":"https:\/\/permakultur-landwirtschaft.org\/fr\/wp-json\/wp\/v2\/types\/post"}],"author":[{"embeddable":true,"href":"https:\/\/permakultur-landwirtschaft.org\/fr\/wp-json\/wp\/v2\/users\/2"}],"replies":[{"embeddable":true,"href":"https:\/\/permakultur-landwirtschaft.org\/fr\/wp-json\/wp\/v2\/comments?post=31312"}],"version-history":[{"count":2,"href":"https:\/\/permakultur-landwirtschaft.org\/fr\/wp-json\/wp\/v2\/posts\/31312\/revisions"}],"predecessor-version":[{"id":31316,"href":"https:\/\/permakultur-landwirtschaft.org\/fr\/wp-json\/wp\/v2\/posts\/31312\/revisions\/31316"}],"wp:featuredmedia":[{"embeddable":true,"href":"https:\/\/permakultur-landwirtschaft.org\/fr\/wp-json\/wp\/v2\/media\/31313"}],"wp:attachment":[{"href":"https:\/\/permakultur-landwirtschaft.org\/fr\/wp-json\/wp\/v2\/media?parent=31312"}],"wp:term":[{"taxonomy":"category","embeddable":true,"href":"https:\/\/permakultur-landwirtschaft.org\/fr\/wp-json\/wp\/v2\/categories?post=31312"},{"taxonomy":"post_tag","embeddable":true,"href":"https:\/\/permakultur-landwirtschaft.org\/fr\/wp-json\/wp\/v2\/tags?post=31312"}],"curies":[{"name":"wp","href":"https:\/\/api.w.org\/{rel}","templated":true}]}}