{"id":31274,"date":"2023-06-26T11:06:00","date_gmt":"2023-06-26T09:06:00","guid":{"rendered":"https:\/\/permakultur-landwirtschaft.org\/?p=31274"},"modified":"2023-07-26T11:08:10","modified_gmt":"2023-07-26T09:08:10","slug":"mit-nutzhecken-das-tierwohl-staerken-und-den-boden-beleben-beitrag-in-bio-aktuell-vom-26-juni-2023","status":"publish","type":"post","link":"https:\/\/permakultur-landwirtschaft.org\/fr\/mit-nutzhecken-das-tierwohl-staerken-und-den-boden-beleben-beitrag-in-bio-aktuell-vom-26-juni-2023\/","title":{"rendered":"Mit Nutzhecken das Tierwohl st\u00e4rken und den Boden beleben &#8211; Beitrag in BIO Aktuell vom 26. Juni 2023"},"content":{"rendered":"<p>Text von bioaktuell.ch:<\/p>\n\n\n\n<p>Familie Adler in Oberr\u00fcti pflanzte im Herbst 2022 auf ihren Weidefl\u00e4chen mehrere Nutzhecken von insgesamt einem Kilometer L\u00e4nge. Schon bald liefern die Geh\u00f6lze Futter f\u00fcr die Mutterk\u00fche und Frischzweigh\u00e4cksel als Einstreu. Den Freiland Poulet sollen die Str\u00e4ucher dereinst Deckung bieten. Pirmin Adler erkl\u00e4rt sein Projekt im Kurzinterview.<\/p>\n\n\n\n<p><a href=\"https:\/\/www.bioaktuell.ch\/pflanzenbau\/agroforst\/mit-nutzhecken-das-tierwohl-staerken\" target=\"_blank\" rel=\"noreferrer noopener\">Link zum Beitrag bei BIO Aktuell<\/a><\/p>","protected":false},"excerpt":{"rendered":"<p>Text von bioaktuell.ch: Familie Adler in Oberr\u00fcti pflanzte im Herbst 2022 auf ihren Weidefl\u00e4chen mehrere Nutzhecken von insgesamt einem Kilometer L\u00e4nge. Schon bald liefern die Geh\u00f6lze Futter f\u00fcr die Mutterk\u00fche und Frischzweigh\u00e4cksel als Einstreu. Den Freiland Poulet sollen die Str\u00e4ucher dereinst Deckung bieten. Pirmin Adler erkl\u00e4rt sein Projekt im Kurzinterview. Link zum Beitrag bei BIO [&hellip;]<\/p>\n","protected":false},"author":2,"featured_media":31275,"comment_status":"closed","ping_status":"closed","sticky":false,"template":"","format":"standard","meta":{"_acf_changed":false,"site-sidebar-layout":"default","site-content-layout":"","ast-site-content-layout":"default","site-content-style":"default","site-sidebar-style":"default","ast-global-header-display":"","ast-banner-title-visibility":"","ast-main-header-display":"","ast-hfb-above-header-display":"","ast-hfb-below-header-display":"","ast-hfb-mobile-header-display":"","site-post-title":"","ast-breadcrumbs-content":"","ast-featured-img":"","footer-sml-layout":"","ast-disable-related-posts":"","theme-transparent-header-meta":"","adv-header-id-meta":"","stick-header-meta":"","header-above-stick-meta":"","header-main-stick-meta":"","header-below-stick-meta":"","astra-migrate-meta-layouts":"default","ast-page-background-enabled":"default","ast-page-background-meta":{"desktop":{"background-color":"var(--ast-global-color-4)","background-image":"","background-repeat":"repeat","background-position":"center center","background-size":"auto","background-attachment":"scroll","background-type":"","background-media":"","overlay-type":"","overlay-color":"","overlay-opacity":"","overlay-gradient":""},"tablet":{"background-color":"","background-image":"","background-repeat":"repeat","background-position":"center center","background-size":"auto","background-attachment":"scroll","background-type":"","background-media":"","overlay-type":"","overlay-color":"","overlay-opacity":"","overlay-gradient":""},"mobile":{"background-color":"","background-image":"","background-repeat":"repeat","background-position":"center center","background-size":"auto","background-attachment":"scroll","background-type":"","background-media":"","overlay-type":"","overlay-color":"","overlay-opacity":"","overlay-gradient":""}},"ast-content-background-meta":{"desktop":{"background-color":"var(--ast-global-color-5)","background-image":"","background-repeat":"repeat","background-position":"center center","background-size":"auto","background-attachment":"scroll","background-type":"","background-media":"","overlay-type":"","overlay-color":"","overlay-opacity":"","overlay-gradient":""},"tablet":{"background-color":"var(--ast-global-color-5)","background-image":"","background-repeat":"repeat","background-position":"center center","background-size":"auto","background-attachment":"scroll","background-type":"","background-media":"","overlay-type":"","overlay-color":"","overlay-opacity":"","overlay-gradient":""},"mobile":{"background-color":"var(--ast-global-color-5)","background-image":"","background-repeat":"repeat","background-position":"center center","background-size":"auto","background-attachment":"scroll","background-type":"","background-media":"","overlay-type":"","overlay-color":"","overlay-opacity":"","overlay-gradient":""}},"footnotes":""},"categories":[22],"tags":[],"class_list":["post-31274","post","type-post","status-publish","format-standard","has-post-thumbnail","hentry","category-neuigkeit"],"acf":[],"yoast_head":"<!-- This site is optimized with the Yoast SEO plugin v27.5 - https:\/\/yoast.com\/product\/yoast-seo-wordpress\/ -->\n<title>Mit Nutzhecken das Tierwohl st\u00e4rken und den Boden beleben - Beitrag in BIO Aktuell vom 26. Juni 2023 - Permakultur-Landwirtschaft<\/title>\n<meta name=\"robots\" content=\"index, follow, max-snippet:-1, max-image-preview:large, max-video-preview:-1\" \/>\n<link rel=\"canonical\" href=\"https:\/\/permakultur-landwirtschaft.org\/fr\/mit-nutzhecken-das-tierwohl-staerken-und-den-boden-beleben-beitrag-in-bio-aktuell-vom-26-juni-2023\/\" \/>\n<meta property=\"og:locale\" content=\"fr_FR\" \/>\n<meta property=\"og:type\" content=\"article\" \/>\n<meta property=\"og:title\" content=\"Mit Nutzhecken das Tierwohl st\u00e4rken und den Boden beleben - Beitrag in BIO Aktuell vom 26. Juni 2023 - Permakultur-Landwirtschaft\" \/>\n<meta property=\"og:description\" content=\"Text von bioaktuell.ch: Familie Adler in Oberr\u00fcti pflanzte im Herbst 2022 auf ihren Weidefl\u00e4chen mehrere Nutzhecken von insgesamt einem Kilometer L\u00e4nge. Schon bald liefern die Geh\u00f6lze Futter f\u00fcr die Mutterk\u00fche und Frischzweigh\u00e4cksel als Einstreu. Den Freiland Poulet sollen die Str\u00e4ucher dereinst Deckung bieten. Pirmin Adler erkl\u00e4rt sein Projekt im Kurzinterview. Link zum Beitrag bei BIO [&hellip;]\" \/>\n<meta property=\"og:url\" content=\"https:\/\/permakultur-landwirtschaft.org\/fr\/mit-nutzhecken-das-tierwohl-staerken-und-den-boden-beleben-beitrag-in-bio-aktuell-vom-26-juni-2023\/\" \/>\n<meta property=\"og:site_name\" content=\"Permakultur-Landwirtschaft\" \/>\n<meta property=\"article:publisher\" content=\"https:\/\/www.facebook.com\/PermakulturLandwirtschaft\" \/>\n<meta property=\"article:published_time\" content=\"2023-06-26T09:06:00+00:00\" \/>\n<meta property=\"article:modified_time\" content=\"2023-07-26T09:08:10+00:00\" \/>\n<meta property=\"og:image\" content=\"https:\/\/permakultur-landwirtschaft.org\/wp-content\/uploads\/2023\/07\/csm_Agroforstprojekt_PirminAdler_1200.JPG_5bb7de3ad9.png\" \/>\n\t<meta property=\"og:image:width\" content=\"800\" \/>\n\t<meta property=\"og:image:height\" content=\"533\" \/>\n\t<meta property=\"og:image:type\" content=\"image\/png\" \/>\n<meta name=\"author\" content=\"adrian reutimann\" \/>\n<meta name=\"twitter:card\" content=\"summary_large_image\" \/>\n<meta name=\"twitter:label1\" content=\"\u00c9crit par\" \/>\n\t<meta name=\"twitter:data1\" content=\"adrian reutimann\" \/>\n\t<meta name=\"twitter:label2\" content=\"Dur\u00e9e de lecture estim\u00e9e\" \/>\n\t<meta name=\"twitter:data2\" content=\"1 minute\" \/>\n<script type=\"application\/ld+json\" class=\"yoast-schema-graph\">{\"@context\":\"https:\\\/\\\/schema.org\",\"@graph\":[{\"@type\":\"Article\",\"@id\":\"https:\\\/\\\/permakultur-landwirtschaft.org\\\/mit-nutzhecken-das-tierwohl-staerken-und-den-boden-beleben-beitrag-in-bio-aktuell-vom-26-juni-2023\\\/#article\",\"isPartOf\":{\"@id\":\"https:\\\/\\\/permakultur-landwirtschaft.org\\\/mit-nutzhecken-das-tierwohl-staerken-und-den-boden-beleben-beitrag-in-bio-aktuell-vom-26-juni-2023\\\/\"},\"author\":{\"name\":\"adrian reutimann\",\"@id\":\"https:\\\/\\\/permakultur-landwirtschaft.org\\\/#\\\/schema\\\/person\\\/6b0467872f75aed3e144093f9bf4f0b0\"},\"headline\":\"Mit Nutzhecken das Tierwohl st\u00e4rken und den Boden beleben &#8211; Beitrag in BIO Aktuell vom 26. Juni 2023\",\"datePublished\":\"2023-06-26T09:06:00+00:00\",\"dateModified\":\"2023-07-26T09:08:10+00:00\",\"mainEntityOfPage\":{\"@id\":\"https:\\\/\\\/permakultur-landwirtschaft.org\\\/mit-nutzhecken-das-tierwohl-staerken-und-den-boden-beleben-beitrag-in-bio-aktuell-vom-26-juni-2023\\\/\"},\"wordCount\":82,\"publisher\":{\"@id\":\"https:\\\/\\\/permakultur-landwirtschaft.org\\\/#organization\"},\"image\":{\"@id\":\"https:\\\/\\\/permakultur-landwirtschaft.org\\\/mit-nutzhecken-das-tierwohl-staerken-und-den-boden-beleben-beitrag-in-bio-aktuell-vom-26-juni-2023\\\/#primaryimage\"},\"thumbnailUrl\":\"https:\\\/\\\/permakultur-landwirtschaft.org\\\/wp-content\\\/uploads\\\/2023\\\/07\\\/csm_Agroforstprojekt_PirminAdler_1200.JPG_5bb7de3ad9.png\",\"articleSection\":[\"Neuigkeit\"],\"inLanguage\":\"fr-FR\"},{\"@type\":\"WebPage\",\"@id\":\"https:\\\/\\\/permakultur-landwirtschaft.org\\\/mit-nutzhecken-das-tierwohl-staerken-und-den-boden-beleben-beitrag-in-bio-aktuell-vom-26-juni-2023\\\/\",\"url\":\"https:\\\/\\\/permakultur-landwirtschaft.org\\\/mit-nutzhecken-das-tierwohl-staerken-und-den-boden-beleben-beitrag-in-bio-aktuell-vom-26-juni-2023\\\/\",\"name\":\"Mit Nutzhecken das Tierwohl st\u00e4rken und den Boden beleben - Beitrag in BIO Aktuell vom 26. Juni 2023 - Permakultur-Landwirtschaft\",\"isPartOf\":{\"@id\":\"https:\\\/\\\/permakultur-landwirtschaft.org\\\/#website\"},\"primaryImageOfPage\":{\"@id\":\"https:\\\/\\\/permakultur-landwirtschaft.org\\\/mit-nutzhecken-das-tierwohl-staerken-und-den-boden-beleben-beitrag-in-bio-aktuell-vom-26-juni-2023\\\/#primaryimage\"},\"image\":{\"@id\":\"https:\\\/\\\/permakultur-landwirtschaft.org\\\/mit-nutzhecken-das-tierwohl-staerken-und-den-boden-beleben-beitrag-in-bio-aktuell-vom-26-juni-2023\\\/#primaryimage\"},\"thumbnailUrl\":\"https:\\\/\\\/permakultur-landwirtschaft.org\\\/wp-content\\\/uploads\\\/2023\\\/07\\\/csm_Agroforstprojekt_PirminAdler_1200.JPG_5bb7de3ad9.png\",\"datePublished\":\"2023-06-26T09:06:00+00:00\",\"dateModified\":\"2023-07-26T09:08:10+00:00\",\"breadcrumb\":{\"@id\":\"https:\\\/\\\/permakultur-landwirtschaft.org\\\/mit-nutzhecken-das-tierwohl-staerken-und-den-boden-beleben-beitrag-in-bio-aktuell-vom-26-juni-2023\\\/#breadcrumb\"},\"inLanguage\":\"fr-FR\",\"potentialAction\":[{\"@type\":\"ReadAction\",\"target\":[\"https:\\\/\\\/permakultur-landwirtschaft.org\\\/mit-nutzhecken-das-tierwohl-staerken-und-den-boden-beleben-beitrag-in-bio-aktuell-vom-26-juni-2023\\\/\"]}]},{\"@type\":\"ImageObject\",\"inLanguage\":\"fr-FR\",\"@id\":\"https:\\\/\\\/permakultur-landwirtschaft.org\\\/mit-nutzhecken-das-tierwohl-staerken-und-den-boden-beleben-beitrag-in-bio-aktuell-vom-26-juni-2023\\\/#primaryimage\",\"url\":\"https:\\\/\\\/permakultur-landwirtschaft.org\\\/wp-content\\\/uploads\\\/2023\\\/07\\\/csm_Agroforstprojekt_PirminAdler_1200.JPG_5bb7de3ad9.png\",\"contentUrl\":\"https:\\\/\\\/permakultur-landwirtschaft.org\\\/wp-content\\\/uploads\\\/2023\\\/07\\\/csm_Agroforstprojekt_PirminAdler_1200.JPG_5bb7de3ad9.png\",\"width\":800,\"height\":533,\"caption\":\"Foto: Adlerzart\"},{\"@type\":\"BreadcrumbList\",\"@id\":\"https:\\\/\\\/permakultur-landwirtschaft.org\\\/mit-nutzhecken-das-tierwohl-staerken-und-den-boden-beleben-beitrag-in-bio-aktuell-vom-26-juni-2023\\\/#breadcrumb\",\"itemListElement\":[{\"@type\":\"ListItem\",\"position\":1,\"name\":\"Startseite\",\"item\":\"https:\\\/\\\/permakultur-landwirtschaft.org\\\/\"},{\"@type\":\"ListItem\",\"position\":2,\"name\":\"Mit Nutzhecken das Tierwohl st\u00e4rken und den Boden beleben &#8211; Beitrag in BIO Aktuell vom 26. Juni 2023\"}]},{\"@type\":\"WebSite\",\"@id\":\"https:\\\/\\\/permakultur-landwirtschaft.org\\\/#website\",\"url\":\"https:\\\/\\\/permakultur-landwirtschaft.org\\\/\",\"name\":\"Permakultur-Landwirtschaft\",\"description\":\"F\u00f6rderung der Permakultur in der Landwirtschaft\",\"publisher\":{\"@id\":\"https:\\\/\\\/permakultur-landwirtschaft.org\\\/#organization\"},\"potentialAction\":[{\"@type\":\"SearchAction\",\"target\":{\"@type\":\"EntryPoint\",\"urlTemplate\":\"https:\\\/\\\/permakultur-landwirtschaft.org\\\/?s={search_term_string}\"},\"query-input\":{\"@type\":\"PropertyValueSpecification\",\"valueRequired\":true,\"valueName\":\"search_term_string\"}}],\"inLanguage\":\"fr-FR\"},{\"@type\":\"Organization\",\"@id\":\"https:\\\/\\\/permakultur-landwirtschaft.org\\\/#organization\",\"name\":\"Permakultur-Landwirtschaft\",\"alternateName\":\"Verein Permakultur-Landwirtschaft\",\"url\":\"https:\\\/\\\/permakultur-landwirtschaft.org\\\/\",\"logo\":{\"@type\":\"ImageObject\",\"inLanguage\":\"fr-FR\",\"@id\":\"https:\\\/\\\/permakultur-landwirtschaft.org\\\/#\\\/schema\\\/logo\\\/image\\\/\",\"url\":\"https:\\\/\\\/permakultur-landwirtschaft.org\\\/wp-content\\\/uploads\\\/2021\\\/11\\\/pela_1268x1269.png\",\"contentUrl\":\"https:\\\/\\\/permakultur-landwirtschaft.org\\\/wp-content\\\/uploads\\\/2021\\\/11\\\/pela_1268x1269.png\",\"width\":1298,\"height\":1269,\"caption\":\"Permakultur-Landwirtschaft\"},\"image\":{\"@id\":\"https:\\\/\\\/permakultur-landwirtschaft.org\\\/#\\\/schema\\\/logo\\\/image\\\/\"},\"sameAs\":[\"https:\\\/\\\/www.facebook.com\\\/PermakulturLandwirtschaft\",\"https:\\\/\\\/www.instagram.com\\\/permakultur_landwirtschaft\\\/\",\"https:\\\/\\\/www.flickr.com\\\/photos\\\/permakultur-landwirtschaft\",\"https:\\\/\\\/www.youtube.com\\\/@PermakulturLandwirtschaft\"]},{\"@type\":\"Person\",\"@id\":\"https:\\\/\\\/permakultur-landwirtschaft.org\\\/#\\\/schema\\\/person\\\/6b0467872f75aed3e144093f9bf4f0b0\",\"name\":\"adrian reutimann\",\"url\":\"https:\\\/\\\/permakultur-landwirtschaft.org\\\/fr\\\/author\\\/reutiadr\\\/\"}]}<\/script>\n<!-- \/ Yoast SEO plugin. -->","yoast_head_json":{"title":"Mit Nutzhecken das Tierwohl st\u00e4rken und den Boden beleben - Beitrag in BIO Aktuell vom 26. Juni 2023 - Permakultur-Landwirtschaft","robots":{"index":"index","follow":"follow","max-snippet":"max-snippet:-1","max-image-preview":"max-image-preview:large","max-video-preview":"max-video-preview:-1"},"canonical":"https:\/\/permakultur-landwirtschaft.org\/fr\/mit-nutzhecken-das-tierwohl-staerken-und-den-boden-beleben-beitrag-in-bio-aktuell-vom-26-juni-2023\/","og_locale":"fr_FR","og_type":"article","og_title":"Mit Nutzhecken das Tierwohl st\u00e4rken und den Boden beleben - Beitrag in BIO Aktuell vom 26. Juni 2023 - Permakultur-Landwirtschaft","og_description":"Text von bioaktuell.ch: Familie Adler in Oberr\u00fcti pflanzte im Herbst 2022 auf ihren Weidefl\u00e4chen mehrere Nutzhecken von insgesamt einem Kilometer L\u00e4nge. Schon bald liefern die Geh\u00f6lze Futter f\u00fcr die Mutterk\u00fche und Frischzweigh\u00e4cksel als Einstreu. Den Freiland Poulet sollen die Str\u00e4ucher dereinst Deckung bieten. Pirmin Adler erkl\u00e4rt sein Projekt im Kurzinterview. Link zum Beitrag bei BIO [&hellip;]","og_url":"https:\/\/permakultur-landwirtschaft.org\/fr\/mit-nutzhecken-das-tierwohl-staerken-und-den-boden-beleben-beitrag-in-bio-aktuell-vom-26-juni-2023\/","og_site_name":"Permakultur-Landwirtschaft","article_publisher":"https:\/\/www.facebook.com\/PermakulturLandwirtschaft","article_published_time":"2023-06-26T09:06:00+00:00","article_modified_time":"2023-07-26T09:08:10+00:00","og_image":[{"width":800,"height":533,"url":"https:\/\/permakultur-landwirtschaft.org\/wp-content\/uploads\/2023\/07\/csm_Agroforstprojekt_PirminAdler_1200.JPG_5bb7de3ad9.png","type":"image\/png"}],"author":"adrian reutimann","twitter_card":"summary_large_image","twitter_misc":{"\u00c9crit par":"adrian reutimann","Dur\u00e9e de lecture estim\u00e9e":"1 minute"},"schema":{"@context":"https:\/\/schema.org","@graph":[{"@type":"Article","@id":"https:\/\/permakultur-landwirtschaft.org\/mit-nutzhecken-das-tierwohl-staerken-und-den-boden-beleben-beitrag-in-bio-aktuell-vom-26-juni-2023\/#article","isPartOf":{"@id":"https:\/\/permakultur-landwirtschaft.org\/mit-nutzhecken-das-tierwohl-staerken-und-den-boden-beleben-beitrag-in-bio-aktuell-vom-26-juni-2023\/"},"author":{"name":"adrian reutimann","@id":"https:\/\/permakultur-landwirtschaft.org\/#\/schema\/person\/6b0467872f75aed3e144093f9bf4f0b0"},"headline":"Mit Nutzhecken das Tierwohl st\u00e4rken und den Boden beleben &#8211; Beitrag in BIO Aktuell vom 26. Juni 2023","datePublished":"2023-06-26T09:06:00+00:00","dateModified":"2023-07-26T09:08:10+00:00","mainEntityOfPage":{"@id":"https:\/\/permakultur-landwirtschaft.org\/mit-nutzhecken-das-tierwohl-staerken-und-den-boden-beleben-beitrag-in-bio-aktuell-vom-26-juni-2023\/"},"wordCount":82,"publisher":{"@id":"https:\/\/permakultur-landwirtschaft.org\/#organization"},"image":{"@id":"https:\/\/permakultur-landwirtschaft.org\/mit-nutzhecken-das-tierwohl-staerken-und-den-boden-beleben-beitrag-in-bio-aktuell-vom-26-juni-2023\/#primaryimage"},"thumbnailUrl":"https:\/\/permakultur-landwirtschaft.org\/wp-content\/uploads\/2023\/07\/csm_Agroforstprojekt_PirminAdler_1200.JPG_5bb7de3ad9.png","articleSection":["Neuigkeit"],"inLanguage":"fr-FR"},{"@type":"WebPage","@id":"https:\/\/permakultur-landwirtschaft.org\/mit-nutzhecken-das-tierwohl-staerken-und-den-boden-beleben-beitrag-in-bio-aktuell-vom-26-juni-2023\/","url":"https:\/\/permakultur-landwirtschaft.org\/mit-nutzhecken-das-tierwohl-staerken-und-den-boden-beleben-beitrag-in-bio-aktuell-vom-26-juni-2023\/","name":"Mit Nutzhecken das Tierwohl st\u00e4rken und den Boden beleben - Beitrag in BIO Aktuell vom 26. Juni 2023 - Permakultur-Landwirtschaft","isPartOf":{"@id":"https:\/\/permakultur-landwirtschaft.org\/#website"},"primaryImageOfPage":{"@id":"https:\/\/permakultur-landwirtschaft.org\/mit-nutzhecken-das-tierwohl-staerken-und-den-boden-beleben-beitrag-in-bio-aktuell-vom-26-juni-2023\/#primaryimage"},"image":{"@id":"https:\/\/permakultur-landwirtschaft.org\/mit-nutzhecken-das-tierwohl-staerken-und-den-boden-beleben-beitrag-in-bio-aktuell-vom-26-juni-2023\/#primaryimage"},"thumbnailUrl":"https:\/\/permakultur-landwirtschaft.org\/wp-content\/uploads\/2023\/07\/csm_Agroforstprojekt_PirminAdler_1200.JPG_5bb7de3ad9.png","datePublished":"2023-06-26T09:06:00+00:00","dateModified":"2023-07-26T09:08:10+00:00","breadcrumb":{"@id":"https:\/\/permakultur-landwirtschaft.org\/mit-nutzhecken-das-tierwohl-staerken-und-den-boden-beleben-beitrag-in-bio-aktuell-vom-26-juni-2023\/#breadcrumb"},"inLanguage":"fr-FR","potentialAction":[{"@type":"ReadAction","target":["https:\/\/permakultur-landwirtschaft.org\/mit-nutzhecken-das-tierwohl-staerken-und-den-boden-beleben-beitrag-in-bio-aktuell-vom-26-juni-2023\/"]}]},{"@type":"ImageObject","inLanguage":"fr-FR","@id":"https:\/\/permakultur-landwirtschaft.org\/mit-nutzhecken-das-tierwohl-staerken-und-den-boden-beleben-beitrag-in-bio-aktuell-vom-26-juni-2023\/#primaryimage","url":"https:\/\/permakultur-landwirtschaft.org\/wp-content\/uploads\/2023\/07\/csm_Agroforstprojekt_PirminAdler_1200.JPG_5bb7de3ad9.png","contentUrl":"https:\/\/permakultur-landwirtschaft.org\/wp-content\/uploads\/2023\/07\/csm_Agroforstprojekt_PirminAdler_1200.JPG_5bb7de3ad9.png","width":800,"height":533,"caption":"Foto: Adlerzart"},{"@type":"BreadcrumbList","@id":"https:\/\/permakultur-landwirtschaft.org\/mit-nutzhecken-das-tierwohl-staerken-und-den-boden-beleben-beitrag-in-bio-aktuell-vom-26-juni-2023\/#breadcrumb","itemListElement":[{"@type":"ListItem","position":1,"name":"Startseite","item":"https:\/\/permakultur-landwirtschaft.org\/"},{"@type":"ListItem","position":2,"name":"Mit Nutzhecken das Tierwohl st\u00e4rken und den Boden beleben &#8211; Beitrag in BIO Aktuell vom 26. Juni 2023"}]},{"@type":"WebSite","@id":"https:\/\/permakultur-landwirtschaft.org\/#website","url":"https:\/\/permakultur-landwirtschaft.org\/","name":"Permakultur-Landwirtschaft","description":"F\u00f6rderung der Permakultur in der Landwirtschaft","publisher":{"@id":"https:\/\/permakultur-landwirtschaft.org\/#organization"},"potentialAction":[{"@type":"SearchAction","target":{"@type":"EntryPoint","urlTemplate":"https:\/\/permakultur-landwirtschaft.org\/?s={search_term_string}"},"query-input":{"@type":"PropertyValueSpecification","valueRequired":true,"valueName":"search_term_string"}}],"inLanguage":"fr-FR"},{"@type":"Organization","@id":"https:\/\/permakultur-landwirtschaft.org\/#organization","name":"Permakultur-Landwirtschaft","alternateName":"Verein Permakultur-Landwirtschaft","url":"https:\/\/permakultur-landwirtschaft.org\/","logo":{"@type":"ImageObject","inLanguage":"fr-FR","@id":"https:\/\/permakultur-landwirtschaft.org\/#\/schema\/logo\/image\/","url":"https:\/\/permakultur-landwirtschaft.org\/wp-content\/uploads\/2021\/11\/pela_1268x1269.png","contentUrl":"https:\/\/permakultur-landwirtschaft.org\/wp-content\/uploads\/2021\/11\/pela_1268x1269.png","width":1298,"height":1269,"caption":"Permakultur-Landwirtschaft"},"image":{"@id":"https:\/\/permakultur-landwirtschaft.org\/#\/schema\/logo\/image\/"},"sameAs":["https:\/\/www.facebook.com\/PermakulturLandwirtschaft","https:\/\/www.instagram.com\/permakultur_landwirtschaft\/","https:\/\/www.flickr.com\/photos\/permakultur-landwirtschaft","https:\/\/www.youtube.com\/@PermakulturLandwirtschaft"]},{"@type":"Person","@id":"https:\/\/permakultur-landwirtschaft.org\/#\/schema\/person\/6b0467872f75aed3e144093f9bf4f0b0","name":"adrian reutimann","url":"https:\/\/permakultur-landwirtschaft.org\/fr\/author\/reutiadr\/"}]}},"_links":{"self":[{"href":"https:\/\/permakultur-landwirtschaft.org\/fr\/wp-json\/wp\/v2\/posts\/31274","targetHints":{"allow":["GET"]}}],"collection":[{"href":"https:\/\/permakultur-landwirtschaft.org\/fr\/wp-json\/wp\/v2\/posts"}],"about":[{"href":"https:\/\/permakultur-landwirtschaft.org\/fr\/wp-json\/wp\/v2\/types\/post"}],"author":[{"embeddable":true,"href":"https:\/\/permakultur-landwirtschaft.org\/fr\/wp-json\/wp\/v2\/users\/2"}],"replies":[{"embeddable":true,"href":"https:\/\/permakultur-landwirtschaft.org\/fr\/wp-json\/wp\/v2\/comments?post=31274"}],"version-history":[{"count":1,"href":"https:\/\/permakultur-landwirtschaft.org\/fr\/wp-json\/wp\/v2\/posts\/31274\/revisions"}],"predecessor-version":[{"id":31276,"href":"https:\/\/permakultur-landwirtschaft.org\/fr\/wp-json\/wp\/v2\/posts\/31274\/revisions\/31276"}],"wp:featuredmedia":[{"embeddable":true,"href":"https:\/\/permakultur-landwirtschaft.org\/fr\/wp-json\/wp\/v2\/media\/31275"}],"wp:attachment":[{"href":"https:\/\/permakultur-landwirtschaft.org\/fr\/wp-json\/wp\/v2\/media?parent=31274"}],"wp:term":[{"taxonomy":"category","embeddable":true,"href":"https:\/\/permakultur-landwirtschaft.org\/fr\/wp-json\/wp\/v2\/categories?post=31274"},{"taxonomy":"post_tag","embeddable":true,"href":"https:\/\/permakultur-landwirtschaft.org\/fr\/wp-json\/wp\/v2\/tags?post=31274"}],"curies":[{"name":"wp","href":"https:\/\/api.w.org\/{rel}","templated":true}]}}